{"id":48837,"date":"2026-03-05T08:04:28","date_gmt":"2026-03-05T07:04:28","guid":{"rendered":"https:\/\/zlcopenhagen.com\/natasha-hausdorff-vs-ralph-wilde-debat\/"},"modified":"2026-03-05T15:56:00","modified_gmt":"2026-03-05T14:56:00","slug":"natasha-hausdorff-vs-ralph-wilde-debat","status":"publish","type":"post","link":"https:\/\/zlcopenhagen.com\/es\/natasha-hausdorff-vs-ralph-wilde-debat\/","title":{"rendered":"NATASHA HAUSDORFF AFVISER FOLKEDRAB \u2013 MEN IGNORERER BEVISERNE?"},"content":{"rendered":"<p>[spb_blank_spacer height=&#8221;30px&#8221; width=&#8221;1\/1&#8243; el_position=&#8221;first last&#8221;] [spb_text_block animation=&#8221;none&#8221; animation_delay=&#8221;0&#8243; simplified_controls=&#8221;yes&#8221; custom_css_percentage=&#8221;no&#8221; padding_vertical=&#8221;0&#8243; padding_horizontal=&#8221;0&#8243; margin_vertical=&#8221;0&#8243; custom_css=&#8221;margin-top: 0px;margin-bottom: 0px;&#8221; border_size=&#8221;0&#8243; border_styling_global=&#8221;default&#8221; width=&#8221;1\/1&#8243; el_position=&#8221;first last&#8221;]<\/p>\n<h2 data-pm-slice=\"1 1 []\">JURA I FRONTLINJEN<\/h2>\n<h3 data-pm-slice=\"1 1 []\">TO BRITISKE JURISTER \u2013 TO MODSATTE DOMME OVER ISRAEL<\/h3>\n<p>To vidt forskellige verdener m\u00f8dtes i K\u00f8benhavn og Haag. Men de stopper ikke der. I dette till\u00e6g l\u00e6gger vi endnu et lag til analysen af internationale juridiske stemmer i konflikten mellem Israel og Pal\u00e6stina.<\/p>\n<p>Mens Natasha Hausdorff fremlagde sit synspunkt til fordel for Israels milit\u00e6re politik og kaldte anklager om folkedrab en &#8220;blodanklage&#8221; og &#8220;juridisk manipulation&#8221;, er en af hendes juridiske kolleger i London, barrister Daniel Gr\u00fctters, g\u00e5et den stik modsatte vej.<\/p>\n<p>Han har v\u00e6ret med til at udforme den juridiske appel til den britiske indenrigsminister, hvor Hamas beder om at blive fjernet fra Storbritanniens terrorliste.<\/p>\n<p>L\u00c6S OGS\u00c5: FORDELLEN VED AT ANNULERE ISRAEL<\/p>\n<p>( denne link bliver aktiveret om ik s\u00e5 l\u00e6nge, s\u00e5 hold \u00f8je med siden)<\/p>\n<h2 data-start=\"510\" data-end=\"552\">NINA BONDE \u2013 ET M\u00d8NSTER AF PARTISKHED?<\/h2>\n<p data-start=\"554\" data-end=\"869\">Inden du dykker ned i Natasha Hausdorffs 10 pointer, s\u00e5 husk: Hun er ikke den eneste jurist, der anklages for at forsvare Israel med juridisk spin. I en anden sag har <strong data-start=\"721\" data-end=\"742\">Nina Palesa Bonde<\/strong>, dommerfuldm\u00e6gtig og tilh\u00e6nger af Jotam Confino, skabt dyb debat ved at angribe Amnesty og st\u00f8tte \u00e9n part i en verserende sag. <em data-start=\"874\" data-end=\"947\">L\u00e6s mere om Ninas angreb p\u00e5 Amnesty og hendes rolle i retssystemet her:<\/em><br data-start=\"947\" data-end=\"950\" \/><strong data-start=\"950\" data-end=\"1111\"><a class=\"cursor-pointer\" target=\"_new\" rel=\"noopener\" data-start=\"952\" data-end=\"1109\">G\u00e5 til artiklen: \u201cUnderminerer Nina Palesa Bonde Det Danske Retssystem?\u201d<\/a><\/strong><\/p>\n<p>[\/spb_text_block] [spb_image image=&#8221;37398&#8243; image_size=&#8221;full&#8221; frame=&#8221;noframe&#8221; caption_pos=&#8221;hover&#8221; remove_rounded=&#8221;yes&#8221; fullwidth=&#8221;no&#8221; overflow_mode=&#8221;none&#8221; image_link=&#8221;https:\/\/zlcopenhagen.com\/da\/underminerer-nina-palesa-bonde-det-danske-retssystem\/&#8221; link_target=&#8221;_blank&#8221; lightbox=&#8221;yes&#8221; intro_animation=&#8221;none&#8221; animation_delay=&#8221;200&#8243; width=&#8221;1\/1&#8243; el_position=&#8221;first last&#8221;]<\/p>\n<h2 style=\"text-align: center;\"><a href=\"https:\/\/zlcopenhagen.com\/es\/is-nina-palesa-bonde-part-of-a-zionist-mafia-in-denmarks-judiciary\/\" target=\"_blank\" rel=\"noopener\">DOMMERFULDM\u00c6GTIG<\/a><\/h2>\n<p>[\/spb_image] [spb_blank_spacer height=&#8221;30px&#8221; width=&#8221;1\/1&#8243; el_position=&#8221;first last&#8221;] [spb_blank_spacer height=&#8221;30px&#8221; width=&#8221;1\/1&#8243; el_position=&#8221;first last&#8221;] [spb_text_block animation=&#8221;none&#8221; animation_delay=&#8221;0&#8243; simplified_controls=&#8221;yes&#8221; custom_css_percentage=&#8221;no&#8221; padding_vertical=&#8221;0&#8243; padding_horizontal=&#8221;0&#8243; margin_vertical=&#8221;0&#8243; custom_css=&#8221;margin-top: 0px;margin-bottom: 0px;&#8221; border_size=&#8221;0&#8243; border_styling_global=&#8221;default&#8221; width=&#8221;1\/1&#8243; el_position=&#8221;first last&#8221;]<\/p>\n<h2 data-start=\"122\" data-end=\"146\">VIL DU L\u00c6SE MERE?<\/h2>\n<p data-start=\"148\" data-end=\"305\">For dig, der vil dykke dybere ned i temaer som <strong data-start=\"195\" data-end=\"206\">hasbara<\/strong>, <strong data-start=\"208\" data-end=\"228\">informationskrig<\/strong> og den retoriske kamp i Israel-Pal\u00e6stina-konflikten, kan du l\u00e6se videre her:<\/p>\n<p data-start=\"307\" data-end=\"887\">\ud83d\udd17 <a class=\"\" href=\"https:\/\/zlcopenhagen.com\/es\/the-information-war-hamas-charter\/\" target=\"_new\" rel=\"noopener\" data-start=\"310\" data-end=\"412\">Informationskrigen og Hamas&#8217; charter<\/a><br data-start=\"412\" data-end=\"415\" \/>\ud83d\udd17 <a class=\"\" href=\"https:\/\/zlcopenhagen.com\/es\/?p=34469\" target=\"_new\" rel=\"noopener\" data-start=\"418\" data-end=\"585\">Sj\u00far\u00f0ur Skaale: Retorisk analyse af hadtale \u2013 fra Hitler til Pal\u00e6stina<\/a><br data-start=\"585\" data-end=\"588\" \/>\ud83d\udd17 <a class=\"\" href=\"https:\/\/zlcopenhagen.com\/es\/?p=40330\" target=\"_new\" rel=\"noopener\" data-start=\"591\" data-end=\"701\">Sj\u00far\u00f0ur Skaale: Er Hamas et spejlbillede?<\/a><br data-start=\"701\" data-end=\"704\" \/>\ud83d\udd17 <a class=\"cursor-pointer\" href=\"https:\/\/zlcopenhagen.com\/es\/the-information-war-hamas-charter\/\" target=\"_blank\" rel=\"noopener\" data-start=\"707\" data-end=\"887\">Christian Holst Vigilius og Hasbara: Informationskrig i KU\u2019s debat om Israel og Pal\u00e6stina<\/a><\/p>\n<p data-start=\"889\" data-end=\"1005\">Disse artikler giver dig <strong data-start=\"914\" data-end=\"956\">baggrund, kontekst og nye perspektiver<\/strong>, n\u00e5r sprog og propaganda bliver politiske v\u00e5ben. Har du sp\u00f8rgsm\u00e5l om KU-debatten og folkedrab? \u27a4 <a href=\"#faq\">G\u00e5 direkte til FAQ<\/a><\/p>\n<h3 data-start=\"889\" data-end=\"1005\">FAQ: OFTE STILLEDE SP\u00d8RGSM\u00c5L<\/h3>\n<p>[\/spb_text_block] [spb_toggle element_name=&#8221;L\u00c6S HER: FAQ OM ISRAEL-PAL\u00c6STINA &amp; FOLKERET&#8221; title=&#8221;L\u00c6S HER: FAQ OM ISRAEL-PAL\u00c6STINA &amp; FOLKERET&#8221; open=&#8221;false&#8221; width=&#8221;1\/1&#8243; el_position=&#8221;first last&#8221;]<\/p>\n<h3>OFTE STILLEDE SP\u00d8RGSM\u00c5L OM KU-DEBATTEN OG NATASHA HAUSDORFF<\/h3>\n<p><strong>Hvem er Natasha Hausdorff?<\/strong><br \/>\nHun er en britisk advokat med speciale i international ret og en st\u00e6rk stemme for Israels sag, tilknyttet UK Lawyers for Israel (UKLFI).<\/p>\n<p><strong>Hvad sagde Natasha Hausdorff ved KU-debatten i maj 2025?<\/strong><br \/>\nHun argumenterede for, at anklager om folkedrab mod Israel er grundl\u00f8se og farlige. Hun kritiserede Amnesty og andre NGO&#8217;er for juridisk manipulation.<\/p>\n<p><strong>Hvem er Ralph Wilde?<\/strong><br \/>\nRalph Wilde er juraprofessor og folkeretsekspert, der repr\u00e6senterede Den Arabiske Liga ved Den Internationale Domstol i 2024 i sagen om Israels handlinger i Pal\u00e6stina.<\/p>\n<p><strong>Hvordan adskiller deres synspunkter sig?<\/strong><br \/>\nHausdorff afviser folkedrabsanklagen som propaganda, mens Wilde understreger, at Israels bes\u00e6ttelse og handlinger bryder fundamentale folkeretlige normer.<\/p>\n<p><strong>Er der en video af KU-debatten?<\/strong><br \/>\nJa! Den kan ses p\u00e5 YouTube her:<br \/>\n<a href=\"https:\/\/www.youtube.com\/watch?v=6LACse017-A\" target=\"_blank\" rel=\"noopener\">Se debatten<\/a><\/p>\n<p><strong>Hvordan h\u00e6nger hasbara sammen med KU-debatten?<\/strong><br \/>\nHasbara refererer til Israels kommunikationsstrategi. Flere deltagere, bl.a. Christian Vigilius, adresserede temaet om informationskrig \u2013 og hvordan sprog bliver et politisk v\u00e5ben.<\/p>\n<p>[\/spb_toggle] [spb_text_block animation=&#8221;none&#8221; animation_delay=&#8221;0&#8243; simplified_controls=&#8221;yes&#8221; custom_css_percentage=&#8221;no&#8221; padding_vertical=&#8221;0&#8243; padding_horizontal=&#8221;0&#8243; margin_vertical=&#8221;0&#8243; custom_css=&#8221;margin-top: 0px;margin-bottom: 0px;&#8221; border_size=&#8221;0&#8243; border_styling_global=&#8221;default&#8221; width=&#8221;1\/1&#8243; el_position=&#8221;first last&#8221;]<\/p>\n<p><script type=\"application\/ld+json\">{\"@context\": \"https:\/\/schema.org\",\"@type\": \"FAQPage\",\"mainEntity\": [{\"@type\": \"Question\",\"name\": \"Hvem er Natasha Hausdorff?\",\"acceptedAnswer\": {\"@type\": \"Answer\",\"text\": \"Hun er en britisk advokat med speciale i international ret og en st\u00e6rk stemme for Israels sag, tilknyttet UK Lawyers for Israel (UKLFI).\"}},{\"@type\": \"Question\",\"name\": \"Hvad sagde Natasha Hausdorff ved KU-debatten i maj 2025?\",\"acceptedAnswer\": {\"@type\": \"Answer\",\"text\": \"Hun argumenterede for, at anklager om folkedrab mod Israel er grundl\u00f8se og farlige. Hun kritiserede Amnesty og andre NGO'er for juridisk manipulation.\"}},{\"@type\": \"Question\",\"name\": \"Hvem er Ralph Wilde?\",\"acceptedAnswer\": {\"@type\": \"Answer\",\"text\": \"Ralph Wilde er en juraprofessor og folkeretsekspert, der repr\u00e6senterede Den Arabiske Liga ved Den Internationale Domstol i 2024 i sagen om Israels handlinger i Pal\u00e6stina.\"}},{\"@type\": \"Question\",\"name\": \"Hvordan adskiller deres synspunkter sig?\",\"acceptedAnswer\": {\"@type\": \"Answer\",\"text\": \"Hausdorff afviser folkedrabsanklagen som propaganda, mens Wilde understreger, at Israels bes\u00e6ttelse og handlinger bryder fundamentale folkeretlige normer.\"}},{\"@type\": \"Question\",\"name\": \"Er der en video af KU-debatten?\",\"acceptedAnswer\": {\"@type\": \"Answer\",\"text\": \"Ja, debatten kan ses p\u00e5 YouTube. Du kan finde linket direkte i artiklen ovenfor.\"}},{\"@type\": \"Question\",\"name\": \"Hvordan h\u00e6nger hasbara sammen med KU-debatten?\",\"acceptedAnswer\": {\"@type\": \"Answer\",\"text\": \"Hasbara refererer til Israels kommunikationsstrategi. Flere deltagere, bl.a. Christian Vigilius, adresserede temaet om informationskrig \u2013 og hvordan sprog bliver et politisk v\u00e5ben.\"}}]}<\/script><\/p>\n<p>[\/spb_text_block] [spb_blank_spacer height=&#8221;30px&#8221; width=&#8221;1\/1&#8243; el_position=&#8221;first last&#8221;] [spb_text_block animation=&#8221;none&#8221; animation_delay=&#8221;0&#8243; simplified_controls=&#8221;yes&#8221; custom_css_percentage=&#8221;no&#8221; padding_vertical=&#8221;0&#8243; padding_horizontal=&#8221;0&#8243; margin_vertical=&#8221;0&#8243; custom_css=&#8221;margin-top: 0px;margin-bottom: 0px;&#8221; border_size=&#8221;0&#8243; border_styling_global=&#8221;default&#8221; width=&#8221;1\/1&#8243; el_position=&#8221;first last&#8221;]<\/p>\n<h2>DET, DU IKKE M\u00c5 VIDE<\/h2>\n<p>[\/spb_text_block] [spb_blank_spacer height=&#8221;30px&#8221; width=&#8221;1\/1&#8243; el_position=&#8221;first last&#8221;] [spb_raw_html width=&#8221;1\/1&#8243; el_position=&#8221;first last&#8221;]JTNDZGl2JTIwc3R5bGUlM0QlMjJwb3NpdGlvbiUzQSUyMHJlbGF0aXZlJTNCJTIwcGFkZGluZy1ib3R0b20lM0ElMjA1Ni4yNSUyNSUzQiUyMGhlaWdodCUzQSUyMDAlM0IlMjBvdmVyZmxvdyUzQSUyMGhpZGRlbiUzQiUyMG1heC13aWR0aCUzQSUyMDEwMCUyNSUzQiUyMiUzRSUwQSUyMCUyMCUzQ2lmcmFtZSUyMCUwQSUyMCUyMCUyMCUyMHNyYyUzRCUyMmh0dHBzJTNBJTJGJTJGd3d3LnlvdXR1YmUuY29tJTJGZW1iZWQlMkY3ejZzNl9tYWUzSSUzRnN0YXJ0JTNEMCUyNmVuZCUzRDQ1JTIyJTIwJTBBJTIwJTIwJTIwJTIwdGl0bGUlM0QlMjJQcm8tSXNyYWVsJTIwbGF3eWVyJTIwbGF1Z2hlZCUyMGF0JTIwYnklMjBCcml0aXNoJTIwcG9saXRpY2lhbiUyMiUwQSUyMCUyMCUyMCUyMGZyYW1lYm9yZGVyJTNEJTIyMCUyMiUyMCUwQSUyMCUyMCUyMCUyMGFsbG93JTNEJTIyYWNjZWxlcm9tZXRlciUzQiUyMGF1dG9wbGF5JTNCJTIwY2xpcGJvYXJkLXdyaXRlJTNCJTIwZW5jcnlwdGVkLW1lZGlhJTNCJTIwZ3lyb3Njb3BlJTNCJTIwcGljdHVyZS1pbi1waWN0dXJlJTNCJTIwd2ViLXNoYXJlJTIyJTIwJTBBJTIwJTIwJTIwJTIwcmVmZXJyZXJwb2xpY3klM0QlMjJzdHJpY3Qtb3JpZ2luLXdoZW4tY3Jvc3Mtb3JpZ2luJTIyJTIwJTBBJTIwJTIwJTIwJTIwYWxsb3dmdWxsc2NyZWVuJTBBJTIwJTIwJTIwJTIwc3R5bGUlM0QlMjJwb3NpdGlvbiUzQSUyMGFic29sdXRlJTNCJTIwdG9wJTNBJTIwMCUzQiUyMGxlZnQlM0ElMjAwJTNCJTIwd2lkdGglM0ElMjAxMDAlMjUlM0IlMjBoZWlnaHQlM0ElMjAxMDAlMjUlM0IlMjIlM0UlMEElMjAlMjAlM0MlMkZpZnJhbWUlM0UlMEElM0MlMkZkaXYlM0UlMEE=[\/spb_raw_html] [spb_blank_spacer height=&#8221;30px&#8221; width=&#8221;1\/1&#8243; el_position=&#8221;first last&#8221;] [spb_text_block animation=&#8221;none&#8221; animation_delay=&#8221;0&#8243; simplified_controls=&#8221;yes&#8221; custom_css_percentage=&#8221;no&#8221; padding_vertical=&#8221;0&#8243; padding_horizontal=&#8221;0&#8243; margin_vertical=&#8221;0&#8243; custom_css=&#8221;margin-top: 0px;margin-bottom: 0px;&#8221; border_size=&#8221;0&#8243; border_styling_global=&#8221;default&#8221; width=&#8221;1\/1&#8243; el_position=&#8221;first last&#8221;]<\/p>\n<h3>NATAHA HAUSDORFF, HASBARA &amp; DEN ISRAEL-PALESTINA DEBAT<\/h3>\n<p data-start=\"271\" data-end=\"584\">Natasha Hausdorff spiller en central rolle i den internationale debat om Israel og Pal\u00e6stina. Som en markant pro-israelsk jurist har hun gentagne gange fors\u00f8gt at afvise eller nedtone anklager om krigsforbrydelser og folkedrab i Gaza \u2013 ofte ved at beskylde kritikere for antisemitisme eller juridisk manipulation. Senest den 23. april 2025 i UK.<\/p>\n<p data-start=\"586\" data-end=\"988\">I lyset af den voksende kritik af Israels milit\u00e6rpolitik og behandlingen af pal\u00e6stinensere, bliver begreber som <strong data-start=\"698\" data-end=\"709\">Hasbara<\/strong>, <strong data-start=\"711\" data-end=\"734\">information warfare<\/strong> og <strong data-start=\"738\" data-end=\"762\">propagandastrategier<\/strong> centrale. Flere eksperter og organisationer mener, at det, vi ser i dag, er en forts\u00e6ttelse af en l\u00e6ngere historisk linje, hvor massakrer og overgreb har fundet sted \u2013 og siden fors\u00f8gt enten retf\u00e6rdiggjort eller usynliggjort.<\/p>\n<p data-start=\"990\" data-end=\"1161\">Herunder har vi samlet en oversigt over nogle af de mest omtalte massakrer i konflikten, som mange anser som eksempler p\u00e5 systematiske brud p\u00e5 international humanit\u00e6r ret.<\/p>\n<p>[\/spb_text_block] [spb_toggle element_name=&#8221;L\u00c6S MERE: HISTORISKE MASSAKRER I ISRAEL-PALESTINA KONFLIKTEN&#8221; title=&#8221;L\u00c6S MERE: HISTORISKE MASSAKRER I ISRAEL-PALESTINA KONFLIKTEN&#8221; open=&#8221;false&#8221; width=&#8221;1\/1&#8243; el_position=&#8221;first last&#8221;]<\/p>\n<ol data-start=\"45\" data-end=\"925\">\n<li data-start=\"45\" data-end=\"72\">\n<p data-start=\"48\" data-end=\"72\">Massakren i Haifa 1937<\/p>\n<\/li>\n<li data-start=\"73\" data-end=\"102\">\n<p data-start=\"76\" data-end=\"102\">Massakren i Al-Quds 1937<\/p>\n<\/li>\n<li data-start=\"103\" data-end=\"130\">\n<p data-start=\"106\" data-end=\"130\">Massakren i Haifa 1938<\/p>\n<\/li>\n<li data-start=\"131\" data-end=\"168\">\n<p data-start=\"134\" data-end=\"168\">Massakren i Balad Al Sheikh 1939<\/p>\n<\/li>\n<li data-start=\"169\" data-end=\"196\">\n<p data-start=\"172\" data-end=\"196\">Massakren i Haifa 1939<\/p>\n<\/li>\n<li data-start=\"197\" data-end=\"224\">\n<p data-start=\"200\" data-end=\"224\">Massakren i Haifa 1947<\/p>\n<\/li>\n<li data-start=\"225\" data-end=\"255\">\n<p data-start=\"228\" data-end=\"255\">Massakren i Abbasiya 1947<\/p>\n<\/li>\n<li data-start=\"256\" data-end=\"287\">\n<p data-start=\"259\" data-end=\"287\">Massakren i Al Khisas 1947<\/p>\n<\/li>\n<li data-start=\"288\" data-end=\"323\">\n<p data-start=\"291\" data-end=\"323\">Massakren ved Bab Al Amud 1947<\/p>\n<\/li>\n<li data-start=\"324\" data-end=\"354\">\n<p data-start=\"328\" data-end=\"354\">Massakren i Al-Quds 1947<\/p>\n<\/li>\n<li data-start=\"355\" data-end=\"391\">\n<p data-start=\"359\" data-end=\"391\">Massakren i Sheikh Bureik 1947<\/p>\n<\/li>\n<li data-start=\"392\" data-end=\"426\">\n<p data-start=\"396\" data-end=\"426\">Massakren i Deir Yassin 1948<\/p>\n<\/li>\n<li data-start=\"427\" data-end=\"455\">\n<p data-start=\"431\" data-end=\"455\">Massakren i Jaffa 1948<\/p>\n<\/li>\n<li data-start=\"456\" data-end=\"486\">\n<p data-start=\"460\" data-end=\"486\">Massakren i Tantura 1948<\/p>\n<\/li>\n<li data-start=\"487\" data-end=\"517\">\n<p data-start=\"491\" data-end=\"517\">Massakren i Al-Quds 1953<\/p>\n<\/li>\n<li data-start=\"518\" data-end=\"551\">\n<p data-start=\"522\" data-end=\"551\">Massakren i Khan Yunis 1956<\/p>\n<\/li>\n<li data-start=\"552\" data-end=\"582\">\n<p data-start=\"556\" data-end=\"582\">Massakren i Al-Quds 1967<\/p>\n<\/li>\n<li data-start=\"583\" data-end=\"622\">\n<p data-start=\"587\" data-end=\"622\">Massakren i Sabra og Shatila 1982<\/p>\n<\/li>\n<li data-start=\"623\" data-end=\"654\">\n<p data-start=\"627\" data-end=\"654\">Massakren i Al-Aqaba 1990<\/p>\n<\/li>\n<li data-start=\"655\" data-end=\"696\">\n<p data-start=\"659\" data-end=\"696\">Massakren ved Ibrahimi-moskeen 1994<\/p>\n<\/li>\n<li data-start=\"697\" data-end=\"742\">\n<p data-start=\"701\" data-end=\"742\">Massakren i Jenin-flygtningelejren 2002<\/p>\n<\/li>\n<li data-start=\"743\" data-end=\"775\">\n<p data-start=\"747\" data-end=\"775\">Massakren i Gaza 2008-2009<\/p>\n<\/li>\n<li data-start=\"776\" data-end=\"803\">\n<p data-start=\"780\" data-end=\"803\">Massakren i Gaza 2012<\/p>\n<\/li>\n<li data-start=\"804\" data-end=\"831\">\n<p data-start=\"808\" data-end=\"831\">Massakren i Gaza 2014<\/p>\n<\/li>\n<li data-start=\"832\" data-end=\"864\">\n<p data-start=\"836\" data-end=\"864\">Massakren i Gaza 2018-2019<\/p>\n<\/li>\n<li data-start=\"865\" data-end=\"892\">\n<p data-start=\"869\" data-end=\"892\">Massakren i Gaza 2021<\/p>\n<\/li>\n<li data-start=\"893\" data-end=\"925\">\n<p data-start=\"897\" data-end=\"925\">Folkedrabet i Gaza 2023\u2013nu<\/p>\n<\/li>\n<\/ol>\n<p data-start=\"927\" data-end=\"1033\" data-is-last-node=\"\" data-is-only-node=\"\"><strong data-start=\"927\" data-end=\"985\">&#8220;Antisemitisme, det er et trick. Vi bruger det altid.&#8221;<\/strong><br data-start=\"985\" data-end=\"988\" \/>~ Shulamit Aloni, tidligere israelsk minister<\/p>\n<p>[\/spb_toggle] [spb_blank_spacer height=&#8221;30px&#8221; width=&#8221;1\/1&#8243; el_position=&#8221;first last&#8221;] [spb_text_block animation=&#8221;none&#8221; animation_delay=&#8221;0&#8243; simplified_controls=&#8221;yes&#8221; custom_css_percentage=&#8221;no&#8221; padding_vertical=&#8221;0&#8243; padding_horizontal=&#8221;0&#8243; margin_vertical=&#8221;0&#8243; custom_css=&#8221;margin-top: 0px;margin-bottom: 0px;&#8221; border_size=&#8221;0&#8243; border_styling_global=&#8221;default&#8221; width=&#8221;1\/1&#8243; el_position=&#8221;first last&#8221;]<\/p>\n<h2 data-start=\"158\" data-end=\"196\">HVORFOR T\u00c6LLER MASSAKRERNE STADIG?<\/h2>\n<p data-start=\"198\" data-end=\"493\">I april 2025 blev Natasha Hausdorff udfordret af britiske politikere, der kr\u00e6vede svar p\u00e5 hendes afvisning af anklager om folkedrab i Gaza. M\u00e5neden efter st\u00e5r hun p\u00e5 en ny scene \u2013 denne gang i K\u00f8benhavn \u2013 og fors\u00f8ger at kontrollere fort\u00e6llingen gennem juridisk spin, hasbara og politisk framing.<\/p>\n<p data-start=\"495\" data-end=\"721\">Det er i d\u00e9t lys, hendes liste med \u201c10 pointer\u201d skal forst\u00e5s. De indg\u00e5r i en st\u00f8rre kommunikationsstrategi, hvor fakta og propaganda blandes \u2013 og hvor tidligere massakrer enten ignoreres eller afvises som irrelevant historie.<\/p>\n<h2 class=\"entry-title\">CRY ME A RIVER<\/h2>\n<p>[\/spb_text_block] [spb_image image=&#8221;49197&#8243; image_size=&#8221;full&#8221; frame=&#8221;noframe&#8221; caption_pos=&#8221;hover&#8221; remove_rounded=&#8221;yes&#8221; fullwidth=&#8221;no&#8221; overflow_mode=&#8221;none&#8221; image_link=&#8221;https:\/\/zlcopenhagen.com\/da\/underminerer-nina-palesa-bonde-det-danske-retssystem\/&#8221; link_target=&#8221;_blank&#8221; lightbox=&#8221;yes&#8221; intro_animation=&#8221;none&#8221; animation_delay=&#8221;200&#8243; width=&#8221;1\/1&#8243; el_position=&#8221;first last&#8221;]<\/p>\n<h2 style=\"text-align: center;\"><a href=\"https:\/\/zlcopenhagen.com\/da\/no-tears-left-to-cry-nina-bonde-offentlig-debat\/\" target=\"_blank\" rel=\"noopener\">HISTORIEN OM NINAS PERLER<\/a><\/h2>\n<p>[\/spb_image] [spb_blank_spacer height=&#8221;30px&#8221; width=&#8221;1\/1&#8243; el_position=&#8221;first last&#8221;] [spb_text_block animation=&#8221;none&#8221; animation_delay=&#8221;0&#8243; simplified_controls=&#8221;yes&#8221; custom_css_percentage=&#8221;no&#8221; padding_vertical=&#8221;0&#8243; padding_horizontal=&#8221;0&#8243; margin_vertical=&#8221;0&#8243; custom_css=&#8221;margin-top: 0px;margin-bottom: 0px;&#8221; border_size=&#8221;0&#8243; border_styling_global=&#8221;default&#8221; width=&#8221;1\/1&#8243; el_position=&#8221;first last&#8221;]<\/p>\n<h2 data-start=\"185\" data-end=\"218\">HVORFOR SIDDER HUN MED PERLER?<\/h2>\n<p data-start=\"220\" data-end=\"346\">Du undrer dig m\u00e5ske. Hvorfor sidder hun d\u00e9r og samler sm\u00e5 farverige kugler mens hun gr\u00e6der og drukner i &#8220;river&#8221;? Er det en halsk\u00e6de? Et n\u00f8dr\u00e5b? Et performancev\u00e6rk?<\/p>\n<p data-start=\"348\" data-end=\"379\">Bare rolig \u2013 vi kommer til det.<\/p>\n<p data-start=\"381\" data-end=\"677\">Men inden vi dykker ned i Nina, hendes perler og det store f\u00f8lelsesregister (som Jonatan Ofir s\u00e5 pr\u00e6cist opsummerede med \u201cCry Me A River\u201d),<br data-start=\"521\" data-end=\"524\" \/>s\u00e5 lad os lige tage et kig p\u00e5 hendes wingwoman \u2013 advokaten Natasha Hausdorff \u2013 og det arsenal af juridisk spin, hun rullede ud i F\u00e6llessalen den 26. maj.<\/p>\n<p>[\/spb_text_block] [spb_blank_spacer height=&#8221;30px&#8221; width=&#8221;1\/1&#8243; el_position=&#8221;first last&#8221;] [spb_raw_html width=&#8221;1\/1&#8243; el_position=&#8221;first last&#8221;]JTNDaWZyYW1lJTIwc3JjJTNEJTIyaHR0cHMlM0ElMkYlMkZ3d3cuZmFjZWJvb2suY29tJTJGcGx1Z2lucyUyRnBvc3QucGhwJTNGaHJlZiUzRGh0dHBzJTI1M0ElMjUyRiUyNTJGd3d3LmZhY2Vib29rLmNvbSUyNTJGam9uYXRoYW4ub2ZpciUyNTJGcG9zdHMlMjUyRnBmYmlkMGdQVjlvazRyNHN4Y3lXTmVNc1FhQUIyaFRKNEMxWHlyYWc3ZGhmVk12QW9iUjh6dVE5bjNEWDU1dnBNWjVGcHpsJTI2c2hvd190ZXh0JTNEdHJ1ZSUyNndpZHRoJTNENTAwJTIyJTIwd2lkdGglM0QlMjI1MDAlMjIlMjBoZWlnaHQlM0QlMjI3MzElMjIlMjBzdHlsZSUzRCUyMmJvcmRlciUzQW5vbmUlM0JvdmVyZmxvdyUzQWhpZGRlbiUyMiUyMHNjcm9sbGluZyUzRCUyMm5vJTIyJTIwZnJhbWVib3JkZXIlM0QlMjIwJTIyJTIwYWxsb3dmdWxsc2NyZWVuJTNEJTIydHJ1ZSUyMiUyMGFsbG93JTNEJTIyYXV0b3BsYXklM0IlMjBjbGlwYm9hcmQtd3JpdGUlM0IlMjBlbmNyeXB0ZWQtbWVkaWElM0IlMjBwaWN0dXJlLWluLXBpY3R1cmUlM0IlMjB3ZWItc2hhcmUlMjIlM0UlM0MlMkZpZnJhbWUlM0U=[\/spb_raw_html] [spb_blank_spacer height=&#8221;30px&#8221; width=&#8221;1\/1&#8243; el_position=&#8221;first last&#8221;] [spb_text_block animation=&#8221;none&#8221; animation_delay=&#8221;0&#8243; simplified_controls=&#8221;yes&#8221; custom_css_percentage=&#8221;no&#8221; padding_vertical=&#8221;0&#8243; padding_horizontal=&#8221;0&#8243; margin_vertical=&#8221;0&#8243; custom_css=&#8221;margin-top: 0px;margin-bottom: 0px;&#8221; border_size=&#8221;0&#8243; border_styling_global=&#8221;default&#8221; width=&#8221;1\/1&#8243; el_position=&#8221;first last&#8221;]<\/p>\n<h2 data-start=\"381\" data-end=\"677\">FRA PERLER TIL T\u00c5RER<\/h2>\n<p data-start=\"679\" data-end=\"786\">For at forst\u00e5 t\u00e5rerne, perlerne og det politiske teater, m\u00e5 vi begynde der, hvor manuskriptet blev skrevet.<\/p>\n<p data-start=\"644\" data-end=\"873\">Natasha Hausdorff pr\u00e6senterede sine 10 pointer under en debat p\u00e5 K\u00f8benhavns Universitet d. 26. maj 2025.<br data-start=\"752\" data-end=\"755\" \/>Med sig havde hun st\u00f8tte fra blandt andre jurist <strong><a href=\"https:\/\/zlcopenhagen.com\/da\/nina-palesa-bonde-kirurgisk-praecision\/\" target=\"_blank\" rel=\"noopener\">Nina Palesa Bonde<\/a><\/strong> i salen \u2013 mens Amnesty International stod for skud.<\/p>\n<p data-start=\"875\" data-end=\"1069\">Debatten blev modereret af <strong><a href=\"https:\/\/zlcopenhagen.com\/es\/er-israel-drs-gud\/\" target=\"_blank\" rel=\"noopener\">Martin Krasnik<\/a><\/strong>, og reaktionerne i rummet var alt andet end neutrale. Der blev rystet p\u00e5 hoveder. Der blev l\u00e6st h\u00f8jt fra ICJ. Der blev tavshed. Og der blev klappet.<\/p>\n<p data-start=\"1071\" data-end=\"1230\">For at forst\u00e5 de 10 punkter, m\u00e5 vi ogs\u00e5 forst\u00e5 situationen, dynamikken, og de politiske undertoner bag ordene. For som \u00e9n deltager formulerede det:<\/p>\n<blockquote data-start=\"1232\" data-end=\"1275\">\n<p data-start=\"1234\" data-end=\"1275\"><em>\u201cMagtens krop taler h\u00f8jere end dens ord.\u201d<\/em><\/p>\n<\/blockquote>\n<p data-start=\"1277\" data-end=\"1342\">Herunder f\u00e5r du punkterne \u2013 sammen med kontekst og kritiske svar.<\/p>\n<p>[\/spb_text_block] [spb_text_block animation=&#8221;none&#8221; animation_delay=&#8221;0&#8243; simplified_controls=&#8221;yes&#8221; custom_css_percentage=&#8221;no&#8221; padding_vertical=&#8221;0&#8243; padding_horizontal=&#8221;0&#8243; margin_vertical=&#8221;0&#8243; custom_css=&#8221;margin-top: 0px;margin-bottom: 0px;&#8221; border_size=&#8221;0&#8243; border_styling_global=&#8221;default&#8221; width=&#8221;1\/1&#8243; el_position=&#8221;first last&#8221;]<\/p>\n<h2 data-start=\"174\" data-end=\"227\">DE 10 PUNKTER FRA NATASHA HAUSDORFF<\/h2>\n<h3 data-start=\"174\" data-end=\"227\">1. Anklagen om folkedrab er en &#8220;afskyelig l\u00f8gn&#8221;<\/h3>\n<p data-start=\"228\" data-end=\"318\">Hun kalder det en farlig og falsk anklage, som skader b\u00e5de sandheden og international lov.<\/p>\n<blockquote>\n<p data-start=\"320\" data-end=\"608\"><em><strong data-start=\"320\" data-end=\"329\">Svar:<\/strong> Det er ikke en &#8220;blodanklage&#8221; at p\u00e5ber\u00e5be sig retten til at unders\u00f8ge, om et muligt folkedrab finder sted. FN&#8217;s folkedrabskonvention forpligter alle stater til netop det. Det, der er farligt, er at afvise unders\u00f8gelser p\u00e5 forh\u00e5nd \u2013 is\u00e6r n\u00e5r tusinder af civile dr\u00e6bes systematisk.<\/em><\/p>\n<\/blockquote>\n<h3 data-start=\"610\" data-end=\"647\">2. Misbrug af international lov<\/h3>\n<p data-start=\"648\" data-end=\"881\">If\u00f8lge hende bliver begreber som &#8220;folkedrab&#8221;, &#8220;apartheid&#8221;, &#8220;kolonialisme&#8221; og &#8220;bes\u00e6ttelse&#8221; forvredet af NGO&#8217;er og politiske akt\u00f8rer som Amnesty International.<br data-start=\"805\" data-end=\"808\" \/>Natasha: &#8220;Begreber som folkedrab og apartheid bliver misbrugt af NGO&#8217;er.&#8221;<\/p>\n<blockquote>\n<p data-start=\"883\" data-end=\"1139\"><em><strong data-start=\"883\" data-end=\"892\">Svar:<\/strong> B\u00e5de Human Rights Watch og Amnesty har baseret deres konklusioner p\u00e5 grundige unders\u00f8gelser. Det samme har FN-eksperter. Hvis man p\u00e5st\u00e5r, at de alle misbruger jura, b\u00f8r man forholde sig til dokumentationen \u2013 ikke bare afvise den som manipulation.<\/em><\/p>\n<\/blockquote>\n<h3 data-start=\"1141\" data-end=\"1181\">3. Angreb p\u00e5 Amnesty International<\/h3>\n<p data-start=\"1182\" data-end=\"1349\">Hun beskylder Amnesty for at tage partisk information direkte fra Hamas og PFLP.<br data-start=\"1262\" data-end=\"1265\" \/>Amnesty fremstilles som en akt\u00f8r, der bevidst beskytter Hamas og d\u00e6moniserer Israel.<\/p>\n<blockquote>\n<p data-start=\"1351\" data-end=\"1642\"><em><strong data-start=\"1351\" data-end=\"1360\">Svar:<\/strong> Amnesty dokumenterer menneskerettighedskr\u00e6nkelser \u2013 uanset hvem der beg\u00e5r dem. De har ogs\u00e5 kritiseret Hamas. Men menneskerettigheder er ikke en popularitetskonkurrence. Israels statsmagt har et helt andet ansvar if\u00f8lge international lov, fordi den bes\u00e6tter og kontrollerer omr\u00e5det.<\/em><\/p>\n<\/blockquote>\n<h3 data-start=\"1644\" data-end=\"1689\">4. Mangel p\u00e5 objektivitet og metodologi<\/h3>\n<p data-start=\"1690\" data-end=\"1715\">Hun p\u00e5st\u00e5r, at Amnesty:<\/p>\n<p data-start=\"1718\" data-end=\"1764\">Ikke anvender samme standard for alle parter<\/p>\n<p data-start=\"1767\" data-end=\"1851\">Ikke har adgang til de efterretninger, Israel bygger sine milit\u00e6re beslutninger p\u00e5<\/p>\n<p data-start=\"1854\" data-end=\"1932\">Derfor er ude af stand til at vurdere proportionalitet og milit\u00e6re m\u00e5l korrekt<\/p>\n<blockquote>\n<p data-start=\"1934\" data-end=\"2204\"><em><strong data-start=\"1934\" data-end=\"1943\">Svar:<\/strong> Amnesty arbejder med mange kilder \u2013 herunder \u00f8jenvidner, satellitdata og uafh\u00e6ngige verificeringer. At nogle kilder bor i Gaza og derfor m\u00e5 tale med lokale myndigheder, g\u00f8r ikke deres udsagn ugyldige. Der findes ikke neutrale statsinstitutioner i en krigszone.<\/em><\/p>\n<\/blockquote>\n<h3 data-start=\"2206\" data-end=\"2249\">5. Israels milit\u00e6re etik og teknologi<\/h3>\n<p data-start=\"2250\" data-end=\"2266\">Hun fremh\u00e6ver:<\/p>\n<blockquote>\n<p data-start=\"2269\" data-end=\"2287\"><em>Smart ammunition<\/em><\/p>\n<p data-start=\"2290\" data-end=\"2329\"><em>Pr\u00e6cisionsangreb fra bestemte vinkler<\/em><\/p>\n<p data-start=\"2332\" data-end=\"2354\"><em>Advarsler f\u00f8r angreb<\/em><\/p>\n<\/blockquote>\n<p data-start=\"2357\" data-end=\"2436\"><strong>Ekstra hensyn til civile \u2013 mere end hvad international lov kr\u00e6ver, if\u00f8lge hende<\/strong><\/p>\n<blockquote>\n<p data-start=\"2438\" data-end=\"2686\"><em><strong data-start=\"2438\" data-end=\"2447\">Svar:<\/strong> Det er forkert. Amnesty kritiserer b\u00e5de statslige og ikke-statslige akt\u00f8rer. Men der er en juridisk forskel: En stat har pligt til at beskytte civile og overholde international lov. Derfor vurderes Israel p\u00e5 sin rolle som bes\u00e6ttelsesmagt.<\/em><\/p>\n<\/blockquote>\n<h3 data-start=\"2688\" data-end=\"2741\">6. Humanit\u00e6r hj\u00e6lp og manglende kritik af Hamas<\/h3>\n<p data-start=\"2742\" data-end=\"2756\">Hun sp\u00f8rger:<\/p>\n<blockquote>\n<p data-start=\"2759\" data-end=\"2790\"><em>Hvor bliver al n\u00f8dhj\u00e6lpen af?<\/em><\/p>\n<p data-start=\"2793\" data-end=\"2857\"><em>Israel har sendt over 25.000 lastbiler med n\u00f8dhj\u00e6lp, siger hun<\/em><\/p>\n<p data-start=\"2860\" data-end=\"2924\"><em>Hvorfor kritiserer NGO\u2019erne ikke Hamas, hvis de stj\u00e6ler hj\u00e6lpen?<\/em><\/p>\n<p data-start=\"2926\" data-end=\"3171\"><em><strong data-start=\"2926\" data-end=\"2935\">Svar:<\/strong> 55.000+ (27\/5\/2025) d\u00f8de, langt st\u00f8rstedelen civile, herunder b\u00f8rn \u2013 det modsiger intentionerne. Teknologi og varsler nytter ikke, hvis man bomber omr\u00e5der, hvor folk ikke kan flygte. Proportionalitetsprincippet i krigens lov er brudt gang p\u00e5 gang.<\/em><\/p>\n<\/blockquote>\n<h3 data-start=\"3173\" data-end=\"3219\">7. Folkedrabskonventionen og &#8220;intention&#8221;<\/h3>\n<p data-start=\"3220\" data-end=\"3400\">Hun siger, Amnesty ignorerer det vigtigste krav i definitionen af folkedrab: intentionen om at udrydde en gruppe.<br data-start=\"3333\" data-end=\"3336\" \/>Det er ikke nok med konsekvenser \u2013 det handler om bevidst vilje.<\/p>\n<blockquote>\n<p data-start=\"3402\" data-end=\"3641\"><em><strong data-start=\"3402\" data-end=\"3411\">Svar:<\/strong> Det er netop d\u00e9t, Den Internationale Domstol skal vurdere. Og FN&#8217;s dommere vurderede i januar 2024, at der er &#8220;rimelig sandsynlighed&#8221; for, at s\u00e5danne hensigter kan v\u00e6re til stede \u2013 og kr\u00e6vede derfor forebyggende foranstaltninger.<\/em><\/p>\n<\/blockquote>\n<h3 data-start=\"3643\" data-end=\"3681\">8. 7. oktober som \u00e6gte folkedrab<\/h3>\n<p data-start=\"3682\" data-end=\"3805\">If\u00f8lge hende begik Hamas folkedrab den 7. oktober.<br data-start=\"3732\" data-end=\"3735\" \/>Hun kalder det en direkte videref\u00f8relse af antisemitisme og Holocaust.<\/p>\n<blockquote>\n<p data-start=\"3807\" data-end=\"4038\"><em><strong data-start=\"3807\" data-end=\"3816\">Svar:<\/strong> De to ting udelukker ikke hinanden. At Hamas begik frygtelige forbrydelser 7. oktober giver ikke Israel carte blanche til at bryde international lov i m\u00e5nedsvis bagefter. Man kan ikke forsvare \u00e9n forbrydelse med en anden.<\/em><\/p>\n<\/blockquote>\n<h3 data-start=\"4040\" data-end=\"4079\">9. Konsekvenser af falsk narrativ<\/h3>\n<p data-start=\"4080\" data-end=\"4264\">Falske anklager f\u00f8rer if\u00f8lge hende til vold mod j\u00f8der og henrettelser af israelske statsborgere.<br data-start=\"4176\" data-end=\"4179\" \/>Hun kalder det en blodanklage \u2013 en betegnelse brugt historisk om antisemitiske l\u00f8gne.<\/p>\n<blockquote>\n<p data-start=\"4266\" data-end=\"4508\"><em><strong data-start=\"4266\" data-end=\"4275\">Svar:<\/strong> FN og flere hj\u00e6lpeorganisationer har netop advaret om den blokade Israel opretholder og de milit\u00e6re angreb, som forhindrer hj\u00e6lp i at n\u00e5 frem. At Hamas kan misbruge hj\u00e6lp betyder ikke, at Israel kan forhindre den i at blive leveret.<\/em><\/p>\n<\/blockquote>\n<h3 data-start=\"4510\" data-end=\"4567\">10. Israel er damned if you do, damned if you don\u2019t<\/h3>\n<p data-start=\"4568\" data-end=\"4616\">Uanset hvad Israel g\u00f8r, bliver det kritiseret.<\/p>\n<blockquote>\n<p data-start=\"4619\" data-end=\"4653\"><em>Hvis de angriber: drab p\u00e5 civile<\/em><\/p>\n<p data-start=\"4656\" data-end=\"4748\"><em>Hvis de advarer og evakuerer: tvangsforflyttelse<\/em><br data-start=\"4704\" data-end=\"4707\" \/><em>Hun kalder det latterligt og dobbeltmoral<\/em><\/p>\n<p data-start=\"4750\" data-end=\"4992\"><em><strong data-start=\"4750\" data-end=\"4759\">Svar:<\/strong> Det er ikke dobbeltmoral \u2013 det er ansvar. N\u00e5r en stat har det st\u00f8rste milit\u00e6re overtag, og n\u00e5r den bes\u00e6tter et folk, s\u00e5 er kravene st\u00f8rre. Det er ikke kritik i sig selv, der er problemet \u2013 det er handlingerne, der udl\u00f8ser kritikken.<\/em><\/p>\n<\/blockquote>\n<p>[\/spb_text_block] [spb_blank_spacer height=&#8221;30px&#8221; width=&#8221;1\/1&#8243; el_position=&#8221;first last&#8221;] [spb_blank_spacer height=&#8221;30px&#8221; width=&#8221;1\/1&#8243; el_position=&#8221;first last&#8221;] [spb_raw_html width=&#8221;1\/1&#8243; el_position=&#8221;first last&#8221;]JTNDc2NyaXB0JTIwdHlwZSUzRCUyMnRleHQlMkZqYXZhc2NyaXB0JTIyJTIwc3JjJTNEJTIyaHR0cHMlM0ElMkYlMkZjZG5qcy5idXltZWFjb2ZmZWUuY29tJTJGMS4wLjAlMkZidXR0b24ucHJvZC5taW4uanMlMjIlMjBkYXRhLW5hbWUlM0QlMjJibWMtYnV0dG9uJTIyJTIwZGF0YS1zbHVnJTNEJTIyemxjb3BlbmhhZ2VuJTIyJTIwZGF0YS1jb2xvciUzRCUyMiUyM0ZGREQwMCUyMiUyMGRhdGEtZW1vamklM0QlMjIlRTIlOTglOTUlMjIlMjAlMjBkYXRhLWZvbnQlM0QlMjJDb29raWUlMjIlMjBkYXRhLXRleHQlM0QlMjJCdXklMjBtZSUyMGElMjBjb2ZmZWUlMjIlMjBkYXRhLW91dGxpbmUtY29sb3IlM0QlMjIlMjMwMDAwMDAlMjIlMjBkYXRhLWZvbnQtY29sb3IlM0QlMjIlMjMwMDAwMDAlMjIlMjBkYXRhLWNvZmZlZS1jb2xvciUzRCUyMiUyM2ZmZmZmZiUyMiUyMCUzRSUzQyUyRnNjcmlwdCUzRQ==[\/spb_raw_html] [spb_blank_spacer height=&#8221;30px&#8221; width=&#8221;1\/1&#8243; el_position=&#8221;first last&#8221;] [spb_blank_spacer height=&#8221;30px&#8221; width=&#8221;1\/1&#8243; el_position=&#8221;first last&#8221;] [spb_text_block animation=&#8221;none&#8221; animation_delay=&#8221;0&#8243; simplified_controls=&#8221;yes&#8221; custom_css_percentage=&#8221;no&#8221; padding_vertical=&#8221;0&#8243; padding_horizontal=&#8221;0&#8243; margin_vertical=&#8221;0&#8243; custom_css=&#8221;margin-top: 0px;margin-bottom: 0px;&#8221; border_size=&#8221;0&#8243; border_styling_global=&#8221;default&#8221; width=&#8221;1\/1&#8243; el_position=&#8221;first last&#8221;]<\/p>\n<h2>ISRAELS BES\u00c6TTELSE ER ULOVLIG I SIN KERNE<\/h2>\n<p>[\/spb_text_block] [spb_blank_spacer height=&#8221;30px&#8221; width=&#8221;1\/1&#8243; el_position=&#8221;first last&#8221;] [spb_raw_html width=&#8221;1\/1&#8243; el_position=&#8221;first last&#8221;]JTNDZGl2JTIwc3R5bGUlM0QlMjJwb3NpdGlvbiUzQSUyMHJlbGF0aXZlJTNCJTIwcGFkZGluZy1ib3R0b20lM0ElMjA1Ni4yNSUyNSUzQiUyMGhlaWdodCUzQSUyMDAlM0IlMjBvdmVyZmxvdyUzQSUyMGhpZGRlbiUzQiUyMG1heC13aWR0aCUzQSUyMDEwMCUyNSUzQiUyMGhlaWdodCUzQSUyMGF1dG8lM0IlMjIlM0UlMEElMjAlMjAlM0NpZnJhbWUlMjBzcmMlM0QlMjJodHRwcyUzQSUyRiUyRnd3dy55b3V0dWJlLmNvbSUyRmVtYmVkJTJGNkxBQ3NlMDE3LUElMjIlMjAlMEElMjAlMjAlMjAlMjAlMjAlMjAlMjAlMjAlMjAlMjB0aXRsZSUzRCUyMkxhd3llciUyN3MlMjBpbmNyZWRpYmxlJTIwc3BlZWNoJTIwZGlzbWFudGxpbmclMjBJc3JhZWxpJTIwb2NjdXBhdGlvbiUyMG9mJTIwUGFsZXN0aW5lJTIwYXQlMjBUaGUlMjBIYWd1ZSUyMiUwQSUyMCUyMCUyMCUyMCUyMCUyMCUyMCUyMCUyMCUyMHN0eWxlJTNEJTIycG9zaXRpb24lM0ElMjBhYnNvbHV0ZSUzQiUyMHRvcCUzQSUyMDAlM0IlMjBsZWZ0JTNBJTIwMCUzQiUyMHdpZHRoJTNBJTIwMTAwJTI1JTNCJTIwaGVpZ2h0JTNBJTIwMTAwJTI1JTNCJTIyJTIwJTBBJTIwJTIwJTIwJTIwJTIwJTIwJTIwJTIwJTIwJTIwZnJhbWVib3JkZXIlM0QlMjIwJTIyJTIwJTBBJTIwJTIwJTIwJTIwJTIwJTIwJTIwJTIwJTIwJTIwYWxsb3clM0QlMjJhY2NlbGVyb21ldGVyJTNCJTIwYXV0b3BsYXklM0IlMjBjbGlwYm9hcmQtd3JpdGUlM0IlMjBlbmNyeXB0ZWQtbWVkaWElM0IlMjBneXJvc2NvcGUlM0IlMjBwaWN0dXJlLWluLXBpY3R1cmUlM0IlMjB3ZWItc2hhcmUlMjIlMEElMjAlMjAlMjAlMjAlMjAlMjAlMjAlMjAlMjAlMjByZWZlcnJlcnBvbGljeSUzRCUyMnN0cmljdC1vcmlnaW4td2hlbi1jcm9zcy1vcmlnaW4lMjIlMjAlMEElMjAlMjAlMjAlMjAlMjAlMjAlMjAlMjAlMjAlMjBhbGxvd2Z1bGxzY3JlZW4lM0UlMEElMjAlMjAlM0MlMkZpZnJhbWUlM0UlMEElM0MlMkZkaXYlM0UlMEE=[\/spb_raw_html] [spb_blank_spacer height=&#8221;30px&#8221; width=&#8221;1\/1&#8243; el_position=&#8221;first last&#8221;] [spb_text_block animation=&#8221;none&#8221; animation_delay=&#8221;0&#8243; simplified_controls=&#8221;yes&#8221; custom_css_percentage=&#8221;no&#8221; padding_vertical=&#8221;0&#8243; padding_horizontal=&#8221;0&#8243; margin_vertical=&#8221;0&#8243; custom_css=&#8221;margin-top: 0px;margin-bottom: 0px;&#8221; border_size=&#8221;0&#8243; border_styling_global=&#8221;default&#8221; width=&#8221;1\/1&#8243; el_position=&#8221;first last&#8221;]<\/p>\n<h2 data-start=\"308\" data-end=\"353\">TO VERDENER \u2013 TO JURISTER \u2013 TO SANDHEDER?<\/h2>\n<h3 data-start=\"355\" data-end=\"430\">HAUSDORFF FORSVARER ISRAEL \u2013 MENS RALPH WILDE HOLDER FAST I FOLKERETTEN<\/h3>\n<p data-start=\"432\" data-end=\"717\">Den 5. maj 2025 talte Natasha Hausdorff i F\u00e6llessalen p\u00e5 Christiansborg. Som britisk advokat med speciale i international ret fremlagde hun en teknisk, juridisk forsvarstale p\u00e5 vegne af Israel, hvor hun beskrev anklager om folkedrab som \u201cblodanklager\u201d og \u201cmisbrug af jura\u201d.<\/p>\n<p data-start=\"719\" data-end=\"752\">Men hendes rolle er ikke neutral.<\/p>\n<p data-start=\"754\" data-end=\"993\"><strong data-start=\"754\" data-end=\"817\">Hausdorff arbejder for NGO\u2019en UKLFI (UK Lawyers for Israel)<\/strong> og fungerer som <strong data-start=\"834\" data-end=\"884\">juridisk r\u00e5dgiver for pro-israelske interesser<\/strong>. Hendes klient er staten Israel \u2013 og hendes opgave er at legitimere dets handlinger i Gaza og mod Pal\u00e6stina.<\/p>\n<p data-start=\"995\" data-end=\"1388\">I skarp kontrast st\u00e5r stemmer som <strong data-start=\"1029\" data-end=\"1044\">Ralph Wilde<\/strong>, professor i international ret og tidligere r\u00e5dgiver ved <strong data-start=\"1102\" data-end=\"1139\">Den Internationale Domstol i Haag<\/strong>. Han har gentagne gange udtalt, at der er juridisk bel\u00e6g for at efterforske Israel for mulige forbrydelser mod menneskeheden og folkedrab \u2013 og understreger, at det internationale samfund har en pligt til at handle, ikke blot diskutere semantik.<\/p>\n<p>[\/spb_text_block] [spb_blank_spacer height=&#8221;30px&#8221; width=&#8221;1\/1&#8243; el_position=&#8221;first last&#8221;] [spb_raw_html width=&#8221;1\/2&#8243; el_position=&#8221;first&#8221;]JTNDZGl2JTIwc3R5bGUlM0QlMjJwb3NpdGlvbiUzQSUyMHJlbGF0aXZlJTNCJTIwcGFkZGluZy1ib3R0b20lM0ElMjAxNzcuNyUyNSUzQiUyMGhlaWdodCUzQSUyMDAlM0IlMjBvdmVyZmxvdyUzQSUyMGhpZGRlbiUzQiUyMG1heC13aWR0aCUzQSUyMDEwMCUyNSUzQiUyMiUzRSUwQSUyMCUyMCUzQ2lmcmFtZSUyMHNyYyUzRCUyMmh0dHBzJTNBJTJGJTJGd3d3LnlvdXR1YmUuY29tJTJGZW1iZWQlMkZadVB4WUhsZ0NMOCUyMiUwQSUyMCUyMCUyMCUyMCUyMCUyMCUyMCUyMCUyMCUyMHN0eWxlJTNEJTIycG9zaXRpb24lM0ElMjBhYnNvbHV0ZSUzQiUyMHRvcCUzQSUyMDAlM0IlMjBsZWZ0JTNBJTIwMCUzQiUyMHdpZHRoJTNBJTIwMTAwJTI1JTNCJTIwaGVpZ2h0JTNBJTIwMTAwJTI1JTNCJTIyJTBBJTIwJTIwJTIwJTIwJTIwJTIwJTIwJTIwJTIwJTIwZnJhbWVib3JkZXIlM0QlMjIwJTIyJTBBJTIwJTIwJTIwJTIwJTIwJTIwJTIwJTIwJTIwJTIwYWxsb3clM0QlMjJhY2NlbGVyb21ldGVyJTNCJTIwYXV0b3BsYXklM0IlMjBjbGlwYm9hcmQtd3JpdGUlM0IlMjBlbmNyeXB0ZWQtbWVkaWElM0IlMjBneXJvc2NvcGUlM0IlMjBwaWN0dXJlLWluLXBpY3R1cmUlM0IlMjB3ZWItc2hhcmUlMjIlMEElMjAlMjAlMjAlMjAlMjAlMjAlMjAlMjAlMjAlMjBhbGxvd2Z1bGxzY3JlZW4lMEElMjAlMjAlMjAlMjAlMjAlMjAlMjAlMjAlMjAlMjByZWZlcnJlcnBvbGljeSUzRCUyMnN0cmljdC1vcmlnaW4td2hlbi1jcm9zcy1vcmlnaW4lMjIlM0UlMEElMjAlMjAlM0MlMkZpZnJhbWUlM0UlMEElM0MlMkZkaXYlM0UlMEE=[\/spb_raw_html] [spb_text_block animation=&#8221;none&#8221; animation_delay=&#8221;0&#8243; simplified_controls=&#8221;yes&#8221; custom_css_percentage=&#8221;no&#8221; padding_vertical=&#8221;0&#8243; padding_horizontal=&#8221;0&#8243; margin_vertical=&#8221;0&#8243; custom_css=&#8221;margin-top: 0px;margin-bottom: 0px;&#8221; border_size=&#8221;0&#8243; border_styling_global=&#8221;default&#8221; width=&#8221;1\/2&#8243; el_position=&#8221;last&#8221;]<\/p>\n<p><em>\u201cDet handler ikke om intentioner \u2013 det handler om konsekvenser og ansvar,\u201d har Wilde udtalt.<\/em><br data-start=\"1484\" data-end=\"1487\" \/><em>Hans analyser bygger p\u00e5 folkeretlige principper \u2013 ikke politisk spin.<\/em><\/p>\n<p>Selv <strong data-start=\"1565\" data-end=\"1581\">Piers Morgan<\/strong>, som i starten bakkede op om den israelske linje, virker til sidst frustreret over Hausdorffs unuancerede forsvar. Se selv og bed\u00f8m selv. Edicate yourself Ladies and Gentlemen.<\/p>\n<p>[\/spb_text_block] [spb_blank_spacer height=&#8221;30px&#8221; width=&#8221;1\/1&#8243; el_position=&#8221;first last&#8221;] [spb_blank_spacer height=&#8221;30px&#8221; width=&#8221;1\/1&#8243; el_position=&#8221;first last&#8221;] [spb_text_block animation=&#8221;none&#8221; animation_delay=&#8221;0&#8243; simplified_controls=&#8221;yes&#8221; custom_css_percentage=&#8221;no&#8221; padding_vertical=&#8221;0&#8243; padding_horizontal=&#8221;0&#8243; margin_vertical=&#8221;0&#8243; custom_css=&#8221;margin-top: 0px;margin-bottom: 0px;&#8221; border_size=&#8221;0&#8243; border_styling_global=&#8221;default&#8221; width=&#8221;1\/1&#8243; el_position=&#8221;first last&#8221;]<\/p>\n<table style=\"width: 100%; border-collapse: collapse; font-family: sans-serif; font-size: 16px;\">\n<thead>\n<tr style=\"background-color: #e6e6e6;\">\n<th style=\"padding: 14px 16px; border: 1px solid #ccc; text-align: left; text-transform: uppercase;\">Emne<\/th>\n<th style=\"padding: 14px 16px; border: 1px solid #ccc; text-align: left; text-transform: uppercase;\">Natasha Hausdorff<\/th>\n<th style=\"padding: 14px 16px; border: 1px solid #ccc; text-align: left; text-transform: uppercase;\">Ralph Wilde<\/th>\n<\/tr>\n<\/thead>\n<tbody>\n<tr>\n<td style=\"padding: 12px 16px; border: 1px solid #ccc;\">FOLKEDRAB<\/td>\n<td style=\"padding: 12px 16px; border: 1px solid #ccc;\">Afviser anklagen som propaganda og manipulation<\/td>\n<td style=\"padding: 12px 16px; border: 1px solid #ccc;\">Mener, der er rimelig sandsynlighed for folkedrab<\/td>\n<\/tr>\n<tr>\n<td style=\"padding: 12px 16px; border: 1px solid #ccc;\">AMNESTY OG NGO\u2019ER<\/td>\n<td style=\"padding: 12px 16px; border: 1px solid #ccc;\">Beskylder dem for partiskhed og lovmisbrug<\/td>\n<td style=\"padding: 12px 16px; border: 1px solid #ccc;\">Ser dem som vigtige dokumentationskilder<\/td>\n<\/tr>\n<tr>\n<td style=\"padding: 12px 16px; border: 1px solid #ccc;\">BES\u00c6TTELSE<\/td>\n<td style=\"padding: 12px 16px; border: 1px solid #ccc;\">Retf\u00e6rdigg\u00f8r Israels handlinger som selvforsvar<\/td>\n<td style=\"padding: 12px 16px; border: 1px solid #ccc;\">Kalder Israels kontrol over Pal\u00e6stina ulovlig<\/td>\n<\/tr>\n<tr>\n<td style=\"padding: 12px 16px; border: 1px solid #ccc;\">HASBARA 6 KOMMUNIKATION<\/td>\n<td style=\"padding: 12px 16px; border: 1px solid #ccc;\">Bruger retorik mod NGO\u2019er og kritikere<\/td>\n<td style=\"padding: 12px 16px; border: 1px solid #ccc;\">P\u00e5peger sprog og information som magtmidler<\/td>\n<\/tr>\n<tr>\n<td style=\"padding: 12px 16px; border: 1px solid #ccc;\">INTERNATIONALE DOMSTOLE<\/td>\n<td style=\"padding: 12px 16px; border: 1px solid #ccc;\">Kritiserer domstolens retning<\/td>\n<td style=\"padding: 12px 16px; border: 1px solid #ccc;\">Deltager og st\u00f8tter ICJ\u2019s vurdering<\/td>\n<\/tr>\n<\/tbody>\n<\/table>\n<p>[\/spb_text_block] [spb_text_block animation=&#8221;none&#8221; animation_delay=&#8221;0&#8243; simplified_controls=&#8221;yes&#8221; custom_css_percentage=&#8221;no&#8221; padding_vertical=&#8221;0&#8243; padding_horizontal=&#8221;0&#8243; margin_vertical=&#8221;0&#8243; custom_css=&#8221;margin-top: 0px;margin-bottom: 0px;&#8221; border_size=&#8221;0&#8243; border_styling_global=&#8221;default&#8221; width=&#8221;1\/1&#8243; el_position=&#8221;first last&#8221;]<\/p>\n<p><em>Tabellen illustrerer, hvordan Natasha Hausdorff og Ralph Wilde repr\u00e6senterer to modsatrettede syn p\u00e5 folkeretten, international humanit\u00e6r lov og anklager om folkedrab i Israel-Pal\u00e6stina-konflikten. Det handler ikke kun om fakta \u2013 men ogs\u00e5 om, hvem der styrer fort\u00e6llingen.<\/em><\/p>\n<p>[\/spb_text_block] [spb_text_block animation=&#8221;none&#8221; animation_delay=&#8221;0&#8243; simplified_controls=&#8221;yes&#8221; custom_css_percentage=&#8221;no&#8221; padding_vertical=&#8221;0&#8243; padding_horizontal=&#8221;0&#8243; margin_vertical=&#8221;0&#8243; custom_css=&#8221;margin-top: 0px;margin-bottom: 0px;&#8221; border_size=&#8221;0&#8243; border_styling_global=&#8221;default&#8221; width=&#8221;1\/1&#8243; el_position=&#8221;first last&#8221;]<\/p>\n<h2 data-start=\"114\" data-end=\"148\">ANTAL GANGE ORDENE BLIVER BRUGT<\/h2>\n<h4 data-start=\"150\" data-end=\"253\"><strong>HVOR MANGE GANGE SIGER NATASHA &#8220;HAMAS&#8221;, &#8220;HAMAS-TERRORISTER&#8221; OG &#8220;IDF&#8221; \u2013 OG HVORFOR DET BETYDER NOGET<\/strong><\/h4>\n<p data-start=\"255\" data-end=\"479\">N\u00e5r jeg analyserer denne tale, er det tydeligt, at Natasha fors\u00f8ger at bruge <strong data-start=\"332\" data-end=\"341\">HAMAS<\/strong> som et strategisk frygtord \u2013 et greb direkte alignet med hasbara-manualen og den propaganda, der s\u00f8ger at male \u00e9t entydigt fjendebillede.<\/p>\n<p data-start=\"481\" data-end=\"706\">Ved at gentage &#8220;Hamas&#8221; og is\u00e6r &#8220;Hamas-terrorister&#8221; igen og igen, skaber hun et psykologisk m\u00f8nster, der g\u00f8r Hamas til et mareridtsbillede \u2013 og samtidig fremst\u00e5r <strong data-start=\"642\" data-end=\"649\">IDF<\/strong> (den israelske h\u00e6r) som n\u00e6rmest frav\u00e6rende i konflikten.<\/p>\n<p data-start=\"708\" data-end=\"733\">Herunder ses fordelingen:<\/p>\n<p>[\/spb_text_block] [spb_blank_spacer height=&#8221;30px&#8221; width=&#8221;1\/1&#8243; el_position=&#8221;first last&#8221;] [spb_raw_html width=&#8221;1\/1&#8243; el_position=&#8221;first last&#8221;]JTNDc3R5bGUlM0UlMEElMjAlMjAuY3VzdG9tLXRhYmxlJTIwJTdCJTBBJTIwJTIwJTIwJTIwd2lkdGglM0ElMjAxMDAlMjUlM0IlMEElMjAlMjAlMjAlMjBtYXgtd2lkdGglM0ElMjA2MDBweCUzQiUwQSUyMCUyMCUyMCUyMGJvcmRlci1jb2xsYXBzZSUzQSUyMGNvbGxhcHNlJTNCJTBBJTIwJTIwJTIwJTIwbWFyZ2luJTNBJTIwMXJlbSUyMGF1dG8lM0IlMEElMjAlMjAlMjAlMjBmb250LWZhbWlseSUzQSUyMEFyaWFsJTJDJTIwc2Fucy1zZXJpZiUzQiUwQSUyMCUyMCUyMCUyMGZvbnQtc2l6ZSUzQSUyMDE2cHglM0IlMEElMjAlMjAlN0QlMEElMEElMjAlMjAuY3VzdG9tLXRhYmxlJTIwdGglMkMlMjAuY3VzdG9tLXRhYmxlJTIwdGQlMjAlN0IlMEElMjAlMjAlMjAlMjBib3JkZXIlM0ElMjAxcHglMjBzb2xpZCUyMCUyM2NjYyUzQiUwQSUyMCUyMCUyMCUyMHBhZGRpbmclM0ElMjAxNHB4JTIwMThweCUzQiUwQSUyMCUyMCUyMCUyMHRleHQtYWxpZ24lM0ElMjBsZWZ0JTNCJTBBJTIwJTIwJTdEJTBBJTBBJTIwJTIwLmN1c3RvbS10YWJsZSUyMHRoJTIwJTdCJTBBJTIwJTIwJTIwJTIwYmFja2dyb3VuZC1jb2xvciUzQSUyMCUyM2Y5ZjlmOSUzQiUwQSUyMCUyMCUyMCUyMGZvbnQtd2VpZ2h0JTNBJTIwYm9sZCUzQiUwQSUyMCUyMCU3RCUwQSUwQSUyMCUyMCU0MG1lZGlhJTIwc2NyZWVuJTIwYW5kJTIwJTI4bWF4LXdpZHRoJTNBJTIwNjAwcHglMjklMjAlN0IlMEElMjAlMjAlMjAlMjAuY3VzdG9tLXRhYmxlJTIwdGhlYWQlMjAlN0IlMEElMjAlMjAlMjAlMjAlMjAlMjBkaXNwbGF5JTNBJTIwbm9uZSUzQiUwQSUyMCUyMCUyMCUyMCU3RCUwQSUwQSUyMCUyMCUyMCUyMC5jdXN0b20tdGFibGUlMjB0ciUyMCU3QiUwQSUyMCUyMCUyMCUyMCUyMCUyMGRpc3BsYXklM0ElMjBibG9jayUzQiUwQSUyMCUyMCUyMCUyMCUyMCUyMG1hcmdpbi1ib3R0b20lM0ElMjAxNXB4JTNCJTBBJTIwJTIwJTIwJTIwJTIwJTIwYm9yZGVyJTNBJTIwMXB4JTIwc29saWQlMjAlMjNjY2MlM0IlMEElMjAlMjAlMjAlMjAlN0QlMEElMEElMjAlMjAlMjAlMjAuY3VzdG9tLXRhYmxlJTIwdGQlMjAlN0IlMEElMjAlMjAlMjAlMjAlMjAlMjBkaXNwbGF5JTNBJTIwZmxleCUzQiUwQSUyMCUyMCUyMCUyMCUyMCUyMGp1c3RpZnktY29udGVudCUzQSUyMHNwYWNlLWJldHdlZW4lM0IlMEElMjAlMjAlMjAlMjAlMjAlMjBwYWRkaW5nJTNBJTIwMTJweCUyMDE2cHglM0IlMEElMjAlMjAlMjAlMjAlMjAlMjBib3JkZXIlM0ElMjBub25lJTNCJTBBJTIwJTIwJTIwJTIwJTIwJTIwYm9yZGVyLWJvdHRvbSUzQSUyMDFweCUyMHNvbGlkJTIwJTIzZWVlJTNCJTBBJTIwJTIwJTIwJTIwJTdEJTBBJTBBJTIwJTIwJTIwJTIwLmN1c3RvbS10YWJsZSUyMHRkJTNBJTNBYmVmb3JlJTIwJTdCJTBBJTIwJTIwJTIwJTIwJTIwJTIwY29udGVudCUzQSUyMGF0dHIlMjhkYXRhLWxhYmVsJTI5JTNCJTBBJTIwJTIwJTIwJTIwJTIwJTIwZm9udC13ZWlnaHQlM0ElMjBib2xkJTNCJTBBJTIwJTIwJTIwJTIwJTdEJTBBJTIwJTIwJTdEJTBBJTNDJTJGc3R5bGUlM0UlMEElMEElM0N0YWJsZSUyMGNsYXNzJTNEJTIyY3VzdG9tLXRhYmxlJTIyJTNFJTBBJTIwJTIwJTNDdGhlYWQlM0UlMEElMjAlMjAlMjAlMjAlM0N0ciUzRSUwQSUyMCUyMCUyMCUyMCUyMCUyMCUzQ3RoJTNFVWR0cnlrJTNDJTJGdGglM0UlMEElMjAlMjAlMjAlMjAlMjAlMjAlM0N0aCUzRUFudGFsJTIwZ2FuZ2UlM0MlMkZ0aCUzRSUwQSUyMCUyMCUyMCUyMCUyMCUyMCUzQ3RoJTNFUHJvY2VudGRlbCUzQyUyRnRoJTNFJTBBJTIwJTIwJTIwJTIwJTNDJTJGdHIlM0UlMEElMjAlMjAlM0MlMkZ0aGVhZCUzRSUwQSUyMCUyMCUzQ3Rib2R5JTNFJTBBJTIwJTIwJTIwJTIwJTNDdHIlM0UlMEElMjAlMjAlMjAlMjAlMjAlMjAlM0N0ZCUyMGRhdGEtbGFiZWwlM0QlMjJVZHRyeWslMjIlM0VIYW1hcyUzQyUyRnRkJTNFJTBBJTIwJTIwJTIwJTIwJTIwJTIwJTNDdGQlMjBkYXRhLWxhYmVsJTNEJTIyQW50YWwlMjBnYW5nZSUyMiUzRTQ1JTNDJTJGdGQlM0UlMEElMjAlMjAlMjAlMjAlMjAlMjAlM0N0ZCUyMGRhdGEtbGFiZWwlM0QlMjJQcm9jZW50ZGVsJTIyJTNFNjklMkMyMyUyNSUzQyUyRnRkJTNFJTBBJTIwJTIwJTIwJTIwJTNDJTJGdHIlM0UlMEElMjAlMjAlMjAlMjAlM0N0ciUzRSUwQSUyMCUyMCUyMCUyMCUyMCUyMCUzQ3RkJTIwZGF0YS1sYWJlbCUzRCUyMlVkdHJ5ayUyMiUzRUhhbWFzLXRlcnJvcmlzdGVyJTNDJTJGdGQlM0UlMEElMjAlMjAlMjAlMjAlMjAlMjAlM0N0ZCUyMGRhdGEtbGFiZWwlM0QlMjJBbnRhbCUyMGdhbmdlJTIyJTNFOCUzQyUyRnRkJTNFJTBBJTIwJTIwJTIwJTIwJTIwJTIwJTNDdGQlMjBkYXRhLWxhYmVsJTNEJTIyUHJvY2VudGRlbCUyMiUzRTEyJTJDMzElMjUlM0MlMkZ0ZCUzRSUwQSUyMCUyMCUyMCUyMCUzQyUyRnRyJTNFJTBBJTIwJTIwJTIwJTIwJTNDdHIlM0UlMEElMjAlMjAlMjAlMjAlMjAlMjAlM0N0ZCUyMGRhdGEtbGFiZWwlM0QlMjJVZHRyeWslMjIlM0VJREYlM0MlMkZ0ZCUzRSUwQSUyMCUyMCUyMCUyMCUyMCUyMCUzQ3RkJTIwZGF0YS1sYWJlbCUzRCUyMkFudGFsJTIwZ2FuZ2UlMjIlM0UxMiUzQyUyRnRkJTNFJTBBJTIwJTIwJTIwJTIwJTIwJTIwJTNDdGQlMjBkYXRhLWxhYmVsJTNEJTIyUHJvY2VudGRlbCUyMiUzRTE4JTJDNDYlMjUlM0MlMkZ0ZCUzRSUwQSUyMCUyMCUyMCUyMCUzQyUyRnRyJTNFJTBBJTIwJTIwJTNDJTJGdGJvZHklM0UlMEElM0MlMkZ0YWJsZSUzRSUwQQ==[\/spb_raw_html] [spb_blank_spacer height=&#8221;30px&#8221; width=&#8221;1\/1&#8243; el_position=&#8221;first last&#8221;] [spb_raw_html width=&#8221;1\/1&#8243; el_position=&#8221;first last&#8221;]JTNDYmxvY2txdW90ZSUyMGNsYXNzJTNEJTIydHdpdHRlci10d2VldCUyMiUyMGRhdGEtdGhlbWUlM0QlMjJkYXJrJTIyJTNFJTNDcCUyMGxhbmclM0QlMjJkYSUyMiUyMGRpciUzRCUyMmx0ciUyMiUzRURlbiUyMHByb2lzcmFlbHNrZSUyMGFkdm9rYXQlMjBOYXRhc2hhJTIwSGF1c2RvcmZmJTJDJTIwYmxldiUyMG0lQzMlQjhkdCUyMHNvbSUyMGVuJTIwc3RqZXJuZSUyMGFmJTIwZGVsZSUyMGFmJTIwREsuJTIwSHVuJTIwYmVmaW5kZXIlMjBzaWclMjBpJTIwZXQlMjBmb2xrZXJldGxpZ3QlMjBwYXJhbGxlbHVuaXZlcnMlMkMlMjBodm9yJTIwVmVzdGJyZWRkZW4lMjBpa2tlJTIwZXIlMjBiZXNhdCUyQyUyMGJvcyVDMyVBNnR0ZWxzZXIlMjBlciUyMGxvdmxpZ2UlMkMlMjBJQ0olMjAlMjZxdW90JTNCZXQlMjBjaXJrdXMlMjZxdW90JTNCJTIwb2clMjBhZnZpa2xpbmclMjBhZiUyMGJvcyVDMyVBNnR0ZWxzZXIlMjAlMjZxdW90JTNCZXRuaXNrJTIwdWRyZW5zbmluZyUyNnF1b3QlM0IlMjAlM0NhJTIwaHJlZiUzRCUyMmh0dHBzJTNBJTJGJTJGdC5jbyUyRmF5WkEzdEZmTVAlMjIlM0VodHRwcyUzQSUyRiUyRnQuY28lMkZheVpBM3RGZk1QJTNDJTJGYSUzRSUzQyUyRnAlM0UlMjZtZGFzaCUzQiUyMFN0ZWZmZW4lMjBHcm90aCUyMCUyOCU0MHN0ZWZmZW5fZ3JvdGglMjklMjAlM0NhJTIwaHJlZiUzRCUyMmh0dHBzJTNBJTJGJTJGdHdpdHRlci5jb20lMkZzdGVmZmVuX2dyb3RoJTJGc3RhdHVzJTJGMTkyOTg3NzU0NjI2MDE4OTY2MiUzRnJlZl9zcmMlM0R0d3NyYyUyNTVFdGZ3JTIyJTNFSnVuZSUyMDMlMkMlMjAyMDI1JTNDJTJGYSUzRSUzQyUyRmJsb2NrcXVvdGUlM0UlMjAlM0NzY3JpcHQlMjBhc3luYyUyMHNyYyUzRCUyMmh0dHBzJTNBJTJGJTJGcGxhdGZvcm0udHdpdHRlci5jb20lMkZ3aWRnZXRzLmpzJTIyJTIwY2hhcnNldCUzRCUyMnV0Zi04JTIyJTNFJTNDJTJGc2NyaXB0JTNF[\/spb_raw_html] [spb_blank_spacer height=&#8221;30px&#8221; width=&#8221;1\/1&#8243; el_position=&#8221;first last&#8221;] [spb_text_block animation=&#8221;none&#8221; animation_delay=&#8221;0&#8243; simplified_controls=&#8221;yes&#8221; custom_css_percentage=&#8221;no&#8221; padding_vertical=&#8221;0&#8243; padding_horizontal=&#8221;0&#8243; margin_vertical=&#8221;0&#8243; custom_css=&#8221;margin-top: 0px;margin-bottom: 0px;&#8221; border_size=&#8221;0&#8243; border_styling_global=&#8221;default&#8221; width=&#8221;1\/1&#8243; el_position=&#8221;first last&#8221;]<\/p>\n<h2>DANIEL GR\u00dcTTERS<\/h2>\n<h3>EN ANDEN STEMME FRA BRITISK RETSSTAT<\/h3>\n<p>Men Natasha Hausdorff st\u00e5r ikke alene med juridiske holdninger \u2013 og hun st\u00e5r bestemt ikke uimodsagt. I London taler en anden britisk jurist, Daniel Gr\u00fctters, med en helt anden vinkel.<\/p>\n<p>Daniel Gr\u00fctters er britisk barrister med speciale i folkeret og menneskerettigheder. I april 2025 fremlagde han, som en del af et juridisk team, et opsigtsv\u00e6kkende argument over for det britiske indenrigsministerium: <a href=\"https:\/\/zlcopenhagen.com\/es\/hamas-case-terrorlisten\/\" target=\"_blank\" rel=\"noopener\">Fjern Hamas fra terrorlisten<\/a>.<\/p>\n<blockquote><p><em>&#8220;Dette handler ikke om st\u00f8tte \u2013 det handler om juridisk forpligtelse,&#8221; forklarede Gr\u00fctters i et interview den 11. april 2025.<\/em><\/p><\/blockquote>\n<h3>HVORFOR ER DET VIGTIGT?<\/h3>\n<p>Det viser, at selv h\u00f8jtuddannede jurister i det britiske retssystem er dybt uenige om, hvad der udg\u00f8r lovbrud, menneskerettigheder \u2013 og folkemord.<\/p>\n<p>Daniel Gr\u00fctters understreger selv i interviewet:<\/p>\n<p><em>\u201cDette handler ikke om at udtrykke st\u00f8tte til Hamas. Det er et sp\u00f8rgsm\u00e5l om lovens processer og statens ansvar for at overholde international ret.\u201d<\/em><\/p>\n<p>Han forklarer, at ans\u00f8gningen bygger p\u00e5 tre hovedpunkter:<\/p>\n<ol>\n<li><em>Storbritannien bryder sin <strong>folkeretlige forpligtelse<\/strong> ved at st\u00f8tte (direkte\/indirekte) et muligt folkedrab<\/em><\/li>\n<li><em>Terrorlovgivningen <strong>kriminaliserer ytringer<\/strong> og lammer \u00e5ben debat<\/em><\/li>\n<li><em>Hamas-forbuddet er <strong>ude af proportioner<\/strong> \u2013 og rammer ogs\u00e5 Gazas civile<\/em><\/li>\n<\/ol>\n<p>Han argumenterer yderligere:<\/p>\n<p><em>\u201cSelv hvis der ikke er tale om folkedrab, er der s\u00e5 mange indicier, at pligten til at forebygge er udl\u00f8st.\u201d<\/em><\/p>\n<p>Og han g\u00f8r det klart, at det ikke er unikt for Hamas:<\/p>\n<p><em>\u201cEfter definitionen af terrorisme, kunne det britiske indenrigsministerium ogs\u00e5 klassificere Israels h\u00e6r eller Ukraines kamp mod Rusland som terrorhandlinger. Det handler om, hvordan staten v\u00e6lger at bruge sin sk\u00f8nsret.\u201d<\/em><\/p>\n<p>[\/spb_text_block] [spb_blank_spacer height=&#8221;30px&#8221; width=&#8221;1\/1&#8243; el_position=&#8221;first last&#8221;] [spb_raw_html width=&#8221;1\/1&#8243; el_position=&#8221;first last&#8221;]JTNDZGl2JTIwc3R5bGUlM0QlMjJwb3NpdGlvbiUzQSUyMHJlbGF0aXZlJTNCJTIwcGFkZGluZy1ib3R0b20lM0ElMjA1Ni4yNSUyNSUzQiUyMGhlaWdodCUzQSUyMDAlM0IlMjBvdmVyZmxvdyUzQSUyMGhpZGRlbiUzQiUyMG1heC13aWR0aCUzQSUyMDEwMCUyNSUzQiUyMGhlaWdodCUzQSUyMGF1dG8lM0IlMjIlM0UlMEElMjAlMjAlM0NpZnJhbWUlMjBzcmMlM0QlMjJodHRwcyUzQSUyRiUyRnd3dy55b3V0dWJlLmNvbSUyRmVtYmVkJTJGUm85SndWcHJzcXMlMjIlMEElMjAlMjAlMjAlMjAlMjAlMjAlMjAlMjAlMjAlMjB0aXRsZSUzRCUyMkhhbWFzJTIwdnMuJTIwVUslMjBHb3YlMjBjYXNlJTIwZXhwbGFpbmVkJTIwJTI4ZnQuJTIwbGF3eWVyJTIwRGFuaWVsJTIwR3IlQzMlQkN0dGVycyUyOSUyMiUwQSUyMCUyMCUyMCUyMCUyMCUyMCUyMCUyMCUyMCUyMHN0eWxlJTNEJTIycG9zaXRpb24lM0ElMjBhYnNvbHV0ZSUzQiUyMHRvcCUzQSUyMDAlM0IlMjBsZWZ0JTNBJTIwMCUzQiUyMHdpZHRoJTNBJTIwMTAwJTI1JTNCJTIwaGVpZ2h0JTNBJTIwMTAwJTI1JTNCJTIyJTBBJTIwJTIwJTIwJTIwJTIwJTIwJTIwJTIwJTIwJTIwZnJhbWVib3JkZXIlM0QlMjIwJTIyJTBBJTIwJTIwJTIwJTIwJTIwJTIwJTIwJTIwJTIwJTIwYWxsb3clM0QlMjJhY2NlbGVyb21ldGVyJTNCJTIwYXV0b3BsYXklM0IlMjBjbGlwYm9hcmQtd3JpdGUlM0IlMjBlbmNyeXB0ZWQtbWVkaWElM0IlMjBneXJvc2NvcGUlM0IlMjBwaWN0dXJlLWluLXBpY3R1cmUlM0IlMjB3ZWItc2hhcmUlMjIlMEElMjAlMjAlMjAlMjAlMjAlMjAlMjAlMjAlMjAlMjBhbGxvd2Z1bGxzY3JlZW4lM0UlMEElMjAlMjAlM0MlMkZpZnJhbWUlM0UlMEElM0MlMkZkaXYlM0UlMEE=[\/spb_raw_html] [spb_blank_spacer height=&#8221;30px&#8221; width=&#8221;1\/1&#8243; el_position=&#8221;first last&#8221;] [spb_blank_spacer height=&#8221;30px&#8221; width=&#8221;1\/1&#8243; el_position=&#8221;first last&#8221;] [spb_text_block animation=&#8221;none&#8221; animation_delay=&#8221;0&#8243; simplified_controls=&#8221;yes&#8221; custom_css_percentage=&#8221;no&#8221; padding_vertical=&#8221;0&#8243; padding_horizontal=&#8221;0&#8243; margin_vertical=&#8221;0&#8243; custom_css=&#8221;margin-top: 0px;margin-bottom: 0px;&#8221; border_size=&#8221;0&#8243; border_styling_global=&#8221;default&#8221; width=&#8221;1\/1&#8243; el_position=&#8221;first last&#8221;]<\/p>\n<div style=\"overflow-x: auto;\">\n<table style=\"width: 100%; border-collapse: collapse; font-family: Arial, sans-serif; min-width: 600px;\">\n<thead>\n<tr style=\"background-color: #f0f0f0; text-align: left;\">\n<th style=\"border: 1px solid #ccc; padding: 10px;\">EMNE<\/th>\n<th style=\"border: 1px solid #ccc; padding: 10px;\">RALPH WILDE<\/th>\n<th style=\"border: 1px solid #ccc; padding: 10px;\">DANIEL GR\u00dcTTERS<\/th>\n<\/tr>\n<\/thead>\n<tbody>\n<tr>\n<td style=\"border: 1px solid #ccc; padding: 10px;\">INSTITUTION<\/td>\n<td style=\"border: 1px solid #ccc; padding: 10px;\">International domstol (Haag)<\/td>\n<td style=\"border: 1px solid #ccc; padding: 10px;\">Britisk domstol (UK Home Office)<\/td>\n<\/tr>\n<tr>\n<td style=\"border: 1px solid #ccc; padding: 10px;\">FOKUS<\/td>\n<td style=\"border: 1px solid #ccc; padding: 10px;\">Bes\u00e6ttelse og ulovlig statspolitik<\/td>\n<td style=\"border: 1px solid #ccc; padding: 10px;\">Terrorlovens effekt p\u00e5 ytringsfrihed<\/td>\n<\/tr>\n<tr>\n<td style=\"border: 1px solid #ccc; padding: 10px;\">JURIDISK STRATEGI<\/td>\n<td style=\"border: 1px solid #ccc; padding: 10px;\">Argumenterer for statsansvar i FN-regi<\/td>\n<td style=\"border: 1px solid #ccc; padding: 10px;\">Argumenterer for individuel beskyttelse under menneskeretten<\/td>\n<\/tr>\n<tr>\n<td style=\"border: 1px solid #ccc; padding: 10px;\">SYN P\u00c5 HAMAS<\/td>\n<td style=\"border: 1px solid #ccc; padding: 10px;\">Udtaler sig ikke eksplicit<\/td>\n<td style=\"border: 1px solid #ccc; padding: 10px;\">Forsvarer retten til at s\u00f8ge depreskribering \u2013 ikke st\u00f8tten<\/td>\n<\/tr>\n<tr>\n<td style=\"border: 1px solid #ccc; padding: 10px;\">CITAT<\/td>\n<td style=\"border: 1px solid #ccc; padding: 10px;\">&#8220;Israel f\u00f8rer en ulovlig bes\u00e6ttelse og b\u00f8r stilles til ansvar.&#8221;<\/td>\n<td style=\"border: 1px solid #ccc; padding: 10px;\">&#8220;Selv hvis det ikke er folkedrab, er der pligt til at forebygge.&#8221;<\/td>\n<\/tr>\n<\/tbody>\n<\/table>\n<\/div>\n<p>[\/spb_text_block] [spb_blank_spacer height=&#8221;30px&#8221; width=&#8221;1\/1&#8243; el_position=&#8221;first last&#8221;] [spb_text_block animation=&#8221;none&#8221; animation_delay=&#8221;0&#8243; simplified_controls=&#8221;yes&#8221; custom_css_percentage=&#8221;no&#8221; padding_vertical=&#8221;0&#8243; padding_horizontal=&#8221;0&#8243; margin_vertical=&#8221;0&#8243; custom_css=&#8221;margin-top: 0px;margin-bottom: 0px;&#8221; border_size=&#8221;0&#8243; border_styling_global=&#8221;default&#8221; width=&#8221;1\/1&#8243; el_position=&#8221;first last&#8221;]<\/p>\n<h2 data-start=\"124\" data-end=\"158\">ET ARMB\u00c5ND \u2013 ET STANDPUNKT<\/h2>\n<p data-start=\"159\" data-end=\"203\"><strong data-start=\"159\" data-end=\"203\">G\u00f8r noget godt. For dig selv. For andre.<\/strong><\/p>\n<p data-start=\"215\" data-end=\"305\">Et armb\u00e5nd kan v\u00e6re mere end pynt. Det kan v\u00e6re en p\u00e5mindelse. En gestus. Et standpunkt.<\/p>\n<p data-start=\"307\" data-end=\"452\">B\u00e6r det som et symbol \u2013 n\u00e5r du giver en almisser, en zakat, en sadka,<br data-start=\"378\" data-end=\"381\" \/>n\u00e5r du m\u00f8der en hjeml\u00f8s, eller bare vil vise, at du ikke er ligeglad.<\/p>\n<p data-start=\"454\" data-end=\"533\">Du kan ogs\u00e5 lave dit eget: et stykke snor, en perle, en makram\u00e9 \u2013 det er nok.\u00a0<strong data-start=\"535\" data-end=\"565\">Sm\u00e5 ting. St\u00e6rke signaler.<\/strong><\/p>\n<p>[\/spb_text_block] [spb_blank_spacer height=&#8221;30px&#8221; width=&#8221;1\/1&#8243; el_position=&#8221;first last&#8221;] [spb_products element_name=&#8221;G\u00d8R EN FORKEL &#8211; IDENTITETSMARK\u00d8R&#8221; title=&#8221;G\u00d8R EN FORKEL &#8211; IDENTITETSMARK\u00d8R&#8221; asset_type=&#8221;best-sellers&#8221; category=&#8221;anne-sofie-allarp-homas,perlearmband-til-maend,makrame-armband-smykke,velgoerenheds-armbaand&#8221; display_type=&#8221;standard&#8221; display_layout=&#8221;standard&#8221; multi_masonry=&#8221;no&#8221; carousel=&#8221;yes&#8221; fullwidth=&#8221;no&#8221; columns=&#8221;2&#8243; item_count=&#8221;25&#8243; order=&#8221;DESC&#8221; button_enabled=&#8221;no&#8221; width=&#8221;1\/1&#8243; el_position=&#8221;first last&#8221;] [spb_blank_spacer height=&#8221;30px&#8221; width=&#8221;1\/1&#8243; el_position=&#8221;first last&#8221;] [spb_text_block animation=&#8221;none&#8221; animation_delay=&#8221;0&#8243; simplified_controls=&#8221;yes&#8221; custom_css_percentage=&#8221;no&#8221; padding_vertical=&#8221;0&#8243; padding_horizontal=&#8221;0&#8243; margin_vertical=&#8221;0&#8243; custom_css=&#8221;margin-top: 0px;margin-bottom: 0px;&#8221; border_size=&#8221;0&#8243; border_styling_global=&#8221;default&#8221; width=&#8221;1\/1&#8243; el_position=&#8221;first last&#8221;]<\/p>\n<h2>HVAD BETYDER DETTE FOR DIG?<\/h2>\n<p>To jurister \u2013 to fortolkninger \u2013 samme lov. Det rejser \u00e9t stort sp\u00f8rgsm\u00e5l: Hvem definerer ret, n\u00e5r retten bliver politik?<\/p>\n<h3 data-pm-slice=\"1 1 []\">REFLEKSION: MIN STEMME SOM DANSK-PAKISTANER<\/h3>\n<p data-start=\"397\" data-end=\"645\">Jeg er f\u00f8dt og opvokset i Danmark, men har tilknytning til Pakistan og er registreret med et NADRA-kort \u2013 det nationale identifikationskort. I Pakistan opfattes Hamas ikke som en terrororganisation, men som en <strong data-start=\"607\" data-end=\"644\">modstandsbev\u00e6gelse mod bes\u00e6ttelse<\/strong>. Omvendt betragtes Israels handlinger af mange i mit kulturelle og juridiske bagland som <strong data-start=\"735\" data-end=\"761\">statssanktioneret vold<\/strong> \u2013 og kan derfor juridisk betegnes som <strong data-start=\"800\" data-end=\"814\">terrorisme<\/strong> ud fra en anden retslig forst\u00e5else.\u00a0Det skaber et dilemma for mig:<\/p>\n<blockquote>\n<p data-start=\"884\" data-end=\"978\"><em>Hvordan kan jeg udtrykke min juridiske virkelighed \u2013 uden at blive kriminaliseret i Europa?<\/em><\/p>\n<\/blockquote>\n<p data-start=\"980\" data-end=\"1029\">Jeg st\u00e5r mellem to verdener. Og derfor mener jeg:<\/p>\n<blockquote data-start=\"1031\" data-end=\"1098\">\n<p data-start=\"1033\" data-end=\"1098\"><em>Ytringsfrihed b\u00f8r g\u00e6lde alle \u2013 ikke kun dem, vi er enige med.<\/em><\/p>\n<\/blockquote>\n<hr data-start=\"1100\" data-end=\"1103\" \/>\n<p data-start=\"1105\" data-end=\"1233\"><strong data-start=\"1105\" data-end=\"1233\">Tak fordi du l\u00e6ser med. Del gerne \u2013 og v\u00e6r med til at sikre, at fakta og retssikkerhed ikke bliver et sp\u00f8rgsm\u00e5l om geografi.<\/strong><\/p>\n<p>[\/spb_text_block] [spb_text_block animation=&#8221;none&#8221; animation_delay=&#8221;0&#8243; simplified_controls=&#8221;yes&#8221; custom_css_percentage=&#8221;no&#8221; padding_vertical=&#8221;0&#8243; padding_horizontal=&#8221;0&#8243; margin_vertical=&#8221;0&#8243; custom_css=&#8221;margin-top: 0px;margin-bottom: 0px;&#8221; border_size=&#8221;0&#8243; border_styling_global=&#8221;default&#8221; width=&#8221;1\/1&#8243; el_position=&#8221;first last&#8221;]<\/p>\n<h3>EN \u00c5BEN DISKUSSION \u2013 IKKE EN BESKYLDNING<\/h3>\n<p>Daniel Gr\u00fctters udtaler sig ikke som aktivist. Han er barrister med baggrund i international humanit\u00e6r ret og forvaltningsret. Han understreger:<\/p>\n<blockquote><p><em>\u201cDette er en juridisk pr\u00f8velse af et statsligt valg. Ikke en kampagne for en organisation.\u201d<\/em><\/p><\/blockquote>\n<p>Og det er vigtigt. For mange frygter (med god grund), at diskussioner som denne kan misforst\u00e5s som st\u00f8tte til voldelige handlinger. Men det modsatte er tilf\u00e6ldet:<\/p>\n<blockquote><p><em>\u201cDet handler om retssikkerhed, due process og internationale forpligtelser \u2013 og retten til at ytre sig om politiske organisationer uden at blive kriminaliseret.\u201d<\/em><\/p><\/blockquote>\n<h3>DISKLAIMER &amp; PERSPEKTIV<\/h3>\n<p>[\/spb_text_block] [spb_blank_spacer height=&#8221;30px&#8221; width=&#8221;1\/1&#8243; el_position=&#8221;first last&#8221;] [spb_toggle element_name=&#8221;L\u00c6S MERE HER&#8221; title=&#8221;L\u00c6S MERE HER&#8221; open=&#8221;false&#8221; width=&#8221;1\/1&#8243; el_position=&#8221;first last&#8221;]<\/p>\n<p data-start=\"150\" data-end=\"300\">Denne artikel formidler forskellige juridiske perspektiver med henblik p\u00e5 oplysning. Vi udtrykker ikke st\u00f8tte til nogen akt\u00f8rers voldelige handlinger.<\/p>\n<p data-start=\"302\" data-end=\"479\">Jeg er f\u00f8dt og opvokset i Danmark \u2013 men jeg har ogs\u00e5 en kulturel og familiem\u00e6ssig tilknytning til Pakistan og besidder et NADRA-kort, som er en form for national identifikation.<\/p>\n<p data-start=\"481\" data-end=\"666\">Set med pakistanske briller er Hamas ikke anerkendt som en terrororganisation, men snarere som en modstandsbev\u00e6gelse. Det st\u00e5r i skarp kontrast til den britiske eller danske opfattelse.<\/p>\n<p data-start=\"668\" data-end=\"715\">Samtidig er det vigtigt for mig at understrege:<\/p>\n<blockquote data-start=\"716\" data-end=\"918\">\n<p data-start=\"718\" data-end=\"918\"><em>Jeg skriver ikke dette for at st\u00f8tte nogen form for vold \u2013 men for at skabe indsigt i, hvordan <strong data-start=\"813\" data-end=\"862\">samme akt\u00f8r kan opfattes radikalt forskelligt<\/strong> afh\u00e6ngig af lovgivning, geografi og historisk erfaring.<\/em><\/p>\n<\/blockquote>\n<p data-start=\"920\" data-end=\"1085\">Vi \u00f8nsker \u00e5ben, faktabaseret og ansvarlig debat om statslige beslutninger og international ret \u2013 og retten til at stille kritiske sp\u00f8rgsm\u00e5l uden frygt for stempling.<\/p>\n<blockquote data-start=\"1087\" data-end=\"1199\">\n<p data-start=\"1089\" data-end=\"1199\">\u201cYtringsfrihed og retssikkerhed er ikke kun for dem, vi er enige med. Den g\u00e6lder is\u00e6r d\u00e9r, hvor vi er uenige.\u201d<\/p>\n<\/blockquote>\n<p>g et officielt ID-kort fra Pakistan. Det betyder, at jeg ogs\u00e5 er underlagt en anden juridisk forst\u00e5else \u2013 en, hvor Hamas ikke er defineret som en terrorgruppe, men som en modstandsbev\u00e6gelse. Set med pakistanske briller er det i stedet Israels stat, der udviser karakteristika for en terrorstat.<\/p>\n<p>Det er vigtigt at kunne formidle disse perspektiver uden frygt for retsforf\u00f8lgelse \u2013 og det er netop her, ytringsfrihed og retssikkerhed bliver sat p\u00e5 pr\u00f8ve:<\/p>\n<blockquote><p><em>\u201cYtringsfrihed og retssikkerhed er ikke kun for dem, vi er enige med. Det er testet bedst, n\u00e5r det g\u00e6lder dem, vi ikke er.\u201d<\/em><\/p><\/blockquote>\n<div>\n<hr \/>\n<\/div>\n<h3 data-pm-slice=\"1 1 []\">VI ST\u00d8TTER \u00c5BEN DEBAT \u2013 OG VI ST\u00d8TTER DEM DER TAGER DEN<\/h3>\n<p>Vi st\u00f8tter \u00e5ben diskussion, og vi anerkender den v\u00e6gt, som juridiske eksperter som Daniel Gr\u00fctters tilf\u00f8jer til den offentlige samtale.<\/p>\n<p><a href=\"https:\/\/zlcopenhagen.com\/es\/hamas-case-terrorlisten\/\" target=\"_blank\" rel=\"noopener\"><strong>Se sagen og Gr\u00fctters\u2019 juridiske bidrag<\/strong><\/a><\/p>\n<div>\n<hr \/>\n<\/div>\n<h3 data-pm-slice=\"1 1 []\">ST\u00d8T UAFH\u00c6NGIG FORMIDLING<\/h3>\n<p>Er du enig i, at vi har brug for flere stemmer og f\u00e6rre slogans? St\u00f8t os her:<\/p>\n<p><a href=\"https:\/\/www.buymeacoffee.com\/zlcopenhagen\">Buy Me a Coffee<\/a> og\/eller <a href=\"https:\/\/www.10er.dk\/creator\/zlcopenhagen\">10er.com<\/a><\/p>\n<p>Disse st\u00f8ttemuligheder er <strong>reward-baserede<\/strong> og falder <strong>uden for indsamlingslovens anvendelsesomr\u00e5de.<\/strong><\/p>\n<div>\n<hr \/>\n<\/div>\n<p><strong>Tak fordi du l\u00e6ser med. Del den \u2013 og vis, at fakta stadig t\u00e6ller i krigens tid.<\/strong><\/p>\n<p>[\/spb_toggle] [spb_blank_spacer height=&#8221;30px&#8221; width=&#8221;1\/1&#8243; el_position=&#8221;first last&#8221;] [spb_raw_html width=&#8221;1\/1&#8243; el_position=&#8221;first last&#8221;]JTNDZGl2JTIwc3R5bGUlM0QlMjJwb3NpdGlvbiUzQSUyMHJlbGF0aXZlJTNCJTIwcGFkZGluZy1ib3R0b20lM0ElMjA1Ni4yNSUyNSUzQiUyMGhlaWdodCUzQSUyMDAlM0IlMjBvdmVyZmxvdyUzQSUyMGhpZGRlbiUzQiUyMG1heC13aWR0aCUzQSUyMDEwMCUyNSUzQiUyMGhlaWdodCUzQSUyMGF1dG8lM0IlMjIlM0UlMEElMjAlMjAlM0NpZnJhbWUlMjBzcmMlM0QlMjJodHRwcyUzQSUyRiUyRnd3dy55b3V0dWJlLmNvbSUyRmVtYmVkJTJGZXVLVnV2R3MzQlElM0ZzaSUzRG1NRVVsVEVNNUZyaWYxLVglMjZhbXAlM0JjbGlwJTNEVWdreHJaSGFWSFFDdFdHUFVia0pZY1pkeUlPMnJtRFExYWNaJTI2YW1wJTNCY2xpcHQlM0RFTnp2dlFJWXZNVEJBZyUyMiUwQSUyMCUyMCUyMCUyMHN0eWxlJTNEJTIycG9zaXRpb24lM0ElMjBhYnNvbHV0ZSUzQiUyMHRvcCUzQSUyMDAlM0IlMjBsZWZ0JTNBJTIwMCUzQiUyMHdpZHRoJTNBJTIwMTAwJTI1JTNCJTIwaGVpZ2h0JTNBJTIwMTAwJTI1JTNCJTIyJTBBJTIwJTIwJTIwJTIwZnJhbWVib3JkZXIlM0QlMjIwJTIyJTIwYWxsb3dmdWxsc2NyZWVuJTBBJTIwJTIwJTIwJTIwdGl0bGUlM0QlMjJZb3VUdWJlJTIwdmlkZW8lMjBwbGF5ZXIlMjIlMEElMjAlMjAlMjAlMjBhbGxvdyUzRCUyMmFjY2VsZXJvbWV0ZXIlM0IlMjBhdXRvcGxheSUzQiUyMGNsaXBib2FyZC13cml0ZSUzQiUyMGVuY3J5cHRlZC1tZWRpYSUzQiUyMGd5cm9zY29wZSUzQiUyMHBpY3R1cmUtaW4tcGljdHVyZSUzQiUyMHdlYi1zaGFyZSUyMiUwQSUyMCUyMCUyMCUyMHJlZmVycmVycG9saWN5JTNEJTIyc3RyaWN0LW9yaWdpbi13aGVuLWNyb3NzLW9yaWdpbiUyMiUzRSUwQSUyMCUyMCUzQyUyRmlmcmFtZSUzRSUwQSUzQyUyRmRpdiUzRSUwQQ==[\/spb_raw_html] [spb_blank_spacer height=&#8221;30px&#8221; width=&#8221;1\/1&#8243; el_position=&#8221;first last&#8221;] [spb_blank_spacer height=&#8221;30px&#8221; width=&#8221;1\/1&#8243; el_position=&#8221;first last&#8221;] [spb_image image=&#8221;39838&#8243; image_size=&#8221;full&#8221; frame=&#8221;noframe&#8221; caption_pos=&#8221;hover&#8221; remove_rounded=&#8221;yes&#8221; fullwidth=&#8221;no&#8221; overflow_mode=&#8221;none&#8221; link_target=&#8221;_self&#8221; lightbox=&#8221;no&#8221; intro_animation=&#8221;none&#8221; animation_delay=&#8221;200&#8243; width=&#8221;1\/1&#8243; el_position=&#8221;first last&#8221;][\/spb_image] [spb_text_block animation=&#8221;none&#8221; animation_delay=&#8221;0&#8243; simplified_controls=&#8221;yes&#8221; custom_css_percentage=&#8221;no&#8221; padding_vertical=&#8221;0&#8243; padding_horizontal=&#8221;0&#8243; margin_vertical=&#8221;0&#8243; custom_css=&#8221;margin-top: 0px;margin-bottom: 0px;&#8221; border_size=&#8221;0&#8243; border_styling_global=&#8221;default&#8221; width=&#8221;1\/1&#8243; el_position=&#8221;first last&#8221;]<\/p>\n<h2 data-start=\"222\" data-end=\"367\">HVEM BESKYTTER RETTEN, N\u00c5R DOMMEREN BESKYTTER ISRAEL?<\/h2>\n<p data-start=\"222\" data-end=\"367\"><strong data-start=\"222\" data-end=\"250\">KU-DEBAT 10. APRIL 2025:<\/strong> Dommerfuldm\u00e6gtig Nina Palesa Bonde kritiserer Amnesty \u2013 og ignorerer ICJ\u2019s vurdering af Israel-Pal\u00e6stina-konflikten.<\/p>\n<p data-start=\"369\" data-end=\"700\">Under en offentlig debat p\u00e5 K\u00f8benhavns Universitet, 10. april 2025, ser vi et opsigtsv\u00e6kkende \u00f8jeblik:<br data-start=\"475\" data-end=\"478\" \/>Dommerfuldm\u00e6gtig Nina Palesa Bonde stiller et retorisk sp\u00f8rgsm\u00e5l til Amnesty International \u2013 og fors\u00f8ger at flytte fokus v\u00e6k fra Israels handlinger i Gaza og over p\u00e5 dem, der dokumenterer krigsforbrydelser.<\/p>\n<blockquote data-start=\"702\" data-end=\"884\">\n<p data-start=\"704\" data-end=\"744\"><strong data-start=\"707\" data-end=\"721\">TIDSM\u00c6RKE:<\/strong> 1:26:45 i optagelsen<\/p>\n<p data-start=\"751\" data-end=\"884\"><em data-start=\"751\" data-end=\"884\">\u201cHvis ICJ en dag frikender Israel, vil folk s\u00e5 ikke f\u00f8le sig vildledt \u2013 og vende sig til vold, fordi Amnesty kaldte det folkedrab?\u201d<\/em><\/p>\n<\/blockquote>\n<p data-start=\"886\" data-end=\"1032\">Men faktum er: <strong data-start=\"901\" data-end=\"930\">ICJ har allerede vurderet<\/strong>, at der foreligger \u201cplausible rettigheder og risiko for uoprettelig skade p\u00e5 pal\u00e6stinenserne i Gaza.\u201d<\/p>\n<p data-start=\"1034\" data-end=\"1071\">Amnesty svarede sobert og mindede om:<\/p>\n<blockquote data-start=\"1073\" data-end=\"1205\">\n<p data-start=\"1075\" data-end=\"1205\"><strong data-start=\"1075\" data-end=\"1104\">FN\u2019s Folkedrabskonvention<\/strong> forpligter til at advare f\u00f8r dommen \u2013 <strong data-start=\"1143\" data-end=\"1205\">n\u00e5r risikoen er plausibel, ikke f\u00f8rst n\u00e5r det er for sent.<\/strong><\/p>\n<\/blockquote>\n<p data-start=\"1207\" data-end=\"1288\">Nina Bonde forholdt sig ikke. Hun blev tavs. Kroppen talte. Kameraet fangede det.<\/p>\n<p>[\/spb_text_block] [spb_blank_spacer height=&#8221;30px&#8221; width=&#8221;1\/1&#8243; el_position=&#8221;first last&#8221;] [spb_image image=&#8221;39838&#8243; image_size=&#8221;full&#8221; frame=&#8221;noframe&#8221; caption_pos=&#8221;hover&#8221; remove_rounded=&#8221;yes&#8221; fullwidth=&#8221;no&#8221; overflow_mode=&#8221;none&#8221; link_target=&#8221;_self&#8221; lightbox=&#8221;no&#8221; intro_animation=&#8221;none&#8221; animation_delay=&#8221;200&#8243; width=&#8221;1\/1&#8243; el_position=&#8221;first last&#8221;][\/spb_image] [spb_blank_spacer height=&#8221;30px&#8221; width=&#8221;1\/1&#8243; el_position=&#8221;first last&#8221;] [spb_text_block animation=&#8221;none&#8221; animation_delay=&#8221;0&#8243; simplified_controls=&#8221;yes&#8221; custom_css_percentage=&#8221;no&#8221; padding_vertical=&#8221;0&#8243; padding_horizontal=&#8221;0&#8243; margin_vertical=&#8221;0&#8243; custom_css=&#8221;margin-top: 0px;margin-bottom: 0px;&#8221; border_size=&#8221;0&#8243; border_styling_global=&#8221;default&#8221; width=&#8221;1\/1&#8243; el_position=&#8221;first last&#8221;]<\/p>\n<h2 data-pm-slice=\"1 1 []\">DOMMERENS DUALITET \u2013 HVOR G\u00c5R GR\u00c6NSEN?<\/h2>\n<p>Det, vi s\u00e5 <strong>26. maj 2025<\/strong> under en offentlig debat om Israel og Pal\u00e6stina p\u00e5 <strong>K\u00f8benhavns Universitet<\/strong>, var ikke et enkeltst\u00e5ende \u00f8jeblik.<\/p>\n<p><strong>Nina Palesa Bonde<\/strong>, dommerfuldm\u00e6gtig i det danske retsv\u00e6sen, stillede et retorisk angreb mod Amnesty International \u2013 og fors\u00f8gte at flytte ansvaret for potentiel civil uro v\u00e6k fra Israel og over p\u00e5 dem, der dokumenterer krigsforbrydelser:<\/p>\n<blockquote><p><em>\u201cHvis ICJ en dag frikender Israel, vil folk s\u00e5 ikke f\u00f8le sig vildledt \u2013 og vende sig til vold, fordi Amnesty kaldte det folkedrab?\u201d<\/em><br \/>\n\u2013 Nina Palesa Bonde, KU-debat 26. maj 2025<\/p><\/blockquote>\n<p>Men faktum er: ICJ har allerede vurderet, at der foreligger \u201cplausible rettigheder og risiko for uoprettelig skade p\u00e5 pal\u00e6stinenserne i Gaza.\u201d<\/p>\n<p>Amnesty svarede sobert og mindede om:<\/p>\n<p>FN\u2019s Folkedrabskonvention forpligter til at advare f\u00f8r dommen \u2013 n\u00e5r risikoen er plausibel, ikke f\u00f8rst n\u00e5r det er for sent.<\/p>\n<p><strong>Nina Bonde forholdt sig ikke. Hun blev tavs. Kroppen talte. Kameraet fangede det.<\/strong><\/p>\n<div>\n<h2 data-start=\"140\" data-end=\"175\">HVOR G\u00c5R GR\u00c6NSEN FOR EN DOMMER?<\/h2>\n<\/div>\n<p>[\/spb_text_block] [spb_text_block animation=&#8221;none&#8221; animation_delay=&#8221;0&#8243; simplified_controls=&#8221;yes&#8221; custom_css_percentage=&#8221;no&#8221; padding_vertical=&#8221;0&#8243; padding_horizontal=&#8221;0&#8243; margin_vertical=&#8221;0&#8243; custom_css=&#8221;margin-top: 0px;margin-bottom: 0px;&#8221; border_size=&#8221;0&#8243; border_styling_global=&#8221;default&#8221; width=&#8221;1\/3&#8243; el_position=&#8221;first&#8221;]<\/p>\n<div>\n<h3 data-start=\"177\" data-end=\"237\">N\u00c5R JURA BLIVER JARGON \u2013 OG TAVSHED BLIVER ET STATEMENT<\/h3>\n<\/div>\n<p>Og det er ikke f\u00f8rste gang, hendes udtalelser v\u00e6kker undren \u2013 eller afsl\u00f8rer en retorisk dobbelthed, der klinger hult i en debat om Israel Pal\u00e6stina og menneskerettigheder.<\/p>\n<p>P\u00e5 sin offentlige X-profil den <strong>24. oktober 2024<\/strong>, skrev hun f\u00f8lgende.<\/p>\n<p>[\/spb_text_block] [spb_image image=&#8221;40377&#8243; image_size=&#8221;full&#8221; frame=&#8221;noframe&#8221; caption_pos=&#8221;hover&#8221; remove_rounded=&#8221;yes&#8221; fullwidth=&#8221;no&#8221; overflow_mode=&#8221;none&#8221; image_link=&#8221;https:\/\/zlcopenhagen.com\/da\/nina-palesa-bonde-kirurgisk-praecision\/&#8221; link_target=&#8221;_blank&#8221; lightbox=&#8221;yes&#8221; intro_animation=&#8221;none&#8221; animation_delay=&#8221;200&#8243; width=&#8221;2\/3&#8243; el_position=&#8221;last&#8221;]<\/p>\n<h2 style=\"text-align: center;\"><a href=\"https:\/\/zlcopenhagen.com\/da\/nina-palesa-bonde-kirurgisk-praecision\/\" target=\"_blank\" rel=\"noopener\">NINAS PERLER<\/a><\/h2>\n<p>[\/spb_image] [spb_text_block animation=&#8221;none&#8221; animation_delay=&#8221;0&#8243; simplified_controls=&#8221;yes&#8221; custom_css_percentage=&#8221;no&#8221; padding_vertical=&#8221;0&#8243; padding_horizontal=&#8221;0&#8243; margin_vertical=&#8221;0&#8243; custom_css=&#8221;margin-top: 0px;margin-bottom: 0px;&#8221; border_size=&#8221;0&#8243; border_styling_global=&#8221;default&#8221; width=&#8221;1\/1&#8243; el_position=&#8221;first last&#8221;]<\/p>\n<div><\/div>\n<blockquote><p><em>\u201cOg til alle de s\u00f8de, som skriver ogs\u00e5 s\u00e6rligt bagom. Min puls steg mere, da jeg sorterede perler, end da jeg s\u00e5 hjemmesiden \u2764\ufe0f\u201d<\/em><br \/>\n\u2013 Nina Palesa Bonde, X (tidl. Twitter), 24. okt. 2024<\/p><\/blockquote>\n<p>En kommentar, der af flere blev opfattet som en subtil neds\u00e6ttende bem\u00e6rkning \u2013 s\u00e6rligt fordi \u201cperler\u201d ofte er blevet brugt om unge med mellem\u00f8stlig baggrund i en stereotyp kontekst.<\/p>\n<p>[\/spb_text_block] [spb_raw_html width=&#8221;1\/2&#8243; el_position=&#8221;first&#8221;]JTNDZGl2JTIwc3R5bGUlM0QlMjJtYXgtd2lkdGglM0ElMjAxMDAlMjUlM0IlMjBvdmVyZmxvdyUzQSUyMGhpZGRlbiUzQiUyMiUzRSUwQSUyMCUyMCUzQ2Jsb2NrcXVvdGUlMjBjbGFzcyUzRCUyMnR3aXR0ZXItdHdlZXQlMjIlMjBkYXRhLXRoZW1lJTNEJTIyZGFyayUyMiUzRSUwQSUyMCUyMCUyMCUyMCUzQ3AlMjBsYW5nJTNEJTIyZGElMjIlMjBkaXIlM0QlMjJsdHIlMjIlM0VFciUyMCUyNnF1b3QlM0JwZXJsZXIlMjZxdW90JTNCJTIwaWtrZSUyMGJsZXZldCUyMGV0JTIwcmFjaXN0aXNrJTIwYmFuZGVvcmQlM0YlM0MlMkZwJTNFJTI2bWRhc2glM0IlMjBNaWtlJTIwSHVudCUyMCVGMCU5RiU4NyVCNSVGMCU5RiU4NyVCOCVGMCU5RiU4QyVCOSVGMCU5RiU4NyVCQSVGMCU5RiU4NyVBNiVGMCU5RiU5MiU4OSVGMCU5RiU4RiVCMyVFRiVCOCU4RiVFMiU4MCU4RCVGMCU5RiU4QyU4OCVGMCU5RiU5OCVCNyVGMCU5RiU4RiVCMyVFRiVCOCU4RiVFMiU4MCU4RCVFMiU5QSVBNyVFRiVCOCU4RiVGMCU5RiU4QyVCMSVGMCU5RiU4NyVBRSVGMCU5RiU4NyVCMSVGMCU5RiU4RCU4OSVFMiU5OCVBRCVGMCU5RiU4NyVBQyVGMCU5RiU4NyVCMSUyMCUyOCU0ME1pa2VIdW50SHVydHM4OSUyOSUyMCUwQSUyMCUyMCUyMCUyMCUzQ2ElMjBocmVmJTNEJTIyaHR0cHMlM0ElMkYlMkZ0d2l0dGVyLmNvbSUyRk1pa2VIdW50SHVydHM4OSUyRnN0YXR1cyUyRjE4NDk4MDY3OTU0NTc0MDUwMzclM0ZyZWZfc3JjJTNEdHdzcmMlMjU1RXRmdyUyMiUzRU9jdG9iZXIlMjAyNSUyQyUyMDIwMjQlM0MlMkZhJTNFJTBBJTIwJTIwJTNDJTJGYmxvY2txdW90ZSUzRSUwQSUyMCUyMCUzQ3NjcmlwdCUyMGFzeW5jJTIwc3JjJTNEJTIyaHR0cHMlM0ElMkYlMkZwbGF0Zm9ybS50d2l0dGVyLmNvbSUyRndpZGdldHMuanMlMjIlMjBjaGFyc2V0JTNEJTIydXRmLTglMjIlM0UlM0MlMkZzY3JpcHQlM0UlMEElM0MlMkZkaXYlM0U=[\/spb_raw_html] [spb_text_block animation=&#8221;none&#8221; animation_delay=&#8221;0&#8243; simplified_controls=&#8221;yes&#8221; custom_css_percentage=&#8221;no&#8221; padding_vertical=&#8221;0&#8243; padding_horizontal=&#8221;0&#8243; margin_vertical=&#8221;0&#8243; custom_css=&#8221;margin-top: 0px;margin-bottom: 0px;&#8221; border_size=&#8221;0&#8243; border_styling_global=&#8221;default&#8221; width=&#8221;1\/2&#8243; el_position=&#8221;last&#8221;]<\/p>\n<div><\/div>\n<h3>EN BRUGER SVAREDE<\/h3>\n<blockquote><p><em>\u201cEr \u2018perler\u2019 ikke blevet et racistisk bandeord?\u201d<\/em><br \/>\n\u2013 Mike Hunt (@MikeHuntHurts89), 25. okt. 2024<\/p><\/blockquote>\n<p>Denne episode kaster yderligere lys over, hvordan Bonde \u2013 selv i sm\u00e5 kommentarer \u2013 benytter en form for kodesprog, som underminerer hendes trov\u00e6rdighed som neutral juridisk akt\u00f8r i debatter om race, politik og menneskerettigheder.<\/p>\n<p>Det rejser sp\u00f8rgsm\u00e5let:<\/p>\n<blockquote><p><em>Hvem beskytter domstolens uafh\u00e6ngighed, n\u00e5r dem med d\u00f8mmende funktioner ikke l\u00e6ngere skjuler deres ideologiske slagside?<\/em><\/p><\/blockquote>\n<p>[\/spb_text_block] [spb_blank_spacer height=&#8221;30px&#8221; width=&#8221;1\/1&#8243; el_position=&#8221;first last&#8221;] [spb_blank_spacer height=&#8221;30px&#8221; width=&#8221;1\/1&#8243; el_position=&#8221;first last&#8221;] [spb_text_block animation=&#8221;none&#8221; animation_delay=&#8221;0&#8243; simplified_controls=&#8221;yes&#8221; custom_css_percentage=&#8221;no&#8221; padding_vertical=&#8221;0&#8243; padding_horizontal=&#8221;0&#8243; margin_vertical=&#8221;0&#8243; custom_css=&#8221;margin-top: 0px;margin-bottom: 0px;&#8221; border_size=&#8221;0&#8243; border_styling_global=&#8221;default&#8221; width=&#8221;1\/1&#8243; el_position=&#8221;first last&#8221;]<\/p>\n<h2 data-start=\"79\" data-end=\"131\">NINA PALESA BONDE<\/h2>\n<h3 data-start=\"79\" data-end=\"131\">TAK FOR DIN OMSORG FOR GENOCIDEBEGREBET, NINA<\/h3>\n<p data-start=\"133\" data-end=\"368\">Det er virkelig betryggende, at du bekymrer dig mere for ordets integritet end for menneskeliv. Men bare rolig \u2013 det Internationale Domstolssystem er n\u00e6ppe s\u00e5 skr\u00f8beligt, at Amnestys ordvalg p\u00e5 LinkedIn v\u00e6lter hele folkeretten.<\/p>\n<p data-start=\"370\" data-end=\"445\">Vi taler ikke om semantik her. Vi taler om etnisk udrensning i realtid.<\/p>\n<p data-start=\"447\" data-end=\"625\">Og som Daniel Gr\u00fctters forklarede: pligten til at handle opst\u00e5r netop n\u00e5r der er plausible indicier \u2013 ikke n\u00e5r hele verdensdomstolen i Haag er blevet f\u00e6rdig med PowerPointen.<\/p>\n<blockquote>\n<p data-start=\"447\" data-end=\"625\"><em>Juristen Nina Palesa Bonde advarer mod for tidlige folkedrabsord \u2013 men hvad skal vi vente p\u00e5? At d\u00f8dstallet bliver mere \u201coverbevisende\u201d? <\/em>26. Maj 2025 KU, K\u00f8benhavn<\/p>\n<\/blockquote>\n<h2 data-start=\"113\" data-end=\"258\">NINA BONDEBASTISK PALESA<\/h2>\n<p data-start=\"113\" data-end=\"258\"><strong data-start=\"113\" data-end=\"220\">JURISTEN NINA KRITISERER AMNESTY FOR AT BRUGE ORD SOM \u201cFOLKEDRAB\u201d F\u00d8R ICJ HAR AFSAGT DOM<\/strong><\/p>\n<p data-start=\"113\" data-end=\"258\">Juristen Nina Bonde Palesa stiller et sp\u00f8rgsm\u00e5l til Amnesty og s\u00e6tter sp\u00f8rgsm\u00e5lstegn ved, om de risikerer at skade begrebet <em data-start=\"384\" data-end=\"395\">folkedrab<\/em>, hvis ICJ senere ikke konkluderer det samme.<\/p>\n<p>[\/spb_text_block] [spb_text_block animation=&#8221;none&#8221; animation_delay=&#8221;0&#8243; simplified_controls=&#8221;yes&#8221; custom_css_percentage=&#8221;no&#8221; padding_vertical=&#8221;0&#8243; padding_horizontal=&#8221;0&#8243; margin_vertical=&#8221;0&#8243; custom_css=&#8221;margin-top: 0px;margin-bottom: 0px;&#8221; border_size=&#8221;0&#8243; border_styling_global=&#8221;default&#8221; width=&#8221;1\/1&#8243; el_position=&#8221;first last&#8221;]<\/p>\n<h2 data-start=\"504\" data-end=\"559\">N\u00c5R B\u00c5ND BLIVER SYMBOLER\u2026<\/h2>\n<p data-start=\"504\" data-end=\"559\">Nina samler perler, men hvad binder os egentlig sammen \u2013 og hvem binder hvem?<\/p>\n<p>[\/spb_text_block] [spb_raw_html width=&#8221;1\/1&#8243; el_position=&#8221;first last&#8221;]JTNDZGl2JTIwc3R5bGUlM0QlMjJwb3NpdGlvbiUzQSUyMHJlbGF0aXZlJTNCJTIwcGFkZGluZy1ib3R0b20lM0ElMjA1Ni4yNSUyNSUzQiUyMGhlaWdodCUzQSUyMDAlM0IlMjBvdmVyZmxvdyUzQSUyMGhpZGRlbiUzQiUyMiUzRSUwQSUyMCUyMCUzQ2lmcmFtZSUyMCUwQSUyMCUyMCUyMCUyMHNyYyUzRCUyMmh0dHBzJTNBJTJGJTJGd3d3LnlvdXR1YmUuY29tJTJGZW1iZWQlMkZxMWR1NGlkNUJ5cyUyMiUyMCUwQSUyMCUyMCUyMCUyMHRpdGxlJTNEJTIySSUyN3ZlJTIwR290JTIwTm8lMjBTdHJpbmdzJTIwLSUyMFBpbm9jY2hpbyUyMiUyMCUwQSUyMCUyMCUyMCUyMGZyYW1lYm9yZGVyJTNEJTIyMCUyMiUyMCUwQSUyMCUyMCUyMCUyMGFsbG93JTNEJTIyYWNjZWxlcm9tZXRlciUzQiUyMGF1dG9wbGF5JTNCJTIwY2xpcGJvYXJkLXdyaXRlJTNCJTIwZW5jcnlwdGVkLW1lZGlhJTNCJTIwZ3lyb3Njb3BlJTNCJTIwcGljdHVyZS1pbi1waWN0dXJlJTNCJTIwd2ViLXNoYXJlJTIyJTIwJTBBJTIwJTIwJTIwJTIwcmVmZXJyZXJwb2xpY3klM0QlMjJzdHJpY3Qtb3JpZ2luLXdoZW4tY3Jvc3Mtb3JpZ2luJTIyJTIwJTBBJTIwJTIwJTIwJTIwYWxsb3dmdWxsc2NyZWVuJTIwJTBBJTIwJTIwJTIwJTIwc3R5bGUlM0QlMjJwb3NpdGlvbiUzQSUyMGFic29sdXRlJTNCJTIwdG9wJTNBJTIwMCUzQiUyMGxlZnQlM0ElMjAwJTNCJTIwd2lkdGglM0ElMjAxMDAlMjUlM0IlMjBoZWlnaHQlM0ElMjAxMDAlMjUlM0IlMjIlM0UlMEElMjAlMjAlM0MlMkZpZnJhbWUlM0UlMEElM0MlMkZkaXYlM0UlMEE=[\/spb_raw_html] [spb_blank_spacer height=&#8221;30px&#8221; width=&#8221;1\/1&#8243; el_position=&#8221;first last&#8221;] [spb_text_block animation=&#8221;none&#8221; animation_delay=&#8221;0&#8243; simplified_controls=&#8221;yes&#8221; custom_css_percentage=&#8221;no&#8221; padding_vertical=&#8221;0&#8243; padding_horizontal=&#8221;0&#8243; margin_vertical=&#8221;0&#8243; custom_css=&#8221;margin-top: 0px;margin-bottom: 0px;&#8221; border_size=&#8221;0&#8243; border_styling_global=&#8221;default&#8221; width=&#8221;1\/1&#8243; el_position=&#8221;first last&#8221;]<\/p>\n<blockquote><p><em>N\u00e5r retten bliver teater \u2013 og marionetterne taler om folkeret med stramme snore.<\/em><\/p><\/blockquote>\n<p>[\/spb_text_block] [spb_text_block animation=&#8221;none&#8221; animation_delay=&#8221;0&#8243; simplified_controls=&#8221;yes&#8221; custom_css_percentage=&#8221;no&#8221; padding_vertical=&#8221;0&#8243; padding_horizontal=&#8221;0&#8243; margin_vertical=&#8221;0&#8243; custom_css=&#8221;margin-top: 0px;margin-bottom: 0px;&#8221; border_size=&#8221;0&#8243; border_styling_global=&#8221;default&#8221; width=&#8221;1\/1&#8243; el_position=&#8221;first last&#8221;]<\/p>\n<h2>FRA MARIONET TIL MANDAT<\/h2>\n<p>N\u00e5r ret bliver teater, og sandheden holdes i kort snor.<br data-start=\"401\" data-end=\"404\" \/>Velkommen til Dansk Dukketeater \u2013 anno 2025.<\/p>\n<h3><\/h3>\n<p>[\/spb_text_block] [spb_blank_spacer height=&#8221;30px&#8221; width=&#8221;1\/1&#8243; el_position=&#8221;first last&#8221;] [spb_image image=&#8221;48779&#8243; image_size=&#8221;full&#8221; frame=&#8221;noframe&#8221; caption_pos=&#8221;hover&#8221; remove_rounded=&#8221;yes&#8221; fullwidth=&#8221;no&#8221; overflow_mode=&#8221;none&#8221; link_target=&#8221;_self&#8221; lightbox=&#8221;no&#8221; intro_animation=&#8221;none&#8221; animation_delay=&#8221;200&#8243; width=&#8221;1\/1&#8243; el_position=&#8221;first last&#8221;][\/spb_image] [spb_text_block animation=&#8221;none&#8221; animation_delay=&#8221;0&#8243; simplified_controls=&#8221;yes&#8221; custom_css_percentage=&#8221;no&#8221; padding_vertical=&#8221;0&#8243; padding_horizontal=&#8221;0&#8243; margin_vertical=&#8221;0&#8243; custom_css=&#8221;margin-top: 0px;margin-bottom: 0px;&#8221; border_size=&#8221;0&#8243; border_styling_global=&#8221;default&#8221; width=&#8221;1\/1&#8243; el_position=&#8221;first last&#8221;]<\/p>\n<p><em>Nina &amp; Jotam \u2013 Dukketeater for voksne<\/em><\/p>\n<p>N\u00e5r ret og retorik bliver til performance. Satirisk kommentar til den offentlige debat om Israel og Pal\u00e6stina \u2013 og hvem der (m\u00e5ske) tr\u00e6kker i tr\u00e5dene.Har du viden, erfaringer eller dokumentation, der kan belyse lignende forbindelser? Kontakt os trygt og anonymt.<br data-start=\"410\" data-end=\"413\" \/>Med venlig hilsen \u2013 ZLC Team<\/p>\n<h2 data-start=\"86\" data-end=\"151\">EFTERSPILLET<\/h2>\n<h3 data-start=\"86\" data-end=\"151\">HUN FORLOD K\u00d8BENHAVN \u2013 OG GIK DIREKTE TIL ANGREB<\/h3>\n<ol start=\"26\" data-start=\"153\" data-end=\"332\">\n<li data-start=\"153\" data-end=\"332\">\n<p data-start=\"157\" data-end=\"332\">maj stod Natasha Hausdorff p\u00e5 KU. Tre dage senere, den 29. maj, sad hun i Oslo \u2013 i en podcast, hvor hun offentligt kritiserede dansk debatkultur og udskammede Amnesty Danmark.<\/p>\n<\/li>\n<\/ol>\n<p data-start=\"334\" data-end=\"543\">Hun beskrev KU-debatten som &#8220;skuffende&#8221;, anklagede Amnesty for &#8220;at fors\u00f8ge at omskrive folkeretten&#8221; og antydede, at Danmark repr\u00e6senterede en farlig tavshed over for &#8220;j\u00f8dehad forkl\u00e6dt som menneskerettigheder&#8221;.<\/p>\n<p data-start=\"545\" data-end=\"653\">Hun var alts\u00e5 ikke f\u00e6rdig, da hun forlod Danmark \u2013 tv\u00e6rtimod: <strong data-start=\"607\" data-end=\"653\">Det var her, kampagnen for alvor begyndte.<\/strong><\/p>\n<p>[\/spb_text_block] [spb_blank_spacer height=&#8221;30px&#8221; width=&#8221;1\/1&#8243; el_position=&#8221;first last&#8221;] [spb_raw_html width=&#8221;1\/1&#8243; el_position=&#8221;first last&#8221;]JTNDZGl2JTIwc3R5bGUlM0QlMjJwb3NpdGlvbiUzQSUyMHJlbGF0aXZlJTNCJTIwcGFkZGluZy1ib3R0b20lM0ElMjA1Ni4yNSUyNSUzQiUyMGhlaWdodCUzQSUyMDAlM0IlMjBvdmVyZmxvdyUzQSUyMGhpZGRlbiUzQiUyMG1heC13aWR0aCUzQSUyMDEwMCUyNSUzQiUyMGhlaWdodCUzQSUyMGF1dG8lM0IlMjIlM0UlMEElMjAlMjAlM0NpZnJhbWUlMjBzcmMlM0QlMjJodHRwcyUzQSUyRiUyRnd3dy55b3V0dWJlLmNvbSUyRmVtYmVkJTJGX19ybDdJMmQ5UWslMjIlMjAlMEElMjAlMjAlMjAlMjAlMjAlMjAlMjAlMjAlMjAlMjB0aXRsZSUzRCUyMiUyNnF1b3QlM0JUaGUlMjBVTiUyQyUyMEFtbmVzdHklMjBJbnRlcm5hdGlvbmFsJTIwJUUyJTgwJTkzJTIwVEhFWSUyMEFSRSUyMEFMTCUyMFdST05HJTI2cXVvdCUzQiUyMC0lMjBOYXRhc2hhJTIwSGF1c2RvcmZmJTIyJTIwJTBBJTIwJTIwJTIwJTIwJTIwJTIwJTIwJTIwJTIwJTIwc3R5bGUlM0QlMjJwb3NpdGlvbiUzQSUyMGFic29sdXRlJTNCJTIwdG9wJTNBJTIwMCUzQiUyMGxlZnQlM0ElMjAwJTNCJTIwd2lkdGglM0ElMjAxMDAlMjUlM0IlMjBoZWlnaHQlM0ElMjAxMDAlMjUlM0IlMjIlMjAlMEElMjAlMjAlMjAlMjAlMjAlMjAlMjAlMjAlMjAlMjBmcmFtZWJvcmRlciUzRCUyMjAlMjIlMjAlMEElMjAlMjAlMjAlMjAlMjAlMjAlMjAlMjAlMjAlMjBhbGxvdyUzRCUyMmFjY2VsZXJvbWV0ZXIlM0IlMjBhdXRvcGxheSUzQiUyMGNsaXBib2FyZC13cml0ZSUzQiUyMGVuY3J5cHRlZC1tZWRpYSUzQiUyMGd5cm9zY29wZSUzQiUyMHBpY3R1cmUtaW4tcGljdHVyZSUzQiUyMHdlYi1zaGFyZSUyMiUyMCUwQSUyMCUyMCUyMCUyMCUyMCUyMCUyMCUyMCUyMCUyMGFsbG93ZnVsbHNjcmVlbiUyMCUwQSUyMCUyMCUyMCUyMCUyMCUyMCUyMCUyMCUyMCUyMHJlZmVycmVycG9saWN5JTNEJTIyc3RyaWN0LW9yaWdpbi13aGVuLWNyb3NzLW9yaWdpbiUyMiUzRSUwQSUyMCUyMCUzQyUyRmlmcmFtZSUzRSUwQSUzQyUyRmRpdiUzRSUwQQ==[\/spb_raw_html] [spb_blank_spacer height=&#8221;30px&#8221; width=&#8221;1\/1&#8243; el_position=&#8221;first last&#8221;] [spb_text_block animation=&#8221;none&#8221; animation_delay=&#8221;0&#8243; simplified_controls=&#8221;yes&#8221; custom_css_percentage=&#8221;no&#8221; padding_vertical=&#8221;0&#8243; padding_horizontal=&#8221;0&#8243; margin_vertical=&#8221;0&#8243; custom_css=&#8221;margin-top: 0px;margin-bottom: 0px;&#8221; border_size=&#8221;0&#8243; border_styling_global=&#8221;default&#8221; width=&#8221;1\/1&#8243; el_position=&#8221;first last&#8221;]<\/p>\n<h2 data-start=\"351\" data-end=\"404\">EFTER KU OG FOLKETINGET<\/h2>\n<h3 data-start=\"351\" data-end=\"404\">NU ANKLAGER HUN DANMARK<\/h3>\n<p data-start=\"406\" data-end=\"511\">Tre dage efter sin optr\u00e6den i Folketinget og p\u00e5 KU, deltager Natasha Hausdorff i dette webinar, hvor hun:<\/p>\n<blockquote>\n<p data-start=\"515\" data-end=\"555\"><em>Klager over danske debatt\u00f8rer og Amnesty<\/em><\/p>\n<p data-start=\"558\" data-end=\"611\"><em>P\u00e5st\u00e5r at \u201cj\u00f8der ikke kan f\u00e5 en fair debat\u201d i Danmark<\/em><\/p>\n<p data-start=\"614\" data-end=\"674\"><em>Gentager anklagen om, at FN og NGO\u2019er spreder \u201cblodanklager\u201d<\/em><\/p>\n<p data-start=\"677\" data-end=\"730\"><em>Forsvarer Israels handlinger i Gaza som \u201cselvforsvar\u201d<\/em><\/p>\n<p data-start=\"733\" data-end=\"780\"><em>Afviser ICJ&#8217;s vurdering af risiko for folkedrab<\/em><\/p>\n<p data-start=\"784\" data-end=\"839\"><em>Samme m\u00f8nster. Samme talepunkter. Bare et nyt publikum.<\/em><\/p>\n<\/blockquote>\n<h2 data-start=\"233\" data-end=\"270\">INGEN B\u00c5ND \u2013 BARE NARRATIVKONTROL?<\/h2>\n<p data-start=\"272\" data-end=\"535\">Mens Natasha Hausdorff den 26. maj 2025 stod p\u00e5 K\u00f8benhavns Universitet og kaldte FN og Amnesty for \u201cpolitiske akt\u00f8rer\u201d og afviste folkedrab som \u201cmisbrug af folkeretten\u201d, k\u00f8rte der i Storbritannien en parallel kampagne mod irske rappere i gruppen Kneecap. Hvorfor?<\/p>\n<p data-start=\"537\" data-end=\"901\">En dokumentar fra DoubleDown News har afsl\u00f8ret, at det ikke er tilf\u00e6ldigt: Musikere, aktivister og organisationer, der kritiserer Israel, bliver i stigende grad m\u00e5l for censur, arrestation og delegitimering \u2013 ofte med direkte st\u00f8tte fra lobbyorganisationer som <strong data-start=\"798\" data-end=\"830\">Creative Community for Peace<\/strong>, der opererer <em data-start=\"845\" data-end=\"900\">med fuld adgang til Hollywood og israelske diplomater<\/em>.<\/p>\n<p data-start=\"903\" data-end=\"1158\">Hausdorffs p\u00e5stande f\u00f8lger n\u00f8je den strategi, som Israel selv formulerede i manualen <em data-start=\"988\" data-end=\"1014\">Global Language Strategy<\/em> (2009), hvor man l\u00e6rer, hvordan man udskifter ord som \u201cbes\u00e6ttelse\u201d med \u201cselvforsvar\u201d \u2013 og s\u00e6tter kritikere i b\u00e5s som \u201csympatis\u00f8rer med terror\u201d.<\/p>\n<p data-start=\"1160\" data-end=\"1368\">Og mens musikere som Kneecap bliver anklaget for \u201cterrorst\u00f8tte\u201d, viser videooptagelser, at britiske statsborgere k\u00e6mper i IDF, dokumenterer ydmygelser, og griner i pal\u00e6stinensiske hjem \u2013 uden retsforf\u00f8lgelse.<\/p>\n<p data-start=\"1370\" data-end=\"1525\"><strong data-start=\"1370\" data-end=\"1525\">S\u00e5 hvorfor tier danske medier? Hvorfor f\u00e5r lobbyister adgang til Udenrigspolitisk N\u00e6vn bag lukkede d\u00f8re \u2013 mens Amnesty og FN stemples som ekstremister?<\/strong><\/p>\n<p>&nbsp;<\/p>\n<p>[\/spb_text_block] [spb_blank_spacer height=&#8221;30px&#8221; width=&#8221;1\/1&#8243; el_position=&#8221;first last&#8221;] [spb_toggle element_name=&#8221;HVEM ARBEJDER NATASHA HAUSDORFF FOR?&#8221; title=&#8221;HVEM ARBEJDER NATASHA HAUSDORFF FOR?&#8221; open=&#8221;false&#8221; width=&#8221;1\/1&#8243; el_position=&#8221;first last&#8221;]<\/p>\n<p data-start=\"476\" data-end=\"686\">Natasha Hausdorff er <strong data-start=\"497\" data-end=\"530\">juridisk r\u00e5dgiver og aktivist<\/strong> tilknyttet <strong data-start=\"542\" data-end=\"575\">UK Lawyers for Israel (UKLFI)<\/strong> \u2013 en britisk baseret lobbygruppe med t\u00e6tte b\u00e5nd til <strong data-start=\"628\" data-end=\"648\">Israels regering<\/strong> og det israelske udenrigsministerium.<\/p>\n<blockquote data-start=\"688\" data-end=\"1056\">\n<p data-start=\"690\" data-end=\"824\">UKLFI blev oprettet i 2010 og arbejder m\u00e5lrettet for at p\u00e5virke britisk og international opinion til fordel for Israel \u2013 bl.a. ved at:<\/p>\n<ul data-start=\"829\" data-end=\"1056\">\n<li data-start=\"829\" data-end=\"870\">\n<p data-start=\"831\" data-end=\"870\">Censurere Gaza-relateret kunst i London<\/p>\n<\/li>\n<li data-start=\"873\" data-end=\"919\">\n<p data-start=\"875\" data-end=\"919\">Presse BBC til at fyre kritiske journalister<\/p>\n<\/li>\n<li data-start=\"922\" data-end=\"982\">\n<p data-start=\"924\" data-end=\"982\">Samarbejde med israelske diplomater og efterretningskilder<\/p>\n<\/li>\n<li data-start=\"985\" data-end=\"1056\">\n<p data-start=\"987\" data-end=\"1056\">Fjerne pal\u00e6stinensiske narrativer fra skoleb\u00f8ger og offentlige medier<\/p>\n<\/li>\n<\/ul>\n<\/blockquote>\n<p data-start=\"1058\" data-end=\"1193\"><strong data-start=\"1058\" data-end=\"1193\">N\u00e5r Natasha Hausdorff udtaler sig, sker det alts\u00e5 ikke fra et neutralt sted \u2013 men fra et netv\u00e6rk med en tydelig politisk dagsorden.<\/strong><\/p>\n<p>[\/spb_toggle] [spb_blank_spacer height=&#8221;30px&#8221; width=&#8221;1\/1&#8243; el_position=&#8221;first last&#8221;] [spb_raw_html width=&#8221;1\/1&#8243; el_position=&#8221;first last&#8221;]JTNDZGl2JTIwc3R5bGUlM0QlMjJwb3NpdGlvbiUzQXJlbGF0aXZlJTNCcGFkZGluZy1ib3R0b20lM0E1Ni4yNSUyNSUzQmhlaWdodCUzQTAlM0JvdmVyZmxvdyUzQWhpZGRlbiUzQm1heC13aWR0aCUzQTEwMCUyNSUzQm1hcmdpbi1ib3R0b20lM0ExLjVlbSUzQiUyMiUzRSUwQSUyMCUyMCUzQ2lmcmFtZSUyMHNyYyUzRCUyMmh0dHBzJTNBJTJGJTJGd3d3LnlvdXR1YmUuY29tJTJGZW1iZWQlMkZCQ1RsS2tVV0tYayUyMiUyMCUwQSUyMCUyMCUyMCUyMCUyMCUyMCUyMCUyMCUyMCUyMGZyYW1lYm9yZGVyJTNEJTIyMCUyMiUyMCUwQSUyMCUyMCUyMCUyMCUyMCUyMCUyMCUyMCUyMCUyMGFsbG93ZnVsbHNjcmVlbiUyMCUwQSUyMCUyMCUyMCUyMCUyMCUyMCUyMCUyMCUyMCUyMHN0eWxlJTNEJTIycG9zaXRpb24lM0FhYnNvbHV0ZSUzQnRvcCUzQTAlM0JsZWZ0JTNBMCUzQndpZHRoJTNBMTAwJTI1JTNCaGVpZ2h0JTNBMTAwJTI1JTNCJTIyJTNFJTBBJTIwJTIwJTNDJTJGaWZyYW1lJTNFJTBBJTNDJTJGZGl2JTNFJTBB[\/spb_raw_html] [spb_blank_spacer height=&#8221;30px&#8221; width=&#8221;1\/1&#8243; el_position=&#8221;first last&#8221;] [spb_raw_html width=&#8221;1\/1&#8243; el_position=&#8221;first last&#8221;]JTNDZGl2JTIwc3R5bGUlM0QlMjJwb3NpdGlvbiUzQXJlbGF0aXZlJTNCJTIwcGFkZGluZy1ib3R0b20lM0E1Ni4yNSUyNSUzQiUyMGhlaWdodCUzQTAlM0IlMjBvdmVyZmxvdyUzQWhpZGRlbiUzQiUyMG1heC13aWR0aCUzQTEwMCUyNSUzQiUyMiUzRSUwQSUyMCUyMCUzQ2lmcmFtZSUyMCUwQSUyMCUyMCUyMCUyMHNyYyUzRCUyMmh0dHBzJTNBJTJGJTJGd3d3LnlvdXR1YmUuY29tJTJGZW1iZWQlMkZtNXFyNEVGZUZLdyUyMiUwQSUyMCUyMCUyMCUyMHN0eWxlJTNEJTIycG9zaXRpb24lM0FhYnNvbHV0ZSUzQiUyMHRvcCUzQTAlM0IlMjBsZWZ0JTNBMCUzQiUyMHdpZHRoJTNBMTAwJTI1JTNCJTIwaGVpZ2h0JTNBMTAwJTI1JTNCJTIwYm9yZGVyJTNBMCUzQiUyMiUwQSUyMCUyMCUyMCUyMGZyYW1lYm9yZGVyJTNEJTIyMCUyMiUwQSUyMCUyMCUyMCUyMGFsbG93JTNEJTIyYWNjZWxlcm9tZXRlciUzQiUyMGF1dG9wbGF5JTNCJTIwY2xpcGJvYXJkLXdyaXRlJTNCJTIwZW5jcnlwdGVkLW1lZGlhJTNCJTIwZ3lyb3Njb3BlJTNCJTIwcGljdHVyZS1pbi1waWN0dXJlJTNCJTIwd2ViLXNoYXJlJTIyJTBBJTIwJTIwJTIwJTIwcmVmZXJyZXJwb2xpY3klM0QlMjJzdHJpY3Qtb3JpZ2luLXdoZW4tY3Jvc3Mtb3JpZ2luJTIyJTBBJTIwJTIwJTIwJTIwYWxsb3dmdWxsc2NyZWVuJTNFJTBBJTIwJTIwJTNDJTJGaWZyYW1lJTNFJTBBJTNDJTJGZGl2JTNFJTBB[\/spb_raw_html] [spb_blank_spacer height=&#8221;30px&#8221; width=&#8221;1\/1&#8243; el_position=&#8221;first last&#8221;] [spb_blank_spacer height=&#8221;30px&#8221; width=&#8221;1\/1&#8243; el_position=&#8221;first last&#8221;] [spb_raw_html width=&#8221;1\/1&#8243; el_position=&#8221;first last&#8221;]JTNDaWZyYW1lJTIwc3JjJTNEJTIyaHR0cHMlM0ElMkYlMkZ3d3cuZmFjZWJvb2suY29tJTJGcGx1Z2lucyUyRnBvc3QucGhwJTNGaHJlZiUzRGh0dHBzJTI1M0ElMjUyRiUyNTJGd3d3LmZhY2Vib29rLmNvbSUyNTJGcGVybWFsaW5rLnBocCUyNTNGc3RvcnlfZmJpZCUyNTNEcGZiaWQwMlNxSDFqdm8zNHJ3R2pmVENTRExWUmpTZFZDcEJpWXduVjRlOG1DcEE3bW05NkJFRjR2SmJQN1N1QlMyblp1VnlsJTI1MjZpZCUyNTNEMTAwMDA5OTg2MjY5MDA3JTI2c2hvd190ZXh0JTNEdHJ1ZSUyNndpZHRoJTNENTAwJTIyJTIwd2lkdGglM0QlMjI1MDAlMjIlMjBoZWlnaHQlM0QlMjI3NjclMjIlMjBzdHlsZSUzRCUyMmJvcmRlciUzQW5vbmUlM0JvdmVyZmxvdyUzQWhpZGRlbiUyMiUyMHNjcm9sbGluZyUzRCUyMm5vJTIyJTIwZnJhbWVib3JkZXIlM0QlMjIwJTIyJTIwYWxsb3dmdWxsc2NyZWVuJTNEJTIydHJ1ZSUyMiUyMGFsbG93JTNEJTIyYXV0b3BsYXklM0IlMjBjbGlwYm9hcmQtd3JpdGUlM0IlMjBlbmNyeXB0ZWQtbWVkaWElM0IlMjBwaWN0dXJlLWluLXBpY3R1cmUlM0IlMjB3ZWItc2hhcmUlMjIlM0UlM0MlMkZpZnJhbWUlM0U=[\/spb_raw_html] [spb_blank_spacer height=&#8221;30px&#8221; width=&#8221;1\/1&#8243; el_position=&#8221;first last&#8221;] [spb_text_block animation=&#8221;none&#8221; animation_delay=&#8221;0&#8243; simplified_controls=&#8221;yes&#8221; custom_css_percentage=&#8221;no&#8221; padding_vertical=&#8221;0&#8243; padding_horizontal=&#8221;0&#8243; margin_vertical=&#8221;0&#8243; custom_css=&#8221;margin-top: 0px;margin-bottom: 0px;&#8221; border_size=&#8221;0&#8243; border_styling_global=&#8221;default&#8221; width=&#8221;1\/1&#8243; el_position=&#8221;first last&#8221;]<\/p>\n<h2>LEVIATHANS SKYGGE OVER DEMOKRATIET<\/h2>\n<p>[\/spb_text_block] [spb_blank_spacer height=&#8221;30px&#8221; width=&#8221;1\/1&#8243; el_position=&#8221;first last&#8221;] [spb_image image=&#8221;46068&#8243; image_size=&#8221;full&#8221; frame=&#8221;noframe&#8221; caption_pos=&#8221;hover&#8221; remove_rounded=&#8221;yes&#8221; fullwidth=&#8221;no&#8221; overflow_mode=&#8221;none&#8221; link_target=&#8221;_self&#8221; lightbox=&#8221;no&#8221; intro_animation=&#8221;none&#8221; animation_delay=&#8221;200&#8243; width=&#8221;1\/1&#8243; el_position=&#8221;first last&#8221;][\/spb_image] [spb_blank_spacer height=&#8221;30px&#8221; width=&#8221;1\/1&#8243; el_position=&#8221;first last&#8221;] [spb_text_block animation=&#8221;none&#8221; animation_delay=&#8221;0&#8243; simplified_controls=&#8221;yes&#8221; custom_css_percentage=&#8221;no&#8221; padding_vertical=&#8221;0&#8243; padding_horizontal=&#8221;0&#8243; margin_vertical=&#8221;0&#8243; custom_css=&#8221;margin-top: 0px;margin-bottom: 0px;&#8221; border_size=&#8221;0&#8243; border_styling_global=&#8221;default&#8221; width=&#8221;1\/1&#8243; el_position=&#8221;first last&#8221;][\/spb_text_block] [spb_text_block animation=&#8221;none&#8221; animation_delay=&#8221;0&#8243; simplified_controls=&#8221;yes&#8221; custom_css_percentage=&#8221;no&#8221; padding_vertical=&#8221;0&#8243; padding_horizontal=&#8221;0&#8243; margin_vertical=&#8221;0&#8243; custom_css=&#8221;margin-top: 0px;margin-bottom: 0px;&#8221; border_size=&#8221;0&#8243; border_styling_global=&#8221;default&#8221; width=&#8221;1\/1&#8243; el_position=&#8221;first last&#8221;]<\/p>\n<h2 data-start=\"112\" data-end=\"179\">HVEM INVITEREDE NATASHA HAUSDORFF<\/h2>\n<h3 data-start=\"112\" data-end=\"179\">OG HVORFOR BAG LUKKEDE D\u00d8RE?<\/h3>\n<h4 data-start=\"181\" data-end=\"240\">OPFORDRING: BRUG DIN RET \u2013 S\u00d8G AKTINDSIGT I FOLKETINGET<\/h4>\n<p data-start=\"242\" data-end=\"451\">Mandag den 26. maj 2025 blev den britisk-israelske jurist Natasha Hausdorff inviteret ind bag lukkede d\u00f8re i <strong data-start=\"351\" data-end=\"390\">Folketingets Udenrigspolitiske N\u00e6vn<\/strong> \u2013 uden presse, uden offentlighed og uden kritiske sp\u00f8rgsm\u00e5l.<\/p>\n<p data-start=\"453\" data-end=\"714\">Samme dag stod hun p\u00e5 talerstolen p\u00e5 K\u00f8benhavns Universitet og kaldte billeder af <strong data-start=\"535\" data-end=\"576\">sultende b\u00f8rn i Gaza for \u201cpropaganda\u201d<\/strong>. Hun beskyldte b\u00e5de <strong data-start=\"597\" data-end=\"628\">Amnesty International og FN<\/strong> for politisk bias og h\u00e6vdede, at det er dem \u2013 ikke Israel \u2013 der har blod p\u00e5 h\u00e6nderne.<\/p>\n<p data-start=\"716\" data-end=\"720\">Men:<\/p>\n<blockquote>\n<p data-start=\"724\" data-end=\"790\"><em>Hvem besluttede at give hende adgang til det danske parlament?<\/em><\/p>\n<p data-start=\"793\" data-end=\"858\"><em>Var det en officiel h\u00f8ring \u2013 eller et lukket r\u00e5dgivningsm\u00f8de?<\/em><\/p>\n<p data-start=\"861\" data-end=\"932\"><em>Blev der inviteret stemmer med modstridende juridiske perspektiver?<\/em><\/p>\n<\/blockquote>\n<p data-start=\"934\" data-end=\"974\">Det er her <strong data-start=\"945\" data-end=\"951\">du<\/strong> kommer ind i billedet.<\/p>\n<hr data-start=\"976\" data-end=\"979\" \/>\n<h2 data-start=\"981\" data-end=\"1019\">BRUG DIT DEMOKRATI \u2013 S\u00d8G AKTINDSIGT<\/h2>\n<p data-start=\"1021\" data-end=\"1039\"><strong data-start=\"1021\" data-end=\"1039\">Eksempeltekst:<\/strong><\/p>\n<blockquote data-start=\"1041\" data-end=\"1526\">\n<p data-start=\"1043\" data-end=\"1179\">Jeg anmoder hermed om aktindsigt i m\u00f8det den 26. maj 2025 i Folketingets Udenrigspolitiske N\u00e6vn, hvor jurist Natasha Hausdorff deltog.<\/p>\n<p data-start=\"1186\" data-end=\"1526\">Jeg \u00f8nsker oplyst:<br data-start=\"1204\" data-end=\"1207\" \/>\u2022 Hvem der foreslog eller inviterede Natasha Hausdorff<br data-start=\"1263\" data-end=\"1266\" \/>\u2022 Om m\u00f8det blev afholdt som en partsh\u00f8ring<br data-start=\"1310\" data-end=\"1313\" \/>\u2022 Hvilke \u00f8vrige akt\u00f8rer (hvis nogen) med modsatrettede juridiske vurderinger blev inviteret<br data-start=\"1406\" data-end=\"1409\" \/>\u2022 Hvorvidt m\u00f8det havde karakter af politisk r\u00e5dgivning vedr. Danmarks udenrigspolitik i Israel-Pal\u00e6stina-konflikten<\/p>\n<\/blockquote>\n<hr data-start=\"1528\" data-end=\"1531\" \/>\n<h3 data-start=\"1533\" data-end=\"1562\">SEND DIN FORESP\u00d8RGSEL TIL:<\/h3>\n<p data-start=\"1564\" data-end=\"1776\"><a class=\"cursor-pointer\" rel=\"noopener\" data-start=\"1567\" data-end=\"1612\">folketinget@ft.dk<\/a><br data-start=\"1612\" data-end=\"1615\" \/>Eller direkte via Udenrigspolitisk N\u00e6vn:<br data-start=\"1655\" data-end=\"1658\" \/><a class=\"cursor-pointer\" target=\"_new\" rel=\"noopener\" data-start=\"1658\" data-end=\"1776\">https:\/\/www.ft.dk\/udvalg\/udvalgene\/udenrigspolitisk-naevn<\/a><\/p>\n<p>[\/spb_text_block] [spb_blank_spacer height=&#8221;30px&#8221; width=&#8221;1\/1&#8243; el_position=&#8221;first last&#8221;] [spb_toggle element_name=&#8221;L\u00c6S HER: HVORDAN DU KAN BESKYTTE DEMOKRATIET \u2013 OG KASTE LYS OVER DANMARKS ISRAEL-POLITIK&#8221; title=&#8221;L\u00c6S HER: HVORDAN DU KAN BESKYTTE DEMOKRATIET \u2013 OG KASTE LYS OVER DANMARKS ISRAEL-POLITIK&#8221; open=&#8221;false&#8221; width=&#8221;1\/1&#8243; el_position=&#8221;first last&#8221;]<\/p>\n<h3 data-pm-slice=\"1 1 []\">DEL DET VIDERE \u2013 OG BRUG DET SELV<\/h3>\n<blockquote><p><em>Emne: Anmodning om aktindsigt i m\u00f8det med Natasha Hausdorff d. 26. maj 2025<\/em><\/p>\n<p><em>Til medlemmerne af Udenrigspolitisk N\u00e6vn,<\/em><\/p>\n<p><em>Jeg anmoder hermed om aktindsigt i f\u00f8lgende forhold vedr\u00f8rende m\u00f8det i Udenrigspolitisk N\u00e6vn den 26. maj 2025, hvor jurist Natasha Hausdorff deltog:<\/em><\/p>\n<ol start=\"1\" data-spread=\"false\">\n<li><em>Hvem indstillede og\/eller inviterede Natasha Hausdorff til m\u00f8det?<\/em><\/li>\n<li><em>Hvad var dagsordenen og form\u00e5let med m\u00f8det?<\/em><\/li>\n<li><em>Deltog der \u00f8vrige parter med andre juridiske, politiske eller menneskeretlige perspektiver?<\/em><\/li>\n<li><em>Er der udarbejdet referat, beslutningsgrundlag eller andet skriftligt materiale fra m\u00f8det?<\/em><\/li>\n<li><em>Hvilken status havde Hausdorffs deltagelse \u2013 r\u00e5dgivende, h\u00f8ringsm\u00e6ssig eller beslutningsp\u00e5virkende?<\/em><\/li>\n<\/ol>\n<p><em>Givet Hausdorffs tilknytning til UK Lawyers for Israel, tidligere ans\u00e6ttelse ved Israels h\u00f8jesteret og hendes centrale rolle i KU-debatten om Israel Pal\u00e6stina den 26. maj 2025, vurderer jeg det som folkeretligt og demokratisk n\u00f8dvendigt at belyse graden af neutralitet og pluralisme i n\u00e6vnets arbejde \u2013 s\u00e6rligt n\u00e5r emnet vedr\u00f8rer mulige overtr\u00e6delser af international humanit\u00e6r ret i Gaza.<\/em><\/p>\n<p><em>Jeg ser frem til jeres redeg\u00f8relse og opfordrer til, at relevante oplysninger stilles offentligt til r\u00e5dighed.<\/em><\/p>\n<p><em>Med venlig hilsen,<\/em><br \/>\n<em>[Dit navn]<\/em><br \/>\n<em>[Evt. by eller organisation]<\/em><\/p><\/blockquote>\n<div>\n<hr \/>\n<\/div>\n<h3>HVAD ER AKTINDSIGT \u2013 OG HVAD ER DINE RETTIGHEDER?<\/h3>\n<p>Som borger i Danmark har du ret til at f\u00e5 indsigt i, hvordan myndigheder som Folketinget tr\u00e6ffer beslutninger \u2013 ogs\u00e5 n\u00e5r det g\u00e6lder udenrigspolitiske emner som <strong>Israel Pal\u00e6stina-konflikten<\/strong>.<\/p>\n<p>Det kaldes aktindsigt. Du har <strong>juridisk ret<\/strong> til at sp\u00f8rge \u2013 og <strong>politisk beskyttelse<\/strong> mod at blive afvist uden grund. Du beh\u00f8ver ikke v\u00e6re jurist. Det kr\u00e6ver ingen s\u00e6rlige tilladelser.<\/p>\n<p>Det er din demokratiske ret. Brug den.<\/p>\n<p>[\/spb_toggle] [spb_blank_spacer height=&#8221;30px&#8221; width=&#8221;1\/1&#8243; el_position=&#8221;first last&#8221;] [spb_raw_html width=&#8221;1\/1&#8243; el_position=&#8221;first last&#8221;]JTNDc2NyaXB0JTIwdHlwZSUzRCUyMnRleHQlMkZqYXZhc2NyaXB0JTIyJTIwc3JjJTNEJTIyaHR0cHMlM0ElMkYlMkZjZG5qcy5idXltZWFjb2ZmZWUuY29tJTJGMS4wLjAlMkZidXR0b24ucHJvZC5taW4uanMlMjIlMjBkYXRhLW5hbWUlM0QlMjJibWMtYnV0dG9uJTIyJTIwZGF0YS1zbHVnJTNEJTIyemxjb3BlbmhhZ2VuJTIyJTIwZGF0YS1jb2xvciUzRCUyMiUyM0ZGREQwMCUyMiUyMGRhdGEtZW1vamklM0QlMjIlRTIlOTglOTUlMjIlMjAlMjBkYXRhLWZvbnQlM0QlMjJDb29raWUlMjIlMjBkYXRhLXRleHQlM0QlMjJCdXklMjBtZSUyMGElMjBjb2ZmZWUlMjIlMjBkYXRhLW91dGxpbmUtY29sb3IlM0QlMjIlMjMwMDAwMDAlMjIlMjBkYXRhLWZvbnQtY29sb3IlM0QlMjIlMjMwMDAwMDAlMjIlMjBkYXRhLWNvZmZlZS1jb2xvciUzRCUyMiUyM2ZmZmZmZiUyMiUyMCUzRSUzQyUyRnNjcmlwdCUzRQ==[\/spb_raw_html] [spb_blank_spacer height=&#8221;30px&#8221; width=&#8221;1\/1&#8243; el_position=&#8221;first last&#8221;] [spb_text_block animation=&#8221;none&#8221; animation_delay=&#8221;0&#8243; simplified_controls=&#8221;yes&#8221; custom_css_percentage=&#8221;no&#8221; padding_vertical=&#8221;0&#8243; padding_horizontal=&#8221;0&#8243; margin_vertical=&#8221;0&#8243; custom_css=&#8221;margin-top: 0px;margin-bottom: 0px;&#8221; border_size=&#8221;0&#8243; border_styling_global=&#8221;default&#8221; width=&#8221;1\/1&#8243; el_position=&#8221;first last&#8221;]<\/p>\n<h2 data-start=\"53\" data-end=\"127\">BRAINWASHING<\/h2>\n<h3 data-start=\"53\" data-end=\"127\">HVEM ER CHRISTIAN HOLST VIGILIUS \u2013 OG HVORFOR B\u00d8R DET V\u00c6KKE BEKYMRING?<\/h3>\n<h4 data-start=\"129\" data-end=\"172\">N\u00c5R UNGDOMSPOLITIK M\u00d8DER MAGTENS MIDTE<\/h4>\n<p data-start=\"174\" data-end=\"377\">Christian Holst Vigilius, formand for Konservativ Ungdom, deltog i KU-debatten den 26. maj 2025 sammen med Natasha Hausdorff. I sit eget Facebook-opslag efter debatten fremf\u00f8rer han markante synspunkter:<\/p>\n<blockquote>\n<p data-start=\"381\" data-end=\"497\"><em>Han afviser, at Israels handlinger i Gaza kan betegnes som folkedrab \u2013 og kalder Amnestys anklager \u201canti-israelske\u201d.<\/em><\/p>\n<p data-start=\"500\" data-end=\"632\"><em>Han udtrykker st\u00f8tte til Israels milit\u00e6re strategi og stiller sp\u00f8rgsm\u00e5lstegn ved, hvorfor Hamas ikke betegnes som folkedrabstrussel.<\/em><\/p>\n<p data-start=\"635\" data-end=\"766\"><em>Han beskriver stemningen p\u00e5 K\u00f8benhavns Universitet som \u201cpro-israelsk\u201d og kritiserer Amnesty for at v\u00e6re \u201cforudindtaget og useri\u00f8s\u201d.<\/em><\/p>\n<\/blockquote>\n<p data-start=\"768\" data-end=\"991\">Inden vi n\u00e5r til reaktionerne, er det v\u00e6rd at sp\u00f8rge:<br data-start=\"821\" data-end=\"824\" \/>Hvilken rolle spiller ungdomspolitikere i statsinstitutioner og diplomatiske debatter \u2013 n\u00e5r de samtidig deltager i pro-israelske studieture og hasbara-aktiviteter?<\/p>\n<p>[\/spb_text_block] [spb_blank_spacer height=&#8221;30px&#8221; width=&#8221;1\/1&#8243; el_position=&#8221;first last&#8221;] [spb_raw_html width=&#8221;1\/1&#8243; el_position=&#8221;first last&#8221;]JTNDZGl2JTIwc3R5bGUlM0QlMjJwb3NpdGlvbiUzQXJlbGF0aXZlJTNCcGFkZGluZy1ib3R0b20lM0E1Ni4yNSUyNSUzQmhlaWdodCUzQTAlM0JvdmVyZmxvdyUzQWhpZGRlbiUzQm1heC13aWR0aCUzQTEwMCUyNSUzQiUyMiUzRSUwQSUyMCUyMCUzQ2lmcmFtZSUyMCUwQSUyMCUyMCUyMCUyMHNyYyUzRCUyMmh0dHBzJTNBJTJGJTJGd3d3LmZhY2Vib29rLmNvbSUyRnBsdWdpbnMlMkZ2aWRlby5waHAlM0ZoZWlnaHQlM0QzMTQlMjZocmVmJTNEaHR0cHMlMjUzQSUyNTJGJTI1MkZ3d3cuZmFjZWJvb2suY29tJTI1MkYxMDAwMDk5ODYyNjkwMDclMjUyRnZpZGVvcyUyNTJGMTYyNjEwOTU2NDcxOTI5MCUyNTJGJTI2c2hvd190ZXh0JTNEdHJ1ZSUyNndpZHRoJTNENTYwJTI2dCUzRDAlMjIlMjAlMEElMjAlMjAlMjAlMjBzdHlsZSUzRCUyMnBvc2l0aW9uJTNBYWJzb2x1dGUlM0J0b3AlM0EwJTNCbGVmdCUzQTAlM0J3aWR0aCUzQTEwMCUyNSUzQmhlaWdodCUzQTEwMCUyNSUzQmJvcmRlciUzQW5vbmUlM0JvdmVyZmxvdyUzQWhpZGRlbiUyMiUyMCUwQSUyMCUyMCUyMCUyMHNjcm9sbGluZyUzRCUyMm5vJTIyJTIwJTBBJTIwJTIwJTIwJTIwZnJhbWVib3JkZXIlM0QlMjIwJTIyJTIwJTBBJTIwJTIwJTIwJTIwYWxsb3dmdWxsc2NyZWVuJTNEJTIydHJ1ZSUyMiUyMCUwQSUyMCUyMCUyMCUyMGFsbG93JTNEJTIyYXV0b3BsYXklM0IlMjBjbGlwYm9hcmQtd3JpdGUlM0IlMjBlbmNyeXB0ZWQtbWVkaWElM0IlMjBwaWN0dXJlLWluLXBpY3R1cmUlM0IlMjB3ZWItc2hhcmUlMjIlM0UlMEElMjAlMjAlM0MlMkZpZnJhbWUlM0UlMEElM0MlMkZkaXYlM0UlMEE=[\/spb_raw_html] [spb_blank_spacer height=&#8221;30px&#8221; width=&#8221;1\/1&#8243; el_position=&#8221;first last&#8221;] [spb_text_block animation=&#8221;none&#8221; animation_delay=&#8221;0&#8243; simplified_controls=&#8221;yes&#8221; custom_css_percentage=&#8221;no&#8221; padding_vertical=&#8221;0&#8243; padding_horizontal=&#8221;0&#8243; margin_vertical=&#8221;0&#8243; custom_css=&#8221;margin-top: 0px;margin-bottom: 0px;&#8221; border_size=&#8221;0&#8243; border_styling_global=&#8221;default&#8221; width=&#8221;1\/1&#8243; el_position=&#8221;first last&#8221;]<\/p>\n<h2 data-start=\"998\" data-end=\"1032\">\u201cHASBARA\u201d OG ROS FRA SF\u2019S TOP<\/h2>\n<p data-start=\"1034\" data-end=\"1255\">Under videoen bringes her en opsigtsv\u00e6kkende reaktion fra <strong data-start=\"1092\" data-end=\"1109\">Jonathan Ofir<\/strong>, der stiller skarpt p\u00e5 Vigilius\u2019 rolle \u2013 og det politiske signal, det sender, at <strong data-start=\"1191\" data-end=\"1233\">SF\u2019s s\u00e6rlige r\u00e5dgiver Claus Perregaard<\/strong> offentligt roser ham:<\/p>\n<blockquote data-start=\"1257\" data-end=\"1507\">\n<p data-start=\"1259\" data-end=\"1507\"><em>\u201cVigilius har bortforklaret Israels folkedrab som \u2018h\u00f8jst usandsynligt\u2019, selvom ICJ har erkendt risiko for folkedrab. [&#8230;] SF\u2019s s\u00e6rlige r\u00e5dgiver synes, at det var godt. Det siger ikke s\u00e5 lidt om, hvor SF er henne ift. Pal\u00e6stina-Israel-sp\u00f8rgsm\u00e5let.\u201d<\/em><\/p>\n<\/blockquote>\n<p data-start=\"1509\" data-end=\"1774\">Ofir g\u00e5r videre og dokumenterer Vigilius\u2019 tidligere deltagelse i en <strong data-start=\"1577\" data-end=\"1605\">hasbara-rejse til Israel<\/strong> arrangeret af Dansk Zionistforbund \u2013 og kobler det til en l\u00e6ngere udvikling, hvor unge debatt\u00f8rer bliver taler\u00f8r for en <strong data-start=\"1726\" data-end=\"1773\">statsstyret israelsk kommunikationsstrategi<\/strong>.<\/p>\n<p data-start=\"1776\" data-end=\"1881\">Det centrale sp\u00f8rgsm\u00e5l, Ofir rejser, er:<br \/>\n<strong data-start=\"1817\" data-end=\"1881\">Hvor g\u00e5r gr\u00e6nsen mellem \u00e5ben debat og udenlandsk p\u00e5virkning?<\/strong><\/p>\n<p>[\/spb_text_block] [spb_blank_spacer height=&#8221;30px&#8221; width=&#8221;1\/1&#8243; el_position=&#8221;first last&#8221;] [spb_raw_html width=&#8221;1\/1&#8243; el_position=&#8221;first last&#8221;]JTNDaWZyYW1lJTIwc3JjJTNEJTIyaHR0cHMlM0ElMkYlMkZ3d3cuZmFjZWJvb2suY29tJTJGcGx1Z2lucyUyRnBvc3QucGhwJTNGaHJlZiUzRGh0dHBzJTI1M0ElMjUyRiUyNTJGd3d3LmZhY2Vib29rLmNvbSUyNTJGam9uYXRoYW4ub2ZpciUyNTJGcG9zdHMlMjUyRnBmYmlkMDM0aVZkSFFSQ3I3OFB1Y0pLeDZaV1BHNUd3MzFHUmJiY3dOUU1RMWRlR2tWTVdrVVJaeXE3UmUydWhrcW53TXo2bCUyNnNob3dfdGV4dCUzRHRydWUlMjZ3aWR0aCUzRDUwMCUyMiUyMHdpZHRoJTNEJTIyNTAwJTIyJTIwaGVpZ2h0JTNEJTIyNzczJTIyJTIwc3R5bGUlM0QlMjJib3JkZXIlM0Fub25lJTNCb3ZlcmZsb3clM0FoaWRkZW4lMjIlMjBzY3JvbGxpbmclM0QlMjJubyUyMiUyMGZyYW1lYm9yZGVyJTNEJTIyMCUyMiUyMGFsbG93ZnVsbHNjcmVlbiUzRCUyMnRydWUlMjIlMjBhbGxvdyUzRCUyMmF1dG9wbGF5JTNCJTIwY2xpcGJvYXJkLXdyaXRlJTNCJTIwZW5jcnlwdGVkLW1lZGlhJTNCJTIwcGljdHVyZS1pbi1waWN0dXJlJTNCJTIwd2ViLXNoYXJlJTIyJTNFJTNDJTJGaWZyYW1lJTNF[\/spb_raw_html] [spb_blank_spacer height=&#8221;30px&#8221; width=&#8221;1\/1&#8243; el_position=&#8221;first last&#8221;] [spb_text_block animation=&#8221;none&#8221; animation_delay=&#8221;0&#8243; simplified_controls=&#8221;yes&#8221; custom_css_percentage=&#8221;no&#8221; padding_vertical=&#8221;0&#8243; padding_horizontal=&#8221;0&#8243; margin_vertical=&#8221;0&#8243; custom_css=&#8221;margin-top: 0px;margin-bottom: 0px;&#8221; border_size=&#8221;0&#8243; border_styling_global=&#8221;default&#8221; width=&#8221;1\/1&#8243; el_position=&#8221;first last&#8221;]<\/p>\n<h2>I NEVER DENIED THAT<\/h2>\n<p>[\/spb_text_block] [spb_raw_html width=&#8221;1\/1&#8243; el_position=&#8221;first last&#8221;]JTNDZGl2JTIwc3R5bGUlM0QlMjJwb3NpdGlvbiUzQSUyMHJlbGF0aXZlJTNCJTIwcGFkZGluZy1ib3R0b20lM0ElMjA1Ni4yNSUyNSUzQiUyMGhlaWdodCUzQSUyMDAlM0IlMjBvdmVyZmxvdyUzQSUyMGhpZGRlbiUzQiUyMG1heC13aWR0aCUzQSUyMDEwMCUyNSUzQiUyMiUzRSUwQSUyMCUyMCUzQ2lmcmFtZSUyMCUwQSUyMCUyMCUyMCUyMHNyYyUzRCUyMmh0dHBzJTNBJTJGJTJGd3d3LnlvdXR1YmUuY29tJTJGZW1iZWQlMkZGeHRWNTFFNUllWSUzRnNpJTNEa2g5X1VwdHktVU1yU3lqMSUyNmFtcCUzQmNsaXAlM0RVZ2t4NnVNbVBtRXFXd3R2VFZvTkthdTNLYmZPZm5RNlhfcFMlMjZhbXAlM0JjbGlwdCUzREVPVzRsQUlZeFkyWUFnJTIyJTBBJTIwJTIwJTIwJTIwdGl0bGUlM0QlMjJZb3VUdWJlJTIwdmlkZW8lMjBwbGF5ZXIlMjIlMEElMjAlMjAlMjAlMjBzdHlsZSUzRCUyMnBvc2l0aW9uJTNBJTIwYWJzb2x1dGUlM0IlMjB0b3AlM0ElMjAwJTNCJTIwbGVmdCUzQSUyMDAlM0IlMjB3aWR0aCUzQSUyMDEwMCUyNSUzQiUyMGhlaWdodCUzQSUyMDEwMCUyNSUzQiUyMiUwQSUyMCUyMCUyMCUyMGZyYW1lYm9yZGVyJTNEJTIyMCUyMiUwQSUyMCUyMCUyMCUyMGFsbG93JTNEJTIyYWNjZWxlcm9tZXRlciUzQiUyMGF1dG9wbGF5JTNCJTIwY2xpcGJvYXJkLXdyaXRlJTNCJTIwZW5jcnlwdGVkLW1lZGlhJTNCJTIwZ3lyb3Njb3BlJTNCJTIwcGljdHVyZS1pbi1waWN0dXJlJTNCJTIwd2ViLXNoYXJlJTIyJTBBJTIwJTIwJTIwJTIwcmVmZXJyZXJwb2xpY3klM0QlMjJzdHJpY3Qtb3JpZ2luLXdoZW4tY3Jvc3Mtb3JpZ2luJTIyJTBBJTIwJTIwJTIwJTIwYWxsb3dmdWxsc2NyZWVuJTNFJTBBJTIwJTIwJTNDJTJGaWZyYW1lJTNFJTBBJTNDJTJGZGl2JTNFJTBB[\/spb_raw_html] [spb_blank_spacer height=&#8221;30px&#8221; width=&#8221;1\/1&#8243; el_position=&#8221;first last&#8221;] [spb_text_block animation=&#8221;none&#8221; animation_delay=&#8221;0&#8243; simplified_controls=&#8221;yes&#8221; custom_css_percentage=&#8221;no&#8221; padding_vertical=&#8221;0&#8243; padding_horizontal=&#8221;0&#8243; margin_vertical=&#8221;0&#8243; custom_css=&#8221;margin-top: 0px;margin-bottom: 0px;&#8221; border_size=&#8221;0&#8243; border_styling_global=&#8221;default&#8221; width=&#8221;1\/1&#8243; el_position=&#8221;first last&#8221;]<\/p>\n<h3 data-start=\"142\" data-end=\"188\">NATASHA AFSL\u00d8RER SIG SELV: LYD DOKUMENTERER AFBRYDELSE OG DEBATKULTUR<\/h3>\n<p data-start=\"190\" data-end=\"555\">I dette klip fra en norsk paneldebat om folkeret, folkedrab og informationskrig, ser vi et tydeligt eksempel p\u00e5, hvordan Natasha Hausdorff afbryder en anden deltager midt i hans opl\u00e6g. Han fors\u00f8ger at redeg\u00f8re for problemet med manglende presseadgang i Gaza, og hvordan begrebet &#8220;Pallywood&#8221; bruges til at delegitimere pal\u00e6stinensiske vidnesbyrd.<\/p>\n<p data-start=\"557\" data-end=\"758\">Hausdorffs indgriben er ikke blot uprofessionel \u2013 den illustrerer den retoriske dominans, der ofte kendetegner hasbara-kommunikation, hvor form\u00e5let er at forstyrre, afspore og afmontere kritik.<\/p>\n<p data-start=\"760\" data-end=\"891\">Vi opfordrer til, at du selv lytter og vurderer \u2013 og stiller sp\u00f8rgsm\u00e5l ved, hvilken debatkultur der tillades i offentlige fora.<\/p>\n<h2><span style=\"color: #000000;\">THE RULE OF WAR &amp; HASBARA<\/span><\/h2>\n<p><em>In war, lying about enemies is legal? That\u2019s a war crime. Info war is real.&#8221; #InformationWar #Hasbara #IsraelPal\u00e6stina<\/em><\/p>\n<p>[\/spb_text_block] [spb_blank_spacer height=&#8221;30px&#8221; width=&#8221;1\/1&#8243; el_position=&#8221;first last&#8221;] [spb_raw_html width=&#8221;1\/1&#8243; el_position=&#8221;first last&#8221;]JTNDZGl2JTIwc3R5bGUlM0QlMjJwb3NpdGlvbiUzQSUyMHJlbGF0aXZlJTNCJTIwcGFkZGluZy1ib3R0b20lM0ElMjA1Ni4yNSUyNSUzQiUyMGhlaWdodCUzQSUyMDAlM0IlMjBvdmVyZmxvdyUzQSUyMGhpZGRlbiUzQiUyMiUzRSUwQSUyMCUyMCUzQ2lmcmFtZSUyMHNyYyUzRCUyMmh0dHBzJTNBJTJGJTJGd3d3LnlvdXR1YmUuY29tJTJGZW1iZWQlMkZGeHRWNTFFNUllWSUzRnNpJTNEanc1ZzlqbnlHV3RzUVc3TCUyNmFtcCUzQmNsaXAlM0RVZ2t4amZ1al8wUmFDN3ZyN3ViLVlJM1lvd01TWlVHX2liS3YlMjZhbXAlM0JjbGlwdCUzREVMX19yd0lZMUttekFnJTIyJTIwJTBBJTIwJTIwJTIwJTIwdGl0bGUlM0QlMjJZb3VUdWJlJTIwdmlkZW8lMjBwbGF5ZXIlMjIlMEElMjAlMjAlMjAlMjBmcmFtZWJvcmRlciUzRCUyMjAlMjIlMEElMjAlMjAlMjAlMjBhbGxvdyUzRCUyMmFjY2VsZXJvbWV0ZXIlM0IlMjBhdXRvcGxheSUzQiUyMGNsaXBib2FyZC13cml0ZSUzQiUyMGVuY3J5cHRlZC1tZWRpYSUzQiUyMGd5cm9zY29wZSUzQiUyMHBpY3R1cmUtaW4tcGljdHVyZSUzQiUyMHdlYi1zaGFyZSUyMiUwQSUyMCUyMCUyMCUyMGFsbG93ZnVsbHNjcmVlbiUwQSUyMCUyMCUyMCUyMHN0eWxlJTNEJTIycG9zaXRpb24lM0ElMjBhYnNvbHV0ZSUzQiUyMHRvcCUzQSUyMDAlM0IlMjBsZWZ0JTNBJTIwMCUzQiUyMHdpZHRoJTNBJTIwMTAwJTI1JTNCJTIwaGVpZ2h0JTNBJTIwMTAwJTI1JTNCJTIyJTBBJTIwJTIwJTIwJTIwcmVmZXJyZXJwb2xpY3klM0QlMjJzdHJpY3Qtb3JpZ2luLXdoZW4tY3Jvc3Mtb3JpZ2luJTIyJTNFJTBBJTIwJTIwJTNDJTJGaWZyYW1lJTNFJTBBJTNDJTJGZGl2JTNFJTBB[\/spb_raw_html] [spb_blank_spacer height=&#8221;30px&#8221; width=&#8221;1\/1&#8243; el_position=&#8221;first last&#8221;] [spb_text_block animation=&#8221;none&#8221; animation_delay=&#8221;0&#8243; simplified_controls=&#8221;yes&#8221; custom_css_percentage=&#8221;no&#8221; padding_vertical=&#8221;0&#8243; padding_horizontal=&#8221;0&#8243; margin_vertical=&#8221;0&#8243; custom_css=&#8221;margin-top: 0px;margin-bottom: 0px;&#8221; border_size=&#8221;0&#8243; border_styling_global=&#8221;default&#8221; width=&#8221;1\/1&#8243; el_position=&#8221;first last&#8221;]<\/p>\n<h2 data-start=\"121\" data-end=\"150\">HVAD ER INFORMATIONSKRIG?<\/h2>\n<p data-start=\"152\" data-end=\"344\">I debatten om Israel og Pal\u00e6stina bruges propaganda som v\u00e5ben. N\u00e5r akt\u00f8rer som Natasha Hausdorff ben\u00e6gter folkedrab og angriber NGO\u2019er, er det en del af en st\u00f8rre <a href=\"https:\/\/zlcopenhagen.com\/es\/the-information-war-hamas-charter\/\" target=\"_blank\" rel=\"noopener\"><strong data-start=\"323\" data-end=\"343\">informationskrig<\/strong><\/a>.<\/p>\n<blockquote>\n<p data-start=\"346\" data-end=\"438\"><strong><em>I krig er det lovligt at lyve om sin fjende \u2013 men vi m\u00e5 ikke acceptere det i demokratiet.<\/em><\/strong><\/p>\n<\/blockquote>\n<p data-start=\"440\" data-end=\"538\">Det kaldes <strong data-start=\"451\" data-end=\"462\">Hasbara<\/strong> \u2013 og det bruges til at fordreje sandheden under d\u00e6kke af jura og sikkerhed.<\/p>\n<p data-start=\"540\" data-end=\"600\">Stil sp\u00f8rgsm\u00e5l. Kr\u00e6v aktindsigt. Demokratiet d\u00f8r i m\u00f8rke. Free Pal\u00e6stine.<\/p>\n<h2 data-start=\"540\" data-end=\"600\">DANISH GENOCIDE DESIGN<\/h2>\n<h3 data-start=\"540\" data-end=\"600\">EDUCATE YOURSELF LADIES &amp; GENTLEMENTS<\/h3>\n<p>[\/spb_text_block] [spb_blank_spacer height=&#8221;30px&#8221; width=&#8221;1\/1&#8243; el_position=&#8221;first last&#8221;] [spb_image image=&#8221;36680&#8243; image_size=&#8221;full&#8221; frame=&#8221;noframe&#8221; caption_pos=&#8221;hover&#8221; remove_rounded=&#8221;yes&#8221; fullwidth=&#8221;no&#8221; overflow_mode=&#8221;none&#8221; link_target=&#8221;_self&#8221; lightbox=&#8221;no&#8221; intro_animation=&#8221;none&#8221; animation_delay=&#8221;200&#8243; width=&#8221;1\/1&#8243; el_position=&#8221;first last&#8221;][\/spb_image] [spb_blank_spacer height=&#8221;30px&#8221; width=&#8221;1\/1&#8243; el_position=&#8221;first last&#8221;]<\/p>\n","protected":false},"excerpt":{"rendered":"<p>[spb_blank_spacer height=&#8221;30px&#8221; width=&#8221;1\/1&#8243; el_position=&#8221;first last&#8221;] [spb_text_block animation=&#8221;none&#8221; animation_delay=&#8221;0&#8243; simplified_controls=&#8221;yes&#8221; custom_css_percentage=&#8221;no&#8221; padding_vertical=&#8221;0&#8243; padding_horizontal=&#8221;0&#8243; margin_vertical=&#8221;0&#8243; custom_css=&#8221;margin-top: 0px;margin-bottom: 0px;&#8221; border_size=&#8221;0&#8243; border_styling_global=&#8221;default&#8221; width=&#8221;1\/1&#8243; el_position=&#8221;first last&#8221;] JURA I FRONTLINJEN TO BRITISKE JURISTER \u2013 TO MODSATTE DOMME OVER ISRAEL To vidt forskellige verdener m\u00f8dtes i K\u00f8benhavn og Haag. Men de stopper ikke der. I dette till\u00e6g l\u00e6gger vi endnu et lag til analysen af internationale juridiske [&hellip;]<\/p>\n","protected":false},"author":2,"featured_media":0,"comment_status":"closed","ping_status":"closed","sticky":false,"template":"","format":"standard","meta":{"footnotes":""},"categories":[1642,1357,1843,2018],"tags":[],"class_list":["post-48837","post","type-post","status-publish","format-standard","hentry","category-geopolitics-es","category-noticias-independientes","category-propaganda-guerra-informacion","category-vestens-fald-es"],"yoast_head":"<!-- This site is optimized with the Yoast SEO Premium plugin v26.6 (Yoast SEO v27.5) - https:\/\/yoast.com\/product\/yoast-seo-premium-wordpress\/ -->\n<title>Natasha Hausdorff vs Ralph Wilde: To syn p\u00e5 Israel og Gaza<\/title>\n<meta name=\"description\" content=\"Sammenligning af Natasha Hausdorffs KU-udtalelser i 2025 &amp; Ralph Wildes ICJ-pr\u00e6sentation i 2024 om Israels handlinger i Pal\u00e6stina.\" \/>\n<meta name=\"robots\" content=\"index, follow, max-snippet:-1, max-image-preview:large, max-video-preview:-1\" \/>\n<link rel=\"canonical\" href=\"https:\/\/zlcopenhagen.com\/es\/natasha-hausdorff-vs-ralph-wilde-debat\/\" \/>\n<meta property=\"og:locale\" content=\"es_ES\" \/>\n<meta property=\"og:type\" content=\"article\" \/>\n<meta property=\"og:title\" content=\"ZLCOPENHAGEN: Danish-Punjabi Ethical Menswear\" \/>\n<meta property=\"og:description\" content=\"ZLCOPENHAGEN merges Danish minimalism with Punjabi pride. Ethical menswear with muscle, message, and meaning. Designed with zidd.\" \/>\n<meta property=\"og:url\" content=\"https:\/\/zlcopenhagen.com\/es\/natasha-hausdorff-vs-ralph-wilde-debat\/\" \/>\n<meta property=\"og:site_name\" content=\"zlcopenhagen.com\" \/>\n<meta property=\"article:published_time\" content=\"2026-03-05T07:04:28+00:00\" \/>\n<meta property=\"article:modified_time\" content=\"2026-03-05T14:56:00+00:00\" \/>\n<meta property=\"og:image\" content=\"https:\/\/zlcopenhagen.com\/wp-content\/uploads\/2014\/11\/zlc-.jpg\" \/>\n\t<meta property=\"og:image:width\" content=\"1908\" \/>\n\t<meta property=\"og:image:height\" content=\"1062\" \/>\n\t<meta property=\"og:image:type\" content=\"image\/jpeg\" \/>\n<meta name=\"author\" content=\"ZLC Team\" \/>\n<meta name=\"twitter:card\" content=\"summary_large_image\" \/>\n<meta name=\"twitter:label1\" content=\"Escrito por\" \/>\n\t<meta name=\"twitter:data1\" content=\"ZLC Team\" \/>\n\t<meta name=\"twitter:label2\" content=\"Tiempo de lectura\" \/>\n\t<meta name=\"twitter:data2\" content=\"24 minutos\" \/>\n<!-- \/ Yoast SEO Premium plugin. -->","yoast_head_json":{"title":"Natasha Hausdorff vs Ralph Wilde: To syn p\u00e5 Israel og Gaza","description":"Sammenligning af Natasha Hausdorffs KU-udtalelser i 2025 & Ralph Wildes ICJ-pr\u00e6sentation i 2024 om Israels handlinger i Pal\u00e6stina.","robots":{"index":"index","follow":"follow","max-snippet":"max-snippet:-1","max-image-preview":"max-image-preview:large","max-video-preview":"max-video-preview:-1"},"canonical":"https:\/\/zlcopenhagen.com\/es\/natasha-hausdorff-vs-ralph-wilde-debat\/","og_locale":"es_ES","og_type":"article","og_title":"ZLCOPENHAGEN: Danish-Punjabi Ethical Menswear","og_description":"ZLCOPENHAGEN merges Danish minimalism with Punjabi pride. Ethical menswear with muscle, message, and meaning. Designed with zidd.","og_url":"https:\/\/zlcopenhagen.com\/es\/natasha-hausdorff-vs-ralph-wilde-debat\/","og_site_name":"zlcopenhagen.com","article_published_time":"2026-03-05T07:04:28+00:00","article_modified_time":"2026-03-05T14:56:00+00:00","og_image":[{"width":1908,"height":1062,"url":"https:\/\/zlcopenhagen.com\/wp-content\/uploads\/2014\/11\/zlc-.jpg","type":"image\/jpeg"}],"author":"ZLC Team","twitter_card":"summary_large_image","twitter_misc":{"Escrito por":"ZLC Team","Tiempo de lectura":"24 minutos"},"schema":{"@context":"https:\/\/schema.org","@graph":[{"@type":["Article","BlogPosting"],"@id":"https:\/\/zlcopenhagen.com\/es\/natasha-hausdorff-vs-ralph-wilde-debat\/#article","isPartOf":{"@id":"https:\/\/zlcopenhagen.com\/es\/natasha-hausdorff-vs-ralph-wilde-debat\/"},"author":{"name":"ZLC Team","@id":"https:\/\/zlcopenhagen.com\/#\/schema\/person\/c7ce5649957ac4c1258910e89f0f5fb3"},"headline":"NATASHA HAUSDORFF AFVISER FOLKEDRAB \u2013 MEN IGNORERER BEVISERNE?","datePublished":"2026-03-05T07:04:28+00:00","dateModified":"2026-03-05T14:56:00+00:00","mainEntityOfPage":{"@id":"https:\/\/zlcopenhagen.com\/es\/natasha-hausdorff-vs-ralph-wilde-debat\/"},"wordCount":10212,"publisher":{"@id":"https:\/\/zlcopenhagen.com\/#organization"},"articleSection":["Geopolitics","NOTICIAS INDEPENDIENTES","PROPAGANDA Y GUERRA DE INFORMACI\u00d3N","Vestens Fald"],"inLanguage":"es","copyrightYear":"2026","copyrightHolder":{"@id":"https:\/\/zlcopenhagen.com\/#organization"}},{"@type":"WebPage","@id":"https:\/\/zlcopenhagen.com\/es\/natasha-hausdorff-vs-ralph-wilde-debat\/","url":"https:\/\/zlcopenhagen.com\/es\/natasha-hausdorff-vs-ralph-wilde-debat\/","name":"Natasha Hausdorff vs Ralph Wilde: To syn p\u00e5 Israel og Gaza","isPartOf":{"@id":"https:\/\/zlcopenhagen.com\/#website"},"datePublished":"2026-03-05T07:04:28+00:00","dateModified":"2026-03-05T14:56:00+00:00","description":"Sammenligning af Natasha Hausdorffs KU-udtalelser i 2025 & Ralph Wildes ICJ-pr\u00e6sentation i 2024 om Israels handlinger i Pal\u00e6stina.","breadcrumb":{"@id":"https:\/\/zlcopenhagen.com\/es\/natasha-hausdorff-vs-ralph-wilde-debat\/#breadcrumb"},"inLanguage":"es","potentialAction":[{"@type":"ReadAction","target":["https:\/\/zlcopenhagen.com\/es\/natasha-hausdorff-vs-ralph-wilde-debat\/"]}]},{"@type":"BreadcrumbList","@id":"https:\/\/zlcopenhagen.com\/es\/natasha-hausdorff-vs-ralph-wilde-debat\/#breadcrumb","itemListElement":[{"@type":"ListItem","position":1,"name":"Home","item":"https:\/\/zlcopenhagen.com\/es\/"},{"@type":"ListItem","position":2,"name":"NATASHA HAUSDORFF AFVISER FOLKEDRAB \u2013 MEN IGNORERER BEVISERNE?"}]},{"@type":"WebSite","@id":"https:\/\/zlcopenhagen.com\/#website","url":"https:\/\/zlcopenhagen.com\/","name":"zlcopenhagen.com","description":"","publisher":{"@id":"https:\/\/zlcopenhagen.com\/#organization"},"potentialAction":[{"@type":"SearchAction","target":{"@type":"EntryPoint","urlTemplate":"https:\/\/zlcopenhagen.com\/?s={search_term_string}"},"query-input":{"@type":"PropertyValueSpecification","valueRequired":true,"valueName":"search_term_string"}}],"inLanguage":"es"},{"@type":["Organization","Place"],"@id":"https:\/\/zlcopenhagen.com\/#organization","name":"ZLCOPENHAGEN","alternateName":"ZLCOPENHAGEN","url":"https:\/\/zlcopenhagen.com\/","logo":{"@id":"https:\/\/zlcopenhagen.com\/es\/natasha-hausdorff-vs-ralph-wilde-debat\/#local-main-organization-logo"},"image":{"@id":"https:\/\/zlcopenhagen.com\/es\/natasha-hausdorff-vs-ralph-wilde-debat\/#local-main-organization-logo"},"sameAs":["https:\/\/www.youtube.com\/channel\/UCy7JINwB6DMr2fA9yHpDQJg"],"telephone":[],"openingHoursSpecification":[{"@type":"OpeningHoursSpecification","dayOfWeek":["Monday","Tuesday","Wednesday","Thursday","Friday","Saturday","Sunday"],"opens":"09:00","closes":"17:00"}]},{"@type":"Person","@id":"https:\/\/zlcopenhagen.com\/#\/schema\/person\/c7ce5649957ac4c1258910e89f0f5fb3","name":"ZLC Team","image":{"@type":"ImageObject","inLanguage":"es","@id":"https:\/\/secure.gravatar.com\/avatar\/bb92a8e9bdde1cf2114b74dce44557ee57d3909986eab1422fc34e9cce350044?s=96&d=mm&r=g","url":"https:\/\/secure.gravatar.com\/avatar\/bb92a8e9bdde1cf2114b74dce44557ee57d3909986eab1422fc34e9cce350044?s=96&d=mm&r=g","contentUrl":"https:\/\/secure.gravatar.com\/avatar\/bb92a8e9bdde1cf2114b74dce44557ee57d3909986eab1422fc34e9cce350044?s=96&d=mm&r=g","caption":"ZLC Team"}},{"@type":"ImageObject","inLanguage":"es","@id":"https:\/\/zlcopenhagen.com\/es\/natasha-hausdorff-vs-ralph-wilde-debat\/#local-main-organization-logo","url":"https:\/\/zlcopenhagen.com\/wp-content\/uploads\/2016\/05\/blog-logo.jpg","contentUrl":"https:\/\/zlcopenhagen.com\/wp-content\/uploads\/2016\/05\/blog-logo.jpg","width":68,"height":68,"caption":"ZLCOPENHAGEN"}]}},"_links":{"self":[{"href":"https:\/\/zlcopenhagen.com\/es\/wp-json\/wp\/v2\/posts\/48837","targetHints":{"allow":["GET"]}}],"collection":[{"href":"https:\/\/zlcopenhagen.com\/es\/wp-json\/wp\/v2\/posts"}],"about":[{"href":"https:\/\/zlcopenhagen.com\/es\/wp-json\/wp\/v2\/types\/post"}],"author":[{"embeddable":true,"href":"https:\/\/zlcopenhagen.com\/es\/wp-json\/wp\/v2\/users\/2"}],"replies":[{"embeddable":true,"href":"https:\/\/zlcopenhagen.com\/es\/wp-json\/wp\/v2\/comments?post=48837"}],"version-history":[{"count":32,"href":"https:\/\/zlcopenhagen.com\/es\/wp-json\/wp\/v2\/posts\/48837\/revisions"}],"predecessor-version":[{"id":59997,"href":"https:\/\/zlcopenhagen.com\/es\/wp-json\/wp\/v2\/posts\/48837\/revisions\/59997"}],"wp:attachment":[{"href":"https:\/\/zlcopenhagen.com\/es\/wp-json\/wp\/v2\/media?parent=48837"}],"wp:term":[{"taxonomy":"category","embeddable":true,"href":"https:\/\/zlcopenhagen.com\/es\/wp-json\/wp\/v2\/categories?post=48837"},{"taxonomy":"post_tag","embeddable":true,"href":"https:\/\/zlcopenhagen.com\/es\/wp-json\/wp\/v2\/tags?post=48837"}],"curies":[{"name":"wp","href":"https:\/\/api.w.org\/{rel}","templated":true}]}}