{"id":35034,"date":"2024-09-14T00:17:12","date_gmt":"2024-09-13T23:17:12","guid":{"rendered":"https:\/\/zlcopenhagen.com\/censur-anne-sofie-allarp-og-berlingskes-skjulte-rejseoplysninger\/"},"modified":"2024-09-21T13:20:25","modified_gmt":"2024-09-21T12:20:25","slug":"why-is-berlingske-media-silent-on-genocide","status":"publish","type":"post","link":"https:\/\/zlcopenhagen.com\/es\/why-is-berlingske-media-silent-on-genocide\/","title":{"rendered":"WHY IS BERLINGSKE MEDIA SILENT ON GENOCIDE?"},"content":{"rendered":"<p>[spb_raw_html width=&#8221;1\/1&#8243; el_position=&#8221;first last&#8221;]JTNDc2NyaXB0JTIwdHlwZSUzRCUyMnRleHQlMkZqYXZhc2NyaXB0JTIyJTIwc3JjJTNEJTIyaHR0cHMlM0ElMkYlMkZjZG5qcy5idXltZWFjb2ZmZWUuY29tJTJGMS4wLjAlMkZidXR0b24ucHJvZC5taW4uanMlMjIlMjBkYXRhLW5hbWUlM0QlMjJibWMtYnV0dG9uJTIyJTIwZGF0YS1zbHVnJTNEJTIyemxjb3BlbmhhZ2VuJTIyJTIwZGF0YS1jb2xvciUzRCUyMiUyM0ZGREQwMCUyMiUyMGRhdGEtZW1vamklM0QlMjIlMjIlMjAlMjBkYXRhLWZvbnQlM0QlMjJDb29raWUlMjIlMjBkYXRhLXRleHQlM0QlMjJCdXklMjBtZSUyMGElMjBjb2ZmZWUlMjIlMjBkYXRhLW91dGxpbmUtY29sb3IlM0QlMjIlMjMwMDAwMDAlMjIlMjBkYXRhLWZvbnQtY29sb3IlM0QlMjIlMjMwMDAwMDAlMjIlMjBkYXRhLWNvZmZlZS1jb2xvciUzRCUyMiUyM2ZmZmZmZiUyMiUyMCUzRSUzQyUyRnNjcmlwdCUzRQ==[\/spb_raw_html] [spb_blank_spacer height=&#8221;30px&#8221; width=&#8221;1\/1&#8243; el_position=&#8221;first last&#8221;] [spb_image image=&#8221;35081&#8243; image_size=&#8221;full&#8221; frame=&#8221;noframe&#8221; caption_pos=&#8221;hover&#8221; remove_rounded=&#8221;yes&#8221; fullwidth=&#8221;no&#8221; overflow_mode=&#8221;none&#8221; image_link=&#8221;https:\/\/mediekritisk.dk\/2024\/08\/mediekritisk-netvaerk-lancerer-whistleblower-ordning\/&#8221; link_target=&#8221;_blank&#8221; lightbox=&#8221;no&#8221; intro_animation=&#8221;none&#8221; animation_delay=&#8221;200&#8243; width=&#8221;1\/1&#8243; el_position=&#8221;first last&#8221;]<\/p>\n<h2 style=\"text-align: center;\">REPORT NOW<\/h2>\n<p>[\/spb_image] [spb_text_block animation=&#8221;none&#8221; animation_delay=&#8221;0&#8243; simplified_controls=&#8221;yes&#8221; custom_css_percentage=&#8221;no&#8221; padding_vertical=&#8221;0&#8243; padding_horizontal=&#8221;0&#8243; margin_vertical=&#8221;0&#8243; custom_css=&#8221;margin-top: 0px;margin-bottom: 0px;&#8221; border_size=&#8221;0&#8243; border_styling_global=&#8221;default&#8221; width=&#8221;1\/1&#8243; el_position=&#8221;first last&#8221;]<\/p>\n<div class=\"flex-shrink-0 flex flex-col relative items-end\">\n<div>\n<div class=\"pt-0\">\n<h2 class=\"gizmo-bot-avatar flex h-8 w-8 items-center justify-center overflow-hidden rounded-full\">WHISTLEBLOWER ALERT<\/h2>\n<\/div>\n<\/div>\n<\/div>\n<p>Do you have <strong>confidential information<\/strong> the public needs to know? <strong>Mediekritisk Netv\u00e6rk<\/strong> now offers a <strong>whistleblower system<\/strong> where you can securely share sensitive details\u2014with <strong>guaranteed anonymity<\/strong>.<\/p>\n<p>This independent group is dedicated to <strong>exposing hidden media agendas<\/strong> and <strong>biases<\/strong>. They offer a safe platform for whistleblowers to reveal what happens behind the scenes, shining a light on what others want to keep in the dark.\u00a0Your information could change everything. Stay anonymous. Stay safe. <a href=\"https:\/\/mediekritisk.dk\/2024\/08\/mediekritisk-netvaerk-lancerer-whistleblower-ordning\/\" target=\"_blank\" rel=\"noopener\">Report <em>here<\/em><\/a>.<\/p>\n<p>&nbsp;<\/p>\n<p>[\/spb_text_block] [spb_image image=&#8221;35223&#8243; image_size=&#8221;full&#8221; frame=&#8221;noframe&#8221; caption_pos=&#8221;hover&#8221; remove_rounded=&#8221;yes&#8221; fullwidth=&#8221;no&#8221; overflow_mode=&#8221;none&#8221; link_target=&#8221;_self&#8221; lightbox=&#8221;no&#8221; intro_animation=&#8221;none&#8221; animation_delay=&#8221;200&#8243; width=&#8221;1\/1&#8243; el_position=&#8221;first last&#8221;][\/spb_image] [spb_text_block animation=&#8221;none&#8221; animation_delay=&#8221;0&#8243; simplified_controls=&#8221;yes&#8221; custom_css_percentage=&#8221;no&#8221; padding_vertical=&#8221;0&#8243; padding_horizontal=&#8221;0&#8243; margin_vertical=&#8221;0&#8243; custom_css=&#8221;margin-top: 0px;margin-bottom: 0px;&#8221; border_size=&#8221;0&#8243; border_styling_global=&#8221;default&#8221; width=&#8221;1\/1&#8243; el_position=&#8221;first last&#8221;]<\/p>\n<div class=\"flex-shrink-0 flex flex-col relative items-end\">\n<div>\n<div class=\"pt-0\">\n<div class=\"gizmo-bot-avatar flex h-8 w-8 items-center justify-center overflow-hidden rounded-full\">\n<h2 class=\"relative p-1 rounded-sm flex items-center justify-center bg-token-main-surface-primary text-token-text-primary h-8 w-8\">THE HIDDEN INFLUENCES<\/h2>\n<div class=\"relative p-1 rounded-sm flex items-center justify-center bg-token-main-surface-primary text-token-text-primary h-8 w-8\">Uncover the chilling connection: Christian Van Thillo, Emmanuel Van Thillo, and Anders Krab-Johansen tie Denmark to Israel through Berlingske Media and Juice Financial, operating in New York and Israel. The hidden influence is frightening!<\/div>\n<\/div>\n<\/div>\n<\/div>\n<\/div>\n<p>I want to clarify that I have received explicit permission to use Pia Bovin&#8217;s research and text in my work. Her insights and analysis have been invaluable, and I can incorporate her findings into my content. Any reference to her work is done with full consent.<\/p>\n<p>&nbsp;<\/p>\n<p>[\/spb_text_block] [spb_text_block animation=&#8221;none&#8221; animation_delay=&#8221;0&#8243; simplified_controls=&#8221;yes&#8221; custom_css_percentage=&#8221;no&#8221; padding_vertical=&#8221;0&#8243; padding_horizontal=&#8221;0&#8243; margin_vertical=&#8221;0&#8243; custom_css=&#8221;margin-top: 0px;margin-bottom: 0px;&#8221; border_size=&#8221;0&#8243; border_styling_global=&#8221;default&#8221; width=&#8221;1\/1&#8243; el_position=&#8221;first last&#8221;]<\/p>\n<div class=\"flex-1 overflow-hidden\">\n<div class=\"h-full\">\n<div class=\"react-scroll-to-bottom--css-dbbwh-79elbk h-full\">\n<div class=\"react-scroll-to-bottom--css-dbbwh-1n7m0yu\">\n<div class=\"flex flex-col text-sm\">\n<article class=\"w-full text-token-text-primary focus-visible:outline-2 focus-visible:outline-offset-[-4px]\" dir=\"auto\" data-testid=\"conversation-turn-47\" data-scroll-anchor=\"true\">\n<div class=\"text-base py-[18px] px-3 md:px-4 m-auto w-full md:px-5 lg:px-4 xl:px-5\">\n<div class=\"mx-auto flex flex-1 gap-4 text-base md:gap-5 lg:gap-6 md:max-w-3xl lg:max-w-[40rem] xl:max-w-[48rem]\">\n<div class=\"group\/conversation-turn relative flex w-full min-w-0 flex-col agent-turn\">\n<div class=\"flex-col gap-1 md:gap-3\">\n<div class=\"flex max-w-full flex-col flex-grow\">\n<div class=\"min-h-[20px] text-message flex w-full flex-col items-end gap-2 whitespace-normal break-words [.text-message+&amp;]:mt-5\" dir=\"auto\" data-message-author-role=\"assistant\" data-message-id=\"b1f42306-da36-4892-9fa0-164d7df84f28\">\n<div class=\"flex w-full flex-col gap-1 empty:hidden first:pt-[3px]\">\n<div class=\"markdown prose w-full break-words dark:prose-invert light\">\n<h2>THE CONNECTIONS BETWEEN BERLINGSKE\u2019S OWNERS AND THEIR SIDE VENTURES<\/h2>\n<p>The ownership structure behind Berlingske Media becomes even more interesting when you consider the side activities of certain board members, like <strong>Emmanuel Van Thillo<\/strong>, who is also involved with <strong>Juice Financial<\/strong>. Juice Financial is a fintech company operating internationally, with offices in New York and Israel. The company specializes in mobile payment solutions, such as cross-border salary transfers. This raises questions: Could this company be used to channel funds or support through these connections?<\/p>\n<p>So why isn\u2019t the Danish press investigating these ties? Instead of digging into these potentially essential links, they seem more focused on protecting their image. Wouldn\u2019t it make more sense to follow the financial trails?<\/p>\n<p>This becomes especially serious when we see settlements expanding with dual-passport holders bulldozing through while Palestinians are displaced. Despite the personal feelings of those involved, there is a significant problem here. They seem to attack anyone who dares to raise a different voice \u2013 from getting a director fired at Folkem\u00f8det to opposing Nobel Peace Prize nominees like <strong>Bisan Odwa<\/strong>.<\/p>\n<p>These exact figures are working to cut state funding for organizations like <strong>Mellemfolkeligt Samvirke (MS)<\/strong>, which provide critical perspectives. One example of this defensive stance was when a <strong>Berlingske<\/strong> editor compared <strong>Mellemfolkeligt Samvirke<\/strong> to the <strong>Blekingegade Gang<\/strong> on a media show. When confronted, her defence was, &#8220;It&#8217;s just my opinion.&#8221; So, is this the standard now? If someone is challenged for making offensive comparisons, can they claim, &#8220;It\u2019s just my opinion&#8221;?<\/p>\n<p>We should examine more closely the connections between these key individuals, the companies they\u2019re involved in, and the broader political and financial implications.<\/p>\n<\/div>\n<\/div>\n<\/div>\n<\/div>\n<\/div>\n<\/div>\n<\/div>\n<\/div>\n<\/article>\n<\/div>\n<\/div>\n<\/div>\n<\/div>\n<\/div>\n<p>[\/spb_text_block] [spb_blank_spacer height=&#8221;30px&#8221; width=&#8221;1\/1&#8243; el_position=&#8221;first last&#8221;] [spb_image image=&#8221;30564&#8243; image_size=&#8221;full&#8221; frame=&#8221;noframe&#8221; caption_pos=&#8221;hover&#8221; remove_rounded=&#8221;yes&#8221; fullwidth=&#8221;no&#8221; overflow_mode=&#8221;none&#8221; image_link=&#8221;https:\/\/zlcopenhagen.com\/the-information-war-hamas-charter\/&#8221; link_target=&#8221;_blank&#8221; lightbox=&#8221;no&#8221; intro_animation=&#8221;none&#8221; animation_delay=&#8221;200&#8243; width=&#8221;1\/1&#8243; el_position=&#8221;first last&#8221;]<\/p>\n<h2 style=\"text-align: center;\"><a href=\"https:\/\/zlcopenhagen.com\/es\/the-information-war-hamas-charter\/\" target=\"_blank\" rel=\"noopener\">INFORMATION WAR<\/a><\/h2>\n<p>[\/spb_image] [spb_blank_spacer height=&#8221;30px&#8221; width=&#8221;1\/1&#8243; el_position=&#8221;first last&#8221;] [spb_text_block animation=&#8221;none&#8221; animation_delay=&#8221;0&#8243; simplified_controls=&#8221;yes&#8221; custom_css_percentage=&#8221;no&#8221; padding_vertical=&#8221;0&#8243; padding_horizontal=&#8221;0&#8243; margin_vertical=&#8221;0&#8243; custom_css=&#8221;margin-top: 0px;margin-bottom: 0px;&#8221; border_size=&#8221;0&#8243; border_styling_global=&#8221;default&#8221; width=&#8221;1\/1&#8243; el_position=&#8221;first last&#8221;]<\/p>\n<h2>WHY IS BELGIAN DPG MEDIA-CONTROLLED BERLINGSKE MEDIA SILENT ON GENOCIDE?<\/h2>\n<h4><strong>ANDERS KRAB-JOHANSEN: CEO OF BERLINGSKE MEDIA<\/strong><\/h4>\n<p>Anders Krab-Johansen has been the CEO and Publisher (Koncernchef og Udgiver) of Berlingske Media since 2017. Before joining Berlingske, he served as CEO of <em>B\u00f8rsen<\/em>. In his current role, he oversees the strategic direction and daily operations of Berlingske Media, including its major publications such as <em>Berlingske<\/em>, <em>B.T.<\/em>, <em>Weekendavisen<\/em>, and <em>Euroinvestor<\/em>.<\/p>\n<h4><strong>CHRISTIAN VAN THILLO: CEO OF DPG MEDIA<\/strong><\/h4>\n<p>Christian Van Thillo, who led DPG Media as CEO for 30 years, stepped down in 2020 and now serves as the <strong>Executive Chairman<\/strong> of the Company&#8217;s Board of Directors. He continues to guide the company\u2019s strategy, acquisition policy, and the overall development of its media brands. While Van Thillo provides high-level oversight, he is not involved in Berlingske Media&#8217;s day-to-day operations.<\/p>\n<h4><strong>THE CONNECTION BETWEEN THEM<\/strong><\/h4>\n<p>Christian Van Thillo heads <strong>DPG Media<\/strong>, which has owned <strong>Berlingske Media<\/strong> since 2015. Anders Krab-Johansen manages the daily affairs of Berlingske Media, while Christian Van Thillo, as Executive Chairman of DPG Media, shapes the overall strategic direction of the parent company. Their connection is through DPG Media\u2019s ownership, making both influential in guiding Berlingske Media\u2019s future.<\/p>\n<p>[\/spb_text_block] [spb_image image=&#8221;35216&#8243; image_size=&#8221;full&#8221; frame=&#8221;noframe&#8221; caption_pos=&#8221;hover&#8221; remove_rounded=&#8221;yes&#8221; fullwidth=&#8221;no&#8221; overflow_mode=&#8221;none&#8221; link_target=&#8221;_self&#8221; lightbox=&#8221;no&#8221; intro_animation=&#8221;none&#8221; animation_delay=&#8221;200&#8243; width=&#8221;1\/1&#8243; el_position=&#8221;first last&#8221;][\/spb_image] [spb_text_block animation=&#8221;none&#8221; animation_delay=&#8221;0&#8243; simplified_controls=&#8221;yes&#8221; custom_css_percentage=&#8221;no&#8221; padding_vertical=&#8221;0&#8243; padding_horizontal=&#8221;0&#8243; margin_vertical=&#8221;0&#8243; custom_css=&#8221;margin-top: 0px;margin-bottom: 0px;&#8221; border_size=&#8221;0&#8243; border_styling_global=&#8221;default&#8221; width=&#8221;1\/1&#8243; el_position=&#8221;first last&#8221;]<\/p>\n<div class=\"flex max-w-full flex-col flex-grow\">\n<div class=\"min-h-[20px] text-message flex w-full flex-col items-end gap-2 whitespace-normal break-words [.text-message+&amp;]:mt-5\" dir=\"auto\" data-message-author-role=\"assistant\" data-message-id=\"464388ba-12a1-456f-b412-b389387168d7\">\n<div class=\"flex w-full flex-col gap-1 empty:hidden first:pt-[3px]\">\n<div class=\"markdown prose w-full break-words dark:prose-invert light\">\n<h2>EXPLANATION<\/h2>\n<ol>\n<li><strong>DPG Media<\/strong> is the parent company, based in Belgium, and owned by the <strong>Van Thillo family<\/strong>.<\/li>\n<li><strong>Christian Van Thillo<\/strong>, now the <strong>Executive Chairman<\/strong> of DPG Media, oversees the company&#8217;s overall strategic direction but is not involved in Berlingske Media&#8217;s daily operations.<\/li>\n<li><strong>Berlingske Media<\/strong>, which was owned by DPG Media in 2015, is a major Danish media group.<\/li>\n<li><strong>Anders Krab-Johansen<\/strong> is the <strong>CEO and Publisher<\/strong> of Berlingske Media and is responsible for the daily operations, guiding the group\u2019s publications such as <em>Berlingske<\/em>, <em>B.T.<\/em>, <em>Weekendavisen<\/em>, and <em>Euroinvestor<\/em>.<\/li>\n<\/ol>\n<p>This illustrates how <strong>DPG Media<\/strong> controls <strong>Berlingske Media<\/strong> through ownership, with Christian Van Thillo providing strategic leadership at the parent company level and Anders Krab-Johansen running the Danish media group.<\/p>\n<\/div>\n<\/div>\n<\/div>\n<\/div>\n<p>[\/spb_text_block] [spb_image image=&#8221;35119&#8243; image_size=&#8221;full&#8221; frame=&#8221;noframe&#8221; caption_pos=&#8221;hover&#8221; remove_rounded=&#8221;yes&#8221; fullwidth=&#8221;no&#8221; overflow_mode=&#8221;none&#8221; link_target=&#8221;_self&#8221; lightbox=&#8221;no&#8221; intro_animation=&#8221;none&#8221; animation_delay=&#8221;200&#8243; width=&#8221;1\/1&#8243; el_position=&#8221;first last&#8221;][\/spb_image] [spb_text_block animation=&#8221;none&#8221; animation_delay=&#8221;0&#8243; simplified_controls=&#8221;yes&#8221; custom_css_percentage=&#8221;no&#8221; padding_vertical=&#8221;0&#8243; padding_horizontal=&#8221;0&#8243; margin_vertical=&#8221;0&#8243; custom_css=&#8221;margin-top: 0px;margin-bottom: 0px;&#8221; border_size=&#8221;0&#8243; border_styling_global=&#8221;default&#8221; width=&#8221;1\/1&#8243; el_position=&#8221;first last&#8221;]<\/p>\n<div class=\"flex max-w-full flex-col flex-grow\">\n<div class=\"min-h-[20px] text-message flex w-full flex-col items-end gap-2 whitespace-normal break-words [.text-message+&amp;]:mt-5\" dir=\"auto\" data-message-author-role=\"assistant\" data-message-id=\"047825dc-276b-4cb8-864d-ee501b282ace\">\n<div class=\"flex w-full flex-col gap-1 empty:hidden first:pt-[3px]\">\n<div class=\"markdown prose w-full break-words dark:prose-invert light\">\n<h2>SOME SHOCKING FACTS<\/h2>\n<h4><strong>POSSIBLE EXPLANATIONS FOR BERLINGSKE MEDIA&#8217;S LIMITED COVERAGE OF THE WAR IN GAZA<\/strong><\/h4>\n<p>Many Danish readers have noticed that <em><strong><a href=\"https:\/\/www.berlingskemedia.dk\/\" target=\"_blank\" rel=\"noopener\">Berlingske Media<\/a><\/strong><\/em> provides limited or biased coverage of the conflict in Gaza and other political issues involving Israel. A closer look at the media house&#8217;s ownership structure and financial interests may explain this.<\/p>\n<h4><strong>ECONOMIC INTERESTS MAY INFLUENCE MEDIA COVERAGE<\/strong><\/h4>\n<p>Berlingske Media is owned by the Belgian-based <a href=\"https:\/\/www.dpgmediagroup.com\/\" target=\"_blank\" rel=\"noopener\"><strong>DPG Media Group<\/strong><\/a>, a media conglomerate led by <a href=\"https:\/\/www.dpgmediagroup.com\/about-dpg-media\/organisation\/corporate-governance\" target=\"_blank\" rel=\"noopener\"><strong>Emmanuel Van Thillo<\/strong><\/a>. Not only does Emmanuel Van Thillo serve as a <strong>Board Member<\/strong> of DPG Media, but he also holds a position on the board of <a href=\"https:\/\/juicefin.com\/about\/\" target=\"_blank\" rel=\"noopener\"><strong>Juice Financial<\/strong><\/a>, a fintech company operating in <strong>New York<\/strong> and <strong>Israel<\/strong>. Juice Financial specializes in digital payment solutions, a sector in which Israel, often called the &#8220;Startup Nation,&#8221; excels due to its thriving technology and innovation industries.<\/p>\n<h4><strong>CONNECTION TO ISRAEL THROUGH OWNERSHIP<\/strong><\/h4>\n<p><a href=\"https:\/\/juicefin.com\/about\/\" target=\"_blank\" rel=\"noopener\">Emmanuel Van Thillo\u2019s<\/a> involvement with <strong>Juice Financial<\/strong>, which has significant operations in Israel, suggests a possible vested interest in the region\u2019s fintech industry. This financial link raises concerns about whether <strong>editorial decisions<\/strong> at Berlingske Media, especially when it comes to Israel and Gaza, might be influenced by these business ties.<\/p>\n<h4><strong>ECONOMIC AND STRATEGIC INTERESTS IN ISRAEL<\/strong><\/h4>\n<p><a href=\"https:\/\/juicefin.com\/about\/\">Emmanuel Van Thillo\u2019s<\/a> engagement in Israel\u2019s fintech sector hints at broader business interests in the region. As Israel remains a global leader in technology and innovation, it presents a lucrative market for investment, especially in <strong>financial technologies<\/strong> that power digital solutions across various sectors.<\/p>\n<h4><strong>INVESTMENT IN GROWTH SECTORS<\/strong><\/h4>\n<p>By tapping into Israel&#8217;s flourishing fintech market, Emmanuel Van Thillo has effectively diversified his portfolio into a <strong>high-growth sector<\/strong>. This offers significant opportunities for financial returns and further cement his connections with Israel&#8217;s tech-driven economy.<\/p>\n<h4><strong>ACCESS TO ISRAEL&#8217;S TECH MARKET<\/strong><\/h4>\n<p>Through his position at Juice Financial, Emmanuel Van Thillo gains <strong>direct access<\/strong> to Israel\u2019s thriving tech market, one of the world\u2019s leading hubs for <strong>innovation<\/strong> and <strong>financial technology<\/strong>. This exposure not only brings business advantages but also raises questions about the influence these interests might have on media portrayals of Israel.<\/p>\n<h4><strong>SYNERGIES BETWEEN MEDIA AND FINTECH<\/strong><\/h4>\n<p>As a media owner, Van Thillo has potential synergies between his media assets and the fintech world. The integration of fintech technologies, such as <strong>advanced payment systems<\/strong> and <strong>subscription models<\/strong>, could enhance Berlingske\u2019s digital services and improve revenue streams through innovations in <strong>financial technologies<\/strong>.<\/p>\n<h4><strong>HOW JUICE FINANCIAL&#8217;S TECHNOLOGY COULD BE USED IN ISRAEL<\/strong><\/h4>\n<p>Juice Financial\u2019s digital payment solutions and technologies might have essential uses in Israel,<a href=\"https:\/\/www.usmcu.edu\/Outreach\/Marine-Corps-University-Press\/MCU-Journal\/JAMS-vol-12-no-1\/Consistency-of-Civil-Military-Relations-in-the-Israel-Defense-Forces\/\" target=\"_blank\" rel=\"noopener\"> <strong>impacting both civilian and military sectors<\/strong><\/a>.<\/p>\n<h2>SUPPORT FOR SETTLERS<\/h2>\n<p>In regions with limited access to traditional banking, Juice Financial\u2019s technology could provide <strong>financial support to settlers<\/strong> in occupied territories. By leveraging digital platforms, funds can be transferred quickly and securely to these remote areas.<\/p>\n<h3>INSTANT PAYOUTS TO SOLDIERS AND MILITARY PERSONNEL<\/h3>\n<p>With Israel\u2019s large military force, Juice Financial\u2019s real-time payment solutions can ensure that soldiers and security personnel receive their salaries and bonuses promptly, even in conflict zones.<\/p>\n<blockquote>\n<h4><strong>In summary, the economic ties between Berlingske Media\u2019s ownership and Israel\u2019s fintech sector through Emmanuel Van Thillo\u2019s involvement with Juice Financial may explain the limited and potentially biased coverage of conflicts involving Israel. These connections raise important questions about the influence of business interests on media reporting and the potential impact on public perception.<\/strong><\/h4>\n<\/blockquote>\n<\/div>\n<\/div>\n<\/div>\n<\/div>\n<p>[\/spb_text_block] [spb_image image=&#8221;35123&#8243; image_size=&#8221;full&#8221; frame=&#8221;noframe&#8221; caption_pos=&#8221;hover&#8221; remove_rounded=&#8221;yes&#8221; fullwidth=&#8221;no&#8221; overflow_mode=&#8221;none&#8221; link_target=&#8221;_self&#8221; lightbox=&#8221;no&#8221; intro_animation=&#8221;none&#8221; animation_delay=&#8221;200&#8243; width=&#8221;1\/1&#8243; el_position=&#8221;first last&#8221;][\/spb_image] [spb_image image=&#8221;35136&#8243; image_size=&#8221;full&#8221; frame=&#8221;noframe&#8221; caption_pos=&#8221;hover&#8221; remove_rounded=&#8221;yes&#8221; fullwidth=&#8221;no&#8221; overflow_mode=&#8221;none&#8221; link_target=&#8221;_self&#8221; lightbox=&#8221;no&#8221; intro_animation=&#8221;none&#8221; animation_delay=&#8221;200&#8243; width=&#8221;3\/4&#8243; el_position=&#8221;first last&#8221;][\/spb_image] [spb_text_block animation=&#8221;none&#8221; animation_delay=&#8221;0&#8243; simplified_controls=&#8221;yes&#8221; custom_css_percentage=&#8221;no&#8221; padding_vertical=&#8221;0&#8243; padding_horizontal=&#8221;0&#8243; margin_vertical=&#8221;0&#8243; custom_css=&#8221;margin-top: 0px;margin-bottom: 0px;&#8221; border_size=&#8221;0&#8243; border_styling_global=&#8221;default&#8221; width=&#8221;1\/1&#8243; el_position=&#8221;first last&#8221;]<\/p>\n<h2>SECURE FINANCIAL INFRASTRUCTURE<\/h2>\n<p>Traditional banking services often become vulnerable or disrupted in times of conflict, such as the war in Gaza. <strong>Juice Financial\u2019s<\/strong> digital infrastructure offers a more resilient alternative for <strong>secure financial transactions<\/strong>, even during crises. This capability allows uninterrupted financial flows in regions where instability might otherwise cripple traditional banking.<\/p>\n<h3>DISTRIBUTION OF AID AND RELIEF<\/h3>\n<p>Juice Financial\u2019s solutions also enable the rapid <strong>distribution of emergency aid<\/strong> to civilians affected by conflict, refugees, and displaced persons. The ability to process fast digital payments ensures timely access to essential funds in crises, which can be crucial for survival in conflict zones.<\/p>\n<h4><strong>POSSIBLE INFLUENCE ON EDITORIAL COVERAGE<\/strong><\/h4>\n<p>Van Thillo\u2019s financial ties to Israel through Juice Financial raise significant concerns about the possible influence these connections might have on how Berlingske Media covers Israel-related topics. When a media owner has business interests in a particular country, it can affect the objectivity of the news coverage regarding that country\u2019s political and military actions.<\/p>\n<p>This might explain why Berlingske Media tends to present a positive image of Israel or refrains from offering critical coverage, particularly concerning sensitive issues like the war in Gaza. These financial and strategic connections suggest that editorial decisions may not always be as independent as the public assumes.<\/p>\n<p>[\/spb_text_block] [spb_text_block animation=&#8221;none&#8221; animation_delay=&#8221;0&#8243; simplified_controls=&#8221;yes&#8221; custom_css_percentage=&#8221;no&#8221; padding_vertical=&#8221;0&#8243; padding_horizontal=&#8221;0&#8243; margin_vertical=&#8221;0&#8243; custom_css=&#8221;margin-top: 0px;margin-bottom: 0px;&#8221; border_size=&#8221;0&#8243; border_styling_global=&#8221;default&#8221; width=&#8221;1\/1&#8243; el_position=&#8221;first last&#8221;]<\/p>\n<h2>CONCLUSION<\/h2>\n<h3>THE DANGEROUS LINK BETWEEN FINANCIAL INTERESTS AND MEDIA COVERAGE<\/h3>\n<p>For Danish citizens questioning Berlingske Media&#8217;s biased coverage of the conflict in Gaza, it\u2019s essential to look beyond the headlines and examine the ownership and financial interests behind the media house. Emmanuel Van Thillo&#8217;s involvement with Juice Financial and his ties to Israel\u2019s fintech sector offer a troubling explanation for Berlingske Media&#8217;s editorial choices.<\/p>\n<p>These connections are not just a business matter\u2014they represent a dangerous intertwining of financial power and media influence, with far-reaching consequences for the public&#8217;s understanding of complex geopolitical issues. Frede Vad and other pro-Israel advocates are featured prominently in Berlingske\u2019s opinion pieces and articles, signaling a possible broader agenda that promotes a singular narrative about Israel\u2019s actions.<\/p>\n<p>Even more alarming is the involvement of Denmark&#8217;s Social Democrats, led by Mette Frederiksen, whose visit to Netanyahu during the COVID-19 pandemic suggests a close, potentially compromising relationship. This overlap of political, financial, and media interests creates an environment where public perception is manipulated to serve particular strategic goals, rather than delivering balanced journalism.<\/p>\n<h2>A DRAMATIC WAKE-UP CALL<\/h2>\n<p>This raises serious concerns about the integrity of the news we consume. When financial interests shape editorial coverage, the public is left with a skewed, one-sided narrative that benefits powerful individuals and groups at the expense of truth. Berlingske Media\u2019s ownership by DPG Media, led by Van Thillo, and his business ties to Israel suggest a concerted effort to suppress critical voices and distort the reality of conflicts like the war in Gaza.<\/p>\n<p>The intertwining of financial interests, political power, and media control should be a wake-up call to all Danish citizens. This is not just about biased reporting<span style=\"box-sizing: border-box; margin: 0px; padding: 0px;\"> but<\/span>\u00a0the potential manipulation of an entire nation\u2019s perspective on global conflicts. It\u2019s a reminder that we must be critical of the information we are fed, for it may be designed not to inform but to shape our beliefs and policies in ways that serve hidden interests.<\/p>\n<blockquote>\n<h4><strong>The truth is under siege, and unless we question these connections, we risk losing the very essence of free and independent journalism.<\/strong><\/h4>\n<\/blockquote>\n<p>[\/spb_text_block] [spb_image image=&#8221;35205&#8243; image_size=&#8221;full&#8221; frame=&#8221;noframe&#8221; caption_pos=&#8221;hover&#8221; remove_rounded=&#8221;yes&#8221; fullwidth=&#8221;no&#8221; overflow_mode=&#8221;none&#8221; link_target=&#8221;_self&#8221; lightbox=&#8221;no&#8221; intro_animation=&#8221;none&#8221; animation_delay=&#8221;200&#8243; width=&#8221;1\/2&#8243; el_position=&#8221;first&#8221;][\/spb_image] [spb_raw_html width=&#8221;1\/2&#8243; el_position=&#8221;last&#8221;]JTNDaWZyYW1lJTIwd2lkdGglM0QlMjI0NTAlMjIlMjBoZWlnaHQlM0QlMjIyNTAlMjIlMjBzcmMlM0QlMjJodHRwcyUzQSUyRiUyRnd3dy55b3V0dWJlLmNvbSUyRmVtYmVkJTJGRVFnM3RLT1N6SW8lMjIlMjB0aXRsZSUzRCUyMkpvdXJuYWxpc3RlcnMlMjBCZXRhbHRlJTIwUmVqc2VyJTIwdGlsJTIwSXNyYWVsJTIwbS4lMjBTYXJhJTIwQm92aW4lMjAlMjZhbXAlM0IlMjBTdWFkYSUyMERlbWlyb3ZpYyUyMCU3QyUyMEVuJTIwc25hayUyMG9tJTIwUGFsJUMzJUE2c3RpbmElMjAlMjMzMSUyMiUyMGZyYW1lYm9yZGVyJTNEJTIyMCUyMiUyMGFsbG93JTNEJTIyYWNjZWxlcm9tZXRlciUzQiUyMGF1dG9wbGF5JTNCJTIwY2xpcGJvYXJkLXdyaXRlJTNCJTIwZW5jcnlwdGVkLW1lZGlhJTNCJTIwZ3lyb3Njb3BlJTNCJTIwcGljdHVyZS1pbi1waWN0dXJlJTNCJTIwd2ViLXNoYXJlJTIyJTIwcmVmZXJyZXJwb2xpY3klM0QlMjJzdHJpY3Qtb3JpZ2luLXdoZW4tY3Jvc3Mtb3JpZ2luJTIyJTIwYWxsb3dmdWxsc2NyZWVuJTNFJTNDJTJGaWZyYW1lJTNF[\/spb_raw_html] [spb_text_block animation=&#8221;none&#8221; animation_delay=&#8221;0&#8243; simplified_controls=&#8221;yes&#8221; custom_css_percentage=&#8221;no&#8221; padding_vertical=&#8221;0&#8243; padding_horizontal=&#8221;0&#8243; margin_vertical=&#8221;0&#8243; custom_css=&#8221;margin-top: 0px;margin-bottom: 0px;&#8221; border_size=&#8221;0&#8243; border_styling_global=&#8221;default&#8221; width=&#8221;1\/1&#8243; el_position=&#8221;first last&#8221;]<\/p>\n<h2>RESPONSE FROM PIA BOVIN<\/h2>\n<p>The owners of Berlingske and their side activities, such as serving on boards of companies like Juice Financial, which handles mobile wage transfers from other parts of the world, are certainly intriguing. Juice Financial, with offices in New York and Israel, could potentially be used to channel funds and support. So why isn\u2019t the Danish press digging into these connections? Instead, they seem more interested in sneaky methods and breaking the rules when their self-image is threatened. Wouldn\u2019t it be fitting for them to follow the suitable trails?<\/p>\n<p>Here we are, where it only becomes serious when settlers with dual citizenship move in, clearing the way with bulldozers as Palestinians are forced to leave. Regardless of their feelings, there\u2019s a huge issue here. They attack those who dare to speak out \u2013 from the director, they got fired from Folkem\u00f8det to Nobel Peace Prize nominees like Bisan Odwa. They fight against any critical voice and work hard to have state funding removed from MS and other vital organizations.<\/p>\n<p>I want to refer to the defence argument used by Berlingske\u2019s opinion editor in *Presselogen* when she compared MKN to the Blekingegade gang. When questioned, she responded: &#8220;It\u2019s just my opinion&#8221;\u2014look up the word. She had prepared that at home\u2014so moving forward, anyone can use that excuse when confronted with derogatory comparisons!<\/p>\n<div class=\"x1i10hfl xjbqb8w x1ejq31n xd10rxx x1sy0etr x17r0tee x972fbf xcfux6l x1qhh985 xm0m39n x9f619 x1ypdohk xt0psk2 xe8uvvx xdj266r x11i5rnm xat24cr x1mh8g0r xexx8yu x4uap5 x18d9i69 xkhd6sd x16tdsg8 x1hl2dhg xggy1nq x1a2a7pz x1sur9pj xkrqix3 xzsf02u x1s688f\" tabindex=\"0\" role=\"button\">\n<h2>WHY IS BERLINGSKE IGNORING IMPORTANT CONNECTIONS?<\/h2>\n<p>The owners of Berlingske, with their roles in companies like Juice Financial, which handles mobile wage transfers globally, raise important questions. Juice Financial, with offices in New York and Israel, could potentially channel funds and support. So why isn&#8217;t the Danish press investigating these connections? Instead, they seem more focused on using manipulative tactics when their self-image is threatened.<\/p>\n<p>The situation becomes grave when settlers with dual citizenship use bulldozers to displace Palestinians. But the bigger issue is how Berlingske attacks anyone who dares to speak out, from the director they ousted at Folkem\u00f8det to Peace Prize nominees like Bisan Odwa. They work hard to silence critical voices and strip funding from organizations like MS.<\/p>\n<p>As seen in\u00a0<em>Presselogen<\/em> when the editor compared MKN to the Blekingegade gang, Berlingske&#8217;s editorial defence shows their strategy. Her response\u2014&#8221;It&#8217;s just my opinion&#8221;\u2014was prepared. Moving forward, anyone can excuse derogatory comparisons with that phrase. This manipulation hurts figures like Anders Krab-Johansen, impacted by the growing scrutiny and criticism of Berlingske&#8217;s actions and connections.<\/p>\n<\/div>\n<p>[\/spb_text_block] [spb_text_block animation=&#8221;none&#8221; animation_delay=&#8221;0&#8243; simplified_controls=&#8221;yes&#8221; custom_css_percentage=&#8221;no&#8221; padding_vertical=&#8221;0&#8243; padding_horizontal=&#8221;0&#8243; margin_vertical=&#8221;0&#8243; custom_css=&#8221;margin-top: 0px;margin-bottom: 0px;&#8221; border_size=&#8221;0&#8243; border_styling_global=&#8221;default&#8221; width=&#8221;1\/1&#8243; el_position=&#8221;first last&#8221;]<\/p>\n<blockquote class=\"wp-embedded-content\" data-secret=\"HGCh14QvT0\"><p><a href=\"https:\/\/frihedsbrevet.dk\/berlingske-medias-topchef-bestilte-hemmelig-rapport-om-ansattes-adfaerd-paa-sociale-medier-og-brugte-berygtet-spindoktor-under-moegsag\/\">Ber\u00adling\u00ads\u00adke Medi\u00adas top\u00adchef bestil\u00adte hem\u00adme\u00adlig rap\u00adport om ansat\u00adtes adf\u00e6rd p\u00e5 soci\u00ada\u00adle medi\u00ader og brug\u00adte beryg\u00adtet spin\u00addok\u00adtor under m\u00f8gsag<\/a><\/p><\/blockquote>\n<p><iframe class=\"wp-embedded-content lazyload\" sandbox=\"allow-scripts\" security=\"restricted\" style=\"position: absolute; visibility: hidden;\" title=\"&#8220;Ber\u00adling\u00ads\u00adke Medi\u00adas top\u00adchef bestil\u00adte hem\u00adme\u00adlig rap\u00adport om ansat\u00adtes adf\u00e6rd p\u00e5 soci\u00ada\u00adle medi\u00ader og brug\u00adte beryg\u00adtet spin\u00addok\u00adtor under m\u00f8gsag&#8221; &#8212; Frihedsbrevet\" data-src=\"https:\/\/frihedsbrevet.dk\/berlingske-medias-topchef-bestilte-hemmelig-rapport-om-ansattes-adfaerd-paa-sociale-medier-og-brugte-berygtet-spindoktor-under-moegsag\/embed\/#?secret=lAHi7WDCvL#?secret=HGCh14QvT0\" data-secret=\"HGCh14QvT0\" width=\"500\" height=\"282\" frameborder=\"0\" marginwidth=\"0\" marginheight=\"0\" scrolling=\"no\" src=\"data:image\/svg+xml;base64,PHN2ZyB3aWR0aD0iMSIgaGVpZ2h0PSIxIiB4bWxucz0iaHR0cDovL3d3dy53My5vcmcvMjAwMC9zdmciPjwvc3ZnPg==\" data-load-mode=\"1\"><\/iframe><\/p>\n<h3>SOMETHING IS BIZARRE<\/h3>\n<p>Anders is a trained journalist, so, given his background in journalism, he should have conducted his investigation instead of writing to Pia. Rather than defending his interests, he should have approached the matter with journalistic integrity and returned with the facts. This would have been a more appropriate response to the important issues being raised.<\/p>\n<h2>SOME IMPORTANT LINKS<\/h2>\n<p><a href=\"https:\/\/journalisten.dk\/b-t-medarbejdere-erklaerer-mistillid-til-anders-krab-johansen\/\">https:\/\/journalisten.dk\/b-t-medarbejdere-erklaerer-mistillid-til-anders-krab-johansen\/<\/a><\/p>\n<p><a href=\"https:\/\/www.berlingske.dk\/debatinterview\/anders-krab-er-en-af-landets-mest-magtfulde-mediechefer-nu-springer\" target=\"_blank\" rel=\"noopener\">https:\/\/www.berlingske.dk\/debatinterview\/anders-krab-er-en-af-landets-mest-magtfulde-mediechefer-nu-springer<\/a><\/p>\n<p><a href=\"https:\/\/stopfolkedrab.dk\/\" target=\"_blank\" rel=\"noopener\">https:\/\/stopfolkedrab.dk\/<\/a><\/p>\n<p><a href=\"https:\/\/finans.dk\/erhverv\/ECE16869604\/de-borgerlige-har-tabt-sproget-og-magten\/\" target=\"_blank\" rel=\"noopener\">https:\/\/finans.dk\/erhverv\/ECE16869604\/de-borgerlige-har-tabt-sproget-og-magten\/<\/a><\/p>\n<p><a href=\"https:\/\/www.berlingskemedia.dk\/nyhedsbreve\/det-er-et-historisk-svigt-hvis-den-fri-presse-lader-hamas-vinde-propagandakrigen-over-et-demokratisk-israel-og-det-jodiske-folk\" target=\"_blank\" rel=\"noopener\">https:\/\/www.berlingskemedia.dk\/nyhedsbreve\/det-er-et-historisk-svigt-hvis-den-fri-presse-lader-hamas-vinde-propagandakrigen-over-et-demokratisk-israel-og-det-jodiske-folk<\/a><\/p>\n<p><a href=\"https:\/\/www.ekkofilm.dk\/artikler\/berlingske-vil-indskaerpe-retningslinjer-for-betalte-rejser\/?fbclid=IwZXh0bgNhZW0CMTAAAR04NR6bGYiZxe_egkYZL1MWFRCa-v2y86_PegIyjOJhNMCeUNYlXPdlb3k_aem_vuyJAG0udeKoYFjANCp_aQ\" target=\"_blank\" rel=\"noopener\">https:\/\/www.ekkofilm.dk\/artikler\/berlingske-vil-indskaerpe-retningslinjer-for-betalte-rejser\/?fbclid=IwZXh0bgNhZW0CMTAAAR04NR6bGYiZxe_egkYZL1MWFRCa-v2y86_PegIyjOJhNMCeUNYlXPdlb3k_aem_vuyJAG0udeKoYFjANCp_aQ<\/a><\/p>\n<p><a href=\"https:\/\/www.facebook.com\/reel\/1668867156988446?locale=da_DK\" target=\"_blank\" rel=\"noopener\">https:\/\/www.facebook.com\/reel\/1668867156988446?locale=da_DK<\/a><\/p>\n<p>https:\/\/www.tjekdet.dk\/faktatjek\/frederik-vad-gav-forkerte-oplysninger-fra-folketingets-talerstol?fbclid=IwY2xjawFRnhZleHRuA2FlbQIxMAABHRPlq0lw6QpTTLiwSbxN-XQVODXEuL4ix7Mk38u9y_h78Ih2A0rHAYvLaA_aem_tH92xf7hxB4LOPVHnGofKw<\/p>\n<p>https:\/\/www.information.dk\/debat\/2024\/04\/socialdemokratiets-frederik-vad-misbruger-rapport-vise-herskerattitude?kupon=eyJpYXQiOjE3MTI5ODg2NzcsInN1YiI6IjM1MTk4OjgxOTEzNyJ9.qP3yfDr4uY44yP22-CDRiQ&#038;fbclid=IwY2xjawFRnmhleHRuA2FlbQIxMAABHXUnZEoe2q3llx5AYg-gFf-jwlLE5C4gY4ndFAL7Hzd0ZUIBWUcTeTKs8w_aem_TBYikY9Ajsqo49JSBT9jKA<\/p>\n<p>Also read the way the info are <strong><a href=\"https:\/\/zlcopenhagen.com\/denmark-islamofobia-the-untold-story-by-western-media-jaleh-tavokoli\/\" target=\"_blank\" rel=\"noopener\">manipulated.<\/a><\/strong><\/p>\n<p><a href=\"https:\/\/www.instagram.com\/stories\/highlights\/18039913031006405\/\" target=\"_blank\" rel=\"noopener\">https:\/\/www.instagram.com\/stories\/highlights\/18039913031006405\/<\/a><\/p>\n<p>&nbsp;<\/p>\n<p>&nbsp;<\/p>\n<p>[\/spb_text_block] [spb_image image=&#8221;35174&#8243; image_size=&#8221;full&#8221; frame=&#8221;noframe&#8221; caption_pos=&#8221;hover&#8221; remove_rounded=&#8221;yes&#8221; fullwidth=&#8221;no&#8221; overflow_mode=&#8221;none&#8221; link_target=&#8221;_self&#8221; lightbox=&#8221;no&#8221; intro_animation=&#8221;none&#8221; animation_delay=&#8221;200&#8243; width=&#8221;1\/1&#8243; el_position=&#8221;first last&#8221;][\/spb_image] [spb_video link=&#8221;https:\/\/www.youtube.com\/watch?v=3PP-9IW_-YI&amp;t=688s&#8221; remove_related=&#8221;yes&#8221; autoplay=&#8221;no&#8221; full_width=&#8221;no&#8221; width=&#8221;1\/1&#8243; el_position=&#8221;first last&#8221;] [spb_text_block animation=&#8221;none&#8221; animation_delay=&#8221;0&#8243; simplified_controls=&#8221;yes&#8221; custom_css_percentage=&#8221;no&#8221; padding_vertical=&#8221;0&#8243; padding_horizontal=&#8221;0&#8243; margin_vertical=&#8221;0&#8243; custom_css=&#8221;margin-top: 0px;margin-bottom: 0px;&#8221; border_size=&#8221;0&#8243; border_styling_global=&#8221;default&#8221; width=&#8221;1\/1&#8243; el_position=&#8221;first last&#8221;]<\/p>\n<p><a href=\"https:\/\/www.ekkofilm.dk\/artikler\/berlingske-vil-indskaerpe-retningslinjer-for-betalte-rejser\/\" target=\"_blank\" rel=\"noopener\">BERLINGSKE ADMIDS THEIR BIASED WORK<\/a><\/p>\n<h2>Danish Version:<\/h2>\n<h4><strong>S\u00e6rligt Israel-venlige danskere skal i den kommende tid rekrutteres som meningsagenter for staten Israel.<\/strong><\/h4>\n<p>Op mod 1000 s\u00e5kaldte &#8220;allierede&#8221; skal proaktivt v\u00e6re med til at pleje Israels politiske interesser gennem bl.a. positive budskaber i medierne og via st\u00f8ttedemonstrationer, skriver Berlingske Tidende.<\/p>\n<p>Den israelske ambassad\u00f8r, Arthur Avnon, skal if\u00f8lge det israelske dagblad Haaretz levere en liste med 1000 navngivne danskere, n\u00e5r de europ\u00e6iske ambassad\u00f8rer holder konference i udenrigsministeriet i Jerusalem den 16. januar.<\/p>\n<p>Det er den kontroversielle israelske udenrigsminister Avigdor Lieberman, der har \u00f8nsket en PR-kampagne i udvalgte europ\u00e6iske lande for at forbedre Israels anseelse.<\/p>\n<p>Ud over Danmark er det bl.a. Storbritannien, Italien, Frankrig, Spanien, Tyskland, Holland og Norge, som i sidste uge modtog en fax, der udstikker de basale retningslinjer i den nye kampagne.<\/p>\n<p>If\u00f8lge Haaretz har den israelske udenrigsminister personligt lagt stor v\u00e6gt p\u00e5 den nye kampagne, og af samme grund er PR-budgetterne p\u00e5 de udvalgte ambassader blevet fordoblet i 2011, skriver avisen.<\/p>\n<p>De agitatorer, der skal hj\u00e6lpe med at gennemf\u00f8re den israelske kampagne, skal findes blandt journalister og politikere, blandt aktivister i det akademiske milj\u00f8 og blandt studenterorganisationer samt blandt medlemmer af de j\u00f8diske samfund og aktivister i kristne organisationer.<\/p>\n<p><em>\u2014 Ritzau<\/em><\/p>\n<h2>English Translation:<\/h2>\n<h4><strong>Pro-Israel Danes are set to be recruited as opinion agents for the state of Israel in the coming period.<\/strong><\/h4>\n<p>Up to 1,000 so-called &#8220;allies&#8221; are expected to proactively promote Israel&#8217;s political interests through positive messaging in the media and via support demonstrations, according to Berlingske Tidende.<\/p>\n<p>Israeli ambassador Arthur Avnon is expected to provide a list of 1,000 named Danes when European ambassadors hold a conference at the Foreign Ministry in Jerusalem on January 16, according to the Israeli newspaper Haaretz.<\/p>\n<p>It is the controversial Israeli Foreign Minister Avigdor Lieberman who has pushed for a PR campaign in selected European countries to improve Israel\u2019s image.<\/p>\n<p>In addition to Denmark, the campaign targets countries such as the United Kingdom, Italy, France, Spain, Germany, the Netherlands, and Norway, which last week received a fax outlining the basic guidelines for the new campaign.<\/p>\n<p>According to Haaretz, the Israeli foreign minister has personally emphasized the importance of this campaign, and as a result, PR budgets for selected embassies were doubled in 2011, the paper reports.<\/p>\n<p>The agitators helping to carry out Israel\u2019s campaign will be found among journalists and politicians, activists in academic circles, student organizations, and members of Jewish communities, as well as Christian organization activists.<\/p>\n<p><em>\u2014 Ritzau<\/em><\/p>\n<hr \/>\n<h2>Context<\/h2>\n<p>This report serves as a <strong>perfect example<\/strong> of Israel\u2019s strategy to hire people to <strong>frame Israel positively<\/strong> in the media. It reveals how <strong>journalists and politicians<\/strong> are being <strong>invited and paid for trips to Israel<\/strong>, contributing to shaping public opinion in favor of Israel.<\/p>\n<p>https:\/\/www.ekkofilm.dk\/artikler\/avis-fjerner-kritik-af-israel-venlig-redaktor\/<\/p>\n<p>https:\/\/www.information.dk\/debat\/2024\/06\/betalte-rejser-israel-journalister-debattoerer-undergraver-pressens-trovaerdighed<\/p>\n<p>[\/spb_text_block] [spb_blank_spacer height=&#8221;30px&#8221; width=&#8221;1\/1&#8243; el_position=&#8221;first last&#8221;] [spb_blank_spacer height=&#8221;30px&#8221; width=&#8221;1\/1&#8243; el_position=&#8221;first last&#8221;] [spb_raw_html width=&#8221;1\/1&#8243; el_position=&#8221;first last&#8221;]JTNDc2NyaXB0JTIwdHlwZSUzRCUyMnRleHQlMkZqYXZhc2NyaXB0JTIyJTIwc3JjJTNEJTIyaHR0cHMlM0ElMkYlMkZjZG5qcy5idXltZWFjb2ZmZWUuY29tJTJGMS4wLjAlMkZidXR0b24ucHJvZC5taW4uanMlMjIlMjBkYXRhLW5hbWUlM0QlMjJibWMtYnV0dG9uJTIyJTIwZGF0YS1zbHVnJTNEJTIyemxjb3BlbmhhZ2VuJTIyJTIwZGF0YS1jb2xvciUzRCUyMiUyM0ZGREQwMCUyMiUyMGRhdGEtZW1vamklM0QlMjIlMjIlMjAlMjBkYXRhLWZvbnQlM0QlMjJDb29raWUlMjIlMjBkYXRhLXRleHQlM0QlMjJCdXklMjBtZSUyMGElMjBjb2ZmZWUlMjIlMjBkYXRhLW91dGxpbmUtY29sb3IlM0QlMjIlMjMwMDAwMDAlMjIlMjBkYXRhLWZvbnQtY29sb3IlM0QlMjIlMjMwMDAwMDAlMjIlMjBkYXRhLWNvZmZlZS1jb2xvciUzRCUyMiUyM2ZmZmZmZiUyMiUyMCUzRSUzQyUyRnNjcmlwdCUzRQ==[\/spb_raw_html] [spb_blank_spacer height=&#8221;30px&#8221; width=&#8221;1\/1&#8243; el_position=&#8221;first last&#8221;] [spb_blank_spacer height=&#8221;30px&#8221; width=&#8221;1\/1&#8243; el_position=&#8221;first last&#8221;] [spb_blank_spacer height=&#8221;30px&#8221; width=&#8221;1\/1&#8243; el_position=&#8221;first last&#8221;]<\/p>\n","protected":false},"excerpt":{"rendered":"<p>[spb_raw_html width=&#8221;1\/1&#8243; el_position=&#8221;first last&#8221;]JTNDc2NyaXB0JTIwdHlwZSUzRCUyMnRleHQlMkZqYXZhc2NyaXB0JTIyJTIwc3JjJTNEJTIyaHR0cHMlM0ElMkYlMkZjZG5qcy5idXltZWFjb2ZmZWUuY29tJTJGMS4wLjAlMkZidXR0b24ucHJvZC5taW4uanMlMjIlMjBkYXRhLW5hbWUlM0QlMjJibWMtYnV0dG9uJTIyJTIwZGF0YS1zbHVnJTNEJTIyemxjb3BlbmhhZ2VuJTIyJTIwZGF0YS1jb2xvciUzRCUyMiUyM0ZGREQwMCUyMiUyMGRhdGEtZW1vamklM0QlMjIlMjIlMjAlMjBkYXRhLWZvbnQlM0QlMjJDb29raWUlMjIlMjBkYXRhLXRleHQlM0QlMjJCdXklMjBtZSUyMGElMjBjb2ZmZWUlMjIlMjBkYXRhLW91dGxpbmUtY29sb3IlM0QlMjIlMjMwMDAwMDAlMjIlMjBkYXRhLWZvbnQtY29sb3IlM0QlMjIlMjMwMDAwMDAlMjIlMjBkYXRhLWNvZmZlZS1jb2xvciUzRCUyMiUyM2ZmZmZmZiUyMiUyMCUzRSUzQyUyRnNjcmlwdCUzRQ==[\/spb_raw_html] [spb_blank_spacer height=&#8221;30px&#8221; width=&#8221;1\/1&#8243; el_position=&#8221;first last&#8221;] [spb_image image=&#8221;35081&#8243; image_size=&#8221;full&#8221; frame=&#8221;noframe&#8221; caption_pos=&#8221;hover&#8221; remove_rounded=&#8221;yes&#8221; fullwidth=&#8221;no&#8221; overflow_mode=&#8221;none&#8221; image_link=&#8221;https:\/\/mediekritisk.dk\/2024\/08\/mediekritisk-netvaerk-lancerer-whistleblower-ordning\/&#8221; link_target=&#8221;_blank&#8221; lightbox=&#8221;no&#8221; intro_animation=&#8221;none&#8221; animation_delay=&#8221;200&#8243; width=&#8221;1\/1&#8243; el_position=&#8221;first last&#8221;] REPORT NOW [\/spb_image] [spb_text_block animation=&#8221;none&#8221; animation_delay=&#8221;0&#8243; simplified_controls=&#8221;yes&#8221; custom_css_percentage=&#8221;no&#8221; padding_vertical=&#8221;0&#8243; padding_horizontal=&#8221;0&#8243; margin_vertical=&#8221;0&#8243; custom_css=&#8221;margin-top: 0px;margin-bottom: 0px;&#8221; border_size=&#8221;0&#8243; border_styling_global=&#8221;default&#8221; width=&#8221;1\/1&#8243; el_position=&#8221;first last&#8221;] WHISTLEBLOWER ALERT Do you have confidential information the public needs to know? Mediekritisk Netv\u00e6rk now offers [&hellip;]<\/p>\n","protected":false},"author":2,"featured_media":35113,"comment_status":"closed","ping_status":"closed","sticky":false,"template":"","format":"standard","meta":{"footnotes":""},"categories":[1642,1357],"tags":[],"class_list":["post-35034","post","type-post","status-publish","format-standard","has-post-thumbnail","hentry","category-geopolitics-es","category-noticias-independientes"],"yoast_head":"<!-- This site is optimized with the Yoast SEO Premium plugin v26.6 (Yoast SEO v27.5) - https:\/\/yoast.com\/product\/yoast-seo-premium-wordpress\/ -->\n<title>WHY IS BERLINGSKE MEDIA SILENT ON GENOCIDE?<\/title>\n<meta name=\"description\" content=\"DPG Media\u2019s Christian Van Thillo &amp; Berlingske Media\u2019s Anders Krab-Johansen connect Denmark &amp;Israel through powerful media &amp; fintech interests\" \/>\n<meta name=\"robots\" content=\"index, follow, max-snippet:-1, max-image-preview:large, max-video-preview:-1\" \/>\n<link rel=\"canonical\" href=\"https:\/\/zlcopenhagen.com\/es\/why-is-berlingske-media-silent-on-genocide\/\" \/>\n<meta property=\"og:locale\" content=\"es_ES\" \/>\n<meta property=\"og:type\" content=\"article\" \/>\n<meta property=\"og:title\" content=\"ZLCOPENHAGEN: Danish-Punjabi Ethical Menswear\" \/>\n<meta property=\"og:description\" content=\"ZLCOPENHAGEN merges Danish minimalism with Punjabi pride. Ethical menswear with muscle, message, and meaning. Designed with zidd.\" \/>\n<meta property=\"og:url\" content=\"https:\/\/zlcopenhagen.com\/es\/why-is-berlingske-media-silent-on-genocide\/\" \/>\n<meta property=\"og:site_name\" content=\"zlcopenhagen.com\" \/>\n<meta property=\"article:published_time\" content=\"2024-09-13T23:17:12+00:00\" \/>\n<meta property=\"article:modified_time\" content=\"2024-09-21T12:20:25+00:00\" \/>\n<meta property=\"og:image\" content=\"https:\/\/zlcopenhagen.com\/wp-content\/uploads\/2024\/08\/Berlingske-media.jpg\" \/>\n\t<meta property=\"og:image:width\" content=\"1792\" \/>\n\t<meta property=\"og:image:height\" content=\"1024\" \/>\n\t<meta property=\"og:image:type\" content=\"image\/jpeg\" \/>\n<meta name=\"author\" content=\"ZLC Team\" \/>\n<meta name=\"twitter:card\" content=\"summary_large_image\" \/>\n<meta name=\"twitter:label1\" content=\"Escrito por\" \/>\n\t<meta name=\"twitter:data1\" content=\"ZLC Team\" \/>\n\t<meta name=\"twitter:label2\" content=\"Tiempo de lectura\" \/>\n\t<meta name=\"twitter:data2\" content=\"14 minutos\" \/>\n<!-- \/ Yoast SEO Premium plugin. -->","yoast_head_json":{"title":"WHY IS BERLINGSKE MEDIA SILENT ON GENOCIDE?","description":"DPG Media\u2019s Christian Van Thillo & Berlingske Media\u2019s Anders Krab-Johansen connect Denmark &Israel through powerful media & fintech interests","robots":{"index":"index","follow":"follow","max-snippet":"max-snippet:-1","max-image-preview":"max-image-preview:large","max-video-preview":"max-video-preview:-1"},"canonical":"https:\/\/zlcopenhagen.com\/es\/why-is-berlingske-media-silent-on-genocide\/","og_locale":"es_ES","og_type":"article","og_title":"ZLCOPENHAGEN: Danish-Punjabi Ethical Menswear","og_description":"ZLCOPENHAGEN merges Danish minimalism with Punjabi pride. Ethical menswear with muscle, message, and meaning. Designed with zidd.","og_url":"https:\/\/zlcopenhagen.com\/es\/why-is-berlingske-media-silent-on-genocide\/","og_site_name":"zlcopenhagen.com","article_published_time":"2024-09-13T23:17:12+00:00","article_modified_time":"2024-09-21T12:20:25+00:00","og_image":[{"width":1792,"height":1024,"url":"https:\/\/zlcopenhagen.com\/wp-content\/uploads\/2024\/08\/Berlingske-media.jpg","type":"image\/jpeg"}],"author":"ZLC Team","twitter_card":"summary_large_image","twitter_misc":{"Escrito por":"ZLC Team","Tiempo de lectura":"14 minutos"},"schema":{"@context":"https:\/\/schema.org","@graph":[{"@type":["Article","BlogPosting"],"@id":"https:\/\/zlcopenhagen.com\/es\/why-is-berlingske-media-silent-on-genocide\/#article","isPartOf":{"@id":"https:\/\/zlcopenhagen.com\/es\/why-is-berlingske-media-silent-on-genocide\/"},"author":{"name":"ZLC Team","@id":"https:\/\/zlcopenhagen.com\/#\/schema\/person\/c7ce5649957ac4c1258910e89f0f5fb3"},"headline":"WHY IS BERLINGSKE MEDIA SILENT ON GENOCIDE?","datePublished":"2024-09-13T23:17:12+00:00","dateModified":"2024-09-21T12:20:25+00:00","mainEntityOfPage":{"@id":"https:\/\/zlcopenhagen.com\/es\/why-is-berlingske-media-silent-on-genocide\/"},"wordCount":4057,"publisher":{"@id":"https:\/\/zlcopenhagen.com\/#organization"},"image":{"@id":"https:\/\/zlcopenhagen.com\/es\/why-is-berlingske-media-silent-on-genocide\/#primaryimage"},"thumbnailUrl":"https:\/\/zlcopenhagen.com\/wp-content\/uploads\/2024\/08\/Berlingske-media.jpg","articleSection":["Geopolitics","NOTICIAS INDEPENDIENTES"],"inLanguage":"es","copyrightYear":"2024","copyrightHolder":{"@id":"https:\/\/zlcopenhagen.com\/#organization"}},{"@type":"WebPage","@id":"https:\/\/zlcopenhagen.com\/es\/why-is-berlingske-media-silent-on-genocide\/","url":"https:\/\/zlcopenhagen.com\/es\/why-is-berlingske-media-silent-on-genocide\/","name":"WHY IS BERLINGSKE MEDIA SILENT ON GENOCIDE?","isPartOf":{"@id":"https:\/\/zlcopenhagen.com\/#website"},"primaryImageOfPage":{"@id":"https:\/\/zlcopenhagen.com\/es\/why-is-berlingske-media-silent-on-genocide\/#primaryimage"},"image":{"@id":"https:\/\/zlcopenhagen.com\/es\/why-is-berlingske-media-silent-on-genocide\/#primaryimage"},"thumbnailUrl":"https:\/\/zlcopenhagen.com\/wp-content\/uploads\/2024\/08\/Berlingske-media.jpg","datePublished":"2024-09-13T23:17:12+00:00","dateModified":"2024-09-21T12:20:25+00:00","description":"DPG Media\u2019s Christian Van Thillo & Berlingske Media\u2019s Anders Krab-Johansen connect Denmark &Israel through powerful media & fintech interests","breadcrumb":{"@id":"https:\/\/zlcopenhagen.com\/es\/why-is-berlingske-media-silent-on-genocide\/#breadcrumb"},"inLanguage":"es","potentialAction":[{"@type":"ReadAction","target":["https:\/\/zlcopenhagen.com\/es\/why-is-berlingske-media-silent-on-genocide\/"]}]},{"@type":"ImageObject","inLanguage":"es","@id":"https:\/\/zlcopenhagen.com\/es\/why-is-berlingske-media-silent-on-genocide\/#primaryimage","url":"https:\/\/zlcopenhagen.com\/wp-content\/uploads\/2024\/08\/Berlingske-media.jpg","contentUrl":"https:\/\/zlcopenhagen.com\/wp-content\/uploads\/2024\/08\/Berlingske-media.jpg","width":1792,"height":1024,"caption":"Berlingske-media"},{"@type":"BreadcrumbList","@id":"https:\/\/zlcopenhagen.com\/es\/why-is-berlingske-media-silent-on-genocide\/#breadcrumb","itemListElement":[{"@type":"ListItem","position":1,"name":"Home","item":"https:\/\/zlcopenhagen.com\/es\/"},{"@type":"ListItem","position":2,"name":"WHY IS BERLINGSKE MEDIA SILENT ON GENOCIDE?"}]},{"@type":"WebSite","@id":"https:\/\/zlcopenhagen.com\/#website","url":"https:\/\/zlcopenhagen.com\/","name":"zlcopenhagen.com","description":"","publisher":{"@id":"https:\/\/zlcopenhagen.com\/#organization"},"potentialAction":[{"@type":"SearchAction","target":{"@type":"EntryPoint","urlTemplate":"https:\/\/zlcopenhagen.com\/?s={search_term_string}"},"query-input":{"@type":"PropertyValueSpecification","valueRequired":true,"valueName":"search_term_string"}}],"inLanguage":"es"},{"@type":["Organization","Place"],"@id":"https:\/\/zlcopenhagen.com\/#organization","name":"ZLCOPENHAGEN","alternateName":"ZLCOPENHAGEN","url":"https:\/\/zlcopenhagen.com\/","logo":{"@id":"https:\/\/zlcopenhagen.com\/es\/why-is-berlingske-media-silent-on-genocide\/#local-main-organization-logo"},"image":{"@id":"https:\/\/zlcopenhagen.com\/es\/why-is-berlingske-media-silent-on-genocide\/#local-main-organization-logo"},"sameAs":["https:\/\/www.youtube.com\/channel\/UCy7JINwB6DMr2fA9yHpDQJg"],"telephone":[],"openingHoursSpecification":[{"@type":"OpeningHoursSpecification","dayOfWeek":["Monday","Tuesday","Wednesday","Thursday","Friday","Saturday","Sunday"],"opens":"09:00","closes":"17:00"}]},{"@type":"Person","@id":"https:\/\/zlcopenhagen.com\/#\/schema\/person\/c7ce5649957ac4c1258910e89f0f5fb3","name":"ZLC Team","image":{"@type":"ImageObject","inLanguage":"es","@id":"https:\/\/secure.gravatar.com\/avatar\/bb92a8e9bdde1cf2114b74dce44557ee57d3909986eab1422fc34e9cce350044?s=96&d=mm&r=g","url":"https:\/\/secure.gravatar.com\/avatar\/bb92a8e9bdde1cf2114b74dce44557ee57d3909986eab1422fc34e9cce350044?s=96&d=mm&r=g","contentUrl":"https:\/\/secure.gravatar.com\/avatar\/bb92a8e9bdde1cf2114b74dce44557ee57d3909986eab1422fc34e9cce350044?s=96&d=mm&r=g","caption":"ZLC Team"}},{"@type":"ImageObject","inLanguage":"es","@id":"https:\/\/zlcopenhagen.com\/es\/why-is-berlingske-media-silent-on-genocide\/#local-main-organization-logo","url":"https:\/\/zlcopenhagen.com\/wp-content\/uploads\/2016\/05\/blog-logo.jpg","contentUrl":"https:\/\/zlcopenhagen.com\/wp-content\/uploads\/2016\/05\/blog-logo.jpg","width":68,"height":68,"caption":"ZLCOPENHAGEN"}]}},"_links":{"self":[{"href":"https:\/\/zlcopenhagen.com\/es\/wp-json\/wp\/v2\/posts\/35034","targetHints":{"allow":["GET"]}}],"collection":[{"href":"https:\/\/zlcopenhagen.com\/es\/wp-json\/wp\/v2\/posts"}],"about":[{"href":"https:\/\/zlcopenhagen.com\/es\/wp-json\/wp\/v2\/types\/post"}],"author":[{"embeddable":true,"href":"https:\/\/zlcopenhagen.com\/es\/wp-json\/wp\/v2\/users\/2"}],"replies":[{"embeddable":true,"href":"https:\/\/zlcopenhagen.com\/es\/wp-json\/wp\/v2\/comments?post=35034"}],"version-history":[{"count":49,"href":"https:\/\/zlcopenhagen.com\/es\/wp-json\/wp\/v2\/posts\/35034\/revisions"}],"predecessor-version":[{"id":35545,"href":"https:\/\/zlcopenhagen.com\/es\/wp-json\/wp\/v2\/posts\/35034\/revisions\/35545"}],"wp:featuredmedia":[{"embeddable":true,"href":"https:\/\/zlcopenhagen.com\/es\/wp-json\/wp\/v2\/media\/35113"}],"wp:attachment":[{"href":"https:\/\/zlcopenhagen.com\/es\/wp-json\/wp\/v2\/media?parent=35034"}],"wp:term":[{"taxonomy":"category","embeddable":true,"href":"https:\/\/zlcopenhagen.com\/es\/wp-json\/wp\/v2\/categories?post=35034"},{"taxonomy":"post_tag","embeddable":true,"href":"https:\/\/zlcopenhagen.com\/es\/wp-json\/wp\/v2\/tags?post=35034"}],"curies":[{"name":"wp","href":"https:\/\/api.w.org\/{rel}","templated":true}]}}