{"id":61150,"date":"2026-03-23T22:43:37","date_gmt":"2026-03-23T21:43:37","guid":{"rendered":"https:\/\/zlcopenhagen.com\/?p=61150"},"modified":"2026-03-27T04:49:57","modified_gmt":"2026-03-27T03:49:57","slug":"omar-marzouk-doemt-jotam-confino","status":"publish","type":"post","link":"https:\/\/zlcopenhagen.com\/da\/omar-marzouk-doemt-jotam-confino\/","title":{"rendered":"FRIFUNDET I BYRETTEN FOR \u2019NAZIST\u2019- OG \u2019P\u00c5VIRKNINGSAGENT\u2019 YTRINGER"},"content":{"rendered":"<p>[spb_text_block animation=&#8221;none&#8221; animation_delay=&#8221;0&#8243; simplified_controls=&#8221;yes&#8221; custom_css_percentage=&#8221;no&#8221; padding_vertical=&#8221;0&#8243; padding_horizontal=&#8221;0&#8243; margin_vertical=&#8221;0&#8243; custom_css=&#8221;margin-top: 0px;margin-bottom: 0px;&#8221; border_size=&#8221;0&#8243; border_styling_global=&#8221;default&#8221; width=&#8221;1\/1&#8243; el_position=&#8221;first last&#8221;]<\/p>\n<h2>EN DOM OM MISINFORMATION \u2013 OG EN DEBAT OM D\u00c6KNINGEN<\/h2>\n<p>Dommen vedr\u00f8rer blandt andet p\u00e5stande om misinformation. Samtidig viser den efterf\u00f8lgende medied\u00e6kning, hvor hurtigt komplekse juridiske vurderinger kan blive forenklet.<\/p>\n<p>Sp\u00f8rgsm\u00e5let er derfor ikke kun, hvad der blev sagt i retten \u2013 men ogs\u00e5 hvordan det bliver gengivet i offentligheden.<\/p>\n<p><strong>L\u00e6s hele forl\u00f8bet:<\/strong><\/p>\n<ul>\n<li><a href=\"https:\/\/zlcopenhagen.com\/da\/retssag-omar-marzouk-jotam-confino\/\" target=\"_blank\" rel=\"noopener\"><strong>Retssagen \u2013 baggrund og hovedforhandling<\/strong><\/a><\/li>\n<li><a href=\"https:\/\/zlcopenhagen.com\/da\/krydsforhoer-omar-marzouk-jotam-confino\/\" target=\"_blank\" rel=\"noopener\"><strong>Krydsforh\u00f8ret i retten<\/strong><\/a><\/li>\n<li><a href=\"https:\/\/zlcopenhagen.com\/da\/hamas-naevnt-i-retten\/\" target=\"_blank\" rel=\"noopener\"><strong>Hvor mange gange blev \u201cHamas\u201d n\u00e6vnt i retten?<\/strong><\/a><\/li>\n<\/ul>\n<p>[\/spb_text_block] [spb_text_block animation=&#8221;none&#8221; animation_delay=&#8221;0&#8243; simplified_controls=&#8221;yes&#8221; custom_css_percentage=&#8221;no&#8221; padding_vertical=&#8221;0&#8243; padding_horizontal=&#8221;0&#8243; margin_vertical=&#8221;0&#8243; custom_css=&#8221;margin-top: 0px;margin-bottom: 0px;&#8221; border_size=&#8221;0&#8243; border_styling_global=&#8221;default&#8221; width=&#8221;1\/1&#8243; el_position=&#8221;first last&#8221;]<\/p>\n<div style=\"border: 1px solid #ddd; padding: 12px; margin: 16px 0; background: #f9f9f9;\">\n<p><strong>OPLYSNING OM ST\u00d8TTE EFTER DOMMEN<\/strong><\/p>\n<p>I sin reaktion efter dommen oplyser Omar Marzouk, at sagen har medf\u00f8rt betydelige udgifter til juridisk bistand.<\/p>\n<p>Han har i den forbindelse delt f\u00f8lgende kontooplysninger for personer, der \u00f8nsker at st\u00f8tte:<\/p>\n<p>Reg. nr.: 4400<br \/>\nKontonr.: 4401184473<\/p>\n<p><em>Oplysningen stammer fra Marzouks egen udmelding og indg\u00e5r som en del af den samlede d\u00e6kning. MobilePay er if\u00f8lge ham under oprettelse.<\/em><\/p>\n<\/div>\n<p>[\/spb_text_block] [spb_text_block animation=&#8221;none&#8221; animation_delay=&#8221;0&#8243; simplified_controls=&#8221;yes&#8221; custom_css_percentage=&#8221;no&#8221; padding_vertical=&#8221;0&#8243; padding_horizontal=&#8221;0&#8243; margin_vertical=&#8221;0&#8243; custom_css=&#8221;margin-top: 0px;margin-bottom: 0px;&#8221; border_size=&#8221;0&#8243; border_styling_global=&#8221;default&#8221; width=&#8221;1\/1&#8243; el_position=&#8221;first last&#8221;]<\/p>\n<h2>REAKTION FRA OMAR MARZOUK EFTER DOMMEN<\/h2>\n<p>Efter dommen har Omar Marzouk reageret positivt p\u00e5 dele af afg\u00f8relsen og fremh\u00e6ver, at han blev frifundet for en r\u00e6kke centrale ytringer \u2013 herunder brugen af betegnelser som \u201cnazist\u201d og \u201cp\u00e5virkningsagent\u201d.<\/p>\n<p>Han beskriver det som en vigtig anerkendelse af konteksten i den offentlige debat og fremh\u00e6ver, at retten lagde v\u00e6gt p\u00e5, hvordan udtalelserne blev fremsat i en polemisk udveksling.<\/p>\n<p>Samtidig udtrykker han uenighed med de dele af dommen, hvor han er blevet d\u00f8mt for \u00e6rekr\u00e6nkelse i forbindelse med kritik af journalistisk d\u00e6kning og brug af begrebet \u201cmisinformation\u201d.<\/p>\n<p>Marzouk kritiserer ogs\u00e5 dele af medied\u00e6kningen og peger p\u00e5, at dommens indhold i nogle tilf\u00e6lde er blevet forenklet i overskrifter.<\/p>\n<p>Han oplyser, at han overvejer at anke dele af dommen.<\/p>\n<p><em>Ovenst\u00e5ende gengiver hovedpointer fra Omar Marzouks egen reaktion.<\/em><\/p>\n<p>Reaktionen viser, at dommen ikke kun afslutter sagen \u2013 men ogs\u00e5 \u00e5bner for en fortsat debat om gr\u00e6nserne for kritik og ytringsfrihed.<\/p>\n<p>[\/spb_text_block] [spb_raw_html width=&#8221;1\/1&#8243; el_position=&#8221;first last&#8221;]JTNDaWZyYW1lJTIwc3JjJTNEJTIyaHR0cHMlM0ElMkYlMkZ3d3cuZmFjZWJvb2suY29tJTJGcGx1Z2lucyUyRnBvc3QucGhwJTNGaHJlZiUzRGh0dHBzJTI1M0ElMjUyRiUyNTJGd3d3LmZhY2Vib29rLmNvbSUyNTJGb21hci5tYXJ6b3VrJTI1MkZwb3N0cyUyNTJGcGZiaWQwMmc0NmtUZHZNREVXc3FNZ3hHd2NMMnJLazY0aDdjd2Vjc0FNMWhNQUo1a2tEaHBrUkdNM0wyOUQ2VVVTWnZDNHBsJTI2c2hvd190ZXh0JTNEdHJ1ZSUyNndpZHRoJTNENTAwJTIyJTIwd2lkdGglM0QlMjI1MDAlMjIlMjBoZWlnaHQlM0QlMjI2OTglMjIlMjBzdHlsZSUzRCUyMmJvcmRlciUzQW5vbmUlM0JvdmVyZmxvdyUzQWhpZGRlbiUyMiUyMHNjcm9sbGluZyUzRCUyMm5vJTIyJTIwZnJhbWVib3JkZXIlM0QlMjIwJTIyJTIwYWxsb3dmdWxsc2NyZWVuJTNEJTIydHJ1ZSUyMiUyMGFsbG93JTNEJTIyYXV0b3BsYXklM0IlMjBjbGlwYm9hcmQtd3JpdGUlM0IlMjBlbmNyeXB0ZWQtbWVkaWElM0IlMjBwaWN0dXJlLWluLXBpY3R1cmUlM0IlMjB3ZWItc2hhcmUlMjIlM0UlM0MlMkZpZnJhbWUlM0U=[\/spb_raw_html] [spb_text_block animation=&#8221;none&#8221; animation_delay=&#8221;0&#8243; simplified_controls=&#8221;yes&#8221; custom_css_percentage=&#8221;no&#8221; padding_vertical=&#8221;0&#8243; padding_horizontal=&#8221;0&#8243; margin_vertical=&#8221;0&#8243; custom_css=&#8221;margin-top: 0px;margin-bottom: 0px;&#8221; border_size=&#8221;0&#8243; border_styling_global=&#8221;default&#8221; width=&#8221;1\/1&#8243; el_position=&#8221;first last&#8221;]<\/p>\n<h2>EN SAG OM YTRINGSFRIHED \u2013 IF\u00d8LGE OMAR MARZOUK<\/h2>\n<p>Omar Marzouk fremh\u00e6ver selv, at sagen r\u00e6kker ud over de konkrete ytringer og handler om retten til at kritisere mediernes d\u00e6kning af en igangv\u00e6rende konflikt.<\/p>\n<p>If\u00f8lge hans egen udmelding rejser sagen et principielt sp\u00f8rgsm\u00e5l: hvor gr\u00e6nsen g\u00e5r mellem legitim kritik og strafbare udsagn i den offentlige debat.<\/p>\n<p>Han peger p\u00e5, at sagen kan f\u00e5 betydning for, hvordan borgere fremover deltager i debat om f\u00f8lsomme emner som krig, medier og politisk ansvar.<\/p>\n<p><em>Dette er Marzouks egen vurdering af sagens betydning.<\/em><\/p>\n<p>[\/spb_text_block] [spb_raw_html width=&#8221;1\/1&#8243; el_position=&#8221;first last&#8221;]JTNDYmxvY2txdW90ZSUyMGNsYXNzJTNEJTIydHdpdHRlci10d2VldCUyMiUyMGRhdGEtdGhlbWUlM0QlMjJkYXJrJTIyJTNFJTNDcCUyMGxhbmclM0QlMjJkYSUyMiUyMGRpciUzRCUyMmx0ciUyMiUzRUJ5cmV0dGVuJTIwbWVuZXIlMjAlQzMlQTViZW5iYXJ0JTIwYXQlMjBwJUMzJUE1c3RhbmRlJTIwb20lMjBhdCUyMEpvdGFtJTIwQ29uZmlubyUyMHNwcmVkZXIlMjBtaXNpbmZvcm1hdGlvbiUyMHZhciUyMGZhbHNrZS4lMjAlM0NiciUzRSUzQ2JyJTNFTSVDMyVBNnJrZWxpZ3QlMjBuJUMzJUE1ciUyMGRldCUyMGVyJTIwZG9rdW1lbnRlcmV0JTIwcyVDMyVBNSUyMGdydW5kaWd0JTIwYXQlMjBoYW4lMjBzcHJlZGVyJTIwbWlzaW5mb3JtYXRpb24uJTIwJTNDYSUyMGhyZWYlM0QlMjJodHRwcyUzQSUyRiUyRnQuY28lMkZZSEdrRThzclRGJTIyJTNFaHR0cHMlM0ElMkYlMkZ0LmNvJTJGWUhHa0U4c3JURiUzQyUyRmElM0UlM0MlMkZwJTNFJTI2bWRhc2glM0IlMjBOaWVscyUyMEJyaW5jaCUyMCUyOCU0MG5pZWxzYnJpbmNoJTI5JTIwJTNDYSUyMGhyZWYlM0QlMjJodHRwcyUzQSUyRiUyRnR3aXR0ZXIuY29tJTJGbmllbHNicmluY2glMkZzdGF0dXMlMkYyMDM2MTE5MTI0MjM4MDk0NjgyJTNGcmVmX3NyYyUzRHR3c3JjJTI1NUV0ZnclMjIlM0VNYXJjaCUyMDIzJTJDJTIwMjAyNiUzQyUyRmElM0UlM0MlMkZibG9ja3F1b3RlJTNFJTIwJTNDc2NyaXB0JTIwYXN5bmMlMjBzcmMlM0QlMjJodHRwcyUzQSUyRiUyRnBsYXRmb3JtLnR3aXR0ZXIuY29tJTJGd2lkZ2V0cy5qcyUyMiUyMGNoYXJzZXQlM0QlMjJ1dGYtOCUyMiUzRSUzQyUyRnNjcmlwdCUzRQ==[\/spb_raw_html] [spb_text_block animation=&#8221;none&#8221; animation_delay=&#8221;0&#8243; simplified_controls=&#8221;yes&#8221; custom_css_percentage=&#8221;no&#8221; padding_vertical=&#8221;0&#8243; padding_horizontal=&#8221;0&#8243; margin_vertical=&#8221;0&#8243; custom_css=&#8221;margin-top: 0px;margin-bottom: 0px;&#8221; border_size=&#8221;0&#8243; border_styling_global=&#8221;default&#8221; width=&#8221;1\/1&#8243; el_position=&#8221;first last&#8221;]<\/p>\n<h2>OFFENTLIG REAKTION OG ERKENDT BIAS<\/h2>\n<p>I en offentlig reaktion p\u00e5 sagen skriver advokat Nina Palesa Bonde, at hun mener medied\u00e6kningen indeholder fejl.<\/p>\n<p>Samtidig oplyser hun selv, at hun har en personlig relation til Jotam Confino:<\/p>\n<p><em>\u201cFor Jotam er min ven. Det st\u00e5r jeg 100% ved.\u201d<\/em><\/p>\n<p>Hun fremh\u00e6ver, at dele af dommen \u2013 herunder frifindelsen for visse ytringer \u2013 ikke er blevet korrekt gengivet i medierne.<\/p>\n<p>Udmeldingen illustrerer, hvordan b\u00e5de medied\u00e6kning og reaktioner p\u00e5 dommen indg\u00e5r i en bredere offentlig debat, hvor positioner og relationer spiller en rolle.<\/p>\n<p>[\/spb_text_block] [spb_text_block animation=&#8221;none&#8221; animation_delay=&#8221;0&#8243; simplified_controls=&#8221;yes&#8221; custom_css_percentage=&#8221;no&#8221; padding_vertical=&#8221;0&#8243; padding_horizontal=&#8221;0&#8243; margin_vertical=&#8221;0&#8243; custom_css=&#8221;margin-top: 0px;margin-bottom: 0px;&#8221; border_size=&#8221;0&#8243; border_styling_global=&#8221;default&#8221; width=&#8221;1\/1&#8243; el_position=&#8221;first last&#8221;]<\/p>\n<h2>INDSAMLING OG ST\u00d8TTE I BAGGRUNDEN<\/h2>\n<p>Der har tidligere v\u00e6ret gennemf\u00f8rt en indsamling relateret til sager omkring Jotam Confino.<\/p>\n<p>If\u00f8lge offentlig dokumentation er der indsamlet et st\u00f8rre bel\u00f8b gennem initiativet <em>\u201cAccess to Justice\u201d<\/em>, hvor advokat Nina Palesa Bonde har v\u00e6ret involveret.<\/p>\n<p><a href=\"https:\/\/zlcopenhagen.com\/da\/416-878-kr-jotam-confino-access-to-justice\/\" target=\"_blank\" rel=\"noopener\"><strong>Se dokumentation for indsamlingen<\/strong><\/a><\/p>\n<p>Dette giver yderligere kontekst til de akt\u00f8rer, der optr\u00e6der i og omkring sagen.<\/p>\n<p><em>Oplysningerne indg\u00e5r som baggrund og er ikke en del af den konkrete dom i sagen mellem Omar Marzouk og Jotam Confino.<\/em><\/p>\n<p>[\/spb_text_block] [spb_text_block animation=&#8221;none&#8221; animation_delay=&#8221;0&#8243; simplified_controls=&#8221;yes&#8221; custom_css_percentage=&#8221;no&#8221; padding_vertical=&#8221;0&#8243; padding_horizontal=&#8221;0&#8243; margin_vertical=&#8221;0&#8243; custom_css=&#8221;margin-top: 0px;margin-bottom: 0px;&#8221; border_size=&#8221;0&#8243; border_styling_global=&#8221;default&#8221; width=&#8221;1\/1&#8243; el_position=&#8221;first last&#8221;]<\/p>\n<h2>NARRATIVET<\/h2>\n<p>[\/spb_text_block] [spb_raw_html width=&#8221;1\/1&#8243; el_position=&#8221;first last&#8221;]JTNDaWZyYW1lJTIwc3JjJTNEJTIyaHR0cHMlM0ElMkYlMkZ3d3cuZmFjZWJvb2suY29tJTJGcGx1Z2lucyUyRnBvc3QucGhwJTNGaHJlZiUzRGh0dHBzJTI1M0ElMjUyRiUyNTJGd3d3LmZhY2Vib29rLmNvbSUyNTJGb21hci5tYXJ6b3VrJTI1MkZwb3N0cyUyNTJGcGZiaWQwMkJxOWpMbmtzRWpnVG5IN3dMTWk5aVZOWE01VnhrOWFDVFFvWkdwc0tnUXpyZlZ5VGhpd3haNkJ2enRBZEZacktsJTI2c2hvd190ZXh0JTNEdHJ1ZSUyNndpZHRoJTNENTAwJTIyJTIwd2lkdGglM0QlMjI1MDAlMjIlMjBoZWlnaHQlM0QlMjI3NzIlMjIlMjBzdHlsZSUzRCUyMmJvcmRlciUzQW5vbmUlM0JvdmVyZmxvdyUzQWhpZGRlbiUyMiUyMHNjcm9sbGluZyUzRCUyMm5vJTIyJTIwZnJhbWVib3JkZXIlM0QlMjIwJTIyJTIwYWxsb3dmdWxsc2NyZWVuJTNEJTIydHJ1ZSUyMiUyMGFsbG93JTNEJTIyYXV0b3BsYXklM0IlMjBjbGlwYm9hcmQtd3JpdGUlM0IlMjBlbmNyeXB0ZWQtbWVkaWElM0IlMjBwaWN0dXJlLWluLXBpY3R1cmUlM0IlMjB3ZWItc2hhcmUlMjIlM0UlM0MlMkZpZnJhbWUlM0U=[\/spb_raw_html]<\/p>\n","protected":false},"excerpt":{"rendered":"<p>[spb_text_block animation=&#8221;none&#8221; animation_delay=&#8221;0&#8243; simplified_controls=&#8221;yes&#8221; custom_css_percentage=&#8221;no&#8221; padding_vertical=&#8221;0&#8243; padding_horizontal=&#8221;0&#8243; margin_vertical=&#8221;0&#8243; custom_css=&#8221;margin-top: 0px;margin-bottom: 0px;&#8221; border_size=&#8221;0&#8243; border_styling_global=&#8221;default&#8221; width=&#8221;1\/1&#8243; el_position=&#8221;first last&#8221;] EN DOM OM MISINFORMATION \u2013 OG EN DEBAT OM D\u00c6KNINGEN Dommen vedr\u00f8rer blandt andet p\u00e5stande om misinformation. Samtidig viser den efterf\u00f8lgende medied\u00e6kning, hvor hurtigt komplekse juridiske vurderinger kan blive forenklet. Sp\u00f8rgsm\u00e5let er derfor ikke kun, hvad der blev sagt i retten \u2013 men ogs\u00e5 [&hellip;]<\/p>\n","protected":false},"author":2,"featured_media":0,"comment_status":"closed","ping_status":"closed","sticky":false,"template":"","format":"standard","meta":{"footnotes":""},"categories":[1800,2625],"tags":[2967,3400,2984,2965,2971,3401,3402,3403,2970,2536,2964,2985,1866],"class_list":["post-61150","post","type-post","status-publish","format-standard","hentry","category-propaganda-informationskrig","category-viden","tag-aerekraenkelse","tag-dom","tag-heidi-helveg","tag-injurier","tag-jotam-confino","tag-koebenhavns-byret","tag-mediedaekning","tag-misinformation","tag-omar-marzouk","tag-politisk-retorik","tag-retssag","tag-tyge-trier","tag-ytringsfrihed"],"yoast_head":"<!-- This site is optimized with the Yoast SEO Premium plugin v26.6 (Yoast SEO v27.5) - https:\/\/yoast.com\/product\/yoast-seo-premium-wordpress\/ -->\n<title>Omar Marzouk d\u00f8mt \u2013 overvejer at anke dommen i sagen mod Jotam Confino<\/title>\n<meta name=\"description\" content=\"Omar Marzouk er d\u00f8mt i sagen mod Jotam Confino og overvejer at anke. Se hvad han blev d\u00f8mt for, og hvad dommen betyder.\" \/>\n<meta name=\"robots\" content=\"index, follow, max-snippet:-1, max-image-preview:large, max-video-preview:-1\" \/>\n<link rel=\"canonical\" href=\"https:\/\/zlcopenhagen.com\/da\/omar-marzouk-doemt-jotam-confino\/\" \/>\n<meta property=\"og:locale\" content=\"da_DK\" \/>\n<meta property=\"og:type\" content=\"article\" \/>\n<meta property=\"og:title\" content=\"ZLCOPENHAGEN: Danish-Punjabi Ethical Menswear\" \/>\n<meta property=\"og:description\" content=\"ZLCOPENHAGEN merges Danish minimalism with Punjabi pride. Ethical menswear with muscle, message, and meaning. Designed with zidd.\" \/>\n<meta property=\"og:url\" content=\"https:\/\/zlcopenhagen.com\/da\/omar-marzouk-doemt-jotam-confino\/\" \/>\n<meta property=\"og:site_name\" content=\"zlcopenhagen.com\" \/>\n<meta property=\"article:published_time\" content=\"2026-03-23T21:43:37+00:00\" \/>\n<meta property=\"article:modified_time\" content=\"2026-03-27T03:49:57+00:00\" \/>\n<meta property=\"og:image\" content=\"https:\/\/zlcopenhagen.com\/wp-content\/uploads\/2014\/11\/zlc-.jpg\" \/>\n\t<meta property=\"og:image:width\" content=\"1908\" \/>\n\t<meta property=\"og:image:height\" content=\"1062\" \/>\n\t<meta property=\"og:image:type\" content=\"image\/jpeg\" \/>\n<meta name=\"author\" content=\"ZLC Team\" \/>\n<meta name=\"twitter:card\" content=\"summary_large_image\" \/>\n<meta name=\"twitter:label1\" content=\"Skrevet af\" \/>\n\t<meta name=\"twitter:data1\" content=\"ZLC Team\" \/>\n\t<meta name=\"twitter:label2\" content=\"Estimeret l\u00e6setid\" \/>\n\t<meta name=\"twitter:data2\" content=\"3 minutter\" \/>\n<!-- \/ Yoast SEO Premium plugin. -->","yoast_head_json":{"title":"Omar Marzouk d\u00f8mt \u2013 overvejer at anke dommen i sagen mod Jotam Confino","description":"Omar Marzouk er d\u00f8mt i sagen mod Jotam Confino og overvejer at anke. Se hvad han blev d\u00f8mt for, og hvad dommen betyder.","robots":{"index":"index","follow":"follow","max-snippet":"max-snippet:-1","max-image-preview":"max-image-preview:large","max-video-preview":"max-video-preview:-1"},"canonical":"https:\/\/zlcopenhagen.com\/da\/omar-marzouk-doemt-jotam-confino\/","og_locale":"da_DK","og_type":"article","og_title":"ZLCOPENHAGEN: Danish-Punjabi Ethical Menswear","og_description":"ZLCOPENHAGEN merges Danish minimalism with Punjabi pride. Ethical menswear with muscle, message, and meaning. Designed with zidd.","og_url":"https:\/\/zlcopenhagen.com\/da\/omar-marzouk-doemt-jotam-confino\/","og_site_name":"zlcopenhagen.com","article_published_time":"2026-03-23T21:43:37+00:00","article_modified_time":"2026-03-27T03:49:57+00:00","og_image":[{"width":1908,"height":1062,"url":"https:\/\/zlcopenhagen.com\/wp-content\/uploads\/2014\/11\/zlc-.jpg","type":"image\/jpeg"}],"author":"ZLC Team","twitter_card":"summary_large_image","twitter_misc":{"Skrevet af":"ZLC Team","Estimeret l\u00e6setid":"3 minutter"},"schema":{"@context":"https:\/\/schema.org","@graph":[{"@type":["Article","BlogPosting"],"@id":"https:\/\/zlcopenhagen.com\/da\/omar-marzouk-doemt-jotam-confino\/#article","isPartOf":{"@id":"https:\/\/zlcopenhagen.com\/da\/omar-marzouk-doemt-jotam-confino\/"},"author":{"name":"ZLC Team","@id":"https:\/\/zlcopenhagen.com\/#\/schema\/person\/c7ce5649957ac4c1258910e89f0f5fb3"},"headline":"FRIFUNDET I BYRETTEN FOR \u2019NAZIST\u2019- OG \u2019P\u00c5VIRKNINGSAGENT\u2019 YTRINGER","datePublished":"2026-03-23T21:43:37+00:00","dateModified":"2026-03-27T03:49:57+00:00","mainEntityOfPage":{"@id":"https:\/\/zlcopenhagen.com\/da\/omar-marzouk-doemt-jotam-confino\/"},"wordCount":1137,"publisher":{"@id":"https:\/\/zlcopenhagen.com\/#organization"},"keywords":["\u00e6rekr\u00e6nkelse","dom","Heidi Helveg","injurier","Jotam Confino","K\u00f8benhavns Byret","medied\u00e6kning","misinformation","Omar Marzouk","politisk retorik","retssag","Tyge Trier","ytringsfrihed"],"articleSection":["PROPAGANDA &amp; INFORMATIONSKRIG","VIDEN"],"inLanguage":"da-DK","copyrightYear":"2026","copyrightHolder":{"@id":"https:\/\/zlcopenhagen.com\/#organization"}},{"@type":"WebPage","@id":"https:\/\/zlcopenhagen.com\/da\/omar-marzouk-doemt-jotam-confino\/","url":"https:\/\/zlcopenhagen.com\/da\/omar-marzouk-doemt-jotam-confino\/","name":"Omar Marzouk d\u00f8mt \u2013 overvejer at anke dommen i sagen mod Jotam Confino","isPartOf":{"@id":"https:\/\/zlcopenhagen.com\/#website"},"datePublished":"2026-03-23T21:43:37+00:00","dateModified":"2026-03-27T03:49:57+00:00","description":"Omar Marzouk er d\u00f8mt i sagen mod Jotam Confino og overvejer at anke. Se hvad han blev d\u00f8mt for, og hvad dommen betyder.","breadcrumb":{"@id":"https:\/\/zlcopenhagen.com\/da\/omar-marzouk-doemt-jotam-confino\/#breadcrumb"},"inLanguage":"da-DK","potentialAction":[{"@type":"ReadAction","target":["https:\/\/zlcopenhagen.com\/da\/omar-marzouk-doemt-jotam-confino\/"]}]},{"@type":"BreadcrumbList","@id":"https:\/\/zlcopenhagen.com\/da\/omar-marzouk-doemt-jotam-confino\/#breadcrumb","itemListElement":[{"@type":"ListItem","position":1,"name":"Home","item":"https:\/\/zlcopenhagen.com\/da\/"},{"@type":"ListItem","position":2,"name":"FRIFUNDET I BYRETTEN FOR \u2019NAZIST\u2019- OG \u2019P\u00c5VIRKNINGSAGENT\u2019 YTRINGER"}]},{"@type":"WebSite","@id":"https:\/\/zlcopenhagen.com\/#website","url":"https:\/\/zlcopenhagen.com\/","name":"zlcopenhagen.com","description":"","publisher":{"@id":"https:\/\/zlcopenhagen.com\/#organization"},"potentialAction":[{"@type":"SearchAction","target":{"@type":"EntryPoint","urlTemplate":"https:\/\/zlcopenhagen.com\/?s={search_term_string}"},"query-input":{"@type":"PropertyValueSpecification","valueRequired":true,"valueName":"search_term_string"}}],"inLanguage":"da-DK"},{"@type":["Organization","Place"],"@id":"https:\/\/zlcopenhagen.com\/#organization","name":"ZLCOPENHAGEN","alternateName":"ZLCOPENHAGEN","url":"https:\/\/zlcopenhagen.com\/","logo":{"@id":"https:\/\/zlcopenhagen.com\/da\/omar-marzouk-doemt-jotam-confino\/#local-main-organization-logo"},"image":{"@id":"https:\/\/zlcopenhagen.com\/da\/omar-marzouk-doemt-jotam-confino\/#local-main-organization-logo"},"sameAs":["https:\/\/www.youtube.com\/channel\/UCy7JINwB6DMr2fA9yHpDQJg"],"telephone":[],"openingHoursSpecification":[{"@type":"OpeningHoursSpecification","dayOfWeek":["Monday","Tuesday","Wednesday","Thursday","Friday","Saturday","Sunday"],"opens":"09:00","closes":"17:00"}]},{"@type":"Person","@id":"https:\/\/zlcopenhagen.com\/#\/schema\/person\/c7ce5649957ac4c1258910e89f0f5fb3","name":"ZLC Team","image":{"@type":"ImageObject","inLanguage":"da-DK","@id":"https:\/\/secure.gravatar.com\/avatar\/bb92a8e9bdde1cf2114b74dce44557ee57d3909986eab1422fc34e9cce350044?s=96&d=mm&r=g","url":"https:\/\/secure.gravatar.com\/avatar\/bb92a8e9bdde1cf2114b74dce44557ee57d3909986eab1422fc34e9cce350044?s=96&d=mm&r=g","contentUrl":"https:\/\/secure.gravatar.com\/avatar\/bb92a8e9bdde1cf2114b74dce44557ee57d3909986eab1422fc34e9cce350044?s=96&d=mm&r=g","caption":"ZLC Team"}},{"@type":"ImageObject","inLanguage":"da-DK","@id":"https:\/\/zlcopenhagen.com\/da\/omar-marzouk-doemt-jotam-confino\/#local-main-organization-logo","url":"https:\/\/zlcopenhagen.com\/wp-content\/uploads\/2016\/05\/blog-logo.jpg","contentUrl":"https:\/\/zlcopenhagen.com\/wp-content\/uploads\/2016\/05\/blog-logo.jpg","width":68,"height":68,"caption":"ZLCOPENHAGEN"}]}},"_links":{"self":[{"href":"https:\/\/zlcopenhagen.com\/da\/wp-json\/wp\/v2\/posts\/61150","targetHints":{"allow":["GET"]}}],"collection":[{"href":"https:\/\/zlcopenhagen.com\/da\/wp-json\/wp\/v2\/posts"}],"about":[{"href":"https:\/\/zlcopenhagen.com\/da\/wp-json\/wp\/v2\/types\/post"}],"author":[{"embeddable":true,"href":"https:\/\/zlcopenhagen.com\/da\/wp-json\/wp\/v2\/users\/2"}],"replies":[{"embeddable":true,"href":"https:\/\/zlcopenhagen.com\/da\/wp-json\/wp\/v2\/comments?post=61150"}],"version-history":[{"count":7,"href":"https:\/\/zlcopenhagen.com\/da\/wp-json\/wp\/v2\/posts\/61150\/revisions"}],"predecessor-version":[{"id":61206,"href":"https:\/\/zlcopenhagen.com\/da\/wp-json\/wp\/v2\/posts\/61150\/revisions\/61206"}],"wp:attachment":[{"href":"https:\/\/zlcopenhagen.com\/da\/wp-json\/wp\/v2\/media?parent=61150"}],"wp:term":[{"taxonomy":"category","embeddable":true,"href":"https:\/\/zlcopenhagen.com\/da\/wp-json\/wp\/v2\/categories?post=61150"},{"taxonomy":"post_tag","embeddable":true,"href":"https:\/\/zlcopenhagen.com\/da\/wp-json\/wp\/v2\/tags?post=61150"}],"curies":[{"name":"wp","href":"https:\/\/api.w.org\/{rel}","templated":true}]}}