{"id":60311,"date":"2026-03-20T09:31:54","date_gmt":"2026-03-20T08:31:54","guid":{"rendered":"https:\/\/zlcopenhagen.com\/?p=60311"},"modified":"2026-03-20T17:57:21","modified_gmt":"2026-03-20T16:57:21","slug":"christina-markus-lassen-fn","status":"publish","type":"post","link":"https:\/\/zlcopenhagen.com\/da\/christina-markus-lassen-fn\/","title":{"rendered":"CHRISTINA MARKUS LASSEN OG DET DIPLOMATISKE \u00d8JEBLIK MED JEFFREY SACHS I FN"},"content":{"rendered":"<p>[spb_text_block animation=&#8221;none&#8221; animation_delay=&#8221;0&#8243; simplified_controls=&#8221;yes&#8221; custom_css_percentage=&#8221;no&#8221; padding_vertical=&#8221;0&#8243; padding_horizontal=&#8221;0&#8243; margin_vertical=&#8221;0&#8243; custom_css=&#8221;margin-top: 0px;margin-bottom: 0px;&#8221; border_size=&#8221;0&#8243; border_styling_global=&#8221;default&#8221; width=&#8221;1\/1&#8243; el_position=&#8221;first last&#8221;]<\/p>\n<p><strong>Christina Markus Lassen<\/strong> er Danmarks faste repr\u00e6sentant ved De Forenede Nationer. Den danske diplomat blev omtalt af \u00f8konomen Jeffrey Sachs efter en udveksling i FN\u2019s Sikkerhedsr\u00e5d.<\/p>\n<h2>HVEM ER CHRISTINA MARKUS LASSEN<\/h2>\n<p><a href=\"https:\/\/fnnewyork.um.dk\/en\/about-the-mission\/permanent-representative\" target=\"_blank\" rel=\"noopener\">Christina Markus Lassen<\/a> er Danmarks faste repr\u00e6sentant ved De Forenede Nationer i New York. Som Danmarks FN-ambassad\u00f8r repr\u00e6senterer Christina Markus Lassen den danske regering i internationale forhandlinger, diplomatiske debatter og diskussioner i FN\u2019s Sikkerhedsr\u00e5d.<\/p>\n<p>Hendes rolle indeb\u00e6rer at freml\u00e6gge Danmarks officielle position i globale konflikter, international sikkerhed og diplomatisk samarbejde mellem stater. Som erfaren diplomat deltager Christina Markus Lassen i diskussioner, der er med til at forme internationale reaktioner p\u00e5 kriser og geopolitiske sp\u00e6ndinger.<\/p>\n<h2>JEFFREY SACHS BESKRIVER EN UDVEKSLING I FN<\/h2>\n<p>Under et interview beskrev \u00f8konomen <strong>Jeffrey Sachs<\/strong> en udveksling, han havde ved De Forenede Nationer med Danmarks FN-ambassad\u00f8r <strong>Christina Markus Lassen<\/strong>. If\u00f8lge Sachs fandt interaktionen sted efter en diskussion i FN\u2019s Sikkerhedsr\u00e5d om internationale sp\u00e6ndinger i Mellem\u00f8sten.<\/p>\n<p>Sachs forklarede, at han henvendte sig til Christina Markus Lassen efter hendes bem\u00e6rkninger og talte direkte til hende under samtalen.<\/p>\n<blockquote><p><strong><em>\u201cVille det ikke v\u00e6re rimeligt ogs\u00e5 at n\u00e6vne, at Israel netop har bombet Iran \u2013 i stedet for kun at tale om Irans tilbageholdenhed?\u201d<\/em><\/strong><\/p><\/blockquote>\n<p>If\u00f8lge Sachs sluttede samtalen brat.<\/p>\n<blockquote><p><strong><em>\u201cHun vendte sig om og gik uden at sige et ord.\u201d<\/em><\/strong><\/p><\/blockquote>\n<h2>DANMARKS FN-AMBASSAD\u00d8RS ROLLE<\/h2>\n<p>Som Danmarks FN-ambassad\u00f8r repr\u00e6senterer <strong>Christina Markus Lassen<\/strong> Danmarks diplomatiske position i globale diskussioner om sikkerhed, international ret og geopolitiske konflikter. Udtalelser fra ambassad\u00f8rer i FN afspejler ofte regeringens officielle politik og diplomatiske strategi.<\/p>\n<p>[\/spb_text_block] [spb_blank_spacer height=&#8221;30px&#8221; width=&#8221;1\/1&#8243; el_position=&#8221;first last&#8221;] [spb_raw_html width=&#8221;1\/1&#8243; el_position=&#8221;first last&#8221;]JTNDZGl2JTIwc3R5bGUlM0QlMjJwb3NpdGlvbiUzQXJlbGF0aXZlJTNCcGFkZGluZy1ib3R0b20lM0E1Ni4yNSUyNSUzQmhlaWdodCUzQTAlM0JvdmVyZmxvdyUzQWhpZGRlbiUzQm1heC13aWR0aCUzQTEwMCUyNSUzQiUyMiUzRSUwQSUyMCUyMCUzQ2lmcmFtZSUyMHNyYyUzRCUyMmh0dHBzJTNBJTJGJTJGd3d3LnlvdXR1YmUuY29tJTJGZW1iZWQlMkZNVDMySEVHOFc0QSUzRnN0YXJ0JTNEMTIwMCUyMiUwQSUyMCUyMHRpdGxlJTNEJTIySmVmZnJleSUyMFNhY2hzJTIwQkxPV1MlMjBVUCUyME92ZXIlMjBHcmVlbmxhbmQlMjBMZXR0ZXIlMkMlMjBHYXphJTIwQm9hcmQlMjBPZiUyMFBlYWNlJTIyJTBBJTIwJTIwc3R5bGUlM0QlMjJwb3NpdGlvbiUzQWFic29sdXRlJTNCdG9wJTNBMCUzQmxlZnQlM0EwJTNCd2lkdGglM0ExMDAlMjUlM0JoZWlnaHQlM0ExMDAlMjUlM0IlMjIlMEElMjAlMjBmcmFtZWJvcmRlciUzRCUyMjAlMjIlMEElMjAlMjBhbGxvdyUzRCUyMmFjY2VsZXJvbWV0ZXIlM0IlMjBhdXRvcGxheSUzQiUyMGNsaXBib2FyZC13cml0ZSUzQiUyMGVuY3J5cHRlZC1tZWRpYSUzQiUyMGd5cm9zY29wZSUzQiUyMHBpY3R1cmUtaW4tcGljdHVyZSUzQiUyMHdlYi1zaGFyZSUyMiUwQSUyMCUyMHJlZmVycmVycG9saWN5JTNEJTIyc3RyaWN0LW9yaWdpbi13aGVuLWNyb3NzLW9yaWdpbiUyMiUwQSUyMCUyMGFsbG93ZnVsbHNjcmVlbiUzRSUwQSUyMCUyMCUzQyUyRmlmcmFtZSUzRSUwQSUzQyUyRmRpdiUzRQ==[\/spb_raw_html] [spb_text_block animation=&#8221;none&#8221; animation_delay=&#8221;0&#8243; simplified_controls=&#8221;yes&#8221; custom_css_percentage=&#8221;no&#8221; padding_vertical=&#8221;0&#8243; padding_horizontal=&#8221;0&#8243; margin_vertical=&#8221;0&#8243; custom_css=&#8221;margin-top: 0px;margin-bottom: 0px;&#8221; border_size=&#8221;0&#8243; border_styling_global=&#8221;default&#8221; width=&#8221;1\/1&#8243; el_position=&#8221;first last&#8221;]<\/p>\n<p>\u00d8konomen Jeffrey Sachs beskriver sin udveksling med Danmarks FN-ambassad\u00f8r Christina Markus Lassen under en diskussion om international diplomati ved De Forenede Nationer.<\/p>\n<h2>GR\u00d8NLAND, DANMARK OG ET DIPLOMATISK BLINDT PUNKT<\/h2>\n<p>[\/spb_text_block] [spb_image image=&#8221;53586&#8243; image_size=&#8221;full&#8221; frame=&#8221;noframe&#8221; caption_pos=&#8221;hover&#8221; remove_rounded=&#8221;yes&#8221; fullwidth=&#8221;no&#8221; overflow_mode=&#8221;none&#8221; link_target=&#8221;_self&#8221; lightbox=&#8221;no&#8221; intro_animation=&#8221;none&#8221; animation_delay=&#8221;200&#8243; width=&#8221;1\/1&#8243; el_position=&#8221;first last&#8221;][\/spb_image] [spb_text_block animation=&#8221;none&#8221; animation_delay=&#8221;0&#8243; simplified_controls=&#8221;yes&#8221; custom_css_percentage=&#8221;no&#8221; padding_vertical=&#8221;0&#8243; padding_horizontal=&#8221;0&#8243; margin_vertical=&#8221;0&#8243; custom_css=&#8221;margin-top: 0px;margin-bottom: 0px;&#8221; border_size=&#8221;0&#8243; border_styling_global=&#8221;default&#8221; width=&#8221;1\/1&#8243; el_position=&#8221;first last&#8221;]<\/p>\n<p>Den udveksling, som <strong>Jeffrey Sachs<\/strong> beskriver, rejser sp\u00f8rgsm\u00e5l om, hvordan Danmarks diplomati opfattes i internationale debatter. N\u00e5r \u00f8konomen Jeffrey Sachs fort\u00e6ller, at <strong>Christina Markus Lassen<\/strong> vendte sig v\u00e6k fra samtalen, mener kritikere, at s\u00e5danne \u00f8jeblikke kan skabe indtrykket af, at vanskelige geopolitiske sp\u00f8rgsm\u00e5l bliver undg\u00e5et.<\/p>\n<p>For Danmark er sp\u00f8rgsm\u00e5let s\u00e6rligt f\u00f8lsomt p\u00e5 grund af den bredere debat om <strong>Gr\u00f8nland<\/strong>, arktisk sikkerhed og den voksende globale konkurrence i regionen. Nogle analytikere advarer om, at hvis kontroversielle sp\u00f8rgsm\u00e5l ignoreres, kan det sv\u00e6kke Danmarks position i diskussioner om suver\u00e6nitet, diplomati og international trov\u00e6rdighed.<\/p>\n<p>L\u00e6s hele analysen her:\u00a0<a href=\"https:\/\/zlcopenhagen.com\/da\/groenland\/\"><br \/>\nDanmark, Gr\u00f8nland og det koloniale blinde punkt<\/a>.<\/p>\n<p>[\/spb_text_block] [spb_blank_spacer height=&#8221;30px&#8221; width=&#8221;1\/1&#8243; el_position=&#8221;first last&#8221;] [spb_raw_html width=&#8221;1\/2&#8243; el_position=&#8221;first&#8221;]JTNDYmxvY2txdW90ZSUyMGNsYXNzJTNEJTIydGlrdG9rLWVtYmVkJTIyJTIwY2l0ZSUzRCUyMmh0dHBzJTNBJTJGJTJGd3d3LnRpa3Rvay5jb20lMkYlNDBtdXJpZGkzNSUyRnZpZGVvJTJGNzYxODk5OTk1NTgzMDYyMzUxMCUyMiUyMGRhdGEtdmlkZW8taWQlM0QlMjI3NjE4OTk5OTU1ODMwNjIzNTEwJTIyJTIwc3R5bGUlM0QlMjJtYXgtd2lkdGglM0ElMjA2MDVweCUzQm1pbi13aWR0aCUzQSUyMDMyNXB4JTNCJTIyJTIwJTNFJTIwJTNDc2VjdGlvbiUzRSUyMCUzQ2ElMjB0YXJnZXQlM0QlMjJfYmxhbmslMjIlMjB0aXRsZSUzRCUyMiU0MG11cmlkaTM1JTIyJTIwaHJlZiUzRCUyMmh0dHBzJTNBJTJGJTJGd3d3LnRpa3Rvay5jb20lMkYlNDBtdXJpZGkzNSUzRnJlZmVyJTNEZW1iZWQlMjIlM0UlNDBtdXJpZGkzNSUzQyUyRmElM0UlMjAlM0NwJTNFVGhhbmtzJTIwU29tYWxpYSUyMCVGMCU5RiU4NyVCOCVGMCU5RiU4NyVCNCUyMENoaW5hJTIwJUYwJTlGJTg3JUE4JUYwJTlGJTg3JUIzJTIwYW5kJTIwUnVzc2lhJTIwJUYwJTlGJTg3JUI3JUYwJTlGJTg3JUJBJTIwJTNDJTJGcCUzRSUyMCUzQ2ElMjB0YXJnZXQlM0QlMjJfYmxhbmslMjIlMjB0aXRsZSUzRCUyMiVFMiU5OSVBQyUyMG9yaWdpbmFsJTIwc291bmQlMjAtJTIwSGFnaSUyME11cmlkaSUyMiUyMGhyZWYlM0QlMjJodHRwcyUzQSUyRiUyRnd3dy50aWt0b2suY29tJTJGbXVzaWMlMkZvcmlnaW5hbC1zb3VuZC03NjE4OTk5OTYyNTYyNDY0NTM0JTNGcmVmZXIlM0RlbWJlZCUyMiUzRSVFMiU5OSVBQyUyMG9yaWdpbmFsJTIwc291bmQlMjAtJTIwSGFnaSUyME11cmlkaSUzQyUyRmElM0UlMjAlM0MlMkZzZWN0aW9uJTNFJTIwJTNDJTJGYmxvY2txdW90ZSUzRSUyMCUzQ3NjcmlwdCUyMGFzeW5jJTIwc3JjJTNEJTIyaHR0cHMlM0ElMkYlMkZ3d3cudGlrdG9rLmNvbSUyRmVtYmVkLmpzJTIyJTNFJTNDJTJGc2NyaXB0JTNF[\/spb_raw_html] [spb_text_block animation=&#8221;none&#8221; animation_delay=&#8221;0&#8243; simplified_controls=&#8221;yes&#8221; custom_css_percentage=&#8221;no&#8221; padding_vertical=&#8221;0&#8243; padding_horizontal=&#8221;0&#8243; margin_vertical=&#8221;0&#8243; custom_css=&#8221;margin-top: 0px;margin-bottom: 0px;&#8221; border_size=&#8221;0&#8243; border_styling_global=&#8221;default&#8221; width=&#8221;1\/2&#8243; el_position=&#8221;last&#8221;]<\/p>\n<h2>JEFFREY SACHS KRITISERER DANMARK I FN-DEBAT<\/h2>\n<h3>DANMARKS DOBBELTMORAL: N\u00c5R FOLKERET ER PRAKTISK \u2013 IKKE PRINCIPIEL<\/h3>\n<p data-start=\"474\" data-end=\"697\">Sachs beskriver, hvordan europ\u00e6iske lande \u2013 herunder Danmark \u2013 undlod at kritisere Israel efter et angreb p\u00e5 Iran, og i stedet fokuserede p\u00e5 opfordringer om tilbageholdenhed fra Iran.<\/p>\n<p data-start=\"699\" data-end=\"909\">If\u00f8lge Sachs rejser det et principielt sp\u00f8rgsm\u00e5l:<br data-start=\"748\" data-end=\"751\" \/>Hvordan kan Danmark kr\u00e6ve fuld respekt for folkeretten i sp\u00f8rgsm\u00e5let om Gr\u00f8nland \u2013 men samtidig undlade at p\u00e5tale mulige brud p\u00e5 FN-pagten i andre konflikter?<\/p>\n<p data-start=\"911\" data-end=\"1045\">Kernen i kritikken er ikke kun \u00e9n h\u00e6ndelse, men et m\u00f8nster:<br data-start=\"970\" data-end=\"973\" \/>N\u00e5r internationale regler anvendes selektivt, sv\u00e6kkes deres legitimitet.<\/p>\n<h2><\/h2>\n<p>[\/spb_text_block]<\/p>\n","protected":false},"excerpt":{"rendered":"<p>[spb_text_block animation=&#8221;none&#8221; animation_delay=&#8221;0&#8243; simplified_controls=&#8221;yes&#8221; custom_css_percentage=&#8221;no&#8221; padding_vertical=&#8221;0&#8243; padding_horizontal=&#8221;0&#8243; margin_vertical=&#8221;0&#8243; custom_css=&#8221;margin-top: 0px;margin-bottom: 0px;&#8221; border_size=&#8221;0&#8243; border_styling_global=&#8221;default&#8221; width=&#8221;1\/1&#8243; el_position=&#8221;first last&#8221;] Christina Markus Lassen er Danmarks faste repr\u00e6sentant ved De Forenede Nationer. Den danske diplomat blev omtalt af \u00f8konomen Jeffrey Sachs efter en udveksling i FN\u2019s Sikkerhedsr\u00e5d. HVEM ER CHRISTINA MARKUS LASSEN Christina Markus Lassen er Danmarks faste repr\u00e6sentant ved De Forenede Nationer i New [&hellip;]<\/p>\n","protected":false},"author":2,"featured_media":60310,"comment_status":"closed","ping_status":"closed","sticky":false,"template":"","format":"standard","meta":{"footnotes":""},"categories":[1640,1883],"tags":[3319,3321,3316,3317,3314,3315,2540,3318,3320,3322],"class_list":["post-60311","post","type-post","status-publish","format-standard","has-post-thumbnail","hentry","category-geopolitics-da","category-magtnetvaerk","tag-arktisk-sikkerhed","tag-christina-markus-lassen","tag-danmarks-fn-ambassadoer","tag-dansk-diplomati","tag-fn","tag-fn-sikkerhedsraad","tag-geopolitik","tag-groenland-geopolitik","tag-international-diplomati","tag-jeffrey-sachs"],"yoast_head":"<!-- This site is optimized with the Yoast SEO Premium plugin v26.6 (Yoast SEO v27.5) - https:\/\/yoast.com\/product\/yoast-seo-premium-wordpress\/ -->\n<title>Christina Markus Lassen og Jeffrey Sachs i FN \u2013 diplomatisk episode<\/title>\n<meta name=\"description\" content=\"Christina Markus Lassen, Danmarks FN-ambassad\u00f8r, blev omtalt af Jeffrey Sachs efter en episode i FN\u2019s Sikkerhedsr\u00e5d. L\u00e6s analysen af sagen og dens betydning.\" \/>\n<meta name=\"robots\" content=\"index, follow, max-snippet:-1, max-image-preview:large, max-video-preview:-1\" \/>\n<link rel=\"canonical\" href=\"https:\/\/zlcopenhagen.com\/da\/christina-markus-lassen-fn\/\" \/>\n<meta property=\"og:locale\" content=\"da_DK\" \/>\n<meta property=\"og:type\" content=\"article\" \/>\n<meta property=\"og:title\" content=\"ZLCOPENHAGEN: Danish-Punjabi Ethical Menswear\" \/>\n<meta property=\"og:description\" content=\"ZLCOPENHAGEN merges Danish minimalism with Punjabi pride. Ethical menswear with muscle, message, and meaning. Designed with zidd.\" \/>\n<meta property=\"og:url\" content=\"https:\/\/zlcopenhagen.com\/da\/christina-markus-lassen-fn\/\" \/>\n<meta property=\"og:site_name\" content=\"zlcopenhagen.com\" \/>\n<meta property=\"article:published_time\" content=\"2026-03-20T08:31:54+00:00\" \/>\n<meta property=\"article:modified_time\" content=\"2026-03-20T16:57:21+00:00\" \/>\n<meta property=\"og:image\" content=\"https:\/\/zlcopenhagen.com\/wp-content\/uploads\/2026\/03\/christina-markus-lassen-jeffrey-sachs-un-satire.webp\" \/>\n\t<meta property=\"og:image:width\" content=\"2048\" \/>\n\t<meta property=\"og:image:height\" content=\"1365\" \/>\n\t<meta property=\"og:image:type\" content=\"image\/webp\" \/>\n<meta name=\"author\" content=\"ZLC Team\" \/>\n<meta name=\"twitter:card\" content=\"summary_large_image\" \/>\n<meta name=\"twitter:label1\" content=\"Skrevet af\" \/>\n\t<meta name=\"twitter:data1\" content=\"ZLC Team\" \/>\n\t<meta name=\"twitter:label2\" content=\"Estimeret l\u00e6setid\" \/>\n\t<meta name=\"twitter:data2\" content=\"3 minutter\" \/>\n<!-- \/ Yoast SEO Premium plugin. -->","yoast_head_json":{"title":"Christina Markus Lassen og Jeffrey Sachs i FN \u2013 diplomatisk episode","description":"Christina Markus Lassen, Danmarks FN-ambassad\u00f8r, blev omtalt af Jeffrey Sachs efter en episode i FN\u2019s Sikkerhedsr\u00e5d. L\u00e6s analysen af sagen og dens betydning.","robots":{"index":"index","follow":"follow","max-snippet":"max-snippet:-1","max-image-preview":"max-image-preview:large","max-video-preview":"max-video-preview:-1"},"canonical":"https:\/\/zlcopenhagen.com\/da\/christina-markus-lassen-fn\/","og_locale":"da_DK","og_type":"article","og_title":"ZLCOPENHAGEN: Danish-Punjabi Ethical Menswear","og_description":"ZLCOPENHAGEN merges Danish minimalism with Punjabi pride. Ethical menswear with muscle, message, and meaning. Designed with zidd.","og_url":"https:\/\/zlcopenhagen.com\/da\/christina-markus-lassen-fn\/","og_site_name":"zlcopenhagen.com","article_published_time":"2026-03-20T08:31:54+00:00","article_modified_time":"2026-03-20T16:57:21+00:00","og_image":[{"width":2048,"height":1365,"url":"https:\/\/zlcopenhagen.com\/wp-content\/uploads\/2026\/03\/christina-markus-lassen-jeffrey-sachs-un-satire.webp","type":"image\/webp"}],"author":"ZLC Team","twitter_card":"summary_large_image","twitter_misc":{"Skrevet af":"ZLC Team","Estimeret l\u00e6setid":"3 minutter"},"schema":{"@context":"https:\/\/schema.org","@graph":[{"@type":["Article","BlogPosting"],"@id":"https:\/\/zlcopenhagen.com\/da\/christina-markus-lassen-fn\/#article","isPartOf":{"@id":"https:\/\/zlcopenhagen.com\/da\/christina-markus-lassen-fn\/"},"author":{"name":"ZLC Team","@id":"https:\/\/zlcopenhagen.com\/#\/schema\/person\/c7ce5649957ac4c1258910e89f0f5fb3"},"headline":"CHRISTINA MARKUS LASSEN OG DET DIPLOMATISKE \u00d8JEBLIK MED JEFFREY SACHS I FN","datePublished":"2026-03-20T08:31:54+00:00","dateModified":"2026-03-20T16:57:21+00:00","mainEntityOfPage":{"@id":"https:\/\/zlcopenhagen.com\/da\/christina-markus-lassen-fn\/"},"wordCount":949,"publisher":{"@id":"https:\/\/zlcopenhagen.com\/#organization"},"image":{"@id":"https:\/\/zlcopenhagen.com\/da\/christina-markus-lassen-fn\/#primaryimage"},"thumbnailUrl":"https:\/\/zlcopenhagen.com\/wp-content\/uploads\/2026\/03\/christina-markus-lassen-jeffrey-sachs-un-satire.webp","keywords":["arktisk sikkerhed","Christina Markus Lassen","Danmarks FN-ambassad\u00f8r","dansk diplomati","FN","FN Sikkerhedsr\u00e5d","geopolitik","Gr\u00f8nland geopolitik","international diplomati","Jeffrey Sachs"],"articleSection":["Geopolitics","MAGTNETV\u00c6RK"],"inLanguage":"da-DK","copyrightYear":"2026","copyrightHolder":{"@id":"https:\/\/zlcopenhagen.com\/#organization"}},{"@type":"WebPage","@id":"https:\/\/zlcopenhagen.com\/da\/christina-markus-lassen-fn\/","url":"https:\/\/zlcopenhagen.com\/da\/christina-markus-lassen-fn\/","name":"Christina Markus Lassen og Jeffrey Sachs i FN \u2013 diplomatisk episode","isPartOf":{"@id":"https:\/\/zlcopenhagen.com\/#website"},"primaryImageOfPage":{"@id":"https:\/\/zlcopenhagen.com\/da\/christina-markus-lassen-fn\/#primaryimage"},"image":{"@id":"https:\/\/zlcopenhagen.com\/da\/christina-markus-lassen-fn\/#primaryimage"},"thumbnailUrl":"https:\/\/zlcopenhagen.com\/wp-content\/uploads\/2026\/03\/christina-markus-lassen-jeffrey-sachs-un-satire.webp","datePublished":"2026-03-20T08:31:54+00:00","dateModified":"2026-03-20T16:57:21+00:00","description":"Christina Markus Lassen, Danmarks FN-ambassad\u00f8r, blev omtalt af Jeffrey Sachs efter en episode i FN\u2019s Sikkerhedsr\u00e5d. L\u00e6s analysen af sagen og dens betydning.","breadcrumb":{"@id":"https:\/\/zlcopenhagen.com\/da\/christina-markus-lassen-fn\/#breadcrumb"},"inLanguage":"da-DK","potentialAction":[{"@type":"ReadAction","target":["https:\/\/zlcopenhagen.com\/da\/christina-markus-lassen-fn\/"]}]},{"@type":"ImageObject","inLanguage":"da-DK","@id":"https:\/\/zlcopenhagen.com\/da\/christina-markus-lassen-fn\/#primaryimage","url":"https:\/\/zlcopenhagen.com\/wp-content\/uploads\/2026\/03\/christina-markus-lassen-jeffrey-sachs-un-satire.webp","contentUrl":"https:\/\/zlcopenhagen.com\/wp-content\/uploads\/2026\/03\/christina-markus-lassen-jeffrey-sachs-un-satire.webp","width":2048,"height":1365,"caption":"Satirical illustration inspired by Jeffrey Sachs describing an exchange with Denmark\u2019s UN ambassador Christina Markus Lassen at the United Nations."},{"@type":"BreadcrumbList","@id":"https:\/\/zlcopenhagen.com\/da\/christina-markus-lassen-fn\/#breadcrumb","itemListElement":[{"@type":"ListItem","position":1,"name":"Home","item":"https:\/\/zlcopenhagen.com\/da\/"},{"@type":"ListItem","position":2,"name":"CHRISTINA MARKUS LASSEN OG DET DIPLOMATISKE \u00d8JEBLIK MED JEFFREY SACHS I FN"}]},{"@type":"WebSite","@id":"https:\/\/zlcopenhagen.com\/#website","url":"https:\/\/zlcopenhagen.com\/","name":"zlcopenhagen.com","description":"","publisher":{"@id":"https:\/\/zlcopenhagen.com\/#organization"},"potentialAction":[{"@type":"SearchAction","target":{"@type":"EntryPoint","urlTemplate":"https:\/\/zlcopenhagen.com\/?s={search_term_string}"},"query-input":{"@type":"PropertyValueSpecification","valueRequired":true,"valueName":"search_term_string"}}],"inLanguage":"da-DK"},{"@type":["Organization","Place"],"@id":"https:\/\/zlcopenhagen.com\/#organization","name":"ZLCOPENHAGEN","alternateName":"ZLCOPENHAGEN","url":"https:\/\/zlcopenhagen.com\/","logo":{"@id":"https:\/\/zlcopenhagen.com\/da\/christina-markus-lassen-fn\/#local-main-organization-logo"},"image":{"@id":"https:\/\/zlcopenhagen.com\/da\/christina-markus-lassen-fn\/#local-main-organization-logo"},"sameAs":["https:\/\/www.youtube.com\/channel\/UCy7JINwB6DMr2fA9yHpDQJg"],"telephone":[],"openingHoursSpecification":[{"@type":"OpeningHoursSpecification","dayOfWeek":["Monday","Tuesday","Wednesday","Thursday","Friday","Saturday","Sunday"],"opens":"09:00","closes":"17:00"}]},{"@type":"Person","@id":"https:\/\/zlcopenhagen.com\/#\/schema\/person\/c7ce5649957ac4c1258910e89f0f5fb3","name":"ZLC Team","image":{"@type":"ImageObject","inLanguage":"da-DK","@id":"https:\/\/secure.gravatar.com\/avatar\/bb92a8e9bdde1cf2114b74dce44557ee57d3909986eab1422fc34e9cce350044?s=96&d=mm&r=g","url":"https:\/\/secure.gravatar.com\/avatar\/bb92a8e9bdde1cf2114b74dce44557ee57d3909986eab1422fc34e9cce350044?s=96&d=mm&r=g","contentUrl":"https:\/\/secure.gravatar.com\/avatar\/bb92a8e9bdde1cf2114b74dce44557ee57d3909986eab1422fc34e9cce350044?s=96&d=mm&r=g","caption":"ZLC Team"}},{"@type":"ImageObject","inLanguage":"da-DK","@id":"https:\/\/zlcopenhagen.com\/da\/christina-markus-lassen-fn\/#local-main-organization-logo","url":"https:\/\/zlcopenhagen.com\/wp-content\/uploads\/2016\/05\/blog-logo.jpg","contentUrl":"https:\/\/zlcopenhagen.com\/wp-content\/uploads\/2016\/05\/blog-logo.jpg","width":68,"height":68,"caption":"ZLCOPENHAGEN"}]}},"_links":{"self":[{"href":"https:\/\/zlcopenhagen.com\/da\/wp-json\/wp\/v2\/posts\/60311","targetHints":{"allow":["GET"]}}],"collection":[{"href":"https:\/\/zlcopenhagen.com\/da\/wp-json\/wp\/v2\/posts"}],"about":[{"href":"https:\/\/zlcopenhagen.com\/da\/wp-json\/wp\/v2\/types\/post"}],"author":[{"embeddable":true,"href":"https:\/\/zlcopenhagen.com\/da\/wp-json\/wp\/v2\/users\/2"}],"replies":[{"embeddable":true,"href":"https:\/\/zlcopenhagen.com\/da\/wp-json\/wp\/v2\/comments?post=60311"}],"version-history":[{"count":5,"href":"https:\/\/zlcopenhagen.com\/da\/wp-json\/wp\/v2\/posts\/60311\/revisions"}],"predecessor-version":[{"id":60495,"href":"https:\/\/zlcopenhagen.com\/da\/wp-json\/wp\/v2\/posts\/60311\/revisions\/60495"}],"wp:featuredmedia":[{"embeddable":true,"href":"https:\/\/zlcopenhagen.com\/da\/wp-json\/wp\/v2\/media\/60310"}],"wp:attachment":[{"href":"https:\/\/zlcopenhagen.com\/da\/wp-json\/wp\/v2\/media?parent=60311"}],"wp:term":[{"taxonomy":"category","embeddable":true,"href":"https:\/\/zlcopenhagen.com\/da\/wp-json\/wp\/v2\/categories?post=60311"},{"taxonomy":"post_tag","embeddable":true,"href":"https:\/\/zlcopenhagen.com\/da\/wp-json\/wp\/v2\/tags?post=60311"}],"curies":[{"name":"wp","href":"https:\/\/api.w.org\/{rel}","templated":true}]}}