{"id":56763,"date":"2026-01-18T22:10:37","date_gmt":"2026-01-18T21:10:37","guid":{"rendered":"https:\/\/zlcopenhagen.com\/?p=56763"},"modified":"2026-01-19T20:30:19","modified_gmt":"2026-01-19T19:30:19","slug":"henri-goldstein-sara-el-khatib","status":"publish","type":"post","link":"https:\/\/zlcopenhagen.com\/da\/henri-goldstein-sara-el-khatib\/","title":{"rendered":"DER JUDE HENRI GOLDSTEIN ER D\u00d8D"},"content":{"rendered":"<p>[spb_text_block animation=&#8221;none&#8221; animation_delay=&#8221;0&#8243; simplified_controls=&#8221;yes&#8221; custom_css_percentage=&#8221;no&#8221; padding_vertical=&#8221;0&#8243; padding_horizontal=&#8221;0&#8243; margin_vertical=&#8221;0&#8243; custom_css=&#8221;margin-top: 0px;margin-bottom: 0px;&#8221; border_size=&#8221;0&#8243; border_styling_global=&#8221;default&#8221; width=&#8221;1\/1&#8243; el_position=&#8221;first last&#8221;]<\/p>\n<h2>KARMA<\/h2>\n<h4><strong>Mette Frederiksen kaldte Yahya Sinwar en hardcore terrorist \u2013 i dag er der Jude Henri Goldstein d\u00f8d.\u00a0<\/strong><\/h4>\n<p><span class=\"hover:entity-accent entity-underline inline cursor-pointer align-baseline\"><span class=\"whitespace-normal\">Henri Goldstein<\/span><\/span> havde hjerte for K\u00f8benhavn og Jerusalem, siges der. Men hvordan faldet det sammen med hans tavse tilstand over for de pal\u00e6stinenser der bliver udslettet, mens han selv tuder over antisemitisme herhjemme. Hmm, I mine \u00f8jne er han selv en hardcore terrorist.\u00a0<br data-start=\"917\" data-end=\"920\" \/>Set med pakistanske briller og med den skade, hans offentlige udtalelser havde for Sara El-Khatibs liv, er det sv\u00e6rt at beklage hans d\u00f8d. Dog m\u00e5 Allah tilgive hans synder.<\/p>\n<p><em>NB. Jeg skeldner mellem fredelige j\u00f8der og die Juden. Teksten er et perspektiv og en sproglig spejling. Kritikken retter sig mod handlinger og konsekvenser \u2013 ikke mod grupper eller identitet.\u00a0<\/em><\/p>\n<p>[\/spb_text_block] [spb_blank_spacer height=&#8221;30px&#8221; width=&#8221;1\/1&#8243; el_position=&#8221;first last&#8221;] [spb_image image=&#8221;52113&#8243; image_size=&#8221;full&#8221; frame=&#8221;noframe&#8221; caption_pos=&#8221;hover&#8221; remove_rounded=&#8221;yes&#8221; fullwidth=&#8221;no&#8221; overflow_mode=&#8221;none&#8221; link_target=&#8221;_self&#8221; lightbox=&#8221;no&#8221; intro_animation=&#8221;none&#8221; animation_delay=&#8221;200&#8243; width=&#8221;1\/1&#8243; el_position=&#8221;first last&#8221;][\/spb_image] [spb_blank_spacer height=&#8221;30px&#8221; width=&#8221;1\/1&#8243; el_position=&#8221;first last&#8221;] [spb_text_block animation=&#8221;none&#8221; animation_delay=&#8221;0&#8243; simplified_controls=&#8221;yes&#8221; custom_css_percentage=&#8221;no&#8221; padding_vertical=&#8221;0&#8243; padding_horizontal=&#8221;0&#8243; margin_vertical=&#8221;0&#8243; custom_css=&#8221;margin-top: 0px;margin-bottom: 0px;&#8221; border_size=&#8221;0&#8243; border_styling_global=&#8221;default&#8221; width=&#8221;1\/1&#8243; el_position=&#8221;first last&#8221;]<\/p>\n<h2>N\u00c5R MAGTEN SKRIVER NEKROLOGER, SKRIVER DEN OGS\u00c5 HISTORIE<\/h2>\n<p>Vad placerer sig selv \u201clige bag\u201d Goldstein og lader ham \u201cf\u00f8re statsministeren gennem K\u00f8benhavn\u201d. Det er ikke et neutralt billede. Det er en fort\u00e6lling om hvem der g\u00e5r forrest \u2013 og hvem der f\u00e5r lov at definere, hvad Danmark skal mene. N\u00e5r Goldstein samtidig beskrives som central for politiske initiativer, er det ikke kun mindeord. Det er legitimering af had og splittelse, akkurat som han gjorde mod Sara,<\/p>\n<p>[\/spb_text_block] [spb_blank_spacer height=&#8221;30px&#8221; width=&#8221;1\/1&#8243; el_position=&#8221;first last&#8221;] [spb_raw_html width=&#8221;1\/1&#8243; el_position=&#8221;first last&#8221;]JTNDYmxvY2txdW90ZSUyMGNsYXNzJTNEJTIydHdpdHRlci10d2VldCUyMiUyMGRhdGEtdGhlbWUlM0QlMjJkYXJrJTIyJTNFJTNDcCUyMGxhbmclM0QlMjJkYSUyMiUyMGRpciUzRCUyMmx0ciUyMiUzRUplZyUyMGJsZXYlMjByYW10JTIwYWYlMjBlbiUyMHNvcmclMjBpJTIwZyVDMyVBNXIlMjBmb3JtaWRkYWdzLiUzQ2JyJTNFJTNDYnIlM0VIZXIlMjBmaWslMjBqZWclMjBlbiUyMHNtcyUyMG9tJTJDJTIwYXQlMjBIZW5yaSUyMEdvbGRzdGVpbiUyMHZhciUyMGQlQzMlQjhkLiUyMFRlbXBvZXQlMjB2YXIlMjBpa2tlJTIwdGlsJTIwYXQlMjBiZWdyaWJlLiUyMFZpJTIwc2t1bGxlJTIwaGF2ZSUyMGRydWtrZXQlMjBrYWZmZSUyMG1lZCUyMHZvcmVzJTIwJUMzJUE2Z3RlZiVDMyVBNmxsZXIlMjBpJTIwc2lkc3RlJTIwdWdlJTJDJTIwb2clMjBwbHVkc2VsaWclMjB2YXIlMjB2ZXJkZW4lMjB2ZW5kdCUyMHAlQzMlQTUlMjBob3ZlZGV0LiUzQ2JyJTNFJTNDYnIlM0VIZW5yaSUyMHZhciUyMGlra2UlMjBiYXJlJTIwZW4lMjBzdG9yJTIwZm9ybWFuZCUyMGZvciUyMERldCVFMiU4MCVBNiUyMCUzQ2ElMjBocmVmJTNEJTIyaHR0cHMlM0ElMkYlMkZ0LmNvJTJGWnFKeE1JOUFxaiUyMiUzRXBpYy50d2l0dGVyLmNvbSUyRlpxSnhNSTlBcWolM0MlMkZhJTNFJTNDJTJGcCUzRSUyNm1kYXNoJTNCJTIwRnJlZGVyaWslMjBWYWQlMjAlMjglNDBGcmVkZV9WYWQlMjklMjAlM0NhJTIwaHJlZiUzRCUyMmh0dHBzJTNBJTJGJTJGdHdpdHRlci5jb20lMkZGcmVkZV9WYWQlMkZzdGF0dXMlMkYyMDEzMTQ5NjU5MTU0MzMzNzE3JTNGcmVmX3NyYyUzRHR3c3JjJTI1NUV0ZnclMjIlM0VKYW51YXJ5JTIwMTklMkMlMjAyMDI2JTNDJTJGYSUzRSUzQyUyRmJsb2NrcXVvdGUlM0UlMjAlM0NzY3JpcHQlMjBhc3luYyUyMHNyYyUzRCUyMmh0dHBzJTNBJTJGJTJGcGxhdGZvcm0udHdpdHRlci5jb20lMkZ3aWRnZXRzLmpzJTIyJTIwY2hhcnNldCUzRCUyMnV0Zi04JTIyJTNFJTNDJTJGc2NyaXB0JTNF[\/spb_raw_html] [spb_blank_spacer height=&#8221;30px&#8221; width=&#8221;1\/1&#8243; el_position=&#8221;first last&#8221;] [spb_text_block animation=&#8221;none&#8221; animation_delay=&#8221;0&#8243; simplified_controls=&#8221;yes&#8221; custom_css_percentage=&#8221;no&#8221; padding_vertical=&#8221;0&#8243; padding_horizontal=&#8221;0&#8243; margin_vertical=&#8221;0&#8243; custom_css=&#8221;margin-top: 0px;margin-bottom: 0px;&#8221; border_size=&#8221;0&#8243; border_styling_global=&#8221;default&#8221; width=&#8221;1\/1&#8243; el_position=&#8221;first last&#8221;]<\/p>\n<h2 class=\"isSelectedEnd\">PRIVAT N\u00c6RHED \u2013 IKKE KUN POLITIK<\/h2>\n<p class=\"isSelectedEnd\">N\u00e5r Frederik Vad skriver \u201cvi skulle have drukket kaffe med vores \u00e6gtef\u00e6ller\u201d, siger han i praksis, at relationen til Henri Goldstein ikke kun var professionel. Det var en privat aftale om at m\u00f8des som to par: Vad og hans \u00e6gtef\u00e6lle, og Goldstein og hans \u00e6gtef\u00e6lle. Det er et tydeligt signal om personlig n\u00e6rhed og tillid, ikke bare \u201csamarbejde p\u00e5 afstand\u201d.<\/p>\n<p class=\"isSelectedEnd\">I samme opslag placerer Vad Goldstein som mere end en debatt\u00f8r: Goldstein var formand for Det J\u00f8diske Samfund (2019\u20132024) og dermed en central akt\u00f8r i det j\u00f8diske trossamfund\/milj\u00f8 i Danmark. N\u00e5r der tales om, at \u201chan er j\u00f8de\u201d, handler det i den her sammenh\u00e6ng om Goldstein \u2013 ikke om Vad. Opslaget siger ikke, at Frederik Vad selv er j\u00f8de.<\/p>\n<p>Kort sagt: forbindelsen, Vad beskriver, er b\u00e5de privat (relation mellem familier) og politisk (samarbejde med en trossamfundsleder, der if\u00f8lge Vad havde indflydelse p\u00e5 initiativer mod antisemitisme).<\/p>\n<p>[\/spb_text_block] [spb_blank_spacer height=&#8221;30px&#8221; width=&#8221;1\/1&#8243; el_position=&#8221;first last&#8221;] [spb_raw_html width=&#8221;1\/1&#8243; el_position=&#8221;first last&#8221;]JTNDaWZyYW1lJTIwc3JjJTNEJTIyaHR0cHMlM0ElMkYlMkZ3d3cuZmFjZWJvb2suY29tJTJGcGx1Z2lucyUyRnBvc3QucGhwJTNGaHJlZiUzRGh0dHBzJTI1M0ElMjUyRiUyNTJGd3d3LmZhY2Vib29rLmNvbSUyNTJGZnJlZGVyaWt2YWRBJTI1MkZwb3N0cyUyNTJGcGZiaWQwY1k0VUpYRjN2Z1I4b0dmaFZuUVV0czE4bzNqSDVha0ZjZURBbXlKaVMxcHExemNXck5zZnF2ZTFLOXRXU2JyUGwlMjZzaG93X3RleHQlM0R0cnVlJTI2d2lkdGglM0Q1MDAlMjIlMjB3aWR0aCUzRCUyMjUwMCUyMiUyMGhlaWdodCUzRCUyMjQ4MCUyMiUyMHN0eWxlJTNEJTIyYm9yZGVyJTNBbm9uZSUzQm92ZXJmbG93JTNBaGlkZGVuJTIyJTIwc2Nyb2xsaW5nJTNEJTIybm8lMjIlMjBmcmFtZWJvcmRlciUzRCUyMjAlMjIlMjBhbGxvd2Z1bGxzY3JlZW4lM0QlMjJ0cnVlJTIyJTIwYWxsb3clM0QlMjJhdXRvcGxheSUzQiUyMGNsaXBib2FyZC13cml0ZSUzQiUyMGVuY3J5cHRlZC1tZWRpYSUzQiUyMHBpY3R1cmUtaW4tcGljdHVyZSUzQiUyMHdlYi1zaGFyZSUyMiUzRSUzQyUyRmlmcmFtZSUzRQ==[\/spb_raw_html]<\/p>\n","protected":false},"excerpt":{"rendered":"<p>[spb_text_block animation=&#8221;none&#8221; animation_delay=&#8221;0&#8243; simplified_controls=&#8221;yes&#8221; custom_css_percentage=&#8221;no&#8221; padding_vertical=&#8221;0&#8243; padding_horizontal=&#8221;0&#8243; margin_vertical=&#8221;0&#8243; custom_css=&#8221;margin-top: 0px;margin-bottom: 0px;&#8221; border_size=&#8221;0&#8243; border_styling_global=&#8221;default&#8221; width=&#8221;1\/1&#8243; el_position=&#8221;first last&#8221;] KARMA Mette Frederiksen kaldte Yahya Sinwar en hardcore terrorist \u2013 i dag er der Jude Henri Goldstein d\u00f8d.\u00a0 Henri Goldstein havde hjerte for K\u00f8benhavn og Jerusalem, siges der. Men hvordan faldet det sammen med hans tavse tilstand over for de pal\u00e6stinenser der bliver udslettet, [&hellip;]<\/p>\n","protected":false},"author":2,"featured_media":0,"comment_status":"closed","ping_status":"closed","sticky":false,"template":"","format":"standard","meta":{"footnotes":""},"categories":[133],"tags":[],"class_list":["post-56763","post","type-post","status-publish","format-standard","hentry","category-nyheder"],"yoast_head":"<!-- This site is optimized with the Yoast SEO Premium plugin v26.6 (Yoast SEO v27.5) - https:\/\/yoast.com\/product\/yoast-seo-premium-wordpress\/ -->\n<title>Henri Goldstein og Sara El-Khatib \u2013 Et d\u00f8dsfald, der er sv\u00e6rt at beklage<\/title>\n<meta name=\"description\" content=\"Jeg ville \u00f8nske, jeg kunne bruge betegnelsen \u201cHT\u201d, men det er ikke tilladt. Derfor m\u00e5 konsekvenserne tale for sig selv.\" \/>\n<meta name=\"robots\" content=\"index, follow, max-snippet:-1, max-image-preview:large, max-video-preview:-1\" \/>\n<link rel=\"canonical\" href=\"https:\/\/zlcopenhagen.com\/da\/henri-goldstein-sara-el-khatib\/\" \/>\n<meta property=\"og:locale\" content=\"da_DK\" \/>\n<meta property=\"og:type\" content=\"article\" \/>\n<meta property=\"og:title\" content=\"ZLCOPENHAGEN: Danish-Punjabi Ethical Menswear\" \/>\n<meta property=\"og:description\" content=\"ZLCOPENHAGEN merges Danish minimalism with Punjabi pride. Ethical menswear with muscle, message, and meaning. Designed with zidd.\" \/>\n<meta property=\"og:url\" content=\"https:\/\/zlcopenhagen.com\/da\/henri-goldstein-sara-el-khatib\/\" \/>\n<meta property=\"og:site_name\" content=\"zlcopenhagen.com\" \/>\n<meta property=\"article:published_time\" content=\"2026-01-18T21:10:37+00:00\" \/>\n<meta property=\"article:modified_time\" content=\"2026-01-19T19:30:19+00:00\" \/>\n<meta property=\"og:image\" content=\"https:\/\/zlcopenhagen.com\/wp-content\/uploads\/2014\/11\/zlc-.jpg\" \/>\n\t<meta property=\"og:image:width\" content=\"1908\" \/>\n\t<meta property=\"og:image:height\" content=\"1062\" \/>\n\t<meta property=\"og:image:type\" content=\"image\/jpeg\" \/>\n<meta name=\"author\" content=\"ZLC Team\" \/>\n<meta name=\"twitter:card\" content=\"summary_large_image\" \/>\n<meta name=\"twitter:label1\" content=\"Skrevet af\" \/>\n\t<meta name=\"twitter:data1\" content=\"ZLC Team\" \/>\n\t<meta name=\"twitter:label2\" content=\"Estimeret l\u00e6setid\" \/>\n\t<meta name=\"twitter:data2\" content=\"2 minutter\" \/>\n<!-- \/ Yoast SEO Premium plugin. -->","yoast_head_json":{"title":"Henri Goldstein og Sara El-Khatib \u2013 Et d\u00f8dsfald, der er sv\u00e6rt at beklage","description":"Jeg ville \u00f8nske, jeg kunne bruge betegnelsen \u201cHT\u201d, men det er ikke tilladt. Derfor m\u00e5 konsekvenserne tale for sig selv.","robots":{"index":"index","follow":"follow","max-snippet":"max-snippet:-1","max-image-preview":"max-image-preview:large","max-video-preview":"max-video-preview:-1"},"canonical":"https:\/\/zlcopenhagen.com\/da\/henri-goldstein-sara-el-khatib\/","og_locale":"da_DK","og_type":"article","og_title":"ZLCOPENHAGEN: Danish-Punjabi Ethical Menswear","og_description":"ZLCOPENHAGEN merges Danish minimalism with Punjabi pride. Ethical menswear with muscle, message, and meaning. Designed with zidd.","og_url":"https:\/\/zlcopenhagen.com\/da\/henri-goldstein-sara-el-khatib\/","og_site_name":"zlcopenhagen.com","article_published_time":"2026-01-18T21:10:37+00:00","article_modified_time":"2026-01-19T19:30:19+00:00","og_image":[{"width":1908,"height":1062,"url":"https:\/\/zlcopenhagen.com\/wp-content\/uploads\/2014\/11\/zlc-.jpg","type":"image\/jpeg"}],"author":"ZLC Team","twitter_card":"summary_large_image","twitter_misc":{"Skrevet af":"ZLC Team","Estimeret l\u00e6setid":"2 minutter"},"schema":{"@context":"https:\/\/schema.org","@graph":[{"@type":["Article","BlogPosting"],"@id":"https:\/\/zlcopenhagen.com\/da\/henri-goldstein-sara-el-khatib\/#article","isPartOf":{"@id":"https:\/\/zlcopenhagen.com\/da\/henri-goldstein-sara-el-khatib\/"},"author":{"name":"ZLC Team","@id":"https:\/\/zlcopenhagen.com\/#\/schema\/person\/c7ce5649957ac4c1258910e89f0f5fb3"},"headline":"DER JUDE HENRI GOLDSTEIN ER D\u00d8D","datePublished":"2026-01-18T21:10:37+00:00","dateModified":"2026-01-19T19:30:19+00:00","mainEntityOfPage":{"@id":"https:\/\/zlcopenhagen.com\/da\/henri-goldstein-sara-el-khatib\/"},"wordCount":766,"publisher":{"@id":"https:\/\/zlcopenhagen.com\/#organization"},"articleSection":["Nyheder"],"inLanguage":"da-DK","copyrightYear":"2026","copyrightHolder":{"@id":"https:\/\/zlcopenhagen.com\/#organization"}},{"@type":"WebPage","@id":"https:\/\/zlcopenhagen.com\/da\/henri-goldstein-sara-el-khatib\/","url":"https:\/\/zlcopenhagen.com\/da\/henri-goldstein-sara-el-khatib\/","name":"Henri Goldstein og Sara El-Khatib \u2013 Et d\u00f8dsfald, der er sv\u00e6rt at beklage","isPartOf":{"@id":"https:\/\/zlcopenhagen.com\/#website"},"datePublished":"2026-01-18T21:10:37+00:00","dateModified":"2026-01-19T19:30:19+00:00","description":"Jeg ville \u00f8nske, jeg kunne bruge betegnelsen \u201cHT\u201d, men det er ikke tilladt. Derfor m\u00e5 konsekvenserne tale for sig selv.","breadcrumb":{"@id":"https:\/\/zlcopenhagen.com\/da\/henri-goldstein-sara-el-khatib\/#breadcrumb"},"inLanguage":"da-DK","potentialAction":[{"@type":"ReadAction","target":["https:\/\/zlcopenhagen.com\/da\/henri-goldstein-sara-el-khatib\/"]}]},{"@type":"BreadcrumbList","@id":"https:\/\/zlcopenhagen.com\/da\/henri-goldstein-sara-el-khatib\/#breadcrumb","itemListElement":[{"@type":"ListItem","position":1,"name":"Home","item":"https:\/\/zlcopenhagen.com\/da\/"},{"@type":"ListItem","position":2,"name":"DER JUDE HENRI GOLDSTEIN ER D\u00d8D"}]},{"@type":"WebSite","@id":"https:\/\/zlcopenhagen.com\/#website","url":"https:\/\/zlcopenhagen.com\/","name":"zlcopenhagen.com","description":"","publisher":{"@id":"https:\/\/zlcopenhagen.com\/#organization"},"potentialAction":[{"@type":"SearchAction","target":{"@type":"EntryPoint","urlTemplate":"https:\/\/zlcopenhagen.com\/?s={search_term_string}"},"query-input":{"@type":"PropertyValueSpecification","valueRequired":true,"valueName":"search_term_string"}}],"inLanguage":"da-DK"},{"@type":["Organization","Place"],"@id":"https:\/\/zlcopenhagen.com\/#organization","name":"ZLCOPENHAGEN","alternateName":"ZLCOPENHAGEN","url":"https:\/\/zlcopenhagen.com\/","logo":{"@id":"https:\/\/zlcopenhagen.com\/da\/henri-goldstein-sara-el-khatib\/#local-main-organization-logo"},"image":{"@id":"https:\/\/zlcopenhagen.com\/da\/henri-goldstein-sara-el-khatib\/#local-main-organization-logo"},"sameAs":["https:\/\/www.youtube.com\/channel\/UCy7JINwB6DMr2fA9yHpDQJg"],"telephone":[],"openingHoursSpecification":[{"@type":"OpeningHoursSpecification","dayOfWeek":["Monday","Tuesday","Wednesday","Thursday","Friday","Saturday","Sunday"],"opens":"09:00","closes":"17:00"}]},{"@type":"Person","@id":"https:\/\/zlcopenhagen.com\/#\/schema\/person\/c7ce5649957ac4c1258910e89f0f5fb3","name":"ZLC Team","image":{"@type":"ImageObject","inLanguage":"da-DK","@id":"https:\/\/secure.gravatar.com\/avatar\/bb92a8e9bdde1cf2114b74dce44557ee57d3909986eab1422fc34e9cce350044?s=96&d=mm&r=g","url":"https:\/\/secure.gravatar.com\/avatar\/bb92a8e9bdde1cf2114b74dce44557ee57d3909986eab1422fc34e9cce350044?s=96&d=mm&r=g","contentUrl":"https:\/\/secure.gravatar.com\/avatar\/bb92a8e9bdde1cf2114b74dce44557ee57d3909986eab1422fc34e9cce350044?s=96&d=mm&r=g","caption":"ZLC Team"}},{"@type":"ImageObject","inLanguage":"da-DK","@id":"https:\/\/zlcopenhagen.com\/da\/henri-goldstein-sara-el-khatib\/#local-main-organization-logo","url":"https:\/\/zlcopenhagen.com\/wp-content\/uploads\/2016\/05\/blog-logo.jpg","contentUrl":"https:\/\/zlcopenhagen.com\/wp-content\/uploads\/2016\/05\/blog-logo.jpg","width":68,"height":68,"caption":"ZLCOPENHAGEN"}]}},"_links":{"self":[{"href":"https:\/\/zlcopenhagen.com\/da\/wp-json\/wp\/v2\/posts\/56763","targetHints":{"allow":["GET"]}}],"collection":[{"href":"https:\/\/zlcopenhagen.com\/da\/wp-json\/wp\/v2\/posts"}],"about":[{"href":"https:\/\/zlcopenhagen.com\/da\/wp-json\/wp\/v2\/types\/post"}],"author":[{"embeddable":true,"href":"https:\/\/zlcopenhagen.com\/da\/wp-json\/wp\/v2\/users\/2"}],"replies":[{"embeddable":true,"href":"https:\/\/zlcopenhagen.com\/da\/wp-json\/wp\/v2\/comments?post=56763"}],"version-history":[{"count":13,"href":"https:\/\/zlcopenhagen.com\/da\/wp-json\/wp\/v2\/posts\/56763\/revisions"}],"predecessor-version":[{"id":56809,"href":"https:\/\/zlcopenhagen.com\/da\/wp-json\/wp\/v2\/posts\/56763\/revisions\/56809"}],"wp:attachment":[{"href":"https:\/\/zlcopenhagen.com\/da\/wp-json\/wp\/v2\/media?parent=56763"}],"wp:term":[{"taxonomy":"category","embeddable":true,"href":"https:\/\/zlcopenhagen.com\/da\/wp-json\/wp\/v2\/categories?post=56763"},{"taxonomy":"post_tag","embeddable":true,"href":"https:\/\/zlcopenhagen.com\/da\/wp-json\/wp\/v2\/tags?post=56763"}],"curies":[{"name":"wp","href":"https:\/\/api.w.org\/{rel}","templated":true}]}}