{"id":51913,"date":"2025-11-28T17:17:16","date_gmt":"2025-11-28T16:17:16","guid":{"rendered":"https:\/\/zlcopenhagen.com\/?p=51913"},"modified":"2025-12-05T13:24:44","modified_gmt":"2025-12-05T12:24:44","slug":"sandheden-om-7-10-okt-hvad-blev-mette-frederiksen-briefet-med-foer-tv2-klippet","status":"publish","type":"post","link":"https:\/\/zlcopenhagen.com\/da\/sandheden-om-7-10-okt-hvad-blev-mette-frederiksen-briefet-med-foer-tv2-klippet\/","title":{"rendered":"SANDHEDEN OM 7.\u201310. OKT: HVAD BLEV METTE FREDERIKSEN BRIEFET MED F\u00d8R TV2-KLIPPET?"},"content":{"rendered":"<p>[spb_text_block animation=&#8221;none&#8221; animation_delay=&#8221;0&#8243; simplified_controls=&#8221;yes&#8221; custom_css_percentage=&#8221;no&#8221; padding_vertical=&#8221;0&#8243; padding_horizontal=&#8221;0&#8243; margin_vertical=&#8221;0&#8243; custom_css=&#8221;margin-top: 0px;margin-bottom: 0px;&#8221; border_size=&#8221;0&#8243; border_styling_global=&#8221;default&#8221; width=&#8221;1\/1&#8243; el_position=&#8221;first last&#8221;]<\/p>\n<p>stadig under opbygning<\/p>\n<p>Statsministeriet indr\u00f8mmer, at der findes dokumenter om Mettes bes\u00f8g ved Israels ambassade 10. oktober 2023. Men de vigtigste papirer bliver holdt tilbage. Hvem formede linjen i dagene efter 7. oktober \u2014 og hvorfor m\u00e5 vi ikke se det?<\/p>\n<p>Jeg kalder det landsforr\u00e6deri som politisk dom, n\u00e5r en statsminister f\u00f8rer en linje, der fremst\u00e5r ensidig, og hvor centrale udenrigspolitiske dokumenter m\u00f8rkl\u00e6gges. Jeg viser her, hvad der er dokumenteret fra 7.\u201310. oktober 2023 \u2014 og hvad offentligheden stadig ikke m\u00e5 se.<\/p>\n<p>[\/spb_text_block] [spb_text_block animation=&#8221;none&#8221; animation_delay=&#8221;0&#8243; simplified_controls=&#8221;yes&#8221; custom_css_percentage=&#8221;no&#8221; padding_vertical=&#8221;0&#8243; padding_horizontal=&#8221;0&#8243; margin_vertical=&#8221;0&#8243; custom_css=&#8221;margin-top: 0px;margin-bottom: 0px;&#8221; border_size=&#8221;0&#8243; border_styling_global=&#8221;default&#8221; width=&#8221;1\/1&#8243; el_position=&#8221;first last&#8221;]<\/p>\n<h1 data-start=\"270\" data-end=\"329\">HVAD BLEV METTE FREDE RIKSEN BRIEFET MED F\u00d8R TV2-KLIPPET?<\/h1>\n<p data-start=\"331\" data-end=\"733\">Pr. 6. oktober 2023 var 2023 allerede det d\u00f8deligste \u00e5r p\u00e5 Vestbredden for pal\u00e6stinensiske b\u00f8rn siden registreringerne begyndte. Det var dokumenteret f\u00f8r 7. oktober \u2014 og viser hvor eksplosiv situationen var, allerede inden angrebet.\u201d <span class=\"\" data-state=\"closed\"><span class=\"ms-1 inline-flex max-w-full items-center relative top-[-0.094rem] animate-[show_150ms_ease-in]\" data-testid=\"webpage-citation-pill\"><a class=\"flex h-4.5 overflow-hidden rounded-xl px-2 text-[9px] font-medium transition-colors duration-150 ease-in-out text-token-text-secondary! bg-[#F4F4F4]! dark:bg-[#303030]!\" href=\"https:\/\/reliefweb.int\/report\/occupied-palestinian-territory\/2023-marks-deadliest-year-record-children-occupied-west-bank?utm_source=chatgpt.com\" target=\"_blank\" rel=\"noopener\"><span class=\"relative start-0 bottom-0 flex h-full w-full items-center\"><span class=\"flex h-4 w-full items-center justify-between\"><span class=\"max-w-[15ch] grow truncate overflow-hidden text-center\">ReliefWeb<\/span><span class=\"-me-1 flex h-full items-center rounded-full px-1 text-[#8F8F8F]\">+1<\/span><\/span><\/span><\/a><\/span><\/span><\/p>\n<p data-start=\"331\" data-end=\"733\">Efter Hamas\u2019 angreb den 7. oktober 2023 reagerede den danske statsminister ekstremt hurtigt og meget ensidigt i sin framing. Min tese er, at hendes linje i de f\u00f8rste d\u00f8gn fremstod klart pro-israelsk \u2014 og at vi stadig ikke har f\u00e5et svar p\u00e5, hvordan den linje blev formuleret, hvem der briefede hende, og om der var ekstern p\u00e5virkning f\u00f8r hendes fam\u00f8se TV2-reaktion ved Israels ambassade den 10. oktober.<\/p>\n<p data-start=\"735\" data-end=\"870\">Denne artikel er afgr\u00e6nset stramt: <strong data-start=\"770\" data-end=\"846\">kun perioden 7. oktober til og med TV2-situationen den 10. oktober 2023.<\/strong> Alt andet er efterspil.<\/p>\n<hr data-start=\"872\" data-end=\"875\" \/>\n<h2 data-start=\"877\" data-end=\"915\">7. OKTOBER 2023: REAKTIONEN STARTER<\/h2>\n<p data-start=\"917\" data-end=\"1156\">Den 7. oktober sker Hamas\u2019 angreb i Israel. I Danmark kommer de f\u00f8rste politiske reaktioner straks, og regeringens linje l\u00e6gger sig tidligt fast p\u00e5 tre n\u00f8glepunkter: terrorangreb, fuld solidaritet med Israel og Israels ret til selvforsvar.<\/p>\n<p data-start=\"1158\" data-end=\"1319\">Det er i sig selv forventeligt efter et terrorangreb. Men det s\u00e6tter ogs\u00e5 en ramme, der g\u00f8r, at alt hvad der kommer efter, bliver l\u00e6st gennem den ene fort\u00e6lling.<\/p>\n<hr data-start=\"1321\" data-end=\"1324\" \/>\n<h2 data-start=\"1326\" data-end=\"1361\">8.\u20139. OKTOBER 2023: LINJEN L\u00c5SES<\/h2>\n<p data-start=\"1363\" data-end=\"1542\">I dagene efter 7. oktober strammes udmeldingerne yderligere. Fokus er p\u00e5 gidsler, terror og Israels ret til at handle. Den danske regering f\u00f8lger t\u00e6t EU\/USA-linjen p\u00e5 tidspunktet.<\/p>\n<p data-start=\"1544\" data-end=\"1673\">Vi ved ikke offentligt, hvad statsministeren blev briefet med internt i disse d\u00f8gn. Det er pr\u00e6cis det, jeg har s\u00f8gt aktindsigt i.<\/p>\n<hr data-start=\"1675\" data-end=\"1678\" \/>\n<h2 data-start=\"1680\" data-end=\"1726\">10. OKTOBER 2023: AMBASSADEN OG TV2-KLIPPET<\/h2>\n<p data-start=\"1728\" data-end=\"2068\">Den 10. oktober l\u00e6gger Mette Frederiksen blomster ved Israels ambassade i Danmark. Efter markeringen stiller TV2 et sp\u00f8rgsm\u00e5l om, hvorvidt hun vil g\u00f8re noget tilsvarende for pal\u00e6stinensiske civile. Hun afviser sp\u00f8rgsm\u00e5let meget skarpt og kalder det \u201caldeles historiel\u00f8st\u201d at stille det i den situation. <span class=\"\" data-state=\"closed\"><span class=\"ms-1 inline-flex max-w-full items-center relative top-[-0.094rem] animate-[show_150ms_ease-in]\" data-testid=\"webpage-citation-pill\"><a class=\"flex h-4.5 overflow-hidden rounded-xl px-2 text-[9px] font-medium transition-colors duration-150 ease-in-out text-token-text-secondary! bg-[#F4F4F4]! dark:bg-[#303030]!\" href=\"https:\/\/piopio.dk\/mette-frederiksen-langer-ud-efter-journalist-aldeles-historieloest?utm_source=chatgpt.com\" target=\"_blank\" rel=\"noopener\"><span class=\"relative start-0 bottom-0 flex h-full w-full items-center\"><span class=\"flex h-4 w-full items-center justify-between\"><span class=\"max-w-[15ch] grow truncate overflow-hidden text-center\">Netavisen Pio<\/span><span class=\"-me-1 flex h-full items-center rounded-full px-1 text-[#8F8F8F]\">+1<\/span><\/span><\/span><\/a><\/span><\/span><\/p>\n<p data-start=\"2070\" data-end=\"2286\">Uanset hvad man mener om hendes vurdering, er pointen her enkel:<br data-start=\"2134\" data-end=\"2137\" \/><strong data-start=\"2137\" data-end=\"2243\">Det var en voldsom reaktion i et \u00f8jeblik, hvor hun allerede stod i en st\u00e6rkt politisk iscenesat ramme.<\/strong> Sp\u00f8rgsm\u00e5let er: <em data-start=\"2260\" data-end=\"2286\">hvem formulerede rammen?<\/em><\/p>\n<hr data-start=\"2288\" data-end=\"2291\" \/>\n<h2 data-start=\"2293\" data-end=\"2342\">HVAD DER ER DOKUMENTERET \u2014 OG HVAD DER IKKE ER<\/h2>\n<h3 data-start=\"2344\" data-end=\"2370\">Det vi kan dokumentere<\/h3>\n<p data-start=\"2371\" data-end=\"2654\">Statsministeriet har i en afg\u00f8relse bekr\u00e6ftet, at der findes dokumenter om bes\u00f8get ved Israels ambassade den 10. oktober 2023, og givet delvis aktindsigt. <button class=\"ms-1 flex h-[25px] text-[10px] leading-[13px] rounded-xl items-center justify-center gap-1 px-2 relative text-token-text-secondary! hover:text-token-text-primary! hover:bg-token-bg-secondary dark:bg-token-main-surface-secondary dark:hover:bg-token-bg-secondary bg-[#f4f4f4] \"><\/button><\/p>\n<p class=\"not-prose mt-0! mb-0! flex-auto truncate\">Statsministeriets afg\u00f8relse af \u2026<\/p>\n<p data-start=\"2371\" data-end=\"2654\"><button class=\"ms-1 flex h-[25px] text-[10px] leading-[13px] rounded-xl items-center justify-center gap-1 px-2 relative text-token-text-secondary! hover:text-token-text-primary! hover:bg-token-bg-secondary dark:bg-token-main-surface-secondary dark:hover:bg-token-bg-secondary bg-[#f4f4f4] \"><\/button><br data-start=\"2563\" data-end=\"2566\" \/>Det betyder: <strong data-start=\"2579\" data-end=\"2654\">der foreligger internt\/eksternt materiale om planl\u00e6gning og h\u00e5ndtering.<\/strong><\/p>\n<p data-start=\"2656\" data-end=\"2917\">Den eneste konkrete kommunikation jeg selv har f\u00e5et udleveret i sagen, er en intern sms om logistik: hvem der skulle m\u00f8de op ved ambassaden. <button class=\"ms-1 flex h-[25px] text-[10px] leading-[13px] rounded-xl items-center justify-center gap-1 px-2 relative text-token-text-secondary! hover:text-token-text-primary! hover:bg-token-bg-secondary dark:bg-token-main-surface-secondary dark:hover:bg-token-bg-secondary bg-[#f4f4f4] \"><\/button><\/p>\n<p class=\"not-prose mt-0! mb-0! flex-auto truncate\">Statsministeriets afg\u00f8relse af \u2026<\/p>\n<p data-start=\"2656\" data-end=\"2917\"><button class=\"ms-1 flex h-[25px] text-[10px] leading-[13px] rounded-xl items-center justify-center gap-1 px-2 relative text-token-text-secondary! hover:text-token-text-primary! hover:bg-token-bg-secondary dark:bg-token-main-surface-secondary dark:hover:bg-token-bg-secondary bg-[#f4f4f4] \"><\/button><br data-start=\"2834\" data-end=\"2837\" \/>Sms\u2019en dokumenterer intern koordinering, men siger intet om briefingens indhold.<\/p>\n<h3 data-start=\"2919\" data-end=\"2961\">Det vi ikke kan dokumentere offentligt<\/h3>\n<p data-start=\"2962\" data-end=\"3016\">Statsministeriet undtager centrale dele af materialet:<\/p>\n<ul data-start=\"3018\" data-end=\"3295\">\n<li data-start=\"3018\" data-end=\"3139\">\n<p data-start=\"3020\" data-end=\"3139\"><strong data-start=\"3020\" data-end=\"3059\">Interne dokumenter om planl\u00e6gningen<\/strong> undtages efter offentlighedslovens \u00a723. <button class=\"ms-1 flex h-[25px] text-[10px] leading-[13px] rounded-xl items-center justify-center gap-1 px-2 relative text-token-text-secondary! hover:text-token-text-primary! hover:bg-token-bg-secondary dark:bg-token-main-surface-secondary dark:hover:bg-token-bg-secondary bg-[#f4f4f4] \"><\/button><\/p>\n<p class=\"not-prose mt-0! mb-0! flex-auto truncate\">Statsministeriets afg\u00f8relse af \u2026<\/p>\n<\/li>\n<li data-start=\"3140\" data-end=\"3295\">\n<p data-start=\"3142\" data-end=\"3295\"><strong data-start=\"3142\" data-end=\"3165\">Eksterne dokumenter<\/strong> undtages efter \u00a732 med henvisning til udenrigspolitiske hensyn og forventet fortrolighed. <button class=\"ms-1 flex h-[25px] text-[10px] leading-[13px] rounded-xl items-center justify-center gap-1 px-2 relative text-token-text-secondary! hover:text-token-text-primary! hover:bg-token-bg-secondary dark:bg-token-main-surface-secondary dark:hover:bg-token-bg-secondary bg-[#f4f4f4] \"><\/button><\/p>\n<p class=\"not-prose mt-0! mb-0! flex-auto truncate\">Statsministeriets afg\u00f8relse af \u2026<\/p>\n<\/li>\n<\/ul>\n<p data-start=\"3297\" data-end=\"3350\">Det betyder i praksis, at offentligheden ikke kan se:<\/p>\n<ol data-start=\"3351\" data-end=\"3535\">\n<li data-start=\"3351\" data-end=\"3409\">\n<p data-start=\"3354\" data-end=\"3409\">hvilke talepunkter\/briefinger der l\u00e5 bag hendes linje<\/p>\n<\/li>\n<li data-start=\"3410\" data-end=\"3471\">\n<p data-start=\"3413\" data-end=\"3471\">hvilke eksterne kontakter der kan have v\u00e6ret f\u00f8r bes\u00f8get<\/p>\n<\/li>\n<li data-start=\"3472\" data-end=\"3535\">\n<p data-start=\"3475\" data-end=\"3535\">hvordan man p\u00e5 forh\u00e5nd forventede at h\u00e5ndtere mediesp\u00f8rgsm\u00e5l<\/p>\n<\/li>\n<\/ol>\n<hr data-start=\"3537\" data-end=\"3540\" \/>\n<h2 data-start=\"3542\" data-end=\"3600\">STATSMINISTERIETS SVAR: PROCEDURE I STEDET FOR SUBSTANS<\/h2>\n<p data-start=\"3602\" data-end=\"3667\">I flere efterf\u00f8lgende breve gentager Statsministeriet et m\u00f8nster:<\/p>\n<ul data-start=\"3669\" data-end=\"3913\">\n<li data-start=\"3669\" data-end=\"3777\">\n<p data-start=\"3671\" data-end=\"3777\">de skriver, at <strong data-start=\"3686\" data-end=\"3755\">offentlighedsloven ikke giver ret til svar p\u00e5 politiske sp\u00f8rgsm\u00e5l<\/strong>, kun til dokumenter<\/p>\n<\/li>\n<li data-start=\"3778\" data-end=\"3827\">\n<p data-start=\"3780\" data-end=\"3827\">de <strong data-start=\"3783\" data-end=\"3825\">henholder sig til tidligere afg\u00f8relser<\/strong><\/p>\n<\/li>\n<li data-start=\"3828\" data-end=\"3913\">\n<p data-start=\"3830\" data-end=\"3913\">og de sender sp\u00f8rgsm\u00e5l videre til Udenrigsministeriet i stedet for selv at svare<\/p>\n<\/li>\n<\/ul>\n<p data-start=\"3915\" data-end=\"4247\">Jeg anerkender, at min tidlige anmodning var for bred. Derfor har jeg nu fremsendt en m\u00e5lrettet aktindsigt for perioden 7.\u201310. oktober 2023, hvor jeg alene beder om dokumenter i Statsministeriets besiddelse (briefingmateriale, kontakt med ambassaden, kalender-\/opkaldsmetadata og s\u00f8gestrategi). <button class=\"ms-1 flex h-[25px] text-[10px] leading-[13px] rounded-xl items-center justify-center gap-1 px-2 relative text-token-text-secondary! hover:text-token-text-primary! hover:bg-token-bg-secondary dark:bg-token-main-surface-secondary dark:hover:bg-token-bg-secondary bg-[#f4f4f4] \"><\/button><\/p>\n<p class=\"not-prose mt-0! mb-0! flex-auto truncate\">Statsministeriets afg\u00f8relse af \u2026<\/p>\n<hr data-start=\"4249\" data-end=\"4252\" \/>\n<h2 data-start=\"4254\" data-end=\"4305\">MIN TESE: ENSIDIGHED OG MULIG EKSTERN P\u00c5VIRKNING<\/h2>\n<p data-start=\"4307\" data-end=\"4311\">N\u00e5r:<\/p>\n<ul data-start=\"4312\" data-end=\"4492\">\n<li data-start=\"4312\" data-end=\"4357\">\n<p data-start=\"4314\" data-end=\"4357\">linjen er ekstremt stram i de f\u00f8rste d\u00f8gn<\/p>\n<\/li>\n<li data-start=\"4358\" data-end=\"4412\">\n<p data-start=\"4360\" data-end=\"4412\">statsministeren reagerer s\u00e5 kraftigt i TV2-klippet<\/p>\n<\/li>\n<li data-start=\"4413\" data-end=\"4492\">\n<p data-start=\"4415\" data-end=\"4492\">Statsministeriet bekr\u00e6fter dokumenter findes, men undtager de centrale dele<\/p>\n<\/li>\n<\/ul>\n<p data-start=\"4494\" data-end=\"4558\">\u2026 s\u00e5 rejser det et legitimt og n\u00f8dvendigt demokratisk sp\u00f8rgsm\u00e5l:<\/p>\n<p data-start=\"4560\" data-end=\"4770\"><strong data-start=\"4560\" data-end=\"4770\">Var statsministerens framing i dagene 7.\u201310. oktober udelukkende et dansk regeringsprodukt, eller indgik der ekstern p\u00e5virkning\/briefing fra israelske interessenter forud for markeringen og TV2-situationen?<\/strong><\/p>\n<p data-start=\"4772\" data-end=\"4907\">Jeg p\u00e5st\u00e5r ikke at kende motivet. Jeg l\u00e6gger et dokumenteret forl\u00f8b frem, og efterlyser indsigten, der kan af- eller bekr\u00e6fte min tese.<\/p>\n<hr data-start=\"4909\" data-end=\"4912\" \/>\n<h2 data-start=\"4914\" data-end=\"4961\">EFTERSPIL 2024: HVORFOR JEG SP\u00d8RGER S\u00c5 H\u00c5RDT<\/h2>\n<p data-start=\"4963\" data-end=\"5259\">Efter at jeg s\u00f8gte aktindsigt og stillede kritiske sp\u00f8rgsm\u00e5l, oplevede jeg et forl\u00f8b i 2024, hvor politiet kontaktede min l\u00e6ge og senere frihedsber\u00f8vede mig. Jeg har derfor spurgt Statsministeriet direkte, om de kan afkr\u00e6fte enhver sammenh\u00e6ng mellem min henvendelse og efterf\u00f8lgende polititiltag.<\/p>\n<p data-start=\"5261\" data-end=\"5497\">Statsministeriet bekr\u00e6fter i en anden afg\u00f8relse, at der findes materiale om oplysninger videregivet fra Statsministeriet til politiet i min sag, men undtager alt efter \u00a719 og n\u00e6gter ogs\u00e5 aktliste. <button class=\"ms-1 flex h-[25px] text-[10px] leading-[13px] rounded-xl items-center justify-center gap-1 px-2 relative text-token-text-secondary! hover:text-token-text-primary! hover:bg-token-bg-secondary dark:bg-token-main-surface-secondary dark:hover:bg-token-bg-secondary bg-[#f4f4f4] \"><\/button><\/p>\n<p class=\"not-prose mt-0! mb-0! flex-auto truncate\">Statsministeriets afg\u00f8relse af \u2026<\/p>\n<p data-start=\"5499\" data-end=\"5688\">Det beviser ikke i sig selv en \u00e5rsagssammenh\u00e6ng \u2014 men det betyder, at offentligheden ikke kan se, hvad der blev sendt, hvorn\u00e5r, og p\u00e5 hvilket grundlag. Derfor st\u00e5r sp\u00f8rgsm\u00e5let stadig \u00e5bent.<\/p>\n<hr data-start=\"5690\" data-end=\"5693\" \/>\n<h2 data-start=\"5695\" data-end=\"5734\">BILAG: MIT BREV AF 22. NOVEMBER 2024<\/h2>\n<p data-start=\"5736\" data-end=\"6007\">Jeg offentligg\u00f8r ogs\u00e5 mit brev til statsministeren af 22. november 2024, hvor jeg brugte en meget h\u00e5rd politisk formulering. Det brev er skrevet i frustration over det, jeg oplever som regeringens ensidighed og manglende respekt for Danmarks internationale forpligtelser.<\/p>\n<p data-start=\"6009\" data-end=\"6158\">I denne artikel holder jeg mig til dokumenter og tidslinje 7.\u201310. oktober 2023 og bruger brevet som baggrund for, hvorfor jeg kr\u00e6ver gennemsigtighed.<\/p>\n<p data-start=\"6160\" data-end=\"6207\">(Brevet ligger her som bilag nederst p\u00e5 siden.)<\/p>\n<hr data-start=\"6209\" data-end=\"6212\" \/>\n<h2 data-start=\"6214\" data-end=\"6256\">KONKLUSION: DOKUMENTERNE MANGLER STADIG<\/h2>\n<p data-start=\"6258\" data-end=\"6281\">Vi kan dokumentere, at:<\/p>\n<ul data-start=\"6282\" data-end=\"6531\">\n<li data-start=\"6282\" data-end=\"6338\">\n<p data-start=\"6284\" data-end=\"6338\">der findes materiale om bes\u00f8get den 10. oktober 2023<\/p>\n<\/li>\n<li data-start=\"6339\" data-end=\"6396\">\n<p data-start=\"6341\" data-end=\"6396\">de centrale dele undtages (internt \u00a723, eksternt \u00a732)<\/p>\n<\/li>\n<li data-start=\"6397\" data-end=\"6445\">\n<p data-start=\"6399\" data-end=\"6445\">jeg kun har f\u00e5et logistisk sms-kommunikation<\/p>\n<\/li>\n<li data-start=\"6446\" data-end=\"6531\">\n<p data-start=\"6448\" data-end=\"6531\">Statsministeriet svarer prim\u00e6rt med procedure og henvisninger til andre myndigheder<\/p>\n<\/li>\n<\/ul>\n<p data-start=\"6533\" data-end=\"6583\">Derfor st\u00e5r det centrale sp\u00f8rgsm\u00e5l stadig tilbage:<\/p>\n<p data-start=\"6585\" data-end=\"6711\"><strong data-start=\"6585\" data-end=\"6711\">Hvad blev Mette Frederiksen briefet med i dagene 7.\u201310. oktober 2023, og hvem var med til at forme linjen f\u00f8r TV2-klippet?<\/strong><\/p>\n<p data-start=\"6713\" data-end=\"6777\">Det er pr\u00e6cis det, den nye m\u00e5lrettede aktindsigt kr\u00e6ver svar p\u00e5.<\/p>\n<p>[\/spb_text_block]<\/p>\n","protected":false},"excerpt":{"rendered":"<p>[spb_text_block animation=&#8221;none&#8221; animation_delay=&#8221;0&#8243; simplified_controls=&#8221;yes&#8221; custom_css_percentage=&#8221;no&#8221; padding_vertical=&#8221;0&#8243; padding_horizontal=&#8221;0&#8243; margin_vertical=&#8221;0&#8243; custom_css=&#8221;margin-top: 0px;margin-bottom: 0px;&#8221; border_size=&#8221;0&#8243; border_styling_global=&#8221;default&#8221; width=&#8221;1\/1&#8243; el_position=&#8221;first last&#8221;] stadig under opbygning Statsministeriet indr\u00f8mmer, at der findes dokumenter om Mettes bes\u00f8g ved Israels ambassade 10. oktober 2023. Men de vigtigste papirer bliver holdt tilbage. Hvem formede linjen i dagene efter 7. oktober \u2014 og hvorfor m\u00e5 vi ikke se det? Jeg kalder det [&hellip;]<\/p>\n","protected":false},"author":2,"featured_media":0,"comment_status":"closed","ping_status":"closed","sticky":false,"template":"","format":"standard","meta":{"footnotes":""},"categories":[133],"tags":[],"class_list":["post-51913","post","type-post","status-publish","format-standard","hentry","category-nyheder"],"yoast_head":"<!-- This site is optimized with the Yoast SEO Premium plugin v26.6 (Yoast SEO v27.5) - https:\/\/yoast.com\/product\/yoast-seo-premium-wordpress\/ -->\n<title>SANDHEDEN OM 7.\u201310. OKT: HVAD BLEV METTE FREDERIKSEN BRIEFET MED F\u00d8R TV2-KLIPPET?<\/title>\n<meta name=\"description\" content=\"ZLCOPENHAGEN merges Danish minimalism with Punjabi pride. Ethical menswear with muscle, message, and meaning. Designed with zidd.\" \/>\n<meta name=\"robots\" content=\"index, follow, max-snippet:-1, max-image-preview:large, max-video-preview:-1\" \/>\n<link rel=\"canonical\" href=\"https:\/\/zlcopenhagen.com\/da\/sandheden-om-7-10-okt-hvad-blev-mette-frederiksen-briefet-med-foer-tv2-klippet\/\" \/>\n<meta property=\"og:locale\" content=\"da_DK\" \/>\n<meta property=\"og:type\" content=\"article\" \/>\n<meta property=\"og:title\" content=\"ZLCOPENHAGEN: Danish-Punjabi Ethical Menswear\" \/>\n<meta property=\"og:description\" content=\"ZLCOPENHAGEN merges Danish minimalism with Punjabi pride. Ethical menswear with muscle, message, and meaning. Designed with zidd.\" \/>\n<meta property=\"og:url\" content=\"https:\/\/zlcopenhagen.com\/da\/sandheden-om-7-10-okt-hvad-blev-mette-frederiksen-briefet-med-foer-tv2-klippet\/\" \/>\n<meta property=\"og:site_name\" content=\"zlcopenhagen.com\" \/>\n<meta property=\"article:published_time\" content=\"2025-11-28T16:17:16+00:00\" \/>\n<meta property=\"article:modified_time\" content=\"2025-12-05T12:24:44+00:00\" \/>\n<meta property=\"og:image\" content=\"https:\/\/zlcopenhagen.com\/wp-content\/uploads\/2014\/11\/zlc-.jpg\" \/>\n\t<meta property=\"og:image:width\" content=\"1908\" \/>\n\t<meta property=\"og:image:height\" content=\"1062\" \/>\n\t<meta property=\"og:image:type\" content=\"image\/jpeg\" \/>\n<meta name=\"author\" content=\"ZLC Team\" \/>\n<meta name=\"twitter:card\" content=\"summary_large_image\" \/>\n<meta name=\"twitter:label1\" content=\"Skrevet af\" \/>\n\t<meta name=\"twitter:data1\" content=\"ZLC Team\" \/>\n\t<meta name=\"twitter:label2\" content=\"Estimeret l\u00e6setid\" \/>\n\t<meta name=\"twitter:data2\" content=\"5 minutter\" \/>\n<!-- \/ Yoast SEO Premium plugin. -->","yoast_head_json":{"title":"SANDHEDEN OM 7.\u201310. OKT: HVAD BLEV METTE FREDERIKSEN BRIEFET MED F\u00d8R TV2-KLIPPET?","description":"ZLCOPENHAGEN merges Danish minimalism with Punjabi pride. Ethical menswear with muscle, message, and meaning. Designed with zidd.","robots":{"index":"index","follow":"follow","max-snippet":"max-snippet:-1","max-image-preview":"max-image-preview:large","max-video-preview":"max-video-preview:-1"},"canonical":"https:\/\/zlcopenhagen.com\/da\/sandheden-om-7-10-okt-hvad-blev-mette-frederiksen-briefet-med-foer-tv2-klippet\/","og_locale":"da_DK","og_type":"article","og_title":"ZLCOPENHAGEN: Danish-Punjabi Ethical Menswear","og_description":"ZLCOPENHAGEN merges Danish minimalism with Punjabi pride. Ethical menswear with muscle, message, and meaning. Designed with zidd.","og_url":"https:\/\/zlcopenhagen.com\/da\/sandheden-om-7-10-okt-hvad-blev-mette-frederiksen-briefet-med-foer-tv2-klippet\/","og_site_name":"zlcopenhagen.com","article_published_time":"2025-11-28T16:17:16+00:00","article_modified_time":"2025-12-05T12:24:44+00:00","og_image":[{"width":1908,"height":1062,"url":"https:\/\/zlcopenhagen.com\/wp-content\/uploads\/2014\/11\/zlc-.jpg","type":"image\/jpeg"}],"author":"ZLC Team","twitter_card":"summary_large_image","twitter_misc":{"Skrevet af":"ZLC Team","Estimeret l\u00e6setid":"5 minutter"},"schema":{"@context":"https:\/\/schema.org","@graph":[{"@type":["Article","BlogPosting"],"@id":"https:\/\/zlcopenhagen.com\/da\/sandheden-om-7-10-okt-hvad-blev-mette-frederiksen-briefet-med-foer-tv2-klippet\/#article","isPartOf":{"@id":"https:\/\/zlcopenhagen.com\/da\/sandheden-om-7-10-okt-hvad-blev-mette-frederiksen-briefet-med-foer-tv2-klippet\/"},"author":{"name":"ZLC Team","@id":"https:\/\/zlcopenhagen.com\/#\/schema\/person\/c7ce5649957ac4c1258910e89f0f5fb3"},"headline":"SANDHEDEN OM 7.\u201310. OKT: HVAD BLEV METTE FREDERIKSEN BRIEFET MED F\u00d8R TV2-KLIPPET?","datePublished":"2025-11-28T16:17:16+00:00","dateModified":"2025-12-05T12:24:44+00:00","mainEntityOfPage":{"@id":"https:\/\/zlcopenhagen.com\/da\/sandheden-om-7-10-okt-hvad-blev-mette-frederiksen-briefet-med-foer-tv2-klippet\/"},"wordCount":1202,"publisher":{"@id":"https:\/\/zlcopenhagen.com\/#organization"},"articleSection":["Nyheder"],"inLanguage":"da-DK","copyrightYear":"2025","copyrightHolder":{"@id":"https:\/\/zlcopenhagen.com\/#organization"}},{"@type":"WebPage","@id":"https:\/\/zlcopenhagen.com\/da\/sandheden-om-7-10-okt-hvad-blev-mette-frederiksen-briefet-med-foer-tv2-klippet\/","url":"https:\/\/zlcopenhagen.com\/da\/sandheden-om-7-10-okt-hvad-blev-mette-frederiksen-briefet-med-foer-tv2-klippet\/","name":"SANDHEDEN OM 7.\u201310. OKT: HVAD BLEV METTE FREDERIKSEN BRIEFET MED F\u00d8R TV2-KLIPPET?","isPartOf":{"@id":"https:\/\/zlcopenhagen.com\/#website"},"datePublished":"2025-11-28T16:17:16+00:00","dateModified":"2025-12-05T12:24:44+00:00","description":"ZLCOPENHAGEN merges Danish minimalism with Punjabi pride. Ethical menswear with muscle, message, and meaning. Designed with zidd.","breadcrumb":{"@id":"https:\/\/zlcopenhagen.com\/da\/sandheden-om-7-10-okt-hvad-blev-mette-frederiksen-briefet-med-foer-tv2-klippet\/#breadcrumb"},"inLanguage":"da-DK","potentialAction":[{"@type":"ReadAction","target":["https:\/\/zlcopenhagen.com\/da\/sandheden-om-7-10-okt-hvad-blev-mette-frederiksen-briefet-med-foer-tv2-klippet\/"]}]},{"@type":"BreadcrumbList","@id":"https:\/\/zlcopenhagen.com\/da\/sandheden-om-7-10-okt-hvad-blev-mette-frederiksen-briefet-med-foer-tv2-klippet\/#breadcrumb","itemListElement":[{"@type":"ListItem","position":1,"name":"Home","item":"https:\/\/zlcopenhagen.com\/da\/"},{"@type":"ListItem","position":2,"name":"SANDHEDEN OM 7.\u201310. OKT: HVAD BLEV METTE FREDERIKSEN BRIEFET MED F\u00d8R TV2-KLIPPET?"}]},{"@type":"WebSite","@id":"https:\/\/zlcopenhagen.com\/#website","url":"https:\/\/zlcopenhagen.com\/","name":"zlcopenhagen.com","description":"","publisher":{"@id":"https:\/\/zlcopenhagen.com\/#organization"},"potentialAction":[{"@type":"SearchAction","target":{"@type":"EntryPoint","urlTemplate":"https:\/\/zlcopenhagen.com\/?s={search_term_string}"},"query-input":{"@type":"PropertyValueSpecification","valueRequired":true,"valueName":"search_term_string"}}],"inLanguage":"da-DK"},{"@type":["Organization","Place"],"@id":"https:\/\/zlcopenhagen.com\/#organization","name":"ZLCOPENHAGEN","alternateName":"ZLCOPENHAGEN","url":"https:\/\/zlcopenhagen.com\/","logo":{"@id":"https:\/\/zlcopenhagen.com\/da\/sandheden-om-7-10-okt-hvad-blev-mette-frederiksen-briefet-med-foer-tv2-klippet\/#local-main-organization-logo"},"image":{"@id":"https:\/\/zlcopenhagen.com\/da\/sandheden-om-7-10-okt-hvad-blev-mette-frederiksen-briefet-med-foer-tv2-klippet\/#local-main-organization-logo"},"sameAs":["https:\/\/www.youtube.com\/channel\/UCy7JINwB6DMr2fA9yHpDQJg"],"telephone":[],"openingHoursSpecification":[{"@type":"OpeningHoursSpecification","dayOfWeek":["Monday","Tuesday","Wednesday","Thursday","Friday","Saturday","Sunday"],"opens":"09:00","closes":"17:00"}]},{"@type":"Person","@id":"https:\/\/zlcopenhagen.com\/#\/schema\/person\/c7ce5649957ac4c1258910e89f0f5fb3","name":"ZLC Team","image":{"@type":"ImageObject","inLanguage":"da-DK","@id":"https:\/\/secure.gravatar.com\/avatar\/bb92a8e9bdde1cf2114b74dce44557ee57d3909986eab1422fc34e9cce350044?s=96&d=mm&r=g","url":"https:\/\/secure.gravatar.com\/avatar\/bb92a8e9bdde1cf2114b74dce44557ee57d3909986eab1422fc34e9cce350044?s=96&d=mm&r=g","contentUrl":"https:\/\/secure.gravatar.com\/avatar\/bb92a8e9bdde1cf2114b74dce44557ee57d3909986eab1422fc34e9cce350044?s=96&d=mm&r=g","caption":"ZLC Team"}},{"@type":"ImageObject","inLanguage":"da-DK","@id":"https:\/\/zlcopenhagen.com\/da\/sandheden-om-7-10-okt-hvad-blev-mette-frederiksen-briefet-med-foer-tv2-klippet\/#local-main-organization-logo","url":"https:\/\/zlcopenhagen.com\/wp-content\/uploads\/2016\/05\/blog-logo.jpg","contentUrl":"https:\/\/zlcopenhagen.com\/wp-content\/uploads\/2016\/05\/blog-logo.jpg","width":68,"height":68,"caption":"ZLCOPENHAGEN"}]}},"_links":{"self":[{"href":"https:\/\/zlcopenhagen.com\/da\/wp-json\/wp\/v2\/posts\/51913","targetHints":{"allow":["GET"]}}],"collection":[{"href":"https:\/\/zlcopenhagen.com\/da\/wp-json\/wp\/v2\/posts"}],"about":[{"href":"https:\/\/zlcopenhagen.com\/da\/wp-json\/wp\/v2\/types\/post"}],"author":[{"embeddable":true,"href":"https:\/\/zlcopenhagen.com\/da\/wp-json\/wp\/v2\/users\/2"}],"replies":[{"embeddable":true,"href":"https:\/\/zlcopenhagen.com\/da\/wp-json\/wp\/v2\/comments?post=51913"}],"version-history":[{"count":5,"href":"https:\/\/zlcopenhagen.com\/da\/wp-json\/wp\/v2\/posts\/51913\/revisions"}],"predecessor-version":[{"id":52131,"href":"https:\/\/zlcopenhagen.com\/da\/wp-json\/wp\/v2\/posts\/51913\/revisions\/52131"}],"wp:attachment":[{"href":"https:\/\/zlcopenhagen.com\/da\/wp-json\/wp\/v2\/media?parent=51913"}],"wp:term":[{"taxonomy":"category","embeddable":true,"href":"https:\/\/zlcopenhagen.com\/da\/wp-json\/wp\/v2\/categories?post=51913"},{"taxonomy":"post_tag","embeddable":true,"href":"https:\/\/zlcopenhagen.com\/da\/wp-json\/wp\/v2\/tags?post=51913"}],"curies":[{"name":"wp","href":"https:\/\/api.w.org\/{rel}","templated":true}]}}