{"id":51308,"date":"2025-11-11T10:11:17","date_gmt":"2025-11-11T09:11:17","guid":{"rendered":"https:\/\/zlcopenhagen.com\/?p=51308"},"modified":"2025-12-10T04:18:22","modified_gmt":"2025-12-10T03:18:22","slug":"mette-frederiksens-bror-hydrema-minerydning","status":"publish","type":"post","link":"https:\/\/zlcopenhagen.com\/da\/mette-frederiksens-bror-hydrema-minerydning\/","title":{"rendered":"HVEM ER METTES BROR \u2013 OG HVORFOR TIER STATSMINISTERIET OM HYDREMA OG MINERYDNING"},"content":{"rendered":"<p>[spb_text_block animation=&#8221;none&#8221; animation_delay=&#8221;0&#8243; simplified_controls=&#8221;yes&#8221; custom_css_percentage=&#8221;no&#8221; padding_vertical=&#8221;0&#8243; padding_horizontal=&#8221;0&#8243; margin_vertical=&#8221;0&#8243; custom_css=&#8221;margin-top: 0px;margin-bottom: 0px;&#8221; border_size=&#8221;0&#8243; border_styling_global=&#8221;default&#8221; width=&#8221;1\/1&#8243; el_position=&#8221;first last&#8221;]<\/p>\n<h2>HVORFOR BLEV MIN L\u00c6GE KONTAKTET TRE DAGE EFTER MIN AGTINDSIGT TIL STATSMINISTERIET?<\/h2>\n<p><strong>Et m\u00e6rkeligt sammenfald: aktindsigt den 23. september, l\u00e6geopkald den 26. september 2024. Hvem er mette frederiksens bror?<\/strong><\/p>\n<p>En borger kr\u00e6ver indsigt i, hvordan Statsministeriet h\u00e5ndterer forbindelser mellem <strong data-start=\"352\" data-end=\"460\"><a class=\"decorated-link\" href=\"https:\/\/zlcopenhagen.com\/da\/mettes-bror-scorer-millioner-paa-hendes-krigsfantasier\/\" target=\"_new\" rel=\"noopener\" data-start=\"354\" data-end=\"458\">Mette Frederiksen<\/a><\/strong>, hendes bror <strong data-start=\"474\" data-end=\"493\">Per Frederiksen<\/strong> og virksomheden <strong data-start=\"510\" data-end=\"521\">Hydrema<\/strong>.<br data-start=\"522\" data-end=\"525\" \/>Fejl i sagsdatoer, tavshed fra ministeriet og nye sp\u00f8rgsm\u00e5l til <strong data-start=\"591\" data-end=\"685\" data-is-only-node=\"\"><a class=\"decorated-link\" href=\"https:\/\/zlcopenhagen.com\/da\/henrik-skovgaard-petersen-israel\/\" target=\"_new\" rel=\"noopener\" data-start=\"593\" data-end=\"683\">Henrik Skovgaard-Petersen<\/a><\/strong> kaster lys over et net af relationer, der str\u00e6kker sig fra regeringen til industrien.<br data-start=\"771\" data-end=\"774\" \/>Samtidig st\u00e5r Mette Frederiksen i centrum for kritik af sin udenrigspolitiske linje, som tidligere vist i <strong data-start=\"882\" data-end=\"1045\"><a class=\"decorated-link\" href=\"https:\/\/zlcopenhagen.com\/da\/mette-frederiksen-meloni-brev-konventioner-menneskerettigheder\/\" target=\"_new\" rel=\"noopener\" data-start=\"884\" data-end=\"1043\">brevet til Giorgia Meloni om konventioner og menneskerettigheder<\/a><\/strong>.<\/p>\n<p>[\/spb_text_block] [spb_blank_spacer height=&#8221;30px&#8221; width=&#8221;1\/1&#8243; el_position=&#8221;first last&#8221;] [spb_image image=&#8221;50676&#8243; image_size=&#8221;full&#8221; frame=&#8221;noframe&#8221; caption_pos=&#8221;hover&#8221; remove_rounded=&#8221;yes&#8221; fullwidth=&#8221;no&#8221; overflow_mode=&#8221;none&#8221; link_target=&#8221;_self&#8221; lightbox=&#8221;no&#8221; intro_animation=&#8221;none&#8221; animation_delay=&#8221;200&#8243; width=&#8221;1\/1&#8243; el_position=&#8221;first last&#8221;][\/spb_image] [spb_text_block animation=&#8221;none&#8221; animation_delay=&#8221;0&#8243; simplified_controls=&#8221;yes&#8221; custom_css_percentage=&#8221;no&#8221; padding_vertical=&#8221;0&#8243; padding_horizontal=&#8221;0&#8243; margin_vertical=&#8221;0&#8243; custom_css=&#8221;margin-top: 0px;margin-bottom: 0px;&#8221; border_size=&#8221;0&#8243; border_styling_global=&#8221;default&#8221; width=&#8221;1\/1&#8243; el_position=&#8221;first last&#8221;]<\/p>\n<h3>FEJL, TAVSHED OG FORBINDELSER: NYE SP\u00d8RGSM\u00c5L TIL HENRIK SKOVGAARD-PETERSEN OG STATSMINISTERIET<\/h3>\n<h3>Til: Statsministeriet<\/h3>\n<p>Prins J\u00f8rgens G\u00e5rd 11<br \/>\n1218 K\u00f8benhavn K<br \/>\nE-mail: <a href=\"mailto:stm@stm.dk\">stm@stm.dk<\/a><\/p>\n<p><strong>Fra:<\/strong> Zahid Latif<br \/>\n<strong>Emne:<\/strong> Udvidet anmodning om aktindsigt \u2013 forbindelser mellem Statsministeriet, Mette Frederiksen og hendes bror Per Frederiksen (Hydrema og minerydning)<\/p>\n<hr \/>\n<h3>Hvem er Mette Frederiksens bror, og hvorfor n\u00e6vnes Hydrema?<\/h3>\n<p>Jeg s\u00f8ger hermed aktindsigt i oplysninger om <strong>Mette Frederiksens bror<\/strong>, <strong>Per Frederiksen<\/strong>, og hans tilknytning til virksomheden <strong>Hydrema<\/strong>, som producerer udstyr inden for <strong>minerydning<\/strong> og forsvarsteknologi.<\/p>\n<p>Jeg henviser til Statsministeriets afg\u00f8relse af <strong>15. maj 2025<\/strong>, underskrevet af <strong>Henrik Skovgaard-Petersen<\/strong>, hvor ministeriet oplyser, at der ikke findes registrerede oplysninger i deres systemer om <strong>Per Frederiksen<\/strong> eller <strong>Hydrema<\/strong>.<br \/>\nJeg anmoder hermed om en opdateret gennemgang for perioden <strong>2022\u20132025<\/strong> for at sikre, at dette fortsat er korrekt.<\/p>\n<hr \/>\n<h3>Hvad laver Mette Frederiksens bror?<\/h3>\n<p>Offentligheden s\u00f8ger i stigende grad viden om <strong>Mette Frederiksens bror og hans arbejde<\/strong>. Jeg beder derfor ministeriet oplyse, om der foreligger:<\/p>\n<ul>\n<li>Korrespondancer mellem Statsministeriet og <strong>Hydrema<\/strong>.<\/li>\n<li>Dokumenter om eventuel <strong>statslig st\u00f8tte, samarbejde eller eksportfremme<\/strong>.<\/li>\n<li>Eventuelle <strong>habilitetsvurderinger<\/strong> foretaget af Statsministeriet vedr\u00f8rende <strong>statsministerens familiem\u00e6ssige relationer<\/strong>.<\/li>\n<\/ul>\n<hr \/>\n<h3>Per Frederiksen og Hydrema \u2013 minerydning og forsvar<\/h3>\n<p>Da Hydrema er kendt for at fremstille <strong>minerydningsk\u00f8ret\u00f8jer<\/strong> og andet materiel, der kan indg\u00e5 i milit\u00e6re kontrakter, beder jeg ministeriet bekr\u00e6fte, om:<\/p>\n<ul>\n<li>Der har v\u00e6ret <strong>kontakt, m\u00f8der eller samarbejde<\/strong> mellem Statsministeriet og Hydrema.<\/li>\n<li>Ministeriet har modtaget henvendelser om <strong>Hydremas eksportaktiviteter<\/strong>.<\/li>\n<li>Der findes <strong>interne notater eller vurderinger<\/strong>, hvor virksomheden n\u00e6vnes i relation til regeringsbeslutninger.<\/li>\n<\/ul>\n<hr \/>\n<h3>Tidligere aktindsigt \u2013 Mette Frederiksens forbindelser til Israel<\/h3>\n<p>Jeg fastholder samtidig min tidligere anmodning (sagsnr. 2024-6168) om aktindsigt i <strong>Mette Frederiksens briefinger og kontakter<\/strong> i forbindelse med h\u00e6ndelserne <strong>7.\u201310. oktober 2023<\/strong>, hvor hun bes\u00f8gte <strong>Israels ambassade<\/strong> i K\u00f8benhavn.<\/p>\n<p>Statsministeriets aktoversigt fra sagen angiver fejlagtigt datoerne <strong>9.\u201310. oktober 2024<\/strong>. Dette er ikke korrekt og m\u00e5 anses som en administrativ fejl. Den periode, der \u00f8nskes aktindsigt i, vedr\u00f8rer begivenheder i <strong>oktober 2023<\/strong>, ikke 2024.<\/p>\n<p>Jeg beder derfor om, at ministeriet foretager en <strong>ajourf\u00f8rt og pr\u00e6cis aktgennemgang<\/strong> for de korrekte datoer.<\/p>\n<hr \/>\n<h3>Max Meyer og Dansk Zionistforbund \u2013 studierejser og politisk p\u00e5virkning<\/h3>\n<p>Jeg henviser til opslaget af <strong>Max Meyer<\/strong>, formand for <strong>Dansk Zionistforbund<\/strong>, dateret <strong>4. juli 2023<\/strong>, hvor han beskriver rejser til Israel for unge politikere:<\/p>\n<blockquote><p>\u201cFlere af de unge, der var med p\u00e5 den f\u00f8rste tur, sidder i dag i Folketinget og i flere byr\u00e5d \u2026 Det var \u2018vores unge\u2019, der stod op og forklarede og forsvarede Israel.\u201d<\/p><\/blockquote>\n<p>Jeg anmoder om oplysning om, hvorvidt personer fra Dansk Zionistforbund har haft kontakt med Statsministeriet i forbindelse med briefinger af <strong>Mette Frederiksen<\/strong> omkring <strong>7. oktober 2023<\/strong>.<\/p>\n<hr \/>\n<h3>Henrik Skovgaard-Petersen og afslaget p\u00e5 aktindsigt<\/h3>\n<p>Jeg beder samtidig Statsministeriet bekr\u00e6fte, at <strong>Henrik Skovgaard-Petersen<\/strong> fortsat er ansvarlig for behandlingen af sagsnr. 2024-6168, og om der er sket <strong>intern vurdering eller \u00e6ndring af praksis<\/strong> vedr\u00f8rende ministeriets h\u00e5ndtering af aktindsigt i sager, der ber\u00f8rer <strong>Statsministerens familie, partiforbindelser eller udenlandske relationer<\/strong>.<\/p>\n<hr \/>\n<h3>Hvorfor blev min l\u00e6ge kontaktet tre dage efter min aktindsigt?<\/h3>\n<ul>\n<li><strong>23. september 2024:<\/strong> Jeg sender min aktindsigtsanmodning til Statsministeriet om Mette Frederiksens forbindelser til Israel, Netavisen Pio og Dansk Zionistforbund.<\/li>\n<li><strong>26. september 2024:<\/strong> Min l\u00e6ge bliver kontaktet telefonisk af politiet ang\u00e5ende min helbredstilstand. Politiet kan efterf\u00f8lgende ikke fremvise nogen registrering eller notits om opkaldet.<\/li>\n<li><strong>27. september 2024:<\/strong> Jeg kontakter min l\u00e6ge for at f\u00e5 bekr\u00e6ftet, hvem der ringede. Hun bekr\u00e6fter opkaldet, men afsenderen er ukendt.<\/li>\n<\/ul>\n<p>Dette forl\u00f8b viser, at henvendelsen til min l\u00e6ge fandt sted <strong>kort tid efter<\/strong>, at jeg fremsendte min aktindsigt.<\/p>\n<hr \/>\n<h3>Afsluttende sp\u00f8rgsm\u00e5l og form\u00e5l<\/h3>\n<p>Jeg \u00f8nsker hermed at f\u00e5 klarlagt:<\/p>\n<ol>\n<li>Om Statsministeriet har haft <strong>kontakt eller samarbejde<\/strong> med <strong>Hydrema<\/strong>, hvor <strong>Per Frederiksen<\/strong> indg\u00e5r.<\/li>\n<li>Om der findes <strong>habilitetsvurderinger<\/strong> i forbindelse med Mette Frederiksens familierelationer.<\/li>\n<li>Om <strong>minerydning<\/strong>, <strong>v\u00e5benproduktion<\/strong> eller <strong>eksportaktiviteter<\/strong> relateret til Hydrema er dr\u00f8ftet p\u00e5 regeringsniveau.<\/li>\n<li>Hvem der briefede Mette Frederiksen i dagene omkring <strong>7. oktober 2023<\/strong>.<\/li>\n<\/ol>\n<p>Jeg anmoder om en bekr\u00e6ftelse p\u00e5 modtagelse samt en ajourf\u00f8rt aktliste over dokumenter, der falder inden for anmodningens emner.<\/p>\n<p>Med venlig hilsen,<br \/>\n<strong>Zahid Latif<\/strong><\/p>\n<p>[\/spb_text_block] [spb_text_block animation=&#8221;none&#8221; animation_delay=&#8221;0&#8243; simplified_controls=&#8221;yes&#8221; custom_css_percentage=&#8221;no&#8221; padding_vertical=&#8221;0&#8243; padding_horizontal=&#8221;0&#8243; margin_vertical=&#8221;0&#8243; custom_css=&#8221;margin-top: 0px;margin-bottom: 0px;&#8221; border_size=&#8221;0&#8243; border_styling_global=&#8221;default&#8221; width=&#8221;1\/1&#8243; el_position=&#8221;first last&#8221;]<\/p>\n<h2>SVAR<\/h2>\n<p>&nbsp;<\/p>\n<p>[\/spb_text_block] [spb_toggle element_name=&#8221;14\/11\/2025 SVAR FRA HENRIK&#8221; title=&#8221;14\/11\/2025 SVAR FRA HENRIK&#8221; open=&#8221;false&#8221; width=&#8221;1\/1&#8243; el_position=&#8221;first last&#8221;]<\/p>\n<p>STATSMINISTERIET<br \/>\nCHRISTIANSBORG<br \/>\nPrins J\u00f8rgens G\u00e5rd 11, 1218 K\u00f8benhavn K<br \/>\nTelefon 33 92 33 00<br \/>\nCVR-NR. 10-10-39-40<br \/>\nEAN-lokationsnummer 5798000000032<\/p>\n<p>Zahid Latif<br \/>\nSendt til: latif.zahid@gmail.com<\/p>\n<p>1. Ved e-mail af 11. november 2025 har du anmodet Statsministeriet om aktindsigt p\u00e5<br \/>\nf\u00f8lgende m\u00e5de:<br \/>\n\u201dJeg fremsender hermed min udvidede anmodning om aktindsigt vedr\u00f8rende Mette Frederiksens bror,<br \/>\nPer Frederiksen, samt hans tilknytning til Hydrema og virksomhedens aktiviteter inden<br \/>\nfor minerydning og forsvarsteknologi.<br \/>\nJeg henviser til jeres tidligere afg\u00f8relse af 15. maj 2025, underskrevet af Henrik Skovgaard-Petersen,<br \/>\nhvor det blev oplyst, at der ikke findes registrerede oplysninger i ministeriets systemer om Per<br \/>\nFrederiksen eller Hydrema.<br \/>\nJeg anmoder hermed om en opdateret gennemgang for perioden 2022\u20132025 samt en pr\u00e6cisering<br \/>\nvedr\u00f8rende de fejlagtige datoer (9.\u201310. oktober 2024) i aktlisten, som burde henvise til 7.\u201310. oktober<br \/>\n2023.<br \/>\nFor fuld gennemsigtighed og offentlig dokumentation er brevet nu offentliggjort p\u00e5 mit website:<br \/>\n\ud83d\udd17 https:\/\/zlcopenhagen.com\/da\/mette-frederiksens-bror-hydrema-minerydning<br \/>\nJeg ser frem til en bekr\u00e6ftelse p\u00e5 modtagelse og en opdateret aktliste inden for offentlighedslovens<br \/>\nfrist.\u201d<br \/>\n2. Statsministeriet har forst\u00e5et din anmodning, s\u00e5ledes at du \u00f8nsker aktindsigt i oplysninger<br \/>\nom eventuelle forbindelser mellem statsministerens bror, Per Frederiksen, og Hydremas<br \/>\naktiviteter inden for minerydning og forsvarsteknologi fra perioden den 1. januar 2022 til<br \/>\nden 11. november 2025.<br \/>\nFor s\u00e5 vidt ang\u00e5r den del af din anmodning, som vedr\u00f8rer perioden fra den 1. januar 2022<br \/>\ntil den 9. maj 2025, kan Statsministeriet henholde sig til ministeriets afg\u00f8relse af 15. maj<br \/>\n2025 (ministeriets sagsnr. 2024-6168).<br \/>\nFor s\u00e5 vidt ang\u00e5r den del af din anmodning, som vedr\u00f8rer perioden fra den 10. maj 2025<br \/>\ntil den 11. november 2025, har Statsministeriet p\u00e5 baggrund af din anmodning om<br \/>\naktindsigt foretaget en s\u00f8gning i ministeriets elektroniske journalsystem mv. efter<br \/>\ndokumenter af den i aktindsigtsanmodningen n\u00e6vnte karakter. Det bem\u00e6rkes for s\u00e5 vidt<br \/>\nang\u00e5r s\u00f8gningen, at Statsministeriet har anvendt s\u00f8geordet \u201dHydrema\u201d.<br \/>\nStatsministeriet har i den forbindelse ikke identificeret dokumenter, som er omfattet af din<br \/>\naktindsigtsanmodning.<\/p>\n<p>Dato: 14. november 2025<br \/>\nSagsnr.: 2025 &#8211; 9104<br \/>\nSagsbeh.: RAM\/ Juridisk Afdeling<\/p>\n<p>&#8211; 2 &#8211;<\/p>\n<p>3. For s\u00e5 vidt ang\u00e5r din bem\u00e6rkning om datoerne p\u00e5 aktlisten, som du fik udleveret i<br \/>\nforbindelse med Statsministeriets afg\u00f8relse af 17. december 2024 (ministeriets sagsnr.<br \/>\n2024-6168), bem\u00e6rker ministeriet, at datoerne der fremg\u00e5r af akttitlerne p\u00e5 aktlisten,<br \/>\nrettelig skulle have v\u00e6ret den 10. oktober 2023.<\/p>\n<p>Med venlig hilsen<\/p>\n<p>Henrik Skovgaard-Petersen<\/p>\n<p>[\/spb_toggle] [spb_blank_spacer height=&#8221;30px&#8221; width=&#8221;1\/1&#8243; el_position=&#8221;first last&#8221;] [spb_text_block animation=&#8221;none&#8221; animation_delay=&#8221;0&#8243; simplified_controls=&#8221;yes&#8221; custom_css_percentage=&#8221;no&#8221; padding_vertical=&#8221;0&#8243; padding_horizontal=&#8221;0&#8243; margin_vertical=&#8221;0&#8243; custom_css=&#8221;margin-top: 0px;margin-bottom: 0px;&#8221; border_size=&#8221;0&#8243; border_styling_global=&#8221;default&#8221; width=&#8221;1\/1&#8243; el_position=&#8221;first last&#8221;]<\/p>\n<h2 data-start=\"168\" data-end=\"232\">HVORFOR S\u00c5 MEGET TAVSHED OM METTE FREDERIKSENS FORBINDELSER?<\/h2>\n<p data-start=\"234\" data-end=\"721\">Samtidig med at <strong data-start=\"250\" data-end=\"298\">Mette Frederiksen og hendes mand Bo Tengberg<\/strong> har valgt at <strong data-start=\"312\" data-end=\"346\">flytte til en hemmelig adresse<\/strong> efter <strong data-start=\"353\" data-end=\"390\">demonstrationer foran deres bop\u00e6l<\/strong>, vokser interessen for hendes <strong data-start=\"421\" data-end=\"483\">politiske forbindelser, v\u00e5benlinje og famili\u00e6re relationer<\/strong>.<br data-start=\"484\" data-end=\"487\" \/>Offentligheden s\u00f8ger svar p\u00e5, <strong data-start=\"517\" data-end=\"574\">hvorfor regeringen st\u00f8tter v\u00e5benleverancer til Israel<\/strong>, og hvordan <strong data-start=\"587\" data-end=\"629\" data-is-only-node=\"\">statsministerens bror, Per Frederiksen<\/strong>, og virksomheden <strong data-start=\"647\" data-end=\"658\">Hydrema<\/strong> indg\u00e5r i diskussionen om <strong data-start=\"684\" data-end=\"718\">minerydning og v\u00e5benproduktion<\/strong>.<\/p>\n<p data-start=\"723\" data-end=\"1019\">Sp\u00f8rgsm\u00e5lene rejser sig:<br data-start=\"747\" data-end=\"750\" \/>Har Statsministeriet givet indsigt i <strong data-start=\"787\" data-end=\"830\">Mette Frederiksens briefinger om Israel<\/strong>?<br data-start=\"831\" data-end=\"834\" \/>Er der <strong data-start=\"841\" data-end=\"866\">habilitetsvurderinger<\/strong> i forhold til <strong data-start=\"881\" data-end=\"892\">Hydrema<\/strong> og famili\u00e6re forbindelser?<br data-start=\"919\" data-end=\"922\" \/>Og hvordan h\u00e5ndteres gennemsigtighed, n\u00e5r <strong data-start=\"964\" data-end=\"1018\">statsministeren selv m\u00e5 flytte af sikkerhedshensyn<\/strong>?<\/p>\n<p data-start=\"1021\" data-end=\"1143\">Denne aktindsigt handler ikke om privatliv \u2013 men om <strong data-start=\"1073\" data-end=\"1140\">offentligt ansvar, v\u00e5benpolitik og gennemsigtighed i regeringen<\/strong>.<\/p>\n<p>[\/spb_text_block] [spb_text_block animation=&#8221;none&#8221; animation_delay=&#8221;0&#8243; simplified_controls=&#8221;yes&#8221; custom_css_percentage=&#8221;no&#8221; padding_vertical=&#8221;0&#8243; padding_horizontal=&#8221;0&#8243; margin_vertical=&#8221;0&#8243; custom_css=&#8221;margin-top: 0px;margin-bottom: 0px;&#8221; border_size=&#8221;0&#8243; border_styling_global=&#8221;default&#8221; width=&#8221;1\/1&#8243; el_position=&#8221;first last&#8221;]<\/p>\n<h2>MAX MEYERS BREV<\/h2>\n<p>L\u00e6s mere <a href=\"https:\/\/zlcopenhagen.com\/da\/skjulte-israel-rejser-elnet\/\" target=\"_blank\" rel=\"noopener\">her<\/a><\/p>\n<p>[\/spb_text_block] [spb_raw_html width=&#8221;1\/1&#8243; el_position=&#8221;first last&#8221;]JTNDZGl2JTIwc3R5bGUlM0QlMjJwb3NpdGlvbiUzQXJlbGF0aXZlJTNCJTIwcGFkZGluZy1ib3R0b20lM0E1Ni4yNSUyNSUzQiUyMGhlaWdodCUzQTAlM0IlMjBvdmVyZmxvdyUzQWhpZGRlbiUzQiUyMG1heC13aWR0aCUzQTEwMCUyNSUzQiUyMGJhY2tncm91bmQlM0ElMjMwMDAlM0IlMjIlM0UlMEElMjAlMjAlM0NpZnJhbWUlMjAlMEElMjAlMjAlMjAlMjBzcmMlM0QlMjJodHRwcyUzQSUyRiUyRnd3dy55b3V0dWJlLmNvbSUyRmVtYmVkJTJGMmNhb1ZRR0lUS3MlMjIlMjAlMEElMjAlMjAlMjAlMjB0aXRsZSUzRCUyMk1heCUyME1leWVyJTIwLSUyMEJyZWFrZmFzdCUyMEpQQiUyMENvcGVuaGFnZW4lMjAyMDI0JTIyJTBBJTIwJTIwJTIwJTIwc3R5bGUlM0QlMjJwb3NpdGlvbiUzQWFic29sdXRlJTNCJTIwdG9wJTNBMCUzQiUyMGxlZnQlM0EwJTNCJTIwd2lkdGglM0ExMDAlMjUlM0IlMjBoZWlnaHQlM0ExMDAlMjUlM0IlMjBib3JkZXIlM0EwJTNCJTIyJTBBJTIwJTIwJTIwJTIwYWxsb3clM0QlMjJhY2NlbGVyb21ldGVyJTNCJTIwYXV0b3BsYXklM0IlMjBjbGlwYm9hcmQtd3JpdGUlM0IlMjBlbmNyeXB0ZWQtbWVkaWElM0IlMjBneXJvc2NvcGUlM0IlMjBwaWN0dXJlLWluLXBpY3R1cmUlM0IlMjB3ZWItc2hhcmUlMjIlMEElMjAlMjAlMjAlMjByZWZlcnJlcnBvbGljeSUzRCUyMnN0cmljdC1vcmlnaW4td2hlbi1jcm9zcy1vcmlnaW4lMjIlMEElMjAlMjAlMjAlMjBhbGxvd2Z1bGxzY3JlZW4lM0UlMEElMjAlMjAlM0MlMkZpZnJhbWUlM0UlMEElM0MlMkZkaXYlM0U=[\/spb_raw_html] [spb_blank_spacer height=&#8221;30px&#8221; width=&#8221;1\/1&#8243; el_position=&#8221;first last&#8221;] [spb_image image=&#8221;51333&#8243; image_size=&#8221;full&#8221; frame=&#8221;borderframe&#8221; caption_pos=&#8221;hover&#8221; remove_rounded=&#8221;yes&#8221; fullwidth=&#8221;no&#8221; overflow_mode=&#8221;none&#8221; link_target=&#8221;_self&#8221; lightbox=&#8221;no&#8221; intro_animation=&#8221;none&#8221; animation_delay=&#8221;200&#8243; width=&#8221;1\/1&#8243; el_position=&#8221;first last&#8221;][\/spb_image] [spb_blank_spacer height=&#8221;30px&#8221; width=&#8221;1\/1&#8243; el_position=&#8221;first last&#8221;] [spb_text_block animation=&#8221;none&#8221; animation_delay=&#8221;0&#8243; simplified_controls=&#8221;yes&#8221; custom_css_percentage=&#8221;no&#8221; padding_vertical=&#8221;0&#8243; padding_horizontal=&#8221;0&#8243; margin_vertical=&#8221;0&#8243; custom_css=&#8221;margin-top: 0px;margin-bottom: 0px;&#8221; border_size=&#8221;0&#8243; border_styling_global=&#8221;default&#8221; width=&#8221;1\/1&#8243; el_position=&#8221;first last&#8221;]<\/p>\n<h2>TIDSLINJE \u2013 MAX MEYERS TALE: UNGE DANSKE POLITIKERE OG ISRAEL<\/h2>\n<p>Videoen nedenfor er fra <strong>Breakfast JPB Copenhagen 2024<\/strong>, hvor <strong>Max Meyer<\/strong> \u2013 formand for <a href=\"https:\/\/zlcopenhagen.com\/da\/henrik-skovgaard-petersen-israel\/\" target=\"_blank\" rel=\"noopener\">Dansk Zionistforbund og Netavisen Pio<\/a> \u2013 fort\u00e6ller \u00e5bent om sine rejser med unge danske politikere til Israel.<\/p>\n<ul>\n<li><a href=\"https:\/\/www.youtube.com\/watch?v=2caoVQGITKs&amp;t=56s\" target=\"_blank\" rel=\"noopener\">00:56<\/a> \u2013 Max Meyer fort\u00e6ller, at han <strong>tager unge danske politikere med til Israel<\/strong> som en del af Dansk Zionistforbunds arbejde.<\/li>\n<li><a href=\"https:\/\/www.youtube.com\/watch?v=2caoVQGITKs&amp;t=131s\" target=\"_blank\" rel=\"noopener\">02:11<\/a> \u2013 \u201cJeg tager en gruppe p\u00e5 12 unge\u2026 kommende politikere til Israel.\u201d<\/li>\n<li><a href=\"https:\/\/www.youtube.com\/watch?v=2caoVQGITKs&amp;t=150s\" target=\"_blank\" rel=\"noopener\">02:30<\/a> \u2013 Den f\u00f8rste tur var i 2019. Flere af deltagerne <strong>sidder i dag i Folketinget og byr\u00e5d<\/strong>.<\/li>\n<li><a href=\"https:\/\/www.youtube.com\/watch?v=2caoVQGITKs&amp;t=172s\" target=\"_blank\" rel=\"noopener\">02:52<\/a> \u2013 Han siger, at han kan <strong>\u00e6ndre 12 unge mennesker p\u00e5 en uge<\/strong>, der \u201cikke ved noget om Israel\u201d f\u00f8r turen.<\/li>\n<li><a href=\"https:\/\/www.youtube.com\/watch?v=2caoVQGITKs&amp;t=199s\" target=\"_blank\" rel=\"noopener\">03:19<\/a> \u2013 Turene starter med m\u00f8de p\u00e5 <strong>Israels ambassade<\/strong> i K\u00f8benhavn.<\/li>\n<li><a href=\"https:\/\/www.youtube.com\/watch?v=2caoVQGITKs&amp;t=307s\" target=\"_blank\" rel=\"noopener\">05:07<\/a> \u2013 Bes\u00f8g p\u00e5 <strong>Den Danske Ambassade og Innovationscenter i Tel Aviv<\/strong> \u2013 som Danmark har placeret der for at fremme teknologi og samarbejde.<\/li>\n<li><a href=\"https:\/\/www.youtube.com\/watch?v=2caoVQGITKs&amp;t=560s\" target=\"_blank\" rel=\"noopener\">09:20<\/a> \u2013 De unge bes\u00f8ger <strong>gr\u00e6nseomr\u00e5derne ved Gaza<\/strong> og h\u00f8rer fort\u00e6llinger om angreb og overlevende familier.<\/li>\n<li><a href=\"https:\/\/www.youtube.com\/watch?v=2caoVQGITKs&amp;t=792s\" target=\"_blank\" rel=\"noopener\">13:12<\/a> \u2013 Bes\u00f8g p\u00e5 <strong>Yad Vashem<\/strong>, Holocaust-museet i Jerusalem, samt m\u00f8der med <strong>knesset-medlemmer<\/strong> og udenrigsministeriet.<\/li>\n<li><a href=\"https:\/\/www.youtube.com\/watch?v=2caoVQGITKs&amp;t=1032s\" target=\"_blank\" rel=\"noopener\">17:12<\/a> \u2013 Meyer fort\u00e6ller, at han dr\u00f8mmer om at tage <strong>alle unge danske politikere og journalister<\/strong> med for at \u201c\u00e6ndre deres syn p\u00e5 Israel\u201d.<\/li>\n<\/ul>\n<p><strong>Konklusion:<\/strong> Videoen giver et sj\u00e6ldent indblik i, hvordan unge politikere bliver introduceret til Israels samfund, sikkerhed og politik \u2013 med Max Meyer som rejseleder og fortolker af oplevelserne.<\/p>\n<p><em>Brevet og aktindsigten vedr\u00f8rende denne video er lagt offentligt frem for fuld gennemsigtighed.<\/em><\/p>\n<p>[\/spb_text_block] [spb_blank_spacer height=&#8221;30px&#8221; width=&#8221;1\/1&#8243; el_position=&#8221;first last&#8221;] [spb_raw_html width=&#8221;1\/1&#8243; el_position=&#8221;first last&#8221;]JTNDZGl2JTIwc3R5bGUlM0QlMjJwb3NpdGlvbiUzQSUyMHJlbGF0aXZlJTNCJTIwcGFkZGluZy1ib3R0b20lM0ElMjA1Ni4yNSUyNSUzQiUyMGhlaWdodCUzQSUyMDAlM0IlMjBvdmVyZmxvdyUzQSUyMGhpZGRlbiUzQiUyMG1heC13aWR0aCUzQSUyMDEwMCUyNSUzQiUyMGJhY2tncm91bmQlM0ElMjAlMjMwMDAlM0IlMjIlM0UlMEElMjAlMjAlM0NpZnJhbWUlMjAlMEElMjAlMjAlMjAlMjBzcmMlM0QlMjJodHRwcyUzQSUyRiUyRnd3dy55b3V0dWJlLmNvbSUyRmVtYmVkJTJGZVctenRNa3kxWE0lMjIlMjAlMEElMjAlMjAlMjAlMjB0aXRsZSUzRCUyMk1FVFRFJTIwRlJFREVSSUtTRU4lM0ElMjBHQVpBJTIwRVIlMjBJS0tFJTIwVk9SRVMlMjBOJUMzJTg2Uk9NUiVDMyU4NURFLiUyMEVMTEVSJTIwQkxJVkVSJTIwREVUJTIwRiVDMyU5OFJTVCUyMERFVCUyQyUyME4lQzMlODVSJTIwUEVSJTIwRiVDMyU4NVIlMjBFTiUyMEtPTlRSQUtUJTIyJTBBJTIwJTIwJTIwJTIwZnJhbWVib3JkZXIlM0QlMjIwJTIyJTBBJTIwJTIwJTIwJTIwYWxsb3clM0QlMjJhY2NlbGVyb21ldGVyJTNCJTIwYXV0b3BsYXklM0IlMjBjbGlwYm9hcmQtd3JpdGUlM0IlMjBlbmNyeXB0ZWQtbWVkaWElM0IlMjBneXJvc2NvcGUlM0IlMjBwaWN0dXJlLWluLXBpY3R1cmUlM0IlMjB3ZWItc2hhcmUlMjIlMEElMjAlMjAlMjAlMjByZWZlcnJlcnBvbGljeSUzRCUyMnN0cmljdC1vcmlnaW4td2hlbi1jcm9zcy1vcmlnaW4lMjIlMEElMjAlMjAlMjAlMjBhbGxvd2Z1bGxzY3JlZW4lMEElMjAlMjAlMjAlMjBzdHlsZSUzRCUyMnBvc2l0aW9uJTNBJTIwYWJzb2x1dGUlM0IlMjB0b3AlM0ElMjAwJTNCJTIwbGVmdCUzQSUyMDAlM0IlMjB3aWR0aCUzQSUyMDEwMCUyNSUzQiUyMGhlaWdodCUzQSUyMDEwMCUyNSUzQiUyMiUzRSUwQSUyMCUyMCUzQyUyRmlmcmFtZSUzRSUwQSUzQyUyRmRpdiUzRSUwQQ==[\/spb_raw_html] [spb_blank_spacer height=&#8221;30px&#8221; width=&#8221;1\/1&#8243; el_position=&#8221;first last&#8221;] [spb_text_block animation=&#8221;none&#8221; animation_delay=&#8221;0&#8243; simplified_controls=&#8221;yes&#8221; custom_css_percentage=&#8221;no&#8221; padding_vertical=&#8221;0&#8243; padding_horizontal=&#8221;0&#8243; margin_vertical=&#8221;0&#8243; custom_css=&#8221;margin-top: 0px;margin-bottom: 0px;&#8221; border_size=&#8221;0&#8243; border_styling_global=&#8221;default&#8221; width=&#8221;1\/1&#8243; el_position=&#8221;first last&#8221;]<\/p>\n<h2>HVEM ER METTE FREDERIKSENS BROR?<\/h2>\n<p>L\u00e6s mere <a href=\"https:\/\/zlcopenhagen.com\/da\/mettes-bror-scorer-millioner-paa-hendes-krigsfantasier\/\" target=\"_blank\" rel=\"noopener\">her<\/a><\/p>\n<p>[\/spb_text_block] [spb_raw_html width=&#8221;1\/1&#8243; el_position=&#8221;first last&#8221;]JTNDaWZyYW1lJTIwc3JjJTNEJTIyaHR0cHMlM0ElMkYlMkZ3d3cuZmFjZWJvb2suY29tJTJGcGx1Z2lucyUyRnBvc3QucGhwJTNGaHJlZiUzRGh0dHBzJTI1M0ElMjUyRiUyNTJGd3d3LmZhY2Vib29rLmNvbSUyNTJGZmF0aWguYWxldiUyNTJGcG9zdHMlMjUyRnBmYmlkMDJKelFER1NXa1lqV3FrNm12Y3BzRUNUaHd3MVN2anhhYUpwdUpyQnl3Y3NFbTFwczY4Wk1ka2RBdHhiVlhiamhZbCUyNnNob3dfdGV4dCUzRHRydWUlMjZ3aWR0aCUzRDUwMCUyMiUyMHdpZHRoJTNEJTIyNTAwJTIyJTIwaGVpZ2h0JTNEJTIyNTM2JTIyJTIwc3R5bGUlM0QlMjJib3JkZXIlM0Fub25lJTNCb3ZlcmZsb3clM0FoaWRkZW4lMjIlMjBzY3JvbGxpbmclM0QlMjJubyUyMiUyMGZyYW1lYm9yZGVyJTNEJTIyMCUyMiUyMGFsbG93ZnVsbHNjcmVlbiUzRCUyMnRydWUlMjIlMjBhbGxvdyUzRCUyMmF1dG9wbGF5JTNCJTIwY2xpcGJvYXJkLXdyaXRlJTNCJTIwZW5jcnlwdGVkLW1lZGlhJTNCJTIwcGljdHVyZS1pbi1waWN0dXJlJTNCJTIwd2ViLXNoYXJlJTIyJTNFJTNDJTJGaWZyYW1lJTNF[\/spb_raw_html] [spb_text_block animation=&#8221;none&#8221; animation_delay=&#8221;0&#8243; simplified_controls=&#8221;yes&#8221; custom_css_percentage=&#8221;no&#8221; padding_vertical=&#8221;0&#8243; padding_horizontal=&#8221;0&#8243; margin_vertical=&#8221;0&#8243; custom_css=&#8221;margin-top: 0px;margin-bottom: 0px;&#8221; border_size=&#8221;0&#8243; border_styling_global=&#8221;default&#8221; width=&#8221;1\/1&#8243; el_position=&#8221;first last&#8221;]<\/p>\n<h2>HVEM ER METTE FREDERIKSENS MAND?<\/h2>\n<p>L\u00e6s mere <a href=\"https:\/\/zlcopenhagen.com\/da\/mette-frederiksen-bo-tengberg-korruption-statskasse\/\" target=\"_blank\" rel=\"noopener\">her<\/a><\/p>\n<p>[\/spb_text_block] [spb_image image=&#8221;50429&#8243; image_size=&#8221;full&#8221; frame=&#8221;noframe&#8221; caption_pos=&#8221;hover&#8221; remove_rounded=&#8221;yes&#8221; fullwidth=&#8221;no&#8221; overflow_mode=&#8221;none&#8221; link_target=&#8221;_self&#8221; lightbox=&#8221;no&#8221; intro_animation=&#8221;none&#8221; animation_delay=&#8221;200&#8243; width=&#8221;1\/1&#8243; el_position=&#8221;first last&#8221;][\/spb_image]<\/p>\n","protected":false},"excerpt":{"rendered":"<p>[spb_text_block animation=&#8221;none&#8221; animation_delay=&#8221;0&#8243; simplified_controls=&#8221;yes&#8221; custom_css_percentage=&#8221;no&#8221; padding_vertical=&#8221;0&#8243; padding_horizontal=&#8221;0&#8243; margin_vertical=&#8221;0&#8243; custom_css=&#8221;margin-top: 0px;margin-bottom: 0px;&#8221; border_size=&#8221;0&#8243; border_styling_global=&#8221;default&#8221; width=&#8221;1\/1&#8243; el_position=&#8221;first last&#8221;] HVORFOR BLEV MIN L\u00c6GE KONTAKTET TRE DAGE EFTER MIN AGTINDSIGT TIL STATSMINISTERIET? Et m\u00e6rkeligt sammenfald: aktindsigt den 23. september, l\u00e6geopkald den 26. september 2024. Hvem er mette frederiksens bror? En borger kr\u00e6ver indsigt i, hvordan Statsministeriet h\u00e5ndterer forbindelser mellem Mette Frederiksen, hendes bror Per [&hellip;]<\/p>\n","protected":false},"author":2,"featured_media":0,"comment_status":"closed","ping_status":"closed","sticky":false,"template":"","format":"standard","meta":{"footnotes":""},"categories":[1884,1640,1883,1852],"tags":[],"class_list":["post-51308","post","type-post","status-publish","format-standard","hentry","category-embedsvaerk-under-luppen","category-geopolitics-da","category-magtnetvaerk","category-vestens-fald"],"yoast_head":"<!-- This site is optimized with the Yoast SEO Premium plugin v26.6 (Yoast SEO v27.5) - https:\/\/yoast.com\/product\/yoast-seo-premium-wordpress\/ -->\n<title>Aktindsigt i Mette Frederiksens bror Per og hendes mand Bo<\/title>\n<meta name=\"description\" content=\"Officiel aktindsigt i Mette Frederiksens bror Per Frederiksen, Hydrema &amp; minerydning. Fejl i Statsministeriets datoer rejser nye sp\u00f8rgsm\u00e5l om habilitet\" \/>\n<meta name=\"robots\" content=\"index, follow, max-snippet:-1, max-image-preview:large, max-video-preview:-1\" \/>\n<link rel=\"canonical\" href=\"https:\/\/zlcopenhagen.com\/da\/mette-frederiksens-bror-hydrema-minerydning\/\" \/>\n<meta property=\"og:locale\" content=\"da_DK\" \/>\n<meta property=\"og:type\" content=\"article\" \/>\n<meta property=\"og:title\" content=\"ZLCOPENHAGEN: Danish-Punjabi Ethical Menswear\" \/>\n<meta property=\"og:description\" content=\"ZLCOPENHAGEN merges Danish minimalism with Punjabi pride. Ethical menswear with muscle, message, and meaning. Designed with zidd.\" \/>\n<meta property=\"og:url\" content=\"https:\/\/zlcopenhagen.com\/da\/mette-frederiksens-bror-hydrema-minerydning\/\" \/>\n<meta property=\"og:site_name\" content=\"zlcopenhagen.com\" \/>\n<meta property=\"article:published_time\" content=\"2025-11-11T09:11:17+00:00\" \/>\n<meta property=\"article:modified_time\" content=\"2025-12-10T03:18:22+00:00\" \/>\n<meta property=\"og:image\" content=\"https:\/\/zlcopenhagen.com\/wp-content\/uploads\/2014\/11\/zlc-.jpg\" \/>\n\t<meta property=\"og:image:width\" content=\"1908\" \/>\n\t<meta property=\"og:image:height\" content=\"1062\" \/>\n\t<meta property=\"og:image:type\" content=\"image\/jpeg\" \/>\n<meta name=\"author\" content=\"ZLC Team\" \/>\n<meta name=\"twitter:card\" content=\"summary_large_image\" \/>\n<meta name=\"twitter:label1\" content=\"Skrevet af\" \/>\n\t<meta name=\"twitter:data1\" content=\"ZLC Team\" \/>\n\t<meta name=\"twitter:label2\" content=\"Estimeret l\u00e6setid\" \/>\n\t<meta name=\"twitter:data2\" content=\"8 minutter\" \/>\n<!-- \/ Yoast SEO Premium plugin. -->","yoast_head_json":{"title":"Aktindsigt i Mette Frederiksens bror Per og hendes mand Bo","description":"Officiel aktindsigt i Mette Frederiksens bror Per Frederiksen, Hydrema & minerydning. Fejl i Statsministeriets datoer rejser nye sp\u00f8rgsm\u00e5l om habilitet","robots":{"index":"index","follow":"follow","max-snippet":"max-snippet:-1","max-image-preview":"max-image-preview:large","max-video-preview":"max-video-preview:-1"},"canonical":"https:\/\/zlcopenhagen.com\/da\/mette-frederiksens-bror-hydrema-minerydning\/","og_locale":"da_DK","og_type":"article","og_title":"ZLCOPENHAGEN: Danish-Punjabi Ethical Menswear","og_description":"ZLCOPENHAGEN merges Danish minimalism with Punjabi pride. Ethical menswear with muscle, message, and meaning. Designed with zidd.","og_url":"https:\/\/zlcopenhagen.com\/da\/mette-frederiksens-bror-hydrema-minerydning\/","og_site_name":"zlcopenhagen.com","article_published_time":"2025-11-11T09:11:17+00:00","article_modified_time":"2025-12-10T03:18:22+00:00","og_image":[{"width":1908,"height":1062,"url":"https:\/\/zlcopenhagen.com\/wp-content\/uploads\/2014\/11\/zlc-.jpg","type":"image\/jpeg"}],"author":"ZLC Team","twitter_card":"summary_large_image","twitter_misc":{"Skrevet af":"ZLC Team","Estimeret l\u00e6setid":"8 minutter"},"schema":{"@context":"https:\/\/schema.org","@graph":[{"@type":["Article","BlogPosting"],"@id":"https:\/\/zlcopenhagen.com\/da\/mette-frederiksens-bror-hydrema-minerydning\/#article","isPartOf":{"@id":"https:\/\/zlcopenhagen.com\/da\/mette-frederiksens-bror-hydrema-minerydning\/"},"author":{"name":"ZLC Team","@id":"https:\/\/zlcopenhagen.com\/#\/schema\/person\/c7ce5649957ac4c1258910e89f0f5fb3"},"headline":"HVEM ER METTES BROR \u2013 OG HVORFOR TIER STATSMINISTERIET OM HYDREMA OG MINERYDNING","datePublished":"2025-11-11T09:11:17+00:00","dateModified":"2025-12-10T03:18:22+00:00","mainEntityOfPage":{"@id":"https:\/\/zlcopenhagen.com\/da\/mette-frederiksens-bror-hydrema-minerydning\/"},"wordCount":2324,"publisher":{"@id":"https:\/\/zlcopenhagen.com\/#organization"},"articleSection":["EMBEDSV\u00c6RK UNDER LUPPEN","Geopolitics","MAGTNETV\u00c6RK","Vestens Fald"],"inLanguage":"da-DK","copyrightYear":"2025","copyrightHolder":{"@id":"https:\/\/zlcopenhagen.com\/#organization"}},{"@type":"WebPage","@id":"https:\/\/zlcopenhagen.com\/da\/mette-frederiksens-bror-hydrema-minerydning\/","url":"https:\/\/zlcopenhagen.com\/da\/mette-frederiksens-bror-hydrema-minerydning\/","name":"Aktindsigt i Mette Frederiksens bror Per og hendes mand Bo","isPartOf":{"@id":"https:\/\/zlcopenhagen.com\/#website"},"datePublished":"2025-11-11T09:11:17+00:00","dateModified":"2025-12-10T03:18:22+00:00","description":"Officiel aktindsigt i Mette Frederiksens bror Per Frederiksen, Hydrema & minerydning. Fejl i Statsministeriets datoer rejser nye sp\u00f8rgsm\u00e5l om habilitet","breadcrumb":{"@id":"https:\/\/zlcopenhagen.com\/da\/mette-frederiksens-bror-hydrema-minerydning\/#breadcrumb"},"inLanguage":"da-DK","potentialAction":[{"@type":"ReadAction","target":["https:\/\/zlcopenhagen.com\/da\/mette-frederiksens-bror-hydrema-minerydning\/"]}]},{"@type":"BreadcrumbList","@id":"https:\/\/zlcopenhagen.com\/da\/mette-frederiksens-bror-hydrema-minerydning\/#breadcrumb","itemListElement":[{"@type":"ListItem","position":1,"name":"Home","item":"https:\/\/zlcopenhagen.com\/da\/"},{"@type":"ListItem","position":2,"name":"HVEM ER METTES BROR \u2013 OG HVORFOR TIER STATSMINISTERIET OM HYDREMA OG MINERYDNING"}]},{"@type":"WebSite","@id":"https:\/\/zlcopenhagen.com\/#website","url":"https:\/\/zlcopenhagen.com\/","name":"zlcopenhagen.com","description":"","publisher":{"@id":"https:\/\/zlcopenhagen.com\/#organization"},"potentialAction":[{"@type":"SearchAction","target":{"@type":"EntryPoint","urlTemplate":"https:\/\/zlcopenhagen.com\/?s={search_term_string}"},"query-input":{"@type":"PropertyValueSpecification","valueRequired":true,"valueName":"search_term_string"}}],"inLanguage":"da-DK"},{"@type":["Organization","Place"],"@id":"https:\/\/zlcopenhagen.com\/#organization","name":"ZLCOPENHAGEN","alternateName":"ZLCOPENHAGEN","url":"https:\/\/zlcopenhagen.com\/","logo":{"@id":"https:\/\/zlcopenhagen.com\/da\/mette-frederiksens-bror-hydrema-minerydning\/#local-main-organization-logo"},"image":{"@id":"https:\/\/zlcopenhagen.com\/da\/mette-frederiksens-bror-hydrema-minerydning\/#local-main-organization-logo"},"sameAs":["https:\/\/www.youtube.com\/channel\/UCy7JINwB6DMr2fA9yHpDQJg"],"telephone":[],"openingHoursSpecification":[{"@type":"OpeningHoursSpecification","dayOfWeek":["Monday","Tuesday","Wednesday","Thursday","Friday","Saturday","Sunday"],"opens":"09:00","closes":"17:00"}]},{"@type":"Person","@id":"https:\/\/zlcopenhagen.com\/#\/schema\/person\/c7ce5649957ac4c1258910e89f0f5fb3","name":"ZLC Team","image":{"@type":"ImageObject","inLanguage":"da-DK","@id":"https:\/\/secure.gravatar.com\/avatar\/bb92a8e9bdde1cf2114b74dce44557ee57d3909986eab1422fc34e9cce350044?s=96&d=mm&r=g","url":"https:\/\/secure.gravatar.com\/avatar\/bb92a8e9bdde1cf2114b74dce44557ee57d3909986eab1422fc34e9cce350044?s=96&d=mm&r=g","contentUrl":"https:\/\/secure.gravatar.com\/avatar\/bb92a8e9bdde1cf2114b74dce44557ee57d3909986eab1422fc34e9cce350044?s=96&d=mm&r=g","caption":"ZLC Team"}},{"@type":"ImageObject","inLanguage":"da-DK","@id":"https:\/\/zlcopenhagen.com\/da\/mette-frederiksens-bror-hydrema-minerydning\/#local-main-organization-logo","url":"https:\/\/zlcopenhagen.com\/wp-content\/uploads\/2016\/05\/blog-logo.jpg","contentUrl":"https:\/\/zlcopenhagen.com\/wp-content\/uploads\/2016\/05\/blog-logo.jpg","width":68,"height":68,"caption":"ZLCOPENHAGEN"}]}},"_links":{"self":[{"href":"https:\/\/zlcopenhagen.com\/da\/wp-json\/wp\/v2\/posts\/51308","targetHints":{"allow":["GET"]}}],"collection":[{"href":"https:\/\/zlcopenhagen.com\/da\/wp-json\/wp\/v2\/posts"}],"about":[{"href":"https:\/\/zlcopenhagen.com\/da\/wp-json\/wp\/v2\/types\/post"}],"author":[{"embeddable":true,"href":"https:\/\/zlcopenhagen.com\/da\/wp-json\/wp\/v2\/users\/2"}],"replies":[{"embeddable":true,"href":"https:\/\/zlcopenhagen.com\/da\/wp-json\/wp\/v2\/comments?post=51308"}],"version-history":[{"count":20,"href":"https:\/\/zlcopenhagen.com\/da\/wp-json\/wp\/v2\/posts\/51308\/revisions"}],"predecessor-version":[{"id":52285,"href":"https:\/\/zlcopenhagen.com\/da\/wp-json\/wp\/v2\/posts\/51308\/revisions\/52285"}],"wp:attachment":[{"href":"https:\/\/zlcopenhagen.com\/da\/wp-json\/wp\/v2\/media?parent=51308"}],"wp:term":[{"taxonomy":"category","embeddable":true,"href":"https:\/\/zlcopenhagen.com\/da\/wp-json\/wp\/v2\/categories?post=51308"},{"taxonomy":"post_tag","embeddable":true,"href":"https:\/\/zlcopenhagen.com\/da\/wp-json\/wp\/v2\/tags?post=51308"}],"curies":[{"name":"wp","href":"https:\/\/api.w.org\/{rel}","templated":true}]}}