{"id":49965,"date":"2026-03-07T00:24:45","date_gmt":"2026-03-06T23:24:45","guid":{"rendered":"https:\/\/zlcopenhagen.com\/?p=49965"},"modified":"2026-03-07T13:27:02","modified_gmt":"2026-03-07T12:27:02","slug":"politiet-vasker-sager-og-i-krise-skyllemiddel","status":"publish","type":"post","link":"https:\/\/zlcopenhagen.com\/da\/politiet-vasker-sager-og-i-krise-skyllemiddel\/","title":{"rendered":"POLITIET VASKER SAGER OG I KRISE \u2013 SKYLLEMIDDEL?"},"content":{"rendered":"<p>[spb_text_block animation=&#8221;none&#8221; animation_delay=&#8221;0&#8243; simplified_controls=&#8221;yes&#8221; custom_css_percentage=&#8221;no&#8221; padding_vertical=&#8221;0&#8243; padding_horizontal=&#8221;0&#8243; margin_vertical=&#8221;0&#8243; custom_css=&#8221;margin-top: 0px;margin-bottom: 0px;&#8221; border_size=&#8221;0&#8243; border_styling_global=&#8221;default&#8221; width=&#8221;1\/1&#8243; el_position=&#8221;first last&#8221;]<\/p>\n<h2>NEJ, VI BRUGER RETSSIKKERHEDEN<\/h2>\n<p>[\/spb_text_block] [spb_image image=&#8221;45208&#8243; image_size=&#8221;full&#8221; frame=&#8221;noframe&#8221; caption_pos=&#8221;hover&#8221; remove_rounded=&#8221;yes&#8221; fullwidth=&#8221;no&#8221; overflow_mode=&#8221;none&#8221; link_target=&#8221;_self&#8221; lightbox=&#8221;no&#8221; intro_animation=&#8221;none&#8221; animation_delay=&#8221;200&#8243; width=&#8221;1\/1&#8243; el_position=&#8221;first last&#8221;][\/spb_image] [spb_blank_spacer height=&#8221;30px&#8221; width=&#8221;1\/1&#8243; el_position=&#8221;first last&#8221;] [spb_text_block animation=&#8221;none&#8221; animation_delay=&#8221;0&#8243; simplified_controls=&#8221;yes&#8221; custom_css_percentage=&#8221;no&#8221; padding_vertical=&#8221;0&#8243; padding_horizontal=&#8221;0&#8243; margin_vertical=&#8221;0&#8243; custom_css=&#8221;margin-top: 0px;margin-bottom: 0px;&#8221; border_size=&#8221;0&#8243; border_styling_global=&#8221;default&#8221; width=&#8221;1\/1&#8243; el_position=&#8221;first last&#8221;]<\/p>\n<h2 data-start=\"133\" data-end=\"187\">VELKOMMEN TIL POLITISTATIONEN VED HOVEDBANEG\u00c5RDEN<\/h2>\n<p data-start=\"188\" data-end=\"262\">\u2013 hvor beviser forsvinder hurtigere end retf\u00e6rdigheden n\u00e5r at banke p\u00e5<\/p>\n<p data-start=\"264\" data-end=\"459\">Sagen handler ikke kun om \u00e9n betjent \u2013 men om et system, hvor K\u00f8benhavns Politi og Den Uafh\u00e6ngige Politiklagemyndighed (DUP) med <strong data-start=\"401\" data-end=\"426\">stabschef Margit Hald<\/strong> i spidsen lader sagen g\u00e5 i vask.<\/p>\n<p data-start=\"461\" data-end=\"606\">L\u00e6s ogs\u00e5 om Claus R\u00f8nnegaard og Tibet-sagen \u2013 eksempler p\u00e5, hvordan sager om politiets magtanvendelse systematisk pakkes ind og skylles v\u00e6k. <a href=\"https:\/\/zlcopenhagen.com\/da\/claus-roennegaard-jagter-journalister-tibet-sagen\/\" target=\"_blank\" rel=\"noopener\">Claus R\u00f8nnegaard og Tibet sagen<\/a><\/p>\n<p>[\/spb_text_block] [spb_text_block animation=&#8221;none&#8221; animation_delay=&#8221;0&#8243; simplified_controls=&#8221;yes&#8221; custom_css_percentage=&#8221;no&#8221; padding_vertical=&#8221;0&#8243; padding_horizontal=&#8221;0&#8243; margin_vertical=&#8221;0&#8243; custom_css=&#8221;margin-top: 0px;margin-bottom: 0px;&#8221; border_size=&#8221;0&#8243; border_styling_global=&#8221;default&#8221; width=&#8221;1\/1&#8243; el_position=&#8221;first last&#8221;]<\/p>\n<h2 data-start=\"167\" data-end=\"213\">POLITIET VASKER SAGER \u2013 UDEN SKYLLEMIDDEL<\/h2>\n<h3 data-start=\"214\" data-end=\"273\">N\u00c5R RETSSIKKERHED BLIVER ET SP\u00d8RGSM\u00c5L OM TID OG TAVSHED<\/h3>\n<p data-start=\"238\" data-end=\"457\"><strong data-start=\"238\" data-end=\"263\">Politiet vasker sager<\/strong>, og det sker i det skjulte. Du g\u00f8r alt rigtigt: beder om aktindsigt, anmoder om video- og lydoptagelser, reagerer inden for fristen. Alligevel slettes beviserne. Frister b\u00f8jes. Loven glemmes.<\/p>\n<p data-start=\"459\" data-end=\"640\">Velkommen til en sag, hvor <strong data-start=\"486\" data-end=\"500\">politivold<\/strong>, <strong data-start=\"502\" data-end=\"517\">magtmisbrug<\/strong> og frav\u00e6ret af <strong data-start=\"533\" data-end=\"549\">retsikkerhed<\/strong> m\u00f8des i systemets vaskemaskine \u2013 og hvor K\u00f8benhavns Politi og DUP trykker p\u00e5 startknappen.<\/p>\n<p data-start=\"643\" data-end=\"831\">Velkommen til min sag mod <strong data-start=\"669\" data-end=\"690\">K\u00f8benhavns Politi<\/strong> og <strong data-start=\"694\" data-end=\"739\">Den Uafh\u00e6ngige Politiklagemyndighed (DUP)<\/strong>.<br data-start=\"740\" data-end=\"743\" \/>Et forl\u00f8b, hvor systemet k\u00f8rte centrifugen i bund og <strong data-start=\"796\" data-end=\"830\">skyldte ansvaret ned i afl\u00f8bet<\/strong>.<\/p>\n<hr data-start=\"833\" data-end=\"836\" \/>\n<h3 data-start=\"838\" data-end=\"863\">FRA SAG TIL SAGS-VASK<\/h3>\n<p data-start=\"865\" data-end=\"930\">Min sag blev behandlet af <strong data-start=\"891\" data-end=\"908\">Anna R\u00f8rstr\u00f8m<\/strong>, jurist i DUP.<br data-start=\"923\" data-end=\"926\" \/>Men:<\/p>\n<blockquote>\n<p data-start=\"934\" data-end=\"976\"><em>Mine gentagne anmodninger blev ignoreret<\/em><\/p>\n<p data-start=\"979\" data-end=\"1007\"><em>Dokumentation blev overset<\/em><\/p>\n<p data-start=\"1010\" data-end=\"1050\"><em>Frister blev brudt \u2013 uden konsekvenser<\/em><\/p>\n<\/blockquote>\n<p data-start=\"1052\" data-end=\"1113\">I stedet for en objektiv vurdering, fik jeg et lukket svar.<\/p>\n<hr data-start=\"1115\" data-end=\"1118\" \/>\n<h3 data-start=\"1120\" data-end=\"1159\">MARGIT HALD \u2013 LUKKEMASKINEN STARTER<\/h3>\n<p data-start=\"1161\" data-end=\"1249\">Da sagen skulle genoptages, tr\u00e5dte <strong data-start=\"1196\" data-end=\"1211\">Margit Hald<\/strong>, stabschef i DUP, til.<br data-start=\"1234\" data-end=\"1237\" \/>Hendes svar?<\/p>\n<blockquote data-start=\"1251\" data-end=\"1324\">\n<p data-start=\"1253\" data-end=\"1324\">\u201cAfg\u00f8relsen er endelig.\u201d<br data-start=\"1277\" data-end=\"1280\" \/>\u201cIntet nyt. Intet svar. Ingen forklaring.\u201d<\/p>\n<\/blockquote>\n<hr data-start=\"1326\" data-end=\"1329\" \/>\n<p data-start=\"1331\" data-end=\"1475\">Her p\u00e5 siden kan du l\u00e6se <strong data-start=\"1359\" data-end=\"1393\">alle breve, svar og dokumenter<\/strong>.<br data-start=\"1394\" data-end=\"1397\" \/>Scroll ned \u2013 og se hvordan en sag <strong data-start=\"1431\" data-end=\"1475\">vaskes v\u00e6k med myndighedens godkendelse.<\/strong><\/p>\n<h2 data-start=\"1561\" data-end=\"1597\">HVEM ER DUP \u2013 OG HVORFOR SKRIVER JEG TIL MARGIT HALD?<\/h2>\n<p>[\/spb_text_block] [spb_toggle element_name=&#8221;F\u00c5 SVAR HER: M\u00f8d myndigheden bag afslaget \u2013 og dem der d\u00e6kker over systemet&#8221; title=&#8221;F\u00c5 SVAR HER: M\u00f8d myndigheden bag afslaget \u2013 og dem der d\u00e6kker over systemet&#8221; open=&#8221;false&#8221; width=&#8221;1\/1&#8243; el_position=&#8221;first last&#8221;]<\/p>\n<h3 data-start=\"100\" data-end=\"149\">FAQ \u2013 HVEM ER DUP, OG HVEM ER MARGIT HALD?<\/h3>\n<p data-start=\"151\" data-end=\"394\"><strong data-start=\"151\" data-end=\"208\">Hvad er Den Uafh\u00e6ngige Politiklagemyndighed (DUP)?<\/strong><br data-start=\"208\" data-end=\"211\" \/>DUP er en statslig myndighed, der skal behandle klager over politifolk og anklagere.<br data-start=\"295\" data-end=\"298\" \/>De siger selv, at de hverken arbejder for borgeren eller politiet \u2013 men \u201ci sandhedens tjeneste\u201d.<\/p>\n<p data-start=\"396\" data-end=\"457\"><strong data-start=\"396\" data-end=\"426\">Hvad laver DUP konkret?<\/strong><br data-start=\"426\" data-end=\"429\" \/>De behandler to typer sager:<\/p>\n<blockquote>\n<p data-start=\"460\" data-end=\"520\"><strong data-start=\"460\" data-end=\"477\">Adf\u00e6rdsklager<\/strong> (fx respektl\u00f8s opf\u00f8rsel eller magtmisbrug)<\/p>\n<p data-start=\"523\" data-end=\"584\"><strong data-start=\"523\" data-end=\"539\">Straffesager<\/strong> (fx vold, trusler, d\u00f8d i politiets varet\u00e6gt)<\/p>\n<\/blockquote>\n<p data-start=\"586\" data-end=\"799\"><strong data-start=\"586\" data-end=\"613\">Hvem er Margit Hald?<\/strong><br data-start=\"613\" data-end=\"616\" \/><strong data-start=\"616\" data-end=\"650\">Margit Hald er stabschef i DUP<\/strong> \u2013 en ledende topembedsmand.<br data-start=\"678\" data-end=\"681\" \/>Hun har ansvar for administration og strategi og svarer ofte p\u00e5 klager og henvendelser, som repr\u00e6sentant for ledelsen.<\/p>\n<p data-start=\"801\" data-end=\"1013\"><strong data-start=\"801\" data-end=\"825\">Er DUP uafh\u00e6ngig?<\/strong><br data-start=\"825\" data-end=\"828\" \/>I teorien: ja.<br data-start=\"842\" data-end=\"845\" \/>I praksis: mange borgere \u2013 inkl. mig selv \u2013 oplever, at <strong data-start=\"901\" data-end=\"954\">sagsbehandlingen favoriserer politiets forklaring<\/strong>, og at beviser fra borgeren ignoreres eller bortforklares.<\/p>\n<p data-start=\"1015\" data-end=\"1240\"><strong data-start=\"1015\" data-end=\"1058\">Hvorfor skriver jeg til Margit Hald?<\/strong><br data-start=\"1058\" data-end=\"1061\" \/>Fordi <strong data-start=\"1067\" data-end=\"1096\">DUPs jurist Anna R\u00f8rstr\u00f8m<\/strong> n\u00e6gtede at genoptage sagen, <strong data-start=\"1125\" data-end=\"1165\">p\u00e5 trods af beviser og dokumentation<\/strong>, og <strong data-start=\"1170\" data-end=\"1185\">Margit Hald<\/strong> bekr\u00e6ftede senere denne afg\u00f8relse uden ny vurdering.<\/p>\n<p>[\/spb_toggle] [spb_blank_spacer height=&#8221;30px&#8221; width=&#8221;1\/1&#8243; el_position=&#8221;first last&#8221;] [spb_text_block animation=&#8221;none&#8221; animation_delay=&#8221;0&#8243; simplified_controls=&#8221;yes&#8221; custom_css_percentage=&#8221;no&#8221; padding_vertical=&#8221;0&#8243; padding_horizontal=&#8221;0&#8243; margin_vertical=&#8221;0&#8243; custom_css=&#8221;margin-top: 0px;margin-bottom: 0px;&#8221; border_size=&#8221;0&#8243; border_styling_global=&#8221;default&#8221; width=&#8221;1\/1&#8243; el_position=&#8221;first last&#8221;]<\/p>\n<h2 data-start=\"1561\" data-end=\"1597\">POLITIETS HEMMELIGE VASKEMASKINE<\/h2>\n<h3>Politiet vasker sager \u2013 mens borgerens beviser slettes<\/h3>\n<p>[\/spb_text_block] [spb_image image=&#8221;39897&#8243; image_size=&#8221;full&#8221; frame=&#8221;noframe&#8221; caption_pos=&#8221;hover&#8221; remove_rounded=&#8221;yes&#8221; fullwidth=&#8221;no&#8221; overflow_mode=&#8221;none&#8221; link_target=&#8221;_self&#8221; lightbox=&#8221;no&#8221; intro_animation=&#8221;none&#8221; animation_delay=&#8221;200&#8243; width=&#8221;1\/2&#8243; el_position=&#8221;first&#8221;][\/spb_image] [spb_text_block animation=&#8221;none&#8221; animation_delay=&#8221;0&#8243; simplified_controls=&#8221;yes&#8221; custom_css_percentage=&#8221;no&#8221; padding_vertical=&#8221;0&#8243; padding_horizontal=&#8221;0&#8243; margin_vertical=&#8221;0&#8243; custom_css=&#8221;margin-top: 0px;margin-bottom: 0px;&#8221; border_size=&#8221;0&#8243; border_styling_global=&#8221;default&#8221; width=&#8221;1\/2&#8243; el_position=&#8221;last&#8221;]<\/p>\n<h3 data-start=\"1561\" data-end=\"1597\">LAMINERET SKILT DER K\u00d8RER P\u00c5 FULD SKRUE<\/h3>\n<p data-start=\"1599\" data-end=\"1651\">Det mest absurde? Politiets skilt ved stationen:<\/p>\n<p data-start=\"1655\" data-end=\"1715\"><strong data-start=\"1655\" data-end=\"1715\">Foto- og lydoptagelse forbudt (uden s\u00e6rlig tilladelse)<\/strong><\/p>\n<p data-start=\"1717\" data-end=\"1843\">Men de glemmer lige at informere om, at du kun har 30 dage til at sikre videooverv\u00e5gning, f\u00f8r beviserne ryger i vaskek\u00e6lderen.\u00a0Det betyder i praksis:<\/p>\n<p data-start=\"1717\" data-end=\"1843\"><strong>Borgeren m\u00e5 ikke dokumentere. Men politiet m\u00e5 gerne vaske<\/strong><\/p>\n<p data-start=\"1932\" data-end=\"2020\">En praksis, som med DR\u2019s ord, er blevet en decideret disciplin:<\/p>\n<p data-start=\"1932\" data-end=\"2020\"><strong>Politi Vasker Sager<\/strong><\/p>\n<p>[\/spb_text_block] [spb_blank_spacer height=&#8221;30px&#8221; width=&#8221;1\/1&#8243; el_position=&#8221;first last&#8221;] [spb_text_block animation=&#8221;none&#8221; animation_delay=&#8221;0&#8243; simplified_controls=&#8221;yes&#8221; custom_css_percentage=&#8221;no&#8221; padding_vertical=&#8221;0&#8243; padding_horizontal=&#8221;0&#8243; margin_vertical=&#8221;0&#8243; custom_css=&#8221;margin-top: 0px;margin-bottom: 0px;&#8221; border_size=&#8221;0&#8243; border_styling_global=&#8221;default&#8221; width=&#8221;1\/1&#8243; el_position=&#8221;first last&#8221;]<\/p>\n<h2 data-start=\"182\" data-end=\"226\">N\u00c5R OGS\u00c5 DUP FYRER OP UNDER CENTRIFUGEN<\/h2>\n<h3 data-start=\"227\" data-end=\"279\">POLITIVOLD? MAGTMISBRUG? ELLER BLOT DAGENS VASK?<\/h3>\n<p data-start=\"281\" data-end=\"428\">Det stopper ikke ved politiet.<br data-start=\"311\" data-end=\"314\" \/>Den Uafh\u00e6ngige Politiklagemyndighed (DUP) \u2013 som burde v\u00e6re borgernes vagthund \u2013 <strong data-start=\"394\" data-end=\"427\">valgte stilhed og forsinkelse<\/strong>.<\/p>\n<blockquote>\n<p data-start=\"430\" data-end=\"592\"><em><strong data-start=\"433\" data-end=\"450\">Min anmodning<\/strong>? 3. august 2024.<\/em><br data-start=\"467\" data-end=\"470\" \/><em><strong data-start=\"473\" data-end=\"491\">Min aktindsigt<\/strong>? F\u00f8rst den 6. september.<\/em><br data-start=\"516\" data-end=\"519\" \/><em><strong data-start=\"522\" data-end=\"536\">DUP\u2019s svar<\/strong>? 16. september.<\/em><br data-start=\"552\" data-end=\"555\" \/><em><strong data-start=\"558\" data-end=\"571\">Beviserne<\/strong>? Slettet for l\u00e6ngst.<\/em><\/p>\n<\/blockquote>\n<hr data-start=\"594\" data-end=\"597\" \/>\n<h2 data-start=\"599\" data-end=\"636\">DEN DANSKE MODEL: SAGSVASK 3000\u2122<\/h2>\n<p data-start=\"637\" data-end=\"784\">Velkommen til Danmark 2025 \u2013 hvor retssikkerhed ryger i <strong data-start=\"693\" data-end=\"723\">vaskemaskinen hos systemet<\/strong>.<br data-start=\"724\" data-end=\"727\" \/><strong data-start=\"727\" data-end=\"784\">Uden skyllemiddel. Uden gennemsigtighed. Uden ansvar.<\/strong><\/p>\n<blockquote data-start=\"786\" data-end=\"916\">\n<p data-start=\"788\" data-end=\"916\"><em>\u201cVi arbejder i sandhedens tjeneste,\u201d skriver DUP.<\/em><br data-start=\"840\" data-end=\"843\" \/><em>Men i min sag gemte man sandheden v\u00e6k \u2013 i stilhed, og bag lukkede d\u00f8re.<\/em><\/p>\n<\/blockquote>\n<hr data-start=\"918\" data-end=\"921\" \/>\n<h2 data-start=\"923\" data-end=\"940\">L\u00c6S OGS\u00c5:<\/h2>\n<p data-start=\"941\" data-end=\"1057\"><strong data-start=\"941\" data-end=\"959\">DR\u2019s afsl\u00f8ring<\/strong> \u2192 \u201cBetjentes fort\u00e6llinger om vask af sager bekymrer ministeren\u201d<\/p>\n<p data-start=\"2732\" data-end=\"2817\"><strong><a href=\"https:\/\/www.dr.dk\/nyheder\/politik\/efter-drs-afsloeringer-minister-ser-med-stor-alvor-paa-kritik-af-politiet-og\" target=\"_blank\" rel=\"noopener\">Betjentes fort\u00e6llinger om \u201cvask af sager\u201d bekymrer ministeren<\/a><\/strong><\/p>\n<hr class=\"\" data-start=\"2819\" data-end=\"2822\" \/>\n<h2 data-start=\"2824\" data-end=\"2842\">MIN OPFORDRING<\/h2>\n<p data-start=\"1084\" data-end=\"1176\">Jeg har bedt DUP <strong data-start=\"1101\" data-end=\"1118\">gen\u00e5bne sagen<\/strong> \u2013 med alle optagelser, beviser og dokumenter p\u00e5 bordet.<\/p>\n<p data-start=\"1178\" data-end=\"1294\">For hvis vi ikke <strong data-start=\"1195\" data-end=\"1221\">stopper den her rutine<\/strong>, vil endnu flere danskere st\u00e5 med en sag,<br data-start=\"1263\" data-end=\"1266\" \/>der aldrig blev unders\u00f8gt.<\/p>\n<p data-start=\"1296\" data-end=\"1323\"><strong data-start=\"1296\" data-end=\"1323\">Deres ret&#8230; vasket ud.<\/strong><\/p>\n<p>[\/spb_text_block] [spb_blank_spacer height=&#8221;30px&#8221; width=&#8221;1\/1&#8243; el_position=&#8221;first last&#8221;] [spb_raw_html width=&#8221;1\/1&#8243; el_position=&#8221;first last&#8221;]JTNDZGl2JTIwc3R5bGUlM0QlMjJwb3NpdGlvbiUzQSUyMHJlbGF0aXZlJTNCJTIwcGFkZGluZy1ib3R0b20lM0ElMjA1Ni4yNSUyNSUzQiUyMGhlaWdodCUzQSUyMDAlM0IlMjBvdmVyZmxvdyUzQSUyMGhpZGRlbiUzQiUyMiUzRSUwQSUyMCUyMCUzQ2lmcmFtZSUyMCUwQSUyMCUyMCUyMCUyMHNyYyUzRCUyMmh0dHBzJTNBJTJGJTJGd3d3LnlvdXR1YmUuY29tJTJGZW1iZWQlMkZPUElCYUNqS0F1dyUyMiUyMCUwQSUyMCUyMCUyMCUyMHRpdGxlJTNEJTIySW50ZXJ2aWV3JTIwbWVkJTIwcG9saXRpLU1ldHRlJTJDJTIwZGVyJTIwaWtrZSUyMHZpbCUyMHN2YXJlJTIwcCVDMyVBNSUyMGtyaXRpayUyMiUwQSUyMCUyMCUyMCUyMHN0eWxlJTNEJTIycG9zaXRpb24lM0ElMjBhYnNvbHV0ZSUzQiUyMHRvcCUzQSUyMDAlM0IlMjBsZWZ0JTNBJTIwMCUzQiUyMHdpZHRoJTNBJTIwMTAwJTI1JTNCJTIwaGVpZ2h0JTNBJTIwMTAwJTI1JTNCJTIyJTIwJTBBJTIwJTIwJTIwJTIwZnJhbWVib3JkZXIlM0QlMjIwJTIyJTIwJTBBJTIwJTIwJTIwJTIwYWxsb3clM0QlMjJhY2NlbGVyb21ldGVyJTNCJTIwYXV0b3BsYXklM0IlMjBjbGlwYm9hcmQtd3JpdGUlM0IlMjBlbmNyeXB0ZWQtbWVkaWElM0IlMjBneXJvc2NvcGUlM0IlMjBwaWN0dXJlLWluLXBpY3R1cmUlM0IlMjB3ZWItc2hhcmUlMjIlMjAlMEElMjAlMjAlMjAlMjByZWZlcnJlcnBvbGljeSUzRCUyMnN0cmljdC1vcmlnaW4td2hlbi1jcm9zcy1vcmlnaW4lMjIlMjAlMEElMjAlMjAlMjAlMjBhbGxvd2Z1bGxzY3JlZW4lM0UlMEElMjAlMjAlM0MlMkZpZnJhbWUlM0UlMEElM0MlMkZkaXYlM0U=[\/spb_raw_html] [spb_blank_spacer height=&#8221;30px&#8221; width=&#8221;1\/1&#8243; el_position=&#8221;first last&#8221;] [spb_text_block animation=&#8221;none&#8221; animation_delay=&#8221;0&#8243; simplified_controls=&#8221;yes&#8221; custom_css_percentage=&#8221;no&#8221; padding_vertical=&#8221;0&#8243; padding_horizontal=&#8221;0&#8243; margin_vertical=&#8221;0&#8243; custom_css=&#8221;margin-top: 0px;margin-bottom: 0px;&#8221; border_size=&#8221;0&#8243; border_styling_global=&#8221;default&#8221; width=&#8221;1\/1&#8243; el_position=&#8221;first last&#8221;]<\/p>\n<h2 data-start=\"147\" data-end=\"171\">KLAGE OVER POLITIET<\/h2>\n<h3 data-start=\"172\" data-end=\"224\">N\u00c5R RETSSIKKERHED OG MAGTMISBRUG G\u00c5R H\u00c5ND I H\u00c5ND<\/h3>\n<p data-start=\"226\" data-end=\"452\">Dette er ikke bare min historie. Det er en dokumenteret sag om, hvordan b\u00e5de <strong data-start=\"303\" data-end=\"324\">K\u00f8benhavns Politi<\/strong> og <strong data-start=\"328\" data-end=\"373\">Den Uafh\u00e6ngige Politiklagemyndighed (DUP)<\/strong> <strong data-start=\"374\" data-end=\"408\">fejler, forsinker og fordrejer<\/strong> \u2013 p\u00e5 bekostning af borgerens retssikkerhed.<\/p>\n<hr data-start=\"454\" data-end=\"457\" \/>\n<h2 data-start=\"459\" data-end=\"477\">HVAD SKETE DER?<\/h2>\n<p data-start=\"479\" data-end=\"596\"><strong data-start=\"482\" data-end=\"500\">3. august 2024<\/strong> oplevede jeg en ubehagelig episode med politibetjent <strong data-start=\"554\" data-end=\"563\">B0873<\/strong> ved Hovedbaneg\u00e5rden i K\u00f8benhavn.<\/p>\n<p data-start=\"598\" data-end=\"619\">Samme dag bad jeg om:<\/p>\n<blockquote>\n<p data-start=\"622\" data-end=\"656\"><em>Videooverv\u00e5gning fra episoden<\/em><\/p>\n<p data-start=\"659\" data-end=\"690\"><em>Lydoptagelser fra samtalen<\/em><\/p>\n<p data-start=\"693\" data-end=\"737\"><em>Identifikation af involverede betjente<\/em><\/p>\n<\/blockquote>\n<p data-start=\"739\" data-end=\"791\">\ud83d\udc49 <strong data-start=\"742\" data-end=\"791\">Alt dette gjorde jeg rettidigt og skriftligt.<\/strong><\/p>\n<p data-start=\"793\" data-end=\"912\">Alligevel blev beviserne aldrig sikret.<br data-start=\"832\" data-end=\"835\" \/>Det er ikke bare en fejl \u2013 det er <strong data-start=\"869\" data-end=\"911\">en tilsides\u00e6ttelse af min retsstilling<\/strong>.<\/p>\n<blockquote data-start=\"914\" data-end=\"1089\">\n<p data-start=\"916\" data-end=\"1089\"><em data-start=\"916\" data-end=\"1040\">\u201cJeg vil ha\u2019 videomateriale af episoden og den optagede samtale under politimandens samtale i dag til Anklagemyndigheden.\u201d<\/em><br data-start=\"1040\" data-end=\"1043\" \/><em data-start=\"1045\" data-end=\"1089\">(fra min f\u00f8rste anmodning, 3. august 2024)<\/em><\/p>\n<\/blockquote>\n<hr data-start=\"1091\" data-end=\"1094\" \/>\n<h3 data-start=\"1096\" data-end=\"1165\">ER DET HER BLOT D\u00c5RLIG BEHANDLING \u2013 ELLER SYSTEMATISK MAGTMISBRUG?<\/h3>\n<p data-start=\"1167\" data-end=\"1245\">Det handler ikke kun om \u00e9n uheldig betjent.<br data-start=\"1210\" data-end=\"1213\" \/>Det handler om et m\u00f8nster, hvor:<\/p>\n<blockquote>\n<p data-start=\"1248\" data-end=\"1293\"><em>Borgerne f\u00e5r ikke lov til at dokumentere<\/em><\/p>\n<p data-start=\"1296\" data-end=\"1323\"><em>Aktindsigter ignoreres<\/em><\/p>\n<p data-start=\"1326\" data-end=\"1350\"><em>Frister overskrides<\/em><\/p>\n<p data-start=\"1353\" data-end=\"1399\"><em>Videoer slettes \u2013 f\u00f8r du n\u00e5r at f\u00e5 adgang<\/em><\/p>\n<\/blockquote>\n<p data-start=\"1401\" data-end=\"1486\">Jeg har fremlagt alt offentligt: Lydbeskeder, Dokumenter og Tidslinjer. Alligevel ser vi et m\u00f8nster, Systemet vasker sager. Med vilje.<\/p>\n<p data-start=\"1848\" data-end=\"1987\"><strong><a class=\"\" href=\"https:\/\/open.spotify.com\/episode\/5l6CUyzNYKj2PVknVp8yeg?si=GSs2cM7CSqWeoV_M5hVHwA\" target=\"_new\" rel=\"noopener\" data-start=\"1848\" data-end=\"1987\">H\u00f8r min umiddelbare reaktion efter h\u00e6ndelsen (Spotify)<\/a><\/strong><\/p>\n<p data-start=\"1990\" data-end=\"2087\"><strong><a class=\"\" href=\"https:\/\/zlcopenhagen.com\/da\/maa-jeg-filme-politi\/\" target=\"_new\" rel=\"noopener\" data-start=\"1990\" data-end=\"2087\">L\u00e6s min fulde beretning om sagen p\u00e5 min blog<\/a><\/strong><\/p>\n<h2 data-start=\"1990\" data-end=\"2087\">POLITIETS HEMMELIGE V\u00c5BEN<\/h2>\n<h3 data-start=\"1990\" data-end=\"2087\">ET LAMINERET SKILT OG EN SPAND S\u00c6BE \u2013 S\u00c5 ER SAGEN VASKET<\/h3>\n<p>[\/spb_text_block] [spb_image image=&#8221;39897&#8243; image_size=&#8221;full&#8221; frame=&#8221;noframe&#8221; caption_pos=&#8221;hover&#8221; remove_rounded=&#8221;yes&#8221; fullwidth=&#8221;no&#8221; overflow_mode=&#8221;none&#8221; link_target=&#8221;_self&#8221; lightbox=&#8221;no&#8221; intro_animation=&#8221;none&#8221; animation_delay=&#8221;200&#8243; width=&#8221;1\/1&#8243; el_position=&#8221;first last&#8221;][\/spb_image] [spb_blank_spacer height=&#8221;30px&#8221; width=&#8221;1\/1&#8243; el_position=&#8221;first last&#8221;] [spb_text_block animation=&#8221;none&#8221; animation_delay=&#8221;0&#8243; simplified_controls=&#8221;yes&#8221; custom_css_percentage=&#8221;no&#8221; padding_vertical=&#8221;0&#8243; padding_horizontal=&#8221;0&#8243; margin_vertical=&#8221;0&#8243; custom_css=&#8221;margin-top: 0px;margin-bottom: 0px;&#8221; border_size=&#8221;0&#8243; border_styling_global=&#8221;default&#8221; width=&#8221;1\/1&#8243; el_position=&#8221;first last&#8221;]<\/p>\n<h2 data-start=\"104\" data-end=\"127\">30 DAGE \u2013 A HVA\u2019?!<\/h2>\n<h3 data-start=\"128\" data-end=\"187\">HVORFOR ER VIDEOERNE ALTID V\u00c6K, N\u00c5R DU ENDELIG SP\u00d8RGER?<\/h3>\n<p data-start=\"189\" data-end=\"210\">Forestil dig det her:<\/p>\n<blockquote>\n<p data-start=\"212\" data-end=\"322\"><em>Du st\u00e5r i en politikontrol.<\/em><br data-start=\"242\" data-end=\"245\" \/><em>Du oplever noget ubehageligt.<\/em><br data-start=\"277\" data-end=\"280\" \/><em>Du vil dokumentere \u2013 men&#8230; du m\u00e5 ikke!<\/em><\/p>\n<\/blockquote>\n<p data-start=\"324\" data-end=\"422\">P\u00e5 d\u00f8ren h\u00e6nger et lamineret skilt:<br data-start=\"359\" data-end=\"362\" \/><strong data-start=\"362\" data-end=\"422\">\u201cFoto- og lydoptagelse forbudt (uden s\u00e6rlig tilladelse)\u201d<\/strong><\/p>\n<p data-start=\"424\" data-end=\"482\">Lyder det autorit\u00e6rt? Ja.<br data-start=\"449\" data-end=\"452\" \/>Lyder det lovhjemlet? <strong data-start=\"474\" data-end=\"482\">Nej.<\/strong><\/p>\n<p data-start=\"484\" data-end=\"698\">Der findes nemlig <strong data-start=\"502\" data-end=\"515\">ingen lov<\/strong>, der forbyder dig at optage en samtale med politiet, <strong data-start=\"569\" data-end=\"601\">hvis du selv deltager i den.<\/strong><br data-start=\"601\" data-end=\"604\" \/>Alligevel bruges dette skilt som et v\u00e5ben \u2013 <strong data-start=\"648\" data-end=\"698\">en magtdemonstration forkl\u00e6dt som information.<\/strong><\/p>\n<p data-start=\"700\" data-end=\"872\">Og her kommer ironien med fuld styrke:<br data-start=\"738\" data-end=\"741\" \/>Politiet forventer, at du som borger kender <strong data-start=\"788\" data-end=\"823\">30-dages-reglen for overv\u00e5gning<\/strong>.<br data-start=\"824\" data-end=\"827\" \/>Men n\u00e6vner de reglen?<br data-start=\"848\" data-end=\"851\" \/><strong data-start=\"851\" data-end=\"872\">Nej. Ikke \u00e9t ord.<\/strong><\/p>\n<h3 data-start=\"874\" data-end=\"923\">EN DOBBELTMORAL DER SMADRER RETSSIKKERHEDEN<\/h3>\n<p data-start=\"924\" data-end=\"1103\">De kr\u00e6ver, at du f\u00f8lger regler, <strong data-start=\"956\" data-end=\"991\">som de ikke selv informerer om.<\/strong><br data-start=\"991\" data-end=\"994\" \/>Samtidig forbyder de dig at beskytte dig selv.<br data-start=\"1040\" data-end=\"1043\" \/>Det er ikke bare useri\u00f8st \u2013 det er <strong data-start=\"1078\" data-end=\"1103\">retsstatsnedbrydende.<\/strong><\/p>\n<p>[\/spb_text_block] [spb_blank_spacer height=&#8221;30px&#8221; width=&#8221;1\/1&#8243; el_position=&#8221;first last&#8221;] [spb_raw_html width=&#8221;1\/1&#8243; el_position=&#8221;first last&#8221;]JTNDZGl2JTIwc3R5bGUlM0QlMjJwb3NpdGlvbiUzQSUyMHJlbGF0aXZlJTNCJTIwcGFkZGluZy1ib3R0b20lM0ElMjA1Ni4yNSUyNSUzQiUyMGhlaWdodCUzQSUyMDAlM0IlMjBvdmVyZmxvdyUzQSUyMGhpZGRlbiUzQiUyMG1heC13aWR0aCUzQSUyMDEwMCUyNSUzQiUyMGhlaWdodCUzQSUyMGF1dG8lM0IlMjIlM0UlMEElMjAlMjAlM0NpZnJhbWUlMjAlMEElMjAlMjAlMjAlMjBzcmMlM0QlMjJodHRwcyUzQSUyRiUyRnd3dy55b3V0dWJlLmNvbSUyRmVtYmVkJTJGcmpiS3Q0Uy1sWVElMjIlMjAlMEElMjAlMjAlMjAlMjB0aXRsZSUzRCUyMkRlbiUyMFVhZmglQzMlQTZuZ2lnZSUyMFBvbGl0aWtsYWdlbXluZGlnaGVkcyUyMFJpa2tlJTIwS2lya2VnYWFyZCUyMGthbiUyMGlra2UlMjBmaW5kZSUyMHVkJTIwYWYlMjBqdXJhJTIyJTIwJTBBJTIwJTIwJTIwJTIwZnJhbWVib3JkZXIlM0QlMjIwJTIyJTIwJTBBJTIwJTIwJTIwJTIwYWxsb3clM0QlMjJhY2NlbGVyb21ldGVyJTNCJTIwYXV0b3BsYXklM0IlMjBjbGlwYm9hcmQtd3JpdGUlM0IlMjBlbmNyeXB0ZWQtbWVkaWElM0IlMjBneXJvc2NvcGUlM0IlMjBwaWN0dXJlLWluLXBpY3R1cmUlM0IlMjB3ZWItc2hhcmUlMjIlMjAlMEElMjAlMjAlMjAlMjBhbGxvd2Z1bGxzY3JlZW4lMjAlMEElMjAlMjAlMjAlMjBzdHlsZSUzRCUyMnBvc2l0aW9uJTNBJTIwYWJzb2x1dGUlM0IlMjB0b3AlM0ElMjAwJTNCJTIwbGVmdCUzQSUyMDAlM0IlMjB3aWR0aCUzQSUyMDEwMCUyNSUzQiUyMGhlaWdodCUzQSUyMDEwMCUyNSUzQiUyMiUzRSUwQSUyMCUyMCUzQyUyRmlmcmFtZSUzRSUwQSUzQyUyRmRpdiUzRSUwQQ==[\/spb_raw_html] [spb_blank_spacer height=&#8221;30px&#8221; width=&#8221;1\/1&#8243; el_position=&#8221;first last&#8221;] [spb_toggle element_name=&#8221;BREV TIL FOLKETINGETS OMBUDSMAND 6\/8\/2025&#8243; title=&#8221;BREV TIL FOLKETINGETS OMBUDSMAND 6\/8\/2025&#8243; open=&#8221;false&#8221; width=&#8221;1\/1&#8243; el_position=&#8221;first last&#8221;]<\/p>\n<h3 data-start=\"168\" data-end=\"210\">KLAGE TIL FOLKETINGETS OMBUDSMAND<\/h3>\n<p data-start=\"211\" data-end=\"310\"><strong data-start=\"211\" data-end=\"310\">Vedr\u00f8rende: Sagsbehandling hos Den Uafh\u00e6ngige Politiklagemyndighed (journalnummer: 331\u20112380\u201124)<\/strong><\/p>\n<p data-start=\"312\" data-end=\"441\"><strong data-start=\"312\" data-end=\"334\">Klage indsendt af:<\/strong><br data-start=\"334\" data-end=\"337\" \/>Zahid Latif<br data-start=\"348\" data-end=\"351\" \/>Slangerupgade 13, st. th<br data-start=\"375\" data-end=\"378\" \/>2200 K\u00f8benhavn N<br data-start=\"394\" data-end=\"397\" \/><a class=\"cursor-pointer\" rel=\"noopener\" data-start=\"397\" data-end=\"414\">zahid@eksempel.dk<\/a> <em data-start=\"415\" data-end=\"441\">(tilpas hvis n\u00f8dvendigt)<\/em><\/p>\n<hr data-start=\"443\" data-end=\"446\" \/>\n<p data-start=\"448\" data-end=\"479\"><strong data-start=\"448\" data-end=\"479\">Til Folketingets Ombudsmand<\/strong><\/p>\n<p data-start=\"481\" data-end=\"806\">Jeg skriver for at indgive en klage over sagsbehandlingen i sagen med journalnummer <strong data-start=\"565\" data-end=\"580\">331\u20112380\u201124<\/strong>, som er behandlet af <strong data-start=\"602\" data-end=\"647\">Den Uafh\u00e6ngige Politiklagemyndighed (DUP)<\/strong>. Mit klagepunkt vedr\u00f8rer alvorlige brud p\u00e5 forvaltningsretlige principper, s\u00e6rligt i forhold til <strong data-start=\"745\" data-end=\"806\">oplysningspligt, sagsbehandlingsfrister og retssikkerhed.<\/strong><\/p>\n<hr data-start=\"808\" data-end=\"811\" \/>\n<h3 data-start=\"813\" data-end=\"826\">BAGGRUND:<\/h3>\n<ul data-start=\"828\" data-end=\"1575\">\n<li data-start=\"828\" data-end=\"952\">\n<p data-start=\"830\" data-end=\"952\">Den 3. august 2024 blev jeg udsat for en voldsom og ubehagelig episode med en politibetjent p\u00e5 K\u00f8benhavns Hovedbaneg\u00e5rd.<\/p>\n<\/li>\n<li data-start=\"953\" data-end=\"1053\">\n<p data-start=\"955\" data-end=\"1053\">Samme dag anmodede jeg rettidigt og skriftligt om aktindsigt, videooverv\u00e5gning og lydoptagelser.<\/p>\n<\/li>\n<li data-start=\"1054\" data-end=\"1246\">\n<p data-start=\"1056\" data-end=\"1246\">Disse beviser blev <strong data-start=\"1075\" data-end=\"1093\">ikke indhentet<\/strong> af politiet, og <strong data-start=\"1110\" data-end=\"1148\">sagen blev senere behandlet af DUP<\/strong>, hvor <strong data-start=\"1155\" data-end=\"1179\">jurist Anna R\u00f8rstr\u00f8m<\/strong> og efterf\u00f8lgende <strong data-start=\"1197\" data-end=\"1222\">stabschef Margit Hald<\/strong> har v\u00e6ret involveret.<\/p>\n<\/li>\n<li data-start=\"1247\" data-end=\"1432\">\n<p data-start=\"1249\" data-end=\"1432\">Min klage blev modtaget af DUP <strong data-start=\"1280\" data-end=\"1306\">inden 30-dages-fristen<\/strong>, men i deres afg\u00f8relse n\u00e6vnes kun situationen <strong data-start=\"1353\" data-end=\"1370\">efter fristen<\/strong> \u2013 hvilket jeg opfatter som <strong data-start=\"1398\" data-end=\"1429\">vildledende og problematisk<\/strong>.<\/p>\n<\/li>\n<li data-start=\"1433\" data-end=\"1575\">\n<p data-start=\"1435\" data-end=\"1575\">Der blev heller ikke reageret p\u00e5 en optagelse foretaget umiddelbart efter h\u00e6ndelsen, som <strong data-start=\"1524\" data-end=\"1574\">direkte modbeviser politiets egen journalnotat<\/strong>.<\/p>\n<\/li>\n<\/ul>\n<hr data-start=\"1577\" data-end=\"1580\" \/>\n<h3 data-start=\"1582\" data-end=\"1604\">PROBLEMSTILLINGER:<\/h3>\n<ol data-start=\"1606\" data-end=\"2332\">\n<li data-start=\"1606\" data-end=\"1689\">\n<p data-start=\"1609\" data-end=\"1689\"><strong data-start=\"1609\" data-end=\"1652\">Bevidst udeladelse af relevante beviser<\/strong>, selvom de er fremsendt rettidigt.<\/p>\n<\/li>\n<li data-start=\"1690\" data-end=\"1805\">\n<p data-start=\"1693\" data-end=\"1805\"><strong data-start=\"1693\" data-end=\"1744\">Afg\u00f8relse baseret p\u00e5 politiets forklaring alene<\/strong>, trods dokumenteret modstrid i mine fremlagte oplysninger.<\/p>\n<\/li>\n<li data-start=\"1806\" data-end=\"2045\">\n<p data-start=\"1809\" data-end=\"2045\"><strong data-start=\"1809\" data-end=\"1838\">Manglende gennemsigtighed<\/strong>: Den jurist der kommunikerede med mig (Anna R\u00f8rstr\u00f8m) skrev ikke under p\u00e5 afg\u00f8relsen \u2013 dette blev gjort af en anden person (Pernille Friis Andersen), hvilket har skabt <strong data-start=\"2007\" data-end=\"2042\">uklarhed om habilitet og ansvar<\/strong>.<\/p>\n<\/li>\n<li data-start=\"2046\" data-end=\"2131\">\n<p data-start=\"2049\" data-end=\"2131\"><strong data-start=\"2049\" data-end=\"2075\">Langsom sagsbehandling<\/strong>, som i praksis har f\u00f8rt til, at beviser er g\u00e5et tabt.<\/p>\n<\/li>\n<li data-start=\"2132\" data-end=\"2332\">\n<p data-start=\"2135\" data-end=\"2332\"><strong data-start=\"2135\" data-end=\"2161\">Frav\u00e6r af objektivitet<\/strong> og manglende inddragelse af borgerens dokumentation \u2013 det efterlader indtrykket af et <strong data-start=\"2248\" data-end=\"2269\">systemisk m\u00f8nster<\/strong>, hvor politiets udl\u00e6gning favoriseres uden egentlig vurdering.<\/p>\n<\/li>\n<\/ol>\n<hr data-start=\"2334\" data-end=\"2337\" \/>\n<h3 data-start=\"2339\" data-end=\"2361\">FORM\u00c5L MED KLAGEN:<\/h3>\n<p data-start=\"2363\" data-end=\"2404\">Jeg anmoder Ombudsmanden om at unders\u00f8ge:<\/p>\n<ul data-start=\"2406\" data-end=\"2773\">\n<li data-start=\"2406\" data-end=\"2483\">\n<p data-start=\"2408\" data-end=\"2483\">Om DUP har overholdt forvaltningslovens krav til oplysning og partsh\u00f8ring<\/p>\n<\/li>\n<li data-start=\"2484\" data-end=\"2572\">\n<p data-start=\"2486\" data-end=\"2572\">Om behandlingen af min sag lever op til kravene om <strong data-start=\"2537\" data-end=\"2570\">objektivitet og retssikkerhed<\/strong><\/p>\n<\/li>\n<li data-start=\"2573\" data-end=\"2664\">\n<p data-start=\"2575\" data-end=\"2664\">Om der er sket <strong data-start=\"2590\" data-end=\"2609\">myndighedssvigt<\/strong> i vurderingen og h\u00e5ndteringen af video-\/lydmateriale<\/p>\n<\/li>\n<li data-start=\"2665\" data-end=\"2773\">\n<p data-start=\"2667\" data-end=\"2773\">Om afg\u00f8relsen b\u00f8r genvurderes, og hvordan lignende sager fremover sikres en fair og retf\u00e6rdig behandling<\/p>\n<\/li>\n<\/ul>\n<hr data-start=\"2775\" data-end=\"2778\" \/>\n<p data-start=\"2780\" data-end=\"2894\"><strong data-start=\"2780\" data-end=\"2894\">Yderligere dokumentation, inkl. korrespondance, afg\u00f8relser og optagelser, er gjort tilg\u00e6ngelig offentligt her:<\/strong><\/p>\n<p data-start=\"2896\" data-end=\"3051\">\ud83d\udd17 <a class=\"\" href=\"https:\/\/zlcopenhagen.com\/da\/politiet-vasker-sager-og-i-krise-skyllemiddel\/\" target=\"_new\" rel=\"noopener\" data-start=\"2899\" data-end=\"3051\">https:\/\/zlcopenhagen.com\/da\/politiet-vasker-sager-og-i-krise-skyllemiddel\/<\/a><\/p>\n<hr data-start=\"3053\" data-end=\"3056\" \/>\n<p data-start=\"3058\" data-end=\"3230\">Jeg ser frem til Ombudsmandens vurdering og h\u00e5ber, at min sag kan bidrage til at sikre mere gennemsigtighed og ansvarlighed i behandlingen af borgeres klager over politiet.<\/p>\n<p data-start=\"3232\" data-end=\"3267\">Med venlig hilsen<br data-start=\"3249\" data-end=\"3252\" \/><strong data-start=\"3252\" data-end=\"3267\">Zahid Latif<\/strong><\/p>\n<p>[\/spb_toggle] [spb_toggle element_name=&#8221;SVAR TIL DUP\/ Sagsbehandler: MHA, Margit Hald 6\/8\/2025&#8243; title=&#8221;SVAR TIL DUP\/ Sagsbehandler: MHA, Margit Hald 6\/8\/2025&#8243; open=&#8221;false&#8221; width=&#8221;1\/1&#8243; el_position=&#8221;first last&#8221;]<\/p>\n<h3 data-start=\"176\" data-end=\"241\">MIT SVAR TIL STABSCHEF MARGIT HALD \u2013 VEDR. SAG 331-2380-24<\/h3>\n<p data-start=\"243\" data-end=\"370\"><strong data-start=\"243\" data-end=\"324\">Sendt til: Den Uafh\u00e6ngige Politiklagemyndighed<br data-start=\"291\" data-end=\"294\" \/>Att.: Margit Hald, stabschef<\/strong><br data-start=\"324\" data-end=\"327\" \/><strong data-start=\"327\" data-end=\"370\">Dato: [inds\u00e6t evt. afsendelsesdato her]<\/strong><\/p>\n<hr data-start=\"372\" data-end=\"375\" \/>\n<p data-start=\"377\" data-end=\"394\">K\u00e6re Margit Hald,<\/p>\n<p data-start=\"396\" data-end=\"413\">Tak for dit svar.<\/p>\n<p data-start=\"415\" data-end=\"593\">Det fremg\u00e5r af dit brev, at I henviser til modtagelse af min klage den 3. september 2024, hvilket placerer anmodningen <strong data-start=\"534\" data-end=\"543\">efter<\/strong> 30-dages fristen for sletning af videooptagelser.<\/p>\n<p data-start=\"595\" data-end=\"614\">Men det er forkert.<\/p>\n<p data-start=\"616\" data-end=\"888\"><strong data-start=\"616\" data-end=\"812\">Jeg har vedh\u00e6ftet dokumentation for, at jeg allerede den 3. august 2024 \u2013 samme dag som h\u00e6ndelsen \u2013 skriftligt anmodede politiet om videomateriale og identificering af de involverede betjente.<\/strong> Denne mail er sendt til <em data-start=\"837\" data-end=\"852\"><a class=\"\" href=\"mailto:kbh@politi.dk\" rel=\"noopener\" data-start=\"838\" data-end=\"851\">kbh@politi.dk<\/a><\/em> og fremg\u00e5r af sagens dokumentation.<\/p>\n<p data-start=\"890\" data-end=\"1093\">Det vil sige, at jeg <strong data-start=\"911\" data-end=\"936\">har overholdt fristen<\/strong> if\u00f8lge tv-overv\u00e5gningslovens \u00a7 4 c, stk. 4. Ansvaret for, at bevismaterialet ikke blev sikret, <strong data-start=\"1032\" data-end=\"1081\">p\u00e5hviler dermed politiet og efterf\u00f8lgende DUP<\/strong> \u2013 ikke mig.<\/p>\n<p data-start=\"1095\" data-end=\"1316\">N\u00e5r du i din afg\u00f8relse v\u00e6lger at <strong data-start=\"1128\" data-end=\"1211\">henholde dig til klagedatoen og ikke til den dokumenterede anmodning om beviser<\/strong>, overser du bevidst den reelle problematik og svigter b\u00e5de oplysningspligten og borgerens retssikkerhed.<\/p>\n<hr data-start=\"1318\" data-end=\"1321\" \/>\n<h3 data-start=\"1323\" data-end=\"1343\">Vigtige punkter:<\/h3>\n<ul data-start=\"1345\" data-end=\"1553\">\n<li data-start=\"1345\" data-end=\"1399\">\n<p data-start=\"1347\" data-end=\"1399\"><strong data-start=\"1347\" data-end=\"1399\">Min anmodning om video blev sendt 3. august 2024<\/strong><\/p>\n<\/li>\n<li data-start=\"1400\" data-end=\"1477\">\n<p data-start=\"1402\" data-end=\"1477\"><strong data-start=\"1402\" data-end=\"1477\">DUP henviser i sin afg\u00f8relse udelukkende til klagedatoen (3. september)<\/strong><\/p>\n<\/li>\n<li data-start=\"1478\" data-end=\"1553\">\n<p data-start=\"1480\" data-end=\"1553\">Det <strong data-start=\"1484\" data-end=\"1553\">\u00e6ndrer ikke p\u00e5, at politiet har haft dokumenteret viden og ansvar<\/strong><\/p>\n<\/li>\n<\/ul>\n<hr data-start=\"1555\" data-end=\"1558\" \/>\n<p data-start=\"1560\" data-end=\"1735\">Jeg beder derfor om en <strong data-start=\"1583\" data-end=\"1599\">ny vurdering<\/strong>, hvor den oprindelige anmodning fra den 3. august 2024 <strong data-start=\"1655\" data-end=\"1735\">indt\u00e6nkes som det, den er: En rettidig og dokumenteret anmodning om beviser.<\/strong><\/p>\n<p data-start=\"1737\" data-end=\"1920\">Jeg forventer samtidig, at du som stabschef i DUP forholder dig til, <strong data-start=\"1806\" data-end=\"1920\">hvordan systemet konsekvent svigter, n\u00e5r borgeren g\u00f8r alt efter reglerne \u2013 men beviserne alligevel forsvinder.<\/strong><\/p>\n<hr data-start=\"1922\" data-end=\"1925\" \/>\n<p data-start=\"1927\" data-end=\"1988\">Med venlig hilsen<br data-start=\"1944\" data-end=\"1947\" \/><strong data-start=\"1947\" data-end=\"1962\">Zahid Latif<\/strong><br data-start=\"1962\" data-end=\"1965\" \/>Journalnr.: 331-2380-24<\/p>\n<p>[\/spb_toggle] [spb_toggle element_name=&#8221;SVAR FRA DUP\/ Sagsbehandler: MHA, Margit Hald 4\/8\/2025&#8243; title=&#8221;SVAR FRA DUP\/ Sagsbehandler: MHA, Margit Hald 4\/8\/2025&#8243; open=&#8221;false&#8221; width=&#8221;1\/1&#8243; el_position=&#8221;first last&#8221;]<\/p>\n<p data-start=\"463\" data-end=\"597\"><strong data-start=\"463\" data-end=\"527\">Den Uafh\u00e6ngige Politiklagemyndighed (Politiklagemyndigheden)<\/strong> har modtaget din mail <strong data-start=\"550\" data-end=\"566\">2. juli 2025<\/strong> vedr. sag nr. <strong data-start=\"581\" data-end=\"596\">331-2380-24<\/strong>.<\/p>\n<p data-start=\"599\" data-end=\"659\">Du skriver blandt andet i din mail, at din henvendelse er:<\/p>\n<blockquote data-start=\"660\" data-end=\"872\">\n<p data-start=\"662\" data-end=\"872\"><em data-start=\"662\" data-end=\"872\">\u201cen konkretiseret ny klage over sagsbehandlerens (Anna R\u00f8rstr\u00f8ms) behandling, herunder brud p\u00e5 officialmaksimen, urigtig gengivelse af faktiske oplysninger og fejl i vurdering af dokumenteret bevismateriale.\u201d<\/em><\/p>\n<\/blockquote>\n<p data-start=\"874\" data-end=\"1152\">Efter genneml\u00e6sning har Politiklagemyndigheden forst\u00e5et din mail s\u00e5ledes, at du <strong data-start=\"954\" data-end=\"969\">klager over<\/strong>, at fuldm\u00e6gtig <strong data-start=\"985\" data-end=\"1002\">Anna R\u00f8rstr\u00f8m<\/strong> i sag nr. <strong data-start=\"1013\" data-end=\"1028\">331-2380-24<\/strong> ikke indhentede videooverv\u00e5gning, og at en lydfil optaget umiddelbart efter h\u00e6ndelsen <strong data-start=\"1115\" data-end=\"1151\">ikke blev inddraget i afg\u00f8relsen<\/strong>.<\/p>\n<p data-start=\"1154\" data-end=\"1247\">Endvidere <strong data-start=\"1164\" data-end=\"1246\">beder du om en bekr\u00e6ftelse p\u00e5, hvem der bar det formelle ansvar for afg\u00f8relsen<\/strong>.<\/p>\n<hr data-start=\"1249\" data-end=\"1252\" \/>\n<p data-start=\"1254\" data-end=\"1455\"><strong data-start=\"1254\" data-end=\"1292\">Det fremg\u00e5r af sag nr. 331-2380-24<\/strong>, at du den <strong data-start=\"1304\" data-end=\"1325\">3. september 2024<\/strong> klagede over politiets adf\u00e6rd i forbindelse med en episode, der fandt sted <strong data-start=\"1401\" data-end=\"1419\">3. august 2024<\/strong> p\u00e5 <strong data-start=\"1423\" data-end=\"1454\">Hovedbaneg\u00e5rden i K\u00f8benhavn<\/strong>.<\/p>\n<p data-start=\"1457\" data-end=\"1563\">Det fremg\u00e5r af <strong data-start=\"1472\" data-end=\"1504\">afg\u00f8relsen af 24. marts 2025<\/strong>, at du har oplyst, at der er videooverv\u00e5gning af episoden.<\/p>\n<p data-start=\"1565\" data-end=\"1645\">Efter <strong data-start=\"1571\" data-end=\"1595\">tv-overv\u00e5gningsloven<\/strong> skal optagelser slettes efter senest <strong data-start=\"1633\" data-end=\"1644\">30 dage<\/strong>.<\/p>\n<blockquote data-start=\"1647\" data-end=\"1769\">\n<p data-start=\"1649\" data-end=\"1769\"><strong data-start=\"1649\" data-end=\"1769\">Politiklagemyndigheden har derfor ikke indhentet videomateriale fra politiekspeditionen p\u00e5 K\u00f8benhavns Hovedbaneg\u00e5rd.<\/strong><\/p>\n<\/blockquote>\n<hr data-start=\"1771\" data-end=\"1774\" \/>\n<p data-start=\"1776\" data-end=\"1968\">Af afg\u00f8relsen fremg\u00e5r ogs\u00e5, at <strong data-start=\"1807\" data-end=\"1853\">du har fremsendt en lydoptagelse til sagen<\/strong> og oplyst, at den er optaget umiddelbart efter episoden. I afg\u00f8relsen er indholdet af lydoptagelsen <strong data-start=\"1954\" data-end=\"1967\">beskrevet<\/strong>.<\/p>\n<hr data-start=\"1970\" data-end=\"1973\" \/>\n<h3 data-start=\"1975\" data-end=\"2006\">Afg\u00f8relse og begrundelse<\/h3>\n<p data-start=\"2008\" data-end=\"2159\">P\u00e5 baggrund af sagens oplysninger <strong data-start=\"2042\" data-end=\"2158\">finder jeg, at der ikke er grundlag for at kritisere fuldm\u00e6gtig Anna R\u00f8rstr\u00f8ms behandling af sag nr. 331-2380-24<\/strong>.<\/p>\n<p data-start=\"2161\" data-end=\"2279\">For s\u00e5 vidt ang\u00e5r klagen over, at fuldm\u00e6gtig Anna R\u00f8rstr\u00f8m <strong data-start=\"2220\" data-end=\"2256\">ikke indhentede videooverv\u00e5gning<\/strong>, har jeg lagt v\u00e6gt p\u00e5:<\/p>\n<ul data-start=\"2281\" data-end=\"2395\">\n<li data-start=\"2281\" data-end=\"2329\">\n<p data-start=\"2283\" data-end=\"2329\">At din klage <strong data-start=\"2296\" data-end=\"2329\">er modtaget 3. september 2024<\/strong><\/p>\n<\/li>\n<li data-start=\"2330\" data-end=\"2395\">\n<p data-start=\"2332\" data-end=\"2395\">At episoden, som du klager over, <strong data-start=\"2365\" data-end=\"2395\">er foreg\u00e5et 3. august 2024<\/strong><\/p>\n<\/li>\n<\/ul>\n<p data-start=\"2397\" data-end=\"2493\">Jeg har endvidere lagt v\u00e6gt p\u00e5, at <strong data-start=\"2432\" data-end=\"2492\">den lydfil, som du fremsendte, er inddraget i afg\u00f8relsen<\/strong>.<\/p>\n<hr data-start=\"2495\" data-end=\"2498\" \/>\n<p data-start=\"2500\" data-end=\"2711\"><strong data-start=\"2500\" data-end=\"2537\">Politiklagemyndigheden kan oplyse<\/strong>, at det er <strong data-start=\"2549\" data-end=\"2575\">helt s\u00e6dvanlig praksis<\/strong>, at afg\u00f8relser, der er skrevet af fuldm\u00e6gtige, <strong data-start=\"2623\" data-end=\"2676\">forel\u00e6gges og underskrives af en specialkonsulent<\/strong>, som det er sket i dette tilf\u00e6lde.<\/p>\n<p data-start=\"2713\" data-end=\"2804\">Dette \u00e6ndrer ikke p\u00e5, at <strong data-start=\"2738\" data-end=\"2803\">Politiklagemyndigheden har det formelle ansvar for afg\u00f8relsen<\/strong>.<\/p>\n<hr data-start=\"2806\" data-end=\"2809\" \/>\n<p data-start=\"2811\" data-end=\"2886\"><strong data-start=\"2811\" data-end=\"2886\">Denne afg\u00f8relse er endelig og kan ikke p\u00e5klages til en anden myndighed.<\/strong><\/p>\n<p data-start=\"2888\" data-end=\"3031\">Fremtidige henvendelser vedr\u00f8rende ovenn\u00e6vnte <strong data-start=\"2934\" data-end=\"2971\">vil blive l\u00e6st, men ikke besvaret<\/strong>, medmindre de indeholder <strong data-start=\"2997\" data-end=\"3030\">nye og v\u00e6sentlige oplysninger<\/strong>.<\/p>\n<hr data-start=\"3033\" data-end=\"3036\" \/>\n<p data-start=\"3038\" data-end=\"3123\">Med venlig hilsen<br data-start=\"3055\" data-end=\"3058\" \/><strong data-start=\"3058\" data-end=\"3073\">Margit Hald<\/strong><br data-start=\"3073\" data-end=\"3076\" \/>Stabschef<br data-start=\"3085\" data-end=\"3088\" \/>Den Uafh\u00e6ngige Politiklagemyndighed<\/p>\n<p>[\/spb_toggle] [spb_toggle element_name=&#8221;SVAR TIL DUP\/ Sagsbehandler: MHA, Margit Hald 2\/7\/2025&#8243; title=&#8221;SVAR TIL DUP\/ Sagsbehandler: MHA, Margit Hald 2\/7\/2025&#8243; open=&#8221;false&#8221; width=&#8221;1\/1&#8243; el_position=&#8221;first last&#8221;]<\/p>\n<h2 data-start=\"676\" data-end=\"762\">EMNE: Manglende svar p\u00e5 konkretiseret klage \u2013 sag 349-1586-25 (opr. 331-2380-24)<\/h2>\n<p data-start=\"764\" data-end=\"781\">K\u00e6re Margit Hald,<\/p>\n<p data-start=\"783\" data-end=\"834\">Tak for modtagelsen af jeres brev af 30. juni 2025.<\/p>\n<p data-start=\"836\" data-end=\"1159\">Jeg skal hermed g\u00f8re opm\u00e6rksom p\u00e5, at min henvendelse <strong data-start=\"890\" data-end=\"936\">ikke alene er en anmodning om genoptagelse<\/strong>, men en <strong data-start=\"945\" data-end=\"1024\">konkretiseret og ny klage over sagsbehandlerens (Anna R\u00f8rstr\u00f8ms) behandling<\/strong>, herunder <strong data-start=\"1035\" data-end=\"1158\">brud p\u00e5 officialmaksimen, urigtig gengivelse af faktiske oplysninger og fejl i vurdering af dokumenteret bevismateriale<\/strong>.<\/p>\n<p data-start=\"1161\" data-end=\"1322\">Disse forhold er <strong data-start=\"1178\" data-end=\"1219\">ikke behandlet i jeres tidligere svar<\/strong> og kan derfor ikke afvises med henvisning til tidligere korrespondance. Jeg anmoder derfor fortsat om:<\/p>\n<ul data-start=\"1324\" data-end=\"1551\">\n<li data-start=\"1324\" data-end=\"1381\">\n<p data-start=\"1326\" data-end=\"1381\">En formel vurdering af sagsbehandlingsfejl og habilitet<\/p>\n<\/li>\n<li data-start=\"1382\" data-end=\"1482\">\n<p data-start=\"1384\" data-end=\"1482\">En forklaring p\u00e5 DUP\u2019s undladelse af at inddrage rettidige og dokumenterede anmodninger og beviser<\/p>\n<\/li>\n<li data-start=\"1483\" data-end=\"1551\">\n<p data-start=\"1485\" data-end=\"1551\">En bekr\u00e6ftelse af, hvem der bar det formelle ansvar for afg\u00f8relsen<\/p>\n<\/li>\n<\/ul>\n<p data-start=\"1553\" data-end=\"1768\">S\u00e5fremt dette afvises uden reel sagsbehandling, vil jeg oversende hele sagen med dokumentation og bevisbilag til <strong data-start=\"1666\" data-end=\"1693\">Folketingets Ombudsmand<\/strong> samt offentligg\u00f8re sagen som dokumenteret eksempel p\u00e5 retsusikker praksis.<\/p>\n<p data-start=\"1770\" data-end=\"1801\">Med venlig hilsen<br data-start=\"1787\" data-end=\"1790\" \/>Zahid Latif<\/p>\n<p>[\/spb_toggle] [spb_toggle element_name=&#8221;SVAR FRA DUP\/ Sagsbehandler: MHA, Margit Hald 30\/6\/2025&#8243; title=&#8221;SVAR FRA DUP\/ Sagsbehandler: MHA, Margit Hald 30\/6\/2025&#8243; open=&#8221;false&#8221; width=&#8221;1\/1&#8243; el_position=&#8221;first last&#8221;]<\/p>\n<p data-start=\"71\" data-end=\"91\"><strong data-start=\"71\" data-end=\"91\">Vedr\u00f8rende klage<\/strong><\/p>\n<p data-start=\"93\" data-end=\"191\">Den Uafh\u00e6ngige Politiklagemyndighed har modtaget din mail 24. juni 2025 vedr. sag nr. 331-2380-24.<\/p>\n<p data-start=\"193\" data-end=\"461\">Politiklagemyndigheden har forst\u00e5et din mail s\u00e5ledes, at du anmoder om at sag nr. 331-2380-24 genoptages, klager over at Politiklagemyndigheden har beg\u00e5et sagsbehandlingsfejl samt anmoder om en redeg\u00f8relse for, hvorfor beviser og henvendelser ikke indgik i afg\u00f8relsen.<\/p>\n<p data-start=\"463\" data-end=\"558\">Det har vi tidligere svaret dig p\u00e5 i brev af 26. marts 2025 og 24. juni 2025, hvortil henvises.<\/p>\n<p data-start=\"560\" data-end=\"748\">I brevet af 24. juni 2025 er du vejledt om, at vores afg\u00f8relse om ikke at genoptage sagen er endelig og ikke kan indbringes for anden administrativ myndighed, jf. retsplejelovens \u00a7 1019 m.<\/p>\n<p data-start=\"750\" data-end=\"940\">Du er endvidere vejledt om, at klager over Politiklagemyndighedens sagsbehandling kan indgives til Folketingets Ombudsmand. Du kan finde n\u00e6rmere vejledning herom p\u00e5 Ombudsmandens hjemmeside.<\/p>\n<p data-start=\"942\" data-end=\"1082\">Fremtidige henvendelser vedr\u00f8rende ovenn\u00e6vnte vil blive l\u00e6st, men ikke besvaret, med mindre, at de indeholder nye og v\u00e6sentlige oplysninger.<\/p>\n<p data-start=\"1084\" data-end=\"1131\">Med venlig hilsen<br data-start=\"1101\" data-end=\"1104\" \/><strong data-start=\"1104\" data-end=\"1119\">Margit Hald<\/strong><br data-start=\"1119\" data-end=\"1122\" \/>Stabschef<\/p>\n<p data-start=\"1133\" data-end=\"1219\" data-is-last-node=\"\" data-is-only-node=\"\">Aarhus, 30-06-2025<br data-start=\"1151\" data-end=\"1154\" \/><strong data-start=\"1154\" data-end=\"1181\">Journalnr.: 349-1586-25<\/strong><br data-start=\"1181\" data-end=\"1184\" \/><strong data-start=\"1184\" data-end=\"1219\" data-is-last-node=\"\">Sagsbehandler: MHA, Margit Hald<\/strong><\/p>\n<p>[\/spb_toggle] [spb_toggle element_name=&#8221;MIT SVAR TIL DUP\/ ANNA R\u00d8RSTR\u00d8M 24\/6\/2025&#8243; title=&#8221;MIT SVAR TIL DUP\/ ANNA R\u00d8RSTR\u00d8M 24\/6\/2025&#8243; open=&#8221;false&#8221; width=&#8221;1\/1&#8243; el_position=&#8221;first last&#8221;]<\/p>\n<h2 data-pm-slice=\"1 1 []\">KLAGE TIL DUP \u2013 SAG 331-2380-24<\/h2>\n<p><strong>KLAGER<\/strong>: Zahid Latif<br \/>\n<strong>MODTAGER<\/strong>: Den Uafh\u00e6ngige Politiklagemyndighed (DUP)<br \/>\n<strong>EMNE<\/strong>: Anmodning om genoptagelse samt klage over sagsbehandler Anna R\u00f8rstr\u00f8m<\/p>\n<div>\n<hr \/>\n<\/div>\n<h3>BAGGRUND:<\/h3>\n<p>Den 3. august 2024 blev jeg udsat for en episode med politibetjent B0873 p\u00e5 K\u00f8benhavns Hovedbaneg\u00e5rd. Samme dag anmodede jeg skriftligt om aktindsigt, videomateriale og identifikation af involverede betjente. Alligevel blev bevismateriale ikke sikret, trods at anmodningerne blev fremsendt <strong>inden for den lovpligtige 30-dages-frist<\/strong>, jf. <strong>tv-overv\u00e5gningslovens \u00a7 4 c, stk. 4<\/strong>.<\/p>\n<p>Min sag blev behandlet af jurist Anna R\u00f8rstr\u00f8m, men afg\u00f8relsen blev signeret af en anden medarbejder (Pernille Friis Andersen), hvilket har skabt <strong>uklarhed omkring ansvar og habilitet<\/strong>.<\/p>\n<div>\n<hr \/>\n<\/div>\n<h3>KLAGEPUNKTER MOD SAGSBEHANDLINGEN<\/h3>\n<h4>1. BRUD P\u00c5 OFFICIALMAKSIMEN<\/h4>\n<p>DUP har ikke sikret en tilstr\u00e6kkeligt oplyst sag. Min dokumenterede anmodning om videooverv\u00e5gning den 3. august 2024 blev ikke inddraget eller v\u00e6gtet i afg\u00f8relsen. Lydoptagelse optaget kort efter h\u00e6ndelsen blev ligeledes ignoreret.<\/p>\n<h4>2. FORKERT ANVENDELSE AF 30-DAGES-FRISTEN<\/h4>\n<p>Det anf\u00f8res, at beviser ikke kunne sikres, da mere end 30 dage var g\u00e5et. Dette p\u00e5 trods af at <strong>dokumentation for anmodning den 3. august 2024 forel\u00e5 i sagens akter<\/strong>. Politiet undlod at reagere \u2013 DUP lagde herefter ansvaret over p\u00e5 borgeren.<\/p>\n<h4>3. MANGLENDE HENVISNING TIL BEVISMATERIALE<\/h4>\n<p>DUP undlod at inddrage:<\/p>\n<ul data-spread=\"false\">\n<li>Min f\u00f8rste e-mail 3. august 2024 til <a>kbh@politi.dk<\/a><\/li>\n<li>Lydfil optaget umiddelbart efter h\u00e6ndelsen<\/li>\n<li>Offentligt tilg\u00e6ngelige blogopslag med fremlagte beviser<\/li>\n<\/ul>\n<h4>4. INHABILITET OG ANSVARSUKLARHED<\/h4>\n<ul data-spread=\"false\">\n<li>Juridisk sagsbehandler Anna R\u00f8rstr\u00f8m optr\u00e6der i gentagen kommunikation med mig i sagen, men den endelige afg\u00f8relse er underskrevet af en anden jurist. Dette har skabt v\u00e6sentlig uklarhed om, hvem der reelt har haft ansvaret for sagens behandling og beslutning, hvilket er uacceptabelt i en forvaltningssag af denne karakter.<\/li>\n<li>Vidneudsagn fra involverede betjentes kollegaer (direkte relationer) er anvendt som hovedbeviser, hvilket udg\u00f8r en klar habilitetsproblematik. Disse vidner kan ikke betragtes som uafh\u00e6ngige, og deres forklaringer er uden bevism\u00e6ssig v\u00e6rdi i en objektiv vurdering. Hertil kommer, at min lydbesked \u2013 optaget umiddelbart efter episoden \u2013 st\u00e5r i direkte modstrid med betjentens POLDOK-notat, som blev indtastet kun f\u00e5 minutter tidligere. Det er derfor helt uacceptabelt, at DUP har valgt at st\u00f8tte afg\u00f8relsen p\u00e5 politiets interne versioner alene.<\/li>\n<li>Der blev ikke gjort fors\u00f8g p\u00e5 at inddrage uafh\u00e6ngige vidner.<\/li>\n<\/ul>\n<h4>5. FORSINKET BEHANDLING OG PASSIVITET<\/h4>\n<ul data-spread=\"false\">\n<li>Klagen blev f\u00f8rst bekr\u00e6ftet modtaget 16. september 2024 \u2013 alts\u00e5 flere uger efter den blev sendt. I mellemtiden blev afg\u00f8rende beviser ikke sikret, hvilket har forringet min retsstilling v\u00e6sentligt. Dette m\u00f8nster gentog sig i en anden sag den 7. oktober 2024, hvor jeg ogs\u00e5 rettidigt bad om videomateriale, som systematisk blev slettet. Det viser, at afg\u00f8rende beviser konsekvent forskydes eller forsvinder i tide til, at myndighederne kan fraskrive sig ansvar.<\/li>\n<li>Aktindsigten blev givet 6. september \u2013 for sent i forhold til offentlighedslovens \u00a7 7, stk. 1, som fasts\u00e6tter en svarfrist p\u00e5 maksimalt 7 arbejdsdage. Denne overskridelse er ikke blot en fors\u00f8mmelse, men et alvorligt brud p\u00e5 lovens krav og et konkret eksempel p\u00e5, hvordan myndighedernes passivitet kan f\u00f8re til, at afg\u00f8rende beviser ikke bliver sikret \u2013 hvilket sv\u00e6kker borgerens retssikkerhed og dokumentationsmuligheder.<\/li>\n<\/ul>\n<h4>6. FRAV\u00c6R AF OBJEKTIV VURDERING<\/h4>\n<ul data-spread=\"false\">\n<li>Dokumenter, henvendelser og optagelser blev ikke behandlet som bevismateriale. Tv\u00e6rtimod b\u00e6rer den samlede kommunikation og afg\u00f8relsens udformning pr\u00e6g af en k\u00f8lig, ikke-vejledende og juridisk distanceret tone, som ikke afspejler den oplysningspligt og im\u00f8dekommende tilgang, myndigheder i et retssamfund skal praktisere over for borgeren. Dette efterlader et klart indtryk af, at sagen har v\u00e6ret f\u00f8rt som en konfrontation \u2013 myndigheden mod borgeren \u2013 frem for en objektiv og balanceret vurdering.<\/li>\n<li>Afg\u00f8relsen fremst\u00e5r som en ukritisk gengivelse af politiets interne forklaringer og efterlader indtrykket af at v\u00e6re udarbejdet til forsvar for politiets handlinger, frem for at v\u00e6re resultatet af en uafh\u00e6ngig og objektiv vurdering. Denne tilgang undergraver den tillid og neutralitet, som borgerne med rette m\u00e5 kunne forvente af en uafh\u00e6ngig tilsynsmyndighed.<\/li>\n<\/ul>\n<div>\n<hr \/>\n<\/div>\n<h3>BEVIDST MAGTANVENDELSE OG SYSTEMATISK FRASKRIVELSE AF ANSVAR:<\/h3>\n<p>Den 24. juni 2025 meddelte DUP f\u00f8lgende i sin endelige afg\u00f8relse:<\/p>\n<blockquote><p>&#8220;Politiklagemyndigheden finder, at der ikke er fremkommet nye faktiske oplysninger af s\u00e5 v\u00e6sentlig betydning for sagen, at der er grundlag for at antage, at afg\u00f8relsen ville have f\u00e5et et andet udfald, s\u00e5fremt oplysningerne havde foreligget i forbindelse med Politiklagemyndighedens oprindelige behandling af sagen.&#8221;<\/p><\/blockquote>\n<blockquote><p>&#8220;P\u00e5 den baggrund genoptager Politiklagemyndigheden ikke behandlingen af sagen. Vores afg\u00f8relse er endelig og kan ikke indbringes for anden administrativ myndighed, jf. retsplejelovens \u00a7 1019 m.&#8221;<\/p><\/blockquote>\n<p>Denne afg\u00f8relse udtrykker ikke blot passivitet, men illustrerer en <strong>bevidst magtanvendelse<\/strong>, hvor borgerens rettigheder og dokumentation negligeres. At n\u00e6gte genoptagelse p\u00e5 trods af fremlagte og dokumenterede beviser (optagelser, e-mails, lovhenvisninger) er ikke udtryk for manglende information \u2013 men for en <strong>systematisk fraskrivelse af ansvar<\/strong>, hvor magten ensidigt bruges til at lukke sagen ned.<\/p>\n<div>\n<hr \/>\n<\/div>\n<h3>P\u00c5STAND:<\/h3>\n<p>Sagsbehandler Anna R\u00f8rstr\u00f8m har:<\/p>\n<ul data-spread=\"false\">\n<li>Undladt at inddrage centrale beviser<\/li>\n<li>Vist manglende objektivitet<\/li>\n<li>Udvist sagsbehandlingsfejl, der har sv\u00e6kket min retsstilling<\/li>\n<\/ul>\n<p>Dette strider mod forvaltningsretlige grundprincipper om saglighed, habilitet og pligten til at sikre, at en sag er fuldt oplyst.<\/p>\n<div>\n<hr \/>\n<\/div>\n<h3>ANMODNING:<\/h3>\n<ol start=\"1\" data-spread=\"false\">\n<li>At sagen genoptages og vurderes med alle beviser inddraget<\/li>\n<li>At DUP forholder sig til sagsbehandlingsfejlene beg\u00e5et af Anna R\u00f8rstr\u00f8m<\/li>\n<li>At der gives en begrundet redeg\u00f8relse for, hvorfor beviser og henvendelser ikke indgik i afg\u00f8relsen<\/li>\n<li>At sagsgennemgangen fremadrettet sker med transparens og borgerinddragelse<\/li>\n<\/ol>\n<p>Vedlagt:<\/p>\n<ul data-spread=\"false\">\n<li>Samlet dokumentation opstillet p\u00e5 min side, herunder kronologisk opsummering af h\u00e6ndelser<\/li>\n<li>Kopi af e-mails sendt 3., 4. og 16. august 2024<\/li>\n<li>Lydfiloptagelse optaget umiddelbart efter h\u00e6ndelsen (omtalt i sagen)<\/li>\n<li>Screenshots og transkriptioner fra offentligt tilg\u00e6ngelige blogindl\u00e6g og bevismateriale: <a>https:\/\/zlcopenhagen.com<\/a><\/li>\n<li>Sammenligning af POLDOK-notat og lydoptagelse, som viser klare modstridende udsagn<\/li>\n<li>Uddrag af skriftlig kommunikation med DUP, herunder juridisk vurdering af tonen og ansvarsplaceringen<\/li>\n<\/ul>\n<p>Med venlig hilsen<br \/>\nZahid Latif<br \/>\n<strong>Journalnr. 331-2380-24<\/strong><\/p>\n<p>&nbsp;<\/p>\n<p>[\/spb_toggle] [spb_toggle element_name=&#8221;MIT SVAR TIL DUP\/ ANNA R\u00d8RSTR\u00d8M 28\/3\/2025&#8243; title=&#8221;MIT SVAR TIL DUP\/ ANNA R\u00d8RSTR\u00d8M 28\/3\/2025&#8243; open=&#8221;false&#8221; width=&#8221;1\/1&#8243; el_position=&#8221;first last&#8221;]<\/p>\n<div class=\"nH\">\n<div class=\"V8djrc byY\">\n<div data-num-unread-messages=\"0\" data-num-visible-messages=\"1\">\n<div class=\"ha\">\n<h3 class=\"hP\" tabindex=\"-1\" data-thread-perm-id=\"thread-a:r1717447819084571842\" data-legacy-thread-id=\"195dc302e0f7a6f0\">EMNE: Anmodning om genoptagelse p\u00e5 baggrund af alvorlige sagsbehandlingsfejl og svigt<\/h3>\n<div class=\"pG\" tabindex=\"0\" role=\"switch\" data-tooltip-contained=\"true\" data-tooltip-align=\"b,l\" data-tooltip-delay=\"1500\" aria-label=\"Not important\" aria-checked=\"false\" data-is-important=\"false\">\n<div class=\"bnj \"><span style=\"font-size: large;\">TIL: Den Uafh\u00e6ngige Politiklagemyndighed (DUP)<\/span><\/div>\n<div class=\"bnj \"><span style=\"font-size: large;\">Journalnummer 331-2380-24<\/span><\/div>\n<\/div>\n<\/div>\n<\/div>\n<\/div>\n<\/div>\n<div class=\"nH\">\n<div class=\"aHU hx\">\n<div role=\"list\">\n<div class=\"h7 ie\" tabindex=\"-1\" role=\"listitem\" aria-expanded=\"true\">\n<div class=\"Bk\">\n<div class=\"G3 G2\">\n<div id=\":1l3\">\n<div class=\"adn ads\" data-message-id=\"#msg-a:r1712490365139552162\" data-legacy-message-id=\"195dc70e98abd784\">\n<div class=\"gs\">\n<div class=\"\">\n<div id=\":1lh\" class=\"ii gt\">\n<div id=\":1l1\" class=\"a3s aiL \">\n<div dir=\"ltr\">\n<p><strong><span style=\"font-size: large;\">Hej Anna R\u00f8rstr\u00f8m<\/span><\/strong><\/p>\n<p><span style=\"font-size: large;\">Efter at have gennemg\u00e5et jeres endelige afg\u00f8relse (se bilag) i detaljer blev det klart for mig, at jeg m\u00e5tte udforme et nyt brev, som tydeligere beskriver de alvorlige\u00a0<b>sagsbehandlingsfejl\u00a0<\/b>og\u00a0<b>selvmodsigelser<\/b>, jeg har fundet. Derfor fremsender jeg nu dette opdaterede brev med henblik p\u00e5 en grundigere vurdering og genoptagelse af sagen.<\/span><\/p>\n<h3><span style=\"font-size: large;\">1. Rettidige anmodninger og dokumentation<\/span><\/h3>\n<p><span style=\"font-size: large;\">Allerede den 3. august 2024 \u2014 samme dag som h\u00e6ndelsen \u2014 anmodede jeg skriftligt om:<\/span><\/p>\n<ul>\n<li><strong><span style=\"font-size: large;\">Aktindsigt<\/span><\/strong><\/li>\n<li><strong><span style=\"font-size: large;\">Video- og lydoptagelser<\/span><\/strong><\/li>\n<li><strong><span style=\"font-size: large;\">Identifikation af de involverede betjente<\/span><\/strong><\/li>\n<\/ul>\n<p><strong><span style=\"font-size: large;\">F\u00f8rste skriftlige anmodning:<\/span><\/strong><\/p>\n<p><span style=\"font-size: large;\">Afsender: Zahid Latif (<a href=\"mailto:latif.zahid@gmail.com\" target=\"_blank\" rel=\"noopener\">latif.zahid@gmail.com<\/a>) Dato: 3. august 2024 kl. 17:19 Emne: Hvordan skal man respektere ordensmagten, n\u00e5r der bliver lavet rullende \u00f8jne<\/span><\/p>\n<p><span style=\"font-size: large;\">\u201cJeg vil ha\u2019 videomateriale af episoden og den optagede samtale under politimandens samtale i dag til Anklagemyndigheden. Det er hermed bekr\u00e6ftet, at politiet er en flok racister, der kun er ude p\u00e5 at optrappe konflikter og skider p\u00e5 os indvandrere og muslimer.\u201d<\/span><\/p>\n<p><span style=\"font-size: large;\">Denne anmodning blev efterf\u00f8lgende fulgt op:<\/span><\/p>\n<ul>\n<li><strong><span style=\"font-size: large;\">Den 4. august 2024 med pr\u00e6cisering og rykker<\/span><\/strong><\/li>\n<li><strong><span style=\"font-size: large;\">Den 16. august 2024 med ny aktindsigtsanmodning direkte til Politiklagemyndigheden<\/span><\/strong><\/li>\n<li><strong><span style=\"font-size: large;\">Ved telefonisk orientering til Anna R\u00f8rstr\u00f8m i marts 2025<\/span><\/strong><\/li>\n<\/ul>\n<h3><span style=\"font-size: large;\">2. Manglende sikring af beviser<\/span><\/h3>\n<p><span style=\"font-size: large;\">Trods mine rettidige og gentagne anmodninger blev video- og lydoptagelser aldrig sikret. Dette skete i strid med tv-overv\u00e5gningslovens \u00a7 4 c, stk. 4, idet jeg anmodede vel inden for 30-dagesfristen.<\/span><\/p>\n<h3><span style=\"font-size: large;\">3. Udeladt lydbesked<\/span><\/h3>\n<p><span style=\"font-size: large;\">DUP har undladt at inddrage min vigtigste lydbesked, som blev optaget kort efter h\u00e6ndelsen og er en central f\u00f8rsteh\u00e5ndsberetning.<\/span><\/p>\n<h3><span style=\"font-size: large;\">4. Problematiske vidneforklaringer<\/span><\/h3>\n<p><span style=\"font-size: large;\">De vidner, som DUP baserer afg\u00f8relsen p\u00e5:<\/span><\/p>\n<ul>\n<li><strong><span style=\"font-size: large;\">Har ikke overv\u00e6ret episoden<\/span><\/strong><\/li>\n<li><strong><span style=\"font-size: large;\">Har direkte relationer til den indklagede betjent<\/span><\/strong><\/li>\n<li><strong><span style=\"font-size: large;\">Har v\u00e6ret optaget af andre opgaver under h\u00e6ndelsen<\/span><\/strong><\/li>\n<\/ul>\n<h3><span style=\"font-size: large;\">5. Betjentens partiske notat<\/span><\/h3>\n<p><span style=\"font-size: large;\">Betjent B0873 indtastede sin version i systemet blot 10 minutter f\u00f8r jeg selv dokumenterede h\u00e6ndelsen via lydbesked. Dette blev anvendt som hovedbevis uden at tage h\u00f8jde for den \u00e5benbare interessekonflikt.<\/span><\/p>\n<h3><span style=\"font-size: large;\">6. Selvmodsigelser i afg\u00f8relsen<\/span><\/h3>\n<p><span style=\"font-size: large;\">DUP skriver, at de ikke har modtaget relevante henvendelser f\u00f8r den 3. september 2024. Dette er ukorrekt, da mine henvendelser er veldokumenterede fra den 3., 4. og 16. august 2024.<\/span><\/p>\n<h3><span style=\"font-size: large;\">7. Tilsides\u00e6ttelse af min ret til kontakt under sagsbehandlingen<\/span><\/h3>\n<p><span style=\"font-size: large;\">Jeg blev under forl\u00f8bet fejlagtigt n\u00e6gtet telefonisk kontakt, hvilket senere blev beklaget og korrigeret af Politiklagemyndigheden. Afsk\u00e6ringen skete imidlertid p\u00e5 et kritisk tidspunkt.<\/span><\/p>\n<h3><span style=\"font-size: large;\">8. Uklarhed om sagsbehandler og ansvar<\/span><\/h3>\n<p><span style=\"font-size: large;\">Sagen blev behandlet af Anna R\u00f8rstr\u00f8m, men underskrevet af Pernille, hvilket skabte uklarhed for mig som part. Jeg havde vanskeligt ved at f\u00e5 pr\u00e6ciseret, hvem der reelt stod for sagsbehandlingen.<\/span><\/p>\n<h3><span style=\"font-size: large;\">9. Misbrug af fristreglen i Tv-overv\u00e5gningsloven<\/span><\/h3>\n<p><span style=\"font-size: large;\">Videomaterialet kunne og burde v\u00e6re sikret, da jeg rettidigt anmodede om det. At fristen udl\u00f8b, skyldes alene myndighedernes passivitet.<\/span><\/p>\n<h3><span style=\"font-size: large;\">10. Ulovlig forsinkelse af aktindsigt<\/span><\/h3>\n<p><span style=\"font-size: large;\">Jeg modtog aktindsigt den 6. september 2024 \u2014 for sent ift. offentlighedslovens \u00a7 7, stk. 1, der foreskriver en behandling inden 7 arbejdsdage.<\/span><\/p>\n<h3><span style=\"font-size: large;\">11. Systematisk svigt af DUP&#8217;s oplysningspligt<\/span><\/h3>\n<p><span style=\"font-size: large;\">DUP henviste mig til at kontakte politiet \u2014 den myndighed jeg netop klager over \u2014 for at sikre bevismateriale. Dette er en alvorlig tilsides\u00e6ttelse af officialmaksimen.<\/span><\/p>\n<h3><span style=\"font-size: large;\">12. Fejl i gengivelsen af h\u00e6ndelsesforl\u00f8bet<\/span><\/h3>\n<p><span style=\"font-size: large;\">DUP fremstiller det som om, jeg f\u00f8rst ugen efter bad om sikring af video. Dette er urigtigt. Jeg anmodede rettidigt allerede den 3. august 2024. Ugen efter var alene et supplement, hvor jeg gentog min frustration over for en medarbejder, der ikke var til stede under h\u00e6ndelsen.<\/span><\/p>\n<h3><span style=\"font-size: large;\">13. Bekymring for systemisk fejl og generelt m\u00f8nster<\/span><\/h3>\n<p><span style=\"font-size: large;\">Min sag er ikke en isoleret h\u00e6ndelse. Offentlig kritik, herunder journalistisk d\u00e6kning og talrige borgerklager, viser et m\u00f8nster af lignende fejl hos DUP. Dette underminerer borgernes tillid og retssikkerhed.<\/span><\/p>\n<h3><span style=\"font-size: large;\">14. Offentligg\u00f8relse af dokumentation og DUP\u2019s undladelse<\/span><\/h3>\n<p><span style=\"font-size: large;\">For at sikre gennemsigtighed har jeg offentliggjort centrale dele af dokumentationen, herunder begge lydbeskeder og baggrundsoplysninger, p\u00e5 min blog:<\/span><\/p>\n<ul>\n<li><a href=\"https:\/\/zlcopenhagen.com\/da\/maa-jeg-filme-politi\/\" target=\"_blank\" rel=\"noopener\" data-saferedirecturl=\"https:\/\/www.google.com\/url?q=https:\/\/zlcopenhagen.com\/da\/maa-jeg-filme-politi\/&amp;source=gmail&amp;ust=1743765545364000&amp;usg=AOvVaw3p_GjZ3JIpA5MCslYLvdJa\"><span style=\"font-size: large;\">https:\/\/zlcopenhagen.com\/da\/<wbr \/>maa-jeg-filme-politi\/<\/span><\/a><\/li>\n<li><a href=\"https:\/\/zlcopenhagen.com\/da\/politibetjent-b0873-anna-roerstroem-ignorerede-videoanmodning\/\" target=\"_blank\" rel=\"noopener\" data-saferedirecturl=\"https:\/\/www.google.com\/url?q=https:\/\/zlcopenhagen.com\/da\/politibetjent-b0873-anna-roerstroem-ignorerede-videoanmodning\/&amp;source=gmail&amp;ust=1743765545364000&amp;usg=AOvVaw0cUFqFv6jtIRVmeOAP9PHG\"><span style=\"font-size: large;\">https:\/\/zlcopenhagen.com\/da\/<wbr \/>politibetjent-b0873-anna-<wbr \/>roerstroem-ignorerede-<wbr \/>videoanmodning\/<\/span><\/a><\/li>\n<li><span style=\"font-size: large;\">https:\/\/zlcopenhagen.com\/da\/<wbr \/>vask-af-sager-politiet\/<\/span><\/li>\n<\/ul>\n<p><span style=\"font-size: large;\">B\u00e5de politiet og DUP blev gjort bekendt med denne offentligg\u00f8relse, og materialet har v\u00e6ret frit tilg\u00e6ngeligt i hele forl\u00f8bet. Ikke desto mindre valgte DUP at undlade at inddrage materialet i deres afg\u00f8relse. Denne undladelse er en alvorlig tilsides\u00e6ttelse af officialmaksimen og udg\u00f8r et svigt i at sikre sagen tilstr\u00e6kkeligt oplyst.<\/span><\/p>\n<h3><span style=\"font-size: large;\">15. Gentagelse af forsinkelsesm\u00f8nster hos DUP<\/span><\/h3>\n<p><span style=\"font-size: large;\">Samtidig bem\u00e6rker jeg, at den samme type forsinkelse ses i Politiklagemyndighedens egen behandling. Min klage af den 3. august 2024 blev f\u00f8rst kvitteret officielt den 16. september 2024 \u2013 alts\u00e5 mere end en m\u00e5ned senere \u2013 trods det forhold, at sagen p\u00e5 dette tidspunkt allerede var kritisk pga. tv-overv\u00e5gningslovens frist. Denne forsinkelse bidrager til det m\u00f8nster, jeg ogs\u00e5 ser i sagsbehandlingen hos K\u00f8benhavns Politi, hvor bevismateriale ikke blev sikret rettidigt. At DUP f\u00f8rst kvitterer for modtagelse p\u00e5 dette sene tidspunkt har reelt sv\u00e6kket min mulighed for at f\u00e5 sagen korrekt behandlet.<\/span><\/p>\n<h3><span style=\"font-size: large;\">Anmodning<\/span><\/h3>\n<p><span style=\"font-size: large;\">P\u00e5 baggrund af ovenst\u00e5ende anmoder jeg om:<\/span><\/p>\n<ul>\n<li><strong><span style=\"font-size: large;\">Genoptagelse af sagen<\/span><\/strong><\/li>\n<li><strong><span style=\"font-size: large;\">Gennemgang af begge lydbeskeder, inkl. den udeladte<\/span><\/strong><\/li>\n<li><strong><span style=\"font-size: large;\">Forklaring p\u00e5, hvorfor videooptagelser ikke blev sikret<\/span><\/strong><\/li>\n<li><strong><span style=\"font-size: large;\">Objektiv vurdering af betjentens adf\u00e6rd, herunder forhindringen af dokumentation<\/span><\/strong><\/li>\n<li><strong><span style=\"font-size: large;\">Redeg\u00f8relse for, hvordan lignende sager fremadrettet vil blive behandlet korrekt<\/span><\/strong><\/li>\n<\/ul>\n<p><span style=\"font-size: large;\">Vedlagt:<\/span><\/p>\n<ul>\n<li><strong><span style=\"font-size: large;\">Kopi af alle fremsendte e-mails og lydbeskeder<\/span><\/strong><\/li>\n<li><strong><span style=\"font-size: large;\">Oversigt over vidner<\/span><\/strong><\/li>\n<li><strong><span style=\"font-size: large;\">Betjentens journalnotat<\/span><\/strong><\/li>\n<li><strong><span style=\"font-size: large;\">Notat fra DUP om mundkurv<\/span><\/strong><\/li>\n<\/ul>\n<p><span style=\"font-size: large;\">H\u00e5ber du og resten af teamet f\u00e5r en rigtig god fredag \u2013 det virker til, at I har haft travlt med sagsbehandlingen.<\/span><\/p>\n<p><span style=\"font-size: large;\">Med venlig hilsen,<br \/>\nZahid Latif<\/span><\/p>\n<p><strong><span style=\"font-size: large;\">Brevet er ogs\u00e5 CC til:<\/span><\/strong><\/p>\n<ul>\n<li><strong><span style=\"font-size: large;\">Folketingets Ombudsmand (<a rel=\"noopener\">post@ombudsmanden.dk<\/a>)<\/span><\/strong><\/li>\n<li><strong><span style=\"font-size: large;\">K\u00f8benhavns Politi (<a rel=\"noopener\">politi@politi.dk<\/a>,\u00a0<a rel=\"noopener\">kbh@politi.dk<\/a>,\u00a0<a rel=\"noopener\">kbh-juridisk-afdeling@politi.<wbr \/>dk<\/a>)<\/span><\/strong><\/li>\n<li><strong><span style=\"font-size: large;\">Kammeradvokaten (<a rel=\"noopener\">info@kammeradvokaten.dk<\/a>)<\/span><\/strong><\/li>\n<\/ul>\n<\/div>\n<\/div>\n<\/div>\n<\/div>\n<\/div>\n<\/div>\n<\/div>\n<\/div>\n<\/div>\n<\/div>\n<\/div>\n<\/div>\n<\/div>\n<p>[\/spb_toggle] [spb_text_block animation=&#8221;none&#8221; animation_delay=&#8221;0&#8243; simplified_controls=&#8221;yes&#8221; custom_css_percentage=&#8221;no&#8221; padding_vertical=&#8221;0&#8243; padding_horizontal=&#8221;0&#8243; margin_vertical=&#8221;0&#8243; custom_css=&#8221;margin-top: 0px;margin-bottom: 0px;&#8221; border_size=&#8221;0&#8243; border_styling_global=&#8221;default&#8221; width=&#8221;1\/1&#8243; el_position=&#8221;first last&#8221;]<\/p>\n<h2 data-start=\"114\" data-end=\"193\">SAGSFORL\u00d8B: FRA OVERGREB TIL SYSTEMSVIGT<\/h2>\n<h3 data-start=\"195\" data-end=\"220\">AFG\u00d8RELSEN FRA DUP \u2013 HVOR BEVISER FORSVINDER, OG MAGT BLIVER TIL TAVSHED<\/h3>\n<p data-start=\"222\" data-end=\"355\">Den 3. august 2024 oplevede jeg, Zahid Latif, en uacceptabel h\u00e6ndelse med politiet ved Hovedbaneg\u00e5rden i K\u00f8benhavn. Jeg klagede over Carsten Borg og Simone Westphall:<\/p>\n<blockquote>\n<p data-start=\"359\" data-end=\"396\"><em>Nedladende og respektl\u00f8s behandling<\/em><\/p>\n<p data-start=\"399\" data-end=\"446\"><em>Mist\u00e6nkeligg\u00f8relse og uprovokeret bortvisning<\/em><\/p>\n<p data-start=\"449\" data-end=\"483\"><em>Fysisk kontakt og truende adf\u00e6rd<\/em><\/p>\n<p data-start=\"486\" data-end=\"529\"><em>Grin, h\u00e5n og arrogant attitude fra betjente<\/em><\/p>\n<\/blockquote>\n<hr class=\"\" data-start=\"599\" data-end=\"602\" \/>\n<h3 data-start=\"604\" data-end=\"653\">DUP&#8217;S AFG\u00d8RELSE \u2013 SAGEN AFVISER DE UDEN KRITIK<\/h3>\n<p data-start=\"655\" data-end=\"752\">Den 24. marts 2025 konkluderede DUP, at de <strong data-start=\"698\" data-end=\"737\">ikke kan p\u00e5vise kritikv\u00e6rdig adf\u00e6rd<\/strong> fra politiet.<\/p>\n<h4 data-start=\"754\" data-end=\"771\"><strong>BEGRUNDELSE<\/strong><\/h4>\n<blockquote>\n<p data-start=\"774\" data-end=\"834\"><em>Modstridende forklaringer mellem min og betjentenes version.<\/em><\/p>\n<p data-start=\"837\" data-end=\"900\"><em>Manglende video og vidner betyder, at de ikke kan afg\u00f8re sagen.<\/em><\/p>\n<p data-start=\"903\" data-end=\"968\"><em>Sagen lukkes \u2013 p\u00e5 trods af, at beviserne kunne have v\u00e6ret sikret.<\/em><\/p>\n<\/blockquote>\n<hr class=\"\" data-start=\"970\" data-end=\"973\" \/>\n<h3 data-start=\"975\" data-end=\"1034\">MIT PROBLEM: JEG HAR LEVERET BEVISER \u2013 DE BLEV IGNORERET<\/h3>\n<blockquote>\n<p data-start=\"1036\" data-end=\"1105\"><em>Jeg anmodede om video og aktindsigt samme dag som h\u00e6ndelsen.<\/em><\/p>\n<p data-start=\"1106\" data-end=\"1161\"><em>Politiet n\u00e6gtede mig at dokumentere p\u00e5 stedet.<\/em><\/p>\n<p data-start=\"1162\" data-end=\"1235\"><em>DUP ignorerede min lydbesked optaget umiddelbart efter episoden.<\/em><\/p>\n<p data-start=\"1236\" data-end=\"1316\"><em>Alle vidner er kollegaer til den indklagede betjent \u2013 ingen uafh\u00e6ngige.<\/em><\/p>\n<p data-start=\"1317\" data-end=\"1399\"><em>Videooptagelser blev ikke sikret \u2013 til trods for at jeg anmodede rettidigt.<\/em><\/p>\n<\/blockquote>\n<h2 data-start=\"1406\" data-end=\"1424\">HVAD SIGER DUP?<\/h2>\n<p data-start=\"1426\" data-end=\"1438\">De h\u00e6vder:<\/p>\n<blockquote data-start=\"1439\" data-end=\"1502\">\n<p data-start=\"1441\" data-end=\"1502\"><em>\u201cVi l\u00e6gger ikke mere v\u00e6gt p\u00e5 politiets forklaring end din.\u201d<\/em><\/p>\n<\/blockquote>\n<p data-start=\"1504\" data-end=\"1519\">Men samtidig:<\/p>\n<blockquote>\n<p data-start=\"1522\" data-end=\"1570\"><em>Frikender de politiet pga. \u201cmanglende beviser\u201d<\/em><\/p>\n<p data-start=\"1573\" data-end=\"1633\"><em>Lader de st\u00e5 uklart, hvorfor min dokumentation ikke t\u00e6ller<\/em><\/p>\n<p data-start=\"1636\" data-end=\"1721\"><em>Ignorerer de det faktum, at beviserne kun mangler pga. systemets egen langsommelighed<\/em><\/p>\n<\/blockquote>\n<hr class=\"\" data-start=\"1723\" data-end=\"1726\" \/>\n<h3 data-start=\"1728\" data-end=\"1762\">EN SAG OM SYSTEMATISK MAGTSVIGT<\/h3>\n<p data-start=\"1764\" data-end=\"1820\">Denne sag viser det m\u00f8nster, jeg og mange andre oplever:<\/p>\n<blockquote>\n<p data-start=\"1823\" data-end=\"1865\"><em>Politiets ord vejer tungere end borgerens.<\/em><\/p>\n<p data-start=\"1868\" data-end=\"1918\"><em>Beviserne g\u00e5r tabt, fordi systemet lader tiden g\u00e5.<\/em><\/p>\n<p data-start=\"1921\" data-end=\"1953\"><em>Oplysningspligten tilsides\u00e6ttes.<\/em><\/p>\n<p data-start=\"1956\" data-end=\"2014\"><em>Man lader sagerne drukne i bureaukrati og manglende vilje.<\/em><\/p>\n<\/blockquote>\n<p>[\/spb_text_block] [spb_text_block animation=&#8221;none&#8221; animation_delay=&#8221;0&#8243; simplified_controls=&#8221;yes&#8221; custom_css_percentage=&#8221;no&#8221; padding_vertical=&#8221;0&#8243; padding_horizontal=&#8221;0&#8243; margin_vertical=&#8221;0&#8243; custom_css=&#8221;margin-top: 0px;margin-bottom: 0px;&#8221; border_size=&#8221;0&#8243; border_styling_global=&#8221;default&#8221; width=&#8221;1\/1&#8243; el_position=&#8221;first last&#8221;]<\/p>\n<h2 data-start=\"285\" data-end=\"321\">N\u00c5R SYSTEMET BESKYTTER SIG SELV<\/h2>\n<h3 data-start=\"322\" data-end=\"385\">FRA K\u00d8BENHAVNS POLITI TIL DUP\u2019S STAB \u2013 EN SAG BLIVER VASKET<\/h3>\n<p data-start=\"387\" data-end=\"577\">Forestil dig det her: Du bliver udsat for en kr\u00e6nkelse af politiet. Du reagerer hurtigt. Skriver. Dokumenterer. Beder om video og lyd. Du g\u00f8r ALT rigtigt \u2013 og alligevel forsvinder beviserne.<\/p>\n<p data-start=\"579\" data-end=\"711\">Men det stopper ikke d\u00e9r.<br data-start=\"604\" data-end=\"607\" \/>N\u00e5r <strong data-start=\"611\" data-end=\"656\">Den Uafh\u00e6ngige Politiklagemyndighed (DUP)<\/strong> burde tr\u00e6de til, st\u00e5r de med h\u00e6nderne i vaskemaskinen.<\/p>\n<hr data-start=\"713\" data-end=\"716\" \/>\n<h3 data-start=\"718\" data-end=\"750\">SYSTEMFEJL ELLER SYSTEMVALG?<\/h3>\n<p data-start=\"752\" data-end=\"972\">I min sag mod betjent <strong data-start=\"774\" data-end=\"783\">B0873<\/strong> gjorde jeg det rigtige \u2013 jeg bad om beviser samme dag: <strong data-start=\"839\" data-end=\"857\">3. august 2024<\/strong>.<br data-start=\"858\" data-end=\"861\" \/>Men i stedet for at sikre dem, valgte K\u00f8benhavns Politi tavshed \u2013 og tiden l\u00f8b. <strong data-start=\"941\" data-end=\"972\">30 dage. Beviserne slettet.<\/strong><\/p>\n<p data-start=\"974\" data-end=\"1068\">Og hvem skal s\u00e5 sikre, at det ikke sker? <strong data-start=\"1015\" data-end=\"1023\">DUP.<\/strong><br data-start=\"1023\" data-end=\"1026\" \/>Men de kom f\u00f8rst p\u00e5 banen <em data-start=\"1052\" data-end=\"1059\">efter<\/em> fristen.<\/p>\n<hr data-start=\"1070\" data-end=\"1073\" \/>\n<h3 data-start=\"1075\" data-end=\"1120\">STABSCHEF MARGIT HALD \u2013 HVOR ER TILSYNET?<\/h3>\n<p data-start=\"1122\" data-end=\"1314\">I stedet for at sikre gennemsigtighed og tage ansvar, har DUP\u2019s sagsbehandling \u2013 med <strong data-start=\"1207\" data-end=\"1270\">juridisk medarbejder Anna R\u00f8rstr\u00f8m og stabschef Margit Hald<\/strong> i front \u2013 efterladt sagen uklar og uoplyst.<\/p>\n<p data-start=\"1316\" data-end=\"1533\">Der blev aldrig svaret p\u00e5, <strong data-start=\"1343\" data-end=\"1405\">hvorfor beviser forsvandt, selvom jeg bad om dem rettidigt<\/strong>.<br data-start=\"1406\" data-end=\"1409\" \/>Der blev aldrig forklaret, <strong data-start=\"1436\" data-end=\"1476\">hvorfor min lydbesked blev ignoreret<\/strong>, mens politiets interne notat blev godtaget uden kritik.<\/p>\n<p data-start=\"1535\" data-end=\"1624\">Og vigtigst af alt: <strong data-start=\"1555\" data-end=\"1624\">Hvor var Margit Hald, da denne sagsbehandling faldt fra hinanden?<\/strong><\/p>\n<hr data-start=\"1626\" data-end=\"1629\" \/>\n<h3 data-start=\"1631\" data-end=\"1661\">FRA VAGTHUND TIL VAGTSKIFT<\/h3>\n<p data-start=\"1663\" data-end=\"1814\">DUP beskriver sig selv som \u201cuafh\u00e6ngig af politi og anklagemyndighed.\u201d<br data-start=\"1732\" data-end=\"1735\" \/>Men i denne sag f\u00f8les det som om, de hellere d\u00e6kker systemet end borgerens ret.<\/p>\n<p data-start=\"1816\" data-end=\"1859\">Afg\u00f8relsen blev lukket med \u00e9n kold s\u00e6tning:<\/p>\n<blockquote data-start=\"1861\" data-end=\"1913\">\n<p data-start=\"1863\" data-end=\"1913\"><em>\u201cVi genoptager ikke sagen. Afg\u00f8relsen er endelig.\u201d<\/em><\/p>\n<\/blockquote>\n<hr data-start=\"1915\" data-end=\"1918\" \/>\n<h3 data-start=\"1920\" data-end=\"1965\">ET SYSTEM, DER CENTRIFUGERER SANDHEDEN UD<\/h3>\n<p data-start=\"1967\" data-end=\"2086\">N\u00e5r b\u00e5de politiet og DUP lader sager <strong data-start=\"2004\" data-end=\"2027\">forsvinde i stilhed<\/strong>, er det ikke l\u00e6ngere bare uheld.<br data-start=\"2060\" data-end=\"2063\" \/>Det er en <strong data-start=\"2073\" data-end=\"2085\">strategi<\/strong>.<\/p>\n<p data-start=\"2088\" data-end=\"2273\">Systemet beskytter sig selv.<br data-start=\"2116\" data-end=\"2119\" \/>Skjuler sine fejl.<br data-start=\"2137\" data-end=\"2140\" \/>Og <strong data-start=\"2143\" data-end=\"2158\">Margit Hald<\/strong>, som stabens overhoved, b\u00e6rer ogs\u00e5 et ansvar for, at borgerens tillid ikke bare blev svigtet \u2013 men <strong data-start=\"2258\" data-end=\"2272\">vasket v\u00e6k<\/strong>. N\u00e5r <strong data-start=\"570\" data-end=\"595\">politiet vasker sager<\/strong>, er det borgernes retssikkerhed, der forsvinder<\/p>\n<p>[\/spb_text_block] [spb_blank_spacer height=&#8221;30px&#8221; width=&#8221;1\/1&#8243; el_position=&#8221;first last&#8221;] [spb_raw_html width=&#8221;1\/1&#8243; el_position=&#8221;first last&#8221;]JTNDZGl2JTIwc3R5bGUlM0QlMjJwb3NpdGlvbiUzQSUyMHJlbGF0aXZlJTNCJTIwcGFkZGluZy1ib3R0b20lM0ElMjA1Ni4yNSUyNSUzQiUyMGhlaWdodCUzQSUyMDAlM0IlMjBvdmVyZmxvdyUzQSUyMGhpZGRlbiUzQiUyMG1heC13aWR0aCUzQSUyMDEwMCUyNSUzQiUyMiUzRSUwQSUyMCUyMCUzQ2lmcmFtZSUyMCUwQSUyMCUyMCUyMCUyMHNyYyUzRCUyMmh0dHBzJTNBJTJGJTJGd3d3LnlvdXR1YmUuY29tJTJGZW1iZWQlMkYzalBURFJvYnpfUSUyMiUyMCUwQSUyMCUyMCUyMCUyMHRpdGxlJTNEJTIyRGVuJTIwVWFmaCVDMyVBNm5naWdlJTIwJUYwJTlGJUE1JUI0JTIwUG9saXRpa2xhZ2VteW5kaWdoZWQlMjBlciUyMHN2JUMzJUE2cmUlMjBhdCUyMGYlQzMlQTUlMjBpJTIwdGFsZSUyMiUwQSUyMCUyMCUyMCUyMGZyYW1lYm9yZGVyJTNEJTIyMCUyMiUwQSUyMCUyMCUyMCUyMGFsbG93JTNEJTIyYWNjZWxlcm9tZXRlciUzQiUyMGF1dG9wbGF5JTNCJTIwY2xpcGJvYXJkLXdyaXRlJTNCJTIwZW5jcnlwdGVkLW1lZGlhJTNCJTIwZ3lyb3Njb3BlJTNCJTIwcGljdHVyZS1pbi1waWN0dXJlJTNCJTIwd2ViLXNoYXJlJTIyJTBBJTIwJTIwJTIwJTIwYWxsb3dmdWxsc2NyZWVuJTBBJTIwJTIwJTIwJTIwc3R5bGUlM0QlMjJwb3NpdGlvbiUzQSUyMGFic29sdXRlJTNCJTIwdG9wJTNBJTIwMCUzQiUyMGxlZnQlM0ElMjAwJTNCJTIwd2lkdGglM0ElMjAxMDAlMjUlM0IlMjBoZWlnaHQlM0ElMjAxMDAlMjUlM0IlMjIlM0UlMEElMjAlMjAlM0MlMkZpZnJhbWUlM0UlMEElM0MlMkZkaXYlM0UlMEE=[\/spb_raw_html] [spb_blank_spacer height=&#8221;30px&#8221; width=&#8221;1\/1&#8243; el_position=&#8221;first last&#8221;]<\/p>\n","protected":false},"excerpt":{"rendered":"<p>[spb_text_block animation=&#8221;none&#8221; animation_delay=&#8221;0&#8243; simplified_controls=&#8221;yes&#8221; custom_css_percentage=&#8221;no&#8221; padding_vertical=&#8221;0&#8243; padding_horizontal=&#8221;0&#8243; margin_vertical=&#8221;0&#8243; custom_css=&#8221;margin-top: 0px;margin-bottom: 0px;&#8221; border_size=&#8221;0&#8243; border_styling_global=&#8221;default&#8221; width=&#8221;1\/1&#8243; el_position=&#8221;first last&#8221;] NEJ, VI BRUGER RETSSIKKERHEDEN [\/spb_text_block] [spb_image image=&#8221;45208&#8243; image_size=&#8221;full&#8221; frame=&#8221;noframe&#8221; caption_pos=&#8221;hover&#8221; remove_rounded=&#8221;yes&#8221; fullwidth=&#8221;no&#8221; overflow_mode=&#8221;none&#8221; link_target=&#8221;_self&#8221; lightbox=&#8221;no&#8221; intro_animation=&#8221;none&#8221; animation_delay=&#8221;200&#8243; width=&#8221;1\/1&#8243; el_position=&#8221;first last&#8221;][\/spb_image] [spb_blank_spacer height=&#8221;30px&#8221; width=&#8221;1\/1&#8243; el_position=&#8221;first last&#8221;] [spb_text_block animation=&#8221;none&#8221; animation_delay=&#8221;0&#8243; simplified_controls=&#8221;yes&#8221; custom_css_percentage=&#8221;no&#8221; padding_vertical=&#8221;0&#8243; padding_horizontal=&#8221;0&#8243; margin_vertical=&#8221;0&#8243; custom_css=&#8221;margin-top: 0px;margin-bottom: 0px;&#8221; border_size=&#8221;0&#8243; border_styling_global=&#8221;default&#8221; width=&#8221;1\/1&#8243; el_position=&#8221;first last&#8221;] VELKOMMEN TIL POLITISTATIONEN [&hellip;]<\/p>\n","protected":false},"author":2,"featured_media":0,"comment_status":"closed","ping_status":"closed","sticky":false,"template":"","format":"standard","meta":{"footnotes":""},"categories":[1884],"tags":[1871,1861,1860,1859,1870,1865,1867,1869,1862,1863,1864,1866],"class_list":["post-49965","post","type-post","status-publish","format-standard","hentry","category-embedsvaerk-under-luppen","tag-anna-roerstroem","tag-b0873","tag-den-uafhaengige-politiklagemyndighed","tag-dup","tag-embedsansvar-kropskamera-politi-straffeloven-263","tag-klage-politiet","tag-optagelser-politistation","tag-politibetjent-koebenhavn","tag-politivold","tag-retsikkerhed","tag-video-slettet","tag-ytringsfrihed"],"yoast_head":"<!-- This site is optimized with the Yoast SEO Premium plugin v26.6 (Yoast SEO v27.5) - https:\/\/yoast.com\/product\/yoast-seo-premium-wordpress\/ -->\n<title>Politi Vasker sager | Vold Centrifugeret Ved 1400 Omdrejninger<\/title>\n<meta name=\"description\" content=\"Politiet vasker sager \u2013 beviser forsvinder, og borgerens retssikkerhed drukner. Stabschef Margit Hald og DUP lukkede sagen \u2013 uden forklaring.\" \/>\n<meta name=\"robots\" content=\"index, follow, max-snippet:-1, max-image-preview:large, max-video-preview:-1\" \/>\n<link rel=\"canonical\" href=\"https:\/\/zlcopenhagen.com\/da\/politiet-vasker-sager-og-i-krise-skyllemiddel\/\" \/>\n<meta property=\"og:locale\" content=\"da_DK\" \/>\n<meta property=\"og:type\" content=\"article\" \/>\n<meta property=\"og:title\" content=\"ZLCOPENHAGEN: Danish-Punjabi Ethical Menswear\" \/>\n<meta property=\"og:description\" content=\"ZLCOPENHAGEN merges Danish minimalism with Punjabi pride. Ethical menswear with muscle, message, and meaning. Designed with zidd.\" \/>\n<meta property=\"og:url\" content=\"https:\/\/zlcopenhagen.com\/da\/politiet-vasker-sager-og-i-krise-skyllemiddel\/\" \/>\n<meta property=\"og:site_name\" content=\"zlcopenhagen.com\" \/>\n<meta property=\"article:published_time\" content=\"2026-03-06T23:24:45+00:00\" \/>\n<meta property=\"article:modified_time\" content=\"2026-03-07T12:27:02+00:00\" \/>\n<meta property=\"og:image\" content=\"https:\/\/zlcopenhagen.com\/wp-content\/uploads\/2014\/11\/zlc-.jpg\" \/>\n\t<meta property=\"og:image:width\" content=\"1908\" \/>\n\t<meta property=\"og:image:height\" content=\"1062\" \/>\n\t<meta property=\"og:image:type\" content=\"image\/jpeg\" \/>\n<meta name=\"author\" content=\"ZLC Team\" \/>\n<meta name=\"twitter:card\" content=\"summary_large_image\" \/>\n<meta name=\"twitter:label1\" content=\"Skrevet af\" \/>\n\t<meta name=\"twitter:data1\" content=\"ZLC Team\" \/>\n\t<meta name=\"twitter:label2\" content=\"Estimeret l\u00e6setid\" \/>\n\t<meta name=\"twitter:data2\" content=\"21 minutter\" \/>\n<!-- \/ Yoast SEO Premium plugin. -->","yoast_head_json":{"title":"Politi Vasker sager | Vold Centrifugeret Ved 1400 Omdrejninger","description":"Politiet vasker sager \u2013 beviser forsvinder, og borgerens retssikkerhed drukner. Stabschef Margit Hald og DUP lukkede sagen \u2013 uden forklaring.","robots":{"index":"index","follow":"follow","max-snippet":"max-snippet:-1","max-image-preview":"max-image-preview:large","max-video-preview":"max-video-preview:-1"},"canonical":"https:\/\/zlcopenhagen.com\/da\/politiet-vasker-sager-og-i-krise-skyllemiddel\/","og_locale":"da_DK","og_type":"article","og_title":"ZLCOPENHAGEN: Danish-Punjabi Ethical Menswear","og_description":"ZLCOPENHAGEN merges Danish minimalism with Punjabi pride. Ethical menswear with muscle, message, and meaning. Designed with zidd.","og_url":"https:\/\/zlcopenhagen.com\/da\/politiet-vasker-sager-og-i-krise-skyllemiddel\/","og_site_name":"zlcopenhagen.com","article_published_time":"2026-03-06T23:24:45+00:00","article_modified_time":"2026-03-07T12:27:02+00:00","og_image":[{"width":1908,"height":1062,"url":"https:\/\/zlcopenhagen.com\/wp-content\/uploads\/2014\/11\/zlc-.jpg","type":"image\/jpeg"}],"author":"ZLC Team","twitter_card":"summary_large_image","twitter_misc":{"Skrevet af":"ZLC Team","Estimeret l\u00e6setid":"21 minutter"},"schema":{"@context":"https:\/\/schema.org","@graph":[{"@type":["Article","BlogPosting"],"@id":"https:\/\/zlcopenhagen.com\/da\/politiet-vasker-sager-og-i-krise-skyllemiddel\/#article","isPartOf":{"@id":"https:\/\/zlcopenhagen.com\/da\/politiet-vasker-sager-og-i-krise-skyllemiddel\/"},"author":{"name":"ZLC Team","@id":"https:\/\/zlcopenhagen.com\/#\/schema\/person\/c7ce5649957ac4c1258910e89f0f5fb3"},"headline":"POLITIET VASKER SAGER OG I KRISE \u2013 SKYLLEMIDDEL?","datePublished":"2026-03-06T23:24:45+00:00","dateModified":"2026-03-07T12:27:02+00:00","mainEntityOfPage":{"@id":"https:\/\/zlcopenhagen.com\/da\/politiet-vasker-sager-og-i-krise-skyllemiddel\/"},"wordCount":6094,"publisher":{"@id":"https:\/\/zlcopenhagen.com\/#organization"},"keywords":["Anna R\u00f8rstr\u00f8m","B0873","Den Uafh\u00e6ngige Politiklagemyndighed","DUP","embedsansvar kropskamera politi straffeloven \u00a7263","klage politiet","optagelser politistation","politibetjent K\u00f8benhavn","politivold","retsikkerhed","video slettet","ytringsfrihed"],"articleSection":["EMBEDSV\u00c6RK UNDER LUPPEN"],"inLanguage":"da-DK","copyrightYear":"2026","copyrightHolder":{"@id":"https:\/\/zlcopenhagen.com\/#organization"}},{"@type":"WebPage","@id":"https:\/\/zlcopenhagen.com\/da\/politiet-vasker-sager-og-i-krise-skyllemiddel\/","url":"https:\/\/zlcopenhagen.com\/da\/politiet-vasker-sager-og-i-krise-skyllemiddel\/","name":"Politi Vasker sager | Vold Centrifugeret Ved 1400 Omdrejninger","isPartOf":{"@id":"https:\/\/zlcopenhagen.com\/#website"},"datePublished":"2026-03-06T23:24:45+00:00","dateModified":"2026-03-07T12:27:02+00:00","description":"Politiet vasker sager \u2013 beviser forsvinder, og borgerens retssikkerhed drukner. Stabschef Margit Hald og DUP lukkede sagen \u2013 uden forklaring.","breadcrumb":{"@id":"https:\/\/zlcopenhagen.com\/da\/politiet-vasker-sager-og-i-krise-skyllemiddel\/#breadcrumb"},"inLanguage":"da-DK","potentialAction":[{"@type":"ReadAction","target":["https:\/\/zlcopenhagen.com\/da\/politiet-vasker-sager-og-i-krise-skyllemiddel\/"]}]},{"@type":"BreadcrumbList","@id":"https:\/\/zlcopenhagen.com\/da\/politiet-vasker-sager-og-i-krise-skyllemiddel\/#breadcrumb","itemListElement":[{"@type":"ListItem","position":1,"name":"Home","item":"https:\/\/zlcopenhagen.com\/da\/"},{"@type":"ListItem","position":2,"name":"POLITIET VASKER SAGER OG I KRISE \u2013 SKYLLEMIDDEL?"}]},{"@type":"WebSite","@id":"https:\/\/zlcopenhagen.com\/#website","url":"https:\/\/zlcopenhagen.com\/","name":"zlcopenhagen.com","description":"","publisher":{"@id":"https:\/\/zlcopenhagen.com\/#organization"},"potentialAction":[{"@type":"SearchAction","target":{"@type":"EntryPoint","urlTemplate":"https:\/\/zlcopenhagen.com\/?s={search_term_string}"},"query-input":{"@type":"PropertyValueSpecification","valueRequired":true,"valueName":"search_term_string"}}],"inLanguage":"da-DK"},{"@type":["Organization","Place"],"@id":"https:\/\/zlcopenhagen.com\/#organization","name":"ZLCOPENHAGEN","alternateName":"ZLCOPENHAGEN","url":"https:\/\/zlcopenhagen.com\/","logo":{"@id":"https:\/\/zlcopenhagen.com\/da\/politiet-vasker-sager-og-i-krise-skyllemiddel\/#local-main-organization-logo"},"image":{"@id":"https:\/\/zlcopenhagen.com\/da\/politiet-vasker-sager-og-i-krise-skyllemiddel\/#local-main-organization-logo"},"sameAs":["https:\/\/www.youtube.com\/channel\/UCy7JINwB6DMr2fA9yHpDQJg"],"telephone":[],"openingHoursSpecification":[{"@type":"OpeningHoursSpecification","dayOfWeek":["Monday","Tuesday","Wednesday","Thursday","Friday","Saturday","Sunday"],"opens":"09:00","closes":"17:00"}]},{"@type":"Person","@id":"https:\/\/zlcopenhagen.com\/#\/schema\/person\/c7ce5649957ac4c1258910e89f0f5fb3","name":"ZLC Team","image":{"@type":"ImageObject","inLanguage":"da-DK","@id":"https:\/\/secure.gravatar.com\/avatar\/bb92a8e9bdde1cf2114b74dce44557ee57d3909986eab1422fc34e9cce350044?s=96&d=mm&r=g","url":"https:\/\/secure.gravatar.com\/avatar\/bb92a8e9bdde1cf2114b74dce44557ee57d3909986eab1422fc34e9cce350044?s=96&d=mm&r=g","contentUrl":"https:\/\/secure.gravatar.com\/avatar\/bb92a8e9bdde1cf2114b74dce44557ee57d3909986eab1422fc34e9cce350044?s=96&d=mm&r=g","caption":"ZLC Team"}},{"@type":"ImageObject","inLanguage":"da-DK","@id":"https:\/\/zlcopenhagen.com\/da\/politiet-vasker-sager-og-i-krise-skyllemiddel\/#local-main-organization-logo","url":"https:\/\/zlcopenhagen.com\/wp-content\/uploads\/2016\/05\/blog-logo.jpg","contentUrl":"https:\/\/zlcopenhagen.com\/wp-content\/uploads\/2016\/05\/blog-logo.jpg","width":68,"height":68,"caption":"ZLCOPENHAGEN"}]}},"_links":{"self":[{"href":"https:\/\/zlcopenhagen.com\/da\/wp-json\/wp\/v2\/posts\/49965","targetHints":{"allow":["GET"]}}],"collection":[{"href":"https:\/\/zlcopenhagen.com\/da\/wp-json\/wp\/v2\/posts"}],"about":[{"href":"https:\/\/zlcopenhagen.com\/da\/wp-json\/wp\/v2\/types\/post"}],"author":[{"embeddable":true,"href":"https:\/\/zlcopenhagen.com\/da\/wp-json\/wp\/v2\/users\/2"}],"replies":[{"embeddable":true,"href":"https:\/\/zlcopenhagen.com\/da\/wp-json\/wp\/v2\/comments?post=49965"}],"version-history":[{"count":4,"href":"https:\/\/zlcopenhagen.com\/da\/wp-json\/wp\/v2\/posts\/49965\/revisions"}],"predecessor-version":[{"id":50221,"href":"https:\/\/zlcopenhagen.com\/da\/wp-json\/wp\/v2\/posts\/49965\/revisions\/50221"}],"wp:attachment":[{"href":"https:\/\/zlcopenhagen.com\/da\/wp-json\/wp\/v2\/media?parent=49965"}],"wp:term":[{"taxonomy":"category","embeddable":true,"href":"https:\/\/zlcopenhagen.com\/da\/wp-json\/wp\/v2\/categories?post=49965"},{"taxonomy":"post_tag","embeddable":true,"href":"https:\/\/zlcopenhagen.com\/da\/wp-json\/wp\/v2\/tags?post=49965"}],"curies":[{"name":"wp","href":"https:\/\/api.w.org\/{rel}","templated":true}]}}