{"id":49090,"date":"2025-06-08T06:32:59","date_gmt":"2025-06-08T05:32:59","guid":{"rendered":"https:\/\/zlcopenhagen.com\/?p=49090"},"modified":"2026-01-18T06:53:30","modified_gmt":"2026-01-18T05:53:30","slug":"nina-palesa-bonde-taarer-perler","status":"publish","type":"post","link":"https:\/\/zlcopenhagen.com\/da\/nina-palesa-bonde-taarer-perler\/","title":{"rendered":"NINA PALESA BONDE \u2013 N\u00c5R T\u00c5RER BLIVER STRATEGI OG DOMMERKAPPEN BLIVER SYMBOL"},"content":{"rendered":"<p>[spb_text_block animation=&#8221;none&#8221; animation_delay=&#8221;0&#8243; simplified_controls=&#8221;yes&#8221; custom_css_percentage=&#8221;no&#8221; padding_vertical=&#8221;0&#8243; padding_horizontal=&#8221;0&#8243; margin_vertical=&#8221;0&#8243; custom_css=&#8221;margin-top: 0px;margin-bottom: 0px;&#8221; border_size=&#8221;0&#8243; border_styling_global=&#8221;default&#8221; width=&#8221;1\/1&#8243; el_position=&#8221;first last&#8221;]<\/p>\n<h2>T\u00c5RER SOM STRATEGI: MEDIERAMMER OG DOMMERETIK<\/h2>\n<p>Denne artikel analyserer, hvordan t\u00e5rer, symboler og medieformater kan fungere som retoriske v\u00e6rkt\u00f8jer, n\u00e5r en offentlig person samtidig b\u00e6rer en retslig titel. Fokus er ikke f\u00f8lelser i sig selv, men hvad der sker med debat, kritik og institutionel tillid, n\u00e5r s\u00e5rbarhed ogs\u00e5 bliver en strategi.<\/p>\n<p>[\/spb_text_block] [spb_blank_spacer height=&#8221;30px&#8221; width=&#8221;1\/1&#8243; el_position=&#8221;first last&#8221;] [spb_image image=&#8221;40377&#8243; image_size=&#8221;full&#8221; frame=&#8221;noframe&#8221; caption_pos=&#8221;hover&#8221; remove_rounded=&#8221;yes&#8221; fullwidth=&#8221;no&#8221; overflow_mode=&#8221;none&#8221; link_target=&#8221;_self&#8221; lightbox=&#8221;no&#8221; intro_animation=&#8221;none&#8221; animation_delay=&#8221;200&#8243; width=&#8221;1\/1&#8243; el_position=&#8221;first last&#8221;][\/spb_image] [spb_blank_spacer height=&#8221;30px&#8221; width=&#8221;1\/1&#8243; el_position=&#8221;first last&#8221;] [spb_text_block animation=&#8221;none&#8221; animation_delay=&#8221;0&#8243; simplified_controls=&#8221;yes&#8221; custom_css_percentage=&#8221;no&#8221; padding_vertical=&#8221;0&#8243; padding_horizontal=&#8221;0&#8243; margin_vertical=&#8221;0&#8243; custom_css=&#8221;margin-top: 0px;margin-bottom: 0px;&#8221; border_size=&#8221;0&#8243; border_styling_global=&#8221;default&#8221; width=&#8221;1\/1&#8243; el_position=&#8221;first last&#8221;]<\/p>\n<p><strong>Hvorfor dette screenshot?<\/strong> Fordi \u201cperlerne\u201d ikke bare er en hobby i historien. De bliver et signal: et offentligt vink, en indirekte markering, og bagefter en lukning (blokering). Det er her, \u201cAriana-effekten\u201d starter: f\u00f8lelser og symboler bruges som v\u00e6rn, mens kritik g\u00f8res illegitim.<\/p>\n<h2>THE ARIANA-EFFEKT<\/h2>\n<p><strong>Overgangen:<\/strong> F\u00f8rst popkulturens \u201cno tears left to cry\u201d som ramme. Derefter virkelighedens version: et konkret signal, hvor \u201cperler\u201d bliver et retorisk v\u00e6rn, og hvor adgang til dialog efterf\u00f8lgende lukkes.<\/p>\n<p>Ariana synger <em>\u201cno tears left to cry\u201d<\/em> om at rejse sig efter misforst\u00e5elser. I dansk debat vendes linjen: t\u00e5rer bliver ikke forl\u00f8sning, men et v\u00e6rn. Musikeren <strong>Jonathan Ofir<\/strong> skrev sarkastisk <em>\u201cCry me a river, Nina Palesa Bonde\u201d<\/em> efter et BT-interview og pegede p\u00e5 et m\u00f8nster: f\u00f8lelsesfort\u00e6llingen, der inviterer sympati og samtidig g\u00f8r kritik sv\u00e6rere.<\/p>\n<p><em>Kilde: BT \u2013 \u201cNina deltog i en debat om Pal\u00e6stina \u2013 s\u00e5 skete der noget, der fik hende til at f\u00f8le sig overv\u00e5get.\u201d<\/em> Her beskriver Nina Palesa Bonde en oplevelse af at v\u00e6re \u201coverv\u00e5get\u201d og forfulgt efter en debat p\u00e5 KU og et delt klageudkast.<\/p>\n<blockquote><p><em>\u201cJeg har en oplevelse af, at man v\u00e6lger at g\u00e5 efter mig.\u201d<\/em><\/p><\/blockquote>\n<p>Men signalerne kom f\u00f8r BT. Efter mit indl\u00e6g <em>\u201cN\u00e5leindgreb med kirurgisk pr\u00e6cision\u201d<\/em> svarede hun med et opslag om at <em>\u201csortere perler\u201d<\/em> og blokerede mig kort efter. Isoleret kan det l\u00e6ses harml\u00f8st, men i en konfliktkontekst kan symboler fungere som mark\u00f8rer: et smil, der samtidig lukker rummet.<\/p>\n<blockquote><p><em>\u201cMin puls steg mere, da jeg sorterede perler, end da jeg s\u00e5 hjemmesiden \ud83d\udc95\u201d<\/em><\/p><\/blockquote>\n<hr \/>\n<h2>CRY ME A RIVER<\/h2>\n<h3>FRA F\u00d8LELSER TIL FORT\u00c6LLING<\/h3>\n<p>BT\u2019s fort\u00e6lling rammes\u00e6tter hende som ramt og overv\u00e5get, men det centrale sp\u00f8rgsm\u00e5l er mekanismen: N\u00e5r en offentlig person \u2013 is\u00e6r med en retslig titel \u2013 kommunikerer gennem affekt, flytter debatten sig fra substans til sympati. Ofirs \u201ccry me a river\u201d fungerer som kritik af offerrollen som skjold: en form for narrativ kontrol, hvor dialog inviteres i ord, men kritik afmonteres i praksis.<\/p>\n<h2>EFTERSPIL: N\u00c5R T\u00c5RER BLIVER TAKTIK<\/h2>\n<p>I popkulturen kan t\u00e5rer rense. I offentlig retorik kan de rense fort\u00e6llingen. N\u00e5r dommerkappen samtidig bliver en del af personaen, opst\u00e5r et tillidssp\u00f8rgsm\u00e5l: Hvor g\u00e5r gr\u00e6nsen mellem s\u00e5rbarhed og strategi, mellem embedets neutralitet og debatprofilens scene?<\/p>\n<p>[\/spb_text_block] [spb_blank_spacer height=&#8221;30px&#8221; width=&#8221;1\/1&#8243; el_position=&#8221;first last&#8221;] [spb_raw_html width=&#8221;1\/1&#8243; el_position=&#8221;first last&#8221;]JTNDZGl2JTIwc3R5bGUlM0QlMjJwb3NpdGlvbiUzQSUyMHJlbGF0aXZlJTNCJTIwcGFkZGluZy1ib3R0b20lM0ElMjA1Ni4yNSUyNSUzQiUyMGhlaWdodCUzQSUyMDAlM0IlMjBvdmVyZmxvdyUzQSUyMGhpZGRlbiUzQiUyMG1heC13aWR0aCUzQSUyMDEwMCUyNSUzQiUyMGhlaWdodCUzQSUyMGF1dG8lM0IlMjIlM0UlMEElMjAlMjAlM0NpZnJhbWUlMjAlMEElMjAlMjAlMjAlMjBzcmMlM0QlMjJodHRwcyUzQSUyRiUyRnd3dy55b3V0dWJlLmNvbSUyRmVtYmVkJTJGZmZ4S1NqVXdLZFUlMjIlMjAlMEElMjAlMjAlMjAlMjB0aXRsZSUzRCUyMkFyaWFuYSUyMEdyYW5kZSUyMC0lMjBubyUyMHRlYXJzJTIwbGVmdCUyMHRvJTIwY3J5JTIwJTI4T2ZmaWNpYWwlMjBWaWRlbyUyOSUyMiUyMCUwQSUyMCUyMCUyMCUyMGZyYW1lYm9yZGVyJTNEJTIyMCUyMiUyMCUwQSUyMCUyMCUyMCUyMGFsbG93JTNEJTIyYWNjZWxlcm9tZXRlciUzQiUyMGF1dG9wbGF5JTNCJTIwY2xpcGJvYXJkLXdyaXRlJTNCJTIwZW5jcnlwdGVkLW1lZGlhJTNCJTIwZ3lyb3Njb3BlJTNCJTIwcGljdHVyZS1pbi1waWN0dXJlJTNCJTIwd2ViLXNoYXJlJTIyJTIwJTBBJTIwJTIwJTIwJTIwYWxsb3dmdWxsc2NyZWVuJTIwJTBBJTIwJTIwJTIwJTIwc3R5bGUlM0QlMjJwb3NpdGlvbiUzQSUyMGFic29sdXRlJTNCJTIwdG9wJTNBJTIwMCUzQiUyMGxlZnQlM0ElMjAwJTNCJTIwd2lkdGglM0ElMjAxMDAlMjUlM0IlMjBoZWlnaHQlM0ElMjAxMDAlMjUlM0IlMjIlM0UlMEElMjAlMjAlM0MlMkZpZnJhbWUlM0UlMEElM0MlMkZkaXYlM0UlMEE=[\/spb_raw_html] [spb_blank_spacer height=&#8221;30px&#8221; width=&#8221;1\/1&#8243; el_position=&#8221;first last&#8221;] [spb_blank_spacer height=&#8221;30px&#8221; width=&#8221;1\/1&#8243; el_position=&#8221;first last&#8221;] [spb_text_block animation=&#8221;none&#8221; animation_delay=&#8221;0&#8243; simplified_controls=&#8221;yes&#8221; custom_css_percentage=&#8221;no&#8221; padding_vertical=&#8221;0&#8243; padding_horizontal=&#8221;0&#8243; margin_vertical=&#8221;0&#8243; custom_css=&#8221;margin-top: 0px;margin-bottom: 0px;&#8221; border_size=&#8221;0&#8243; border_styling_global=&#8221;default&#8221; width=&#8221;1\/1&#8243; el_position=&#8221;first last&#8221;]<\/p>\n<h2>JONATHAN OFIR: N\u00c5R CITATER BLIVER ET R\u00d8GSL\u00d8R<\/h2>\n<p><strong>BRO:<\/strong> Her bliver \u201cCry me a river\u201d konkret. Ikke som f\u00f8lelse, men som kritik af en kommunikationsform, hvor sympati kan g\u00f8re modkritik sv\u00e6rere. N\u00e6ste trin er dokumentation: Ofirs egen formulering og et lille udvalg af reaktioner.<\/p>\n<p><em>Uddrag fra en offentlig tr\u00e5d. Udtalelserne er skribenternes egne. Udvalgt for citat-pr\u00e6cision og institutionel tillid \u2013 ikke for sk\u00e6ldsord.<\/em><\/p>\n<h3>JONATHAN OFIR (KERNEN)<\/h3>\n<blockquote><p><em>\u201cProblemet er ikke, at hun ikke siger det, jeg \u00f8nsker hun skal sige \u2013 men at hun siger noget, jeg ikke sagde.\u201d<\/em><br \/>\n<strong>\u2014 Jonathan Ofir<\/strong><\/p><\/blockquote>\n<blockquote><p><em>\u201cPalesa Bonde kan \u2026 citere mig korrekt.\u201d<\/em><br \/>\n<strong>\u2014 Jonathan Ofir<\/strong><\/p><\/blockquote>\n<h3>REAKTIONER (TEMA: TILLID)<\/h3>\n<blockquote><p><em>\u201cI et demokrati er det afg\u00f8rende, at borgerne stoler p\u00e5 retssystemets upartiskhed og professionalisme.\u201d<\/em><br \/>\n<strong>\u2014 Kommentar i tr\u00e5den<\/strong><\/p><\/blockquote>\n<p><strong>Note:<\/strong> Pointen her er mekanismen: N\u00e5r citater forkortes eller omformuleres, flytter debatten sig fra substans til ramme. Og n\u00e5r \u201c\u00e5ben debat\u201d samtidig kombineres med selektiv adgang, bliver dialogen let et format \u2013 ikke en realitet.<\/p>\n<p>[\/spb_text_block] [spb_blank_spacer height=&#8221;30px&#8221; width=&#8221;1\/1&#8243; el_position=&#8221;first last&#8221;] [spb_blank_spacer height=&#8221;30px&#8221; width=&#8221;1\/1&#8243; el_position=&#8221;first last&#8221;] [spb_raw_html width=&#8221;1\/1&#8243; el_position=&#8221;first last&#8221;]JTNDaWZyYW1lJTIwc3JjJTNEJTIyaHR0cHMlM0ElMkYlMkZ3d3cuZmFjZWJvb2suY29tJTJGcGx1Z2lucyUyRnBvc3QucGhwJTNGaHJlZiUzRGh0dHBzJTI1M0ElMjUyRiUyNTJGd3d3LmZhY2Vib29rLmNvbSUyNTJGam9uYXRoYW4ub2ZpciUyNTJGcG9zdHMlMjUyRnBmYmlkMGdQVjlvazRyNHN4Y3lXTmVNc1FhQUIyaFRKNEMxWHlyYWc3ZGhmVk12QW9iUjh6dVE5bjNEWDU1dnBNWjVGcHpsJTI2c2hvd190ZXh0JTNEdHJ1ZSUyNndpZHRoJTNENTAwJTIyJTIwd2lkdGglM0QlMjI1MDAlMjIlMjBoZWlnaHQlM0QlMjI3MzElMjIlMjBzdHlsZSUzRCUyMmJvcmRlciUzQW5vbmUlM0JvdmVyZmxvdyUzQWhpZGRlbiUyMiUyMHNjcm9sbGluZyUzRCUyMm5vJTIyJTIwZnJhbWVib3JkZXIlM0QlMjIwJTIyJTIwYWxsb3dmdWxsc2NyZWVuJTNEJTIydHJ1ZSUyMiUyMGFsbG93JTNEJTIyYXV0b3BsYXklM0IlMjBjbGlwYm9hcmQtd3JpdGUlM0IlMjBlbmNyeXB0ZWQtbWVkaWElM0IlMjBwaWN0dXJlLWluLXBpY3R1cmUlM0IlMjB3ZWItc2hhcmUlMjIlM0UlM0MlMkZpZnJhbWUlM0U=[\/spb_raw_html] [spb_blank_spacer height=&#8221;30px&#8221; width=&#8221;1\/1&#8243; el_position=&#8221;first last&#8221;] [spb_blank_spacer height=&#8221;30px&#8221; width=&#8221;1\/1&#8243; el_position=&#8221;first last&#8221;] [spb_text_block animation=&#8221;none&#8221; animation_delay=&#8221;0&#8243; simplified_controls=&#8221;yes&#8221; custom_css_percentage=&#8221;no&#8221; padding_vertical=&#8221;0&#8243; padding_horizontal=&#8221;0&#8243; margin_vertical=&#8221;0&#8243; custom_css=&#8221;margin-top: 0px;margin-bottom: 0px;&#8221; border_size=&#8221;0&#8243; border_styling_global=&#8221;default&#8221; width=&#8221;1\/1&#8243; el_position=&#8221;first last&#8221;]<\/p>\n<p>Pointen er ikke, om man kan v\u00e6re ramt. Pointen er hvad der sker, n\u00e5r en retslig titel og en mediepersona smelter sammen.<\/p>\n<h2 data-start=\"795\" data-end=\"888\">N\u00c5R EMBEDSMANDEN DRUKNER I SINE EGNE T\u00c5RER<\/h2>\n<p>[\/spb_text_block] [spb_blank_spacer height=&#8221;30px&#8221; width=&#8221;1\/1&#8243; el_position=&#8221;first last&#8221;] [spb_image image=&#8221;49197&#8243; image_size=&#8221;full&#8221; frame=&#8221;noframe&#8221; caption_pos=&#8221;hover&#8221; remove_rounded=&#8221;yes&#8221; fullwidth=&#8221;no&#8221; overflow_mode=&#8221;none&#8221; link_target=&#8221;_self&#8221; lightbox=&#8221;no&#8221; intro_animation=&#8221;none&#8221; animation_delay=&#8221;200&#8243; width=&#8221;1\/1&#8243; el_position=&#8221;first last&#8221;][\/spb_image] [spb_blank_spacer height=&#8221;30px&#8221; width=&#8221;1\/1&#8243; el_position=&#8221;first last&#8221;] [spb_text_block animation=&#8221;none&#8221; animation_delay=&#8221;0&#8243; simplified_controls=&#8221;yes&#8221; custom_css_percentage=&#8221;no&#8221; padding_vertical=&#8221;0&#8243; padding_horizontal=&#8221;0&#8243; margin_vertical=&#8221;0&#8243; custom_css=&#8221;margin-top: 0px;margin-bottom: 0px;&#8221; border_size=&#8221;0&#8243; border_styling_global=&#8221;default&#8221; width=&#8221;1\/1&#8243; el_position=&#8221;first last&#8221;]<\/p>\n<h3>DOMMERFULDM\u00c6GTIG I STORMVEJR<\/h3>\n<h4>MELLEM T\u00c5RER OG TITLER<\/h4>\n<p>Nina Palesa Bonde st\u00e5r i en dobbeltrolle: Som dommerfuldm\u00e6gtig forbindes hun med neutralitet; som debatt\u00f8r bruger hun f\u00f8lelser og symboler (perler, t\u00e5rer, tr\u00e5de) til at p\u00e5virke offentlighedens l\u00e6sning. Sp\u00e6ndingen opst\u00e5r, n\u00e5r den retslige autoritet ikke bare kommenterer konflikten, men ogs\u00e5 indg\u00e5r i den.<\/p>\n<p>Derfor handler det ikke kun om ytringsfrihed, men om tillid: Hvad sker der med retsv\u00e6senets trov\u00e6rdighed, n\u00e5r dommerrollen og mediepersonaen flettes sammen?<\/p>\n<h2>RADIO4: \u201cJEG F\u00d8LER MIG MOBBET, JAGTET OG UDSTILLET\u201d<\/h2>\n<p>[\/spb_text_block] [spb_blank_spacer height=&#8221;30px&#8221; width=&#8221;1\/1&#8243; el_position=&#8221;first last&#8221;] [spb_text_block animation=&#8221;none&#8221; animation_delay=&#8221;0&#8243; simplified_controls=&#8221;yes&#8221; custom_css_percentage=&#8221;no&#8221; padding_vertical=&#8221;0&#8243; padding_horizontal=&#8221;0&#8243; margin_vertical=&#8221;0&#8243; custom_css=&#8221;margin-top: 0px;margin-bottom: 0px;&#8221; border_size=&#8221;0&#8243; border_styling_global=&#8221;default&#8221; width=&#8221;1\/2&#8243; el_position=&#8221;first&#8221;]<\/p>\n<p>Efter BT forts\u00e6tter fort\u00e6llingen i Radio4, nu med fokus p\u00e5 at v\u00e6re mobbet, jagtet og udstillet. P\u00e5 overfladen er det et personligt vidnesbyrd, men strukturen er genkendelig: samme narrativ gentages p\u00e5 nye platforme, med offerpositionen som fast omdrejningspunkt.<\/p>\n<p>Samtidig bliver rollen dobbelt: Hun fremst\u00e5r b\u00e5de som kilde og som sag, b\u00e5de embedsfunktion og mediefigur. Sp\u00f8rgsm\u00e5let er, hvorn\u00e5r autoriteten glider over i et personligt brand, og hvad den dobbelhed g\u00f8r ved offentlighedens tillid.<\/p>\n<p>[\/spb_text_block] [spb_raw_html width=&#8221;1\/2&#8243; el_position=&#8221;last&#8221;]JTNDYmxvY2txdW90ZSUyMGNsYXNzJTNEJTIydHdpdHRlci10d2VldCUyMiUyMGRhdGEtdGhlbWUlM0QlMjJkYXJrJTIyJTNFJTNDcCUyMGxhbmclM0QlMjJkYSUyMiUyMGRpciUzRCUyMmx0ciUyMiUzRU5pbmElMjBQYWxlc2ElMjBCb25kZSUyMGYlQzMlQjhsZXIlMjBzaWclMjBtb2JiZXQlMkMlMjB1ZHN0aWxsZXQlMjBvZyUyMGphZ3RldCUyMGFmJTIwSW5zdGFncmFtcHJvZmlsZW4lMjBLciVDMyVBNm5rZWxzZXNrdWx0dXJlbGxlJTIwTWVtZXMuJTNDYnIlM0UlM0NiciUzRVBlcnNvbmVuJTIwYmFnJTIwZGVuJTIwYW5vbnltZSUyMG1lbWUtcHJvZmlsJTIwZXIlMjBBbm5lJTIwS2F0cmluZSUyMFJhYWhlZGUuJTIwSHVuJTIwZXIlMjBvZ3MlQzMlQTUlMjBiZXN0eXJlbHNlc2Zvcm1hbmQlMjBpJTIwb3JnYW5pc2F0aW9uZW4lMjBDeWJlcm5hdXRlcm5lJTJDJTIwZGVyJTIwayVDMyVBNm1wZXIlMjBpbW9kJTIwb25saW5lJTIwaGFkdGFsZS4lMjBBbHRzJUMzJUE1JTIwZGV0JTIwbmV0b3AlRTIlODAlQTYlMjAlM0NhJTIwaHJlZiUzRCUyMmh0dHBzJTNBJTJGJTJGdC5jbyUyRkxNMTdkV3ZISXklMjIlM0VwaWMudHdpdHRlci5jb20lMkZMTTE3ZFd2SEl5JTNDJTJGYSUzRSUzQyUyRnAlM0UlMjZtZGFzaCUzQiUyMFJBRElPJTIwSUlJSSUyMCUyOCU0MHJhZGlvNGRrJTI5JTIwJTNDYSUyMGhyZWYlM0QlMjJodHRwcyUzQSUyRiUyRnR3aXR0ZXIuY29tJTJGcmFkaW80ZGslMkZzdGF0dXMlMkYxOTI5ODU2MTIyNDMwNTc4NzA0JTNGcmVmX3NyYyUzRHR3c3JjJTI1NUV0ZnclMjIlM0VKdW5lJTIwMyUyQyUyMDIwMjUlM0MlMkZhJTNFJTNDJTJGYmxvY2txdW90ZSUzRSUyMCUzQ3NjcmlwdCUyMGFzeW5jJTIwc3JjJTNEJTIyaHR0cHMlM0ElMkYlMkZwbGF0Zm9ybS50d2l0dGVyLmNvbSUyRndpZGdldHMuanMlMjIlMjBjaGFyc2V0JTNEJTIydXRmLTglMjIlM0UlM0MlMkZzY3JpcHQlM0U=[\/spb_raw_html] [spb_blank_spacer height=&#8221;30px&#8221; width=&#8221;1\/1&#8243; el_position=&#8221;first last&#8221;] [spb_raw_html width=&#8221;1\/1&#8243; el_position=&#8221;first last&#8221;]JTNDYmxvY2txdW90ZSUyMGNsYXNzJTNEJTIydHdpdHRlci10d2VldCUyMiUyMGRhdGEtdGhlbWUlM0QlMjJkYXJrJTIyJTNFJTNDcCUyMGxhbmclM0QlMjJkYSUyMiUyMGRpciUzRCUyMmx0ciUyMiUzRUplZyUyMGhhciUyMG5vcm1hbHQlMjBlbiUyMG1lZ2V0JTIwcm9saWclMjBvZyUyMGtvbnN0cnVrdGl2JTIwdGlsZ2FuZyUyMHRpbCUyMGRlYmF0JTJDJTIwbWVuJTIwZGVzdiVDMyVBNnJyZSUyMGVyJTIwaHVuJTIwc2xldCUyMGlra2UlMjBpbnRlcmVzc2VyZXQlMjBpJTIwZW4lMjBzZXJpJUMzJUI4cyUyMG9nJTIwc2FnbGlnJTIwZGlza3Vzc2lvbi4lMjAlM0NhJTIwaHJlZiUzRCUyMmh0dHBzJTNBJTJGJTJGdC5jbyUyRlZvQm5JNFkwZ0wlMjIlM0VwaWMudHdpdHRlci5jb20lMkZWb0JuSTRZMGdMJTNDJTJGYSUzRSUzQyUyRnAlM0UlMjZtZGFzaCUzQiUyMFphaWRvdW4lMjAlMjglNDBpbm5vdmF0b3I5ODclMjklMjAlM0NhJTIwaHJlZiUzRCUyMmh0dHBzJTNBJTJGJTJGdHdpdHRlci5jb20lMkZpbm5vdmF0b3I5ODclMkZzdGF0dXMlMkYxODQyNTg5MjI1NjM3ODAyMDE0JTNGcmVmX3NyYyUzRHR3c3JjJTI1NUV0ZnclMjIlM0VPY3RvYmVyJTIwNSUyQyUyMDIwMjQlM0MlMkZhJTNFJTNDJTJGYmxvY2txdW90ZSUzRSUyMCUzQ3NjcmlwdCUyMGFzeW5jJTIwc3JjJTNEJTIyaHR0cHMlM0ElMkYlMkZwbGF0Zm9ybS50d2l0dGVyLmNvbSUyRndpZGdldHMuanMlMjIlMjBjaGFyc2V0JTNEJTIydXRmLTglMjIlM0UlM0MlMkZzY3JpcHQlM0U=[\/spb_raw_html] [spb_blank_spacer height=&#8221;30px&#8221; width=&#8221;1\/1&#8243; el_position=&#8221;first last&#8221;] [spb_text_block animation=&#8221;none&#8221; animation_delay=&#8221;0&#8243; simplified_controls=&#8221;yes&#8221; custom_css_percentage=&#8221;no&#8221; padding_vertical=&#8221;0&#8243; padding_horizontal=&#8221;0&#8243; margin_vertical=&#8221;0&#8243; custom_css=&#8221;margin-top: 0px;margin-bottom: 0px;&#8221; border_size=&#8221;0&#8243; border_styling_global=&#8221;default&#8221; width=&#8221;1\/1&#8243; el_position=&#8221;first last&#8221;]<\/p>\n<p><strong>\u00c5ben debat kr\u00e6ver \u00e5ben adgang.<\/strong> I Radio4 taler Bonde om ansvar og \u201cdialog ansigt til ansigt\u201d, men i praksis afgr\u00e6nses modspil ofte via blokering. Det skaber en asymmetri: offentlig appel til samtale, privat kontrol over hvem der kan svare. Pointen er ikke f\u00f8lelser, men mekanismen: n\u00e5r adgang styres, bliver \u201c\u00e5ben debat\u201d en ramme \u2013 ikke en realitet. Hun skriver:<\/p>\n<p><em>\u201cJeg har et ansvar for at p\u00e5tale den linje, nogle akt\u00f8rer i debatten l\u00e6gger pt. Min opfordring er igen til skaberen af memet om mig i Kr\u00e6nkelseskulturelle memes: Tag en debat med mig ansigt til ansigt. Jeg st\u00e5r klar. Det er bedre digital dannelse og debat end at lave et hetzende meme. Lyt med hos Radio4, hvor jeg forklarer sagen.\u201d<\/em><\/p>\n<p>[\/spb_text_block] [spb_text_block animation=&#8221;none&#8221; animation_delay=&#8221;0&#8243; simplified_controls=&#8221;yes&#8221; custom_css_percentage=&#8221;no&#8221; padding_vertical=&#8221;0&#8243; padding_horizontal=&#8221;0&#8243; margin_vertical=&#8221;0&#8243; custom_css=&#8221;margin-top: 0px;margin-bottom: 0px;&#8221; border_size=&#8221;0&#8243; border_styling_global=&#8221;default&#8221; width=&#8221;1\/1&#8243; el_position=&#8221;first last&#8221;]<\/p>\n<h2>FRA AISHWARYA TIL ARIANA<\/h2>\n<h3>SALAAM FRA \u201cPERLEN\u201d<\/h3>\n<p><em>\u201cSalaam fra perlen\u201d er en ironisk hilsen: mig \u2013 den, der bliver reduceret til \u201cperle\/perker\u201d \u2013 der hilser tilbage, efter blokeringen. Det er et \u201ctak for sidst\u201d skrevet med samme kode, som blev brugt til at lukke samtalen.<\/em><\/p>\n<p><strong>Hvorfor n\u00e6vne Aishwarya?<\/strong> Fordi jeg bruger en konkret, visuel gestus som ramme. I scenen udf\u00f8res en klassisk hilsen (salaam\/adaab) \u2013 h\u00e5nden ved panden \u2013 omgivet af smykker og perler. Det er ikke et Bollywood-spor; det er en m\u00e5de at g\u00f8re \u201cperle\u201d-symbolikken synlig p\u00e5.<\/p>\n<p>Bonde fremstiller sin position som \u201cansvar\u201d og inviterer til dialog ansigt til ansigt.<\/p>\n<p>Men forskellen mellem invitation og praksis er central: I et radiostudie kan ramme og tempo styres; online lukkes der for modspil gennem blokering og ironi. Det skaber en asymmetri, hvor adgang gives selektivt.<\/p>\n<p>Mit svar blev et satirisk n\u00e5lestik: en kort analyse af sp\u00e6ndingen mellem titel og kommunikation, n\u00e5r f\u00f8lelser og symboler kan fungere som v\u00e6rn.<\/p>\n<p>Derfor skifter jeg derefter til en mere minimalistisk ramme: Ariana Grandes <em>No tears left to cry<\/em>. Pointen er den samme, men uden scenografi: N\u00e5r f\u00f8lelser bruges som legitimering, og symboler afsk\u00e6rmer kritik, risikerer ytringsfrihed at blive iscenes\u00e6ttelse frem for samtale.<\/p>\n<h3>L\u00c6S VIDERE<\/h3>\n<ul>\n<li><strong>N\u00c5LESTIK 1 \u2013 KIRURGISK PR\u00c6CISION:<\/strong> Begrebsbrug og eufemismer.<\/li>\n<li><strong>N\u00c5LESTIK 2 \u2013 SALAAM TIL PERLERNE:<\/strong> Satire og dommeretik.<\/li>\n<li><strong>BONUS \u2013 UNDERMINERER NINA PALESA BONDE DET DANSKE RETSSYSTEM?<\/strong> Dobbeltroller og institutionel tillid.<\/li>\n<\/ul>\n<p>[\/spb_text_block] [spb_blank_spacer height=&#8221;30px&#8221; width=&#8221;1\/1&#8243; el_position=&#8221;first last&#8221;] [spb_blank_spacer height=&#8221;30px&#8221; width=&#8221;1\/1&#8243; el_position=&#8221;first last&#8221;] [spb_text_block animation=&#8221;none&#8221; animation_delay=&#8221;0&#8243; simplified_controls=&#8221;yes&#8221; custom_css_percentage=&#8221;no&#8221; padding_vertical=&#8221;0&#8243; padding_horizontal=&#8221;0&#8243; margin_vertical=&#8221;0&#8243; custom_css=&#8221;margin-top: 0px;margin-bottom: 0px;&#8221; border_size=&#8221;0&#8243; border_styling_global=&#8221;default&#8221; width=&#8221;1\/1&#8243; el_position=&#8221;first last&#8221;]<\/p>\n<h2>IGEN UNDER LUP OG SKALPEL<\/h2>\n<p>[\/spb_text_block] [spb_raw_html width=&#8221;1\/1&#8243; el_position=&#8221;first last&#8221;]JTNDaWZyYW1lJTIwc3JjJTNEJTIyaHR0cHMlM0ElMkYlMkZ3d3cuZmFjZWJvb2suY29tJTJGcGx1Z2lucyUyRnBvc3QucGhwJTNGaHJlZiUzRGh0dHBzJTI1M0ElMjUyRiUyNTJGd3d3LmZhY2Vib29rLmNvbSUyNTJGam9uYXRoYW4ub2ZpciUyNTJGcG9zdHMlMjUyRnBmYmlkMDJzcUdIMkxTc0dNekhpdXc0Wm5oQ1dpWGZoU3NyYUNUYUp4NE5kZWg4dUxvb1lOMXF3MjVHY0hpRTRUSmpFSzhibCUyNnNob3dfdGV4dCUzRHRydWUlMjZ3aWR0aCUzRDUwMCUyMiUyMHdpZHRoJTNEJTIyNTAwJTIyJTIwaGVpZ2h0JTNEJTIyNDc2JTIyJTIwc3R5bGUlM0QlMjJib3JkZXIlM0Fub25lJTNCb3ZlcmZsb3clM0FoaWRkZW4lMjIlMjBzY3JvbGxpbmclM0QlMjJubyUyMiUyMGZyYW1lYm9yZGVyJTNEJTIyMCUyMiUyMGFsbG93ZnVsbHNjcmVlbiUzRCUyMnRydWUlMjIlMjBhbGxvdyUzRCUyMmF1dG9wbGF5JTNCJTIwY2xpcGJvYXJkLXdyaXRlJTNCJTIwZW5jcnlwdGVkLW1lZGlhJTNCJTIwcGljdHVyZS1pbi1waWN0dXJlJTNCJTIwd2ViLXNoYXJlJTIyJTNFJTNDJTJGaWZyYW1lJTNF[\/spb_raw_html] [spb_blank_spacer height=&#8221;30px&#8221; width=&#8221;1\/1&#8243; el_position=&#8221;first last&#8221;] [spb_text_block animation=&#8221;none&#8221; animation_delay=&#8221;0&#8243; simplified_controls=&#8221;yes&#8221; custom_css_percentage=&#8221;no&#8221; padding_vertical=&#8221;0&#8243; padding_horizontal=&#8221;0&#8243; margin_vertical=&#8221;0&#8243; custom_css=&#8221;margin-top: 0px;margin-bottom: 0px;&#8221; border_size=&#8221;0&#8243; border_styling_global=&#8221;default&#8221; width=&#8221;1\/1&#8243; el_position=&#8221;first last&#8221;]<\/p>\n<h2>JONATHAN OFIR: HVAD DER BLEV SAGT \u2013 OG HVAD DER BLEV P\u00c5ST\u00c5ET<\/h2>\n<p>Ofir beskriver et forl\u00f8b fra debatten <em>\u201cWhat is Genocide?\u201d<\/em> p\u00e5 K\u00f8benhavns Universitet (23. maj 2025): Han l\u00e6ser fra ICJ\u2019s summary og opsummerer det som <em>\u201crisk of genocide\u201d<\/em>. If\u00f8lge ham bliver hans ord efterf\u00f8lgende behandlet, som om han talte om <em>\u201cplausible genocide\u201d<\/em>\u2014en omformulering han afviser. Pointen er ikke semantik, men effekt: fokus flyttes fra domstolens advarsel til et begrebsspil, der \u00e6ndrer rammen for debatten.<\/p>\n<p>[\/spb_text_block] [spb_blank_spacer height=&#8221;30px&#8221; width=&#8221;1\/1&#8243; el_position=&#8221;first last&#8221;] [spb_toggle element_name=&#8221;L\u00c6S DOKUMENTATION (CITATER + TIDSKODE)&#8221; title=&#8221;L\u00c6S DOKUMENTATION (CITATER + TIDSKODE)&#8221; open=&#8221;false&#8221; width=&#8221;1\/1&#8243; el_position=&#8221;first last&#8221;]<\/p>\n<p><em>Uddrag fra offentlige opslag og tr\u00e5de. Citaterne er skribenternes egne ord. Udvalgt for relevans (citatpr\u00e6cision og institutionel tillid) \u2013 ikke for sk\u00e6ldsord.<\/em><\/p>\n<blockquote><p><em>\u201cI did not apply the term \u2018plausible\u2019 in my summary.\u201d<\/em><br \/>\n<strong>\u2014 Jonathan Ofir (offentligt opslag, 2. juni 2025)<\/strong><\/p><\/blockquote>\n<blockquote><p><em>\u201cThis may seem like a pedantic word-game, but it is not. It is a strategic attempt to misrepresent and distract\u2026\u201d<\/em><br \/>\n<strong>\u2014 Jonathan Ofir (offentligt opslag, 2. juni 2025)<\/strong><\/p><\/blockquote>\n<blockquote><p><em>\u201cEven Palesa Bonde\u2019s shortened version\u2026 is imprecise\u2026 But she goes further to outright lying about my summary.\u201d<\/em><br \/>\n<strong>\u2014 Jonathan Ofir (offentligt opslag, 2. juni 2025)<\/strong><\/p><\/blockquote>\n<blockquote><p><em>\u201cThe fact that he read out that paragraph and then said, \u2018Well, this is basically plausible genocide.\u2019\u201d<\/em><br \/>\n<strong>\u2014 Natasha Hausdorff (video, ca. 1:36:25)<\/strong><\/p><\/blockquote>\n<blockquote><p><em>\u201cI did not!\u201d<\/em><br \/>\n<strong>\u2014 Jonathan Ofir (fra salen, i samme sekvens)<\/strong><\/p><\/blockquote>\n<blockquote><p><em>\u201cI et demokrati er det afg\u00f8rende, at borgerne stoler p\u00e5 retssystemets upartiskhed og professionalisme.\u201d<\/em><br \/>\n<strong>\u2014 Kommentar i offentlig tr\u00e5d<\/strong><\/p><\/blockquote>\n<p><strong>Fuld kontekst:<\/strong> <a href=\"https:\/\/zlcopenhagen.com\/natasha-hausdorff-vs-ralph-wilde-debat\/\">Natasha Hausdorff vs. Ralph Wilde \u2013 fuld gennemgang + video<\/a><\/p>\n<p><strong>Original video (tidskode):<\/strong> 1:33:30 (Jonathan Ofirs sp\u00f8rgsm\u00e5l)<\/p>\n<p>[\/spb_toggle] [spb_blank_spacer height=&#8221;30px&#8221; width=&#8221;1\/1&#8243; el_position=&#8221;first last&#8221;] [spb_text_block animation=&#8221;none&#8221; animation_delay=&#8221;0&#8243; simplified_controls=&#8221;yes&#8221; custom_css_percentage=&#8221;no&#8221; padding_vertical=&#8221;0&#8243; padding_horizontal=&#8221;0&#8243; margin_vertical=&#8221;0&#8243; custom_css=&#8221;margin-top: 0px;margin-bottom: 0px;&#8221; border_size=&#8221;0&#8243; border_styling_global=&#8221;default&#8221; width=&#8221;1\/1&#8243; el_position=&#8221;first last&#8221;]<\/p>\n<h2>ANNA ASKJ\u00c6R: N\u00c5R YTRINGSFRIHED BLIVER EN STRAF<\/h2>\n<p>Anna Askj\u00e6r beskriver et m\u00f8nster, hvor kritik (is\u00e6r om Israel, racisme og statslig vold) udl\u00f8ser sanktioner: f\u00f8rst p\u00e5 platforme, senere som juridisk eller socialt pres. Hendes pointe er ikke, at hun altid har ret, men at gr\u00e6nsen for det \u201ctilladte\u201d flytter sig, n\u00e5r emnet bliver politisk.<\/p>\n<ul>\n<li><strong>Platform:<\/strong> Gentagne blokeringer og fjernelser, som hun opfatter som selektiv h\u00e5ndh\u00e6velse.<\/li>\n<li><strong>System:<\/strong> En sigtelse for \u201cterrorbilligelse\u201d n\u00e6vnes som eksempel p\u00e5, hvor h\u00e5rdt sproget kan tolkes (selv n\u00e5r sigtelsen senere frafaldes).<\/li>\n<li><strong>Effekt:<\/strong> En afk\u00f8lende virkning: folk l\u00e6rer at tie, hvis prisen bliver for h\u00f8j.<\/li>\n<\/ul>\n<p>Hun kobler frustrationen til konkrete magtpersoner i debatten og antyder, at nogle beskyttes, mens andre straffes. I den logik bliver \u201cofferrollen\u201d ikke bare f\u00f8lelse, men et redskab i kampen om, hvem der m\u00e5 tale.<\/p>\n<p>[\/spb_text_block] [spb_blank_spacer height=&#8221;30px&#8221; width=&#8221;1\/1&#8243; el_position=&#8221;first last&#8221;] [spb_text_block animation=&#8221;none&#8221; animation_delay=&#8221;0&#8243; simplified_controls=&#8221;yes&#8221; custom_css_percentage=&#8221;no&#8221; padding_vertical=&#8221;0&#8243; padding_horizontal=&#8221;0&#8243; margin_vertical=&#8221;0&#8243; custom_css=&#8221;margin-top: 0px;margin-bottom: 0px;&#8221; border_size=&#8221;0&#8243; border_styling_global=&#8221;default&#8221; width=&#8221;1\/1&#8243; el_position=&#8221;first last&#8221;]<\/p>\n<h2>PIA BOVIN: N\u00c5R \u201cDEBAT\u201d BLIVER DISTRIBUTION<\/h2>\n<p><strong>Pointen:<\/strong> Pia Bovin l\u00e6ser Hausdorffs Danmark-bes\u00f8g som mere end en debat: et format, der producerer klip, citater og signaler, der kan cirkulere videre. Det er en fortolkning \u2013 men den bliver interessant, fordi den kan holdes op mod noget konkret: videoen, tidskoderne og den digitale hale bagefter.<\/p>\n<p><strong>Dokumentation (det, der kan tjekkes):<\/strong> Der findes et fuldt videoklip og et afgr\u00e6nset highlight fra arrangementet. Derudover viser kommentarfeltet en tydelig polarisering: hyldest af \u00e9n deltager, nedg\u00f8relse af andre og fors\u00f8g p\u00e5 at flytte fokus fra jura til loyalitet\/identitet.<\/p>\n<p><em>Jeg gengiver ikke hadske formuleringer ordret. I stedet opsummerer jeg m\u00f8nstrene, og l\u00e6gger kilderne \u00e5bent frem.<\/em><\/p>\n<p>[\/spb_text_block] [spb_blank_spacer height=&#8221;30px&#8221; width=&#8221;1\/1&#8243; el_position=&#8221;first last&#8221;] [spb_toggle element_name=&#8221;L\u00c6S DOKUMENTATIONEN&#8221; title=&#8221;L\u00c6S DOKUMENTATIONEN&#8221; open=&#8221;false&#8221; width=&#8221;1\/1&#8243; el_position=&#8221;first last&#8221;]<\/p>\n<h3>DOKUMENTATION (BONUS): M\u00d8NSTRE I KOMMENTARFELTET<\/h3>\n<p><strong>Hvad der g\u00e5r igen:<\/strong> (1) Hyldest af Hausdorff som \u201cautoritet\u201d, (2) udskamning af Amnesty\/danske deltagere, (3) skift fra argumenter til signaler.<\/p>\n<ul>\n<li><em>\u201cShame on Amnesty.\u201d<\/em><\/li>\n<li><em>\u201cAmnesty is embarrassing\u2026\u201d<\/em><\/li>\n<li><em>\u201cThe others spoke rubbish\u2026\u201d<\/em><\/li>\n<\/ul>\n<p><strong>Kilder:<\/strong> Video + highlight-klip (se links ovenfor i artiklen).<\/p>\n<p>[\/spb_toggle] [spb_blank_spacer height=&#8221;30px&#8221; width=&#8221;1\/1&#8243; el_position=&#8221;first last&#8221;] [spb_raw_html width=&#8221;1\/1&#8243; el_position=&#8221;first last&#8221;]JTNDaWZyYW1lJTIwc3JjJTNEJTIyaHR0cHMlM0ElMkYlMkZ3d3cuZmFjZWJvb2suY29tJTJGcGx1Z2lucyUyRnBvc3QucGhwJTNGaHJlZiUzRGh0dHBzJTI1M0ElMjUyRiUyNTJGd3d3LmZhY2Vib29rLmNvbSUyNTJGcGVybWFsaW5rLnBocCUyNTNGc3RvcnlfZmJpZCUyNTNEcGZiaWQwTmptV0V1R1BBNGh0YzE1MnFEb1RxVU42czJGekVvZTMxSFJDZHNvNjFmZXZEb01RN2JBSkV0TkhnZVQxd0w4WWwlMjUyNmlkJTI1M0QxMDAwMDk5ODYyNjkwMDclMjZzaG93X3RleHQlM0R0cnVlJTI2d2lkdGglM0Q1MDAlMjIlMjB3aWR0aCUzRCUyMjUwMCUyMiUyMGhlaWdodCUzRCUyMjc2NyUyMiUyMHN0eWxlJTNEJTIyYm9yZGVyJTNBbm9uZSUzQm92ZXJmbG93JTNBaGlkZGVuJTIyJTIwc2Nyb2xsaW5nJTNEJTIybm8lMjIlMjBmcmFtZWJvcmRlciUzRCUyMjAlMjIlMjBhbGxvd2Z1bGxzY3JlZW4lM0QlMjJ0cnVlJTIyJTIwYWxsb3clM0QlMjJhdXRvcGxheSUzQiUyMGNsaXBib2FyZC13cml0ZSUzQiUyMGVuY3J5cHRlZC1tZWRpYSUzQiUyMHBpY3R1cmUtaW4tcGljdHVyZSUzQiUyMHdlYi1zaGFyZSUyMiUzRSUzQyUyRmlmcmFtZSUzRQ==[\/spb_raw_html] [spb_blank_spacer height=&#8221;30px&#8221; width=&#8221;1\/1&#8243; el_position=&#8221;first last&#8221;] [spb_text_block animation=&#8221;none&#8221; animation_delay=&#8221;0&#8243; simplified_controls=&#8221;yes&#8221; custom_css_percentage=&#8221;no&#8221; padding_vertical=&#8221;0&#8243; padding_horizontal=&#8221;0&#8243; margin_vertical=&#8221;0&#8243; custom_css=&#8221;margin-top: 0px;margin-bottom: 0px;&#8221; border_size=&#8221;0&#8243; border_styling_global=&#8221;default&#8221; width=&#8221;1\/1&#8243; el_position=&#8221;first last&#8221;]<\/p>\n<h2>KONKLUSION<\/h2>\n<p><strong>T\u00e5rer er ikke problemet.<\/strong> Problemet er, n\u00e5r f\u00f8lelser og symboler bliver en ramme, der g\u00f8r kritik illegitim og flytter debatten fra substans til sympati.<\/p>\n<p><strong>N\u00e5r en retslig titel samtidig fungerer som mediepersona,<\/strong> bliver sp\u00f8rgsm\u00e5let ikke \u201chvem har ret\u201d, men hvad det g\u00f8r ved tilliden, n\u00e5r adgang til modspil kan lukkes, mens \u201c\u00e5ben debat\u201d bruges som slogan.<\/p>\n<p><strong>Derfor handler denne artikel om mekanik:<\/strong> citater, framing og selektiv adgang. Og om hvorfor \u201cCry me a river\u201d i denne sammenh\u00e6ng l\u00e6ses som en kritik af metoden \u2013 ikke af f\u00f8lelsen.<\/p>\n<p>[\/spb_text_block]<\/p>\n","protected":false},"excerpt":{"rendered":"<p>[spb_text_block animation=&#8221;none&#8221; animation_delay=&#8221;0&#8243; simplified_controls=&#8221;yes&#8221; custom_css_percentage=&#8221;no&#8221; padding_vertical=&#8221;0&#8243; padding_horizontal=&#8221;0&#8243; margin_vertical=&#8221;0&#8243; custom_css=&#8221;margin-top: 0px;margin-bottom: 0px;&#8221; border_size=&#8221;0&#8243; border_styling_global=&#8221;default&#8221; width=&#8221;1\/1&#8243; el_position=&#8221;first last&#8221;] T\u00c5RER SOM STRATEGI: MEDIERAMMER OG DOMMERETIK Denne artikel analyserer, hvordan t\u00e5rer, symboler og medieformater kan fungere som retoriske v\u00e6rkt\u00f8jer, n\u00e5r en offentlig person samtidig b\u00e6rer en retslig titel. Fokus er ikke f\u00f8lelser i sig selv, men hvad der sker med debat, kritik og institutionel [&hellip;]<\/p>\n","protected":false},"author":2,"featured_media":0,"comment_status":"closed","ping_status":"closed","sticky":false,"template":"","format":"standard","meta":{"footnotes":""},"categories":[1884,1883],"tags":[],"class_list":["post-49090","post","type-post","status-publish","format-standard","hentry","category-embedsvaerk-under-luppen","category-magtnetvaerk"],"yoast_head":"<!-- This site is optimized with the Yoast SEO Premium plugin v26.6 (Yoast SEO v27.5) - https:\/\/yoast.com\/product\/yoast-seo-premium-wordpress\/ -->\n<title>Nina Palesa Bonde: Perler, t\u00e5rer og dommerkappe \u2013 offerrollen som strategi<\/title>\n<meta name=\"description\" content=\"N\u00e5r t\u00e5rer bliver PR, og dommerkappen bliver symbol: En analyse af Nina Palesa Bonde, dommeretik, mediesympati og gr\u00e6nselandet mellem rolle og retorik\" \/>\n<meta name=\"robots\" content=\"index, follow, max-snippet:-1, max-image-preview:large, max-video-preview:-1\" \/>\n<link rel=\"canonical\" href=\"https:\/\/zlcopenhagen.com\/da\/nina-palesa-bonde-taarer-perler\/\" \/>\n<meta property=\"og:locale\" content=\"da_DK\" \/>\n<meta property=\"og:type\" content=\"article\" \/>\n<meta property=\"og:title\" content=\"ZLCOPENHAGEN: Danish-Punjabi Ethical Menswear\" \/>\n<meta property=\"og:description\" content=\"ZLCOPENHAGEN merges Danish minimalism with Punjabi pride. Ethical menswear with muscle, message, and meaning. Designed with zidd.\" \/>\n<meta property=\"og:url\" content=\"https:\/\/zlcopenhagen.com\/da\/nina-palesa-bonde-taarer-perler\/\" \/>\n<meta property=\"og:site_name\" content=\"zlcopenhagen.com\" \/>\n<meta property=\"article:published_time\" content=\"2025-06-08T05:32:59+00:00\" \/>\n<meta property=\"article:modified_time\" content=\"2026-01-18T05:53:30+00:00\" \/>\n<meta property=\"og:image\" content=\"https:\/\/zlcopenhagen.com\/wp-content\/uploads\/2014\/11\/zlc-.jpg\" \/>\n\t<meta property=\"og:image:width\" content=\"1908\" \/>\n\t<meta property=\"og:image:height\" content=\"1062\" \/>\n\t<meta property=\"og:image:type\" content=\"image\/jpeg\" \/>\n<meta name=\"author\" content=\"ZLC Team\" \/>\n<meta name=\"twitter:card\" content=\"summary_large_image\" \/>\n<meta name=\"twitter:label1\" content=\"Skrevet af\" \/>\n\t<meta name=\"twitter:data1\" content=\"ZLC Team\" \/>\n\t<meta name=\"twitter:label2\" content=\"Estimeret l\u00e6setid\" \/>\n\t<meta name=\"twitter:data2\" content=\"9 minutter\" \/>\n<!-- \/ Yoast SEO Premium plugin. -->","yoast_head_json":{"title":"Nina Palesa Bonde: Perler, t\u00e5rer og dommerkappe \u2013 offerrollen som strategi","description":"N\u00e5r t\u00e5rer bliver PR, og dommerkappen bliver symbol: En analyse af Nina Palesa Bonde, dommeretik, mediesympati og gr\u00e6nselandet mellem rolle og retorik","robots":{"index":"index","follow":"follow","max-snippet":"max-snippet:-1","max-image-preview":"max-image-preview:large","max-video-preview":"max-video-preview:-1"},"canonical":"https:\/\/zlcopenhagen.com\/da\/nina-palesa-bonde-taarer-perler\/","og_locale":"da_DK","og_type":"article","og_title":"ZLCOPENHAGEN: Danish-Punjabi Ethical Menswear","og_description":"ZLCOPENHAGEN merges Danish minimalism with Punjabi pride. Ethical menswear with muscle, message, and meaning. Designed with zidd.","og_url":"https:\/\/zlcopenhagen.com\/da\/nina-palesa-bonde-taarer-perler\/","og_site_name":"zlcopenhagen.com","article_published_time":"2025-06-08T05:32:59+00:00","article_modified_time":"2026-01-18T05:53:30+00:00","og_image":[{"width":1908,"height":1062,"url":"https:\/\/zlcopenhagen.com\/wp-content\/uploads\/2014\/11\/zlc-.jpg","type":"image\/jpeg"}],"author":"ZLC Team","twitter_card":"summary_large_image","twitter_misc":{"Skrevet af":"ZLC Team","Estimeret l\u00e6setid":"9 minutter"},"schema":{"@context":"https:\/\/schema.org","@graph":[{"@type":["Article","BlogPosting"],"@id":"https:\/\/zlcopenhagen.com\/da\/nina-palesa-bonde-taarer-perler\/#article","isPartOf":{"@id":"https:\/\/zlcopenhagen.com\/da\/nina-palesa-bonde-taarer-perler\/"},"author":{"name":"ZLC Team","@id":"https:\/\/zlcopenhagen.com\/#\/schema\/person\/c7ce5649957ac4c1258910e89f0f5fb3"},"headline":"NINA PALESA BONDE \u2013 N\u00c5R T\u00c5RER BLIVER STRATEGI OG DOMMERKAPPEN BLIVER SYMBOL","datePublished":"2025-06-08T05:32:59+00:00","dateModified":"2026-01-18T05:53:30+00:00","mainEntityOfPage":{"@id":"https:\/\/zlcopenhagen.com\/da\/nina-palesa-bonde-taarer-perler\/"},"wordCount":3256,"publisher":{"@id":"https:\/\/zlcopenhagen.com\/#organization"},"articleSection":["EMBEDSV\u00c6RK UNDER LUPPEN","MAGTNETV\u00c6RK"],"inLanguage":"da-DK","copyrightYear":"2025","copyrightHolder":{"@id":"https:\/\/zlcopenhagen.com\/#organization"}},{"@type":"WebPage","@id":"https:\/\/zlcopenhagen.com\/da\/nina-palesa-bonde-taarer-perler\/","url":"https:\/\/zlcopenhagen.com\/da\/nina-palesa-bonde-taarer-perler\/","name":"Nina Palesa Bonde: Perler, t\u00e5rer og dommerkappe \u2013 offerrollen som strategi","isPartOf":{"@id":"https:\/\/zlcopenhagen.com\/#website"},"datePublished":"2025-06-08T05:32:59+00:00","dateModified":"2026-01-18T05:53:30+00:00","description":"N\u00e5r t\u00e5rer bliver PR, og dommerkappen bliver symbol: En analyse af Nina Palesa Bonde, dommeretik, mediesympati og gr\u00e6nselandet mellem rolle og retorik","breadcrumb":{"@id":"https:\/\/zlcopenhagen.com\/da\/nina-palesa-bonde-taarer-perler\/#breadcrumb"},"inLanguage":"da-DK","potentialAction":[{"@type":"ReadAction","target":["https:\/\/zlcopenhagen.com\/da\/nina-palesa-bonde-taarer-perler\/"]}]},{"@type":"BreadcrumbList","@id":"https:\/\/zlcopenhagen.com\/da\/nina-palesa-bonde-taarer-perler\/#breadcrumb","itemListElement":[{"@type":"ListItem","position":1,"name":"Home","item":"https:\/\/zlcopenhagen.com\/da\/"},{"@type":"ListItem","position":2,"name":"NINA PALESA BONDE \u2013 N\u00c5R T\u00c5RER BLIVER STRATEGI OG DOMMERKAPPEN BLIVER SYMBOL"}]},{"@type":"WebSite","@id":"https:\/\/zlcopenhagen.com\/#website","url":"https:\/\/zlcopenhagen.com\/","name":"zlcopenhagen.com","description":"","publisher":{"@id":"https:\/\/zlcopenhagen.com\/#organization"},"potentialAction":[{"@type":"SearchAction","target":{"@type":"EntryPoint","urlTemplate":"https:\/\/zlcopenhagen.com\/?s={search_term_string}"},"query-input":{"@type":"PropertyValueSpecification","valueRequired":true,"valueName":"search_term_string"}}],"inLanguage":"da-DK"},{"@type":["Organization","Place"],"@id":"https:\/\/zlcopenhagen.com\/#organization","name":"ZLCOPENHAGEN","alternateName":"ZLCOPENHAGEN","url":"https:\/\/zlcopenhagen.com\/","logo":{"@id":"https:\/\/zlcopenhagen.com\/da\/nina-palesa-bonde-taarer-perler\/#local-main-organization-logo"},"image":{"@id":"https:\/\/zlcopenhagen.com\/da\/nina-palesa-bonde-taarer-perler\/#local-main-organization-logo"},"sameAs":["https:\/\/www.youtube.com\/channel\/UCy7JINwB6DMr2fA9yHpDQJg"],"telephone":[],"openingHoursSpecification":[{"@type":"OpeningHoursSpecification","dayOfWeek":["Monday","Tuesday","Wednesday","Thursday","Friday","Saturday","Sunday"],"opens":"09:00","closes":"17:00"}]},{"@type":"Person","@id":"https:\/\/zlcopenhagen.com\/#\/schema\/person\/c7ce5649957ac4c1258910e89f0f5fb3","name":"ZLC Team","image":{"@type":"ImageObject","inLanguage":"da-DK","@id":"https:\/\/secure.gravatar.com\/avatar\/bb92a8e9bdde1cf2114b74dce44557ee57d3909986eab1422fc34e9cce350044?s=96&d=mm&r=g","url":"https:\/\/secure.gravatar.com\/avatar\/bb92a8e9bdde1cf2114b74dce44557ee57d3909986eab1422fc34e9cce350044?s=96&d=mm&r=g","contentUrl":"https:\/\/secure.gravatar.com\/avatar\/bb92a8e9bdde1cf2114b74dce44557ee57d3909986eab1422fc34e9cce350044?s=96&d=mm&r=g","caption":"ZLC Team"}},{"@type":"ImageObject","inLanguage":"da-DK","@id":"https:\/\/zlcopenhagen.com\/da\/nina-palesa-bonde-taarer-perler\/#local-main-organization-logo","url":"https:\/\/zlcopenhagen.com\/wp-content\/uploads\/2016\/05\/blog-logo.jpg","contentUrl":"https:\/\/zlcopenhagen.com\/wp-content\/uploads\/2016\/05\/blog-logo.jpg","width":68,"height":68,"caption":"ZLCOPENHAGEN"}]}},"_links":{"self":[{"href":"https:\/\/zlcopenhagen.com\/da\/wp-json\/wp\/v2\/posts\/49090","targetHints":{"allow":["GET"]}}],"collection":[{"href":"https:\/\/zlcopenhagen.com\/da\/wp-json\/wp\/v2\/posts"}],"about":[{"href":"https:\/\/zlcopenhagen.com\/da\/wp-json\/wp\/v2\/types\/post"}],"author":[{"embeddable":true,"href":"https:\/\/zlcopenhagen.com\/da\/wp-json\/wp\/v2\/users\/2"}],"replies":[{"embeddable":true,"href":"https:\/\/zlcopenhagen.com\/da\/wp-json\/wp\/v2\/comments?post=49090"}],"version-history":[{"count":55,"href":"https:\/\/zlcopenhagen.com\/da\/wp-json\/wp\/v2\/posts\/49090\/revisions"}],"predecessor-version":[{"id":56733,"href":"https:\/\/zlcopenhagen.com\/da\/wp-json\/wp\/v2\/posts\/49090\/revisions\/56733"}],"wp:attachment":[{"href":"https:\/\/zlcopenhagen.com\/da\/wp-json\/wp\/v2\/media?parent=49090"}],"wp:term":[{"taxonomy":"category","embeddable":true,"href":"https:\/\/zlcopenhagen.com\/da\/wp-json\/wp\/v2\/categories?post=49090"},{"taxonomy":"post_tag","embeddable":true,"href":"https:\/\/zlcopenhagen.com\/da\/wp-json\/wp\/v2\/tags?post=49090"}],"curies":[{"name":"wp","href":"https:\/\/api.w.org\/{rel}","templated":true}]}}