{"id":48560,"date":"2025-06-04T06:30:32","date_gmt":"2025-06-04T05:30:32","guid":{"rendered":"https:\/\/zlcopenhagen.com\/?p=48560"},"modified":"2026-01-22T08:10:25","modified_gmt":"2026-01-22T07:10:25","slug":"zakat-side-by-side-sisse-joy-kristensen","status":"publish","type":"post","link":"https:\/\/zlcopenhagen.com\/da\/zakat-side-by-side-sisse-joy-kristensen\/","title":{"rendered":"ZAKAT CHARITY: SIDE BY SIDE WITH ARIANA"},"content":{"rendered":"<p>[spb_text_block animation=&#8221;none&#8221; animation_delay=&#8221;0&#8243; simplified_controls=&#8221;yes&#8221; custom_css_percentage=&#8221;no&#8221; padding_vertical=&#8221;0&#8243; padding_horizontal=&#8221;0&#8243; margin_vertical=&#8221;0&#8243; custom_css=&#8221;margin-top: 0px;margin-bottom: 0px;&#8221; border_size=&#8221;0&#8243; border_styling_global=&#8221;default&#8221; width=&#8221;1\/1&#8243; el_position=&#8221;first last&#8221;]<\/p>\n<h2><script type=\"text\/javascript\" src=\"https:\/\/cdnjs.buymeacoffee.com\/1.0.0\/button.prod.min.js\" data-name=\"bmc-button\" data-slug=\"zlcopenhagen\" data-color=\"#FFDD00\" data-emoji=\"\u2615\" data-font=\"Cookie\" data-text=\"Buy me a coffee\" data-outline-color=\"#000000\" data-font-color=\"#000000\" data-coffee-color=\"#ffffff\"><\/script><\/h2>\n<p>(udvikles l\u00f8bende, stadig i kladde form&#8230; har du selv en historie fra n\u00e6vnet, der tr\u00e6nger til at blive belyst, h\u00f8rer jeg\/vi gerne fra dig tak. Det vil blive pupliceret her)<\/p>\n<h3 class=\"entry-title\"><a href=\"https:\/\/zlcopenhagen.com\/da\/foreningen-for-roevrendte-af-civilstyrelsen\/\" target=\"_blank\" rel=\"noopener\">FORENINGEN FOR R\u00d8VRENDTE AF CIVILSTYRELSEN<\/a><\/h3>\n<p>[\/spb_text_block] [spb_raw_html width=&#8221;1\/1&#8243; el_position=&#8221;first last&#8221;]JTNDYSUyMGhyZWYlM0QlMjJodHRwcyUzQSUyRiUyRmRrLnRydXN0cGlsb3QuY29tJTJGcmV2aWV3JTJGY2l2aWxzdHlyZWxzZW4uZGslMjIlMjB0YXJnZXQlM0QlMjJfYmxhbmslMjIlMjBzdHlsZSUzRCUyMmRpc3BsYXklM0ElMjBpbmxpbmUtYmxvY2slM0IlMjBiYWNrZ3JvdW5kLWNvbG9yJTNBJTIwJTIzMDBiNjdhJTNCJTIwY29sb3IlM0ElMjB3aGl0ZSUzQiUyMHBhZGRpbmclM0ElMjAxMnB4JTIwMjRweCUzQiUyMHRleHQtZGVjb3JhdGlvbiUzQSUyMG5vbmUlM0IlMjBib3JkZXItcmFkaXVzJTNBJTIwNnB4JTNCJTIwZm9udC13ZWlnaHQlM0ElMjBib2xkJTNCJTIwZm9udC1mYW1pbHklM0ElMjBzYW5zLXNlcmlmJTNCJTIyJTNFJTBBJUUyJUFEJTkwJTIwTCVDMyU4NlMlMjBGTEVSRSUyMEFOTUVMREVMU0VSJTIwQUYlMjBDSVZJTFNUWVJFTFNFTiUyMFAlQzMlODUlMjBUUlVTVFBJTE9UJTBBJTNDJTJGYSUzRSUwQQ==[\/spb_raw_html] [spb_blank_spacer height=&#8221;30px&#8221; width=&#8221;1\/1&#8243; el_position=&#8221;first last&#8221;] [spb_blank_spacer height=&#8221;30px&#8221; width=&#8221;1\/1&#8243; el_position=&#8221;first last&#8221;] [spb_text_block animation=&#8221;none&#8221; animation_delay=&#8221;0&#8243; simplified_controls=&#8221;yes&#8221; custom_css_percentage=&#8221;no&#8221; padding_vertical=&#8221;0&#8243; padding_horizontal=&#8221;0&#8243; margin_vertical=&#8221;0&#8243; custom_css=&#8221;margin-top: 0px;margin-bottom: 0px;&#8221; border_size=&#8221;0&#8243; border_styling_global=&#8221;default&#8221; width=&#8221;1\/1&#8243; el_position=&#8221;first last&#8221;]<\/p>\n<h2>ZAKAT PDF SIDE BY SIDE<\/h2>\n<h4><strong>ARIANA S\u00c6TTER BEATET, SISSE TRYKKER PDF-KLIK OG JEG? JEG GIVER ZAKAT BEGGE SIDER<\/strong><\/h4>\n<blockquote>\n<p data-start=\"623\" data-end=\"766\"><em data-start=\"623\" data-end=\"764\">\u201cAriana spinner \u2013 side to side.<br data-start=\"655\" data-end=\"658\" \/>Jeg deler zakat \u2013 fra h\u00e5nd til h\u00e5nd.<br data-start=\"694\" data-end=\"697\" \/>Men embedsv\u00e6rket? De spinner PDF\u2019er som var det body bike sprint.\u201d<\/em><\/p>\n<p data-start=\"773\" data-end=\"805\">\u2014 Zahid Latif, ZLCopenhagen 2025<\/p>\n<\/blockquote>\n<p>[\/spb_text_block] [spb_text_block animation=&#8221;none&#8221; animation_delay=&#8221;0&#8243; simplified_controls=&#8221;yes&#8221; custom_css_percentage=&#8221;no&#8221; padding_vertical=&#8221;0&#8243; padding_horizontal=&#8221;0&#8243; margin_vertical=&#8221;0&#8243; custom_css=&#8221;margin-top: 0px;margin-bottom: 0px;&#8221; border_size=&#8221;0&#8243; border_styling_global=&#8221;default&#8221; width=&#8221;1\/1&#8243; el_position=&#8221;first last&#8221;]<\/p>\n<h3>HVAD ER ZAKAT &amp;\u00a0HVAD G\u00d8R INDSAMLINGSN\u00c6VNET VED DET?<\/h3>\n<p data-start=\"326\" data-end=\"558\">Jeg voksede op i \u00c5benr\u00e5 i S\u00f8nderjylland og l\u00e6rte tidligt, at zakat \u2013 den muslimske almisse \u2013 ikke handler om PR, men om <strong data-start=\"991\" data-end=\"1000\">pligt<\/strong>.<br data-start=\"1001\" data-end=\"1004\" \/>Man giver ikke for at blive set, men fordi nogen mangler. Man deler ikke ud for syns skyld, men for retf\u00e6rdighedens.<\/p>\n<p data-start=\"1122\" data-end=\"1185\"><strong data-start=\"1122\" data-end=\"1144\">Zakatens betydning<\/strong> er i intentionen \u2013 ikke i institutionen.<\/p>\n<p data-start=\"1187\" data-end=\"1393\">Men i Danmark bliver zakat nu <strong data-start=\"1217\" data-end=\"1245\">mistolket som indsamling<\/strong>.<br data-start=\"1246\" data-end=\"1249\" \/>Fordi jeg skrev lidt h\u00f8jt. Skitserede lidt frit.<br data-start=\"1297\" data-end=\"1300\" \/>Og delte mine noter p\u00e5 en blog, hvor id\u00e9er flyver og kladdeh\u00e6fter aldrig bliver helt f\u00e6rdige.\u00a0Alligevel blev mine tanker registreret, kopieret \u2013 og vurderet af Indsamlingsn\u00e6vnet. Uden varsel. Uden kontakt.<\/p>\n<blockquote data-start=\"1508\" data-end=\"1615\">\n<p data-start=\"1510\" data-end=\"1615\"><em data-start=\"1510\" data-end=\"1615\">Hvordan kan et digitalt udkast, en tanke, en call-to-action \u2013 blive stemplet som en ulovlig indsamling?<\/em><\/p>\n<\/blockquote>\n<p data-start=\"1617\" data-end=\"1797\">If\u00f8lge GDPR har jeg ret til at t\u00e6nke. Til at skrive.<br data-start=\"1669\" data-end=\"1672\" \/>Men Civilstyrelsen og Sisse Joy Kristensen d\u00f8mmer mine kladder som handlinger.<br data-start=\"1750\" data-end=\"1753\" \/><strong data-start=\"1753\" data-end=\"1797\">De sender ikke sp\u00f8rgsm\u00e5l. De sender PDF.<\/strong><\/p>\n<hr data-start=\"1799\" data-end=\"1802\" \/>\n<p data-start=\"1804\" data-end=\"1945\"><strong data-start=\"1807\" data-end=\"1945\">Vil du l\u00e6se hvad de sendte? <a class=\"\" href=\"https:\/\/zlcopenhagen.com\/da\/bureaukrati-indsamlingsnaevnet\/\" target=\"_new\" rel=\"noopener\" data-start=\"1837\" data-end=\"1943\">Se alle dokumenter og deres vurdering her \u2192<\/a><\/strong><\/p>\n<hr data-start=\"1947\" data-end=\"1950\" \/>\n<p data-start=\"1952\" data-end=\"2163\">Klar til at l\u00e6se videre med et beat i baggrunden?<br data-start=\"2004\" data-end=\"2007\" \/>S\u00e5 skru op for Ariana, l\u00e6n dig tilbage og lad dig underholde.<br data-start=\"2071\" data-end=\"2074\" \/><em data-start=\"2074\" data-end=\"2163\">For n\u00e5r staten laver sin egen remix af zakat \u2013 s\u00e5 danser jeg videre med loven i h\u00e5nden.<\/em><\/p>\n<h2 data-start=\"1952\" data-end=\"2163\">SIDE BY SIDE, SLIDE BY SLIDE \u2014 MIN N\u00d8DHJ\u00c6LP BLEV TIL EMBEDSMUSIK<\/h2>\n<p data-start=\"1952\" data-end=\"2163\">Ariana spinner \u2013 og det g\u00f8r Sisse ogs\u00e5. Men ikke p\u00e5 dansegulvet. P\u00e5 min blog.<\/p>\n<p>[\/spb_text_block] [spb_blank_spacer height=&#8221;30px&#8221; width=&#8221;1\/1&#8243; el_position=&#8221;first last&#8221;] [spb_raw_html width=&#8221;1\/1&#8243; el_position=&#8221;first last&#8221;]JTNDZGl2JTIwc3R5bGUlM0QlMjJwb3NpdGlvbiUzQXJlbGF0aXZlJTNCcGFkZGluZy1ib3R0b20lM0E1Ni4yNSUyNSUzQmhlaWdodCUzQTAlM0JvdmVyZmxvdyUzQWhpZGRlbiUzQiUyMiUzRSUwQSUyMCUyMCUzQ2lmcmFtZSUyMCUwQSUyMCUyMCUyMCUyMHNyYyUzRCUyMmh0dHBzJTNBJTJGJTJGd3d3LnlvdXR1YmUuY29tJTJGZW1iZWQlMkZTWGlTVlFaTGplOCUyMiUyMCUwQSUyMCUyMCUyMCUyMHRpdGxlJTNEJTIyQXJpYW5hJTIwR3JhbmRlJTIwZnQuJTIwTmlja2klMjBNaW5haiUyMC0lMjBTaWRlJTIwVG8lMjBTaWRlJTIwJTI4T2ZmaWNpYWwlMjBWaWRlbyUyOSUyMiUyMCUwQSUyMCUyMCUyMCUyMHN0eWxlJTNEJTIycG9zaXRpb24lM0FhYnNvbHV0ZSUzQnRvcCUzQTAlM0JsZWZ0JTNBMCUzQndpZHRoJTNBMTAwJTI1JTNCaGVpZ2h0JTNBMTAwJTI1JTNCYm9yZGVyJTNBMCUzQiUyMiUyMCUwQSUyMCUyMCUyMCUyMGFsbG93JTNEJTIyYWNjZWxlcm9tZXRlciUzQiUyMGF1dG9wbGF5JTNCJTIwY2xpcGJvYXJkLXdyaXRlJTNCJTIwZW5jcnlwdGVkLW1lZGlhJTNCJTIwZ3lyb3Njb3BlJTNCJTIwcGljdHVyZS1pbi1waWN0dXJlJTNCJTIwd2ViLXNoYXJlJTIyJTIwJTBBJTIwJTIwJTIwJTIwcmVmZXJyZXJwb2xpY3klM0QlMjJzdHJpY3Qtb3JpZ2luLXdoZW4tY3Jvc3Mtb3JpZ2luJTIyJTIwJTBBJTIwJTIwJTIwJTIwYWxsb3dmdWxsc2NyZWVuJTNFJTBBJTIwJTIwJTNDJTJGaWZyYW1lJTNFJTBBJTNDJTJGZGl2JTNFJTBB[\/spb_raw_html] [spb_blank_spacer height=&#8221;30px&#8221; width=&#8221;1\/1&#8243; el_position=&#8221;first last&#8221;] [spb_blank_spacer height=&#8221;30px&#8221; width=&#8221;1\/1&#8243; el_position=&#8221;first last&#8221;] [spb_raw_html width=&#8221;1\/1&#8243; el_position=&#8221;first last&#8221;]JTNDc2NyaXB0JTIwdHlwZSUzRCUyMnRleHQlMkZqYXZhc2NyaXB0JTIyJTIwc3JjJTNEJTIyaHR0cHMlM0ElMkYlMkZjZG5qcy5idXltZWFjb2ZmZWUuY29tJTJGMS4wLjAlMkZidXR0b24ucHJvZC5taW4uanMlMjIlMjBkYXRhLW5hbWUlM0QlMjJibWMtYnV0dG9uJTIyJTIwZGF0YS1zbHVnJTNEJTIyemxjb3BlbmhhZ2VuJTIyJTIwZGF0YS1jb2xvciUzRCUyMiUyM0ZGREQwMCUyMiUyMGRhdGEtZW1vamklM0QlMjIlRTIlOTglOTUlMjIlMjAlMjBkYXRhLWZvbnQlM0QlMjJDb29raWUlMjIlMjBkYXRhLXRleHQlM0QlMjJCdXklMjBtZSUyMGElMjBjb2ZmZWUlMjIlMjBkYXRhLW91dGxpbmUtY29sb3IlM0QlMjIlMjMwMDAwMDAlMjIlMjBkYXRhLWZvbnQtY29sb3IlM0QlMjIlMjMwMDAwMDAlMjIlMjBkYXRhLWNvZmZlZS1jb2xvciUzRCUyMiUyM2ZmZmZmZiUyMiUyMCUzRSUzQyUyRnNjcmlwdCUzRQ==[\/spb_raw_html] [spb_blank_spacer height=&#8221;30px&#8221; width=&#8221;1\/1&#8243; el_position=&#8221;first last&#8221;] [spb_blank_spacer height=&#8221;30px&#8221; width=&#8221;1\/1&#8243; el_position=&#8221;first last&#8221;] [spb_image image=&#8221;44897&#8243; image_size=&#8221;full&#8221; frame=&#8221;noframe&#8221; caption_pos=&#8221;hover&#8221; remove_rounded=&#8221;yes&#8221; fullwidth=&#8221;no&#8221; overflow_mode=&#8221;none&#8221; link_target=&#8221;_self&#8221; lightbox=&#8221;no&#8221; intro_animation=&#8221;none&#8221; animation_delay=&#8221;200&#8243; width=&#8221;1\/1&#8243; el_position=&#8221;first last&#8221;][\/spb_image] [spb_blank_spacer height=&#8221;30px&#8221; width=&#8221;1\/1&#8243; el_position=&#8221;first last&#8221;] [spb_text_block animation=&#8221;none&#8221; animation_delay=&#8221;0&#8243; simplified_controls=&#8221;yes&#8221; custom_css_percentage=&#8221;no&#8221; padding_vertical=&#8221;0&#8243; padding_horizontal=&#8221;0&#8243; margin_vertical=&#8221;0&#8243; custom_css=&#8221;margin-top: 0px;margin-bottom: 0px;&#8221; border_size=&#8221;0&#8243; border_styling_global=&#8221;default&#8221; width=&#8221;1\/1&#8243; el_position=&#8221;first last&#8221;]<\/p>\n<h2 data-start=\"225\" data-end=\"284\">N\u00c5R EMBEDSV\u00c6RKET HAKKER DIG I STYKKER \u2013 \u00c9N PDF AD GANGEN<\/h2>\n<p data-start=\"286\" data-end=\"482\">Forestil dig, at dine tanker bare er en kladde. Et sted hvor du pr\u00f8ver id\u00e9er af, noterer skitser, t\u00e6nker h\u00f8jt. I stedet for forst\u00e5else bliver du overv\u00e5get. Vurderet. Mist\u00e6nkeliggjort. Registreret.<\/p>\n<p data-start=\"484\" data-end=\"745\">Indsamlingsn\u00e6vnet har gennemg\u00e5et og registreret over 354 sider om min hjemmeside ( se linket til den l\u00e6ngere nede). P\u00e5 side <strong data-start=\"574\" data-end=\"581\">232<\/strong> ses mit tydelige formulering: <em data-start=\"612\" data-end=\"699\">\u201cSt\u00f8t med det, du kan \u2013 eller giv din zakat til dem, der virkelig har behov for det.\u201d<\/em> Det var mit fors\u00f8g p\u00e5 at dele n\u00e6stek\u00e6rlighed. Men det ogs\u00e5 skrevet i en kladeform., hvor siden er fyldt med stavefejl og rettelser og opdateringer. Det er vel derfor jeg s\u00f8ger en kop kaffe paradokalt som hj\u00e6lp.<\/p>\n<p data-start=\"747\" data-end=\"809\">Men det blev i stedet fl\u00e5et ud af kontekst. Skiver for skiver.<\/p>\n<p data-start=\"811\" data-end=\"967\">Som i en video af Katy Perry, hvor systemet hugger, marinerer og sk\u00e6rer langsomt i alt, der burde smage af frihed \u2013 s\u00e5dan blev mit digitale udtryk omtolket.<\/p>\n<p data-start=\"969\" data-end=\"1223\">P\u00e5 side <strong data-start=\"977\" data-end=\"984\">288<\/strong> oplyser jeg min <strong data-start=\"1001\" data-end=\"1025\">MobilePay Box 96415B<\/strong> \u2013 en s\u00e6rskilt betalingskanal knyttet til den konkrete sag om retssag mod staten. Dette er <strong data-start=\"1116\" data-end=\"1124\">ikke<\/strong> identisk med mit private MobilePay-nummer <strong data-start=\"1167\" data-end=\"1179\">50156010<\/strong>, der bruges til en separat reward-platform.<\/p>\n<p data-start=\"1225\" data-end=\"1448\">Alligevel v\u00e6lger Indsamlingsn\u00e6vnet at ignorere denne adskillelse. De blander zakat, medlemsdonationer og crowdfunding sammen, som var det \u00e9n stor uoverskuelig masse. Som var det ikke embedsmisbrug at vurdere uden at sp\u00f8rge.<\/p>\n<p data-start=\"1450\" data-end=\"1569\">P\u00e5 side <strong data-start=\"1458\" data-end=\"1465\">318<\/strong> viser jeg, hvordan jeg har oprettet en s\u00e6rskilt konto. Alligevel anerkendes det ikke i deres vurdering.<\/p>\n<hr data-start=\"1571\" data-end=\"1574\" \/>\n<p data-start=\"1576\" data-end=\"1625\"><strong data-start=\"1576\" data-end=\"1625\">PDF-dokumentation (uddrag fra aktindsigt):<\/strong><\/p>\n<blockquote>\n<p data-start=\"1628\" data-end=\"1666\"><em>Side 232: Zakat-opfordring (citat)<\/em><\/p>\n<p data-start=\"1669\" data-end=\"1708\"><em>Side 288: MobilePay Box til retssag<\/em><\/p>\n<p data-start=\"1711\" data-end=\"1753\"><em>Side 318: Separat konto til indsamling<\/em><\/p>\n<\/blockquote>\n<hr data-start=\"1755\" data-end=\"1758\" \/>\n<p data-start=\"1760\" data-end=\"1895\">Se Katy Perry\u2019s video \u201cBon App\u00e9tit\u201d nedenfor \u2013 og forst\u00e5 hvorfor vi ikke skal lade embedsapparatet sk\u00e6re vores ytringer i stykker.<\/p>\n<h2 data-start=\"1760\" data-end=\"1895\">JEG BLEV TILBEREDT EFTER PARAGRAF 13<\/h2>\n<p>[\/spb_text_block] [spb_blank_spacer height=&#8221;30px&#8221; width=&#8221;1\/1&#8243; el_position=&#8221;first last&#8221;] [spb_raw_html width=&#8221;1\/1&#8243; el_position=&#8221;first last&#8221;]JTNDZGl2JTIwc3R5bGUlM0QlMjJwb3NpdGlvbiUzQSUyMHJlbGF0aXZlJTNCJTIwcGFkZGluZy1ib3R0b20lM0ElMjA1Ni4yNSUyNSUzQiUyMGhlaWdodCUzQSUyMDAlM0IlMjBvdmVyZmxvdyUzQSUyMGhpZGRlbiUzQiUyMiUzRSUwQSUyMCUyMCUzQ2lmcmFtZSUyMCUwQSUyMCUyMCUyMCUyMHNyYyUzRCUyMmh0dHBzJTNBJTJGJTJGd3d3LnlvdXR1YmUuY29tJTJGZW1iZWQlMkZkUEktbVJGRUlIMCUyMiUyMCUwQSUyMCUyMCUyMCUyMHRpdGxlJTNEJTIyS2F0eSUyMFBlcnJ5JTIwLSUyMEJvbiUyMEFwcCVDMyVBOXRpdCUyMCUyOE9mZmljaWFsJTI5JTIwZnQuJTIwTWlnb3MlMjIlMjAlMEElMjAlMjAlMjAlMjBzdHlsZSUzRCUyMnBvc2l0aW9uJTNBJTIwYWJzb2x1dGUlM0IlMjB0b3AlM0ElMjAwJTNCJTIwbGVmdCUzQSUyMDAlM0IlMjB3aWR0aCUzQSUyMDEwMCUyNSUzQiUyMGhlaWdodCUzQSUyMDEwMCUyNSUzQiUyMiUyMCUwQSUyMCUyMCUyMCUyMGZyYW1lYm9yZGVyJTNEJTIyMCUyMiUyMCUwQSUyMCUyMCUyMCUyMGFsbG93JTNEJTIyYWNjZWxlcm9tZXRlciUzQiUyMGF1dG9wbGF5JTNCJTIwY2xpcGJvYXJkLXdyaXRlJTNCJTIwZW5jcnlwdGVkLW1lZGlhJTNCJTIwZ3lyb3Njb3BlJTNCJTIwcGljdHVyZS1pbi1waWN0dXJlJTNCJTIwd2ViLXNoYXJlJTIyJTIwJTBBJTIwJTIwJTIwJTIwcmVmZXJyZXJwb2xpY3klM0QlMjJzdHJpY3Qtb3JpZ2luLXdoZW4tY3Jvc3Mtb3JpZ2luJTIyJTIwJTBBJTIwJTIwJTIwJTIwYWxsb3dmdWxsc2NyZWVuJTNFJTBBJTIwJTIwJTNDJTJGaWZyYW1lJTNFJTBBJTNDJTJGZGl2JTNFJTBB[\/spb_raw_html] [spb_blank_spacer height=&#8221;30px&#8221; width=&#8221;1\/1&#8243; el_position=&#8221;first last&#8221;] [spb_text_block animation=&#8221;none&#8221; animation_delay=&#8221;0&#8243; simplified_controls=&#8221;yes&#8221; custom_css_percentage=&#8221;no&#8221; padding_vertical=&#8221;0&#8243; padding_horizontal=&#8221;0&#8243; margin_vertical=&#8221;0&#8243; custom_css=&#8221;margin-top: 0px;margin-bottom: 0px;&#8221; border_size=&#8221;0&#8243; border_styling_global=&#8221;default&#8221; width=&#8221;1\/1&#8243; el_position=&#8221;first last&#8221;]<\/p>\n<blockquote><p><em>&#8220;S\u00e5dan f\u00f8les det at blive serveret for embedsv\u00e6rket \u2013 Bon App\u00e9tit! Men jeg bliver kun klogere p\u00e5 Danmark og dets hensigter&#8221; &#8211;<\/em> Zahid Latif, ZLCopenhagen 2025<\/p><\/blockquote>\n<p>&nbsp;<\/p>\n<h2 data-start=\"245\" data-end=\"302\">FAQ: HAR DU OGS\u00c5 F\u00d8LT DIG R\u00d8VRENDt AF EMBEDSV\u00c6RKET?<\/h2>\n<p data-start=\"304\" data-end=\"406\">Her f\u00e5r du svar p\u00e5 de vigtigste sp\u00f8rgsm\u00e5l, hvis du er i samme b\u00e5d \u2013 og gerne vil g\u00f8re noget ved det.<\/p>\n<hr data-start=\"408\" data-end=\"411\" \/>\n<h3 data-start=\"413\" data-end=\"457\">Har jeg ret til at f\u00e5 fuld aktindsigt?<\/h3>\n<p data-start=\"459\" data-end=\"656\"><strong data-start=\"459\" data-end=\"466\">Ja.<\/strong> Hvis du kun f\u00e5r halvdelen, kan du bede om resten. Du har ret til at f\u00e5 adgang til <em data-start=\"549\" data-end=\"554\">alt<\/em>, medmindre myndigheden har en meget konkret grund til at n\u00e6gte. Og &#8220;fordi vi ikke vil&#8221; er ikke nok.<\/p>\n<hr data-start=\"658\" data-end=\"661\" \/>\n<h3 data-start=\"663\" data-end=\"725\">De svarer ikke, eller n\u00e6gter at tale med mig. M\u00e5 de det?<\/h3>\n<p data-start=\"727\" data-end=\"917\"><strong data-start=\"727\" data-end=\"735\">Nej.<\/strong> Offentlige myndigheder er <em data-start=\"762\" data-end=\"774\">forpligtet<\/em> til dialog med borgeren. Det st\u00e5r i b\u00e5de forvaltningsloven og GDPR-reglerne. Hvis nogen i systemet n\u00e6gter kontakt \u2013 s\u00e5 er det embedsmisbrug.<\/p>\n<hr data-start=\"919\" data-end=\"922\" \/>\n<h3 data-start=\"924\" data-end=\"977\">M\u00e5 de screene og vurdere mine id\u00e9er og kladder?<\/h3>\n<p data-start=\"979\" data-end=\"1192\"><strong data-start=\"979\" data-end=\"1009\">Kun hvis det sker lovligt.<\/strong> Dine udkast p\u00e5 din hjemmeside er som en digital notesbog. Det er <em data-start=\"1075\" data-end=\"1081\">ikke<\/em> en indsamling. At tolke tanker og id\u00e9er som ulovlig indsamling er hverken rimeligt eller retssikker praksis.<\/p>\n<hr data-start=\"1194\" data-end=\"1197\" \/>\n<h3 data-start=\"1199\" data-end=\"1240\">Hvad hvis jeg bruger ordet \u201czakat\u201d?<\/h3>\n<p data-start=\"1242\" data-end=\"1454\">S\u00e5 m\u00e5 de ikke bare mistolke det uden at sp\u00f8rge. Zakat er en religi\u00f8s forpligtelse \u2013 ikke automatisk en ulovlig indsamling. Hvis de er i tvivl, skal de kontakte dig. Ellers handler det om fordomme og embedsfejl.<\/p>\n<hr data-start=\"1456\" data-end=\"1459\" \/>\n<h3 data-start=\"1461\" data-end=\"1510\">Hvad g\u00f8r jeg, hvis jeg f\u00f8ler mig overv\u00e5get?<\/h3>\n<p data-start=\"1512\" data-end=\"1703\"><strong data-start=\"1512\" data-end=\"1531\">Dokument\u00e9r alt.<\/strong> Tag screenshots, noter datoer og tidspunkt, og bed om aktindsigt. Du har ret til at vide, <em data-start=\"1622\" data-end=\"1631\">hvordan<\/em> og <em data-start=\"1635\" data-end=\"1644\">hvorfor<\/em> du bliver registreret. GDPR giver dig retten \u2013 brug den.<\/p>\n<hr data-start=\"1705\" data-end=\"1708\" \/>\n<h3 data-start=\"1710\" data-end=\"1752\">Hvordan holder jeg styr p\u00e5 det hele?<\/h3>\n<p data-start=\"1754\" data-end=\"1907\">Lav din egen logbog. Brug et simpelt dokument hvor du samler alt: mails, screenshots, PDF-sider, navne og sagsnumre. Det kan blive dit st\u00e6rkeste v\u00e5ben.<\/p>\n<p>[\/spb_text_block] [spb_raw_html width=&#8221;1\/1&#8243; el_position=&#8221;first last&#8221;]JTNDc2NyaXB0JTIwdHlwZSUzRCUyMmFwcGxpY2F0aW9uJTJGbGQlMkJqc29uJTIyJTNFJTBBJTdCJTBBJTIwJTIwJTIyJTQwY29udGV4dCUyMiUzQSUyMCUyMmh0dHBzJTNBJTJGJTJGc2NoZW1hLm9yZyUyMiUyQyUwQSUyMCUyMCUyMiU0MHR5cGUlMjIlM0ElMjAlMjJGQVFQYWdlJTIyJTJDJTBBJTIwJTIwJTIybWFpbkVudGl0eSUyMiUzQSUyMCU1QiUwQSUyMCUyMCUyMCUyMCU3QiUwQSUyMCUyMCUyMCUyMCUyMCUyMCUyMiU0MHR5cGUlMjIlM0ElMjAlMjJRdWVzdGlvbiUyMiUyQyUwQSUyMCUyMCUyMCUyMCUyMCUyMCUyMm5hbWUlMjIlM0ElMjAlMjJFciUyMGRldCUyMGxvdmxpZ3QlMjBhdCUyMGFmdmlzZSUyMGVuJTIwYm9yZ2VyJTIwa29udGFrdCUyMG9nJTIwbiVDMyVBNmd0ZSUyMGRpYWxvZyUzRiUyMiUyQyUwQSUyMCUyMCUyMCUyMCUyMCUyMCUyMmFjY2VwdGVkQW5zd2VyJTIyJTNBJTIwJTdCJTBBJTIwJTIwJTIwJTIwJTIwJTIwJTIwJTIwJTIyJTQwdHlwZSUyMiUzQSUyMCUyMkFuc3dlciUyMiUyQyUwQSUyMCUyMCUyMCUyMCUyMCUyMCUyMCUyMCUyMnRleHQlMjIlM0ElMjAlMjJOZWouJTIwSWYlQzMlQjhsZ2UlMjBHRFBSJTIwb2clMjBmb3J2YWx0bmluZ3Nsb3ZlbnMlMjBwcmluY2lwcGVyJTIwaGFyJTIwZHUlMjBzb20lMjBib3JnZXIlMjByZXQlMjB0aWwlMjBhdCUyMGtvbW11bmlrZXJlJTIwbWVkJTIwb2ZmZW50bGlnZSUyMG15bmRpZ2hlZGVyJTIwJUUyJTgwJTkzJTIwb2dzJUMzJUE1JTIwc2Vsdm9tJTIwZGUlMjAlMjdpa2tlJTIwdmlsJTIwdGFsZSUyNy4lMjIlMEElMjAlMjAlMjAlMjAlMjAlMjAlN0QlMEElMjAlMjAlMjAlMjAlN0QlMkMlMEElMjAlMjAlMjAlMjAlN0IlMEElMjAlMjAlMjAlMjAlMjAlMjAlMjIlNDB0eXBlJTIyJTNBJTIwJTIyUXVlc3Rpb24lMjIlMkMlMEElMjAlMjAlMjAlMjAlMjAlMjAlMjJuYW1lJTIyJTNBJTIwJTIySHZhZCUyMGclQzMlQjhyJTIwamVnJTJDJTIwaHZpcyUyMGplZyUyMGt1biUyMGYlQzMlQTVyJTIwZGVsdmlzJTIwYWt0aW5kc2lndCUzRiUyMiUyQyUwQSUyMCUyMCUyMCUyMCUyMCUyMCUyMmFjY2VwdGVkQW5zd2VyJTIyJTNBJTIwJTdCJTBBJTIwJTIwJTIwJTIwJTIwJTIwJTIwJTIwJTIyJTQwdHlwZSUyMiUzQSUyMCUyMkFuc3dlciUyMiUyQyUwQSUyMCUyMCUyMCUyMCUyMCUyMCUyMCUyMCUyMnRleHQlMjIlM0ElMjAlMjJEdSUyMGthbiUyMGFubW9kZSUyMG9tJTIwZnVsZCUyMGFrdGluZHNpZ3QlMjBvZyUyMGJlZGUlMjBvbSUyMGVuJTIwa29ua3JldCUyMGJlZ3J1bmRlbHNlJTIwZm9yJTIwZGV0JTJDJTIwZGVyJTIwYmxpdmVyJTIwdW5kdGFnZXQuJTIwSHZpcyUyMGRlbiUyMGlra2UlMjBnaXZlcyUyQyUyMGhhciUyMGR1JTIwcmV0JTIwdGlsJTIwYXQlMjBrbGFnZS4lMjIlMEElMjAlMjAlMjAlMjAlMjAlMjAlN0QlMEElMjAlMjAlMjAlMjAlN0QlMkMlMEElMjAlMjAlMjAlMjAlN0IlMEElMjAlMjAlMjAlMjAlMjAlMjAlMjIlNDB0eXBlJTIyJTNBJTIwJTIyUXVlc3Rpb24lMjIlMkMlMEElMjAlMjAlMjAlMjAlMjAlMjAlMjJuYW1lJTIyJTNBJTIwJTIyRXIlMjBvdmVydiVDMyVBNWduaW5nJTIwYWYlMjBtaW5lJTIwaGplbW1lc2lkZXIlMjBsb3ZsaWd0JTNGJTIyJTJDJTBBJTIwJTIwJTIwJTIwJTIwJTIwJTIyYWNjZXB0ZWRBbnN3ZXIlMjIlM0ElMjAlN0IlMEElMjAlMjAlMjAlMjAlMjAlMjAlMjAlMjAlMjIlNDB0eXBlJTIyJTNBJTIwJTIyQW5zd2VyJTIyJTJDJTBBJTIwJTIwJTIwJTIwJTIwJTIwJTIwJTIwJTIydGV4dCUyMiUzQSUyMCUyMkRldCUyMGFmaCVDMyVBNm5nZXIlMjBhZiUyMGZvcm0lQzMlQTVsZXQuJTIwSHZpcyUyMGRlciUyMHNrZXIlMjByZWdpc3RyZXJpbmclMjB1ZGVuJTIwdmFyc2VsJTIwb2clMjB1ZGVuJTIwb2JqZWt0aXYlMjB2dXJkZXJpbmclMkMlMjBrYW4lMjBkZXQlMjB2JUMzJUE2cmUlMjBpJTIwc3RyaWQlMjBtZWQlMjBHRFBSJTIwb2clMjBmb3J2YWx0bmluZ3NyZXQuJTIyJTBBJTIwJTIwJTIwJTIwJTIwJTIwJTdEJTBBJTIwJTIwJTIwJTIwJTdEJTJDJTBBJTIwJTIwJTIwJTIwJTdCJTBBJTIwJTIwJTIwJTIwJTIwJTIwJTIyJTQwdHlwZSUyMiUzQSUyMCUyMlF1ZXN0aW9uJTIyJTJDJTBBJTIwJTIwJTIwJTIwJTIwJTIwJTIybmFtZSUyMiUzQSUyMCUyMk0lQzMlQTUlMjBlbWJlZHNtJUMzJUE2bmQlMjB2dXJkZXJlJTIwcmVsaWdpb24lMjBvZyUyMHZlbGclQzMlQjhyZW5oZWQlMjB1ZGVuJTIwa29udGFrdCUzRiUyMiUyQyUwQSUyMCUyMCUyMCUyMCUyMCUyMCUyMmFjY2VwdGVkQW5zd2VyJTIyJTNBJTIwJTdCJTBBJTIwJTIwJTIwJTIwJTIwJTIwJTIwJTIwJTIyJTQwdHlwZSUyMiUzQSUyMCUyMkFuc3dlciUyMiUyQyUwQSUyMCUyMCUyMCUyMCUyMCUyMCUyMCUyMCUyMnRleHQlMjIlM0ElMjAlMjJEZXQlMjBlciUyMGtyaXRpc2FiZWx0JTIwb2clMjBpJTIwbWFuZ2UlMjB0aWxmJUMzJUE2bGRlJTIwZW1iZWRzbWlzYnJ1Zy4lMjBEZXIlMjBiJUMzJUI4ciUyMGFsdGlkJTIwaW5kZyVDMyVBNSUyMGRpYWxvZyUyMG9nJTIwbXVsaWdoZWQlMjBmb3IlMjBhdCUyMGZvcmtsYXJlJTIwc2lnJTJDJTIwZiVDMyVCOHIlMjBkZXIlMjB0ciVDMyVBNmZmZXMlMjBhZmclQzMlQjhyZWxzZS4lMjIlMEElMjAlMjAlMjAlMjAlMjAlMjAlN0QlMEElMjAlMjAlMjAlMjAlN0QlMEElMjAlMjAlNUQlMEElN0QlMEElM0MlMkZzY3JpcHQlM0UlMEE=[\/spb_raw_html] [spb_toggle element_name=&#8221;L\u00c6S MERE OM DINE RETTIGHEDER&#8221; title=&#8221;L\u00c6S MERE OM DINE RETTIGHEDER&#8221; open=&#8221;false&#8221; width=&#8221;1\/1&#8243; el_position=&#8221;first last&#8221;]<\/p>\n<p>The toggle content goes here, click the edit button to change this text.<\/p>\n<p>[\/spb_toggle] [spb_blank_spacer height=&#8221;30px&#8221; width=&#8221;1\/1&#8243; el_position=&#8221;first last&#8221;] [spb_image image=&#8221;46304&#8243; image_size=&#8221;full&#8221; frame=&#8221;noframe&#8221; caption_pos=&#8221;hover&#8221; remove_rounded=&#8221;yes&#8221; fullwidth=&#8221;no&#8221; overflow_mode=&#8221;none&#8221; link_target=&#8221;_self&#8221; lightbox=&#8221;no&#8221; intro_animation=&#8221;none&#8221; animation_delay=&#8221;200&#8243; width=&#8221;1\/1&#8243; el_position=&#8221;first last&#8221;][\/spb_image] [spb_blank_spacer height=&#8221;30px&#8221; width=&#8221;1\/1&#8243; el_position=&#8221;first last&#8221;] [spb_blank_spacer height=&#8221;30px&#8221; width=&#8221;1\/1&#8243; el_position=&#8221;first last&#8221;] [spb_text_block animation=&#8221;none&#8221; animation_delay=&#8221;0&#8243; simplified_controls=&#8221;yes&#8221; custom_css_percentage=&#8221;no&#8221; padding_vertical=&#8221;0&#8243; padding_horizontal=&#8221;0&#8243; margin_vertical=&#8221;0&#8243; custom_css=&#8221;margin-top: 0px;margin-bottom: 0px;&#8221; border_size=&#8221;0&#8243; border_styling_global=&#8221;default&#8221; width=&#8221;1\/1&#8243; el_position=&#8221;first last&#8221;]<\/p>\n<h3 data-start=\"259\" data-end=\"326\">CIVILSTYRELSEN, SATIRE OG SYSTEMFEJL: EN DIGITAL ROLLEFORDELING<\/h3>\n<p data-start=\"328\" data-end=\"498\">N\u00e5r <strong data-start=\"332\" data-end=\"364\">forvaltningen m\u00f8der borgeren<\/strong>, burde det handle om dialog. Men hos Civilstyrelsen bliver det hurtigt til noget andet: overv\u00e5gning forkl\u00e6dt som forvaltningskultur.<\/p>\n<p data-start=\"500\" data-end=\"593\">F\u00f8rst bliver jeg m\u00f8dt af tavshed. S\u00e5 kom PDF&#8217;erne. Derefter \u2013 ingen samtale, kun screenshots.<\/p>\n<p data-start=\"595\" data-end=\"685\">Men jeg er ikke alene. <strong data-start=\"618\" data-end=\"638\">Borgernes tillid<\/strong> er for l\u00e6ngst sendt til skrot p\u00e5 Trustpilot:<\/p>\n<blockquote>\n<p data-start=\"688\" data-end=\"719\"><em>100 % 1-stjernede anmeldelser<\/em><\/p>\n<p data-start=\"722\" data-end=\"739\"><em>Trustscore: 2,2<\/em><\/p>\n<p data-start=\"742\" data-end=\"797\"><em>Kritik af lukkethed, fejl og uansvarlig embedsf\u00f8relse<\/em><\/p>\n<\/blockquote>\n<p data-start=\"799\" data-end=\"842\">Er det tilf\u00e6ldigt? Nej. Det er m\u00f8nster.<\/p>\n<h3 data-start=\"844\" data-end=\"892\">HVAD HANDLER DENNE ZAKAT-AFSNIT EGENTLIG OM?<\/h3>\n<p data-start=\"894\" data-end=\"963\">Det handler om noget st\u00f8rre end satiriske blogindl\u00e6g. Det handler om:<\/p>\n<blockquote>\n<p data-start=\"966\" data-end=\"996\"><em>Statens fejlregistreringer<\/em><\/p>\n<p data-start=\"999\" data-end=\"1037\"><em>PDF-overv\u00e5gning af dynamiske sider<\/em><\/p>\n<p data-start=\"1040\" data-end=\"1079\"><em>Embedsmisbrug forkl\u00e6dt som lovtekst<\/em><\/p>\n<p data-start=\"1082\" data-end=\"1122\"><em>Retssikkerhed for muslimer i Danmark<\/em><\/p>\n<p data-start=\"1125\" data-end=\"1187\"><em>Og hvordan satire er blevet et v\u00e6rn mod embedsv\u00e6rkets paranoia<\/em><\/p>\n<\/blockquote>\n<h2 data-start=\"209\" data-end=\"252\">HVEM BETALER FOR<\/h2>\n<h3 data-start=\"209\" data-end=\"252\">EMBEDSV\u00c6RKETS PDF-FEST?<\/h3>\n<p data-start=\"254\" data-end=\"321\">Det, du er vidne til, er ikke bare et enkelt embedsv\u00e6rk i overgear.<\/p>\n<p data-start=\"323\" data-end=\"653\">Det er symbolet p\u00e5 et system, hvor Socialdemokratiet og dets st\u00f8ttepartier i \u00e5rtier har udbygget en offentlig sektor, ikke for at hj\u00e6lpe \u2013 men for at kontrollere. En sektor, hvor man ans\u00e6tter stadig flere til at trykke p\u00e5 PDF-knapper, skrive svar uden substans og producere rapporter, ingen forst\u00e5r \u2013 men alle betaler for.<\/p>\n<p data-start=\"655\" data-end=\"747\">De kalder det forvaltning.<br data-start=\"681\" data-end=\"684\" \/>Men du og jeg ved: Det er bureaudrama forkl\u00e6dt som arbejde.<\/p>\n<h2 data-start=\"754\" data-end=\"785\">FLERE ANSATTE = FLERE PDF\u2019ER<\/h2>\n<p data-start=\"787\" data-end=\"806\">Forestil dig dette:<\/p>\n<blockquote>\n<p data-start=\"810\" data-end=\"841\"><em>En borger skriver \u00e9t sp\u00f8rgsm\u00e5l.<\/em><\/p>\n<p data-start=\"844\" data-end=\"883\"><em>Fire embedsfolk svarer \u2013 uden at svare.<\/em><\/p>\n<p data-start=\"886\" data-end=\"911\"><em>Seks PDF-sider genereres.<\/em><\/p>\n<p data-start=\"914\" data-end=\"966\"><em>Tre mails bliver krypteret og sendt frem og tilbage.<\/em><\/p>\n<p data-start=\"969\" data-end=\"1019\"><em>Resultat? Tavshed. Mistro. Og spild af ressourcer.<\/em><\/p>\n<\/blockquote>\n<p data-start=\"1021\" data-end=\"1102\">Men skattepengene flyder stadig. For de ansatte skal jo <strong data-start=\"1077\" data-end=\"1101\">\u201chave noget at lave\u201d<\/strong>.<\/p>\n<hr data-start=\"1104\" data-end=\"1107\" \/>\n<h2 data-start=\"1109\" data-end=\"1145\">HVORFOR JEG DOKUMENTERER DET HELE<\/h2>\n<p data-start=\"1147\" data-end=\"1261\">Jeg har valgt at <strong data-start=\"1164\" data-end=\"1182\">l\u00e6gge alt frem<\/strong>. Ikke fordi jeg er vred. Men fordi jeg er tr\u00e6t af, at ingen t\u00f8r sige det h\u00f8jt:<\/p>\n<blockquote data-start=\"1263\" data-end=\"1381\">\n<p data-start=\"1265\" data-end=\"1381\"><em>Det her handler ikke om at \u201cbeskytte borgerne\u201d.<\/em><br data-start=\"1312\" data-end=\"1315\" \/><em>Det handler om <strong data-start=\"1332\" data-end=\"1356\">at beskytte systemet<\/strong> mod borgernes sp\u00f8rgsm\u00e5l.<\/em><\/p>\n<\/blockquote>\n<p data-start=\"1383\" data-end=\"1600\">Derfor dokumenterer jeg hver PDF, hver mail, hver embedsmand der n\u00e6gter kontakt \u2013 ikke for at h\u00e6nge nogen ud, men for at <strong data-start=\"1504\" data-end=\"1526\">afsl\u00f8re strukturen<\/strong>, hvor embedsv\u00e6rkets overlevelse prioriteres over borgernes retssikkerhed.<\/p>\n<h2 data-start=\"1607\" data-end=\"1626\">HVAD DU KAN G\u00d8RE<\/h2>\n<blockquote>\n<p data-start=\"1630\" data-end=\"1647\"><em>Stil sp\u00f8rgsm\u00e5l.<\/em><\/p>\n<p data-start=\"1650\" data-end=\"1668\"><em>Kr\u00e6v aktindsigt.<\/em><\/p>\n<p data-start=\"1671\" data-end=\"1696\"><em>Del denne side med andre.<\/em><\/p>\n<\/blockquote>\n<p data-start=\"1698\" data-end=\"1799\">For hvis vi ikke siger fra nu, s\u00e5 ender vi alle som sagsnumre i deres mapper \u2013 stemplet og arkiveret.<\/p>\n<p>[\/spb_text_block] [spb_blank_spacer height=&#8221;30px&#8221; width=&#8221;1\/1&#8243; el_position=&#8221;first last&#8221;] [spb_text_block animation=&#8221;none&#8221; animation_delay=&#8221;0&#8243; simplified_controls=&#8221;yes&#8221; custom_css_percentage=&#8221;no&#8221; padding_vertical=&#8221;0&#8243; padding_horizontal=&#8221;0&#8243; margin_vertical=&#8221;0&#8243; custom_css=&#8221;margin-top: 0px;margin-bottom: 0px;&#8221; border_size=&#8221;0&#8243; border_styling_global=&#8221;default&#8221; width=&#8221;1\/1&#8243; el_position=&#8221;first last&#8221;]<\/p>\n<h2 data-start=\"234\" data-end=\"286\">KAN MAN ANKLAGE ET L\u00c6RRED FOR AT V\u00c6RE UAFSLUTTET?<\/h2>\n<p data-start=\"288\" data-end=\"464\">Forestil dig dette:<br data-start=\"307\" data-end=\"310\" \/>Mit skrivebord p\u00e5 <strong data-start=\"328\" data-end=\"352\">Danmarks Designskole<\/strong>. Stoffet er klippet. Stregerne er skitseret.<br data-start=\"397\" data-end=\"400\" \/>Noget sys. Noget pilles op. Noget bliver til. Over tid. I lag.<\/p>\n<p data-start=\"466\" data-end=\"531\"><strong data-start=\"466\" data-end=\"531\">Ligesom en blog. Ligesom satire. Ligesom et menneskes stemme.<\/strong><\/p>\n<p data-start=\"533\" data-end=\"735\">Men i Civilstyrelsens univers er der ikke plads til proces og forandring.<br data-start=\"606\" data-end=\"609\" \/>Her tager man \u00e9t screenshot. \u00c9t \u00f8jeblik. \u00c9t digitalt snapshot \u2013 og g\u00f8r det til <em data-start=\"688\" data-end=\"702\">retsgrundlag<\/em>.<br data-start=\"703\" data-end=\"706\" \/>Bum. Print. PDF. Case closed.<\/p>\n<hr data-start=\"737\" data-end=\"740\" \/>\n<h2 data-start=\"742\" data-end=\"781\">MONET MALER \u2013 EMBEDSV\u00c6RKET STEMPELER<\/h2>\n<p data-start=\"783\" data-end=\"938\">Det er som at kalde <strong data-start=\"803\" data-end=\"821\">Monets \u00e5kander<\/strong> for ufuldst\u00e6ndige, fordi de er sl\u00f8rede.<br data-start=\"861\" data-end=\"864\" \/>Eller afvise <strong data-start=\"877\" data-end=\"903\">J.P. Jacobsens skovsti<\/strong> som retningsl\u00f8s, fordi den bugter.<\/p>\n<blockquote data-start=\"940\" data-end=\"1035\">\n<p data-start=\"942\" data-end=\"1035\">En blog er ikke statisk. Den er impressionistisk.<br data-start=\"991\" data-end=\"994\" \/>Et levende univers, ikke en facitliste.<\/p>\n<\/blockquote>\n<p data-start=\"1037\" data-end=\"1135\">Men det forst\u00e5r embedsv\u00e6rket ikke.<br data-start=\"1071\" data-end=\"1074\" \/>De ser ikke kontekst. Kun <strong data-start=\"1100\" data-end=\"1110\">CTRL+P<\/strong> og en stift lovparagraf.<\/p>\n<hr data-start=\"1137\" data-end=\"1140\" \/>\n<h2 data-start=\"1142\" data-end=\"1176\">PDF SOM BEVIS \u2013 MEN UDEN PROCES<\/h2>\n<p data-start=\"1178\" data-end=\"1312\">Jeg er i dag <strong data-start=\"1191\" data-end=\"1224\">produktionsingeni\u00f8rstuderende<\/strong>.<br data-start=\"1225\" data-end=\"1228\" \/>Jeg arbejder med iteration, forbedring, optimering.<br data-start=\"1279\" data-end=\"1282\" \/>Med proces. Ikke med stempler.<\/p>\n<p data-start=\"1314\" data-end=\"1371\">Men i m\u00f8det med staten blev jeg m\u00f8dt af alt det modsatte:<\/p>\n<ul data-start=\"1373\" data-end=\"1428\">\n<li data-start=\"1373\" data-end=\"1392\">\n<p data-start=\"1375\" data-end=\"1392\">Ingen henvendelse<\/p>\n<\/li>\n<li data-start=\"1393\" data-end=\"1409\">\n<p data-start=\"1395\" data-end=\"1409\">Ingen kontekst<\/p>\n<\/li>\n<li data-start=\"1410\" data-end=\"1428\">\n<p data-start=\"1412\" data-end=\"1428\">Ingen forst\u00e5else<\/p>\n<\/li>\n<\/ul>\n<p data-start=\"1430\" data-end=\"1570\">Kun dokumentation for dokumentationens skyld.<br data-start=\"1475\" data-end=\"1478\" \/>Som om man kan vurdere en hel hjemmeside ud fra \u00e9t \u00f8jebliksbillede \u2013 og kalde det objektivt.<\/p>\n<hr data-start=\"1572\" data-end=\"1575\" \/>\n<h2 data-start=\"1577\" data-end=\"1614\">BLOG = LIV = KAFFE, FEJL OG FRIHED<\/h2>\n<p data-start=\"1616\" data-end=\"1731\">Jeg skriver med sving i hoften og farver i koderne.<br data-start=\"1667\" data-end=\"1670\" \/>Det er <strong data-start=\"1677\" data-end=\"1701\">ikke en statsjournal<\/strong>. Det er kreativ journalistik.<\/p>\n<p data-start=\"1733\" data-end=\"1871\">Og her stiller jeg sp\u00f8rgsm\u00e5let:<br \/>\n<strong data-start=\"1765\" data-end=\"1871\">Skal en blog om frihed, tro og zakat vurderes som en trussel \u2013 blot fordi den ikke er f\u00e6rdigredigeret?<\/strong><\/p>\n<p>[\/spb_text_block] [spb_text_block animation=&#8221;none&#8221; animation_delay=&#8221;0&#8243; simplified_controls=&#8221;yes&#8221; custom_css_percentage=&#8221;no&#8221; padding_vertical=&#8221;0&#8243; padding_horizontal=&#8221;0&#8243; margin_vertical=&#8221;0&#8243; custom_css=&#8221;margin-top: 0px;margin-bottom: 0px;&#8221; border_size=&#8221;0&#8243; border_styling_global=&#8221;default&#8221; width=&#8221;1\/1&#8243; el_position=&#8221;first last&#8221;]<\/p>\n<h2 data-start=\"179\" data-end=\"249\">N\u00c5R TRANSPARENS BLIVER TIL ET \u201cKRAV\u201d \u2013 OG BORGEREN BLIVER PROBLEMET<\/h2>\n<p data-start=\"251\" data-end=\"459\">I embeds-Danmark er \u00f8nsket om indsigt \u00e5benbart en kr\u00e6nkelse.<br data-start=\"311\" data-end=\"314\" \/><strong data-start=\"314\" data-end=\"380\">N\u00e5r Civilstyrelsen kalder din aktindsigtsanmodning et \u201ckrav\u201d \u2013<\/strong> er det ikke bare d\u00e5rlig kommunikation. Det er <strong data-start=\"427\" data-end=\"440\">magtsprog<\/strong> forkl\u00e6dt som jura.<\/p>\n<blockquote data-start=\"461\" data-end=\"584\">\n<p data-start=\"463\" data-end=\"584\"><em>\u201cDu er ikke l\u00e6ngere en borger. Du er besv\u00e6rlig.\u201d<\/em><br data-start=\"511\" data-end=\"514\" \/><em>S\u00e5dan lyder det, n\u00e5r et simpelt sp\u00f8rgsm\u00e5l bliver l\u00e6st som et angreb.<\/em><\/p>\n<\/blockquote>\n<h3 data-start=\"586\" data-end=\"640\">EMBEDSSPROG: HVORDAN MAN G\u00d8R EN BORGER TIL PROBLEM<\/h3>\n<div class=\"_tableContainer_16hzy_1\">\n<div class=\"_tableWrapper_16hzy_14 group flex w-fit flex-col-reverse\" tabindex=\"-1\">\n<table class=\"w-fit min-w-(--thread-content-width)\" data-start=\"642\" data-end=\"1181\">\n<thead data-start=\"642\" data-end=\"697\">\n<tr data-start=\"642\" data-end=\"697\">\n<th data-start=\"642\" data-end=\"673\" data-col-size=\"md\"><strong data-start=\"644\" data-end=\"672\">CITAT FRA CIVILSTYRELSEN<\/strong><\/th>\n<th data-start=\"673\" data-end=\"697\" data-col-size=\"lg\"><strong data-start=\"675\" data-end=\"695\">HVAD DET BETYDER<\/strong><\/th>\n<\/tr>\n<\/thead>\n<tbody data-start=\"755\" data-end=\"1181\">\n<tr data-start=\"755\" data-end=\"898\">\n<td data-start=\"755\" data-end=\"814\" data-col-size=\"md\"><em data-start=\"757\" data-end=\"813\">\u201cDet fremg\u00e5r af din henvendelse, at du kr\u00e6ver svar&#8230;\u201d<\/em><\/td>\n<td data-col-size=\"lg\" data-start=\"814\" data-end=\"898\">Du beder om aktindsigt. De kalder det kr\u00e6veri. Din ret bliver til en irritation.<\/td>\n<\/tr>\n<tr data-start=\"899\" data-end=\"1026\">\n<td data-start=\"899\" data-end=\"946\" data-col-size=\"md\"><em data-start=\"901\" data-end=\"945\">\u201c&#8230; om det eksempelvis g\u00e6lder dit dom\u00e6ne\u201d<\/em><\/td>\n<td data-start=\"946\" data-end=\"1026\" data-col-size=\"lg\">Du sp\u00f8rger pr\u00e6cist. De omskriver det til noget vagt \u2013 som om du er urimelig.<\/td>\n<\/tr>\n<tr data-start=\"1027\" data-end=\"1181\">\n<td data-start=\"1027\" data-end=\"1072\" data-col-size=\"md\"><em data-start=\"1029\" data-end=\"1071\">\u201cDu kr\u00e6ver svar senest indenfor 7 dage\u2026\u201d<\/em><\/td>\n<td data-start=\"1072\" data-end=\"1181\" data-col-size=\"lg\">Du henviser til <strong data-start=\"1090\" data-end=\"1117\">Offentlighedslovens \u00a736<\/strong>. De f\u00e5r det til at lyde, som om du truer dem med en deadline.<\/td>\n<\/tr>\n<\/tbody>\n<\/table>\n<div class=\"sticky end-(--thread-content-margin) h-0 self-end select-none\">\n<div class=\"absolute end-0 flex items-end\"><\/div>\n<\/div>\n<\/div>\n<\/div>\n<hr data-start=\"1183\" data-end=\"1186\" \/>\n<h2 data-start=\"1188\" data-end=\"1228\">HVORN\u00c5R BLEV BORGERRETTEN TIL BESV\u00c6R?<\/h2>\n<p data-start=\"1230\" data-end=\"1309\">Det mest paradoksale?<br data-start=\"1251\" data-end=\"1254\" \/><strong data-start=\"1254\" data-end=\"1271\">Den 31. marts<\/strong> skriver Sisse Joy Kristensen venligt:<\/p>\n<blockquote data-start=\"1311\" data-end=\"1369\">\n<p data-start=\"1313\" data-end=\"1369\"><em>\u201cHvis du har sp\u00f8rgsm\u00e5l, er du velkommen til at ringe&#8230;\u201d<\/em><\/p>\n<\/blockquote>\n<p data-start=\"1371\" data-end=\"1417\">Men <strong data-start=\"1375\" data-end=\"1395\">fire dage senere<\/strong> skriver Sanne Hjorth:<\/p>\n<blockquote data-start=\"1419\" data-end=\"1482\">\n<p data-start=\"1421\" data-end=\"1482\"><em>\u201cVi har besluttet, at dine henvendelser besvares skriftligt.\u201d<\/em><\/p>\n<\/blockquote>\n<p data-start=\"1484\" data-end=\"1547\">Fra <em data-start=\"1488\" data-end=\"1496\">dialog<\/em> til <em data-start=\"1501\" data-end=\"1514\">digital mur<\/em> \u2013 uden varsel, uden begrundelse.<\/p>\n<hr data-start=\"1549\" data-end=\"1552\" \/>\n<h2 data-start=\"1554\" data-end=\"1601\">N\u00c5R DU BARE VIL FORST\u00c5 \u2013 MEN BLIVER STEMPLET<\/h2>\n<p data-start=\"1603\" data-end=\"1855\">I et demokrati burde gennemsigtighed v\u00e6re en selvf\u00f8lge.<br data-start=\"1658\" data-end=\"1661\" \/>Men i Civilstyrelsens verden bliver <strong data-start=\"1697\" data-end=\"1714\">\u201ctransparens\u201d<\/strong> oversat til <strong data-start=\"1727\" data-end=\"1738\">\u201ckrav\u201d.<\/strong><br data-start=\"1738\" data-end=\"1741\" \/>Og borgerens stemme bliver reduceret til st\u00f8j i deres digitale \u00f8kosystem af PDF\u2019er, silot\u00e6nkning og embedsretorik.<\/p>\n<p data-start=\"1857\" data-end=\"1982\">S\u00e5 sp\u00f8rgsm\u00e5let er ikke: <em data-start=\"1881\" data-end=\"1907\">Krav eller foresp\u00f8rgsel?<\/em><br data-start=\"1907\" data-end=\"1910\" \/>Men snarere: <strong data-start=\"1923\" data-end=\"1982\">Hvem har egentlig glemt, hvad ordentlig forvaltning er?<\/strong><\/p>\n<p>[\/spb_text_block] [spb_raw_html width=&#8221;1\/1&#8243; el_position=&#8221;first last&#8221;]JTNDc2NyaXB0JTIwdHlwZSUzRCUyMnRleHQlMkZqYXZhc2NyaXB0JTIyJTIwc3JjJTNEJTIyaHR0cHMlM0ElMkYlMkZjZG5qcy5idXltZWFjb2ZmZWUuY29tJTJGMS4wLjAlMkZidXR0b24ucHJvZC5taW4uanMlMjIlMjBkYXRhLW5hbWUlM0QlMjJibWMtYnV0dG9uJTIyJTIwZGF0YS1zbHVnJTNEJTIyemxjb3BlbmhhZ2VuJTIyJTIwZGF0YS1jb2xvciUzRCUyMiUyM0ZGREQwMCUyMiUyMGRhdGEtZW1vamklM0QlMjIlRTIlOTglOTUlMjIlMjAlMjBkYXRhLWZvbnQlM0QlMjJDb29raWUlMjIlMjBkYXRhLXRleHQlM0QlMjJCdXklMjBtZSUyMGElMjBjb2ZmZWUlMjIlMjBkYXRhLW91dGxpbmUtY29sb3IlM0QlMjIlMjMwMDAwMDAlMjIlMjBkYXRhLWZvbnQtY29sb3IlM0QlMjIlMjMwMDAwMDAlMjIlMjBkYXRhLWNvZmZlZS1jb2xvciUzRCUyMiUyM2ZmZmZmZiUyMiUyMCUzRSUzQyUyRnNjcmlwdCUzRQ==[\/spb_raw_html] [spb_blank_spacer height=&#8221;30px&#8221; width=&#8221;1\/1&#8243; el_position=&#8221;first last&#8221;] [spb_blank_spacer height=&#8221;30px&#8221; width=&#8221;1\/1&#8243; el_position=&#8221;first last&#8221;] [spb_raw_html width=&#8221;1\/1&#8243; el_position=&#8221;first last&#8221;]JTNDYSUyMGhyZWYlM0QlMjJodHRwcyUzQSUyRiUyRmRrLnRydXN0cGlsb3QuY29tJTJGcmV2aWV3JTJGY2l2aWxzdHlyZWxzZW4uZGslMjIlMjB0YXJnZXQlM0QlMjJfYmxhbmslMjIlMjBzdHlsZSUzRCUyMmRpc3BsYXklM0ElMjBpbmxpbmUtYmxvY2slM0IlMjBiYWNrZ3JvdW5kLWNvbG9yJTNBJTIwJTIzMDBiNjdhJTNCJTIwY29sb3IlM0ElMjB3aGl0ZSUzQiUyMHBhZGRpbmclM0ElMjAxMnB4JTIwMjRweCUzQiUyMHRleHQtZGVjb3JhdGlvbiUzQSUyMG5vbmUlM0IlMjBib3JkZXItcmFkaXVzJTNBJTIwNnB4JTNCJTIwZm9udC13ZWlnaHQlM0ElMjBib2xkJTNCJTIwZm9udC1mYW1pbHklM0ElMjBzYW5zLXNlcmlmJTNCJTIyJTNFJTBBJUUyJUFEJTkwJTIwTCVDMyU4NlMlMjBGTEVSRSUyMEFOTUVMREVMU0VSJTIwQUYlMjBDSVZJTFNUWVJFTFNFTiUyMFAlQzMlODUlMjBUUlVTVFBJTE9UJTBBJTNDJTJGYSUzRSUwQQ==[\/spb_raw_html] [spb_blank_spacer height=&#8221;30px&#8221; width=&#8221;1\/1&#8243; el_position=&#8221;first last&#8221;] [spb_blank_spacer height=&#8221;30px&#8221; width=&#8221;1\/1&#8243; el_position=&#8221;first last&#8221;] [spb_text_block animation=&#8221;none&#8221; animation_delay=&#8221;0&#8243; simplified_controls=&#8221;yes&#8221; custom_css_percentage=&#8221;no&#8221; padding_vertical=&#8221;0&#8243; padding_horizontal=&#8221;0&#8243; margin_vertical=&#8221;0&#8243; custom_css=&#8221;margin-top: 0px;margin-bottom: 0px;&#8221; border_size=&#8221;0&#8243; border_styling_global=&#8221;default&#8221; width=&#8221;1\/1&#8243; el_position=&#8221;first last&#8221;]<\/p>\n<h2 data-start=\"747\" data-end=\"809\">FRA STILHED TIL SATIRE \u2013 DEL 2 TRYKKER P\u00c5 PLAY<\/h2>\n<h3 data-start=\"747\" data-end=\"809\">DU ER NU I DEL 2 \u2013 MELLEM PDF\u2019ER OG MELODY GRAND PRIX<\/h3>\n<p data-start=\"816\" data-end=\"925\">Indsamlingsn\u00e6vnet er v\u00e5gnet. PDF-maskinen k\u00f8rer. Jeg er midt i embeds-Danmarks remix af satire og paragraf.<\/p>\n<p data-start=\"932\" data-end=\"1023\">Men hvis du vil se hvordan det hele begyndte \u2013 chokket, stilheden og de f\u00f8rste 26 PDF\u2019er:<\/p>\n<p data-start=\"1030\" data-end=\"1171\"><strong data-start=\"1033\" data-end=\"1169\"><a class=\"\" href=\"https:\/\/zlcopenhagen.com\/da\/bureaukrati-indsamlingsnaevnet\/\" target=\"_new\" rel=\"noopener\" data-start=\"1035\" data-end=\"1167\">L\u00e6s Del 1 her \u2013 Bureaukratiets f\u00f8rste hug (PDF\u2019er til og med 17. maj)<\/a><\/strong><\/p>\n<p data-start=\"1030\" data-end=\"1171\">Del 1 er dokumentationens fundament \u2013 her starter min rejse ind i embedsv\u00e6rkets uigennemskuelige maskinrum.\u00a0\u2026og ja, det starter under glitteret fra Grand Prix.<\/p>\n<p>[\/spb_text_block] [spb_blank_spacer height=&#8221;30px&#8221; width=&#8221;1\/1&#8243; el_position=&#8221;first last&#8221;] [spb_toggle element_name=&#8221;4\/6 Vedr\u00f8rende: Klage over afslag p\u00e5 aktindsigt og anmodning om genoptagelse&#8221; title=&#8221;4\/6 Vedr\u00f8rende: Klage over afslag p\u00e5 aktindsigt og anmodning om genoptagelse&#8221; open=&#8221;false&#8221; width=&#8221;1\/1&#8243; el_position=&#8221;first last&#8221;]<\/p>\n<p data-pm-slice=\"1 1 []\">Til Civilstyrelsen \/ Indsamlingsn\u00e6vnet Toldboden 2, 2. sal 8800 Viborg<\/p>\n<p>Att: Mathias Olsen<br \/>\nCC: Sisse Joy Kristensen, Sanne Hjorth Pedersen<\/p>\n<p>Vedr\u00f8rende: Klage over afslag p\u00e5 aktindsigt og anmodning om genoptagelse<\/p>\n<p>N\u00e5, Civilstyrelsen \u2013 vi er vist n\u00e5et dertil, hvor fl\u00f8jlshandskerne skal af.<\/p>\n<p>Jeg skriver hermed for at:<\/p>\n<ol start=\"1\" data-spread=\"false\">\n<li>Klage over afslaget p\u00e5 min anmodning om aktindsigt af 6. maj 2025<\/li>\n<li>Anmode om genoptagelse af sagen p\u00e5 baggrund af ufuldst\u00e6ndig og mangelfuld behandling<\/li>\n<\/ol>\n<p>Jeg mener, at min oprindelige anmodning af 1. maj 2025 ikke er behandlet tilstr\u00e6kkeligt, og at jeres svar undlader konkret vurdering af hvert enkelt dokument og punkt.<\/p>\n<h2>Manglende vurdering af dokumenter<\/h2>\n<p>I henhold til offentlighedslovens \u00a7\u00a7 13-15 samt \u00a7 10 om meroffentlighed skal selv interne dokumenter vurderes for, om de indeholder faktiske oplysninger eller faglige vurderinger, som er aktindsigtspligtige. Jeres afvisning under \u00a7 12 sker uden individuel vurdering eller angivelse af bilag, hvilket er i strid med b\u00e5de god forvaltningsskik og krav om konkret og saglig sagsbehandling. N\u00e5r en myndighed benytter generelle undtagelser som skabelon til systematisk afvisning, kan det udg\u00f8re embedsansvarsp\u00e5dragende praksis.<\/p>\n<h2>Ulovlig overv\u00e5gning og kr\u00e6nkelse af GDPR<\/h2>\n<p>Jeres arkivering af 26 PDF-dokumenter med mit navn, citater, billeder og webadresser uden forudg\u00e5ende underretning eller samtykke udg\u00f8r potentielt en kr\u00e6nkelse af Databeskyttelsesforordningens:<\/p>\n<ul data-spread=\"false\">\n<li><strong>Artikel 5<\/strong> (principper om lovlighed, rimelighed og gennemsigtighed)<\/li>\n<li><strong>Artikel 14<\/strong> (pligt til underretning n\u00e5r oplysninger ikke stammer fra den registrerede)<\/li>\n<li><strong>Artikel 15<\/strong> (retten til indsigt)<\/li>\n<\/ul>\n<p>At h\u00e6vde, at dette ikke er &#8220;personoplysninger&#8221; eller at det ikke udg\u00f8r registrering, fremst\u00e5r som en juridisk fortolkning i strid med forordningens ordlyd og proportionalitetsprincip.<\/p>\n<h2>Pligt til vejledning og kontakt<\/h2>\n<p>I henhold til forvaltningslovens \u00a7 7 har en myndighed pligt til at vejlede borgere i forbindelse med behandlingen af deres sag. Hvis du \u2013 eller en kollega \u2013 p\u00e5t\u00e6nker at afvise mig igen med henvisning til &#8220;tidligere svar&#8221;, s\u00e5 lad mig minde dig om dette. I har pligt til ikke blot at afvise, men at vejlede. Ogs\u00e5 borgere, der skriver med b\u00e5de alvor og satire. Ogs\u00e5 dem, der ikke har jurastudie i ryggen, men som kender forskel p\u00e5 gennemsigtighed og tavshed.<\/p>\n<h2>Pausering af indsamling \u2013 et ansvar, ikke en gestus<\/h2>\n<p>Jeg har 29. april 2025 meddelt, at jeg pauser min godkendte og betalte indsamling nr. 25-000-01901 \u2013 alene for at f\u00e5 indsigt i, hvad der foreg\u00e5r bag jeres sk\u00e6rme og PDF-generatorer. Jeg pauser ikke for sjov. Jeg pauser, fordi jeg tager forvaltningen alvorligt \u2013 til forskel fra det, jeres interne procedure og skyggearkivering udviser.<\/p>\n<h2>Embedsansvar og dokumentationsmanipulation<\/h2>\n<p>N\u00e5r jeres afg\u00f8relse er dateret 6. maj, men f\u00f8rst sendes efter rykker den 14. maj, kan der v\u00e6re tale om administrativ skyggeformulering, der strider mod krav om retvisende journalisering. Dette kan karakteriseres som embedsmisbrug, hvis det sker systematisk \u2013 og i v\u00e6rste fald som dokumentationsmanipulation.<\/p>\n<h2>Oplysningspligt og dokumentationsmangel<\/h2>\n<p>Jeg har p\u00e5peget:<\/p>\n<ul data-spread=\"false\">\n<li>At de 26 PDF\u2019er er skabt uden hjemmel, metode eller kontakt<\/li>\n<li>At vurderingsarbejdet ikke er dokumenteret i beslutningsskemaer eller ressourceopg\u00f8relser<\/li>\n<li>At jeres svar udelader navne p\u00e5 embedsm\u00e6nd og roller \u2013 trods mit navn fremg\u00e5r af jeres interne filer<\/li>\n<\/ul>\n<p>N\u00e5r Civilstyrelsen prioriterer anonymitet for embedsm\u00e6nd frem for borgerindsigt, undergraver det den demokratiske legitimitet af embedsf\u00f8relsen.<\/p>\n<h2>Korrespondancetabel og sagsforl\u00f8b<\/h2>\n<p>Herunder ses et opdateret overblik over den relevante korrespondance \u2013 ikke bare et arkiv, men en dokumentation af, hvordan forvaltning i praksis kan ligne bureaukratisk runddans:<\/p>\n<table>\n<tbody>\n<tr>\n<th>Dato<\/th>\n<th>Afsender<\/th>\n<th>Modtager<\/th>\n<th>Emne<\/th>\n<\/tr>\n<tr>\n<td>1. maj 2025<\/td>\n<td>Zahid Latif<\/td>\n<td>Civilstyrelsen<\/td>\n<td>Oprindelig aktindsigtsanmodning<\/td>\n<\/tr>\n<tr>\n<td>6. maj 2025<\/td>\n<td>Civilstyrelsen<\/td>\n<td>Zahid Latif<\/td>\n<td>Afslag p\u00e5 aktindsigt (dokumenter afvist som interne)<\/td>\n<\/tr>\n<tr>\n<td>14. maj 2025<\/td>\n<td>Zahid Latif<\/td>\n<td>Civilstyrelsen<\/td>\n<td>Rykker \u2013 Overskredet svarfrist p\u00e5 aktindsigt<\/td>\n<\/tr>\n<tr>\n<td>17. maj 2025<\/td>\n<td>Zahid Latif<\/td>\n<td>Civilstyrelsen<\/td>\n<td>Kritik af ressourceforbrug og embedsroller<\/td>\n<\/tr>\n<tr>\n<td>19. maj 2025<\/td>\n<td>Civilstyrelsen<\/td>\n<td>Zahid Latif<\/td>\n<td>Afvisning: Ikke nye forhold, henvisning til 6. maj-svar<\/td>\n<\/tr>\n<tr>\n<td>23. maj 2025<\/td>\n<td>Zahid Latif<\/td>\n<td>Civilstyrelsen<\/td>\n<td>Anmodning om metadata, screenshots og forvaltningsforklaring<\/td>\n<\/tr>\n<tr>\n<td>27. maj 2025<\/td>\n<td>Civilstyrelsen<\/td>\n<td>Zahid Latif<\/td>\n<td>Delvis aktindsigt via KMD Workzone \u2013 12 sider uden forklaring<\/td>\n<\/tr>\n<tr>\n<td>2. juni 2025<\/td>\n<td>Zahid Latif<\/td>\n<td>Civilstyrelsen<\/td>\n<td>Kritik: Ulovlig overv\u00e5gning, GDPR-brud, journaliseringsmangler<\/td>\n<\/tr>\n<tr>\n<td>3. juni 2025<\/td>\n<td>Civilstyrelsen<\/td>\n<td>Zahid Latif<\/td>\n<td>Svar: \u201cVi finder ikke grundlag for at genoptage sagen.\u201d<\/td>\n<\/tr>\n<\/tbody>\n<\/table>\n<h2>Citater, kontekst og offentlig dokumentation<\/h2>\n<p>To centrale embedsudtalelser danner sagens kerne og rejser alvorlige sp\u00f8rgsm\u00e5l om forvaltningsskik:<\/p>\n<blockquote><p>\u201cVi er blevet gjort opm\u00e6rksomme p\u00e5 hjemmesiden\u2026\u201d<br \/>\n\u2014 Sisse Joy Kristensen, Civilstyrelsen, 31. marts 2025<\/p><\/blockquote>\n<p>Denne s\u00e6tning blev brugt til at initiere overv\u00e5gning og PDF-screening af min hjemmeside \u2013 uden kontakt, varsel eller juridisk dokumenteret hjemmel.<\/p>\n<blockquote><p>\u201cHan virker truende \u2013 uden at v\u00e6re helt konkret i sine udtalelser.\u201d<br \/>\n\u2014 Mette Frank, Civilstyrelsen, telefonnotat, 3. april 2025<\/p><\/blockquote>\n<p>Denne karakteristik af mig er noteret og journalf\u00f8rt i en embedsfil \u2013 uden at jeg p\u00e5 noget tidspunkt er blevet orienteret eller har haft mulighed for at kommentere. Det er ikke kun i strid med GDPR artikel 14 og 15 \u2013 det er ogs\u00e5 i strid med almindelig anst\u00e6ndighed.<\/p>\n<p>Derudover har jeg nu kendskab til, at Civilstyrelsen efter pauseringen af min godkendte og lovlige indsamling den 29. april 2025 forts\u00e6tter med at generere nye PDF\u2019er af mit indhold \u2013 herunder:<\/p>\n<ul data-spread=\"false\">\n<li>&#8220;Baggrund for pausering af indsamling&#8221;, oprettet 1. maj 2025 (dokument 4993303)<\/li>\n<li>uden at dokumentet blev n\u00e6vnt i efterf\u00f8lgende svar fra Sanne Hjorth 2. maj<\/li>\n<\/ul>\n<p>Dette underst\u00f8tter min mistanke om fortsat og uanmeldt overv\u00e5gning, med l\u00f8bende dokumentation baseret p\u00e5 dynamisk indhold. Det er p\u00e5 tide, at Indsamlingsn\u00e6vnet redeg\u00f8r for:<\/p>\n<ul data-spread=\"false\">\n<li>om nye PDF\u2019er fortsat genereres,<\/li>\n<li>med hvilken hjemmel og form\u00e5l,<\/li>\n<li>og hvorfor borgeren \u2013 i dette tilf\u00e6lde mig \u2013 ikke orienteres.<\/li>\n<\/ul>\n<p>Som Mathias Olsen skrev i sit afvisningsbrev den 3. juni 2025:<\/p>\n<blockquote><p>\u201cVi finder ikke grundlag for at genoptage sagen.\u201d<\/p><\/blockquote>\n<p>En linje, der lyder som punktum \u2013 men i virkeligheden rejser endnu flere sp\u00f8rgsm\u00e5l:<\/p>\n<ul data-spread=\"false\">\n<li>Hvorfor afvises sp\u00f8rgsm\u00e5l, som endnu ikke er besvaret?<\/li>\n<li>Hvorfor ignoreres ny dokumentation, herunder PDF\u2019er genereret efter den lovlige indsamling er pauseret?<\/li>\n<li>Og hvad betyder det for borgernes retsstilling, hvis en lukkethed som denne bliver ny normal?<\/li>\n<\/ul>\n<p>\ud83d\udd17 Offentligg\u00f8relse og dokumentation kan l\u00e6ses her:<br \/>\n<a href=\"https:\/\/zlcopenhagen.com\/da\/zakat-side-by-side-sisse-joy-kristensen\/\"><strong>ZAKAT SIDE BY SIDE | Sisse Joy Kristensen &amp; GDPR i PDF-KLIK<\/strong><\/a><br \/>\nEt analyseindl\u00e6g om overv\u00e5gning, embedsroller og dokumentationsforvitring i dansk forvaltning.<\/p>\n<h2>Retlig konsekvens og n\u00e6ste skridt<\/h2>\n<p>Jeg har nu dokumentation for:<\/p>\n<ul data-spread=\"false\">\n<li>Manglende overholdelse af offentlighedsloven<\/li>\n<li>Manglende behandling af GDPR-anmodning i henhold til artikel 15<\/li>\n<li>Uforholdsm\u00e6ssig og selektiv anvendelse af undtagelsesregler<\/li>\n<li>Sagsbehandling der viser m\u00f8nstre af lukkethed, inkonsekvens og manglende hjemmel<\/li>\n<\/ul>\n<p>Hvis sagen ikke genoptages, og dokumentationen ikke udleveres fuldt og i overensstemmelse med g\u00e6ldende ret, agter jeg at indgive klage til b\u00e5de Folketingets Ombudsmand og Datatilsynet.<\/p>\n<p>Jeg forventer:<\/p>\n<ul data-spread=\"false\">\n<li>En konkret vurdering af hvert dokument<\/li>\n<li>Oversigt over samtlige sagsakter og behandlingslog<\/li>\n<li>Klare svar p\u00e5 sp\u00f8rgsm\u00e5l om overv\u00e5gning, embedsvurdering og karakteristikker<\/li>\n<\/ul>\n<p>Afslutningsvis gentager jeg mit tidligere sp\u00f8rgsm\u00e5l: Hvordan skal jeg \u2013 som borger med b\u00e5de kognitive udfordringer og dokumentationsvilje \u2013 forst\u00e5 et svar, som alene navigerer efter interne hensyn og tavshedsprocedurer?<\/p>\n<p>Jeg beder om et svar i \u00f8jenh\u00f8jde \u2013 og ikke flere skabeloner.<\/p>\n<p>Med venlig \u2013 men retsligt og satirisk sk\u00e6rpet \u2013 hilsen,<\/p>\n<p>Zahid Latif<br \/>\nSlangerupgade 13, st. th<br \/>\n2200 K\u00f8benhavn N<br \/>\n<a>www.zlcopenhagen.com<\/a><\/p>\n<p>[\/spb_toggle] [spb_toggle element_name=&#8221;3\/6 Mathias svar&#8221; title=&#8221;3\/6 Mathias svar&#8221; open=&#8221;false&#8221; width=&#8221;1\/1&#8243; el_position=&#8221;first last&#8221;]<\/p>\n<p>Dato 3. juni 2025<br \/>\nKontor: Indsamling og Fonde<br \/>\nSagsbeh.: Mathias Olsen<br \/>\nSagsnr.: 25-78-00431<\/p>\n<p>Besvarelse af din henvendelse<br \/>\nVi har modtaget din e-mail af 2. juni 2025.<br \/>\nVi har forst\u00e5et din e-mail som en anmodning om aktindsigt i dokumenter, der ikke blev fremsendt i<br \/>\nforbindelse med n\u00e6vnets im\u00f8dekommelse af aktindsigt af 23. maj 2025 og 27. maj 2025.<br \/>\nVi kan oplyse, at du har modtaget sagens fulde dokumentmateriale. I relation til din anmodning om<br \/>\naktindsigt i interne dokumenter skal vi henvise til vores afg\u00f8relse herom af 6. maj 2025 og 19. maj<br \/>\n2025.<br \/>\nI relation til dine fortsatte sp\u00f8rgsm\u00e5l om hjemmelsgrundlag for behandlingen af personoplysninger<br \/>\nom dig og oplysninger om den p\u00e5g\u00e6ldende indsamling, skal vi igen henvise til brevene af 12. februar<br \/>\n2025 (side 5-6) og af 31. marts 2025 (side 6-7). Du modtog endvidere en uddybende forklaring om<br \/>\nhjemmelsgrundlaget ved brev af 27. maj 2025.<br \/>\nVi foretager os ikke yderligere i relation til din henvendelse, og vi skal henvise til vores tidligere<br \/>\nbreve, som vi anser for at besvare de for sagen relevante sp\u00f8rgsm\u00e5l retvisende og fyldestg\u00f8rende.<\/p>\n<p>Med venlig hilsen<\/p>\n<p>Mathias Olsen<\/p>\n<p>[\/spb_toggle] [spb_toggle element_name=&#8221;2 JUNI MIT SVAR: ULOVLIG OVERV\u00c5GNING? EN KORT P\u00c5MINDELSE INDEN FRISTEN&#8221; title=&#8221;2 JUNI MIT SVAR: ULOVLIG OVERV\u00c5GNING? EN KORT P\u00c5MINDELSE INDEN FRISTEN&#8221; open=&#8221;false&#8221; width=&#8221;1\/1&#8243; el_position=&#8221;first last&#8221;]<\/p>\n<p><strong>ULOVLIG OVERV\u00c5GNING? EN KORT P\u00c5MINDELSE INDEN FRISTENS UDL\u00d8B<\/strong><\/p>\n<p><strong>TIL: Mathias Olsen \/ Civilstyrelsen<\/strong><br \/>\n<strong>SAG: 24-700-08863<\/strong><\/p>\n<p>K\u00e6re Mathias,<\/p>\n<p>Jeg ved godt, tiden er knap, og Kristi Himmelfartsdag kom i vejen for mange deadlines. Jeg kvitterer samtidig for jeres svar den 27. maj \u2013 og den tilh\u00f8rende forsendelse fra KMD Workzone dateret 2. maj 2025, jf. dokumentation med Anne Hvelplund som sagsbehandler ved Indsamlingsn\u00e6vnet, Civilstyrelsen. Jeg bem\u00e6rker dog, at\u00a0<strong>Sisse Joy Kristensen<\/strong>\u00a0og\u00a0<strong>Sanne Hjorth Pedersen<\/strong>\u00a0ikke fremg\u00e5r i selve oversigten \u2013 til trods for deres centrale roller i sagen \u2013 hvilket b\u00e5de sv\u00e6kker indblik og muligheden for at forst\u00e5, hvordan sagen er behandlet internt.<\/p>\n<p>Mit sp\u00f8rgsm\u00e5l er nu: Var det det endelige svar? Eller er der yderligere materiale p\u00e5 vej? I de 12 sider fra KMD Workzone fremg\u00e5r alene, hvad der sendes udadtil \u2013 ikke hvad der behandles internt. Derfor rejser det ogs\u00e5 sp\u00f8rgsm\u00e5let: Hvad gemmer der sig bag embedsv\u00e6rket i Indsamlingsn\u00e6vnet? Og hvordan sikrer I, at borgerens oplysninger behandles lovligt og \u00e5bent \u2013 i overensstemmelse med\u00a0<strong>GDPR<\/strong>?<\/p>\n<hr \/>\n<h3>GDPR \u2013 REGISTRERING, SYSTEMATISERING OG 26 PDF&#8217;ER\u00a0<a id=\"m_3702838601260382288plusReplyChip-0\" class=\"gmail_plusreply\"><\/a>+<\/h3>\n<p>Du skriver i jeres svar den 27. maj:<\/p>\n<blockquote><p><i>&#8220;Indsamlingsn\u00e6vnet har ikke behandlet personoplysninger, der kr\u00e6ver orientering, idet det ikke vurderes, at der er tale om registrering eller systematisering i GDPR-forstand.&#8221;<\/i><\/p><\/blockquote>\n<p>Men hvad kalder man s\u00e5 26 PDF&#8217;er med mine citater, billeder, webadresser (url) og offentlige opslag? Og hvad med nye screenshots dateret 1. maj 2025, som aldrig blev kommunikeret i Sanne Hjorths brev den 2. maj \u2013 og som muligvis er genereret, fordi indholdet p\u00e5 mine sider l\u00f8bende \u00e6ndres?<\/p>\n<p>Det drejer sig om dynamiske sider, hvor fx formuleringen\u00a0<strong>&#8220;fortrydelse&#8221;<\/strong>\u00a0senere blev til\u00a0<strong>&#8220;genfundet&#8221;<\/strong>, og senest til\u00a0<strong>&#8220;genvandt&#8221;<\/strong>\u00a0\u2013 alts\u00e5 hele navne\u00e6ndringen fra &#8220;<strong>Forening Frafalden Fortrydelse<\/strong>&#8221; til &#8220;<strong>Forening Frafalden Genfandt Islam<\/strong>&#8220;. Et sprogligt cirkus, hvor hvert nyord kr\u00e6ver nyt screenshot, og hver stavelses\u00e6ndring bliver til en ny embedsfil.<\/p>\n<p>Siderne udvikler sig som et levende Monet-maleri \u2013 hele tiden i bev\u00e6gelse, hele tiden under redigering i f\u00f8lge min log. Og hvis man skal tro p\u00e5 aktindsigten p\u00e5 354 sider, svarer det til ca. \u00e9t minut pr. genereret PDF-fil. Kan du bekr\u00e6fte dette ressourceforbrug \u2013 og hvad er i s\u00e5 fald timel\u00f8nnen for en embedsmand, der varetager denne type dokumentationsopgaver i Civilstyrelsen?<\/p>\n<p>Skaber disse \u00e6ndringer automatisk nye PDF-billeder, som arkiveres som nye sagsakter? Hvilke digitale og menneskelige ressourcer anvendes p\u00e5 dette arbejde \u2013 og hvordan sikres det, at borgeren f\u00e5r kendskab til hver ny systemgenereret version? Er det reelt, at en bestemt tidsstempel p\u00e5 en dynamisk side skaber nye forvaltningshandlinger \u2013 eller spilder vi bureaukratiske kr\u00e6fter p\u00e5 at fange flygtige \u00f8jeblikke? Og hvordan er dette i overensstemmelse med\u00a0<strong>GDPR artikel 5 og 15<\/strong>?<\/p>\n<hr \/>\n<h3>OBSERVATION OG OFFENTLIGG\u00d8RELSE \u2013 HVEM ER &#8220;VI&#8221;?<\/h3>\n<p>Og s\u00e5 er der\u00a0<strong>Sisse Joy Kristensens<\/strong>\u00a0ber\u00f8mte citat fra\u00a0<strong>31. marts 2025<\/strong>\u00a0\u2013 en s\u00e6tning, der ikke bare afsl\u00f8rer embedsmaskinens opm\u00e6rksomhed, men rejser sp\u00f8rgsm\u00e5l: Hvem er &#8220;vi&#8221;? Hvorn\u00e5r blev det registreret? Og hvilket hjemmelsgrundlag blev vurderingen truffet p\u00e5? Var det en saglig og objektiv vurdering \u2013 eller en selektiv udv\u00e6lgelse, baseret p\u00e5 enkelte formuleringer uden helhedsvurdering?<\/p>\n<blockquote><p><i>&#8220;Vi er blevet gjort opm\u00e6rksomme p\u00e5 hjemmesiden&#8230;&#8221;<br \/>\n\u2014\u00a0<strong>Sisse Joy Kristensen<\/strong>, 31. marts 2025,\u00a0<strong>Indsamlingsn\u00e6vnet \/ Civilstyrelsen<\/strong><\/i><\/p><\/blockquote>\n<p>Og fra embedskvinden\u00a0<strong>Mette Frank<\/strong>, der i et internt telefonnotat den\u00a0<strong>3. april 2025<\/strong>\u00a0skrev:<\/p>\n<blockquote><p><i>&#8220;Han virker truende \u2013 uden at v\u00e6re helt konkret i sine udtalelser.&#8221;<br \/>\n\u2014\u00a0<strong>Mette Frank<\/strong>, telefonnotat,\u00a0<strong>3. april 2025<\/strong>, Civilstyrelsen, sagsnr.\u00a0<strong>24-700-08863<\/strong><\/i><\/p><\/blockquote>\n<hr \/>\n<h3>CITATER, GEODATA OG SAGSARKIVER<\/h3>\n<p><b>Mine bem\u00e6rkninger<\/b>: Denne slags udtalelser bliver ikke bare gemt i PDF&#8217;er \u2013 de placerer mig i en geografisk kontekst, med fuldt navn og bop\u00e6l, offentliggjort i statens sagsarkiv. Det har konsekvenser \u2013 b\u00e5de socialt og retsligt.<\/p>\n<p>Hvordan skal jeg forst\u00e5 ord som &#8220;truende&#8221;, n\u00e5r jeg selv oplever at blive overv\u00e5get, intimideret og registreret uden min viden? Findes der flere interne karakteristikker af mig, som jeg ikke er blevet informeret om?<\/p>\n<hr \/>\n<h3>\u00c5BNE SP\u00d8RGSM\u00c5L \u2013 REJST TIL INDSAMLINGSN\u00c6VNET, CIVILSTYRELSEN<\/h3>\n<p>Mathias Olsen,<\/p>\n<p>Jeg henvender mig direkte til dig \u2013 og samtidig til embedsmanden\u00a0<strong>Sisse Joy Kristensen<\/strong>\u00a0og \u00f8vrige relevante medarbejdere i Indsamlingsn\u00e6vnet under Civilstyrelsen \u2013 med f\u00f8lgende sp\u00f8rgsm\u00e5l. De er rejst p\u00e5 baggrund af konkrete dokumenter, sagsakter og screenshots, der fremg\u00e5r af den delvise aktindsigt i sagen:<\/p>\n<ol>\n<li>Har I registreret mine citater \u2013 herunder fra dynamiske sider med l\u00f8bende \u00e6ndringer, stavefejl, nye URL-slug og sprogversioner \u2013 uden at underrette mig?<\/li>\n<li>Har I foretaget overv\u00e5gning efter 31. marts, uden at n\u00e6vne det i officielle breve?<\/li>\n<li>Er screenshots og PDF-logs ikke omfattet af journaliseringspligt?<\/li>\n<li>Mener du stadig, at disse ikke er personoplysninger i\u00a0<strong>GDPR<\/strong>-forstand?<\/li>\n<li>Er det lovligt at lade en embedsmand citere borgeren \u2013 uden at borgeren informeres om det?<\/li>\n<li>Hvordan vurderes det, n\u00e5r det handler om ord som &#8220;zakat&#8221;, n\u00e6vnt i kontekster med religi\u00f8s betydning og flersproglige lag \u2013 eksempelvis dokumenteret af\u00a0<strong>Sisse Joy Kristensen<\/strong>, som tog screenshot af netop den side den 31. marts 2025 kl. 11:11? Hvordan sikres det, at s\u00e5danne begreber bliver forst\u00e5et og oplyst p\u00e5 et objektivt og fagligt grundlag, og ikke alene ud fra embedsvurdering eller subjektiv tolkning? ( Jeg ringede denne dag kl 09:04 og ca 19 miuts samtale)<\/li>\n<li>Hvordan behandles dynamiske sider rent forvaltningsm\u00e6ssigt \u2013 hvor URL&#8217;er, sprog, grammatik og formuleringer som &#8220;fortrydelse&#8221; \u00e6ndres til &#8220;genfundet&#8221; og siden til &#8220;genvandt&#8221;? Genereres der nye PDF-dokumenter ved hver \u00e6ndring? Og hvordan sikrer I, at borgeren f\u00e5r besked om, hvad der arkiveres hvorn\u00e5r \u2013 is\u00e6r n\u00e5r registreringen sker f\u00e5 timer efter et telefonopkald til jer samme dag?<\/li>\n<li>Mener I, at\u00a0<strong>Mette Franks<\/strong>\u00a0udtalelse om, at jeg &#8220;virker truende&#8221;, er fagligt og retligt d\u00e6kkende?<\/li>\n<li>Er der andre interne vurderinger, notater eller karakteristikker, jeg som borger b\u00f8r v\u00e6re bekendt med?<\/li>\n<\/ol>\n<p>Jeg forventer \u00e9t samlet og fyldestg\u00f8rende svar, gerne inden fristen den 4. juni 2025. Jeg g\u00f8r samtidig opm\u00e6rksom p\u00e5, at jeg endnu ikke har modtaget det materiale, jeg anmodede om den 23. maj \u2013 herunder specifikke sagsakter og interne dokumenter. If\u00f8lge g\u00e6ldende aktindsigtslovgivning skal dette materiale stilles til r\u00e5dighed uden un\u00f8dig forsinkelse, og som udgangspunkt inden for 7 arbejdsdage.<\/p>\n<p>F\u00f8rst n\u00e5r jeg har modtaget og gennemg\u00e5et det samlede materiale \u2013 herunder dokumentation vedr\u00f8rende overv\u00e5gning, registrering, screenshots og interne vurderinger \u2013 vil jeg kunne afgive et pr\u00e6cist og d\u00e6kkende svar p\u00e5 jeres henvendelse fra den 27. maj. Derfor m\u00e5 mit svar afvente, at aktindsigten bliver efterlevet i praksis. Jeg kvitterer naturligvis for modtagelsen af alle relevante dokumenter.<\/p>\n<p>Med venlig hilsen<br \/>\nZahid Latif<br \/>\n<a href=\"https:\/\/www.zlcopenhagen.com\/\" target=\"_blank\" rel=\"noopener\" data-saferedirecturl=\"https:\/\/www.google.com\/url?q=https:\/\/www.zlcopenhagen.com\/&amp;source=gmail&amp;ust=1748945191276000&amp;usg=AOvVaw16Jv3A_AEhV493pmAz-E0Q\">www.zlcopenhagen.com<\/a><\/p>\n<p>PS: Hvis \u00e9n PDF svarer til \u00e9t minut \u2013 h\u00e5ber jeg ikke, nogen har glemt frokostpausen i embedsv\u00e6rket.<\/p>\n<p>[\/spb_toggle] [spb_toggle element_name=&#8221;27\/5 svar fra mathias ( skal rettes til visuelt)&#8221; title=&#8221;27\/5 svar fra mathias ( skal rettes til visuelt)&#8221; open=&#8221;false&#8221; width=&#8221;1\/1&#8243; el_position=&#8221;first last&#8221;]<\/p>\n<p style=\"font-weight: 400;\">K\u00e6re Zahid Latif<\/p>\n<p style=\"font-weight: 400;\">Se venligst vedh\u00e6ftede.<\/p>\n<p style=\"font-weight: 400;\">Med venlig hilsen<\/p>\n<p style=\"font-weight: 400;\">Mathias Olsen<\/p>\n<p style=\"font-weight: 400;\">Specialkonsulent<\/p>\n<p style=\"font-weight: 400;\"><strong>\u00a0<\/strong><strong><br \/>\n<\/strong>Indsamling &amp; Fonde<\/p>\n<p style=\"font-weight: 400;\">Toldboden 2, 2. sal<\/p>\n<p style=\"font-weight: 400;\">8800 Viborg<br \/>\nTlf.: +45 33 92 33 34<\/p>\n<p style=\"font-weight: 400;\"><a href=\"mailto:civilstyrelsen@civilstyrelsen.dk\">civilstyrelsen@civilstyrelsen.dk<\/a><\/p>\n<p style=\"font-weight: 400;\"><a href=\"http:\/\/www.civilstyrelsen.dk\/\" data-saferedirecturl=\"https:\/\/www.google.com\/url?q=http:\/\/www.civilstyrelsen.dk\/&amp;source=gmail&amp;ust=1748945488860000&amp;usg=AOvVaw3Vn_RMqnEsHwQXU642mWFG\">www.civilstyrelsen.dk<\/a><\/p>\n<p>( 354 pdf bliver lagt op p\u00e5 drevet snart og KMD Workzone filer 12 ialt)<\/p>\n<p>Zahid Latif<br \/>\nSlangerupgade 13, st. th<br \/>\n2200 K\u00f8benhavn N<br \/>\nDato 27. maj 2025<br \/>\nKontor: Indsamling og Fonde<br \/>\nSagsbeh.: Mathias Olsen<br \/>\nSagsnr.: 25-78-00431<br \/>\nAktindsigt<br \/>\nVi har modtaget din mail af 23. maj 2025.<br \/>\nVi har forst\u00e5et din e-mail som en anmodning om aktindsigt i bilag med metadata samt akter, der<br \/>\nbegynder med titlen \u201dSmartPost\u201d, der ikke blev fremsendt i forbindelse med n\u00e6vnets im\u00f8dekommelse<br \/>\naf aktindsigt af 23. maj 2025.<br \/>\nVi har endvidere forst\u00e5et din e-mail som en anmodning indsigtsret i de oplysninger, som n\u00e6vnet har<br \/>\nregistreret om dig med supplerende sp\u00f8rgsm\u00e5l. Slutteligt har du igen stillet sp\u00f8rgsm\u00e5l til n\u00e6vnets<br \/>\nhjemmelsgrundlag.<br \/>\nAd hjemmelsgrundlag<br \/>\nVi kan oplyse, at myndigheder som led i sagsbehandlingen har pligt til at sikre, at en sag er tilstr\u00e6kkeligt<br \/>\noplyst, f\u00f8r der tr\u00e6ffes afg\u00f8relse. Dette f\u00f8lger af det s\u00e5kaldte officialprincip.<br \/>\nSom led i denne oplysningspligt kan myndigheden som en del af myndighedsud\u00f8velsen indsamle og<br \/>\nanvende offentligt tilg\u00e6ngelige oplysninger \u2013 herunder oplysninger, der fremg\u00e5r af hjemmesider \u2013<br \/>\ns\u00e5fremt oplysningerne vurderes at v\u00e6re relevante og n\u00f8dvendige for sagens afg\u00f8relse. Indsamlingen<br \/>\nog anvendelsen af s\u00e5danne oplysninger vil for Indsamlingsn\u00e6vnet v\u00e6re saglig og lovlig, som i dette<br \/>\ntilf\u00e6lde, hvor n\u00e6vnet som led i tilsynsforpligtigelsen, skal anvende oplysningerne til at vurdere, om<br \/>\nder bliver indsamlet uden en indsamlingstilladelse.<br \/>\n1 af 7<br \/>\n2<br \/>\nIndsamlingsn\u00e6vnet f\u00f8rer tilsyn med, at indsamlinger foretages i overensstemmelse med indsamlingsloven,<br \/>\njf. indsamlingslovens \u00a7 10, stk. 1, og n\u00e6vnet tr\u00e6ffer b.la. afg\u00f8relse i sager om tilladelse til at<br \/>\nforetage indsamling, jf. indsamlingslovens \u00a7 10, stk. 5, nr. 2. Det fremg\u00e5r af indsamlingslovens \u00a7 1,<br \/>\nat loven finder anvendelse p\u00e5 indsamlinger, hvorved forst\u00e5s enhver form for opfordring til at yde<br \/>\nbidrag til et forud angivet form\u00e5l. Det bem\u00e6rkes i forl\u00e6ngelse heraf, at du gentagende gange er blevet<br \/>\ngjort opm\u00e6rksom p\u00e5 hjemmelsgrundlaget, b.la. ved brev af 12. februar 2025 (side 5-6) og brev af 31.<br \/>\nmarts 2025 (side 6-7).<br \/>\nBehandlingen af personoplysninger i denne forbindelse sker i henhold til databeskyttelsesforordningen<br \/>\nartikel 6, stk. 1, litra e, som tillader behandling af oplysninger, n\u00e5r det er n\u00f8dvendigt for at udf\u00f8re<br \/>\nen opgave i samfundets interesse eller som led i offentlig myndighedsud\u00f8velse. Dette blev du ogs\u00e5<br \/>\noplyst om ved n\u00e6vnets underretning om behandling af personoplysninger (GDPR-underretning) af<br \/>\n27. december 2024.<br \/>\nSom et led i Indsamlingsn\u00e6vnets myndighedsud\u00f8velse, har det s\u00e5ledes ikke v\u00e6ret n\u00f8dvendigt at indhente<br \/>\ndit samtykke for at indsamle og anvende de p\u00e5g\u00e6ldende oplysninger.<br \/>\nS\u00e5fremt myndigheden inddrager oplysninger, som parten ikke antages at v\u00e6re bekendt med, og som<br \/>\nvurderes at v\u00e6re v\u00e6sentlige for afg\u00f8relsen, vil der ske partsh\u00f8ring i overensstemmelse med forvaltningslovens<br \/>\n\u00a7 19. Du blev partsh\u00f8rt i overensstemmelse hermed ved brev af b\u00e5de 12. februar 2025<br \/>\nog 31. marts 2025.<br \/>\nAd indsigtsret og \u00f8vrige GDPR-relaterede sp\u00f8rgsm\u00e5l<br \/>\nDu har anmodet om besvarelse af f\u00f8lgende:<br \/>\n\u201d<br \/>\n1. En fuld oversigt over alle personoplysninger, I har registreret om mig \u2013 herunder mit navn,<br \/>\nbilleder, webadresser, sk\u00e6rmbilleder, citater og dokumenter<br \/>\n2. Oplysning om form\u00e5let med behandlingen<br \/>\n3. En liste over modtagere og\/eller interne medarbejdere, der har haft adgang til oplysningerne<br \/>\n4. Hvor l\u00e6nge I agter at opbevare disse data, og p\u00e5 hvilket grundlag<br \/>\n5. Hvorvidt der er sket profilering, kategorisering eller automatiseret behandling<br \/>\n6. En bekr\u00e6ftelse p\u00e5, om oplysningerne stammer fra mig selv \u2013 eller fra statslig \u201cscreening\u201d<br \/>\nuden kontakt<br \/>\n7. En pr\u00e6cisering af mine rettigheder ift. berigtigelse, sletning og indsigelse<br \/>\n\u201d<br \/>\nVi har nedenfor gennemg\u00e5et og besvaret dine sp\u00f8rgsm\u00e5l. Vi henviser i \u00f8vrigt til vedlagte bilag vedr\u00f8rende<br \/>\nuddybende oplysninger om Civilstyrelsens behandling af dine personoplysninger.<br \/>\n2 af 7<br \/>\n3<br \/>\nAd 1:<br \/>\nDu har modtaget alle dokumenter p\u00e5 sagen, hvorfor du allerede er bekendt med \u201dbilleder, webadresser,<br \/>\nsk\u00e6rmbilleder, citater og dokumenter\u201d, som n\u00e6vnet har registreret i sagen med j.nr. 24-700-<br \/>\n08863. Det bem\u00e6rkes, at disse oplysninger endvidere ikke er omfattet af databeskyttelsesforordningen,<br \/>\nda der ikke er tale om personoplysninger.<br \/>\nVi har behandlet f\u00f8lgende personoplysninger om dig:<br \/>\n1) Navn<br \/>\n2) Adresse<br \/>\n3) Telefonnummer<br \/>\n4) E-mail<br \/>\n5) Cpr.nr.<br \/>\n6) Sagsnummer<br \/>\nVi skal ogs\u00e5 henvise til det vedlagte bilag om behandling af personoplysninger om dig.<br \/>\nAd 2:<br \/>\nForm\u00e5let med behandlingen fremg\u00e5r af n\u00e6vnets GDPR-underretning af 27. december 2024. Det<br \/>\nfremg\u00e5r heraf, at form\u00e5let med at behandle personoplysningerne er at kunne varetage Indsamlingsn\u00e6vnets<br \/>\nopgaver efter Indsamlingsloven.<br \/>\nAd 3:<br \/>\nN\u00e6vnet skal i relation til modtagere af personoplysningerne henvise til GDPR-underretningen af<br \/>\n27. december 2024, da du heri blev oplyst om dette. I relation til hvilke medarbejdere der har truffet<br \/>\nafg\u00f8relse i din sag og derigennem tilg\u00e5et sagens oplysninger, skal vi henvise til de breve du har<br \/>\nmodtaget fra Indsamlingsn\u00e6vnet, hvor de p\u00e5g\u00e6ldende sagsbehandlere fremg\u00e5r.<br \/>\nAd 4:<br \/>\nDette fremg\u00e5r ogs\u00e5 af GDPR-underretningen af 27. december 2024. Det fremg\u00e5r heraf, at vi opbevarer<br \/>\npersonoplysningerne i 20 \u00e5r efter afslutning af den journalperiode, hvor sagen er afsluttet.<br \/>\nAd 5:<br \/>\nDer er hverken sket \u201dprofilering, kategorisering eller automatiseret behandling\u201d. Dine oplysninger er<br \/>\nblevet anvendt i forbindelse med almindelige sagsbehandlingsskridt, der henh\u00f8rer under offentlig<br \/>\nmyndighedsud\u00f8velse, som Indsamlingsn\u00e6vnet har f\u00e5et p\u00e5lagt, hvor det bem\u00e6rkes, at behandling af<br \/>\ndine oplysninger er n\u00f8dvendige for b.la. at kunne behandle din ans\u00f8gning om tilladelse til indsamling<br \/>\nefter indsamlingsloven.<br \/>\n3 af 7<br \/>\n4<br \/>\nAd 6:<br \/>\nVi skal henvise til punktet \u201dhjemmelsgrundlag\u201d. Det bem\u00e6rkes dog, at du har ans\u00f8gt om n\u00e6vnets<br \/>\ntilladelse til indsamling, og derfor selv i forbindelse med udfyldelse af Indsamlingsn\u00e6vnets ans\u00f8gningsblanket<br \/>\nhar indsendt personoplysninger, og at du i \u00f8vrigt selv har henvist til den hjemmeside,<br \/>\nhvor oplysninger om indsamlingerne fremg\u00e5r.<br \/>\nAd 7:<br \/>\nDen registreredes ret til at f\u00e5 personoplysninger om sig selv slettet f\u00f8lger af databeskyttelsesforordningens<br \/>\nart. 17. Den registrerede har i visse situationer ret til at f\u00e5 personoplysninger slettet, dette<br \/>\nf\u00f8lger af databeskyttelsesforordningens art. 17, stk. 1, litra a-f.<br \/>\nDet f\u00f8lger imidlertid af databeskyttelsesforordningens art. 17, stk. 3, litra b, at art. 17, stk. 1, ikke<br \/>\nfinder anvendelse, i det omfang behandlingen er n\u00f8dvendig for at overholde en retlig forpligtelse, der<br \/>\nkr\u00e6ver behandling i henhold til EU-retten eller medlemsstaternes nationale ret, og som den dataansvarlige<br \/>\ner underlagt, eller for at udf\u00f8re en opgave i samfundets interesse eller som henh\u00f8rer under<br \/>\noffentlig myndighedsud\u00f8velse, som den dataansvarlige har f\u00e5et p\u00e5lagt.<br \/>\nDet f\u00f8lger af databeskyttelsesforordningens art. 21, stk. 1, at den registrerede til enhver tid har ret til<br \/>\naf grunde, der vedr\u00f8rer den p\u00e5g\u00e6ldendes s\u00e6rlige situation, at g\u00f8re indsigelse mod behandling af sine<br \/>\npersonoplysninger baseret p\u00e5 artikel 6, stk. 1, litra e) eller f), herunder profilering baseret p\u00e5 disse<br \/>\nbestemmelser. Den dataansvarlige m\u00e5 ikke l\u00e6ngere behandle personoplysningerne, medmindre den<br \/>\ndataansvarlige p\u00e5viser v\u00e6gtige legitime grunde til behandlingen, der g\u00e5r forud for den registreredes<br \/>\ninteresser, rettigheder og frihedsrettigheder, eller behandlingen er n\u00f8dvendig for, at retskrav kan fastl\u00e6gges,<br \/>\ng\u00f8res g\u00e6ldende eller forsvares.<br \/>\nVi vurderer, at behandlingen af dine personoplysninger er en lovlig behandling, jf. databeskyttelsesforordningens<br \/>\nart. 6, stk. 1, litra e, da behandlingen er n\u00f8dvendig af hensyn til udf\u00f8relse af en opgave,<br \/>\nsom henh\u00f8rer under offentlig myndighedsud\u00f8velse, som Indsamlingsn\u00e6vnet har f\u00e5et p\u00e5lagt.<br \/>\nDu har slutteligt ret til at f\u00e5 urigtige oplysninger om dig rettet. Ang\u00e5ende berigtigelse henviser vi til<br \/>\ndet vedlagte bilag.<br \/>\nAd aktindsigt<br \/>\nVi kan im\u00f8dekomme din anmodning, og i den forbindelse vedl\u00e6gges kopier af de anmodede dokumenter.<br \/>\nMed venlig hilsen<br \/>\nMathias Olsen<br \/>\n4 af 7<br \/>\n5<br \/>\nLovgrundlag<br \/>\nDe bestemmelser der henvises til oven for findes i:<br \/>\n&#8211; Europa-Parlamentets og R\u00e5dets forordning (EU) 2016\/679 af 27. april 2016 om beskyttelse af<br \/>\nfysiske personer i forbindelse med behandling af personoplysninger og om fri udveksling af<br \/>\ns\u00e5danne oplysninger og om oph\u00e6velse af direktiv 95\/46\/EF (databeskyttelsesforordningen).<br \/>\n&#8211; Indsamlingsloven, jf. lov 2014-05-26 nr. 511 om indsamling m.v.<br \/>\n&#8211; Forvaltningsloven, jf. lovbekendtg\u00f8relse 2014-04-22 nr. 433<\/p>\n<p>[\/spb_toggle] [spb_toggle element_name=&#8221;23 MAJ MIT SVAR P\u00c5 INDSAMLINGSN\u00c6VNET OM ANMODNING OM AKTINDSIGT I SCREENSHOTS, METADATA OG FORVALTNINGSFINGERAFTRYK&#8221; title=&#8221;23 MAJ MIT SVAR P\u00c5 INDSAMLINGSN\u00c6VNET OM ANMODNING OM AKTINDSIGT I SCREENSHOTS, METADATA OG FORVALTNINGSFINGERAFTRYK&#8221; open=&#8221;false&#8221; width=&#8221;1\/1&#8243; el_position=&#8221;first last&#8221;]<\/p>\n<p><span style=\"font-size: large;\"><strong>TIL: CIVILSTYRELSEN \/ INDSAMLINGSN\u00c6VNET<\/strong><br \/>\n<strong>ATT: MATHIAS OLSEN, SANNE HJORTH PEDERSEN (CC: SISSE JOY KRISTENSEN)<\/strong><\/span><\/p>\n<p><strong><span style=\"font-size: large;\">EMNE: ANMODNING OM AKTINDSIGT I SCREENSHOTS, METADATA OG FORVALTNINGSFINGERAFTRYK<\/span><\/strong><\/p>\n<h2><\/h2>\n<p><strong>TIL:<\/strong>\u00a0Civilstyrelsen \/ Indsamlingsn\u00e6vnet<br \/>\n<strong>ATT:<\/strong>\u00a0Mathias Olsen, Sanne Hjorth Pedersen<br \/>\n<strong>CC:<\/strong>\u00a0Sisse Joy Kristensen<br \/>\n<strong>EMNE:<\/strong>\u00a0SUPPLERENDE ANMODNING OM PERSONOPLYSNINGER, METADATA OG FORVALTNINGSM\u00c6SSIG FORKLARING \u2013 SAG 24-700-08863<\/p>\n<hr \/>\n<p><strong>K\u00e6re embedskollektiv,<\/strong><\/p>\n<p>Tillad mig at starte d\u00e9r, hvor I helst vil afslutte: med oplysning.<\/p>\n<p><strong>Sisse Joy Kristensen<\/strong>\u00a0screenede og dokumenterede mit digitale virke i 26 PDF\u2019er \u2013 uden samtykke, uden forudg\u00e5ende orientering, uden kontakt. Det er et faktum. Ligesom det faktum, at hendes navn blev brugt i jeres sagsvurdering:<\/p>\n<blockquote><p>\u201cVi er blevet gjort opm\u00e6rksomme p\u00e5 hjemmesiden&#8230;\u201d<br \/>\n\u2014 Sisse Joy Kristensen, 31. marts 2025, Civilstyrelsen<\/p><\/blockquote>\n<p>Hvis hendes navn kan danne grundlag for forvaltning, kan det ogs\u00e5 n\u00e6vnes i offentlig debat om embedsf\u00f8relse.<\/p>\n<h3>REGISTRERET \u2013 MEN IKKE BEKENDTGJORT<\/h3>\n<p>Jeg er nu blevet bekendt med, at yderligere sk\u00e6rmbilleder er blevet registreret dags dato \u2013\u00a0<strong>uden at jeg p\u00e5 noget tidspunkt er blevet gjort bekendt med det<\/strong>.<\/p>\n<p>At jeg som borger bliver registreret, overv\u00e5get og analyseret\u00a0<strong>uden orientering eller samtykke<\/strong>, udg\u00f8r ikke blot en kr\u00e6nkelse af forvaltningsm\u00e6ssig etik \u2013 det\u00a0<strong>kan v\u00e6re et brud p\u00e5 GDPR<\/strong>\u00a0og\u00a0<strong>Databeskyttelsesforordningen<\/strong>.<\/p>\n<hr \/>\n<h3>KONKRET DOKUMENT \u2013 ALDRIG SENDT<\/h3>\n<p>Eksempel:<\/p>\n<ul>\n<li><strong>Dok.nr. 4993303 \u2013 \u201cSk\u00e6rmprint &#8211; 01-05-2025\u201d<\/strong><br \/>\nTitel: \u201cBaggrund for pausering af indsamling\u201d<\/li>\n<\/ul>\n<p>Denne dokumentation er\u00a0<strong>registreret \u2013 men ikke udleveret<\/strong>. Den er\u00a0<strong>brugt \u2013 men ikke n\u00e6vnt<\/strong>.<\/p>\n<p>Det er ikke bare inkonsistent. Det\u00a0<strong>kan v\u00e6re ulovligt<\/strong>.<\/p>\n<hr \/>\n<h2>NU G\u00c6LDER DET NOGET HELT KONKRET<\/h2>\n<p>Med henvisning til\u00a0<strong>GDPR artikel 15<\/strong>\u00a0anmoder jeg hermed om f\u00f8lgende:<\/p>\n<ol>\n<li>En fuld oversigt over\u00a0<strong>alle personoplysninger<\/strong>, I har registreret om mig \u2013 herunder mit navn, billeder, webadresser, sk\u00e6rmbilleder, citater og dokumenter<\/li>\n<li>Oplysning om\u00a0<strong>form\u00e5let med behandlingen<\/strong><\/li>\n<li>En liste over\u00a0<strong>modtagere og\/eller interne medarbejdere<\/strong>, der har haft adgang til oplysningerne<\/li>\n<li>Hvor l\u00e6nge I\u00a0<strong>agter at opbevare disse data<\/strong>, og p\u00e5 hvilket grundlag<\/li>\n<li>Hvorvidt der er sket\u00a0<strong>profilering, kategorisering eller automatiseret behandling<\/strong><\/li>\n<li>En bekr\u00e6ftelse p\u00e5, om oplysningerne\u00a0<strong>stammer fra mig selv \u2013 eller fra statslig \u201cscreening\u201d uden kontakt<\/strong><\/li>\n<li>En pr\u00e6cisering af\u00a0<strong>mine rettigheder ift. berigtigelse, sletning og indsigelse<\/strong><\/li>\n<\/ol>\n<hr \/>\n<h3>JEG MINDER DESUDEN OM:<\/h3>\n<ul>\n<li><strong>GDPR artikel 5<\/strong>: Databehandling skal ske lovligt, rimeligt og gennemsigtigt<\/li>\n<li><strong>GDPR artikel 30<\/strong>: I er forpligtet til at f\u00f8re\u00a0<strong>fortegnelse over databehandling<\/strong>, og jeg anmoder om indsigt i det materiale, der omhandler mig<\/li>\n<li><strong>Offentlighedslovens \u00a7\u00a7 15 og 16<\/strong>: Journaliseringspligt g\u00e6lder alt med sagsrelevans \u2013 inkl. screenshots og billedbaserede dokumenter<\/li>\n<\/ul>\n<hr \/>\n<h3>OG HER ET SP\u00d8RGSM\u00c5L DER KRADSER:<\/h3>\n<p>N\u00e5r I nu har sendt 26+ PDF\u2019er, hvor mine citater, fejl og formidling arkiveres og vurderes \u2013\u00a0<strong>hvem besluttede egentlig, at dette ikke kr\u00e6ver samtykke, kontakt eller information?<\/strong><\/p>\n<p>Er det jeres forst\u00e5else, at\u00a0<strong>GDPR ikke g\u00e6lder<\/strong>, n\u00e5r man er uenig med borgerens stil?<\/p>\n<hr \/>\n<h3>\u201cSMARTPOST\u201d OG DEN INTELLIGENTE TAVSHED<\/h3>\n<p>Som I selv skrev i jeres afg\u00f8relse af 23. maj 2025:<\/p>\n<blockquote><p>\u201cHvis du \u00f8nsker at modtage bilag, som indeholder metadata, kan du rette henvendelse til styrelsen herom.\u201d<\/p><\/blockquote>\n<p>S\u00e5 det g\u00f8r jeg hermed.<\/p>\n<p>Jeg \u00f8nsker derfor:<\/p>\n<ul>\n<li><strong>Metadata<\/strong>\u00a0for samtlige sk\u00e6rmbilleder<\/li>\n<li><strong>Tidspunkt og ID<\/strong>\u00a0p\u00e5 hvem der tog dem<\/li>\n<li>Det anvendte software<\/li>\n<li>Eventuelle\u00a0<strong>automatiserede vurderinger<\/strong>\u00a0eller interne systemlogs<\/li>\n<li>Samtlige\u00a0<strong>forsendelseslogs<\/strong>\u00a0for dokumentudvekslingen i sagen<\/li>\n<\/ul>\n<hr \/>\n<h3>OFFENTLIGT OMD\u00d8MME OG SYSTEMFEJL<\/h3>\n<p>P\u00e5 Trustpilot er jeres gennemsnitlige score 2,2 \u2013 med 100 % \u00e9n-stjernede anmeldelser. Borgerne siger:<\/p>\n<blockquote><p>\u201cTavshed.\u201d<br \/>\n\u201cFreestyle i embedsf\u00f8relse.\u201d<br \/>\n\u201cIngen ansvarsf\u00f8lelse.\u201d<\/p><\/blockquote>\n<p>N\u00e5r d\u00e9t l\u00e6gges op ved siden af usynlige sk\u00e6rmbilleder og hemmeligholdelse, st\u00e5r det klart:<br \/>\n<strong>Dette handler ikke kun om dokumenter \u2013 det handler om tillid.<\/strong><\/p>\n<hr \/>\n<h3>JEG FORVENTER OG &#8220;KR\u00c6VER&#8221;<\/h3>\n<p>Et fyldestg\u00f8rende svar\u00a0<strong>senest 7 hverdage fra dags dato.<\/strong><br \/>\nVed manglende svar videref\u00f8res sagen til\u00a0<strong>Datatilsynet og Folketingets Ombudsmand<\/strong>\u00a0\u2013 og offentligheden informeres l\u00f8bende via:<\/p>\n<p>www.zlcopenhagen.com<\/p>\n<p>Og med\u00a0<strong>Kristi Himmelfartsdag lige om hj\u00f8rnet<\/strong>, h\u00e5ber jeg, at jeres ellers imponerende Grand Prix-hastighed ogs\u00e5 g\u00e6lder for helt almindelig databeskyttelse.<\/p>\n<hr \/>\n<p>&nbsp;<\/p>\n<p><strong>Med venlig \u2013 men retsligt og dokumentarisk sk\u00e6rpet \u2013 hilsen,<\/strong><br \/>\n<strong>Zahid Latif<\/strong><br \/>\nSlangerupgade 13, 2200 K\u00f8benhavn N<br \/>\n<a href=\"mailto:latif.zahid@gmail.com\" target=\"_blank\" rel=\"noopener\">latif.zahid@gmail.com<\/a><br \/>\nwww.zlcopenhagen.com<\/p>\n<p>[\/spb_toggle] [spb_toggle element_name=&#8221;23 MAJ SVAR P\u00c5 INDSAMLINGSN\u00c6VNET OM AGTINDSIGTUDLEVERES DELVIS&#8221; title=&#8221;23 MAJ SVAR P\u00c5 INDSAMLINGSN\u00c6VNET OM AGTINDSIGTUDLEVERES DELVIS&#8221; open=&#8221;false&#8221; width=&#8221;1\/1&#8243; el_position=&#8221;first last&#8221;]<\/p>\n<p>Dato 23. maj 2025<br \/>\nKontor: Indsamling og Fonde<br \/>\nSagsbeh.: Mathias Olsen<br \/>\nSagsnr.: 25-78-00431<\/p>\n<p>Aktindsigt<br \/>\nVed e-mail af 1. maj 2025 anmodede du om aktindsigt samt stillede f\u00f8lgende sp\u00f8rgsm\u00e5l:<br \/>\n\u201d Jeg anmoder hermed om aktindsigt i det fulde dokumentationsmateriale, interne kommunikation<br \/>\nog beslutningsproces, der ligger til grund for den registrering og sagsbehandling, som startede med SISSE JOY KRISTENSENs vurdering den 31. marts 2025, og som resulterede i en godkendelse og<br \/>\net bem\u00e6rkningsbrev dateret den 4. april 2025, underskrevet af SANNE HJORTH.<br \/>\nJeg beder specifikt om indsigt i:<\/p>\n<p>1. Den n\u00f8jagtige dato og form for den henvendelse, som if\u00f8lge SISSE JOY KRISTENSENs for-<br \/>\nmulering &#8220;vi er blevet gjort opm\u00e6rksomme p\u00e5&#8221; udl\u00f8ste screeningen af siden.<\/p>\n<p>2. Den fulde m\u00e6ngde interne mails, interne notater og vurderingsskemaer, der ligger til grund<br \/>\nfor registreringen.<\/p>\n<p>3. Tidsregistrering eller anden estimeret ressourceopg\u00f8relse over arbejdet med PDF-doku-<br \/>\nmentationen af hjemmesiden (i alt 26 sider).<\/p>\n<p>4. Hvilke embedsm\u00e6nd og medarbejdere har arbejdet med sagen, samt deres roller i den ad-<br \/>\nministrative behandling.<\/p>\n<p>5. Juridisk grundlag for at betragte en dynamisk hjemmeside som statisk i vurderingen.<br \/>\n6. Interne overvejelser omkring kontakt til mig (borgeren) kontra beslutningen om ikke at give<br \/>\ntelefonisk bistand.<br \/>\n[&#8230;]<br \/>\nDerfor beder jeg ogs\u00e5 om:<br \/>\n7. Intern procedure for vurdering af hjemmesider, herunder standard for opdateringskontrol<br \/>\nog vurdering af fejl eller stavefejl som indikator for lovovertr\u00e6delse.<br \/>\n8. Juridisk hjemmel for at skelne mellem s\u00e5kaldte &#8220;nye indsamlinger&#8221; alene pga. navne- og<\/p>\n<p>tekstvariationer, herunder brugen af kreative udtryk som &#8220;fortrydelse&#8221;, &#8220;genvalgt&#8221; og &#8220;gen-<br \/>\nfandt&#8221; i overskrifter og URL&#8217;er.\u201d<\/p>\n<p>1 af 3<\/p>\n<p>2<\/p>\n<p>Indsamlingsn\u00e6vnet forstod din henvendelse som en anmodning om besvarelse og\/eller aktindsigt af<br \/>\nde oplistede punkter. N\u00e6vnet besvarede din anmodning og sp\u00f8rgsm\u00e5l ved afg\u00f8relse af 6. maj 2025.<br \/>\nVed e-mail af 17.maj af anf\u00f8rte du b.la. f\u00f8lgende i relation til vores afg\u00f8relse af 6. maj 2025:<br \/>\n\u201dJeg forventer:<br \/>\n1. En reel besvarelse af mine oprindelige aktindsigtssp\u00f8rgsm\u00e5l<br \/>\n2. Forklaring p\u00e5 jeres prioritering af PDF-screening frem for borgerdialog<br \/>\n3. Indblik i hvem der traf beslutningen, og hvordan den blev dokumenteret\u201d<\/p>\n<p>Indsamlingsn\u00e6vnet forstod dette som en anmodning om genoptagelse af vores af 6. maj 2025, da<br \/>\novenst\u00e5ende sp\u00f8rgsm\u00e5l og anmodninger materielt var enslydende med din anmodning af 1. maj 2025.<br \/>\nIndsamlingsn\u00e6vnet afslog at genoptage vores afg\u00f8relse af 6. maj 2025 ved afg\u00f8relse af 19. maj 2025,<br \/>\nda n\u00e6vnet ikke vurderede, at der var fremkommet nye faktiske oplysninger, som var af v\u00e6sentlig<br \/>\nbetydning for sagen. I \u00f8vrigt oplyste vi, at n\u00e6vnet ans\u00e5 dine sp\u00f8rgsm\u00e5l for besvaret i afg\u00f8relsen af 6.<br \/>\nmaj 2025.<br \/>\nDu har ved e-mail af 19. maj anmodet om f\u00f8lgende:<br \/>\n\u201dDerfor fastholder jeg:<br \/>\n1. Alle involverede embedsnavne er relevante i offentlig belysning af sagen.<\/p>\n<p>2. Jeg afviser at blive presset til anonymisering, s\u00e5 l\u00e6nge I selv dokumenterer og navngi-<br \/>\nver mig.<\/p>\n<p>3. Jeg \u00f8nsker fortsat fuld aktindsigt, inkl. sagsgange, ressourceregistrering og beslut-<br \/>\nningstageres roller.\u201d<\/p>\n<p>Indsamlingsn\u00e6vnet forst\u00e5r din anmodning om \u201dfuld aktindsigt, inkl. sagsgange, ressourceregistre-<br \/>\nring og beslutningstageres roller\u201d som, at du nu anmoder om aktindsigt i sagen med j.nr. 24-700-<\/p>\n<p>08863 i st\u00f8rst muligt omfang.<br \/>\nVi kan im\u00f8dekomme din anmodning, og i den forbindelse vedl\u00e6gges kopier af sagens akter.<br \/>\nN\u00e6vnet vedl\u00e6gger endvidere en udskrift af sagens aktliste jf. forvaltningslovens \u00a7 9, stk. 2, nr. 2.<\/p>\n<p>Vi forst\u00e5r din anmodning om aktindsigt \u201di sagsgange\u201d som en fortsat anmodning om aktindsigt i in-<br \/>\nterne dokumenter. N\u00e6vnet afslog denne anmodning ved afg\u00f8relse af 6. maj 2025 samt afslog at<\/p>\n<p>genoptage denne anmodning ved afg\u00f8relse af 19. maj 2025, hvorfor vi skal henvise hertil. Ang\u00e5-<br \/>\nende ressourceregistrering og beslutningstageres rolle, besvarede vi ogs\u00e5 disse sp\u00f8rgsm\u00e5l i brev af<\/p>\n<p>6. maj 2025, hvorfor vi igen skal henvise hertil.<\/p>\n<p>2 af 3<\/p>\n<p>3<\/p>\n<p>Indsamlingsn\u00e6vnet har ikke medsendt kopi af akter, der begynder med titlen \u201dSmartPost\u201d. Det skyl-<br \/>\ndes, at akter med den titel blot er en forsendelseslog, der viser, at et brev p\u00e5 sagen er afsendt elektro-<br \/>\nnisk. De originale breve er sendt med i det fremsendte materiale. Hvis du \u00f8nsker at modtage en kopi<\/p>\n<p>af forsendelsesloggen, kan du rette henvendelse til styrelsen herom.<br \/>\nIndsamlingsn\u00e6vnet har i \u00f8vrigt ikke medsendt bilag, som indeholder metadata. Dette skyldes, at dette<\/p>\n<p>er data, som ikke er en del af det egentlige dokument. Hvis du \u00f8nsker at modtage bilag, som indehol-<br \/>\nder metadata, kan du rette henvendelse til styrelsen herom.<\/p>\n<p>Klagevejledning<br \/>\nDenne afg\u00f8relse kan ikke indbringes for anden administrativ myndighed, jf. indsamlingslovens \u00a7 9,<br \/>\nstk. 4.<br \/>\nLovgrundlag<br \/>\nDe bestemmelser, der henvises til ovenfor, finder du i forvaltningsloven, jf. lovbekendtg\u00f8relse nr.<br \/>\n433 af 22. april 2014 samt lov nr. 511 af 26. maj 2014 om indsamling m.v. (indsamlingsloven) med<br \/>\nsenere \u00e6ndringer.<\/p>\n<p>Med venlig hilsen<\/p>\n<p>Mathias Olsen<\/p>\n<p>[\/spb_toggle] [spb_toggle element_name=&#8221;19 MAJ MIT SVAR P\u00c5 DERES VURDERING AF NAVNEANGIVELSE OG EMBEDSM\u00c6SSIG INDSIGT&#8221; title=&#8221;19 MAJ MIT SVAR P\u00c5 DERES VURDERING AF NAVNEANGIVELSE OG EMBEDSM\u00c6SSIG INDSIGT&#8221; open=&#8221;false&#8221; width=&#8221;1\/1&#8243; el_position=&#8221;first last&#8221;]<\/p>\n<p data-pm-slice=\"1 1 []\">TIL: CIVILSTYRELSEN \/ INDSAMLINGSN\u00c6VNET<br \/>\nATT: MATHIAS OLSEN, SANNE HJORTH PEDERSEN (CC: SISSE JOY KRISTENSEN)<\/p>\n<p>EMNE: SVAR P\u00c5 DERES VURDERING AF NAVNEANGIVELSE OG EMBEDSM\u00c6SSIG INDSIGT<\/p>\n<p>K\u00e6re Mathias Olsen,<\/p>\n<p>Tak for jeres seneste svar, som dog mere synes at beskytte interne hensyn end at oplyse offentligheden eller im\u00f8dekomme den aktindsigt, jeg har anmodet om.<\/p>\n<p>Tillad mig at indlede med en klarhed:<\/p>\n<ul data-spread=\"false\">\n<li>Jeres kollega Sisse Joy Kristensen <strong>screenede, dokumenterede og gemte<\/strong> 26 sider af mit webindhold uden mit samtykke.<\/li>\n<li>I dette materiale fremg\u00e5r <strong>mit fulde navn, mine blogindl\u00e6g, mine personlige citater og kreative fejl<\/strong>.<\/li>\n<li>Jeres forvaltning har derved registreret <strong>en borger<\/strong>, med navn og webadresser, som led i en vurdering uden kontakt, dialog eller juridisk hjemmel.<\/li>\n<\/ul>\n<p>At I i dag fors\u00f8ger at fjerne embedsnavne fra sagens offentlige dimension er ikke blot et udtryk for dobbeltmoral, men ogs\u00e5 for en embedskultur, hvor <strong>ansvar ikke fordeles retf\u00e6rdigt, men skjules bag kollegial tavshed<\/strong>.<\/p>\n<p>Jeg minder venligt om:<\/p>\n<blockquote><p>\u201cVi er blevet gjort opm\u00e6rksomme p\u00e5 hjemmesiden&#8230;\u201d<br \/>\n\u2014 SISSE JOY KRISTENSEN, 31. marts 2025, Civilstyrelsen<\/p><\/blockquote>\n<p>Dette citat blev af jer brugt som afs\u00e6t for overv\u00e5gning, vurdering og PDF-arkivering. Hvis hendes navn kan danne grundlag for forvaltning, kan det ogs\u00e5 indg\u00e5 i en offentlig debat om embedsf\u00f8rsel.<\/p>\n<p>Jeg noterer mig desuden, at jeres svar ikke forholder sig til:<\/p>\n<ul data-spread=\"false\">\n<li>Hvor mange <strong>arbejdstimer og ressourcer<\/strong> der er brugt p\u00e5 26 PDF-sider<\/li>\n<li>Hvilke embedsfolk har godkendt registreringen<\/li>\n<li>Hvilken <strong>lovhjemmel<\/strong> der giver jer ret til at gemme dynamiske sider uden kontakt<\/li>\n<li>Hvorfor <strong>telefonisk dialog afvises<\/strong>, samtidig med at embedsv\u00e6rket scanner mit digitale univers<\/li>\n<\/ul>\n<p>At Sanne Hjorth Pedersen i samme forl\u00f8b har bedt mig fjerne SISSE JOY KRISTENSENs navn, mens Sisse Joy selv godkender sagsakter, hvor <strong>jeg navngives og kopieres<\/strong>, er ikke alene inkonsistent, men afsl\u00f8rer en forvaltningsetik med selektiv gennemsigtighed.<\/p>\n<p><strong>HVORFOR JERES AFSKRIVNING IKKE HOLDER \u2013 OG HVAD DER ER NYT<\/strong><\/p>\n<p>I skriver:<\/p>\n<blockquote><p>\u201cN\u00e6vnet har herved lagt v\u00e6gt p\u00e5, at din e-mail af 17. maj ikke indeholder nye faktiske oplysninger, som sk\u00f8nnes at v\u00e6re af v\u00e6sentlig betydning for sagen.\u201d<\/p><\/blockquote>\n<p>Dette er en administrativ afvisningsmekanisme \u2013 men ikke korrekt. Min mail af 17. maj indeholder:<\/p>\n<ul data-spread=\"false\">\n<li>Nye sp\u00f8rgsm\u00e5l om journalf\u00f8ring og sagssammenblanding (sag 25-78-00431 vs. 24-700-08863)<\/li>\n<li>Kritik af ressourceforbrug, Trustpilot-trov\u00e6rdighed og embedsroller<\/li>\n<li>P\u00e5peger offentlighedens ret til indsigt i screeningens metode og hjemmel<\/li>\n<li>Referencer til Civilstyrelsens egne offentlige problemer med tillid og svartider<\/li>\n<\/ul>\n<p>Disse elementer <strong>har ikke v\u00e6ret behandlet tidligere<\/strong> \u2013 og kan derfor ikke afvises som \u201cikke nye\u201d.<\/p>\n<p>Desuden skriver I:<\/p>\n<blockquote><p>\u201cDet bem\u00e6rkes endvidere, at Indsamlingsn\u00e6vnet har taget stilling til dine sp\u00f8rgsm\u00e5l og truffet afg\u00f8relse i relation til din anmodning om aktindsigt ved brev af 6. maj 2025, hvorfor vi skal henvise hertil.\u201d<\/p><\/blockquote>\n<p>Dette svar er hverken konkret eller reelt \u2013 og virker snarere som en gentagelse for at undg\u00e5 svarpligt. Jeg har <strong>ikke<\/strong> f\u00e5et svar p\u00e5:<\/p>\n<ul data-spread=\"false\">\n<li>Hvem der har produceret dokumentationen<\/li>\n<li>Hvor mange timer det tog<\/li>\n<li>Hvilket lovgrundlag det bygger p\u00e5<\/li>\n<li>Hvorfor jeg ikke m\u00e5tte kontaktes f\u00f8rst<\/li>\n<\/ul>\n<p>At henvise til et tidligere utilstr\u00e6kkeligt svar <strong>er ikke et svar.<\/strong> Det er en undvigelse.<\/p>\n<p><strong>KONTRASTEN TIL CIVILSTYRELSENS SELVBILLEDE<\/strong><\/p>\n<p>I skriver p\u00e5 jeres hjemmeside, at I \u201carbejder med hjertet p\u00e5 rette sted\u201d. Jeg n\u00e6vnte i min mail, at jeg \u2013 som borger \u2013 selv arbejder for \u00e5benhed og kritik, og bad om jeres hj\u00e6lp til <strong>en kop kaffe<\/strong> som st\u00f8tte til den indsats, I selv har brugt 26 sider p\u00e5 at registrere. Det n\u00e6vner I ikke. M\u00e5 jeg forst\u00e5 det som et afslag?<\/p>\n<p><strong>IMPONERENDE HASTIGHED \u2013 ELLER S\u00c6RLIG PRIORITERING?<\/strong><\/p>\n<p>Min mail blev sendt l\u00f8rdag 17. maj om aftenen \u2013 pr\u00e6cis mens Melodi Grand Prix flimrede fra sk\u00e6rmen og glitterst\u00f8vet lagde sig over Europa. Jeres svar kom mandag 19. maj f\u00f8r kl. 10:00. D\u00e9t er under 36 timer \u2013 p\u00e5 en weekend, midt mellem palietter og embedsmaskineri.<\/p>\n<p>N\u00e5r man samtidig ser jeres svarrate p\u00e5 Trustpilot:<\/p>\n<blockquote><p>\u201cTavshed\u201d \u2013 \u201c3 \u00e5rs ventetid\u201d \u2013 \u201cDe svarer ikke\u201d \u2013 \u201cUv\u00e6rdig embedsf\u00f8relse\u201d<\/p><\/blockquote>\n<p>&#8230; s\u00e5 melder sp\u00f8rgsm\u00e5let sig:<\/p>\n<p>Har I <strong>s\u00e6rligt fokus<\/strong> p\u00e5 mig \u2013 og i s\u00e5 fald, hvorfor?<\/p>\n<p>Derfor fastholder jeg:<\/p>\n<ol start=\"1\" data-spread=\"false\">\n<li>Alle involverede embedsnavne er relevante i offentlig belysning af sagen.<\/li>\n<li>Jeg afviser at blive presset til anonymisering, s\u00e5 l\u00e6nge I selv dokumenterer og navngiver mig.<\/li>\n<li>Jeg \u00f8nsker fortsat fuld aktindsigt, inkl. sagsgange, ressourceregistrering og beslutningstageres roller.<\/li>\n<\/ol>\n<p>Denne sag bliver l\u00f8bende offentliggjort p\u00e5:<br \/>\n<a href=\"https:\/\/zlcopenhagen.com\/da\/bureaukrati-indsamlingsnaevnet\">https:\/\/zlcopenhagen.com\/da\/bureaukrati-indsamlingsnaevnet<\/a><\/p>\n<p>Jeg im\u00f8deser jeres afklaring snarest, og senest 7 hverdage fra dags dato \u2013 dvs. senest fredag den 24. maj 2025.<\/p>\n<p>Der er naturligvis altid plads til forbedringer \u2013 ogs\u00e5 i forvaltningen \u2013 og med den indstilling har Danmark jo ogs\u00e5 bedre chancer for at vinde n\u00e6ste \u00e5rs Melodi Grand Prix.<\/p>\n<p>Med venlig hilsen<br \/>\nZahid Latif<br \/>\nSlangerupgade 13, 2200 K\u00f8benhavn N<br \/>\n<a>latif.zahid@gmail.com<\/a><br \/>\n<a>www.zlcopenhagen.com<\/a><\/p>\n<p>[\/spb_toggle] [spb_blank_spacer height=&#8221;30px&#8221; width=&#8221;1\/1&#8243; el_position=&#8221;first last&#8221;] [spb_blank_spacer height=&#8221;30px&#8221; width=&#8221;1\/1&#8243; el_position=&#8221;first last&#8221;] [spb_text_block animation=&#8221;none&#8221; animation_delay=&#8221;0&#8243; simplified_controls=&#8221;yes&#8221; custom_css_percentage=&#8221;no&#8221; padding_vertical=&#8221;0&#8243; padding_horizontal=&#8221;0&#8243; margin_vertical=&#8221;0&#8243; custom_css=&#8221;margin-top: 0px;margin-bottom: 0px;&#8221; border_size=&#8221;0&#8243; border_styling_global=&#8221;default&#8221; width=&#8221;1\/1&#8243; el_position=&#8221;first last&#8221;]<\/p>\n<p>TITEL: SCREENSHOTS OG DOKUMENTATION FRA CIVILSTYRELSEN \/ INDSAMLINGSN\u00c6VNET<br \/>\nSAG: 24-700-08863<\/p>\n<p>Form\u00e5l: Dette dokument anvendes som opf\u00f8lgende oversigt og officiel henvendelse med henblik p\u00e5 at dokumentere embedsv\u00e6rkets registreringer af Zahid Latifs hjemmeside(r), i perioden f\u00f8r og efter pauseringen af den godkendte indsamling (4. april 2025).<\/p>\n<p>Dokumentationen angiver PDF-side henvisninger ud fra den aktindsigt Civilstyrelsen har fremsendt. For hver registrering oplyses den \u00f8verste overskrift, tidspunkt, sagsnummer samt en vurdering af indholdets betydning. Tabellen angiver ogs\u00e5 den samlede m\u00e6ngde PDF-sider, som opg\u00f8res og opdateres l\u00f8bende. Hvis flere registreringer findes p\u00e5 samme PDF-side, angives de med en l\u00f8bende nummerering for tydelig identifikation.<\/p>\n<p>For alle registreringer fremg\u00e5r <strong>sagsnummeret<\/strong> eksplicit for hver enkelt PDF-side i tabellen.<\/p>\n<hr \/>\n<h2>OVERSIGT OVER SCREENSHOTS OG PDF-REGISTRERINGER (40 ud af XX sider dokumenteret)<\/h2>\n<table>\n<thead>\n<tr>\n<th>#<\/th>\n<th>PDF-side<\/th>\n<th>Titel\/overskrift<\/th>\n<th>Dato &amp; tid<\/th>\n<th>Dokumentnr.<\/th>\n<th>Sagsnummer<\/th>\n<th>Kommentar<\/th>\n<\/tr>\n<\/thead>\n<tbody>\n<tr>\n<td>1<\/td>\n<td>40<\/td>\n<td>&#8220;Vi har ham&#8221; \u2013 F\u00f8rste registrering<\/td>\n<td>25-03-2025, 13:23<\/td>\n<td>&#8230;<\/td>\n<td>24-700-08863<\/td>\n<td>Markant f\u00f8rste sk\u00e6rmbillede. Indikerer myndighedens vinkling og interne konklusion. Betegnelsen kan opfattes som vurderende og kritisabel.<\/td>\n<\/tr>\n<tr>\n<td>2<\/td>\n<td>40<\/td>\n<td>Blogforside \u2013 Artikler og offentlig opfordring<\/td>\n<td>25-03-2025, 13:24<\/td>\n<td>&#8230;<\/td>\n<td>24-700-08863<\/td>\n<td>Sk\u00e6rmbillede af offentlig blog med citater. Intet tyder p\u00e5 konkret opfordring til indsamling. B\u00f8r opfattes som politisk ytring.<\/td>\n<\/tr>\n<tr>\n<td>3<\/td>\n<td>41<\/td>\n<td>ZLC Blog om mode, samfund og politik<\/td>\n<td>25-03-2025, 11:33<\/td>\n<td>&#8230;<\/td>\n<td>24-700-08863<\/td>\n<td>Ytringsbaseret blogindhold. Borgeren f\u00f8ler sig registreret og intimideret.<\/td>\n<\/tr>\n<tr>\n<td>4<\/td>\n<td>218<\/td>\n<td>Zahid Latif \u2013 Podcast og Articles p\u00e5 buymeacoffee.com<\/td>\n<td>25-03-2025, 11:36<\/td>\n<td>&#8230;<\/td>\n<td>24-700-08863<\/td>\n<td>Reward-baseret st\u00f8tteplatform. Intet krav om godkendelse fra Indsamlingsn\u00e6vnet.<\/td>\n<\/tr>\n<tr>\n<td>5<\/td>\n<td>219<\/td>\n<td>ZLCOPENHAGEN \u2013 10er.com<\/td>\n<td>25-03-2025, 11:37<\/td>\n<td>&#8230;<\/td>\n<td>24-700-08863<\/td>\n<td>Mikrodonationer til journalistisk indhold. Ikke en struktureret offentlig indsamling.<\/td>\n<\/tr>\n<tr>\n<td>6<\/td>\n<td>220<\/td>\n<td>ZLCOPENHAGEN \u2013 \u201cEn for alle\u201d artikel<\/td>\n<td>25-03-2025, 11:37<\/td>\n<td>&#8230;<\/td>\n<td>24-700-08863<\/td>\n<td>Artikelformidling med fokus p\u00e5 civilsamfund og samling. Ingen opfordring til donation.<\/td>\n<\/tr>\n<tr>\n<td>7<\/td>\n<td>221<\/td>\n<td>Retssag mod Mette Frederiksen \u2013 visuel intro<\/td>\n<td>25-03-2025, 11:38<\/td>\n<td>&#8230;<\/td>\n<td>24-700-08863<\/td>\n<td>Intro til projekt. Viser intention om oplysning \u2013 ikke indsamling i sig selv.<\/td>\n<\/tr>\n<tr>\n<td>8<\/td>\n<td>222<\/td>\n<td>Retssag mod staten \u2013 MobilePay visning<\/td>\n<td>25-03-2025, 11:43<\/td>\n<td>&#8230;<\/td>\n<td>24-700-08863<\/td>\n<td>Mobilbetaling fremg\u00e5r. Relevans vurderes i forhold til privat st\u00f8tte eller offentlig indsamling.<\/td>\n<\/tr>\n<tr>\n<td>9<\/td>\n<td>223<\/td>\n<td>Det juridiske grundlag \u2013 Civilsagen mod staten<\/td>\n<td>25-03-2025, 11:43<\/td>\n<td>&#8230;<\/td>\n<td>24-700-08863<\/td>\n<td>Borger forklarer sine retslige begrundelser. Indhold er politisk.<\/td>\n<\/tr>\n<tr>\n<td>10<\/td>\n<td>224<\/td>\n<td>Derfor har jeg brug for jer \u2013 Civil appel<\/td>\n<td>25-03-2025, 11:44<\/td>\n<td>&#8230;<\/td>\n<td>24-700-08863<\/td>\n<td>Opr\u00e5b til f\u00e6llesskab og st\u00f8tte \u2013 men ikke m\u00e5lrettet donation.<\/td>\n<\/tr>\n<tr>\n<td>11<\/td>\n<td>225<\/td>\n<td>MobilePay vises \u2013 Retssagsindsamling<\/td>\n<td>25-03-2025, 11:44<\/td>\n<td>&#8230;<\/td>\n<td>24-700-08863<\/td>\n<td>Dokumenterer eksistensen af officiel indsamlingskonto (MobilePay Box).<\/td>\n<\/tr>\n<tr>\n<td>12<\/td>\n<td>226<\/td>\n<td>MobilePay Box bekr\u00e6ftelse<\/td>\n<td>25-03-2025, 11:45<\/td>\n<td>&#8230;<\/td>\n<td>24-700-08863<\/td>\n<td>Specifik MobilePay Box oprettet og anvendt \u2013 dokumenteret korrekt.<\/td>\n<\/tr>\n<tr>\n<td>13<\/td>\n<td>227<\/td>\n<td>Blogrefleksion: 7\/10 og retssikkerhed<\/td>\n<td>25-03-2025, 11:45<\/td>\n<td>&#8230;<\/td>\n<td>24-700-08863<\/td>\n<td>Personlig kommentar til samfund og svigt. Ikke donation.<\/td>\n<\/tr>\n<tr>\n<td>14<\/td>\n<td>228<\/td>\n<td>St\u00f8t ZLC team \u2013 f\u00e6llesskab og handling<\/td>\n<td>25-03-2025, 11:45<\/td>\n<td>&#8230;<\/td>\n<td>24-700-08863<\/td>\n<td>Opfordring til samling, ikke penge.<\/td>\n<\/tr>\n<tr>\n<td>15<\/td>\n<td>229<\/td>\n<td>Status: 1661 kr indsamlet \u2013 link til godkendelse<\/td>\n<td>25-03-2025, 11:46<\/td>\n<td>&#8230;<\/td>\n<td>24-700-08863<\/td>\n<td>Viser \u00e5benhed \u2013 link til Indsamlingsn\u00e6vnet til stede.<\/td>\n<\/tr>\n<tr>\n<td>16<\/td>\n<td>230<\/td>\n<td>Jeg har brug for jeres hj\u00e6lp \u2013 f\u00e6lles kamp mod staten<\/td>\n<td>25-03-2025, 11:47<\/td>\n<td>&#8230;<\/td>\n<td>24-700-08863<\/td>\n<td>Offentlig appel, men ikke donation. Skal fremh\u00e6ves i relation til ytringsfrihed.<\/td>\n<\/tr>\n<tr>\n<td>17<\/td>\n<td>231<\/td>\n<td>Minretssag.dk oprettet \u2013 \u00e5ben dokumentation<\/td>\n<td>25-03-2025, 11:50<\/td>\n<td>&#8230;<\/td>\n<td>24-700-08863<\/td>\n<td>Link til minretssag.dk som transparensv\u00e6rkt\u00f8j. Indikerer borgerens vilje til ansvarlighed.<\/td>\n<\/tr>\n<tr>\n<td>18<\/td>\n<td>232<\/td>\n<td>Foreningen Frafalden Fortrydelse \u2013 Zakat og frivillig st\u00f8tte<\/td>\n<td>31-03-2025, 11:11<\/td>\n<td>&#8230;<\/td>\n<td>24-700-08863<\/td>\n<td>Opfordrer til zakat og frivillig st\u00f8tte. Ikke struktureret indsamling. Fremst\u00e5r religi\u00f8st begrundet. Skal ikke kategoriseres som offentlig indsamling.<\/td>\n<\/tr>\n<tr>\n<td>19<\/td>\n<td>233<\/td>\n<td>Vil du vende tilbage \u2013 Screening, ingen pres<\/td>\n<td>31-03-2025, 11:12<\/td>\n<td>&#8230;<\/td>\n<td>24-700-08863<\/td>\n<td>Vigtig mods\u00e6tning til registreret vurdering. Intet krav om st\u00f8tte. Refererer til religionsfrihed.<\/td>\n<\/tr>\n<tr>\n<td>20<\/td>\n<td>234<\/td>\n<td>Bekr\u00e6ftelse af MobilePay brug \u2013 Visuel integration<\/td>\n<td>31-03-2025, 11:12<\/td>\n<td>&#8230;<\/td>\n<td>24-700-08863<\/td>\n<td>Viser teknisk brug af MobilePay. Intet bel\u00f8b angivet.<\/td>\n<\/tr>\n<tr>\n<td>21<\/td>\n<td>235<\/td>\n<td>Dokumentation: Afstand til offentlige indsamlinger<\/td>\n<td>31-03-2025, 11:13<\/td>\n<td>&#8230;<\/td>\n<td>24-700-08863<\/td>\n<td>Forklarer forskellen p\u00e5 offentlig og reward-baseret st\u00f8tte. B\u00f8r anerkendes som afklaring.<\/td>\n<\/tr>\n<tr>\n<td>22<\/td>\n<td>236<\/td>\n<td>Post fra Civilstyrelsen \u2013 kl. 15:41 modtaget<\/td>\n<td>31-03-2025, 15:41<\/td>\n<td>&#8230;<\/td>\n<td>24-700-08863<\/td>\n<td>Borger modtager post EFTER screenshots er taget. Indikerer overv\u00e5gning f\u00f8r kommunikation.<\/td>\n<\/tr>\n<tr>\n<td>23<\/td>\n<td>237<\/td>\n<td>Filoplysninger: PDF blev genereret kl. 16:11 (samme dag)<\/td>\n<td>31-03-2025, 16:11<\/td>\n<td>&#8230;<\/td>\n<td>24-700-08863<\/td>\n<td>Vigtigt teknisk bevis: brev blev genereret EFTER screenshots. Underbygger kritik af forudindtaget vurdering.<\/td>\n<\/tr>\n<tr>\n<td>24<\/td>\n<td>238<\/td>\n<td>Tidspunkt og modtagelse \u2013 Email og systemtid verificeret<\/td>\n<td>31-03-2025, 15:41<\/td>\n<td>&#8230;<\/td>\n<td>24-700-08863<\/td>\n<td>Sammenh\u00e6ng mellem screenshot og systempost bekr\u00e6ftet. Underbygger proceskritik.<\/td>\n<\/tr>\n<\/tbody>\n<\/table>\n<hr \/>\n<p>Kommentar: Denne oversigt opdateres fortl\u00f8bende med henblik p\u00e5 at dokumentere tidspunkt, placering og m\u00e6rkv\u00e6rdige forskydninger i Civilstyrelsens interne brug af screenshots. Fokus er p\u00e5 embedsm\u00e6ssig praksis ift. GDPR, samtykke og aktindsigt. Antallet af registrerede sider angives i overskriften og opdateres ved nye fund.<\/p>\n<p>&nbsp;<\/p>\n<p>[\/spb_text_block] [spb_raw_html width=&#8221;1\/1&#8243; el_position=&#8221;first last&#8221;]JTNDc2NyaXB0JTIwdHlwZSUzRCUyMnRleHQlMkZqYXZhc2NyaXB0JTIyJTIwc3JjJTNEJTIyaHR0cHMlM0ElMkYlMkZjZG5qcy5idXltZWFjb2ZmZWUuY29tJTJGMS4wLjAlMkZidXR0b24ucHJvZC5taW4uanMlMjIlMjBkYXRhLW5hbWUlM0QlMjJibWMtYnV0dG9uJTIyJTIwZGF0YS1zbHVnJTNEJTIyemxjb3BlbmhhZ2VuJTIyJTIwZGF0YS1jb2xvciUzRCUyMiUyM0ZGREQwMCUyMiUyMGRhdGEtZW1vamklM0QlMjIlRTIlOTglOTUlMjIlMjAlMjBkYXRhLWZvbnQlM0QlMjJDb29raWUlMjIlMjBkYXRhLXRleHQlM0QlMjJCdXklMjBtZSUyMGElMjBjb2ZmZWUlMjIlMjBkYXRhLW91dGxpbmUtY29sb3IlM0QlMjIlMjMwMDAwMDAlMjIlMjBkYXRhLWZvbnQtY29sb3IlM0QlMjIlMjMwMDAwMDAlMjIlMjBkYXRhLWNvZmZlZS1jb2xvciUzRCUyMiUyM2ZmZmZmZiUyMiUyMCUzRSUzQyUyRnNjcmlwdCUzRQ==[\/spb_raw_html]<\/p>\n","protected":false},"excerpt":{"rendered":"<p>[spb_text_block animation=&#8221;none&#8221; animation_delay=&#8221;0&#8243; simplified_controls=&#8221;yes&#8221; custom_css_percentage=&#8221;no&#8221; padding_vertical=&#8221;0&#8243; padding_horizontal=&#8221;0&#8243; margin_vertical=&#8221;0&#8243; custom_css=&#8221;margin-top: 0px;margin-bottom: 0px;&#8221; border_size=&#8221;0&#8243; border_styling_global=&#8221;default&#8221; width=&#8221;1\/1&#8243; el_position=&#8221;first last&#8221;] (udvikles l\u00f8bende, stadig i kladde form&#8230; har du selv en historie fra n\u00e6vnet, der tr\u00e6nger til at blive belyst, h\u00f8rer jeg\/vi gerne fra dig tak. Det vil blive pupliceret her) FORENINGEN FOR R\u00d8VRENDTE AF CIVILSTYRELSEN [\/spb_text_block] [spb_raw_html width=&#8221;1\/1&#8243; el_position=&#8221;first last&#8221;]JTNDYSUyMGhyZWYlM0QlMjJodHRwcyUzQSUyRiUyRmRrLnRydXN0cGlsb3QuY29tJTJGcmV2aWV3JTJGY2l2aWxzdHlyZWxzZW4uZGslMjIlMjB0YXJnZXQlM0QlMjJfYmxhbmslMjIlMjBzdHlsZSUzRCUyMmRpc3BsYXklM0ElMjBpbmxpbmUtYmxvY2slM0IlMjBiYWNrZ3JvdW5kLWNvbG9yJTNBJTIwJTIzMDBiNjdhJTNCJTIwY29sb3IlM0ElMjB3aGl0ZSUzQiUyMHBhZGRpbmclM0ElMjAxMnB4JTIwMjRweCUzQiUyMHRleHQtZGVjb3JhdGlvbiUzQSUyMG5vbmUlM0IlMjBib3JkZXItcmFkaXVzJTNBJTIwNnB4JTNCJTIwZm9udC13ZWlnaHQlM0ElMjBib2xkJTNCJTIwZm9udC1mYW1pbHklM0ElMjBzYW5zLXNlcmlmJTNCJTIyJTNFJTBBJUUyJUFEJTkwJTIwTCVDMyU4NlMlMjBGTEVSRSUyMEFOTUVMREVMU0VSJTIwQUYlMjBDSVZJTFNUWVJFTFNFTiUyMFAlQzMlODUlMjBUUlVTVFBJTE9UJTBBJTNDJTJGYSUzRSUwQQ==[\/spb_raw_html] [spb_blank_spacer height=&#8221;30px&#8221; width=&#8221;1\/1&#8243; el_position=&#8221;first [&hellip;]<\/p>\n","protected":false},"author":2,"featured_media":0,"comment_status":"closed","ping_status":"closed","sticky":false,"template":"","format":"standard","meta":{"footnotes":""},"categories":[1884,1883],"tags":[],"class_list":["post-48560","post","type-post","status-publish","format-standard","hentry","category-embedsvaerk-under-luppen","category-magtnetvaerk"],"yoast_head":"<!-- This site is optimized with the Yoast SEO Premium plugin v26.6 (Yoast SEO v27.5) - https:\/\/yoast.com\/product\/yoast-seo-premium-wordpress\/ -->\n<title>ZAKAT SIDE BY SIDE | Sisse Joy Kristensen &amp; GDPR i PDF-KLIK<\/title>\n<meta name=\"description\" content=\"Zakat n\u00e6vnes. Resultat? Overv\u00e5gning, GDPR-brud &amp; PDF-eksplosion. Sisse Joy Kristensen forvandler velg\u00f8renhed til embedsarbejde.\" \/>\n<meta name=\"robots\" content=\"index, follow, max-snippet:-1, max-image-preview:large, max-video-preview:-1\" \/>\n<link rel=\"canonical\" href=\"https:\/\/zlcopenhagen.com\/da\/zakat-side-by-side-sisse-joy-kristensen\/\" \/>\n<meta property=\"og:locale\" content=\"da_DK\" \/>\n<meta property=\"og:type\" content=\"article\" \/>\n<meta property=\"og:title\" content=\"ZLCOPENHAGEN: Danish-Punjabi Ethical Menswear\" \/>\n<meta property=\"og:description\" content=\"ZLCOPENHAGEN merges Danish minimalism with Punjabi pride. Ethical menswear with muscle, message, and meaning. Designed with zidd.\" \/>\n<meta property=\"og:url\" content=\"https:\/\/zlcopenhagen.com\/da\/zakat-side-by-side-sisse-joy-kristensen\/\" \/>\n<meta property=\"og:site_name\" content=\"zlcopenhagen.com\" \/>\n<meta property=\"article:published_time\" content=\"2025-06-04T05:30:32+00:00\" \/>\n<meta property=\"article:modified_time\" content=\"2026-01-22T07:10:25+00:00\" \/>\n<meta property=\"og:image\" content=\"https:\/\/zlcopenhagen.com\/wp-content\/uploads\/2014\/11\/zlc-.jpg\" \/>\n\t<meta property=\"og:image:width\" content=\"1908\" \/>\n\t<meta property=\"og:image:height\" content=\"1062\" \/>\n\t<meta property=\"og:image:type\" content=\"image\/jpeg\" \/>\n<meta name=\"author\" content=\"ZLC Team\" \/>\n<meta name=\"twitter:card\" content=\"summary_large_image\" \/>\n<meta name=\"twitter:label1\" content=\"Skrevet af\" \/>\n\t<meta name=\"twitter:data1\" content=\"ZLC Team\" \/>\n\t<meta name=\"twitter:label2\" content=\"Estimeret l\u00e6setid\" \/>\n\t<meta name=\"twitter:data2\" content=\"37 minutter\" \/>\n<!-- \/ Yoast SEO Premium plugin. -->","yoast_head_json":{"title":"ZAKAT SIDE BY SIDE | Sisse Joy Kristensen & GDPR i PDF-KLIK","description":"Zakat n\u00e6vnes. Resultat? Overv\u00e5gning, GDPR-brud & PDF-eksplosion. Sisse Joy Kristensen forvandler velg\u00f8renhed til embedsarbejde.","robots":{"index":"index","follow":"follow","max-snippet":"max-snippet:-1","max-image-preview":"max-image-preview:large","max-video-preview":"max-video-preview:-1"},"canonical":"https:\/\/zlcopenhagen.com\/da\/zakat-side-by-side-sisse-joy-kristensen\/","og_locale":"da_DK","og_type":"article","og_title":"ZLCOPENHAGEN: Danish-Punjabi Ethical Menswear","og_description":"ZLCOPENHAGEN merges Danish minimalism with Punjabi pride. Ethical menswear with muscle, message, and meaning. Designed with zidd.","og_url":"https:\/\/zlcopenhagen.com\/da\/zakat-side-by-side-sisse-joy-kristensen\/","og_site_name":"zlcopenhagen.com","article_published_time":"2025-06-04T05:30:32+00:00","article_modified_time":"2026-01-22T07:10:25+00:00","og_image":[{"width":1908,"height":1062,"url":"https:\/\/zlcopenhagen.com\/wp-content\/uploads\/2014\/11\/zlc-.jpg","type":"image\/jpeg"}],"author":"ZLC Team","twitter_card":"summary_large_image","twitter_misc":{"Skrevet af":"ZLC Team","Estimeret l\u00e6setid":"37 minutter"},"schema":{"@context":"https:\/\/schema.org","@graph":[{"@type":["Article","BlogPosting"],"@id":"https:\/\/zlcopenhagen.com\/da\/zakat-side-by-side-sisse-joy-kristensen\/#article","isPartOf":{"@id":"https:\/\/zlcopenhagen.com\/da\/zakat-side-by-side-sisse-joy-kristensen\/"},"author":{"name":"ZLC Team","@id":"https:\/\/zlcopenhagen.com\/#\/schema\/person\/c7ce5649957ac4c1258910e89f0f5fb3"},"headline":"ZAKAT CHARITY: SIDE BY SIDE WITH ARIANA","datePublished":"2025-06-04T05:30:32+00:00","dateModified":"2026-01-22T07:10:25+00:00","mainEntityOfPage":{"@id":"https:\/\/zlcopenhagen.com\/da\/zakat-side-by-side-sisse-joy-kristensen\/"},"wordCount":10173,"publisher":{"@id":"https:\/\/zlcopenhagen.com\/#organization"},"articleSection":["EMBEDSV\u00c6RK UNDER LUPPEN","MAGTNETV\u00c6RK"],"inLanguage":"da-DK","copyrightYear":"2025","copyrightHolder":{"@id":"https:\/\/zlcopenhagen.com\/#organization"}},{"@type":"WebPage","@id":"https:\/\/zlcopenhagen.com\/da\/zakat-side-by-side-sisse-joy-kristensen\/","url":"https:\/\/zlcopenhagen.com\/da\/zakat-side-by-side-sisse-joy-kristensen\/","name":"ZAKAT SIDE BY SIDE | Sisse Joy Kristensen & GDPR i PDF-KLIK","isPartOf":{"@id":"https:\/\/zlcopenhagen.com\/#website"},"datePublished":"2025-06-04T05:30:32+00:00","dateModified":"2026-01-22T07:10:25+00:00","description":"Zakat n\u00e6vnes. Resultat? Overv\u00e5gning, GDPR-brud & PDF-eksplosion. Sisse Joy Kristensen forvandler velg\u00f8renhed til embedsarbejde.","breadcrumb":{"@id":"https:\/\/zlcopenhagen.com\/da\/zakat-side-by-side-sisse-joy-kristensen\/#breadcrumb"},"inLanguage":"da-DK","potentialAction":[{"@type":"ReadAction","target":["https:\/\/zlcopenhagen.com\/da\/zakat-side-by-side-sisse-joy-kristensen\/"]}]},{"@type":"BreadcrumbList","@id":"https:\/\/zlcopenhagen.com\/da\/zakat-side-by-side-sisse-joy-kristensen\/#breadcrumb","itemListElement":[{"@type":"ListItem","position":1,"name":"Home","item":"https:\/\/zlcopenhagen.com\/da\/"},{"@type":"ListItem","position":2,"name":"ZAKAT CHARITY: SIDE BY SIDE WITH ARIANA"}]},{"@type":"WebSite","@id":"https:\/\/zlcopenhagen.com\/#website","url":"https:\/\/zlcopenhagen.com\/","name":"zlcopenhagen.com","description":"","publisher":{"@id":"https:\/\/zlcopenhagen.com\/#organization"},"potentialAction":[{"@type":"SearchAction","target":{"@type":"EntryPoint","urlTemplate":"https:\/\/zlcopenhagen.com\/?s={search_term_string}"},"query-input":{"@type":"PropertyValueSpecification","valueRequired":true,"valueName":"search_term_string"}}],"inLanguage":"da-DK"},{"@type":["Organization","Place"],"@id":"https:\/\/zlcopenhagen.com\/#organization","name":"ZLCOPENHAGEN","alternateName":"ZLCOPENHAGEN","url":"https:\/\/zlcopenhagen.com\/","logo":{"@id":"https:\/\/zlcopenhagen.com\/da\/zakat-side-by-side-sisse-joy-kristensen\/#local-main-organization-logo"},"image":{"@id":"https:\/\/zlcopenhagen.com\/da\/zakat-side-by-side-sisse-joy-kristensen\/#local-main-organization-logo"},"sameAs":["https:\/\/www.youtube.com\/channel\/UCy7JINwB6DMr2fA9yHpDQJg"],"telephone":[],"openingHoursSpecification":[{"@type":"OpeningHoursSpecification","dayOfWeek":["Monday","Tuesday","Wednesday","Thursday","Friday","Saturday","Sunday"],"opens":"09:00","closes":"17:00"}]},{"@type":"Person","@id":"https:\/\/zlcopenhagen.com\/#\/schema\/person\/c7ce5649957ac4c1258910e89f0f5fb3","name":"ZLC Team","image":{"@type":"ImageObject","inLanguage":"da-DK","@id":"https:\/\/secure.gravatar.com\/avatar\/bb92a8e9bdde1cf2114b74dce44557ee57d3909986eab1422fc34e9cce350044?s=96&d=mm&r=g","url":"https:\/\/secure.gravatar.com\/avatar\/bb92a8e9bdde1cf2114b74dce44557ee57d3909986eab1422fc34e9cce350044?s=96&d=mm&r=g","contentUrl":"https:\/\/secure.gravatar.com\/avatar\/bb92a8e9bdde1cf2114b74dce44557ee57d3909986eab1422fc34e9cce350044?s=96&d=mm&r=g","caption":"ZLC Team"}},{"@type":"ImageObject","inLanguage":"da-DK","@id":"https:\/\/zlcopenhagen.com\/da\/zakat-side-by-side-sisse-joy-kristensen\/#local-main-organization-logo","url":"https:\/\/zlcopenhagen.com\/wp-content\/uploads\/2016\/05\/blog-logo.jpg","contentUrl":"https:\/\/zlcopenhagen.com\/wp-content\/uploads\/2016\/05\/blog-logo.jpg","width":68,"height":68,"caption":"ZLCOPENHAGEN"}]}},"_links":{"self":[{"href":"https:\/\/zlcopenhagen.com\/da\/wp-json\/wp\/v2\/posts\/48560","targetHints":{"allow":["GET"]}}],"collection":[{"href":"https:\/\/zlcopenhagen.com\/da\/wp-json\/wp\/v2\/posts"}],"about":[{"href":"https:\/\/zlcopenhagen.com\/da\/wp-json\/wp\/v2\/types\/post"}],"author":[{"embeddable":true,"href":"https:\/\/zlcopenhagen.com\/da\/wp-json\/wp\/v2\/users\/2"}],"replies":[{"embeddable":true,"href":"https:\/\/zlcopenhagen.com\/da\/wp-json\/wp\/v2\/comments?post=48560"}],"version-history":[{"count":33,"href":"https:\/\/zlcopenhagen.com\/da\/wp-json\/wp\/v2\/posts\/48560\/revisions"}],"predecessor-version":[{"id":49099,"href":"https:\/\/zlcopenhagen.com\/da\/wp-json\/wp\/v2\/posts\/48560\/revisions\/49099"}],"wp:attachment":[{"href":"https:\/\/zlcopenhagen.com\/da\/wp-json\/wp\/v2\/media?parent=48560"}],"wp:term":[{"taxonomy":"category","embeddable":true,"href":"https:\/\/zlcopenhagen.com\/da\/wp-json\/wp\/v2\/categories?post=48560"},{"taxonomy":"post_tag","embeddable":true,"href":"https:\/\/zlcopenhagen.com\/da\/wp-json\/wp\/v2\/tags?post=48560"}],"curies":[{"name":"wp","href":"https:\/\/api.w.org\/{rel}","templated":true}]}}