{"id":46584,"date":"2025-07-14T13:18:30","date_gmt":"2025-07-14T12:18:30","guid":{"rendered":"https:\/\/zlcopenhagen.com\/?p=46584"},"modified":"2025-07-16T08:44:15","modified_gmt":"2025-07-16T07:44:15","slug":"klage-til-ombudsmanden","status":"publish","type":"post","link":"https:\/\/zlcopenhagen.com\/da\/klage-til-ombudsmanden\/","title":{"rendered":"OMBUDSMANDEN SERVERER PARAGRAFPORNO"},"content":{"rendered":"<p>[spb_text_block animation=&#8221;none&#8221; animation_delay=&#8221;0&#8243; simplified_controls=&#8221;yes&#8221; custom_css_percentage=&#8221;no&#8221; padding_vertical=&#8221;0&#8243; padding_horizontal=&#8221;0&#8243; margin_vertical=&#8221;0&#8243; custom_css=&#8221;margin-top: 0px;margin-bottom: 0px;&#8221; border_size=&#8221;0&#8243; border_styling_global=&#8221;default&#8221; width=&#8221;1\/1&#8243; el_position=&#8221;first last&#8221;]<\/p>\n<h2><\/h2>\n<h2>under opbygning<\/h2>\n<h2>HVEM ER OMBUDSMANDEN \u2013 N\u00c5R SYSTEMET LUKKER NED?<\/h2>\n<p>N\u00e5r en borger beder om svar, f\u00e5r han ikke hj\u00e6lp \u2013 han f\u00e5r juridisk jargon og trusler fra kontorchef Vibeke Lundmark. Velkommen til paragrafporno 2025. N\u00e5r man stiller for mange sp\u00f8rgsm\u00e5l, bliver man f\u00f8rst ignoreret \u2013 og derefter stemplet.<br \/>\nF\u00f8rst af politiet. S\u00e5 af embedsv\u00e6rket. Og til sidst af dem, der burde v\u00e6re borgerens sikkerhedsnet: <strong>Folketingets Ombudsmand<\/strong><\/p>\n<p>Den n\u00e6ste afg\u00f8rende vending i sagen kommer nemlig <strong>ikke fra Pernille Bj\u00f8rn J\u00f8rgensen \u2013 men fra hendes overordnede, kontorchef Vibeke Lundmark<\/strong>, som den 14. juli 2025 truer med at stoppe behandlingen af mine klager i op til 2 \u00e5r.<\/p>\n<blockquote><p>Alts\u00e5:<br \/>\n<em>N\u00e5r borgeren dokumenterer for meget, lukker systemet munden p\u00e5 ham.<\/em><\/p><\/blockquote>\n<p>Herunder f\u00e5r du hele forl\u00f8bet \u2013 kronologisk og dokumenteret.<\/p>\n<h2>INTRODUKTION<\/h2>\n<p>Velkommen til Danmark 2025. Hvor systemet \u2013 inklusive <strong><a href=\"https:\/\/www.ombudsmanden.dk\/\" target=\"_blank\" rel=\"noopener\">Folketingets Ombudsmand<\/a><\/strong> \u2013 enten taler til dig som var du juraprofessor, eller stemmer dig ude som &#8220;psykisk uligev\u00e6gtig&#8221;. Jeg hedder Zahid Latif, og det her er ikke bare min personlige historie. Det er en dokumentation af, hvordan systemet lukker sig om sig selv, n\u00e5r man stiller for mange sp\u00f8rgsm\u00e5l.<\/p>\n<p>Den 4. maj 2025 ringede jeg til politiet kl. ca. 08:00 \u2013 f\u00f8r min fredelige deltagelse i 80-\u00e5rs markeringen i Mindelunden. Svaret jeg fik? En betjent, der kaldte mig &#8220;psykisk uligev\u00e6gtig&#8221;. Og da jeg senere skrev til Ombudsmanden for at f\u00e5 svar p\u00e5 de mange brud p\u00e5 mine rettigheder, fik jeg serveret et formelt standardbrev, der hverken anerkendte, forstod eller m\u00f8dte mit indhold. Bare kolde paragraffer.<\/p>\n<p>Herunder gengiver jeg i fuld ordlyd mit svar til Ombudsmanden, sendt til sagsbehandler Pernille Bj\u00f8rn J\u00f8rgensen som reaktion p\u00e5 hendes skrivelse af 7. maj 2025:<\/p>\n<h2>BREV STARTER HER<\/h2>\n<p>Til: Folketingets Ombudsmand<br \/>\nAtt.: Pernille Bj\u00f8rn J\u00f8rgensen<br \/>\nDok.nr.: 25\/00882-13\/PBJ<\/p>\n<h4><strong>VEDR\u00d8RENDE JERES BREV AF 7. MAJ 2025 \u2013 OG SYSTEMETS TOVEJS-GREB P\u00c5 BORGEREN<\/strong><\/h4>\n<p>K\u00e6re Pernille Bj\u00f8rn J\u00f8rgensen,<\/p>\n<p>Tak for jeres svar dateret 7. maj 2025. Jeg har l\u00e6st det grundigt, flere gange, og m\u00e5 desv\u00e6rre konstatere, at det bekr\u00e6fter pr\u00e6cis det m\u00f8nster, jeg i forvejen pr\u00f8ver at rejse kritik af.<\/p>\n<p>N\u00e5r man som borger ringer til politiet \u2013 som jeg gjorde den 4. maj 2025 kl. ca. 08.00, f\u00f8r 80-\u00e5rs markeringen i Mindelunden \u2013 bliver man m\u00f8dt med mist\u00e6nksomhed og nedladende etiketter. En betjent, der tydeligvis f\u00f8lte sig h\u00e6vet over b\u00e5de sund fornuft og faglig etik, valgte at kalde mig &#8220;psykisk uligev\u00e6gtig&#8221; gentagne gange \u2013 uden at kende min baggrund, uden helbredsfaglig vurdering og uden nogen form for hjemmel.<\/p>\n<p>Samme dag blev jeg fotograferet af en anden betjent \u2013 midt i en fredelig markering \u2013 uden nogen forklaring. Jeg kontaktede politiet p\u00e5 forh\u00e5nd netop for at sikre, at alt foregik lovligt og transparent. Det blev ikke geng\u00e6ldt.<\/p>\n<p>Jeg n\u00e6vner dette her, fordi det illustrerer en skarp kontrast, som jeres svar ogs\u00e5 bekr\u00e6fter:<\/p>\n<blockquote><p><em>N\u00e5r jeg kontakter politiet, bliver jeg sygeliggjort.<\/em><br \/>\n<em>N\u00e5r jeg kontakter ombudsmanden, bliver jeg juridificeret.<\/em><\/p><\/blockquote>\n<p>I det f\u00f8rste tilf\u00e6lde bliver jeg kaldt syg. I det andet forventes jeg at tale som jurist.<\/p>\n<blockquote>\n<p data-pm-slice=\"1 1 []\"><em>Sp\u00f8rgsm\u00e5l: Hvor g\u00e5r man hen som borger, n\u00e5r staten enten psykiatriserer \u00e9n \u2013 eller koder \u00e9n ud med paragrafporno?<\/em><\/p>\n<\/blockquote>\n<p>Jeg henvender mig til jer, fordi jeg tror (eller troede), at ombudsmanden er borgerens sidste v\u00e6rn.<br \/>\nMen jeres brev l\u00e6gger v\u00e6gt p\u00e5 form frem for substans, dokumentationsdatoer frem for menneskeretlig realitet \u2013 og det bliver efterladt som en evaluering, ikke en unders\u00f8gelse.<\/p>\n<p>N\u00e5r jeg bliver bedt om at rykke ministerierne og vente &#8220;lidt l\u00e6ngere&#8221;, og samtidig bliver varslet om, at jeg m\u00e5ske ikke vil f\u00e5 svar fremover pga. for mange henvendelser \u2013 ja, s\u00e5 virker det som en indirekte straf for at v\u00e6re <em>for opm\u00e6rksom<\/em>.<\/p>\n<h4><strong>HVAD ER JURIDISK SET PROBLEMET?<\/strong><\/h4>\n<ol start=\"1\" data-spread=\"true\">\n<li>I ignorerer proportionalitetsprincippet:<br \/>\nJeg har aldrig \u00f8nsket andet end gennemsigtighed og svar \u2013 men bliver m\u00f8dt med en mur.<\/li>\n<li>I fors\u00f8mmer forvaltningsretlig vejledningspligt (\u00a7 7 i forvaltningsloven):<br \/>\nDet kr\u00e6ver mere end standardfraser og afslagsformuleringer at sikre reel adgang til klage.<\/li>\n<li>I udhuler borgerens tillid til systemet:<br \/>\nN\u00e5r kommunikationen bliver en pr\u00f8velse i dekodning af embedsmandsretorik, fremmer det ikke klarsyn \u2013 det skaber mistillid.<\/li>\n<\/ol>\n<h4><strong>TIL SIDST \u2013 HVAD SIGER DET OM SYSTEMET?<\/strong><\/h4>\n<p>At en borger, som kontakter jer p\u00e5 demokratisk vis, enten bliver mist\u00e6nkeliggjort af politiet eller afvist med teknikaliteter af ombudsmanden.<\/p>\n<p>Og ja \u2013 jeg siger fra.<br \/>\nJeg skriver ikke for at v\u00e6re venlig. Jeg skriver for at blive behandlet som et menneske.<\/p>\n<p>Med venlig hilsen<br \/>\n<strong>Zahid Latif<\/strong><\/p>\n<div>\n<hr \/>\n<\/div>\n<p><strong>Tak fordi du l\u00e6ste med.<\/strong><br \/>\nHvis du har oplevet lignende m\u00f8nstre i systemet \u2013 s\u00e5 del, skriv eller dokument\u00e9r.<br \/>\nVi er mange, der ikke vil tie stille l\u00e6ngere.<\/p>\n<p data-start=\"778\" data-end=\"1004\"><strong>NB: Brevet, jeg svarer p\u00e5 her, er underskrevet af sagsbehandler Pernille Bj\u00f8rn J\u00f8rgensen den 7. maj 2025 \u2013 og ikke Vibeke Lundmark, som senere skriver til mig 14. juli med en endnu mere alvorlig besked. Mere om det nedenfor.<\/strong><\/p>\n<p>&nbsp;<\/p>\n<p>[\/spb_text_block] [spb_text_block animation=&#8221;none&#8221; animation_delay=&#8221;0&#8243; simplified_controls=&#8221;yes&#8221; custom_css_percentage=&#8221;no&#8221; padding_vertical=&#8221;0&#8243; padding_horizontal=&#8221;0&#8243; margin_vertical=&#8221;0&#8243; custom_css=&#8221;margin-top: 0px;margin-bottom: 0px;&#8221; border_size=&#8221;0&#8243; border_styling_global=&#8221;default&#8221; width=&#8221;1\/1&#8243; el_position=&#8221;first last&#8221;]<\/p>\n<h3 data-start=\"693\" data-end=\"746\"><strong data-start=\"701\" data-end=\"744\">TIDSLINJE FOR MIN KLAGESAG MOD SYSTEMET<\/strong><\/h3>\n<ol data-start=\"748\" data-end=\"1825\">\n<li data-start=\"748\" data-end=\"884\">\n<p data-start=\"751\" data-end=\"884\"><strong data-start=\"751\" data-end=\"802\">4. maj 2025 \u2013 Politiets stempling i Mindelunden<\/strong><br data-start=\"802\" data-end=\"805\" \/>\u2192 Politiet kalder mig &#8220;psykisk uligev\u00e6gtig&#8221; f\u00f8r en fredelig mindeh\u00f8jtidelighed.<\/p>\n<\/li>\n<li data-start=\"886\" data-end=\"1044\">\n<p data-start=\"889\" data-end=\"1044\"><strong data-start=\"889\" data-end=\"966\">7. maj 2025 \u2013 Svar fra Folketingets Ombudsmand (Pernille Bj\u00f8rn J\u00f8rgensen)<\/strong><br data-start=\"966\" data-end=\"969\" \/>\u2192 Juridisk svar uden reelt indhold \u2013 paragrafporno i stedet for vejledning.<\/p>\n<\/li>\n<li data-start=\"1046\" data-end=\"1170\">\n<p data-start=\"1049\" data-end=\"1170\"><strong data-start=\"1049\" data-end=\"1101\">14. maj \u2013 Anmodning om indsigt og sagsfremskridt<\/strong><br data-start=\"1101\" data-end=\"1104\" \/>\u2192 Jeg fors\u00f8ger selv at skabe overblik og rydde op i sagsforl\u00f8bene.<\/p>\n<\/li>\n<li data-start=\"1172\" data-end=\"1291\">\n<p data-start=\"1175\" data-end=\"1291\"><strong data-start=\"1175\" data-end=\"1231\">1. maj \u2013 Anmodning om aktindsigt i Indsamlingsn\u00e6vnet<\/strong><br data-start=\"1231\" data-end=\"1234\" \/>\u2192 Jeg beder om adgang til interne dokumenter, som n\u00e6gtes.<\/p>\n<\/li>\n<li data-start=\"1293\" data-end=\"1418\">\n<p data-start=\"1296\" data-end=\"1418\"><strong data-start=\"1296\" data-end=\"1362\">6. maj \u2013 Afg\u00f8relse fra Indsamlingsn\u00e6vnet: afslag p\u00e5 aktindsigt<\/strong><br data-start=\"1362\" data-end=\"1365\" \/>\u2192 Henviser til interne dokumenter uden specifikation.<\/p>\n<\/li>\n<li data-start=\"1420\" data-end=\"1558\">\n<p data-start=\"1423\" data-end=\"1558\"><strong data-start=\"1423\" data-end=\"1468\">4. juni \u2013 Klage og genoptagelsesanmodning<\/strong><br data-start=\"1468\" data-end=\"1471\" \/>\u2192 Jeg skriver et detaljeret, dokumenteret brev til Civilstyrelsen og Indsamlingsn\u00e6vnet.<\/p>\n<\/li>\n<li data-start=\"1560\" data-end=\"1665\">\n<p data-start=\"1563\" data-end=\"1665\"><strong data-start=\"1563\" data-end=\"1617\">11. juni \u2013 Mathias Olsen svarer fra Civilstyrelsen<\/strong><br data-start=\"1617\" data-end=\"1620\" \/>\u2192 Bevarer afvisningen uden konkret vurdering.<\/p>\n<\/li>\n<li data-start=\"1667\" data-end=\"1825\">\n<p data-start=\"1670\" data-end=\"1825\"><strong data-start=\"1670\" data-end=\"1738\">14. juli 2025 \u2013 Brev fra Vibeke Lundmark: mulig afvisning i 2 \u00e5r<\/strong><br data-start=\"1738\" data-end=\"1741\" \/>\u2192 Folketingets Ombudsmand truer med at lukke for svar pga. \u201cfor mange henvendelser\u201d.<\/p>\n<\/li>\n<\/ol>\n<p>[\/spb_text_block] [spb_text_block animation=&#8221;none&#8221; animation_delay=&#8221;0&#8243; simplified_controls=&#8221;yes&#8221; custom_css_percentage=&#8221;no&#8221; padding_vertical=&#8221;0&#8243; padding_horizontal=&#8221;0&#8243; margin_vertical=&#8221;0&#8243; custom_css=&#8221;margin-top: 0px;margin-bottom: 0px;&#8221; border_size=&#8221;0&#8243; border_styling_global=&#8221;default&#8221; width=&#8221;1\/1&#8243; el_position=&#8221;first last&#8221;]<\/p>\n<h2 data-start=\"135\" data-end=\"192\">OVERSIGT OVER MINE SAGER HOS FOLKETINGETS OMBUDSMAND<\/h2>\n<p data-start=\"193\" data-end=\"272\"><strong data-start=\"193\" data-end=\"216\">Dato: 23. juni 2025<\/strong><br data-start=\"216\" data-end=\"219\" \/><em data-start=\"219\" data-end=\"272\">Modtaget efter min egen anmodning den 16. juni 2025<\/em><\/p>\n<hr data-start=\"274\" data-end=\"277\" \/>\n<p data-start=\"279\" data-end=\"371\"><strong data-start=\"279\" data-end=\"302\">1) Sagsnr. 25\/03297<\/strong><br data-start=\"302\" data-end=\"305\" \/>Indsamlingsn\u00e6vnet \u2013 afslag p\u00e5 aktindsigt<br data-start=\"345\" data-end=\"348\" \/>(Hovedsag \u2013 verserende)<\/p>\n<p data-start=\"373\" data-end=\"483\"><strong data-start=\"373\" data-end=\"396\">2) Sagsnr. 25\/02427<\/strong><br data-start=\"396\" data-end=\"399\" \/>Uklar henvendelse vedr\u00f8rende B\u00f8rne- og Undervisningsministeriet, herunder aktindsigt<\/p>\n<p data-start=\"485\" data-end=\"621\"><strong data-start=\"485\" data-end=\"508\">3) Sagsnr. 25\/02332<\/strong><br data-start=\"508\" data-end=\"511\" \/>Klage over forhold relateret til administrativ frihedsber\u00f8velse, indbragt for retten<br data-start=\"595\" data-end=\"598\" \/>(F\u00f8lgesag til 25\/00882)<\/p>\n<p data-start=\"623\" data-end=\"729\"><strong data-start=\"623\" data-end=\"646\">4) Sagsnr. 25\/02055<\/strong><br data-start=\"646\" data-end=\"649\" \/>Fornyet klage over Indsamlingsn\u00e6vnets sagsbehandling vedr. indsamlingstilladelse<\/p>\n<p data-start=\"731\" data-end=\"870\"><strong data-start=\"731\" data-end=\"754\">5) Sagsnr. 25\/01962<\/strong><br data-start=\"754\" data-end=\"757\" \/>Indsamlingsn\u00e6vnets sagsbehandling i sag om crowdfunding til retssag mod statsministeren<br data-start=\"844\" data-end=\"847\" \/>(F\u00f8lgesag til 25\/01897)<\/p>\n<p data-start=\"872\" data-end=\"1000\"><strong data-start=\"872\" data-end=\"895\">6) Sagsnr. 25\/01897<\/strong><br data-start=\"895\" data-end=\"898\" \/>Indsamlingsn\u00e6vnets sagsbehandlingstid i sag om retssagscrowdfunding<br data-start=\"965\" data-end=\"968\" \/>(Ans\u00f8gning indgivet ultimo 2024)<\/p>\n<p data-start=\"1002\" data-end=\"1160\"><strong data-start=\"1002\" data-end=\"1025\">7) Sagsnr. 25\/01354<\/strong><br data-start=\"1025\" data-end=\"1028\" \/>Uklar henvendelse om aktindsigt og svar fra Udl\u00e6ndinge- og Integrationsministeriet<br data-start=\"1110\" data-end=\"1113\" \/>(Vedr. medlem af Det Nationale Integrationsr\u00e5d)<\/p>\n<p data-start=\"1162\" data-end=\"1300\"><strong data-start=\"1162\" data-end=\"1185\">8) Sagsnr. 25\/01144<\/strong><br data-start=\"1185\" data-end=\"1188\" \/>Klage over Justitsministeriets og justitsministerens manglende svar ang\u00e5ende Danmarks politik i forhold til Gaza<\/p>\n<p data-start=\"1302\" data-end=\"1441\"><strong data-start=\"1302\" data-end=\"1325\">9) Sagsnr. 25\/01083<\/strong><br data-start=\"1325\" data-end=\"1328\" \/>Klage over manglende svar fra Udl\u00e6ndinge- og Integrationsministeriet<br data-start=\"1396\" data-end=\"1399\" \/>(Ogs\u00e5 vedr. Det Nationale Integrationsr\u00e5d)<\/p>\n<p data-start=\"1443\" data-end=\"1565\"><strong data-start=\"1443\" data-end=\"1467\">10) Sagsnr. 25\/00882<\/strong><br data-start=\"1467\" data-end=\"1470\" \/>Klage over Statsministeriets manglende svar p\u00e5 sp\u00f8rgsm\u00e5l om Danmarks politik i forhold til Gaza<\/p>\n<p data-start=\"1567\" data-end=\"1634\"><strong data-start=\"1567\" data-end=\"1591\">11) Sagsnr. 25\/00320<\/strong><br data-start=\"1591\" data-end=\"1594\" \/>Henvendelse til orientering (ikke klage)<\/p>\n<p data-start=\"1636\" data-end=\"1700\"><strong data-start=\"1636\" data-end=\"1660\">12) Sagsnr. 24\/05530<\/strong><br data-start=\"1660\" data-end=\"1663\" \/>Tidligere henvendelse til orientering<\/p>\n<p data-start=\"1702\" data-end=\"1823\"><strong data-start=\"1702\" data-end=\"1726\">13) Sagsnr. 24\/04413<\/strong><br data-start=\"1726\" data-end=\"1729\" \/>Klage oprindeligt stilet til Statsministeriet \u2013 fejlagtigt sendt til Ombudsmanden, videresendt<\/p>\n<hr data-start=\"1825\" data-end=\"1828\" \/>\n<p data-start=\"1830\" data-end=\"1993\"><strong data-start=\"1830\" data-end=\"1862\">Bem\u00e6rkning fra Ombudsmanden:<\/strong><br data-start=\"1862\" data-end=\"1865\" \/>Sagerne 25\/02332 og 25\/01962 er f\u00f8lgesager, oprettet af journaltekniske og statistiske grunde. De har ikke selvst\u00e6ndigt indhold.<\/p>\n<p>[\/spb_text_block] [spb_text_block animation=&#8221;none&#8221; animation_delay=&#8221;0&#8243; simplified_controls=&#8221;yes&#8221; custom_css_percentage=&#8221;no&#8221; padding_vertical=&#8221;0&#8243; padding_horizontal=&#8221;0&#8243; margin_vertical=&#8221;0&#8243; custom_css=&#8221;margin-top: 0px;margin-bottom: 0px;&#8221; border_size=&#8221;0&#8243; border_styling_global=&#8221;default&#8221; width=&#8221;1\/1&#8243; el_position=&#8221;first last&#8221;]<\/p>\n<p data-start=\"178\" data-end=\"346\"><strong data-start=\"178\" data-end=\"227\">Til: Vibeke Lundmark, Folketingets Ombudsmand<\/strong><br data-start=\"227\" data-end=\"230\" \/><strong data-start=\"230\" data-end=\"290\">Vedr.: Supplerende bem\u00e6rkninger til j.nr. 25\/03297-6\/MJK<\/strong><br data-start=\"290\" data-end=\"293\" \/><strong data-start=\"293\" data-end=\"313\">Fra: Zahid Latif<\/strong><br data-start=\"313\" data-end=\"316\" \/><strong data-start=\"316\" data-end=\"346\">Dato: [inds\u00e6t dagens dato]<\/strong><\/p>\n<hr data-start=\"348\" data-end=\"351\" \/>\n<p data-start=\"353\" data-end=\"427\"><strong data-start=\"353\" data-end=\"427\">SUPPLERENDE BEM\u00c6RKNINGER VEDR\u00d8RENDE OMBUDSMANDENS BREVE OG VURDERINGER<\/strong><\/p>\n<p data-start=\"429\" data-end=\"603\">Jeg fremsender hermed et till\u00e6g til min tidligere mail og bem\u00e6rkninger i sagen. P\u00e5 baggrund af jeres egne dokumenter finder jeg det n\u00f8dvendigt at g\u00f8re f\u00f8lgende pr\u00e6ciseringer:<\/p>\n<hr data-start=\"605\" data-end=\"608\" \/>\n<h3 data-start=\"610\" data-end=\"680\">1. JEG HAR HANDLET FOR AT SKABE OVERBLIK \u2013 IKKE FOR AT OVERBELASTE<\/h3>\n<p data-start=\"682\" data-end=\"1012\">Den 16. juni 2025 bad jeg jer telefonisk om <strong data-start=\"726\" data-end=\"775\">en samlet oversigt over mine verserende sager<\/strong>, hvilket I venligt im\u00f8dekom i brevet af 23. juni 2025 (j.nr. 25\/03394-2\/MAH).<br data-start=\"853\" data-end=\"856\" \/>Dette var netop en reaktion p\u00e5 jeres bem\u00e6rkninger i brevet af 7. maj 2025, hvor I opfordrede mig til at pr\u00e6cisere fremtidige henvendelser og begr\u00e6nse bilag.<\/p>\n<p data-start=\"1014\" data-end=\"1098\">Jeg fulgte opfordringen. Jeg handlede ikke i strid med jeres vejledning \u2013 tv\u00e6rtimod.<\/p>\n<p data-start=\"1100\" data-end=\"1194\">At dette nu bruges som argument for mulig tavshed i to \u00e5r, er b\u00e5de selvmodsigende og usagligt.<\/p>\n<hr data-start=\"1196\" data-end=\"1199\" \/>\n<h3 data-start=\"1201\" data-end=\"1278\">2. JEG HAR IKKE SENDT GENTAGELSER \u2013 MIN KLAGE ER KONKRET OG ENKELTST\u00c5ENDE<\/h3>\n<p data-start=\"1280\" data-end=\"1574\">Min klage af 4. juni 2025 vedr\u00f8rer <strong data-start=\"1315\" data-end=\"1358\">Indsamlingsn\u00e6vnets afslag p\u00e5 aktindsigt<\/strong> og deres efterf\u00f8lgende behandling. Klagen er <strong data-start=\"1404\" data-end=\"1438\">ikke et udtryk for gentagelser<\/strong> eller ukontrolleret frekvens, men for <strong data-start=\"1477\" data-end=\"1573\">en velbegrundet kritik af dokumentafvisning, manglende vurdering og alvorlige GDPR-sp\u00f8rgsm\u00e5l<\/strong>.<\/p>\n<p data-start=\"1576\" data-end=\"1839\">Den 11. juni 2025 fik jeg svar fra n\u00e6vnet, hvori de p\u00e5st\u00e5r, at kun \u00e9t internt referatark er undtaget. Min klage dokumenterer, at der er langt flere forhold \u2013 herunder systematisk skjult overv\u00e5gning og intern arkivering uden underretning \u2013 som slet ikke behandles.<\/p>\n<p data-start=\"1841\" data-end=\"1949\">Jeres vurdering i brevet af 14. juli 2025 bygger dermed p\u00e5 <strong data-start=\"1900\" data-end=\"1935\">en faktuelt ukorrekt gengivelse<\/strong> af min klage.<\/p>\n<hr data-start=\"1951\" data-end=\"1954\" \/>\n<h3 data-start=\"1956\" data-end=\"2032\">3. JEG ER BLEVET VEJLEDNINGSM\u00c6SSIGT BEKR\u00c6FTET I AT M\u00d8DE OP \u2013 IKKE AFVIST<\/h3>\n<p data-start=\"2034\" data-end=\"2292\">Da jeg ringede den 10. juli, fik jeg en venlig og im\u00f8dekommende samtale med jeres medarbejder, der konkret vejledte mig om, hvilken bygning jeg skulle g\u00e5 ind i.<br data-start=\"2194\" data-end=\"2197\" \/>Dette viser, at <strong data-start=\"2213\" data-end=\"2260\">mit fremm\u00f8de var b\u00e5de varslet og accepteret<\/strong> \u2013 og at jeg handlede i god tro.<\/p>\n<p data-start=\"2294\" data-end=\"2333\">Jeg blev ikke afvist. Jeg blev hjulpet.<\/p>\n<p data-start=\"2335\" data-end=\"2531\">Det g\u00f8r det meningsl\u00f8st, at I i jeres brev pludselig betragter det som &#8220;grundl\u00f8st&#8221; eller irrelevant, at jeg anmoder om m\u00f8de og opkald. Is\u00e6r fordi sagen, p\u00e5 det tidspunkt, stadig var i partsh\u00f8ring.<\/p>\n<hr data-start=\"2533\" data-end=\"2536\" \/>\n<h3 data-start=\"2538\" data-end=\"2605\">4. INDSAMLINGSN\u00c6VNET HAR HANDLET I STRID MED FORVALTNINGSREGLER<\/h3>\n<p data-start=\"2607\" data-end=\"2648\">Jeg fastholder, at Indsamlingsn\u00e6vnet har:<\/p>\n<ul data-start=\"2650\" data-end=\"2927\">\n<li data-start=\"2650\" data-end=\"2693\">\n<p data-start=\"2652\" data-end=\"2693\">Undladt konkret vurdering af dokumenter<\/p>\n<\/li>\n<li data-start=\"2694\" data-end=\"2753\">\n<p data-start=\"2696\" data-end=\"2753\">Undladt at oplyse fuldt om sagsbehandling og aktindsigt<\/p>\n<\/li>\n<li data-start=\"2754\" data-end=\"2824\">\n<p data-start=\"2756\" data-end=\"2824\">Ignoreret min anmodning om metadata, behandlingslog og screenshots<\/p>\n<\/li>\n<li data-start=\"2825\" data-end=\"2927\">\n<p data-start=\"2827\" data-end=\"2927\">Fortsat arkivering af mit materiale uden hjemmel \u2013 ogs\u00e5 efter jeg pauserede min godkendte indsamling<\/p>\n<\/li>\n<\/ul>\n<p data-start=\"2929\" data-end=\"3019\">Dette er ikke afsluttet. Det er ikke uv\u00e6sentligt. Det er <strong data-start=\"2986\" data-end=\"3018\">et klart retsligt anliggende<\/strong>.<\/p>\n<hr data-start=\"3021\" data-end=\"3024\" \/>\n<h3 data-start=\"3026\" data-end=\"3040\">AFSLUTNING<\/h3>\n<p data-start=\"3042\" data-end=\"3064\">Jeg opfordrer jer til:<\/p>\n<ol data-start=\"3066\" data-end=\"3302\">\n<li data-start=\"3066\" data-end=\"3150\">\n<p data-start=\"3069\" data-end=\"3150\">At <strong data-start=\"3072\" data-end=\"3115\">tage min dokumentation til efterretning<\/strong> og undlade beslutning om tavshed<\/p>\n<\/li>\n<li data-start=\"3151\" data-end=\"3216\">\n<p data-start=\"3154\" data-end=\"3216\">At <strong data-start=\"3157\" data-end=\"3187\">genoverveje sagen 25\/03297<\/strong> ud fra det samlede indhold<\/p>\n<\/li>\n<li data-start=\"3217\" data-end=\"3302\">\n<p data-start=\"3220\" data-end=\"3302\">At <strong data-start=\"3223\" data-end=\"3302\">bekr\u00e6fte, at fremm\u00f8de og skriftlig kontakt fortsat er \u00e5ben for mig som part<\/strong><\/p>\n<\/li>\n<\/ol>\n<p data-start=\"3304\" data-end=\"3500\">Jeg st\u00e5r naturligvis til r\u00e5dighed for enhver opf\u00f8lgende dialog \u2013 gerne mundtligt \u2013 og forventer, at mit svar behandles med den saglighed og \u00e5benhed, som Folketingets Ombudsmand m\u00e5 v\u00e6re garant for.<\/p>\n<p data-start=\"3502\" data-end=\"3609\">Med venlig hilsen<br data-start=\"3519\" data-end=\"3522\" \/><strong data-start=\"3522\" data-end=\"3537\">Zahid Latif<\/strong><br data-start=\"3537\" data-end=\"3540\" \/>Slangerupgade 13, st. th<br data-start=\"3564\" data-end=\"3567\" \/>2200 K\u00f8benhavn N<br data-start=\"3583\" data-end=\"3586\" \/><a class=\"cursor-pointer\" rel=\"noopener\" data-start=\"3586\" data-end=\"3607\">latif.zahid@gmail.com<\/a><\/p>\n<p>[\/spb_text_block] [spb_text_block animation=&#8221;none&#8221; animation_delay=&#8221;0&#8243; simplified_controls=&#8221;yes&#8221; custom_css_percentage=&#8221;no&#8221; padding_vertical=&#8221;0&#8243; padding_horizontal=&#8221;0&#8243; margin_vertical=&#8221;0&#8243; custom_css=&#8221;margin-top: 0px;margin-bottom: 0px;&#8221; border_size=&#8221;0&#8243; border_styling_global=&#8221;default&#8221; width=&#8221;1\/1&#8243; el_position=&#8221;first last&#8221;]<\/p>\n<p data-start=\"1076\" data-end=\"1241\">Efterf\u00f8lgende modtog jeg endnu et brev \u2013 denne gang fra Vibeke Lundmark \u2013 hvor jeg nu <strong data-start=\"1162\" data-end=\"1199\">trues med ikke at f\u00e5 svar i to \u00e5r<\/strong>, fordi jeg har skrevet for mange gange.<\/p>\n<p data-start=\"1248\" data-end=\"1348\">Men den kritik jeg fremlagde i svaret til Pernille, g\u00e6lder stadig. Nu er den bare endnu mere aktuel.<\/p>\n<h2 data-start=\"222\" data-end=\"256\">EFTERSKRIFT \u2013 HVOR ST\u00c5R JEG NU?<\/h2>\n<p data-start=\"258\" data-end=\"498\">Siden jeg skrev ovenst\u00e5ende, har jeg modtaget endnu et brev fra Ombudsmanden \u2013 denne gang fra Vibeke Lundmark, dateret 14. juli 2025. Her overvejer man nu at <strong data-start=\"416\" data-end=\"448\">n\u00e6gte mig svar i op til 2 \u00e5r<\/strong>, med henvisning til at jeg har skrevet for meget.<\/p>\n<p data-start=\"500\" data-end=\"704\">Men lad os v\u00e6re helt \u00e6rlige:<br data-start=\"528\" data-end=\"531\" \/>Det, jeg har skrevet, er ikke spam. Det er dokumentation.<br data-start=\"588\" data-end=\"591\" \/>Det er ikke forvirring. Det er fors\u00f8g p\u00e5 at forst\u00e5.<br data-start=\"642\" data-end=\"645\" \/>Det er ikke chikane. Det er s\u00e5rbar retssikkerhed i praksis.<\/p>\n<p data-start=\"706\" data-end=\"1007\">Jeg har endda selv bedt om en oversigt over mine henvendelser, netop for at f\u00e5 styr p\u00e5 tingene. Det blev im\u00f8dekommet \u2013 og nu bruges <strong data-start=\"838\" data-end=\"880\">min oprydning som argument for tavshed<\/strong>. En slags administrativ selvmordslogik: jo mere du pr\u00f8ver at spille efter reglerne, desto lettere bliver det at lukke dig ned.<\/p>\n<p data-start=\"1009\" data-end=\"1272\">Vibeke Lundmark henviser til ressourcer og prioritering. Men hvad er det for et demokrati, hvor borgerens stemme vejes op mod institutionens t\u00e5lmodighed? Hvem bestemmer, hvorn\u00e5r man har skrevet &#8220;for meget&#8221;, hvis det man skriver er sandt, dokumenteret og relevant?<\/p>\n<hr data-start=\"1274\" data-end=\"1277\" \/>\n<h2 data-start=\"1279\" data-end=\"1295\">HVAD G\u00d8R JEG?<\/h2>\n<p data-start=\"1297\" data-end=\"1445\">Jeg forts\u00e6tter.<br data-start=\"1312\" data-end=\"1315\" \/>Jeg m\u00f8der op.<br data-start=\"1328\" data-end=\"1331\" \/>Jeg dokumenterer.<br data-start=\"1348\" data-end=\"1351\" \/>Og jeg n\u00e6gter at tage imod den tavshed, de fors\u00f8ger at tr\u00e6kke ned over mit hoved som en h\u00e6tte.<\/p>\n<p data-start=\"1447\" data-end=\"1483\">For det her handler ikke kun om mig.<\/p>\n<p data-start=\"1485\" data-end=\"1761\">Det handler om, at <strong data-start=\"1504\" data-end=\"1598\">borgerens ret til at blive h\u00f8rt aldrig m\u00e5 blive betinget af embedsm\u00e6nds tolmodighedsniveau<\/strong>. At <strong data-start=\"1603\" data-end=\"1659\">systemkritik ikke m\u00e5 forveksles med psykisk ubalance<\/strong>. At <strong data-start=\"1664\" data-end=\"1761\">n\u00e5r du siger fra \u2013 p\u00e5 skrift, med dokumentation \u2013 s\u00e5 skal systemet lytte, ikke lukke dig ude.<\/strong><\/p>\n<hr data-start=\"1763\" data-end=\"1766\" \/>\n<h2 data-start=\"1768\" data-end=\"1788\">HVAD KAN DU G\u00d8RE?<\/h2>\n<p data-start=\"1790\" data-end=\"1935\">\ud83d\udccc Del indl\u00e6gget.<br data-start=\"1807\" data-end=\"1810\" \/>\ud83d\udccc Send mig din egen historie, hvis du har oplevet lignende.<br data-start=\"1870\" data-end=\"1873\" \/>\ud83d\udccc Brug stemme, papir, mikrofon \u2013 men <strong data-start=\"1911\" data-end=\"1934\">lad v\u00e6re med at tie<\/strong>.<\/p>\n<p data-start=\"1937\" data-end=\"2130\">For hvis vi lader dem omdefinere uro som sygdom, kritik som chikane og ih\u00e6rdighed som overbelastning \u2013 s\u00e5 mister vi det, der burde v\u00e6re umisteligt: tillid, retssikkerhed og mod til at sige fra.<\/p>\n<p data-start=\"1937\" data-end=\"2130\">L\u00e6s ogs\u00e5 vores artikel: <a href=\"https:\/\/zlcopenhagen.com\/da\/indsamlingsnaevnet-embedsmisbrug-gdpr-brud\/\" target=\"_blank\" rel=\"noopener\"><strong>Er du ogs\u00e5 blevet r\u00f8vrendt af Indsamlingsn\u00e6vnet?<\/strong><\/a><\/p>\n<p>[\/spb_text_block] [spb_toggle element_name=&#8221;1. Brevet til Ombudsmanden \u2013 7. maj 2025&#8243; title=&#8221;1. Brevet til Ombudsmanden \u2013 7. maj 2025&#8243; open=&#8221;false&#8221; width=&#8221;1\/1&#8243; el_position=&#8221;first last&#8221;]<\/p>\n<p>The toggle content goes here, click the edit button to change this text.<\/p>\n<p>[\/spb_toggle] [spb_toggle element_name=&#8221;1. Brevet til Ombudsmanden \u2013 7. maj 2025&#8243; title=&#8221;1. Brevet til Ombudsmanden \u2013 7. maj 2025&#8243; open=&#8221;false&#8221; width=&#8221;1\/1&#8243; el_position=&#8221;first last&#8221;]<\/p>\n<p>The toggle content goes here, click the edit button to change this text.<\/p>\n<p>[\/spb_toggle] [spb_toggle element_name=&#8221;2. Truslen fra Vibeke Lundmark \u2013 14. juli 2025&#8243; title=&#8221;2. Truslen fra Vibeke Lundmark \u2013 14. juli 2025&#8243; open=&#8221;false&#8221; width=&#8221;1\/1&#8243; el_position=&#8221;first last&#8221;]<\/p>\n<p>The toggle content goes here, click the edit button to change this text.<\/p>\n<p>[\/spb_toggle] [spb_toggle element_name=&#8221;3. Hvad handler sagen om? \u2013 Indsamlingsn\u00e6vnet&#8221; title=&#8221;3. Hvad handler sagen om? \u2013 Indsamlingsn\u00e6vnet&#8221; open=&#8221;false&#8221; width=&#8221;1\/1&#8243; el_position=&#8221;first last&#8221;]<\/p>\n<p>The toggle content goes here, click the edit button to change this text.<\/p>\n<p>[\/spb_toggle] [spb_toggle element_name=&#8221;4. Oversigt over korrespondance og sagsnumre&#8221; title=&#8221;4. Oversigt over korrespondance og sagsnumre&#8221; open=&#8221;false&#8221; width=&#8221;1\/1&#8243; el_position=&#8221;first last&#8221;]<\/p>\n<p>The toggle content goes here, click the edit button to change this text.<\/p>\n<p>[\/spb_toggle] [spb_toggle element_name=&#8221;5. Borgerens ret vs. statens magt \u2013 en analyse&#8221; title=&#8221;5. Borgerens ret vs. statens magt \u2013 en analyse&#8221; open=&#8221;false&#8221; width=&#8221;1\/1&#8243; el_position=&#8221;first last&#8221;]<\/p>\n<p>The toggle content goes here, click the edit button to change this text.<\/p>\n<p>[\/spb_toggle] [spb_text_block animation=&#8221;none&#8221; animation_delay=&#8221;0&#8243; simplified_controls=&#8221;yes&#8221; custom_css_percentage=&#8221;no&#8221; padding_vertical=&#8221;0&#8243; padding_horizontal=&#8221;0&#8243; margin_vertical=&#8221;0&#8243; custom_css=&#8221;margin-top: 0px;margin-bottom: 0px;&#8221; border_size=&#8221;0&#8243; border_styling_global=&#8221;default&#8221; width=&#8221;1\/1&#8243; el_position=&#8221;first last&#8221;]<\/p>\n<table border=\"1\" cellspacing=\"0\" cellpadding=\"8\">\n<thead>\n<tr>\n<th>Paragraf<\/th>\n<th>Hvad betyder det?<\/th>\n<\/tr>\n<\/thead>\n<tbody>\n<tr>\n<td>Ombudsmandsloven \u00a7 16, stk. 1<\/td>\n<td>Ombudsmanden bestemmer selv, om han vil tage en klage op. Han beh\u00f8ver ikke begrunde det n\u00e6rmere.<\/td>\n<\/tr>\n<tr>\n<td>Forvaltningsloven \u00a7 7<\/td>\n<td>Myndighederne skal hj\u00e6lpe og vejlede dig, hvis du er i tvivl om dine rettigheder.<\/td>\n<\/tr>\n<tr>\n<td>Forvaltningsloven \u00a7 10<\/td>\n<td>Selvom dokumenter kan undtages fra aktindsigt, skal myndigheden overveje, om de alligevel kan udlevere dem (det kaldes meroffentlighed).<\/td>\n<\/tr>\n<tr>\n<td>Forvaltningsloven \u00a7 12<\/td>\n<td>Interne dokumenter (f.eks. interne noter) beh\u00f8ver de ikke give aktindsigt i \u2013 som udgangspunkt.<\/td>\n<\/tr>\n<tr>\n<td>Forvaltningsloven \u00a7 13<\/td>\n<td>Men interne vurderinger, som er f\u00e6rdige og indg\u00e5r i sagen, kan du have ret til at se.<\/td>\n<\/tr>\n<tr>\n<td>Forvaltningsloven \u00a7 14<\/td>\n<td>Selv i interne dokumenter skal du kunne f\u00e5 udleveret fakta \u2013 som fx datoer, navne eller h\u00e6ndelser.<\/td>\n<\/tr>\n<tr>\n<td>Forvaltningsloven \u00a7 14 a<\/td>\n<td>Udvider din ret til at f\u00e5 aktindsigt i dokumenter med faglige vurderinger (fx i milj\u00f8sager).<\/td>\n<\/tr>\n<tr>\n<td>Forvaltningsloven \u00a7 14 b<\/td>\n<td>Handler om indsigt i systemer og data, fx IT-logik eller hvordan sagen er behandlet digitalt.<\/td>\n<\/tr>\n<tr>\n<td>GDPR artikel 5<\/td>\n<td>Offentlige myndigheder m\u00e5 kun behandle dine data lovligt, gennemsigtigt og med respekt for dig.<\/td>\n<\/tr>\n<tr>\n<td>GDPR artikel 14<\/td>\n<td>Hvis nogen samler oplysninger om dig uden du ved det, skal de fort\u00e6lle dig det bagefter.<\/td>\n<\/tr>\n<tr>\n<td>GDPR artikel 15<\/td>\n<td>Du har ret til at f\u00e5 indsigt i, hvilke personoplysninger der bliver behandlet om dig.<\/td>\n<\/tr>\n<\/tbody>\n<\/table>\n<p>[\/spb_text_block]<\/p>\n","protected":false},"excerpt":{"rendered":"<p>[spb_text_block animation=&#8221;none&#8221; animation_delay=&#8221;0&#8243; simplified_controls=&#8221;yes&#8221; custom_css_percentage=&#8221;no&#8221; padding_vertical=&#8221;0&#8243; padding_horizontal=&#8221;0&#8243; margin_vertical=&#8221;0&#8243; custom_css=&#8221;margin-top: 0px;margin-bottom: 0px;&#8221; border_size=&#8221;0&#8243; border_styling_global=&#8221;default&#8221; width=&#8221;1\/1&#8243; el_position=&#8221;first last&#8221;] under opbygning HVEM ER OMBUDSMANDEN \u2013 N\u00c5R SYSTEMET LUKKER NED? N\u00e5r en borger beder om svar, f\u00e5r han ikke hj\u00e6lp \u2013 han f\u00e5r juridisk jargon og trusler fra kontorchef Vibeke Lundmark. Velkommen til paragrafporno 2025. N\u00e5r man stiller for mange sp\u00f8rgsm\u00e5l, bliver man f\u00f8rst [&hellip;]<\/p>\n","protected":false},"author":2,"featured_media":0,"comment_status":"closed","ping_status":"closed","sticky":false,"template":"","format":"standard","meta":{"footnotes":""},"categories":[1884,1883,133],"tags":[],"class_list":["post-46584","post","type-post","status-publish","format-standard","hentry","category-embedsvaerk-under-luppen","category-magtnetvaerk","category-nyheder"],"yoast_head":"<!-- This site is optimized with the Yoast SEO Premium plugin v26.6 (Yoast SEO v27.5) - https:\/\/yoast.com\/product\/yoast-seo-premium-wordpress\/ -->\n<title>Kritik af Ombudsmanden: Tavshed og trusler<\/title>\n<meta name=\"description\" content=\"Ombudsmandens kontorchef Vibeke Lundmark truer borger med tavshed i 2 \u00e5r efter kritik. Hvad sker der, n\u00e5r systemet ikke t\u00e5ler modspil?\" \/>\n<meta name=\"robots\" content=\"index, follow, max-snippet:-1, max-image-preview:large, max-video-preview:-1\" \/>\n<link rel=\"canonical\" href=\"https:\/\/zlcopenhagen.com\/da\/klage-til-ombudsmanden\/\" \/>\n<meta property=\"og:locale\" content=\"da_DK\" \/>\n<meta property=\"og:type\" content=\"article\" \/>\n<meta property=\"og:title\" content=\"ZLCOPENHAGEN: Danish-Punjabi Ethical Menswear\" \/>\n<meta property=\"og:description\" content=\"ZLCOPENHAGEN merges Danish minimalism with Punjabi pride. Ethical menswear with muscle, message, and meaning. Designed with zidd.\" \/>\n<meta property=\"og:url\" content=\"https:\/\/zlcopenhagen.com\/da\/klage-til-ombudsmanden\/\" \/>\n<meta property=\"og:site_name\" content=\"zlcopenhagen.com\" \/>\n<meta property=\"article:published_time\" content=\"2025-07-14T12:18:30+00:00\" \/>\n<meta property=\"article:modified_time\" content=\"2025-07-16T07:44:15+00:00\" \/>\n<meta property=\"og:image\" content=\"https:\/\/zlcopenhagen.com\/wp-content\/uploads\/2014\/11\/zlc-.jpg\" \/>\n\t<meta property=\"og:image:width\" content=\"1908\" \/>\n\t<meta property=\"og:image:height\" content=\"1062\" \/>\n\t<meta property=\"og:image:type\" content=\"image\/jpeg\" \/>\n<meta name=\"author\" content=\"ZLC Team\" \/>\n<meta name=\"twitter:card\" content=\"summary_large_image\" \/>\n<meta name=\"twitter:label1\" content=\"Skrevet af\" \/>\n\t<meta name=\"twitter:data1\" content=\"ZLC Team\" \/>\n\t<meta name=\"twitter:label2\" content=\"Estimeret l\u00e6setid\" \/>\n\t<meta name=\"twitter:data2\" content=\"11 minutter\" \/>\n<!-- \/ Yoast SEO Premium plugin. -->","yoast_head_json":{"title":"Kritik af Ombudsmanden: Tavshed og trusler","description":"Ombudsmandens kontorchef Vibeke Lundmark truer borger med tavshed i 2 \u00e5r efter kritik. Hvad sker der, n\u00e5r systemet ikke t\u00e5ler modspil?","robots":{"index":"index","follow":"follow","max-snippet":"max-snippet:-1","max-image-preview":"max-image-preview:large","max-video-preview":"max-video-preview:-1"},"canonical":"https:\/\/zlcopenhagen.com\/da\/klage-til-ombudsmanden\/","og_locale":"da_DK","og_type":"article","og_title":"ZLCOPENHAGEN: Danish-Punjabi Ethical Menswear","og_description":"ZLCOPENHAGEN merges Danish minimalism with Punjabi pride. Ethical menswear with muscle, message, and meaning. Designed with zidd.","og_url":"https:\/\/zlcopenhagen.com\/da\/klage-til-ombudsmanden\/","og_site_name":"zlcopenhagen.com","article_published_time":"2025-07-14T12:18:30+00:00","article_modified_time":"2025-07-16T07:44:15+00:00","og_image":[{"width":1908,"height":1062,"url":"https:\/\/zlcopenhagen.com\/wp-content\/uploads\/2014\/11\/zlc-.jpg","type":"image\/jpeg"}],"author":"ZLC Team","twitter_card":"summary_large_image","twitter_misc":{"Skrevet af":"ZLC Team","Estimeret l\u00e6setid":"11 minutter"},"schema":{"@context":"https:\/\/schema.org","@graph":[{"@type":["Article","BlogPosting"],"@id":"https:\/\/zlcopenhagen.com\/da\/klage-til-ombudsmanden\/#article","isPartOf":{"@id":"https:\/\/zlcopenhagen.com\/da\/klage-til-ombudsmanden\/"},"author":{"name":"ZLC Team","@id":"https:\/\/zlcopenhagen.com\/#\/schema\/person\/c7ce5649957ac4c1258910e89f0f5fb3"},"headline":"OMBUDSMANDEN SERVERER PARAGRAFPORNO","datePublished":"2025-07-14T12:18:30+00:00","dateModified":"2025-07-16T07:44:15+00:00","mainEntityOfPage":{"@id":"https:\/\/zlcopenhagen.com\/da\/klage-til-ombudsmanden\/"},"wordCount":2757,"publisher":{"@id":"https:\/\/zlcopenhagen.com\/#organization"},"articleSection":["EMBEDSV\u00c6RK UNDER LUPPEN","MAGTNETV\u00c6RK","Nyheder"],"inLanguage":"da-DK","copyrightYear":"2025","copyrightHolder":{"@id":"https:\/\/zlcopenhagen.com\/#organization"}},{"@type":"WebPage","@id":"https:\/\/zlcopenhagen.com\/da\/klage-til-ombudsmanden\/","url":"https:\/\/zlcopenhagen.com\/da\/klage-til-ombudsmanden\/","name":"Kritik af Ombudsmanden: Tavshed og trusler","isPartOf":{"@id":"https:\/\/zlcopenhagen.com\/#website"},"datePublished":"2025-07-14T12:18:30+00:00","dateModified":"2025-07-16T07:44:15+00:00","description":"Ombudsmandens kontorchef Vibeke Lundmark truer borger med tavshed i 2 \u00e5r efter kritik. Hvad sker der, n\u00e5r systemet ikke t\u00e5ler modspil?","breadcrumb":{"@id":"https:\/\/zlcopenhagen.com\/da\/klage-til-ombudsmanden\/#breadcrumb"},"inLanguage":"da-DK","potentialAction":[{"@type":"ReadAction","target":["https:\/\/zlcopenhagen.com\/da\/klage-til-ombudsmanden\/"]}]},{"@type":"BreadcrumbList","@id":"https:\/\/zlcopenhagen.com\/da\/klage-til-ombudsmanden\/#breadcrumb","itemListElement":[{"@type":"ListItem","position":1,"name":"Home","item":"https:\/\/zlcopenhagen.com\/da\/"},{"@type":"ListItem","position":2,"name":"OMBUDSMANDEN SERVERER PARAGRAFPORNO"}]},{"@type":"WebSite","@id":"https:\/\/zlcopenhagen.com\/#website","url":"https:\/\/zlcopenhagen.com\/","name":"zlcopenhagen.com","description":"","publisher":{"@id":"https:\/\/zlcopenhagen.com\/#organization"},"potentialAction":[{"@type":"SearchAction","target":{"@type":"EntryPoint","urlTemplate":"https:\/\/zlcopenhagen.com\/?s={search_term_string}"},"query-input":{"@type":"PropertyValueSpecification","valueRequired":true,"valueName":"search_term_string"}}],"inLanguage":"da-DK"},{"@type":["Organization","Place"],"@id":"https:\/\/zlcopenhagen.com\/#organization","name":"ZLCOPENHAGEN","alternateName":"ZLCOPENHAGEN","url":"https:\/\/zlcopenhagen.com\/","logo":{"@id":"https:\/\/zlcopenhagen.com\/da\/klage-til-ombudsmanden\/#local-main-organization-logo"},"image":{"@id":"https:\/\/zlcopenhagen.com\/da\/klage-til-ombudsmanden\/#local-main-organization-logo"},"sameAs":["https:\/\/www.youtube.com\/channel\/UCy7JINwB6DMr2fA9yHpDQJg"],"telephone":[],"openingHoursSpecification":[{"@type":"OpeningHoursSpecification","dayOfWeek":["Monday","Tuesday","Wednesday","Thursday","Friday","Saturday","Sunday"],"opens":"09:00","closes":"17:00"}]},{"@type":"Person","@id":"https:\/\/zlcopenhagen.com\/#\/schema\/person\/c7ce5649957ac4c1258910e89f0f5fb3","name":"ZLC Team","image":{"@type":"ImageObject","inLanguage":"da-DK","@id":"https:\/\/secure.gravatar.com\/avatar\/bb92a8e9bdde1cf2114b74dce44557ee57d3909986eab1422fc34e9cce350044?s=96&d=mm&r=g","url":"https:\/\/secure.gravatar.com\/avatar\/bb92a8e9bdde1cf2114b74dce44557ee57d3909986eab1422fc34e9cce350044?s=96&d=mm&r=g","contentUrl":"https:\/\/secure.gravatar.com\/avatar\/bb92a8e9bdde1cf2114b74dce44557ee57d3909986eab1422fc34e9cce350044?s=96&d=mm&r=g","caption":"ZLC Team"}},{"@type":"ImageObject","inLanguage":"da-DK","@id":"https:\/\/zlcopenhagen.com\/da\/klage-til-ombudsmanden\/#local-main-organization-logo","url":"https:\/\/zlcopenhagen.com\/wp-content\/uploads\/2016\/05\/blog-logo.jpg","contentUrl":"https:\/\/zlcopenhagen.com\/wp-content\/uploads\/2016\/05\/blog-logo.jpg","width":68,"height":68,"caption":"ZLCOPENHAGEN"}]}},"_links":{"self":[{"href":"https:\/\/zlcopenhagen.com\/da\/wp-json\/wp\/v2\/posts\/46584","targetHints":{"allow":["GET"]}}],"collection":[{"href":"https:\/\/zlcopenhagen.com\/da\/wp-json\/wp\/v2\/posts"}],"about":[{"href":"https:\/\/zlcopenhagen.com\/da\/wp-json\/wp\/v2\/types\/post"}],"author":[{"embeddable":true,"href":"https:\/\/zlcopenhagen.com\/da\/wp-json\/wp\/v2\/users\/2"}],"replies":[{"embeddable":true,"href":"https:\/\/zlcopenhagen.com\/da\/wp-json\/wp\/v2\/comments?post=46584"}],"version-history":[{"count":8,"href":"https:\/\/zlcopenhagen.com\/da\/wp-json\/wp\/v2\/posts\/46584\/revisions"}],"predecessor-version":[{"id":50115,"href":"https:\/\/zlcopenhagen.com\/da\/wp-json\/wp\/v2\/posts\/46584\/revisions\/50115"}],"wp:attachment":[{"href":"https:\/\/zlcopenhagen.com\/da\/wp-json\/wp\/v2\/media?parent=46584"}],"wp:term":[{"taxonomy":"category","embeddable":true,"href":"https:\/\/zlcopenhagen.com\/da\/wp-json\/wp\/v2\/categories?post=46584"},{"taxonomy":"post_tag","embeddable":true,"href":"https:\/\/zlcopenhagen.com\/da\/wp-json\/wp\/v2\/tags?post=46584"}],"curies":[{"name":"wp","href":"https:\/\/api.w.org\/{rel}","templated":true}]}}