{"id":46559,"date":"2025-05-05T20:18:32","date_gmt":"2025-05-05T19:18:32","guid":{"rendered":"https:\/\/zlcopenhagen.com\/?p=46559"},"modified":"2026-01-22T07:32:53","modified_gmt":"2026-01-22T06:32:53","slug":"mindelunden-hamas-modstandsfolk","status":"publish","type":"post","link":"https:\/\/zlcopenhagen.com\/da\/mindelunden-hamas-modstandsfolk\/","title":{"rendered":"MINDELUNDEN \u2013 TERRORISTREDE ELLER FRIHEDENS HELLIGDOM?"},"content":{"rendered":"<p>[spb_text_block animation=&#8221;none&#8221; animation_delay=&#8221;0&#8243; simplified_controls=&#8221;yes&#8221; custom_css_percentage=&#8221;no&#8221; padding_vertical=&#8221;0&#8243; padding_horizontal=&#8221;0&#8243; margin_vertical=&#8221;0&#8243; custom_css=&#8221;margin-top: 0px;margin-bottom: 0px;&#8221; border_size=&#8221;0&#8243; border_styling_global=&#8221;default&#8221; width=&#8221;1\/1&#8243; el_position=&#8221;first last&#8221;]<\/p>\n<h2 data-start=\"216\" data-end=\"357\">VELKOMMEN TIL TERRORISTREDE<\/h2>\n<h3 data-start=\"216\" data-end=\"357\">Mindelunden, Ryvangen \u2013 Hellerup. 4. maj 2025<\/h3>\n<p data-start=\"216\" data-end=\"357\">Jeg stod d\u00e9r, omgivet af kranse og kameraer, hvor Danmark mindes sine modstandsfolk.<\/p>\n<blockquote data-start=\"364\" data-end=\"547\">\n<p data-start=\"366\" data-end=\"547\"><em>\u201cOg hvis nogle af de barbariske danske terrorister fik skudt hovedet af, ja, s\u00e5 er der nok ingen, der savner dem.\u201d<\/em><br data-start=\"480\" data-end=\"483\" \/>\u2014 Zahid Latif, ved 80-\u00e5rsmarkeringen af Danmarks befrielse<\/p>\n<\/blockquote>\n<p data-start=\"554\" data-end=\"691\">Et par m\u00e5neder tidligere havde statsminister Mette Frederiksen i EU-salen kaldt en pal\u00e6stinensisk Hamas-leder for \u201chardcore terrorist\u201d.<\/p>\n<p data-start=\"698\" data-end=\"811\">Det fik mig til at sp\u00f8rge:<br data-start=\"724\" data-end=\"727\" \/><strong data-start=\"729\" data-end=\"809\">Hvorn\u00e5r bliver modstand kaldt heltemod \u2013 og hvorn\u00e5r bliver det kaldt terror?<\/strong><\/p>\n<p data-start=\"818\" data-end=\"1024\">Denne artikel handler om Mindelunden. Om BOPA.<br data-start=\"864\" data-end=\"867\" \/>Og om hvorvidt det virkelig er handlingen \u2013 eller hudfarven, fjenden og historien \u2013 der bestemmer, hvem der er helt\u2026 og hvem der bliver d\u00f8mt som terrorist.<\/p>\n<p data-start=\"818\" data-end=\"1024\">L\u00e6s ogs\u00e5 <a href=\"https:\/\/zlcopenhagen.com\/da\/terrorbilligelse-i-danmark\/\" target=\"_blank\" rel=\"noopener\">HELTE ELLER EJ<\/a><\/p>\n<h2 data-start=\"540\" data-end=\"592\">FRA GESTAPO TIL GDPR<\/h2>\n<p>[\/spb_text_block] [spb_raw_html width=&#8221;1\/1&#8243; el_position=&#8221;first last&#8221;]JTNDZGl2JTIwc3R5bGUlM0QlMjJtYXJnaW4lM0EwJTIwYXV0byUzQnBhZGRpbmclM0EwJTNCbWF4LXdpZHRoJTNBMTAwJTI1JTNCd2lkdGglM0ExMDAlMjUlM0IlMjIlM0UlMEElMjAlMjAlM0NibG9ja3F1b3RlJTIwY2xhc3MlM0QlMjJ0aWt0b2stZW1iZWQlMjIlMEElMjAlMjAlMjAlMjAlMjAlMjAlMjAlMjAlMjAlMjAlMjAlMjAlMjAlMjBjaXRlJTNEJTIyaHR0cHMlM0ElMkYlMkZ3d3cudGlrdG9rLmNvbSUyRiU0MHpsY29wZW5oYWdlbiUyRnZpZGVvJTJGNzUwMTM4ODIyMzI0Mzk0NzI4NiUyMiUwQSUyMCUyMCUyMCUyMCUyMCUyMCUyMCUyMCUyMCUyMCUyMCUyMCUyMCUyMGRhdGEtdmlkZW8taWQlM0QlMjI3NTAxMzg4MjIzMjQzOTQ3Mjg2JTIyJTBBJTIwJTIwJTIwJTIwJTIwJTIwJTIwJTIwJTIwJTIwJTIwJTIwJTIwJTIwc3R5bGUlM0QlMjJtYXJnaW4lM0EwJTNCcGFkZGluZyUzQTAlM0J3aWR0aCUzQTEwMCUyNSUzQm1heC13aWR0aCUzQTYwMHB4JTNCJTIyJTNFJTBBJTIwJTIwJTIwJTIwJTNDc2VjdGlvbiUyMHN0eWxlJTNEJTIybWFyZ2luJTNBMCUzQnBhZGRpbmclM0EwJTNCJTIyJTNFJTNDJTJGc2VjdGlvbiUzRSUwQSUyMCUyMCUzQyUyRmJsb2NrcXVvdGUlM0UlMEElMjAlMjAlM0NzY3JpcHQlMjBhc3luYyUyMHNyYyUzRCUyMmh0dHBzJTNBJTJGJTJGd3d3LnRpa3Rvay5jb20lMkZlbWJlZC5qcyUyMiUzRSUzQyUyRnNjcmlwdCUzRSUwQSUzQyUyRmRpdiUzRSUwQQ==[\/spb_raw_html] [spb_blank_spacer height=&#8221;30px&#8221; width=&#8221;1\/1&#8243; el_position=&#8221;first last&#8221;] [spb_text_block animation=&#8221;none&#8221; animation_delay=&#8221;0&#8243; simplified_controls=&#8221;yes&#8221; custom_css_percentage=&#8221;no&#8221; padding_vertical=&#8221;0&#8243; padding_horizontal=&#8221;0&#8243; margin_vertical=&#8221;0&#8243; custom_css=&#8221;margin-top: 0px;margin-bottom: 0px;&#8221; border_size=&#8221;0&#8243; border_styling_global=&#8221;default&#8221; width=&#8221;1\/1&#8243; el_position=&#8221;first last&#8221;]<\/p>\n<h3 data-start=\"329\" data-end=\"356\">HARDCORE TERRORISTER?<\/h3>\n<h4 data-start=\"357\" data-end=\"388\">DET SAGDE DU SELV, METTE<\/h4>\n<p data-start=\"392\" data-end=\"498\">\u201cMette Frederiksen kalder dr\u00e6bt Hamas-leder for hardcore terrorist\u201d<br data-start=\"459\" data-end=\"462\" \/>\u2013 <em data-start=\"466\" data-end=\"496\">Berlingske, 18. oktober 2024<\/em><\/p>\n<p data-start=\"500\" data-end=\"725\">Da statsministeren i EU-salen kaldte en dr\u00e6bt pal\u00e6stinensisk leder for \u201chardcore terrorist\u201d \u2013 med et lille smil \u2013 spejlede jeg straks ordene i Mindelunden.<br data-start=\"655\" data-end=\"658\" \/>For det var pr\u00e6cis d\u00e9t nazisterne kaldte de danske modstandsfolk.<\/p>\n<p data-start=\"727\" data-end=\"893\">S\u00e5 ja, Mette \u2013 den sved. Det her er mit svar. Et r\u00e5b. Et spejl.<br data-start=\"790\" data-end=\"793\" \/>Du h\u00e5nede en hel frihedstradition, da du stemplede en modstandsk\u00e6mper, som millioner ser som helt.<\/p>\n<hr class=\"\" data-start=\"895\" data-end=\"898\" \/>\n<h3 data-start=\"900\" data-end=\"926\">FRA GESTAPO TIL GDPR<\/h3>\n<h4 data-start=\"927\" data-end=\"962\">1945 TIL 2025: HVOR FRI ER DU?<\/h4>\n<p data-start=\"964\" data-end=\"1068\">Velkommen til Mindelunden, Ryvangen.<br data-start=\"1000\" data-end=\"1003\" \/>Tuborgvej 33. 2900 Hellerup.<br data-start=\"1031\" data-end=\"1034\" \/>80 \u00e5r efter \u2013 og stadig overv\u00e5get.<\/p>\n<p data-start=\"1070\" data-end=\"1338\">Dengang blev du stukket af din nabo. I dag bliver du scannet af et kamera.<br data-start=\"1144\" data-end=\"1147\" \/>F\u00f8r hed det razzia. Nu hedder det \u201cforebyggende sikkerhed\u201d.<br data-start=\"1206\" data-end=\"1209\" \/>Men forskellen er kosmetisk \u2013 f\u00f8lelsen er den samme:<br data-start=\"1261\" data-end=\"1264\" \/>Du bliver vurderet. Registreret. Ikke for hvad du g\u00f8r, men for hvem du er.<\/p>\n<p data-start=\"1340\" data-end=\"1555\">Jeg m\u00e6rkede det selv 4. maj 2025.<br data-start=\"1373\" data-end=\"1376\" \/>Midt i blomsterne, kameraerne og tavsheden blev jeg udspurgt og frihedsber\u00f8vet. Uden grund.<br data-start=\"1467\" data-end=\"1470\" \/>M\u00e5ske fordi jeg havde spurgt.<br data-start=\"1499\" data-end=\"1502\" \/>M\u00e5ske fordi jeg er muslim.<br data-start=\"1528\" data-end=\"1531\" \/>M\u00e5ske fordi jeg var d\u00e9r.<\/p>\n<p data-start=\"1557\" data-end=\"1677\">Jeg havde endda ringet til politiet den morgen for at melde min ankomst.<br data-start=\"1629\" data-end=\"1632\" \/>Svaret?<br data-start=\"1639\" data-end=\"1642\" \/>At jeg l\u00f8d \u201cpsykisk uligev\u00e6gtig\u201d.<\/p>\n<p data-start=\"1679\" data-end=\"1757\">Hvem stak mig den dag?<br data-start=\"1701\" data-end=\"1704\" \/>Var det stemmen i telefonen \u2013 eller systemet bag ham?<\/p>\n<hr class=\"\" data-start=\"1759\" data-end=\"1762\" \/>\n<h3 data-start=\"1764\" data-end=\"1797\">STIKKERE, SLIPS OG SYSTEMER<\/h3>\n<h4 data-start=\"1798\" data-end=\"1835\">N\u00c5R MODSTAND BLIVER TIL MISTANKE<\/h4>\n<p data-start=\"1837\" data-end=\"1946\">Min far kom som g\u00e6stearbejder. Nu sp\u00f8rger jeg mig selv:<br data-start=\"1892\" data-end=\"1895\" \/>Skal jeg ogs\u00e5 flygte til Sverige \u2013 ligesom dengang?<\/p>\n<p data-start=\"1948\" data-end=\"2055\">Vi siger, vi hylder modstanden.<br data-start=\"1979\" data-end=\"1982\" \/>Men n\u00e5r nogen ytrer sig i dag, kaldes de forstyrrede. Radikale. Ustabile.<\/p>\n<p data-start=\"2057\" data-end=\"2165\">Vi har byttet Gestapos st\u00f8vler ud med slips og embedsmandsnotater.<br data-start=\"2123\" data-end=\"2126\" \/>Men grebet om halsen? Det f\u00f8les stadig.<\/p>\n<p>[\/spb_text_block] [spb_text_block animation=&#8221;none&#8221; animation_delay=&#8221;0&#8243; simplified_controls=&#8221;yes&#8221; custom_css_percentage=&#8221;no&#8221; padding_vertical=&#8221;0&#8243; padding_horizontal=&#8221;0&#8243; margin_vertical=&#8221;0&#8243; custom_css=&#8221;margin-top: 0px;margin-bottom: 0px;&#8221; border_size=&#8221;0&#8243; border_styling_global=&#8221;default&#8221; width=&#8221;1\/1&#8243; el_position=&#8221;first last&#8221;]<\/p>\n<h2 data-start=\"139\" data-end=\"200\">STIKKERE I SKYGGEN<\/h2>\n<p>[\/spb_text_block] [spb_image image=&#8221;46704&#8243; image_size=&#8221;large&#8221; frame=&#8221;noframe&#8221; caption_pos=&#8221;hover&#8221; remove_rounded=&#8221;yes&#8221; fullwidth=&#8221;no&#8221; overflow_mode=&#8221;none&#8221; link_target=&#8221;_self&#8221; lightbox=&#8221;no&#8221; intro_animation=&#8221;none&#8221; animation_delay=&#8221;200&#8243; width=&#8221;1\/1&#8243; el_position=&#8221;first last&#8221;][\/spb_image] [spb_blank_spacer height=&#8221;30px&#8221; width=&#8221;1\/1&#8243; el_position=&#8221;first last&#8221;] [spb_text_block animation=&#8221;none&#8221; animation_delay=&#8221;0&#8243; simplified_controls=&#8221;yes&#8221; custom_css_percentage=&#8221;no&#8221; padding_vertical=&#8221;0&#8243; padding_horizontal=&#8221;0&#8243; margin_vertical=&#8221;0&#8243; custom_css=&#8221;margin-top: 0px;margin-bottom: 0px;&#8221; border_size=&#8221;0&#8243; border_styling_global=&#8221;default&#8221; width=&#8221;1\/1&#8243; el_position=&#8221;first last&#8221;]<\/p>\n<h3 data-start=\"913\" data-end=\"985\">\u00a0I DANMARK HOLDT MAN K\u00c6FT AF FRYGT<\/h3>\n<p data-start=\"255\" data-end=\"413\">I dag kommer knivene ikke med uniform \u2013 men med retorik.<br data-start=\"315\" data-end=\"318\" \/>I Folketinget kaldte Sj\u00far\u00f0ur Skaale visse grupper i Mellem\u00f8sten for en <a href=\"https:\/\/zlcopenhagen.com\/da\/sjurdur-skaale-er-hamas-spejlbillede\/\" target=\"_blank\" rel=\"noopener\"><strong><em data-start=\"395\" data-end=\"410\">\u201cd\u00f8dens kult\u201d<\/em><\/strong><\/a>.<\/p>\n<blockquote>\n<p data-start=\"420\" data-end=\"540\"><em data-start=\"420\" data-end=\"527\">\u201cVi st\u00e5r ikke over for en konflikt mellem to civilisationer \u2013 men mellem en civilisation og d\u00f8dens kult,\u201d<\/em> sagde han.<\/p>\n<\/blockquote>\n<p data-start=\"465\" data-end=\"655\">N\u00e5r en folkevalgt stemme omtaler <strong data-start=\"498\" data-end=\"525\">pal\u00e6stinensisk modstand<\/strong> som d\u00f8dskultur, hvor langt er der s\u00e5 til at kalde <strong data-start=\"576\" data-end=\"585\">Hamas<\/strong> for det samme, som nazisterne engang kaldte <strong data-start=\"630\" data-end=\"638\">BOPA<\/strong> \u2013 <em data-start=\"641\" data-end=\"654\">terrorister<\/em>?<\/p>\n<p data-start=\"657\" data-end=\"816\"><strong data-start=\"657\" data-end=\"672\">Mindelunden<\/strong> \u00e6rer <strong data-start=\"678\" data-end=\"695\">modstandsfolk<\/strong>, mens andre i dag d\u00f8mmes for en lignende kamp.<br data-start=\"742\" data-end=\"745\" \/>Men hvem skriver historien? Og hvor g\u00e5r gr\u00e6nsen mellem heltemod og had?<\/p>\n<p data-start=\"818\" data-end=\"1003\"><em data-start=\"821\" data-end=\"892\">L\u00e6s mere i min analyse af Skaales tale som et spejlbillede af Vesten:<\/em><br data-start=\"892\" data-end=\"895\" \/><strong><a class=\"\" href=\"https:\/\/zlcopenhagen.com\/da\/sjurdur-skaale-er-hamas-spejlbillede\/\" target=\"_new\" rel=\"noopener\" data-start=\"895\" data-end=\"1003\">\u201cSjurdur Skaale er Hamas\u2019 spejlbillede\u201d<\/a><\/strong><\/p>\n<p data-start=\"844\" data-end=\"956\">Vi vender snart blikket mod BOPA \u2013 og mod deres sabotageaktioner, som i dag ville v\u00e6re blevet kaldt&#8230; ja, hvad?<\/p>\n<h3 data-start=\"139\" data-end=\"200\">DANSKE STIKKERE SENDTE MODSTANDSFOLK I D\u00d8DEN<\/h3>\n<p data-start=\"202\" data-end=\"392\">Under bes\u00e6ttelsen 1940\u201345 blev danske frihedsk\u00e6mpere ikke kun jagtet af nazisterne \u2013 men ogs\u00e5 af deres egne. Danskere, der angav modstandsfolk til Gestapo, gik under navnet <strong data-start=\"375\" data-end=\"389\">&#8220;stikkere&#8221;<\/strong>.<\/p>\n<p data-start=\"394\" data-end=\"511\">Nogle gjorde det for penge. Andre for magt. F\u00e6lles for dem? De f\u00f8rte danske helte til tortur, d\u00f8dsdom og anonym jord.<\/p>\n<blockquote data-start=\"513\" data-end=\"726\">\n<p data-start=\"515\" data-end=\"726\"><em>Grethe Bartram, ogs\u00e5 kaldet Stikkerdronningen, angav over 50 mennesker \u2013 inkl. sine egne venner og familie.<\/em><br data-start=\"624\" data-end=\"627\" \/><em>Hun blev d\u00f8mt til d\u00f8den efter krigen. Dommen blev senere omst\u00f8dt \u2013 men arret p\u00e5 historien best\u00e5r.<\/em><\/p>\n<\/blockquote>\n<h3 data-start=\"728\" data-end=\"766\">80 \u00c5R SENERE \u2013 HVEM STIKKER I DAG?<\/h3>\n<p data-start=\"768\" data-end=\"911\">I dag er det ikke Gestapo, der lytter \u2013 men m\u00e5ske algoritmer og overv\u00e5gningskameraer. Er vi mere frie \u2013 eller bare mere digitalt registreret? Historien gentager sig sj\u00e6ldent ordret. Men den rimer ofte farligt godt.<\/p>\n<p data-start=\"913\" data-end=\"985\">Sj\u00far\u00f0ur Skaales tale om \u201cd\u00f8dens kult\u201d og hans tavshed om Pal\u00e6stina v\u00e6kker uhyggelige paralleller til tidligere hadtale. L\u00e6s hvordan hans retorik spejler farlige historiske m\u00f8nstre \u2013 fra Folketinget til Gaza.<br data-start=\"837\" data-end=\"840\" \/><a class=\"\" href=\"https:\/\/zlcopenhagen.com\/da\/sjurdur-skaale-retorisk-analyse-hadtale-hitler-israel-palaestina\/\" target=\"_new\" rel=\"noopener\" data-start=\"845\" data-end=\"994\"><strong data-start=\"846\" data-end=\"898\">Sj\u00far\u00f0ur Skaale og d\u00f8dskulten \u2013 hadtale som v\u00e5ben<\/strong><\/a><\/p>\n<p>[\/spb_text_block] [spb_blank_spacer height=&#8221;30px&#8221; width=&#8221;1\/1&#8243; el_position=&#8221;first last&#8221;] [spb_raw_html width=&#8221;1\/1&#8243; el_position=&#8221;first last&#8221;]LnJlc3BvbnNpdmUtdGFibGUlMjAlN0IlMEElMjAlMjB3aWR0aCUzQSUyMDEwMCUyNSUzQiUwQSUyMCUyMGJvcmRlci1jb2xsYXBzZSUzQSUyMGNvbGxhcHNlJTNCJTBBJTIwJTIwZm9udC1mYW1pbHklM0ElMjBzYW5zLXNlcmlmJTNCJTBBJTIwJTIwYm9yZGVyJTNBJTIwMXB4JTIwc29saWQlMjAlMjNjY2MlM0IlMEElN0QlMEElMEEucmVzcG9uc2l2ZS10YWJsZSUyMHRoJTJDJTBBLnJlc3BvbnNpdmUtdGFibGUlMjB0ZCUyMCU3QiUwQSUyMCUyMGJvcmRlciUzQSUyMDFweCUyMHNvbGlkJTIwJTIzY2NjJTNCJTBBJTIwJTIwcGFkZGluZyUzQSUyMDEwcHglM0IlMEElMjAlMjB0ZXh0LWFsaWduJTNBJTIwbGVmdCUzQiUwQSUyMCUyMHZlcnRpY2FsLWFsaWduJTNBJTIwdG9wJTNCJTBBJTdEJTBBJTBBLnJlc3BvbnNpdmUtdGFibGUlMjB0aCUyMCU3QiUwQSUyMCUyMGJhY2tncm91bmQtY29sb3IlM0ElMjAlMjNmMGYwZjAlM0IlMEElMjAlMjBjb2xvciUzQSUyMCUyMzMzMyUzQiUwQSUyMCUyMGZvbnQtd2VpZ2h0JTNBJTIwYm9sZCUzQiUwQSU3RCUwQSUwQSUyRiUyQSUyME1PQklMVklTTklORyUyMCUyQSUyRiUwQSU0MG1lZGlhJTIwc2NyZWVuJTIwYW5kJTIwJTI4bWF4LXdpZHRoJTNBJTIwNzY4cHglMjklMjAlN0IlMEElMjAlMjAucmVzcG9uc2l2ZS10YWJsZSUyMHRoZWFkJTIwJTdCJTBBJTIwJTIwJTIwJTIwZGlzcGxheSUzQSUyMG5vbmUlM0IlMEElMjAlMjAlN0QlMEElMEElMjAlMjAucmVzcG9uc2l2ZS10YWJsZSUyMHRyJTIwJTdCJTBBJTIwJTIwJTIwJTIwZGlzcGxheSUzQSUyMGJsb2NrJTNCJTBBJTIwJTIwJTIwJTIwbWFyZ2luLWJvdHRvbSUzQSUyMDEwcHglM0IlMEElMjAlMjAlMjAlMjBib3JkZXItYm90dG9tJTNBJTIwMnB4JTIwc29saWQlMjAlMjNkZGQlM0IlMEElMjAlMjAlN0QlMEElMEElMjAlMjAucmVzcG9uc2l2ZS10YWJsZSUyMHRkJTIwJTdCJTBBJTIwJTIwJTIwJTIwZGlzcGxheSUzQSUyMGJsb2NrJTNCJTBBJTIwJTIwJTIwJTIwdGV4dC1hbGlnbiUzQSUyMHJpZ2h0JTNCJTBBJTIwJTIwJTIwJTIwZm9udC1zaXplJTNBJTIwMTRweCUzQiUwQSUyMCUyMCU3RCUwQSUwQSUyMCUyMC5yZXNwb25zaXZlLXRhYmxlJTIwdGQlM0ElM0FiZWZvcmUlMjAlN0IlMEElMjAlMjAlMjAlMjBjb250ZW50JTNBJTIwYXR0ciUyOGRhdGEtbGFiZWwlMjklM0IlMEElMjAlMjAlMjAlMjBmbG9hdCUzQSUyMGxlZnQlM0IlMEElMjAlMjAlMjAlMjBmb250LXdlaWdodCUzQSUyMGJvbGQlM0IlMEElMjAlMjAlMjAlMjB0ZXh0LXRyYW5zZm9ybSUzQSUyMHVwcGVyY2FzZSUzQiUwQSUyMCUyMCU3RCUwQSU3RCUwQQ==[\/spb_raw_html] [spb_blank_spacer height=&#8221;30px&#8221; width=&#8221;1\/1&#8243; el_position=&#8221;first last&#8221;] [spb_text_block animation=&#8221;none&#8221; animation_delay=&#8221;0&#8243; simplified_controls=&#8221;yes&#8221; custom_css_percentage=&#8221;no&#8221; padding_vertical=&#8221;0&#8243; padding_horizontal=&#8221;0&#8243; margin_vertical=&#8221;0&#8243; custom_css=&#8221;margin-top: 0px;margin-bottom: 0px;&#8221; border_size=&#8221;0&#8243; border_styling_global=&#8221;default&#8221; width=&#8221;1\/1&#8243; el_position=&#8221;first last&#8221;]<\/p>\n<h2 data-start=\"253\" data-end=\"291\">BOPA \u2013 DANMARKS GLEMTE TERRORISTER?<\/h2>\n<p data-start=\"293\" data-end=\"543\">Hvis BOPA opererede i dag, ville deres aktioner blive kaldt <em data-start=\"353\" data-end=\"361\">terror<\/em>. De udf\u00f8rte m\u00e5lrettede spr\u00e6ngninger, v\u00e6bnede angreb, og politiske likvideringer \u2013 ofte med civil risiko. Men fordi de k\u00e6mpede mod en bes\u00e6ttelsesmagt, kalder vi det i dag \u201cmodstand\u201d.<\/p>\n<p data-start=\"545\" data-end=\"603\"><strong data-start=\"545\" data-end=\"603\">Men hvad, hvis de bar kefiyah i stedet for elefanthue?<\/strong><\/p>\n<p data-start=\"605\" data-end=\"949\">BOPA udf\u00f8rte angreb p\u00e5 cykelfabrikker, v\u00e5benproducenter og benzindepoter \u2013 med det klare m\u00e5l at lamme nazisternes krigsmaskine. Deres metoder omfattede ikke blot spr\u00e6ngstoffer, men ogs\u00e5 systematisk overv\u00e5gning, infiltration og brug af v\u00e5ben. Det var organiseret vold med politisk motiv \u2013 n\u00f8jagtigt det, som i dag klassificeres som <em data-start=\"936\" data-end=\"948\">terrorisme<\/em>.<\/p>\n<p data-start=\"951\" data-end=\"996\"><strong data-start=\"951\" data-end=\"966\">Forskellen?<\/strong> Tiden, flaget og fort\u00e6lleren.<\/p>\n<p data-start=\"998\" data-end=\"1191\">N\u00e5r pal\u00e6stinensiske grupper angriber bes\u00e6ttelsesmagtens infrastruktur, kalder vi det terror. N\u00e5r BOPA gjorde det, kalder vi det frihedskamp. Samme midler. Samme m\u00e5l. Men et helt andet narrativ.<\/p>\n<p>[\/spb_text_block] [spb_blank_spacer height=&#8221;30px&#8221; width=&#8221;1\/1&#8243; el_position=&#8221;first last&#8221;] [spb_raw_html width=&#8221;1\/1&#8243; el_position=&#8221;first last&#8221;]JTNDc3R5bGUlM0UlMEEucmVzcG9uc2l2ZS10YWJsZSUyMCU3QiUwQSUyMCUyMHdpZHRoJTNBJTIwMTAwJTI1JTNCJTBBJTIwJTIwYm9yZGVyLWNvbGxhcHNlJTNBJTIwY29sbGFwc2UlM0IlMEElMjAlMjBmb250LWZhbWlseSUzQSUyMHNhbnMtc2VyaWYlM0IlMEElMjAlMjBib3JkZXIlM0ElMjAxcHglMjBzb2xpZCUyMCUyM2NjYyUzQiUwQSU3RCUwQS5yZXNwb25zaXZlLXRhYmxlJTIwdGglMkMlMEEucmVzcG9uc2l2ZS10YWJsZSUyMHRkJTIwJTdCJTBBJTIwJTIwYm9yZGVyJTNBJTIwMXB4JTIwc29saWQlMjAlMjNjY2MlM0IlMEElMjAlMjBwYWRkaW5nJTNBJTIwMTBweCUzQiUwQSUyMCUyMHRleHQtYWxpZ24lM0ElMjBsZWZ0JTNCJTBBJTIwJTIwdmVydGljYWwtYWxpZ24lM0ElMjB0b3AlM0IlMEElN0QlMEEucmVzcG9uc2l2ZS10YWJsZSUyMHRoJTIwJTdCJTBBJTIwJTIwYmFja2dyb3VuZC1jb2xvciUzQSUyMCUyM2YwZjBmMCUzQiUwQSUyMCUyMGNvbG9yJTNBJTIwJTIzMzMzJTNCJTBBJTIwJTIwZm9udC13ZWlnaHQlM0ElMjBib2xkJTNCJTBBJTdEJTBBJTNDJTJGc3R5bGUlM0UlMEElMEElM0N0YWJsZSUyMGNsYXNzJTNEJTIycmVzcG9uc2l2ZS10YWJsZSUyMiUzRSUwQSUyMCUyMCUzQ3RoZWFkJTNFJTBBJTIwJTIwJTIwJTIwJTNDdHIlM0UlMEElMjAlMjAlMjAlMjAlMjAlMjAlM0N0aCUzRVRJRCUyMCUyNiUyMFNURUQlM0MlMkZ0aCUzRSUwQSUyMCUyMCUyMCUyMCUyMCUyMCUzQ3RoJTNFSEFORExJTkclMjAlMjYlMjBMRURFTFNFJTNDJTJGdGglM0UlMEElMjAlMjAlMjAlMjAlMjAlMjAlM0N0aCUzRU5VVElESUclMjBCRVRFR05FTFNFJTNDJTJGdGglM0UlMEElMjAlMjAlMjAlMjAlM0MlMkZ0ciUzRSUwQSUyMCUyMCUzQyUyRnRoZWFkJTNFJTBBJTIwJTIwJTNDdGJvZHklM0UlMEElMjAlMjAlMjAlMjAlM0N0ciUzRSUwQSUyMCUyMCUyMCUyMCUyMCUyMCUzQ3RkJTNFRmVicnVhciUyMDE5NDUlMjAlRTIlODAlOTMlMjBWYW5sJUMzJUI4c2UlM0MlMkZ0ZCUzRSUwQSUyMCUyMCUyMCUyMCUyMCUyMCUzQ3RkJTNFQW5ncmViJTIwcCVDMyVBNSUyMHR5c2slMjBiZW56aW5sYWdlci4lMjBMZWRldCUyMGFmJTIwUyVDMyVCOHJlbiUyMEVob2xtJTIwTGF1cml0c2VuJTIwJTI4JUUyJTgwJTlDTGlsbGUlMjBTdmVuZCVFMiU4MCU5RCUyOS4lM0MlMkZ0ZCUzRSUwQSUyMCUyMCUyMCUyMCUyMCUyMCUzQ3RkJTNFQmV2JUMzJUE2Ym5ldCUyMHRlcnJvcmFuZ3JlYiUyMG1vZCUyMGVuZXJnaWZvcnN5bmluZyUzQyUyRnRkJTNFJTBBJTIwJTIwJTIwJTIwJTNDJTJGdHIlM0UlMEElMjAlMjAlMjAlMjAlM0N0ciUzRSUwQSUyMCUyMCUyMCUyMCUyMCUyMCUzQ3RkJTNFTWFydHMlMjAxOTQ1JTIwJUUyJTgwJTkzJTIwRnJlZGVyaWtzYmVyZyUzQyUyRnRkJTNFJTBBJTIwJTIwJTIwJTIwJTIwJTIwJTNDdGQlM0VTcHIlQzMlQTZuZ25pbmclMjBhZiUyMEFsd2F5cyUyMHJhZGlvZmFicmlrLiUyMEJPUEEtbmV0diVDMyVBNnJrJTIwYWt0aXZ0LiUzQyUyRnRkJTNFJTBBJTIwJTIwJTIwJTIwJTIwJTIwJTNDdGQlM0VJbmR1c3RyaXNhYm90YWdlJTIwbW9kJTIwY2l2aWwlMjBpbmZyYXN0cnVrdHVyJTNDJTJGdGQlM0UlMEElMjAlMjAlMjAlMjAlM0MlMkZ0ciUzRSUwQSUyMCUyMCUyMCUyMCUzQ3RyJTNFJTBBJTIwJTIwJTIwJTIwJTIwJTIwJTNDdGQlM0UxOTQ0JTIwJUUyJTgwJTkzJTIwTm9yZGhhdm4lMjAlMjhLJUMzJUI4YmVuaGF2biUyOSUzQyUyRnRkJTNFJTBBJTIwJTIwJTIwJTIwJTIwJTIwJTNDdGQlM0VTcHIlQzMlQTZuZ25pbmclMjBhZiUyMERhbnNrJTIwSW5kdXN0cmlzeW5kaWthdC4lMjA0MDAlMjBrZyUyMHNwciVDMyVBNm5nc3RvZi4lM0MlMkZ0ZCUzRSUwQSUyMCUyMCUyMCUyMCUyMCUyMCUzQ3RkJTNFRWtzcGxvc2l2dCUyMGFuZ3JlYiUyMHAlQzMlQTUlMjB2JUMzJUE1YmVuZmFicmlrJTNDJTJGdGQlM0UlMEElMjAlMjAlMjAlMjAlM0MlMkZ0ciUzRSUwQSUyMCUyMCUyMCUyMCUzQ3RyJTNFJTBBJTIwJTIwJTIwJTIwJTIwJTIwJTNDdGQlM0UxOTQ0JTIwJUUyJTgwJTkzJTIwR2xvYnVzJTIwQ3lrZWxmYWJyaWslMkMlMjBWYWxieSUzQyUyRnRkJTNFJTBBJTIwJTIwJTIwJTIwJTIwJTIwJTNDdGQlM0VJbnNpZGVyaW5mb3JtYXRpb24lMjB1ZGwlQzMlQjhzdGUlMjBzcHIlQzMlQTZuZ25pbmclMjBhZiUyMHByb2R1a3Rpb25zbGluamVyJTIwdGlsJTIwZmx5ZGVsZS4lM0MlMkZ0ZCUzRSUwQSUyMCUyMCUyMCUyMCUyMCUyMCUzQ3RkJTNFRGVzdHJ1a3Rpb24lMjBhZiUyMG1pbGl0JUMzJUE2ciUyMHJlbGF0ZXJldCUyMGluZHVzdHJpJTNDJTJGdGQlM0UlMEElMjAlMjAlMjAlMjAlM0MlMkZ0ciUzRSUwQSUyMCUyMCUyMCUyMCUzQ3RyJTNFJTBBJTIwJTIwJTIwJTIwJTIwJTIwJTNDdGQlM0VFZnRlciVDMyVBNXIlMjAxOTQ0JTIwJUUyJTgwJTkzJTIwSW5kcmUlMjBCeSUyQyUyMEslQzMlQjhiZW5oYXZuJTNDJTJGdGQlM0UlMEElMjAlMjAlMjAlMjAlMjAlMjAlM0N0ZCUzRVRyJUMzJUE2bmluZyUyMGklMjB2JUMzJUE1YmVuYnJ1ZyUyMG9nJTIwc2Fib3RhZ2UlMjBmb3IlMjB1bmdlJTIwYWt0aXZpc3RlciUyMGklMjBib2xpZ29tciVDMyVBNWRlci4lM0MlMkZ0ZCUzRSUwQSUyMCUyMCUyMCUyMCUyMCUyMCUzQ3RkJTNFUGFyYW1pbGl0JUMzJUE2ciUyMHRyJUMzJUE2bmluZyUyMGklMjBjaXZpbCUyMGJlYnlnZ2Vsc2UlM0MlMkZ0ZCUzRSUwQSUyMCUyMCUyMCUyMCUzQyUyRnRyJTNFJTBBJTIwJTIwJTIwJTIwJTNDdHIlM0UlMEElMjAlMjAlMjAlMjAlMjAlMjAlM0N0ZCUzRTE5NDQlMjAlRTIlODAlOTMlMjAlQzMlODVyaHVzJTIwQyUzQyUyRnRkJTNFJTBBJTIwJTIwJTIwJTIwJTIwJTIwJTNDdGQlM0VBbmdyZWIlMjBwJUMzJUE1JTIwdiVDMyVBNnJuZW1hZ3RlbnMlMjBsYWdlcmJ5Z25pbmdlci4lMjBMb2thbHQlMjBtb2RzdGFuZHNuZXR2JUMzJUE2cmslMjBpbnZvbHZlcmV0LiUzQyUyRnRkJTNFJTBBJTIwJTIwJTIwJTIwJTIwJTIwJTNDdGQlM0VWJUMzJUE2Ym5ldCUyMGFuZ3JlYiUyMHAlQzMlQTUlMjBsb2dpc3Rpc2slMjBpbmZyYXN0cnVrdHVyJTNDJTJGdGQlM0UlMEElMjAlMjAlMjAlMjAlM0MlMkZ0ciUzRSUwQSUyMCUyMCUyMCUyMCUzQ3RyJTNFJTBBJTIwJTIwJTIwJTIwJTIwJTIwJTNDdGQlM0UxOTQ1JTIwJUUyJTgwJTkzJTIwT2RlbnNlJTNDJTJGdGQlM0UlMEElMjAlMjAlMjAlMjAlMjAlMjAlM0N0ZCUzRUVrc3Bsb3Npb24lMjB2ZWQlMjB0eXNrJTIwa29udHJvbHBvc3QuJTIwVGlkc2luZHN0aWxsZXQlMjBhbm9yZG5pbmcuJTIwVWRmJUMzJUI4cnQlMjBhZiUyMEJPUEEtY2VsbGUuJTNDJTJGdGQlM0UlMEElMjAlMjAlMjAlMjAlMjAlMjAlM0N0ZCUzRVRlcnJvcmFuZ3JlYiUyMG1vZCUyMG1pbGl0JUMzJUE2cnQlMjBjaGVja3BvaW50c3lzdGVtJTNDJTJGdGQlM0UlMEElMjAlMjAlMjAlMjAlM0MlMkZ0ciUzRSUwQSUyMCUyMCUyMCUyMCUzQ3RyJTNFJTBBJTIwJTIwJTIwJTIwJTIwJTIwJTNDdGQlM0UxOTQ0JTIwJUUyJTgwJTkzJTIwRXNiamVyZyUyMEhhdm4lM0MlMkZ0ZCUzRSUwQSUyMCUyMCUyMCUyMCUyMCUyMCUzQ3RkJTNFU2Fib3RhZ2UlMjBtb2QlMjBqZXJuYmFuZXNwb3IlMjBvZyUyMGhhdm5la3JhbmVyLiUyMExlZGV0JTIwYWYlMjBsb2thbGUlMjBha3RpdmlzdGVyLiUzQyUyRnRkJTNFJTBBJTIwJTIwJTIwJTIwJTIwJTIwJTNDdGQlM0VJbmZyYXN0cnVrdHVyYW5ncmViJTIwbW9kJTIwa3JpZ3Nsb2dpc3RpayUzQyUyRnRkJTNFJTBBJTIwJTIwJTIwJTIwJTNDJTJGdHIlM0UlMEElMjAlMjAlM0MlMkZ0Ym9keSUzRSUwQSUzQyUyRnRhYmxlJTNFJTBB[\/spb_raw_html] [spb_blank_spacer height=&#8221;30px&#8221; width=&#8221;1\/1&#8243; el_position=&#8221;first last&#8221;] [spb_text_block animation=&#8221;none&#8221; animation_delay=&#8221;0&#8243; simplified_controls=&#8221;yes&#8221; custom_css_percentage=&#8221;no&#8221; padding_vertical=&#8221;0&#8243; padding_horizontal=&#8221;0&#8243; margin_vertical=&#8221;0&#8243; custom_css=&#8221;margin-top: 0px;margin-bottom: 0px;&#8221; border_size=&#8221;0&#8243; border_styling_global=&#8221;default&#8221; width=&#8221;1\/1&#8243; el_position=&#8221;first last&#8221;]<\/p>\n<h2 data-start=\"285\" data-end=\"350\">TERRORISTKIRKEG\u00c5RD<\/h2>\n<h3 data-start=\"285\" data-end=\"350\">ELLER POLITISK FORBL\u00c6NDELSE?<\/h3>\n<p data-start=\"352\" data-end=\"609\">Mindelunden Ryvangen i Hellerup er i dag et fredeligt monument. Men for 80 \u00e5r siden var det noget andet: en kirkeg\u00e5rd for de \u201chardcore terrorister\u201d, som den nazistiske bes\u00e6ttelsesmagt kaldte dem. I dag kalder vi dem helte \u2013 dengang var de fjender af staten.<\/p>\n<p data-start=\"611\" data-end=\"707\">Men hvem bestemmer, hvorn\u00e5r en mand med en bombe er frihedsk\u00e6mper \u2013 og hvorn\u00e5r han er terrorist?<\/p>\n<h3 data-start=\"709\" data-end=\"762\">HVAD HVIS DE BAR KEFIYAH I STEDET FOR ELEFANTHUE?<\/h3>\n<p data-start=\"764\" data-end=\"955\">Vi fejrer de danske terrorceller, der bombede fabrikker, sk\u00f8d tyske officerer og spr\u00e6ngte togskinner. Men n\u00e5r Hamas g\u00f8r det samme i dag, under en anden bes\u00e6ttelsesmagt \u2013 kalder vi det terror.<\/p>\n<p data-start=\"957\" data-end=\"1133\">Mindelunden spejler vores dobbeltmoral. Det, vi i dag hylder som mod, blev dengang kaldt ekstremisme. Og det, vi i dag kalder terror, vil m\u00e5ske i morgen blive set som modstand.<\/p>\n<h3 data-start=\"1135\" data-end=\"1183\">FRA NAZISTISK BES\u00c6TTELSE TIL POLITISK AMNESI<\/h3>\n<p data-start=\"1185\" data-end=\"1419\">I 1943 overtog den tyske v\u00e6rnemagt omr\u00e5det i Ryvangen. Her blev 202 danskere henrettet \u2013 kaldt terrorister, d\u00f8mt uden rettergang og begravet uden navn. Mange tilh\u00f8rte BOPA \u2013 en gruppe, som i tyske dokumenter blev kaldt <em data-start=\"1404\" data-end=\"1418\">Terrorbanden<\/em>.<\/p>\n<p data-start=\"1421\" data-end=\"1534\">I dag l\u00e6gger politikere blomster over deres grave. Samtidig sender de droner mod andre, der bruger samme metoder.<\/p>\n<p data-start=\"1536\" data-end=\"1651\"><strong data-start=\"1536\" data-end=\"1651\">Kan du hylde terror, s\u00e5 l\u00e6nge det ligger 80 \u00e5r tilbage? Eller kalder du det modstand, fordi flaget er dit eget?<\/strong><\/p>\n<p>[\/spb_text_block] [spb_blank_spacer height=&#8221;30px&#8221; width=&#8221;1\/1&#8243; el_position=&#8221;first last&#8221;] [spb_raw_html width=&#8221;1\/1&#8243; el_position=&#8221;first last&#8221;]JTNDZGl2JTIwc3R5bGUlM0QlMjJwb3NpdGlvbiUzQSUyMHJlbGF0aXZlJTNCJTIwcGFkZGluZy1ib3R0b20lM0ElMjA1Ni4yNSUyNSUzQiUyMGhlaWdodCUzQSUyMDAlM0IlMjBvdmVyZmxvdyUzQSUyMGhpZGRlbiUzQiUyMG1heC13aWR0aCUzQSUyMDEwMCUyNSUzQiUyMGhlaWdodCUzQSUyMGF1dG8lM0IlMjIlM0UlMEElMjAlMjAlM0NpZnJhbWUlMjAlMEElMjAlMjAlMjAlMjBzcmMlM0QlMjJodHRwcyUzQSUyRiUyRnd3dy55b3V0dWJlLmNvbSUyRmVtYmVkJTJGV1FKbzJXV2tfVTAlMjIlMjAlMEElMjAlMjAlMjAlMjB0aXRsZSUzRCUyMjk5JTIwJUMzJUE1cmlnJTIwZm9ydCVDMyVBNmxsZXIlM0ElMjBTJUMzJUE1ZGFuJTIwYmVrJUMzJUE2bXBlZGUlMjB2aSUyMG5hemlzdGVybmUlMjAlN0MlMjBXV0lJJTIyJTBBJTIwJTIwJTIwJTIwZnJhbWVib3JkZXIlM0QlMjIwJTIyJTIwJTBBJTIwJTIwJTIwJTIwYWxsb3clM0QlMjJhY2NlbGVyb21ldGVyJTNCJTIwYXV0b3BsYXklM0IlMjBjbGlwYm9hcmQtd3JpdGUlM0IlMjBlbmNyeXB0ZWQtbWVkaWElM0IlMjBneXJvc2NvcGUlM0IlMjBwaWN0dXJlLWluLXBpY3R1cmUlM0IlMjB3ZWItc2hhcmUlMjIlMEElMjAlMjAlMjAlMjBhbGxvd2Z1bGxzY3JlZW4lMjAlMEElMjAlMjAlMjAlMjBzdHlsZSUzRCUyMnBvc2l0aW9uJTNBJTIwYWJzb2x1dGUlM0IlMjB0b3AlM0ElMjAwJTNCJTIwbGVmdCUzQSUyMDAlM0IlMjB3aWR0aCUzQSUyMDEwMCUyNSUzQiUyMGhlaWdodCUzQSUyMDEwMCUyNSUzQiUyMiUzRSUwQSUyMCUyMCUzQyUyRmlmcmFtZSUzRSUwQSUzQyUyRmRpdiUzRSUwQQ==[\/spb_raw_html] [spb_blank_spacer height=&#8221;30px&#8221; width=&#8221;1\/1&#8243; el_position=&#8221;first last&#8221;] [spb_text_block animation=&#8221;none&#8221; animation_delay=&#8221;0&#8243; simplified_controls=&#8221;yes&#8221; custom_css_percentage=&#8221;no&#8221; padding_vertical=&#8221;0&#8243; padding_horizontal=&#8221;0&#8243; margin_vertical=&#8221;0&#8243; custom_css=&#8221;margin-top: 0px;margin-bottom: 0px;&#8221; border_size=&#8221;0&#8243; border_styling_global=&#8221;default&#8221; width=&#8221;1\/1&#8243; el_position=&#8221;first last&#8221;]<\/p>\n<h2>MINDELUNDEN, HAMAD &amp; HAMAS<\/h2>\n<h3>FRIHEDSKAMP ELLER TERROR &#8211; HVEM BESTEMMER?<\/h3>\n<p>Hver 4. maj samles Danmark for at hylde frihedskampen mod nazismen. I Mindelunden mindes vi de faldne danske modstandsfolk, der satte livet p\u00e5 spil i kampen mod bes\u00e6ttelsen. Men samtidig ford\u00f8mmer danske politikere pal\u00e6stinensere, der i dag g\u00f8r modstand mod bes\u00e6ttelse. Sp\u00f8rgsm\u00e5let er ubehageligt men n\u00f8dvendigt: <em>Hvorn\u00e5r er en modstandsbev\u00e6gelse en terrororganisation?<\/em><\/p>\n<p>Mindelunden i Ryvangen er et nationalt mindesm\u00e6rke. Her ligger over 100 danske modstandsfolk begravet, herunder medlemmmer af Hvidstengruppen og Holger Danske. Deres gerninger omfattede sabotage, spionage og v\u00e6bnet modstand mod en udenlandsk bes\u00e6ttelsesmagt. I dag kalder vi dem helte. Dengang kaldte tyskerne dem &#8220;terrorister&#8221;.<\/p>\n<h3>MEN HVAD ER EGETNLIG SAMMENH\u00c6NGEN MELLEM DEN DANSKE MODSTANDSBEV\u00c6GELDE OG HAMAS<\/h3>\n<p>[\/spb_text_block] [spb_blank_spacer height=&#8221;30px&#8221; width=&#8221;1\/1&#8243; el_position=&#8221;first last&#8221;] [spb_image image=&#8221;46186&#8243; image_size=&#8221;full&#8221; frame=&#8221;noframe&#8221; caption_pos=&#8221;hover&#8221; remove_rounded=&#8221;yes&#8221; fullwidth=&#8221;no&#8221; overflow_mode=&#8221;none&#8221; link_target=&#8221;_self&#8221; lightbox=&#8221;no&#8221; intro_animation=&#8221;none&#8221; animation_delay=&#8221;200&#8243; width=&#8221;1\/1&#8243; el_position=&#8221;first last&#8221;][\/spb_image] [spb_blank_spacer height=&#8221;30px&#8221; width=&#8221;1\/1&#8243; el_position=&#8221;first last&#8221;] [spb_text_block animation=&#8221;none&#8221; animation_delay=&#8221;0&#8243; simplified_controls=&#8221;yes&#8221; custom_css_percentage=&#8221;no&#8221; padding_vertical=&#8221;0&#8243; padding_horizontal=&#8221;0&#8243; margin_vertical=&#8221;0&#8243; custom_css=&#8221;margin-top: 0px;margin-bottom: 0px;&#8221; border_size=&#8221;0&#8243; border_styling_global=&#8221;default&#8221; width=&#8221;1\/1&#8243; el_position=&#8221;first last&#8221;]<\/p>\n<blockquote>\n<p data-start=\"349\" data-end=\"533\"><em>Hvordan kan du \u2013 Mette Frederiksen \u2013 kalde andre for \u201chardcore terrorister\u201d, samtidig med at din egen bror tjener penge p\u00e5 krigsmateriel, der muligvis bruges i de samme konflikter?<\/em><\/p>\n<\/blockquote>\n<p data-start=\"540\" data-end=\"674\">Er det statsministerens rolle at fremme v\u00e5beneksport, mens du ford\u00f8mmer dem, der k\u00e6mper mod den bes\u00e6ttelse, vi andre kalder apartheid? Hvordan har du med din stor bror, <strong><a href=\"https:\/\/zlcopenhagen.com\/da\/mettes-bror-scorer-millioner-paa-hendes-krigsfantasier\/\" target=\"_blank\" rel=\"noopener\">Per Frederiksen<\/a><\/strong>, der score profit p\u00e5 krig?<\/p>\n<h3><\/h3>\n<p>[\/spb_text_block] [spb_text_block animation=&#8221;none&#8221; animation_delay=&#8221;0&#8243; simplified_controls=&#8221;yes&#8221; custom_css_percentage=&#8221;no&#8221; padding_vertical=&#8221;0&#8243; padding_horizontal=&#8221;0&#8243; margin_vertical=&#8221;0&#8243; custom_css=&#8221;margin-top: 0px;margin-bottom: 0px;&#8221; border_size=&#8221;0&#8243; border_styling_global=&#8221;default&#8221; width=&#8221;1\/1&#8243; el_position=&#8221;first last&#8221;][\/spb_text_block] [spb_raw_html width=&#8221;1\/1&#8243; el_position=&#8221;first last&#8221;]JTNDZGl2JTIwc3R5bGUlM0QlMjJwb3NpdGlvbiUzQSUyMHJlbGF0aXZlJTNCJTIwcGFkZGluZy1ib3R0b20lM0ElMjA1Ni4yNSUyNSUzQiUyMGhlaWdodCUzQSUyMDAlM0IlMjBvdmVyZmxvdyUzQSUyMGhpZGRlbiUzQiUyMiUzRSUwQSUyMCUyMCUzQ2lmcmFtZSUyMHNyYyUzRCUyMmh0dHBzJTNBJTJGJTJGd3d3LnlvdXR1YmUuY29tJTJGZW1iZWQlMkY5d1hpVVRGSllyQSUyMiUwQSUyMCUyMCUyMCUyMCUyMCUyMCUyMCUyMCUyMCUyMHRpdGxlJTNEJTIyRVA2JTIwJUUyJTgwJTkzJTIwODAlMjBZRUFSUyUyMExBVEVSJTNBJTIwRlJPTSUyME5BWkklMjBDT05DRU5UUkFUSU9OJTIwQ0FNUFMlMjBUTyUyMFBPTElDRSUyMExBQkVMUyUzQSUyMEFMTU9TVCUyMEFSUkVTVEVEJTIwQVQlMjBNSU5ERUxVTkRFTiUyMiUwQSUyMCUyMCUyMCUyMCUyMCUyMCUyMCUyMCUyMCUyMGZyYW1lYm9yZGVyJTNEJTIyMCUyMiUwQSUyMCUyMCUyMCUyMCUyMCUyMCUyMCUyMCUyMCUyMGFsbG93JTNEJTIyYWNjZWxlcm9tZXRlciUzQiUyMGF1dG9wbGF5JTNCJTIwY2xpcGJvYXJkLXdyaXRlJTNCJTIwZW5jcnlwdGVkLW1lZGlhJTNCJTIwZ3lyb3Njb3BlJTNCJTIwcGljdHVyZS1pbi1waWN0dXJlJTNCJTIwd2ViLXNoYXJlJTIyJTBBJTIwJTIwJTIwJTIwJTIwJTIwJTIwJTIwJTIwJTIwcmVmZXJyZXJwb2xpY3klM0QlMjJzdHJpY3Qtb3JpZ2luLXdoZW4tY3Jvc3Mtb3JpZ2luJTIyJTBBJTIwJTIwJTIwJTIwJTIwJTIwJTIwJTIwJTIwJTIwYWxsb3dmdWxsc2NyZWVuJTBBJTIwJTIwJTIwJTIwJTIwJTIwJTIwJTIwJTIwJTIwc3R5bGUlM0QlMjJwb3NpdGlvbiUzQSUyMGFic29sdXRlJTNCJTIwdG9wJTNBJTIwMCUzQiUyMGxlZnQlM0ElMjAwJTNCJTIwd2lkdGglM0ElMjAxMDAlMjUlM0IlMjBoZWlnaHQlM0ElMjAxMDAlMjUlM0IlMjIlM0UlMEElMjAlMjAlM0MlMkZpZnJhbWUlM0UlMEElM0MlMkZkaXYlM0UlMEE=[\/spb_raw_html] [spb_text_block animation=&#8221;none&#8221; animation_delay=&#8221;0&#8243; simplified_controls=&#8221;yes&#8221; custom_css_percentage=&#8221;no&#8221; padding_vertical=&#8221;0&#8243; padding_horizontal=&#8221;0&#8243; margin_vertical=&#8221;0&#8243; custom_css=&#8221;margin-top: 0px;margin-bottom: 0px;&#8221; border_size=&#8221;0&#8243; border_styling_global=&#8221;default&#8221; width=&#8221;1\/1&#8243; el_position=&#8221;first last&#8221;][\/spb_text_block] [spb_blank_spacer height=&#8221;30px&#8221; width=&#8221;1\/1&#8243; el_position=&#8221;first last&#8221;] [spb_text_block animation=&#8221;none&#8221; animation_delay=&#8221;0&#8243; simplified_controls=&#8221;yes&#8221; custom_css_percentage=&#8221;no&#8221; padding_vertical=&#8221;0&#8243; padding_horizontal=&#8221;0&#8243; margin_vertical=&#8221;0&#8243; custom_css=&#8221;margin-top: 0px;margin-bottom: 0px;&#8221; border_size=&#8221;0&#8243; border_styling_global=&#8221;default&#8221; width=&#8221;1\/1&#8243; el_position=&#8221;first last&#8221;]<\/p>\n<p>&nbsp;<\/p>\n<h2>TABAAH HO GAYE<\/h2>\n<h3>OG L\u00c6RKEN FL\u00d8J UDEN MIG<\/h3>\n<p>[\/spb_text_block] [spb_blank_spacer height=&#8221;30px&#8221; width=&#8221;1\/1&#8243; el_position=&#8221;first last&#8221;] [spb_raw_html width=&#8221;1\/1&#8243; el_position=&#8221;first last&#8221;]JTNDZGl2JTIwc3R5bGUlM0QlMjJwb3NpdGlvbiUzQSUyMHJlbGF0aXZlJTNCJTIwcGFkZGluZy1ib3R0b20lM0ElMjA1Ni4yNSUyNSUzQiUyMGhlaWdodCUzQSUyMDAlM0IlMjBvdmVyZmxvdyUzQSUyMGhpZGRlbiUzQiUyMG1heC13aWR0aCUzQSUyMDEwMCUyNSUzQiUyMGhlaWdodCUzQSUyMGF1dG8lM0IlMjIlM0UlMjAlM0NpZnJhbWUlMjBzcmMlM0QlMjJodHRwcyUzQSUyRiUyRnd3dy55b3V0dWJlLmNvbSUyRmVtYmVkJTJGUW85MDg2NnItVm8lMjIlMjB0aXRsZSUzRCUyMlRhYmFhaCUyMEhvJTIwR2F5ZSUyMC0lMjBLYWxhbmslMjIlMjBmcmFtZWJvcmRlciUzRCUyMjAlMjIlMjBhbGxvdyUzRCUyMmFjY2VsZXJvbWV0ZXIlM0IlMjBhdXRvcGxheSUzQiUyMGNsaXBib2FyZC13cml0ZSUzQiUyMGVuY3J5cHRlZC1tZWRpYSUzQiUyMGd5cm9zY29wZSUzQiUyMHBpY3R1cmUtaW4tcGljdHVyZSUzQiUyMHdlYi1zaGFyZSUyMiUyMGFsbG93ZnVsbHNjcmVlbiUyMHN0eWxlJTNEJTIycG9zaXRpb24lM0ElMjBhYnNvbHV0ZSUzQiUyMHRvcCUzQSUyMDAlM0IlMjBsZWZ0JTNBJTIwMCUzQiUyMHdpZHRoJTNBJTIwMTAwJTI1JTNCJTIwaGVpZ2h0JTNBJTIwMTAwJTI1JTNCJTIyJTNFJTNDJTJGaWZyYW1lJTNFJTIwJTNDJTJGZGl2JTNF[\/spb_raw_html] [spb_blank_spacer height=&#8221;30px&#8221; width=&#8221;1\/1&#8243; el_position=&#8221;first last&#8221;] [spb_text_block animation=&#8221;none&#8221; animation_delay=&#8221;0&#8243; simplified_controls=&#8221;yes&#8221; custom_css_percentage=&#8221;no&#8221; padding_vertical=&#8221;0&#8243; padding_horizontal=&#8221;0&#8243; margin_vertical=&#8221;0&#8243; custom_css=&#8221;margin-top: 0px;margin-bottom: 0px;&#8221; border_size=&#8221;0&#8243; border_styling_global=&#8221;default&#8221; width=&#8221;1\/1&#8243; el_position=&#8221;first last&#8221;]<\/p>\n<h2 data-pm-slice=\"1 1 []\">FAQ OM MINDELUNDEN, MODSTANDSBEV\u00c6GELSEN OG HAMAS<\/h2>\n<h4><strong>Hvad er Mindelunden?<\/strong><\/h4>\n<p>Mindelunden i Ryvangen, Hellerup, er et nationalt mindesm\u00e6rke dedikeret til de danske modstandsfolk, der blev henrettet af den tyske bes\u00e6ttelsesmagt under Anden Verdenskrig. Stedet rummer grave, mindetavler og monumenter, som \u00e6rer frihedsk\u00e6mpernes indsats.<\/p>\n<h4><strong>Hvad er form\u00e5let med Mindelunden?<\/strong><\/h4>\n<p>Mindelunden er en symbolsk og fysisk plads for refleksion, historisk oplysning og national hukommelse om mod og frihedskamp. Den bruges til \u00e5rlige h\u00f8jtideligheder som 4. maj (Danmarks befrielse), 9. april (bes\u00e6ttelsen) og 29. august (oph\u00f8ret af samarbejdspolitikken).<\/p>\n<h4><strong>Hvad er forbindelsen mellem Hamas og modstandsfolkene i Mindelunden?<\/strong><\/h4>\n<p>B\u00e5de de danske modstandsfolk og pal\u00e6stinensiske grupper som Hamas er \u2013 set fra forskellige perspektiver \u2013 blevet betragtet som frihedsk\u00e6mpere af nogle og terrorister af andre. Hvor modstandsfolkene blev kaldt terrorister af den tyske bes\u00e6ttelsesmagt, blev de efter krigen h\u00e6dret som helte i Danmark. Hamas\u2019 status er kontroversiel og pr\u00e6get af politisk uenighed. De ser sig selv som en modstandsbev\u00e6gelse mod bes\u00e6ttelse, mens mange vestlige stater kalder dem en terrororganisation. Pointen er at sp\u00f8rge: Hvem bestemmer narrativet, og hvad sker der, n\u00e5r vi glemmer konteksten?<\/p>\n<h4><strong>Hvorfor kaldes Hamas terrorister, mens danske modstandsfolk kaldes helte?<\/strong><\/h4>\n<p>Historien skrives af sejrherrerne. Danske modstandsfolk blev kaldt terrorister af bes\u00e6ttelsesmagten, men regnes i dag for helte. Hamas udspringer af en langvarig konflikt med r\u00f8dder i bes\u00e6ttelse, undertrykkelse og manglende selvbestemmelse. At kalde dem terrorister uden at forst\u00e5 deres oprindelse er at forn\u00e6gte nuancerne. Dette handler ikke om at retf\u00e6rdigg\u00f8re vold, men om at forst\u00e5 konteksten bag.<\/p>\n<h4><strong>Hvad er Hamas?<\/strong><\/h4>\n<p>Hamas blev grundlagt i 1987 som en pal\u00e6stinensisk modstandsbev\u00e6gelse under den f\u00f8rste intifada. Deres grundlag bygger p\u00e5 modstand mod Israels bes\u00e6ttelse af pal\u00e6stinensisk territorium. Organisationen har en politisk og en milit\u00e6r fl\u00f8j, og deres metoder er blevet kritiseret af mange, men de nyder ogs\u00e5 st\u00f8tte blandt pal\u00e6stinensere, der ser dem som en forsvarskraft mod bes\u00e6ttelse. Hamas k\u00e6mper Israel, et land, der bliver kaldt for en terrororganisation af bl.a. USA og EU.<\/p>\n<h4><strong>Hvilke kendte danskere er begravet i Mindelunden?<\/strong><\/h4>\n<p>Medlemmer af Hvidstengruppen, Holger Danske og andre prominente modstandsgrupper, bl.a. Bent Faurschou-Hviid (Flammen), Kaj Munk (mindetavle), og de henrettede efter Schalburgtagen.<\/p>\n<h4><strong>Hvad er meningen med at sammenligne Hamas og modstandsfolk?<\/strong><\/h4>\n<p>Sammenligningen er ikke for at ligestille metoder, men for at stille skarpt p\u00e5, hvordan vi bruger betegnelser som &#8220;terrorist&#8221; og &#8220;helt&#8221; afh\u00e6ngigt af hvem, hvorn\u00e5r og hvorfra man ser. Det er en opfordring til at reflektere over dobbeltstandarder og historieskrivning \u2013 og til at v\u00e6re kritisk over for ensidig politisk retorik.<\/p>\n<div>\n<hr \/>\n<\/div>\n<h3>Mindelunden Ryvangen<br \/>\nTuborgvej 33<br \/>\n2900 Hellerup<br \/>\nDanmark<\/h3>\n<p>[\/spb_text_block] [spb_blank_spacer height=&#8221;30px&#8221; width=&#8221;1\/1&#8243; el_position=&#8221;first last&#8221;] [spb_raw_html width=&#8221;1\/1&#8243; el_position=&#8221;first last&#8221;]JTNDaWZyYW1lJTIwJTBBJTIwJTIwc3JjJTNEJTIyaHR0cHMlM0ElMkYlMkZ3d3cuZ29vZ2xlLmNvbSUyRm1hcHMlMkZlbWJlZCUzRnBiJTNEJTIxMW0xOCUyMTFtMTIlMjExbTMlMjExZDIyNDQuOTU4Nzk4NjkwMzcyNSUyMTJkMTIuNTYxNTA2NDc2NjQwMDA2JTIxM2Q1NS43MTM3MDk4OTY2MzQzMyUyMTJtMyUyMTFmMCUyMTJmMCUyMTNmMCUyMTNtMiUyMTFpMTAyNCUyMTJpNzY4JTIxNGYxMy4xJTIxM20zJTIxMW0yJTIxMXMweDQ2NTI1MmRjODRmYTQ3NzklMjUzQTB4NjZkYzEyNDU4OGU5YmM0MSUyMTJzTWluZGVsdW5kZW4lMjUyMFJ5dmFuZ2VuJTIxNWUwJTIxM20yJTIxMXNlbiUyMTJzZGslMjE0djE3MTQ5ODQ5OTcyNzUlMjE1bTIlMjExc2VuJTIxMnNkayUyMiUyMCUwQSUyMCUyMHdpZHRoJTNEJTIyMTAwJTI1JTIyJTIwJTBBJTIwJTIwaGVpZ2h0JTNEJTIyMzAwJTIyJTIwJTBBJTIwJTIwc3R5bGUlM0QlMjJib3JkZXIlM0EwJTNCJTIyJTIwJTBBJTIwJTIwYWxsb3dmdWxsc2NyZWVuJTNEJTIyJTIyJTIwJTBBJTIwJTIwbG9hZGluZyUzRCUyMmxhenklMjIlMjAlMEElMjAlMjByZWZlcnJlcnBvbGljeSUzRCUyMm5vLXJlZmVycmVyLXdoZW4tZG93bmdyYWRlJTIyJTNFJTBBJTNDJTJGaWZyYW1lJTNFJTBB[\/spb_raw_html] [spb_blank_spacer height=&#8221;30px&#8221; width=&#8221;1\/1&#8243; el_position=&#8221;first last&#8221;] [spb_image image_size=&#8221;full&#8221; frame=&#8221;noframe&#8221; caption_pos=&#8221;hover&#8221; remove_rounded=&#8221;yes&#8221; fullwidth=&#8221;no&#8221; overflow_mode=&#8221;none&#8221; link_target=&#8221;_self&#8221; lightbox=&#8221;no&#8221; intro_animation=&#8221;none&#8221; animation_delay=&#8221;200&#8243; width=&#8221;1\/1&#8243; el_position=&#8221;first last&#8221;][\/spb_image] [spb_text_block animation=&#8221;none&#8221; animation_delay=&#8221;0&#8243; simplified_controls=&#8221;yes&#8221; custom_css_percentage=&#8221;no&#8221; padding_vertical=&#8221;0&#8243; padding_horizontal=&#8221;0&#8243; margin_vertical=&#8221;0&#8243; custom_css=&#8221;margin-top: 0px;margin-bottom: 0px;&#8221; border_size=&#8221;0&#8243; border_styling_global=&#8221;default&#8221; width=&#8221;1\/1&#8243; el_position=&#8221;first last&#8221;]<\/p>\n<h3 data-start=\"173\" data-end=\"215\">FRIHED DENGANG, I DAG\u2026 OG I MORGEN?<\/h3>\n<div class=\"_tableContainer_16hzy_1\">\n<div class=\"_tableWrapper_16hzy_14 group flex w-fit flex-col-reverse\" tabindex=\"-1\">\n<table class=\"w-fit min-w-(--thread-content-width)\" data-start=\"217\" data-end=\"823\">\n<thead data-start=\"217\" data-end=\"291\">\n<tr data-start=\"217\" data-end=\"291\">\n<th data-start=\"217\" data-end=\"241\" data-col-size=\"md\"><strong data-start=\"219\" data-end=\"240\">Dengang (1940-45)<\/strong><\/th>\n<th data-start=\"241\" data-end=\"260\" data-col-size=\"md\"><strong data-start=\"243\" data-end=\"259\">I dag (2025)<\/strong><\/th>\n<th data-start=\"260\" data-end=\"291\" data-col-size=\"md\"><strong data-start=\"262\" data-end=\"289\">Hvis vi ikke siger fra\u2026<\/strong><\/th>\n<\/tr>\n<\/thead>\n<tbody data-start=\"368\" data-end=\"823\">\n<tr data-start=\"368\" data-end=\"523\">\n<td data-start=\"368\" data-end=\"414\" data-col-size=\"md\">Censur, overv\u00e5gning, vilk\u00e5rlige anholdelser<\/td>\n<td data-start=\"414\" data-end=\"464\" data-col-size=\"md\">Retssikkerhed, GDPR, ytringsfrihed (p\u00e5 papiret)<\/td>\n<td data-start=\"464\" data-end=\"523\" data-col-size=\"md\">\u00d8get overv\u00e5gning, social censur, &#8220;forebyggende&#8221; kontrol<\/td>\n<\/tr>\n<tr data-start=\"524\" data-end=\"648\">\n<td data-start=\"524\" data-end=\"553\" data-col-size=\"md\">Modstand blev kaldt terror<\/td>\n<td data-start=\"553\" data-end=\"603\" data-col-size=\"md\">Kritik tolereres \u2013 men m\u00f8des ofte med stempling<\/td>\n<td data-start=\"603\" data-end=\"648\" data-col-size=\"md\">Kritik af magten kan blive kriminaliseret<\/td>\n<\/tr>\n<tr data-start=\"649\" data-end=\"823\">\n<td data-start=\"649\" data-end=\"701\" data-col-size=\"md\">Gestapo og medl\u00f8bere stak borgere til bes\u00e6ttelsen<\/td>\n<td data-start=\"701\" data-end=\"762\" data-col-size=\"md\">Politiet fotograferer og overv\u00e5ger borgere uden forklaring<\/td>\n<td data-start=\"762\" data-end=\"823\" data-col-size=\"md\">Digital profilering, registrering og tavs marginalisering<\/td>\n<\/tr>\n<\/tbody>\n<\/table>\n<\/div>\n<\/div>\n<p>[\/spb_text_block] [spb_text_block animation=&#8221;none&#8221; animation_delay=&#8221;0&#8243; simplified_controls=&#8221;yes&#8221; custom_css_percentage=&#8221;no&#8221; padding_vertical=&#8221;0&#8243; padding_horizontal=&#8221;0&#8243; margin_vertical=&#8221;0&#8243; custom_css=&#8221;margin-top: 0px;margin-bottom: 0px;&#8221; border_size=&#8221;0&#8243; border_styling_global=&#8221;default&#8221; width=&#8221;1\/1&#8243; el_position=&#8221;first last&#8221;]<\/p>\n<h3 data-start=\"206\" data-end=\"251\">DINE RETTIGHEDER I DANMARK \u2013 EKSEMPLER<\/h3>\n<div class=\"_tableContainer_16hzy_1\">\n<div class=\"_tableWrapper_16hzy_14 group flex w-fit flex-col-reverse\" tabindex=\"-1\">\n<table class=\"w-fit min-w-(--thread-content-width)\" data-start=\"253\" data-end=\"1500\">\n<thead data-start=\"253\" data-end=\"318\">\n<tr data-start=\"253\" data-end=\"318\">\n<th data-start=\"253\" data-end=\"269\" data-col-size=\"md\"><strong data-start=\"255\" data-end=\"268\">Rettighed<\/strong><\/th>\n<th data-start=\"269\" data-end=\"292\" data-col-size=\"md\"><strong data-start=\"271\" data-end=\"291\">Hvad det betyder<\/strong><\/th>\n<th data-start=\"292\" data-end=\"318\" data-col-size=\"md\"><strong data-start=\"294\" data-end=\"316\">Eksempel i praksis<\/strong><\/th>\n<\/tr>\n<\/thead>\n<tbody data-start=\"386\" data-end=\"1500\">\n<tr data-start=\"386\" data-end=\"567\">\n<td data-start=\"386\" data-end=\"406\" data-col-size=\"md\"><strong data-start=\"388\" data-end=\"405\">Ytringsfrihed<\/strong><\/td>\n<td data-start=\"406\" data-end=\"469\" data-col-size=\"md\">Du m\u00e5 sige, skrive og mene, hvad du vil \u2013 ogs\u00e5 om magthavere<\/td>\n<td data-start=\"469\" data-end=\"567\" data-col-size=\"md\">Du m\u00e5 kritisere regeringen offentligt uden straf (s\u00e5 l\u00e6nge det ikke er trusler eller injurier)<\/td>\n<\/tr>\n<tr data-start=\"568\" data-end=\"755\">\n<td data-start=\"568\" data-end=\"615\" data-col-size=\"md\"><strong data-start=\"570\" data-end=\"591\">Ret til privatliv<\/strong> (Grundloven \u00a772, GDPR)<\/td>\n<td data-start=\"615\" data-end=\"679\" data-col-size=\"md\">Din kommunikation og dine data er beskyttet \u2013 ogs\u00e5 mod staten<\/td>\n<td data-start=\"679\" data-end=\"755\" data-col-size=\"md\">Politiet m\u00e5 ikke afl\u00e6se din telefon eller overv\u00e5ge dig uden retskendelse<\/td>\n<\/tr>\n<tr data-start=\"756\" data-end=\"936\">\n<td data-start=\"756\" data-end=\"781\" data-col-size=\"md\"><strong data-start=\"758\" data-end=\"780\">Ret til aktindsigt<\/strong><\/td>\n<td data-start=\"781\" data-end=\"861\" data-col-size=\"md\">Du har ret til at se, hvad myndighederne skriver om dig og deres beslutninger<\/td>\n<td data-start=\"861\" data-end=\"936\" data-col-size=\"md\">Du kan bede om dokumenter fra fx kommunen, politiet eller ministerierne<\/td>\n<\/tr>\n<tr data-start=\"937\" data-end=\"1142\">\n<td data-start=\"937\" data-end=\"996\" data-col-size=\"md\"><strong data-start=\"939\" data-end=\"995\">Ret til ikke at blive filmet\/fotograferet uden grund<\/strong><\/td>\n<td data-start=\"996\" data-end=\"1063\" data-col-size=\"md\">Offentlige myndigheder m\u00e5 kun tage billeder\/video med lovhjemmel<\/td>\n<td data-start=\"1063\" data-end=\"1142\" data-col-size=\"md\">Hvis politiet fotograferer dig uden saglig grund, kan det v\u00e6re et GDPR-brud<\/td>\n<\/tr>\n<tr data-start=\"1143\" data-end=\"1311\">\n<td data-start=\"1143\" data-end=\"1167\" data-col-size=\"md\"><strong data-start=\"1145\" data-end=\"1166\">Ret til forsvarer<\/strong><\/td>\n<td data-start=\"1167\" data-end=\"1238\" data-col-size=\"md\">Du har altid ret til en advokat \u2013 is\u00e6r ved anholdelse eller afh\u00f8ring<\/td>\n<td data-start=\"1238\" data-end=\"1311\" data-col-size=\"md\">Politiet skal oplyse dig om retten til advokat \u2013 og du kan v\u00e6lge selv<\/td>\n<\/tr>\n<tr data-start=\"1312\" data-end=\"1500\">\n<td data-start=\"1312\" data-end=\"1354\" data-col-size=\"md\"><strong data-start=\"1314\" data-end=\"1353\">Ret til ikke at blive diskrimineret<\/strong><\/td>\n<td data-start=\"1354\" data-end=\"1431\" data-col-size=\"md\">Din religion, hudfarve eller etnicitet m\u00e5 ikke f\u00f8re til forskelsbehandling<\/td>\n<td data-start=\"1431\" data-end=\"1500\" data-col-size=\"md\">Du m\u00e5 ikke stoppes af politiet alene fordi du &#8220;ser anderledes ud&#8221;<\/td>\n<\/tr>\n<\/tbody>\n<\/table>\n<\/div>\n<\/div>\n<div class=\"_tableContainer_16hzy_1\"><\/div>\n<p>[\/spb_text_block]<\/p>\n","protected":false},"excerpt":{"rendered":"<p>[spb_text_block animation=&#8221;none&#8221; animation_delay=&#8221;0&#8243; simplified_controls=&#8221;yes&#8221; custom_css_percentage=&#8221;no&#8221; padding_vertical=&#8221;0&#8243; padding_horizontal=&#8221;0&#8243; margin_vertical=&#8221;0&#8243; custom_css=&#8221;margin-top: 0px;margin-bottom: 0px;&#8221; border_size=&#8221;0&#8243; border_styling_global=&#8221;default&#8221; width=&#8221;1\/1&#8243; el_position=&#8221;first last&#8221;] VELKOMMEN TIL TERRORISTREDE Mindelunden, Ryvangen \u2013 Hellerup. 4. maj 2025 Jeg stod d\u00e9r, omgivet af kranse og kameraer, hvor Danmark mindes sine modstandsfolk. \u201cOg hvis nogle af de barbariske danske terrorister fik skudt hovedet af, ja, s\u00e5 er der nok ingen, der savner dem.\u201d\u2014 [&hellip;]<\/p>\n","protected":false},"author":2,"featured_media":0,"comment_status":"closed","ping_status":"closed","sticky":false,"template":"","format":"standard","meta":{"footnotes":""},"categories":[1640],"tags":[],"class_list":["post-46559","post","type-post","status-publish","format-standard","hentry","category-geopolitics-da"],"yoast_head":"<!-- This site is optimized with the Yoast SEO Premium plugin v26.6 (Yoast SEO v27.5) - https:\/\/yoast.com\/product\/yoast-seo-premium-wordpress\/ -->\n<title>Mindelunden 4. maj 2025 | BOPA hyldes - men hvad med Hamas?<\/title>\n<meta name=\"description\" content=\"Den 4. maj stod jeg i Mindelunden. BOPA hyldes \u2013 men pal\u00e6stinensere d\u00f8mmes. Hvorn\u00e5r kalder vi modstand heltemod \u2013 og hvorn\u00e5r terror?\" \/>\n<meta name=\"robots\" content=\"index, follow, max-snippet:-1, max-image-preview:large, max-video-preview:-1\" \/>\n<link rel=\"canonical\" href=\"https:\/\/zlcopenhagen.com\/da\/mindelunden-hamas-modstandsfolk\/\" \/>\n<meta property=\"og:locale\" content=\"da_DK\" \/>\n<meta property=\"og:type\" content=\"article\" \/>\n<meta property=\"og:title\" content=\"ZLCOPENHAGEN: Danish-Punjabi Ethical Menswear\" \/>\n<meta property=\"og:description\" content=\"ZLCOPENHAGEN merges Danish minimalism with Punjabi pride. Ethical menswear with muscle, message, and meaning. Designed with zidd.\" \/>\n<meta property=\"og:url\" content=\"https:\/\/zlcopenhagen.com\/da\/mindelunden-hamas-modstandsfolk\/\" \/>\n<meta property=\"og:site_name\" content=\"zlcopenhagen.com\" \/>\n<meta property=\"article:published_time\" content=\"2025-05-05T19:18:32+00:00\" \/>\n<meta property=\"article:modified_time\" content=\"2026-01-22T06:32:53+00:00\" \/>\n<meta property=\"og:image\" content=\"https:\/\/zlcopenhagen.com\/wp-content\/uploads\/2014\/11\/zlc-.jpg\" \/>\n\t<meta property=\"og:image:width\" content=\"1908\" \/>\n\t<meta property=\"og:image:height\" content=\"1062\" \/>\n\t<meta property=\"og:image:type\" content=\"image\/jpeg\" \/>\n<meta name=\"author\" content=\"ZLC Team\" \/>\n<meta name=\"twitter:card\" content=\"summary_large_image\" \/>\n<meta name=\"twitter:label1\" content=\"Skrevet af\" \/>\n\t<meta name=\"twitter:data1\" content=\"ZLC Team\" \/>\n\t<meta name=\"twitter:label2\" content=\"Estimeret l\u00e6setid\" \/>\n\t<meta name=\"twitter:data2\" content=\"10 minutter\" \/>\n<!-- \/ Yoast SEO Premium plugin. -->","yoast_head_json":{"title":"Mindelunden 4. maj 2025 | BOPA hyldes - men hvad med Hamas?","description":"Den 4. maj stod jeg i Mindelunden. BOPA hyldes \u2013 men pal\u00e6stinensere d\u00f8mmes. Hvorn\u00e5r kalder vi modstand heltemod \u2013 og hvorn\u00e5r terror?","robots":{"index":"index","follow":"follow","max-snippet":"max-snippet:-1","max-image-preview":"max-image-preview:large","max-video-preview":"max-video-preview:-1"},"canonical":"https:\/\/zlcopenhagen.com\/da\/mindelunden-hamas-modstandsfolk\/","og_locale":"da_DK","og_type":"article","og_title":"ZLCOPENHAGEN: Danish-Punjabi Ethical Menswear","og_description":"ZLCOPENHAGEN merges Danish minimalism with Punjabi pride. Ethical menswear with muscle, message, and meaning. Designed with zidd.","og_url":"https:\/\/zlcopenhagen.com\/da\/mindelunden-hamas-modstandsfolk\/","og_site_name":"zlcopenhagen.com","article_published_time":"2025-05-05T19:18:32+00:00","article_modified_time":"2026-01-22T06:32:53+00:00","og_image":[{"width":1908,"height":1062,"url":"https:\/\/zlcopenhagen.com\/wp-content\/uploads\/2014\/11\/zlc-.jpg","type":"image\/jpeg"}],"author":"ZLC Team","twitter_card":"summary_large_image","twitter_misc":{"Skrevet af":"ZLC Team","Estimeret l\u00e6setid":"10 minutter"},"schema":{"@context":"https:\/\/schema.org","@graph":[{"@type":["Article","BlogPosting"],"@id":"https:\/\/zlcopenhagen.com\/da\/mindelunden-hamas-modstandsfolk\/#article","isPartOf":{"@id":"https:\/\/zlcopenhagen.com\/da\/mindelunden-hamas-modstandsfolk\/"},"author":{"name":"ZLC Team","@id":"https:\/\/zlcopenhagen.com\/#\/schema\/person\/c7ce5649957ac4c1258910e89f0f5fb3"},"headline":"MINDELUNDEN \u2013 TERRORISTREDE ELLER FRIHEDENS HELLIGDOM?","datePublished":"2025-05-05T19:18:32+00:00","dateModified":"2026-01-22T06:32:53+00:00","mainEntityOfPage":{"@id":"https:\/\/zlcopenhagen.com\/da\/mindelunden-hamas-modstandsfolk\/"},"wordCount":3737,"publisher":{"@id":"https:\/\/zlcopenhagen.com\/#organization"},"articleSection":["Geopolitics"],"inLanguage":"da-DK","copyrightYear":"2025","copyrightHolder":{"@id":"https:\/\/zlcopenhagen.com\/#organization"}},{"@type":"WebPage","@id":"https:\/\/zlcopenhagen.com\/da\/mindelunden-hamas-modstandsfolk\/","url":"https:\/\/zlcopenhagen.com\/da\/mindelunden-hamas-modstandsfolk\/","name":"Mindelunden 4. maj 2025 | BOPA hyldes - men hvad med Hamas?","isPartOf":{"@id":"https:\/\/zlcopenhagen.com\/#website"},"datePublished":"2025-05-05T19:18:32+00:00","dateModified":"2026-01-22T06:32:53+00:00","description":"Den 4. maj stod jeg i Mindelunden. BOPA hyldes \u2013 men pal\u00e6stinensere d\u00f8mmes. Hvorn\u00e5r kalder vi modstand heltemod \u2013 og hvorn\u00e5r terror?","breadcrumb":{"@id":"https:\/\/zlcopenhagen.com\/da\/mindelunden-hamas-modstandsfolk\/#breadcrumb"},"inLanguage":"da-DK","potentialAction":[{"@type":"ReadAction","target":["https:\/\/zlcopenhagen.com\/da\/mindelunden-hamas-modstandsfolk\/"]}]},{"@type":"BreadcrumbList","@id":"https:\/\/zlcopenhagen.com\/da\/mindelunden-hamas-modstandsfolk\/#breadcrumb","itemListElement":[{"@type":"ListItem","position":1,"name":"Home","item":"https:\/\/zlcopenhagen.com\/da\/"},{"@type":"ListItem","position":2,"name":"MINDELUNDEN \u2013 TERRORISTREDE ELLER FRIHEDENS HELLIGDOM?"}]},{"@type":"WebSite","@id":"https:\/\/zlcopenhagen.com\/#website","url":"https:\/\/zlcopenhagen.com\/","name":"zlcopenhagen.com","description":"","publisher":{"@id":"https:\/\/zlcopenhagen.com\/#organization"},"potentialAction":[{"@type":"SearchAction","target":{"@type":"EntryPoint","urlTemplate":"https:\/\/zlcopenhagen.com\/?s={search_term_string}"},"query-input":{"@type":"PropertyValueSpecification","valueRequired":true,"valueName":"search_term_string"}}],"inLanguage":"da-DK"},{"@type":["Organization","Place"],"@id":"https:\/\/zlcopenhagen.com\/#organization","name":"ZLCOPENHAGEN","alternateName":"ZLCOPENHAGEN","url":"https:\/\/zlcopenhagen.com\/","logo":{"@id":"https:\/\/zlcopenhagen.com\/da\/mindelunden-hamas-modstandsfolk\/#local-main-organization-logo"},"image":{"@id":"https:\/\/zlcopenhagen.com\/da\/mindelunden-hamas-modstandsfolk\/#local-main-organization-logo"},"sameAs":["https:\/\/www.youtube.com\/channel\/UCy7JINwB6DMr2fA9yHpDQJg"],"telephone":[],"openingHoursSpecification":[{"@type":"OpeningHoursSpecification","dayOfWeek":["Monday","Tuesday","Wednesday","Thursday","Friday","Saturday","Sunday"],"opens":"09:00","closes":"17:00"}]},{"@type":"Person","@id":"https:\/\/zlcopenhagen.com\/#\/schema\/person\/c7ce5649957ac4c1258910e89f0f5fb3","name":"ZLC Team","image":{"@type":"ImageObject","inLanguage":"da-DK","@id":"https:\/\/secure.gravatar.com\/avatar\/bb92a8e9bdde1cf2114b74dce44557ee57d3909986eab1422fc34e9cce350044?s=96&d=mm&r=g","url":"https:\/\/secure.gravatar.com\/avatar\/bb92a8e9bdde1cf2114b74dce44557ee57d3909986eab1422fc34e9cce350044?s=96&d=mm&r=g","contentUrl":"https:\/\/secure.gravatar.com\/avatar\/bb92a8e9bdde1cf2114b74dce44557ee57d3909986eab1422fc34e9cce350044?s=96&d=mm&r=g","caption":"ZLC Team"}},{"@type":"ImageObject","inLanguage":"da-DK","@id":"https:\/\/zlcopenhagen.com\/da\/mindelunden-hamas-modstandsfolk\/#local-main-organization-logo","url":"https:\/\/zlcopenhagen.com\/wp-content\/uploads\/2016\/05\/blog-logo.jpg","contentUrl":"https:\/\/zlcopenhagen.com\/wp-content\/uploads\/2016\/05\/blog-logo.jpg","width":68,"height":68,"caption":"ZLCOPENHAGEN"}]}},"_links":{"self":[{"href":"https:\/\/zlcopenhagen.com\/da\/wp-json\/wp\/v2\/posts\/46559","targetHints":{"allow":["GET"]}}],"collection":[{"href":"https:\/\/zlcopenhagen.com\/da\/wp-json\/wp\/v2\/posts"}],"about":[{"href":"https:\/\/zlcopenhagen.com\/da\/wp-json\/wp\/v2\/types\/post"}],"author":[{"embeddable":true,"href":"https:\/\/zlcopenhagen.com\/da\/wp-json\/wp\/v2\/users\/2"}],"replies":[{"embeddable":true,"href":"https:\/\/zlcopenhagen.com\/da\/wp-json\/wp\/v2\/comments?post=46559"}],"version-history":[{"count":49,"href":"https:\/\/zlcopenhagen.com\/da\/wp-json\/wp\/v2\/posts\/46559\/revisions"}],"predecessor-version":[{"id":50113,"href":"https:\/\/zlcopenhagen.com\/da\/wp-json\/wp\/v2\/posts\/46559\/revisions\/50113"}],"wp:attachment":[{"href":"https:\/\/zlcopenhagen.com\/da\/wp-json\/wp\/v2\/media?parent=46559"}],"wp:term":[{"taxonomy":"category","embeddable":true,"href":"https:\/\/zlcopenhagen.com\/da\/wp-json\/wp\/v2\/categories?post=46559"},{"taxonomy":"post_tag","embeddable":true,"href":"https:\/\/zlcopenhagen.com\/da\/wp-json\/wp\/v2\/tags?post=46559"}],"curies":[{"name":"wp","href":"https:\/\/api.w.org\/{rel}","templated":true}]}}