{"id":46019,"date":"2025-04-20T05:50:28","date_gmt":"2025-04-20T04:50:28","guid":{"rendered":"https:\/\/zlcopenhagen.com\/?p=46019"},"modified":"2025-05-15T08:57:20","modified_gmt":"2025-05-15T07:57:20","slug":"statsstoettet-muslimhad-janus-moeller-sara-stadager","status":"publish","type":"post","link":"https:\/\/zlcopenhagen.com\/da\/statsstoettet-muslimhad-janus-moeller-sara-stadager\/","title":{"rendered":"POLITIANMELDELSE MOD DANSK J\u00d8DISK MUSEUM"},"content":{"rendered":"<p>[spb_text_block animation=&#8221;none&#8221; animation_delay=&#8221;0&#8243; simplified_controls=&#8221;yes&#8221; custom_css_percentage=&#8221;no&#8221; padding_vertical=&#8221;0&#8243; padding_horizontal=&#8221;0&#8243; margin_vertical=&#8221;0&#8243; custom_css=&#8221;margin-top: 0px;margin-bottom: 0px;&#8221; border_size=&#8221;0&#8243; border_styling_global=&#8221;default&#8221; width=&#8221;1\/1&#8243; el_position=&#8221;first last&#8221;]<\/p>\n<h3 data-start=\"387\" data-end=\"622\">Kladde, stadig under opbygning, skriv ring gerne hvis du har nogle tilf\u00f8jelser tak 50156010<\/h3>\n<p class=\"\" data-start=\"387\" data-end=\"622\"><strong data-start=\"387\" data-end=\"430\">Sara F. Stadager og Janus M\u00f8ller Jensen<\/strong> er nu <strong data-start=\"437\" data-end=\"454\">politianmeldt<\/strong> for deres rolle i PDF\u2019en <em data-start=\"480\" data-end=\"507\">\u201cAntisemitisme i Danmark\u201d<\/em>, der henviser direkte til MEMRI \u2013 en platform internationalt kritiseret for islamofobi og ideologisk manipulation.<\/p>\n<p class=\"\" data-start=\"624\" data-end=\"903\"><strong data-start=\"624\" data-end=\"727\">P\u00e5 trods af dokumentationen har B\u00f8rne- og Undervisningsministeriet for anden gang afvist aktindsigt<\/strong> og frasagt sig ansvar \u2013 selvom netop samme ministerium har udformet nationale handlingsplaner, der kr\u00e6ver kvalitetssikring af undervisningsmaterialer mod antisemitisme og had.<\/p>\n<p class=\"\" data-start=\"905\" data-end=\"1040\">\ud83d\udd39 <strong data-start=\"908\" data-end=\"953\">Materialet er stadig aktivt i folkeskoler<\/strong><br data-start=\"953\" data-end=\"956\" \/>\ud83d\udd39 <strong data-start=\"959\" data-end=\"1007\">Ingen kildekritik, disclaimer eller kontekst<\/strong><br data-start=\"1007\" data-end=\"1010\" \/>\ud83d\udd39 <strong data-start=\"1013\" data-end=\"1038\">MEMRI-link st\u00e5r ur\u00f8rt<\/strong><\/p>\n<p class=\"\" data-start=\"1042\" data-end=\"1281\">Denne sag handler ikke l\u00e6ngere blot om et PDF-link. Det handler om, hvordan <strong data-start=\"1118\" data-end=\"1145\">statsst\u00f8ttet propaganda<\/strong> f\u00e5r frit l\u00f8b \u2013 og hvordan embedsm\u00e6nd og museer <strong data-start=\"1193\" data-end=\"1226\">bevidst fraskriver sig ansvar<\/strong>, mens elever eksponeres for radikaliserende materiale.<\/p>\n<p>[\/spb_text_block] [spb_text_block animation=&#8221;none&#8221; animation_delay=&#8221;0&#8243; simplified_controls=&#8221;yes&#8221; custom_css_percentage=&#8221;no&#8221; padding_vertical=&#8221;0&#8243; padding_horizontal=&#8221;0&#8243; margin_vertical=&#8221;0&#8243; custom_css=&#8221;margin-top: 0px;margin-bottom: 0px;&#8221; border_size=&#8221;0&#8243; border_styling_global=&#8221;default&#8221; width=&#8221;1\/1&#8243; el_position=&#8221;first last&#8221;]<\/p>\n<h2 class=\"\" data-start=\"364\" data-end=\"461\">STATST\u00d8TTET MUSLIMHAD: POLITIANMELDELSE AF JANUS M\u00d8LLER JENSEN &amp; SARA STADAGER FOR MEMRI-PDF<\/h2>\n<h3 class=\"\" data-start=\"462\" data-end=\"561\">HVORDAN OFFENTLIGT ST\u00d8TTEDE INSTITUTIONER BIDRAGER TIL RELIGI\u00d8S STIGMATISERING I SKOLEOPLYSNING<\/h3>\n<p class=\"\" data-start=\"563\" data-end=\"667\">Statsligt finansieret muslimfjendtlighed er ikke l\u00e6ngere blot en p\u00e5stand \u2013 det er grundigt dokumenteret.<\/p>\n<p class=\"\" data-start=\"669\" data-end=\"833\">N\u00e5r myndigheder kalder det \u201coplysning\u201d, men sender skoleelever direkte til radikaliserende kilder som MEMRI, er det ikke en fejl. Det er et valg. Det er et m\u00f8nster.<\/p>\n<p class=\"\" data-start=\"835\" data-end=\"1059\">PDF\u2019en <em data-start=\"842\" data-end=\"869\">\u201cAntisemitisme i Danmark\u201d<\/em>, produceret af Dansk J\u00f8disk Museum, udgiver sig for at v\u00e6re neutral undervisning. I realiteten er det en ideologisk drejning, der legitimerer islamofobi under d\u00e6kke af historisk formidling.<\/p>\n<blockquote data-start=\"1061\" data-end=\"1230\">\n<p class=\"\" data-start=\"1063\" data-end=\"1230\"><em>\u201cDet her handler ikke bare om Gaza. Det handler om, hvad vi som samfund accepterer. Hvem vi ser som mennesker. Og hvem vi lader d\u00f8.\u201d<\/em><br data-start=\"1195\" data-end=\"1198\" \/><em>\u2013 Rajesh Lilleb\u00e6k Holmen, 2025<\/em><\/p>\n<\/blockquote>\n<p class=\"\" data-start=\"1232\" data-end=\"1511\">Bag denne PDF st\u00e5r konkrete navne \u2013 og med dem, ansvar.<br data-start=\"1287\" data-end=\"1290\" \/><strong data-start=\"1290\" data-end=\"1310\">Sara F. Stadager<\/strong>, museumsinspekt\u00f8r og hovedforfatter, og <strong data-start=\"1351\" data-end=\"1374\">Janus M\u00f8ller Jensen<\/strong>, direkt\u00f8r for Dansk J\u00f8disk Museum, er nu <strong data-start=\"1416\" data-end=\"1433\">politianmeldt<\/strong> for deres medvirken til udbredelse af radikaliserende undervisningsmateriale.<\/p>\n<hr class=\"\" data-start=\"1513\" data-end=\"1516\" \/>\n<h2 class=\"\" data-start=\"1518\" data-end=\"1553\">HVAD G\u00d8R PDF\u2019EN S\u00c5 PROBLEMATISK?<\/h2>\n<p class=\"\" data-start=\"1555\" data-end=\"1710\">Dokumentet henviser direkte til <strong data-start=\"1587\" data-end=\"1596\">MEMRI<\/strong> \u2013 en overs\u00e6ttelsestjeneste med dybe r\u00f8dder i israelske milit\u00e6re efterretningstjenester. MEMRI er berygtet for at:<\/p>\n<ul data-start=\"1712\" data-end=\"1851\">\n<li class=\"\" data-start=\"1712\" data-end=\"1775\">\n<p class=\"\" data-start=\"1714\" data-end=\"1775\">Klippe og overs\u00e6tte ekstremt islamisk indhold uden kontekst<\/p>\n<\/li>\n<li class=\"\" data-start=\"1776\" data-end=\"1805\">\n<p class=\"\" data-start=\"1778\" data-end=\"1805\">Ignorere moderate stemmer<\/p>\n<\/li>\n<li class=\"\" data-start=\"1806\" data-end=\"1851\">\n<p class=\"\" data-start=\"1808\" data-end=\"1851\">Pr\u00e6sentere islamisk teologi som faretruende<\/p>\n<\/li>\n<\/ul>\n<blockquote data-start=\"1853\" data-end=\"2027\">\n<p class=\"\" data-start=\"1855\" data-end=\"2027\"><em>\u201cPr\u00e6diken var oprindeligt p\u00e5 arabisk, men blev oversat af det amerikansk-baserede institut MEMRI, som har kontaktet Det J\u00f8diske Samfund i Danmark.\u201d<\/em><br data-start=\"2002\" data-end=\"2005\" \/><em data-start=\"2007\" data-end=\"2027\">(Citat fra PDF\u2019en)<\/em><\/p>\n<\/blockquote>\n<p class=\"\" data-start=\"2029\" data-end=\"2080\">Ingen kommentar, ingen kildekritik. Ingen advarsel.<\/p>\n<p class=\"\" data-start=\"2082\" data-end=\"2236\">N\u00e5r s\u00e5dan et materiale sendes direkte til skolebrug, pakket ind som \u201chistorisk indsigt\u201d, er det ikke formidling \u2013 det er statsunderst\u00f8ttet indoktrinering.<\/p>\n<hr class=\"\" data-start=\"2238\" data-end=\"2241\" \/>\n<h2 class=\"\" data-start=\"2243\" data-end=\"2297\">HVORFOR DET ER SYSTEMISK \u2013 OG JURIDISK PROBLEMATISK<\/h2>\n<p class=\"\" data-start=\"2299\" data-end=\"2468\">N\u00e5r staten anvender kilder med dokumenteret ideologisk bias \u2013 uden at forklare oprindelsen \u2013 ud\u00f8ver den ikke oplysning. Den f\u00f8rer en ensidig kulturkamp i klassev\u00e6relset.<\/p>\n<p class=\"\" data-start=\"2470\" data-end=\"2677\"><strong data-start=\"2470\" data-end=\"2529\">MEMRI er ikke journalistik \u2013 det er milit\u00e6r propaganda.<\/strong><br data-start=\"2529\" data-end=\"2532\" \/>Organisationen er grundlagt af en tidligere IDF-observat\u00f8r og drives med \u00e9t form\u00e5l: at forvride arabiske stemmer og fremstille islam som en fare.<\/p>\n<p class=\"\" data-start=\"2679\" data-end=\"2875\">N\u00e5r en statslig institution som Dansk J\u00f8disk Museum henviser til MEMRI uden at informere om kildeproblemer, overskrider det ikke bare p\u00e6dagogiske principper \u2013 men <strong data-start=\"2842\" data-end=\"2874\">rammer straffelovens gr\u00e6nser<\/strong>.<\/p>\n<hr class=\"\" data-start=\"2877\" data-end=\"2880\" \/>\n<h2 class=\"\" data-start=\"2882\" data-end=\"2900\">DET SIGER LOVEN<\/h2>\n<p class=\"\" data-start=\"2902\" data-end=\"3031\">If\u00f8lge <strong data-start=\"2909\" data-end=\"2931\">Straffeloven \u00a7266b<\/strong> er det forbudt at udtale sig eller udbrede materiale, der nedg\u00f8r eller truer grupper pga. religion.<\/p>\n<p class=\"\" data-start=\"3033\" data-end=\"3262\">N\u00e5r undervisningsmateriale fremstillet for statsmidler bruger en ideologisk kilde som MEMRI, og fremstiller muslimer som en latent trussel, kan det ikke forsvares som \u201coplysning\u201d. Det er diskrimination, <strong data-start=\"3236\" data-end=\"3261\">forkl\u00e6dt som dannelse<\/strong>.<\/p>\n<hr class=\"\" data-start=\"3264\" data-end=\"3267\" \/>\n<h2 class=\"\" data-start=\"3269\" data-end=\"3289\">POLITIANMELDELSEN<\/h2>\n<p class=\"\" data-start=\"3291\" data-end=\"3363\"><strong data-start=\"3291\" data-end=\"3311\">Sara F. Stadager<\/strong> og <strong data-start=\"3315\" data-end=\"3338\">Janus M\u00f8ller Jensen<\/strong> er nu politianmeldt for:<\/p>\n<ul data-start=\"3365\" data-end=\"3530\">\n<li class=\"\" data-start=\"3365\" data-end=\"3408\">\n<p class=\"\" data-start=\"3367\" data-end=\"3408\">Overtr\u00e6delse af <strong data-start=\"3383\" data-end=\"3406\">Straffelovens \u00a7266b<\/strong><\/p>\n<\/li>\n<li class=\"\" data-start=\"3409\" data-end=\"3445\">\n<p class=\"\" data-start=\"3411\" data-end=\"3445\"><strong data-start=\"3411\" data-end=\"3443\">Misbrug af offentlige midler<\/strong><\/p>\n<\/li>\n<li class=\"\" data-start=\"3446\" data-end=\"3530\">\n<p class=\"\" data-start=\"3448\" data-end=\"3530\">Udbredelse af <strong data-start=\"3462\" data-end=\"3513\">ideologisk, islamofobisk undervisningsmateriale<\/strong> til b\u00f8rn og unge<\/p>\n<\/li>\n<\/ul>\n<p class=\"\" data-start=\"3532\" data-end=\"3715\">De b\u00e6rer det fulde ansvar for at have underskrevet og distribueret dette PDF-materiale, som <strong data-start=\"3624\" data-end=\"3656\">nedg\u00f8r en religi\u00f8s minoritet<\/strong>, og anvender <strong data-start=\"3670\" data-end=\"3714\">milit\u00e6r propagandakilde i undervisningen<\/strong>.<\/p>\n<p>[\/spb_text_block] [spb_text_block animation=&#8221;none&#8221; animation_delay=&#8221;0&#8243; simplified_controls=&#8221;yes&#8221; custom_css_percentage=&#8221;no&#8221; padding_vertical=&#8221;0&#8243; padding_horizontal=&#8221;0&#8243; margin_vertical=&#8221;0&#8243; custom_css=&#8221;margin-top: 0px;margin-bottom: 0px;&#8221; border_size=&#8221;0&#8243; border_styling_global=&#8221;default&#8221; width=&#8221;1\/1&#8243; el_position=&#8221;first last&#8221;]<\/p>\n<h2 class=\"\" data-start=\"150\" data-end=\"217\">FINKELSTEIN: MEMRI ER STATSST\u00d8TTET PROPAGANDA \u2013 I NAZISMENS FORM<\/h2>\n<p class=\"\" data-start=\"219\" data-end=\"296\"><strong data-start=\"219\" data-end=\"296\">PROF. NORMAN G. FINKELSTEIN: MEMRI BRUGER NAZISTERNES PROPAGANDATEKNIKKER<\/strong><\/p>\n<p class=\"\" data-start=\"298\" data-end=\"642\">Middle East Media Research Institute (MEMRI) pr\u00e6senteres ofte som en \u201cneutral kilde\u201d i undervisningsmateriale, men bag facaden gemmer der sig en <strong data-start=\"443\" data-end=\"505\">radikaliserende akt\u00f8r med dokumenteret ideologisk slagside<\/strong>. N\u00e5r staten lader MEMRI optr\u00e6de i skolematerialer uden kritik, <strong data-start=\"569\" data-end=\"641\">bliver det statsligt finansieret islamofobi \u2013 forkl\u00e6dt som oplysning<\/strong>.<\/p>\n<blockquote data-start=\"644\" data-end=\"781\">\n<p class=\"\" data-start=\"646\" data-end=\"781\"><em>\u201cDe bruger de samme propagandateknikker som nazisterne.\u201d<\/em><br data-start=\"702\" data-end=\"705\" \/>\u2013 Prof. Norman G. Finkelstein, Ph.d. i politologi fra Princeton University<\/p>\n<\/blockquote>\n<p class=\"\" data-start=\"783\" data-end=\"1120\">Finkelstein \u2013 en af verdens mest anerkendte kritikere af israelsk udenrigspolitik \u2013 har i \u00e5rtier advaret mod <strong data-start=\"892\" data-end=\"932\">statssanktioneret muslimfjendtlighed<\/strong>, is\u00e6r n\u00e5r den udg\u00e5r fra institutioner som MEMRI. Han kalder organisationen for en \u201cpropagandamaskine\u201d, der <strong data-start=\"1040\" data-end=\"1119\">forvr\u00e6nger konteksten, manipulerer citater og udbreder islamofobisk indhold<\/strong>.<\/p>\n<p class=\"\" data-start=\"1122\" data-end=\"1496\">MEMRI opererer ikke i et vakuum. Dets materiale bliver distribueret til <strong data-start=\"1194\" data-end=\"1239\">vestlige embedsm\u00e6nd, politikere og skoler<\/strong> \u2013 ofte under d\u00e6kke af at v\u00e6re \u201cdokumentation\u201d. Men som Finkelstein fremh\u00e6ver, er det et v\u00e6rkt\u00f8j til at <strong data-start=\"1343\" data-end=\"1375\">d\u00e6monisere muslimske stemmer<\/strong> i globalt regi \u2013 og <strong data-start=\"1396\" data-end=\"1495\">n\u00e5r danske myndigheder ukritisk henviser til det, legitimeres det som statsst\u00f8ttet undervisning<\/strong>.<\/p>\n<p class=\"\" data-start=\"1498\" data-end=\"1626\">N\u00e5r MEMRI\u2019s manipulation pr\u00e6senteres som l\u00e6ring, bliver det en skjult kanal for <strong data-start=\"1578\" data-end=\"1608\">statsfinansieret muslimhad<\/strong> i klassev\u00e6relset.<\/p>\n<p class=\"\" data-start=\"1628\" data-end=\"1820\">Eksemplerne er mange. Georgetown-professor Halim Barakat blev af MEMRI fejlciteret i en artikel om zionisme \u2013 og MEMRI\u2019s forvr\u00e6ngede version blev senere brugt i kampagner mod akademisk frihed.<\/p>\n<p class=\"\" data-start=\"1822\" data-end=\"2083\">Denne praksis kan og b\u00f8r ikke overses, n\u00e5r <strong data-start=\"1865\" data-end=\"1946\">statslige akt\u00f8rer som Dansk J\u00f8disk Museum v\u00e6lger MEMRI som undervisningskilde<\/strong>. Det er ikke kun et brud p\u00e5 <strong data-start=\"1975\" data-end=\"2000\">p\u00e6dagogisk integritet<\/strong> \u2013 det er <strong data-start=\"2010\" data-end=\"2048\">systemisk, statsst\u00f8ttet propaganda<\/strong>, rettet mod en religi\u00f8s minoritet.<\/p>\n<p>[\/spb_text_block] [spb_blank_spacer height=&#8221;30px&#8221; width=&#8221;1\/1&#8243; el_position=&#8221;first last&#8221;] [spb_raw_html width=&#8221;1\/1&#8243; el_position=&#8221;first last&#8221;]JTNDZGl2JTIwc3R5bGUlM0QlMjJwb3NpdGlvbiUzQXJlbGF0aXZlJTNCcGFkZGluZy1ib3R0b20lM0E1Ni4yNSUyNSUzQmhlaWdodCUzQTAlM0JvdmVyZmxvdyUzQWhpZGRlbiUzQiUyMiUzRSUwQSUyMCUyMCUzQ2lmcmFtZSUyMHNyYyUzRCUyMmh0dHBzJTNBJTJGJTJGd3d3Lm1lbXJpLm9yZyUyRnBsYXllciUyRmNsaXAlMkYxMDY3NiUyRjElMkYxJTIyJTIwJTBBJTIwJTIwJTIwJTIwc3R5bGUlM0QlMjJwb3NpdGlvbiUzQWFic29sdXRlJTNCdG9wJTNBMCUzQmxlZnQlM0EwJTNCd2lkdGglM0ExMDAlMjUlM0JoZWlnaHQlM0ExMDAlMjUlM0IlMjIlMjAlMEElMjAlMjAlMjAlMjBmcmFtZWJvcmRlciUzRCUyMjAlMjIlMjBhbGxvd2Z1bGxzY3JlZW4lMjAlMEElMjAlMjAlMjAlMjB3ZWJraXRhbGxvd2Z1bGxzY3JlZW4lMjBtb3phbGxvd2Z1bGxzY3JlZW4lM0UlMEElMjAlMjAlM0MlMkZpZnJhbWUlM0UlMEElM0MlMkZkaXYlM0UlMEE=[\/spb_raw_html] [spb_blank_spacer height=&#8221;30px&#8221; width=&#8221;1\/1&#8243; el_position=&#8221;first last&#8221;] [spb_text_block animation=&#8221;none&#8221; animation_delay=&#8221;0&#8243; simplified_controls=&#8221;yes&#8221; custom_css_percentage=&#8221;no&#8221; padding_vertical=&#8221;0&#8243; padding_horizontal=&#8221;0&#8243; margin_vertical=&#8221;0&#8243; custom_css=&#8221;margin-top: 0px;margin-bottom: 0px;&#8221; border_size=&#8221;0&#8243; border_styling_global=&#8221;default&#8221; width=&#8221;1\/1&#8243; el_position=&#8221;first last&#8221;]<\/p>\n<h3 class=\"\" data-start=\"125\" data-end=\"211\">HVORFOR MEMRI ANGREBER FINKELSTEIN \u2013 OG HVAD DET BETYDER FOR STATSLIG UNDERVISNING<\/h3>\n<p class=\"\" data-start=\"213\" data-end=\"359\">MEMRI bruger Norman Finkelstein for at skr\u00e6mme og stigmatisere \u2013 is\u00e6r i undervisningsmateriale, hvor statslig st\u00f8tte giver propaganda legitimitet.<\/p>\n<p class=\"\" data-start=\"361\" data-end=\"498\">Han er j\u00f8de, professor, barn af Holocaust-overlevere \u2013 og en af verdens mest frygtl\u00f8se kritikere af Israel og amerikansk udenrigspolitik.<\/p>\n<p class=\"\" data-start=\"500\" data-end=\"580\">Og netop derfor er han farlig for MEMRI. For hvis en j\u00f8disk akademiker t\u00f8r sige:<\/p>\n<p class=\"\" data-start=\"582\" data-end=\"712\">&#8220;Israel og USA undertrykker arabiske lande.&#8221;<br data-start=\"626\" data-end=\"629\" \/>&#8220;Folk har ret til v\u00e6bnet modstand.&#8221;<br data-start=\"664\" data-end=\"667\" \/>&#8220;MEMRI bruger nazistiske propaganda-metoder.&#8221;<\/p>\n<p class=\"\" data-start=\"714\" data-end=\"783\">s\u00e5 kan det ikke afvises som antisemitisme eller muslimsk ekstremisme.<\/p>\n<p class=\"\" data-start=\"785\" data-end=\"899\">Hvad g\u00f8r MEMRI s\u00e5?<br data-start=\"803\" data-end=\"806\" \/>De klipper hans citater ud af kontekst. Fjerner hans analyser. Og f\u00e5r det til at lyde som om:<\/p>\n<p class=\"\" data-start=\"901\" data-end=\"970\">\u2013 Han \u201chylder terror\u201d<br data-start=\"922\" data-end=\"925\" \/>\u2013 Han \u201cforsvarer vold\u201d<br data-start=\"947\" data-end=\"950\" \/>\u2013 Han \u201chader Israel\u201d<\/p>\n<p class=\"\" data-start=\"972\" data-end=\"1182\">MEMRI misbruger hans ord som afskr\u00e6kkelse. Et skr\u00e6mmebillede, der skal lukke munden p\u00e5 andre. N\u00e5r denne taktik s\u00e5 \u2013 uden filter \u2013 finder vej til statsligt undervisningsmateriale, er det ikke bare et PR-problem.<\/p>\n<p class=\"\" data-start=\"1184\" data-end=\"1247\">Det er statsligt finansieret islamofobi forkl\u00e6dt som oplysning.<\/p>\n<hr class=\"\" data-start=\"1249\" data-end=\"1252\" \/>\n<h3 class=\"\" data-start=\"1254\" data-end=\"1295\">HVORFOR FINKELSTEIN ER DERES MARERIDT<\/h3>\n<ol data-start=\"1297\" data-end=\"1781\">\n<li class=\"\" data-start=\"1297\" data-end=\"1375\">\n<p class=\"\" data-start=\"1300\" data-end=\"1375\">Han er j\u00f8de<br data-start=\"1311\" data-end=\"1314\" \/>\u2192 Kan ikke stemples som antisemit \u2013 og d\u00e9t g\u00f8r ham farlig.<\/p>\n<\/li>\n<li class=\"\" data-start=\"1377\" data-end=\"1455\">\n<p class=\"\" data-start=\"1380\" data-end=\"1455\">Han er akademiker<br data-start=\"1397\" data-end=\"1400\" \/>\u2192 Hans kritik bygger p\u00e5 fakta og analyse \u2013 ikke had.<\/p>\n<\/li>\n<li class=\"\" data-start=\"1457\" data-end=\"1524\">\n<p class=\"\" data-start=\"1460\" data-end=\"1524\">Han kritiserer Israel \u00e5bent<br data-start=\"1487\" data-end=\"1490\" \/>\u2192 Det truer Hasbara-strategien.<\/p>\n<\/li>\n<li class=\"\" data-start=\"1526\" data-end=\"1642\">\n<p class=\"\" data-start=\"1529\" data-end=\"1642\">Han forsvarer pal\u00e6stinensisk modstand<br data-start=\"1566\" data-end=\"1569\" \/>\u2192 Ikke vold for voldens skyld, men et legitimt forsvar mod bes\u00e6ttelse.<\/p>\n<\/li>\n<li class=\"\" data-start=\"1644\" data-end=\"1781\">\n<p class=\"\" data-start=\"1647\" data-end=\"1781\">Han kalder MEMRI for propaganda<br data-start=\"1678\" data-end=\"1681\" \/>\u2192 Og sammenligner deres metoder med nazisternes \u2013 noget, selv mange kritikere ikke t\u00f8r sige h\u00f8jt.<\/p>\n<\/li>\n<\/ol>\n<hr class=\"\" data-start=\"1783\" data-end=\"1786\" \/>\n<h3 class=\"\" data-start=\"1788\" data-end=\"1843\">MEMRI&#8217;S STRATEGI \u2013 GENBRUGT I DANSK SKOLEMATERIALE?<\/h3>\n<p class=\"\" data-start=\"1845\" data-end=\"2030\">\u2013 Klip citater ud af sammenh\u00e6ng<br data-start=\"1876\" data-end=\"1879\" \/>\u2013 Udelad kontekst og historie<br data-start=\"1908\" data-end=\"1911\" \/>\u2013 Kald kritikere \u201cekstremister\u201d<br data-start=\"1942\" data-end=\"1945\" \/>\u2013 Cirkul\u00e9r det til medier og embedsv\u00e6rk<br data-start=\"1984\" data-end=\"1987\" \/>\u2013 Brug det til at skr\u00e6mme andre til tavshed<\/p>\n<p class=\"\" data-start=\"2032\" data-end=\"2264\">Det er ikke bare manipulation \u2013 det er metode. En metode, der ligner psykologisk krigsf\u00f8relse. Og n\u00e5r den metode importeres direkte i danske klassev\u00e6relser \u2013 uden disclaimer, uden balance \u2013 bliver propaganda til statsst\u00f8ttet pensum.<\/p>\n<p>[\/spb_text_block] [spb_text_block animation=&#8221;none&#8221; animation_delay=&#8221;0&#8243; simplified_controls=&#8221;yes&#8221; custom_css_percentage=&#8221;no&#8221; padding_vertical=&#8221;0&#8243; padding_horizontal=&#8221;0&#8243; margin_vertical=&#8221;0&#8243; custom_css=&#8221;margin-top: 0px;margin-bottom: 0px;&#8221; border_size=&#8221;0&#8243; border_styling_global=&#8221;default&#8221; width=&#8221;1\/1&#8243; el_position=&#8221;first last&#8221;]<\/p>\n<h3>HVORDAN MEMRI MISBRUGER FINKELSTEIN \u2013 FAKTATABEL<\/h3>\n<table style=\"width: 100%; border-collapse: collapse; font-family: Arial,sans-serif;\">\n<thead>\n<tr style=\"background-color: #f4f4f4;\">\n<th style=\"border: 1px solid #ccc; padding: 16px;\">FUNKTION<\/th>\n<th style=\"border: 1px solid #ccc; padding: 16px;\">FINKELSTEIN<\/th>\n<th style=\"border: 1px solid #ccc; padding: 16px;\">MEMRI\u2019S METODE<\/th>\n<\/tr>\n<\/thead>\n<tbody>\n<tr>\n<td style=\"border: 1px solid #ccc; padding: 16px;\">Kritik<\/td>\n<td style=\"border: 1px solid #ccc; padding: 16px;\">Kritiserer Israels politik og fremh\u00e6ver Pal\u00e6stinas ret til modstand<\/td>\n<td style=\"border: 1px solid #ccc; padding: 16px;\">Pr\u00e6senterer det som radikalisme og ekstremisme<\/td>\n<\/tr>\n<tr>\n<td style=\"border: 1px solid #ccc; padding: 16px;\">Religi\u00f8s baggrund<\/td>\n<td style=\"border: 1px solid #ccc; padding: 16px;\">J\u00f8de og barn af Holocaust-overlevere<\/td>\n<td style=\"border: 1px solid #ccc; padding: 16px;\">Ignorerer hans baggrund og kalder ham indirekte antisemit<\/td>\n<\/tr>\n<tr>\n<td style=\"border: 1px solid #ccc; padding: 16px;\">Budskab<\/td>\n<td style=\"border: 1px solid #ccc; padding: 16px;\">Fakta, historisk kontekst og modstand mod undertrykkelse<\/td>\n<td style=\"border: 1px solid #ccc; padding: 16px;\">Udelader konteksten og klipper enkelte citater<\/td>\n<\/tr>\n<tr>\n<td style=\"border: 1px solid #ccc; padding: 16px;\">Effekt<\/td>\n<td style=\"border: 1px solid #ccc; padding: 16px;\">Skaber debat og opfordrer til refleksion<\/td>\n<td style=\"border: 1px solid #ccc; padding: 16px;\">Skaber frygt og d\u00e6moniserer kritikere<\/td>\n<\/tr>\n<tr>\n<td style=\"border: 1px solid #ccc; padding: 16px;\">Hasbara-strategi<\/td>\n<td style=\"border: 1px solid #ccc; padding: 16px;\">Afsl\u00f8rer propaganda og dobbeltstandarder<\/td>\n<td style=\"border: 1px solid #ccc; padding: 16px;\">Bruger ham som skr\u00e6mmeeksempel for andre kritikere<\/td>\n<\/tr>\n<\/tbody>\n<\/table>\n<p>[\/spb_text_block] [spb_text_block animation=&#8221;none&#8221; animation_delay=&#8221;0&#8243; simplified_controls=&#8221;yes&#8221; custom_css_percentage=&#8221;no&#8221; padding_vertical=&#8221;0&#8243; padding_horizontal=&#8221;0&#8243; margin_vertical=&#8221;0&#8243; custom_css=&#8221;margin-top: 0px;margin-bottom: 0px;&#8221; border_size=&#8221;0&#8243; border_styling_global=&#8221;default&#8221; width=&#8221;1\/1&#8243; el_position=&#8221;first last&#8221;]<\/p>\n<h2 class=\"\" data-start=\"438\" data-end=\"504\">N\u00c5R HAD ER \u201cVID OG INDSIGT\u201d \u2013 HVIS DET KOMMER FRA DEN RETTE<\/h2>\n<blockquote data-start=\"506\" data-end=\"648\">\n<p class=\"\" data-start=\"508\" data-end=\"648\"><em data-start=\"508\" data-end=\"579\">\u201cDommedag kommer ikke f\u00f8r muslimerne bek\u00e6mper j\u00f8derne og dr\u00e6ber dem.\u201d<\/em><br data-start=\"579\" data-end=\"582\" \/><em data-start=\"584\" data-end=\"648\">\u2013 Hadith l\u00e6st op i Folketinget af Sj\u00far\u00f0ur Skaale, 30. maj 2024<\/em><\/p>\n<\/blockquote>\n<p class=\"\" data-start=\"781\" data-end=\"816\"><strong data-start=\"781\" data-end=\"816\">Mette Frederiksen sagde ordret:<\/strong><\/p>\n<blockquote data-start=\"818\" data-end=\"1113\">\n<p class=\"\" data-start=\"820\" data-end=\"1113\"><em data-start=\"820\" data-end=\"1113\">\u201cDet var \u2013 indtil nu \u2013 absolut dagens bedste tale. Og hvor det plejer at v\u00e6re humoren, de sproglige finurligheder og de litter\u00e6re eller kunstneriske referencer, der betager Folketinget, n\u00e5r Skaale g\u00e5r p\u00e5 talerstolen \u2013 s\u00e5 var det i dag: kl\u00f8gt, vid, indsigt og et opr\u00e5b om at huske historien.\u201d<\/em><\/p>\n<\/blockquote>\n<h3>D\u00d8DSKULTEN HAR VUNDET<\/h3>\n<h3>Sj\u00far\u00f0ur Skaale l\u00e6ser d\u00f8dshadith h\u00f8jt i Folketinget \u2013 og bliver rost af statsministeren<\/h3>\n<p>[\/spb_text_block] [spb_blank_spacer height=&#8221;30px&#8221; width=&#8221;1\/1&#8243; el_position=&#8221;first last&#8221;] [spb_raw_html width=&#8221;1\/1&#8243; el_position=&#8221;first last&#8221;]JTNDZGl2JTIwc3R5bGUlM0QlMjJwb3NpdGlvbiUzQSUyMHJlbGF0aXZlJTNCJTIwcGFkZGluZy1ib3R0b20lM0ElMjA1Ni4yNSUyNSUzQiUyMGhlaWdodCUzQSUyMDAlM0IlMjBvdmVyZmxvdyUzQSUyMGhpZGRlbiUzQiUyMG1heC13aWR0aCUzQSUyMDEwMCUyNSUzQiUyMGhlaWdodCUzQSUyMGF1dG8lM0IlMjIlM0UlMEElMjAlMjAlM0NpZnJhbWUlMjBzcmMlM0QlMjJodHRwcyUzQSUyRiUyRnd3dy55b3V0dWJlLmNvbSUyRmVtYmVkJTJGdmZOUDZ6ZTN4c1klMjIlMjAlMEElMjAlMjAlMjAlMjAlMjAlMjAlMjAlMjAlMjAlMjB0aXRsZSUzRCUyMklzcmFlbCUyMGVyJTIwU2FsbWFuJTIwUnVzaGRpZSUyMGJsYW50JTIwc3RhdGVyJTIwLSUyMFNqJUMzJUJBciVDMyVCMHVyJTIwU2thYWxlcyUyMGZhbnRhc3Rpc2tlJTIwdGFsZSUyMGklMjBGb2xrZXRpbmdldCUyMiUyMCUwQSUyMCUyMCUyMCUyMCUyMCUyMCUyMCUyMCUyMCUyMGZyYW1lYm9yZGVyJTNEJTIyMCUyMiUyMCUwQSUyMCUyMCUyMCUyMCUyMCUyMCUyMCUyMCUyMCUyMGFsbG93JTNEJTIyYWNjZWxlcm9tZXRlciUzQiUyMGF1dG9wbGF5JTNCJTIwY2xpcGJvYXJkLXdyaXRlJTNCJTIwZW5jcnlwdGVkLW1lZGlhJTNCJTIwZ3lyb3Njb3BlJTNCJTIwcGljdHVyZS1pbi1waWN0dXJlJTNCJTIwd2ViLXNoYXJlJTIyJTIwJTBBJTIwJTIwJTIwJTIwJTIwJTIwJTIwJTIwJTIwJTIwYWxsb3dmdWxsc2NyZWVuJTIwJTBBJTIwJTIwJTIwJTIwJTIwJTIwJTIwJTIwJTIwJTIwc3R5bGUlM0QlMjJwb3NpdGlvbiUzQSUyMGFic29sdXRlJTNCJTIwdG9wJTNBJTIwMCUzQiUyMGxlZnQlM0ElMjAwJTNCJTIwd2lkdGglM0ElMjAxMDAlMjUlM0IlMjBoZWlnaHQlM0ElMjAxMDAlMjUlM0IlMjIlM0UlMEElMjAlMjAlM0MlMkZpZnJhbWUlM0UlMEElM0MlMkZkaXYlM0UlMEE=[\/spb_raw_html] [spb_blank_spacer height=&#8221;30px&#8221; width=&#8221;1\/1&#8243; el_position=&#8221;first last&#8221;] [spb_text_block animation=&#8221;none&#8221; animation_delay=&#8221;0&#8243; simplified_controls=&#8221;yes&#8221; custom_css_percentage=&#8221;no&#8221; padding_vertical=&#8221;0&#8243; padding_horizontal=&#8221;0&#8243; margin_vertical=&#8221;0&#8243; custom_css=&#8221;margin-top: 0px;margin-bottom: 0px;&#8221; border_size=&#8221;0&#8243; border_styling_global=&#8221;default&#8221; width=&#8221;1\/1&#8243; el_position=&#8221;first last&#8221;]<\/p>\n<h2 class=\"\" data-start=\"1120\" data-end=\"1173\">MEN HVAD N\u00c5R VI CITERER ANDRE HELLIGE TEKSTER?<\/h2>\n<h3 data-start=\"1559\" data-end=\"1615\">DET HANDLER IKKE OM HAD \u2013 DET HANDLER OM HISTORIE<\/h3>\n<p class=\"\" data-start=\"1175\" data-end=\"1246\">Hvis man i stedet n\u00e6vner passager fra <strong data-start=\"1213\" data-end=\"1237\">Talmud eller Halakha<\/strong>, som fx:<\/p>\n<blockquote data-start=\"1248\" data-end=\"1346\">\n<p class=\"\" data-start=\"1250\" data-end=\"1346\"><em data-start=\"1250\" data-end=\"1324\">\u201cEn j\u00f8de m\u00e5 have samleje med en pige, s\u00e5 l\u00e6nge hun er tre \u00e5r og \u00e9n dag.\u201d<\/em><br data-start=\"1324\" data-end=\"1327\" \/><em data-start=\"1329\" data-end=\"1346\">(Sanhedrin 54b)<\/em><\/p>\n<\/blockquote>\n<p class=\"\" data-start=\"1348\" data-end=\"1404\">&#8230;s\u00e5 bliver man kaldt <strong data-start=\"1371\" data-end=\"1387\">antisemitisk<\/strong> og <strong data-start=\"1391\" data-end=\"1403\">kriminel<\/strong>.\u00a0<strong data-start=\"1409\" data-end=\"1424\">Forskellen?\u00a0<\/strong>Den ene l\u00e6ses op fra Folketingets talerstol og hyldes som \u201cindsigt\u201d. Den anden bruges som eksempel i debat \u2013 og kaldes had.<\/p>\n<p class=\"\" data-start=\"1617\" data-end=\"1765\">Religi\u00f8se tekster \u2013 uanset hvor ekstreme \u2013 <strong data-start=\"1660\" data-end=\"1699\">skal ikke censureres, men forklares<\/strong>. Vi lever i 2025 \u2013 ikke i et teokrati, hvor kritik er blasfemi.<\/p>\n<p class=\"\" data-start=\"1767\" data-end=\"1918\">Hvis man i det ene tilf\u00e6lde kalder det \u201chistorisk viden\u201d og i det andet kalder det \u201ckriminalitet\u201d, s\u00e5 er det ikke lovgivning. <strong data-start=\"1898\" data-end=\"1918\">Det er ideologi.<\/strong><\/p>\n<p>[\/spb_text_block] [spb_text_block animation=&#8221;none&#8221; animation_delay=&#8221;0&#8243; simplified_controls=&#8221;yes&#8221; custom_css_percentage=&#8221;no&#8221; padding_vertical=&#8221;0&#8243; padding_horizontal=&#8221;0&#8243; margin_vertical=&#8221;0&#8243; custom_css=&#8221;margin-top: 0px;margin-bottom: 0px;&#8221; border_size=&#8221;0&#8243; border_styling_global=&#8221;default&#8221; width=&#8221;1\/1&#8243; el_position=&#8221;first last&#8221;]<\/p>\n<h3>TALMUD: PROBLEMATISKE PASSAGER OG KILDER \u2013 FAKTUELT OG I KONTEKST<\/h3>\n<table style=\"width: 100%; border-collapse: collapse; border-spacing: 0 12px; font-family: Arial,sans-serif;\">\n<thead>\n<tr style=\"background-color: #f4f4f4;\">\n<th style=\"border: 1px solid #ccc; padding: 16px 20px;\">KILDE (TRAKTAT &amp; VERS)<\/th>\n<th style=\"border: 1px solid #ccc; padding: 16px 20px;\">CITAT (OVERSAT FRA ENGELSK)<\/th>\n<th style=\"border: 1px solid #ccc; padding: 16px 20px;\">KONTEKST OG FORKLARING<\/th>\n<\/tr>\n<\/thead>\n<tbody>\n<tr>\n<td style=\"border: 1px solid #ccc; padding: 16px 20px;\">Kethuboth 11a<\/td>\n<td style=\"border: 1px solid #ccc; padding: 16px 20px;\">\u201cA girl three years and one day old may be betrothed by intercourse.\u201d<\/td>\n<td style=\"border: 1px solid #ccc; padding: 16px 20px;\">Oldj\u00f8disk lov tillod juridisk \u00e6gteskab via samleje. I dag virker dette dybt st\u00f8dende, men teksten er juridisk \u2013 ikke normativ.<\/td>\n<\/tr>\n<tr>\n<td style=\"border: 1px solid #ccc; padding: 16px 20px;\">Sanhedrin 55b<\/td>\n<td style=\"border: 1px solid #ccc; padding: 16px 20px;\">\u201cIf a boy under nine years of age has intercourse with a woman, it is nothing.\u201d<\/td>\n<td style=\"border: 1px solid #ccc; padding: 16px 20px;\">Formuleringen omhandler juridisk ugyldighed \u2013 ikke accept. Men den fremst\u00e5r anst\u00f8delig i moderne l\u00e6sning.<\/td>\n<\/tr>\n<tr>\n<td style=\"border: 1px solid #ccc; padding: 16px 20px;\">Sanhedrin 54b<\/td>\n<td style=\"border: 1px solid #ccc; padding: 16px 20px;\">(Henviser indirekte til pige p\u00e5 \u201ctre \u00e5r og \u00e9n dag\u201d)<\/td>\n<td style=\"border: 1px solid #ccc; padding: 16px 20px;\">Bruges som st\u00f8tte til 55b og Kethuboth. Indg\u00e5r i juridisk diskussion \u2013 men misbruges ofte uden kontekst.<\/td>\n<\/tr>\n<tr>\n<td style=\"border: 1px solid #ccc; padding: 16px 20px;\">Yebamoth 60b<\/td>\n<td style=\"border: 1px solid #ccc; padding: 16px 20px;\">\u201cThe wife of a minor is not a wife.\u201d (Diskussion mellem Rab og Abaye)<\/td>\n<td style=\"border: 1px solid #ccc; padding: 16px 20px;\">Rabbinsk uenighed om, hvorn\u00e5r \u00e6gteskab er gyldigt. Viser lovfortolkning \u2013 ikke moralsk tilladelse.<\/td>\n<\/tr>\n<tr>\n<td style=\"border: 1px solid #ccc; padding: 16px 20px;\">Niddah 45a<\/td>\n<td style=\"border: 1px solid #ccc; padding: 16px 20px;\">\u201cA girl of three years and one day may be subject to defilement through intercourse.\u201d<\/td>\n<td style=\"border: 1px solid #ccc; padding: 16px 20px;\">Teksten er del af renheds- og urenhedslove (levitiske love) \u2013 men rummer st\u00e6rkt problematiske elementer.<\/td>\n<\/tr>\n<\/tbody>\n<\/table>\n<p>[\/spb_text_block] [spb_blank_spacer height=&#8221;30px&#8221; width=&#8221;1\/1&#8243; el_position=&#8221;first last&#8221;] [spb_text_block animation=&#8221;none&#8221; animation_delay=&#8221;0&#8243; simplified_controls=&#8221;yes&#8221; custom_css_percentage=&#8221;no&#8221; padding_vertical=&#8221;0&#8243; padding_horizontal=&#8221;0&#8243; margin_vertical=&#8221;0&#8243; custom_css=&#8221;margin-top: 0px;margin-bottom: 0px;&#8221; border_size=&#8221;0&#8243; border_styling_global=&#8221;default&#8221; width=&#8221;1\/1&#8243; el_position=&#8221;first last&#8221;]<\/p>\n<h2 class=\"\" data-start=\"305\" data-end=\"395\">MEMRI OG ISRAELSK MILIT\u00c6RPROPAGANDA<\/h2>\n<p>[\/spb_text_block] [spb_blank_spacer height=&#8221;30px&#8221; width=&#8221;1\/1&#8243; el_position=&#8221;first last&#8221;] [spb_raw_html width=&#8221;1\/1&#8243; el_position=&#8221;first last&#8221;]JTNDZGl2JTIwc3R5bGUlM0QlMjJwb3NpdGlvbiUzQXJlbGF0aXZlJTNCcGFkZGluZy1ib3R0b20lM0E1Ni4yNSUyNSUzQmhlaWdodCUzQTAlM0JvdmVyZmxvdyUzQWhpZGRlbiUzQiUyMiUzRSUwQSUyMCUyMCUzQ2lmcmFtZSUyMHNyYyUzRCUyMmh0dHBzJTNBJTJGJTJGd3d3Lm1lbXJpLm9yZyUyRnBsYXllciUyRmNsaXAlMkYxMDY3NiUyRjElMkYxJTIyJTIwJTBBJTIwJTIwJTIwJTIwc3R5bGUlM0QlMjJwb3NpdGlvbiUzQWFic29sdXRlJTNCdG9wJTNBMCUzQmxlZnQlM0EwJTNCd2lkdGglM0ExMDAlMjUlM0JoZWlnaHQlM0ExMDAlMjUlM0IlMjIlMjAlMEElMjAlMjAlMjAlMjBmcmFtZWJvcmRlciUzRCUyMjAlMjIlMjBhbGxvd2Z1bGxzY3JlZW4lMjAlMEElMjAlMjAlMjAlMjB3ZWJraXRhbGxvd2Z1bGxzY3JlZW4lMjBtb3phbGxvd2Z1bGxzY3JlZW4lM0UlMEElMjAlMjAlM0MlMkZpZnJhbWUlM0UlMEElM0MlMkZkaXYlM0UlMEE=[\/spb_raw_html] [spb_blank_spacer height=&#8221;30px&#8221; width=&#8221;1\/1&#8243; el_position=&#8221;first last&#8221;] [spb_text_block animation=&#8221;none&#8221; animation_delay=&#8221;0&#8243; simplified_controls=&#8221;yes&#8221; custom_css_percentage=&#8221;no&#8221; padding_vertical=&#8221;0&#8243; padding_horizontal=&#8221;0&#8243; margin_vertical=&#8221;0&#8243; custom_css=&#8221;margin-top: 0px;margin-bottom: 0px;&#8221; border_size=&#8221;0&#8243; border_styling_global=&#8221;default&#8221; width=&#8221;1\/1&#8243; el_position=&#8221;first last&#8221;]<\/p>\n<h2>STATSLIGT UNDERVISNINGSMATERIALE M\u00c5 IKKE BYGGE P\u00c5 PROPAGANDA<\/h2>\n<p class=\"\" data-start=\"146\" data-end=\"295\"><strong data-start=\"146\" data-end=\"193\">MEMRI, Middle East Media Research Institute<\/strong>, pr\u00e6senteres ofte som en neutral overs\u00e6ttelsestjeneste af medier fra Mellem\u00f8sten. Men det er en myte.<\/p>\n<p class=\"\" data-start=\"297\" data-end=\"608\">MEMRI blev grundlagt i 1998 af <strong data-start=\"328\" data-end=\"344\">Yigal Carmon<\/strong> \u2013 en tidligere oberst i Israels milit\u00e6re efterretningstjeneste (IDF-AMAN). Han arbejdede direkte under to israelske premierministre og har v\u00e6ret del af Israels sikkerhedsapparat i \u00e5rtier. MEMRI har alts\u00e5 r\u00f8dder direkte i det israelske milit\u00e6re efterretningsmilj\u00f8.<\/p>\n<p class=\"\" data-start=\"610\" data-end=\"827\">Organisationens medstifter, <strong data-start=\"638\" data-end=\"656\">Meyrav Wurmser<\/strong>, har t\u00e6tte forbindelser til den neokonservative bev\u00e6gelse i USA, og MEMRI fungerer i praksis som en ideologisk kampmaskine for pro-israelske og anti-muslimske narrativer.<\/p>\n<h2 class=\"\" data-start=\"829\" data-end=\"868\">MEMRI ER PROPAGANDA \u2013 IKKE OPLYSNING<\/h2>\n<p class=\"\" data-start=\"870\" data-end=\"889\">MEMRI er kendt for:<\/p>\n<ul data-start=\"891\" data-end=\"1229\">\n<li class=\"\" data-start=\"891\" data-end=\"984\">\n<p class=\"\" data-start=\"893\" data-end=\"984\">At udv\u00e6lge og overs\u00e6tte ekstreme, voldelige og sensationelle klip fra den arabiske verden<\/p>\n<\/li>\n<li class=\"\" data-start=\"985\" data-end=\"1040\">\n<p class=\"\" data-start=\"987\" data-end=\"1040\">At ignorere moderate og fredelige muslimske stemmer<\/p>\n<\/li>\n<li class=\"\" data-start=\"1041\" data-end=\"1128\">\n<p class=\"\" data-start=\"1043\" data-end=\"1128\">At tr\u00e6kke citater ud af kontekst for at fremstille islam som voldelig og irrationel<\/p>\n<\/li>\n<li class=\"\" data-start=\"1129\" data-end=\"1229\">\n<p class=\"\" data-start=\"1131\" data-end=\"1229\">At blive brugt som kilde i hasbara-kampagner, der legitimerer Israels bes\u00e6ttelse og krigsf\u00f8relse<\/p>\n<\/li>\n<\/ul>\n<p class=\"\" data-start=\"1231\" data-end=\"1503\">MEMRI er ikke en journalistisk platform. Det er <strong data-start=\"1279\" data-end=\"1324\">milit\u00e6r propaganda forkl\u00e6dt som oplysning<\/strong>, der fungerer som en psykologisk operationsenhed, der forsyner vestlige medier, politikere og undervisere med materiale, der underst\u00f8tter Israels milit\u00e6re og politiske dagsorden.<\/p>\n<p class=\"\" data-start=\"1505\" data-end=\"1650\">Deres d\u00e6kning er ekstremt sk\u00e6v, og deres overs\u00e6ttelser er gentagne gange blevet kritiseret for at v\u00e6re manipulerede, ukorrekte og dybt selektive.<\/p>\n<h2 class=\"\" data-start=\"1652\" data-end=\"1717\">STATSLIGT MATERIALE HENVISER TIL MEMRI \u2013 EN SKANDALE I DANMARK<\/h2>\n<p class=\"\" data-start=\"1719\" data-end=\"1950\">N\u00e5r <strong data-start=\"1723\" data-end=\"1746\">Dansk J\u00f8disk Museum<\/strong> med <strong data-start=\"1751\" data-end=\"1771\">Sara F. Stadager<\/strong> og <strong data-start=\"1775\" data-end=\"1798\">Janus M\u00f8ller Jensen<\/strong> i spidsen henviser til <strong data-start=\"1822\" data-end=\"1856\">MEMRI i undervisningsmateriale<\/strong>, er det ikke et tilf\u00e6lde. Det er et bevidst valg af en kilde med dokumenteret radikal agenda.<\/p>\n<p class=\"\" data-start=\"1952\" data-end=\"2194\">PDF\u2019en &#8220;Antisemitisme i Danmark&#8221; linker til MEMRI i forbindelse med et eksempel p\u00e5 muslimsk pr\u00e6diken \u2013 uden kritisk kommentar, kontekst eller kildekritik. Dermed bliver radikal propaganda givet legitimitet i <strong data-start=\"2160\" data-end=\"2177\">danske skoler<\/strong> og p\u00e5 gymnasier.<\/p>\n<p class=\"\" data-start=\"2196\" data-end=\"2342\">Denne PDF er finansieret af offentlige midler og bruges i <strong data-start=\"2254\" data-end=\"2279\">statslig undervisning<\/strong> \u2013 under d\u00e6kke af &#8220;oplysning&#8221; og &#8220;bek\u00e6mpelse af antisemitisme&#8221;.<\/p>\n<p class=\"\" data-start=\"2344\" data-end=\"2495\">Det er ikke oplysning. Det er <strong data-start=\"2374\" data-end=\"2428\">statsfinansieret islamofobi forkl\u00e6dt som oplysning<\/strong> og et brud p\u00e5 b\u00e5de undervisningsetik og grundl\u00e6ggende rettigheder.<\/p>\n<h2 class=\"\" data-start=\"2497\" data-end=\"2549\">ANTISEMITISME MED NAZISME \u2013 EN GIFTIG KOMBINATION<\/h2>\n<ul data-start=\"2551\" data-end=\"2835\">\n<li class=\"\" data-start=\"2551\" data-end=\"2626\">\n<p class=\"\" data-start=\"2553\" data-end=\"2626\">MEMRI\u2019s stiftere er tidligere officerer i Israels efterretningstjeneste<\/p>\n<\/li>\n<li class=\"\" data-start=\"2627\" data-end=\"2747\">\n<p class=\"\" data-start=\"2629\" data-end=\"2747\">Organisationen har til form\u00e5l at forst\u00e6rke Israels kamp mod kritik og modstand, herunder Pal\u00e6stinas frihedsbev\u00e6gelse<\/p>\n<\/li>\n<li class=\"\" data-start=\"2748\" data-end=\"2835\">\n<p class=\"\" data-start=\"2750\" data-end=\"2835\">Deres materiale bruges til at legitimere krig, d\u00e6monisere islam og tie kritik ihjel<\/p>\n<\/li>\n<\/ul>\n<p class=\"\" data-start=\"2837\" data-end=\"3028\">Derfor er det uacceptabelt, at <strong data-start=\"2868\" data-end=\"2913\">radikaliserende skolemateriale fra staten<\/strong> med MEMRI som kilde n\u00e5r ud til danske skoleelever \u2013 uden kontekst, uden advarsler og med <strong data-start=\"3003\" data-end=\"3027\">statens bl\u00e5stempling<\/strong>.<\/p>\n<p class=\"\" data-start=\"3030\" data-end=\"3130\">Denne brug er ikke bare uansvarlig \u2013 den <strong data-start=\"3071\" data-end=\"3094\">kr\u00e6nker rettigheder<\/strong> og <strong data-start=\"3098\" data-end=\"3129\">opfordrer indirekte til had<\/strong>.<\/p>\n<p>&nbsp;<\/p>\n<p>[\/spb_text_block] [spb_blank_spacer height=&#8221;30px&#8221; width=&#8221;1\/1&#8243; el_position=&#8221;first last&#8221;] [spb_raw_html width=&#8221;1\/1&#8243; el_position=&#8221;first last&#8221;]JTNDZGl2JTIwc3R5bGUlM0QlMjJwb3NpdGlvbiUzQSUyMHJlbGF0aXZlJTNCJTIwcGFkZGluZy1ib3R0b20lM0ElMjA1Ni4yNSUyNSUzQiUyMGhlaWdodCUzQSUyMDAlM0IlMjBvdmVyZmxvdyUzQSUyMGhpZGRlbiUzQiUyMG1heC13aWR0aCUzQSUyMDEwMCUyNSUzQiUyMGhlaWdodCUzQSUyMGF1dG8lM0IlMjIlM0UlMEElMjAlMjAlM0NpZnJhbWUlMjBzcmMlM0QlMjJodHRwcyUzQSUyRiUyRnd3dy55b3V0dWJlLmNvbSUyRmVtYmVkJTJGSGN5ZzU1dk92aVElMjIlMEElMjAlMjAlMjAlMjAlMjAlMjAlMjAlMjAlMjAlMjB0aXRsZSUzRCUyMkNoaWxkcmVuJTIwaW4lMjBIYW1hcyUyMFRWJTIwS2lkcyVFMiU4MCU5OSUyMFNob3clM0ElMjBDcmltaW5hbCUyMEpld3MlMjBQbG90dGluZyUyMHRvJTIwUmVwbGFjZSUyMEFsLUFxc2ElMjBNb3NxdWUlMjB3aXRoJTIwRmFsc2UlMjBUZW1wbGUlMjIlMEElMjAlMjAlMjAlMjAlMjAlMjAlMjAlMjAlMjAlMjBzdHlsZSUzRCUyMnBvc2l0aW9uJTNBJTIwYWJzb2x1dGUlM0IlMjB0b3AlM0ElMjAwJTNCJTIwbGVmdCUzQSUyMDAlM0IlMjB3aWR0aCUzQSUyMDEwMCUyNSUzQiUyMGhlaWdodCUzQSUyMDEwMCUyNSUzQiUyMiUwQSUyMCUyMCUyMCUyMCUyMCUyMCUyMCUyMCUyMCUyMGZyYW1lYm9yZGVyJTNEJTIyMCUyMiUwQSUyMCUyMCUyMCUyMCUyMCUyMCUyMCUyMCUyMCUyMGFsbG93JTNEJTIyYWNjZWxlcm9tZXRlciUzQiUyMGF1dG9wbGF5JTNCJTIwY2xpcGJvYXJkLXdyaXRlJTNCJTIwZW5jcnlwdGVkLW1lZGlhJTNCJTIwZ3lyb3Njb3BlJTNCJTIwcGljdHVyZS1pbi1waWN0dXJlJTNCJTIwd2ViLXNoYXJlJTIyJTBBJTIwJTIwJTIwJTIwJTIwJTIwJTIwJTIwJTIwJTIwcmVmZXJyZXJwb2xpY3klM0QlMjJzdHJpY3Qtb3JpZ2luLXdoZW4tY3Jvc3Mtb3JpZ2luJTIyJTBBJTIwJTIwJTIwJTIwJTIwJTIwJTIwJTIwJTIwJTIwYWxsb3dmdWxsc2NyZWVuJTNFJTBBJTIwJTIwJTNDJTJGaWZyYW1lJTNFJTBBJTNDJTJGZGl2JTNFJTBB[\/spb_raw_html] [spb_blank_spacer height=&#8221;30px&#8221; width=&#8221;1\/1&#8243; el_position=&#8221;first last&#8221;] [spb_toggle element_name=&#8221;25. APRIL 2025 \u2013 Svar til B\u00f8rne- og Undervisningsministeriet: Svar p\u00e5 aktindsigtsafvisning \u2013 statsst\u00f8ttet propaganda og islamofobi i undervisningsmateriale&#8221; title=&#8221;25. APRIL 2025 \u2013 Svar til B\u00f8rne- og Undervisningsministeriet: Svar p\u00e5 aktindsigtsafvisning \u2013 statsst\u00f8ttet propaganda og islamofobi i undervisningsmateriale&#8221; open=&#8221;false&#8221; width=&#8221;1\/1&#8243; el_position=&#8221;first last&#8221;]<\/p>\n<h3 class=\"\" data-start=\"334\" data-end=\"429\"><strong data-start=\"338\" data-end=\"429\">SVAR P\u00c5 AKTINDSIGTSAFVISNING \u2013 STATSST\u00d8TTET PROPAGANDA OG DISKRIMINATION I UNDERVISNING<\/strong><\/h3>\n<p class=\"\" data-start=\"431\" data-end=\"455\"><strong data-start=\"431\" data-end=\"440\">Dato:<\/strong> 25. april 2025<\/p>\n<p class=\"\" data-start=\"457\" data-end=\"630\"><strong data-start=\"457\" data-end=\"465\">Til:<\/strong><br data-start=\"465\" data-end=\"468\" \/>Line Marie Bakken Jensen<br data-start=\"492\" data-end=\"495\" \/>Specialkonsulent<br data-start=\"511\" data-end=\"514\" \/>B\u00f8rne- og Undervisningsministeriet<br data-start=\"548\" data-end=\"551\" \/>Frederiksholms Kanal 25<br data-start=\"574\" data-end=\"577\" \/>1220 K\u00f8benhavn K<br data-start=\"593\" data-end=\"596\" \/>\ud83d\udce7 <a class=\"cursor-pointer\" rel=\"noopener\" data-start=\"599\" data-end=\"630\">Line.Marie.Bakken.Jensen@uvm.dk<\/a><\/p>\n<p class=\"\" data-start=\"632\" data-end=\"722\"><strong data-start=\"632\" data-end=\"640\">Fra:<\/strong><br data-start=\"640\" data-end=\"643\" \/>Zahid Latif<br data-start=\"654\" data-end=\"657\" \/>ZLCopenhagen<br data-start=\"669\" data-end=\"672\" \/>\ud83d\udce7 <a class=\"cursor-pointer\" rel=\"noopener\" data-start=\"675\" data-end=\"696\">latif.zahid@gmail.com<\/a><br data-start=\"696\" data-end=\"699\" \/>\ud83c\udf10 <a class=\"\" href=\"https:\/\/www.zlcopenhagen.com\" target=\"_new\" rel=\"noopener\" data-start=\"702\" data-end=\"722\">www.zlcopenhagen.com<\/a><\/p>\n<hr class=\"\" data-start=\"724\" data-end=\"727\" \/>\n<h3 class=\"\" data-start=\"729\" data-end=\"833\"><strong data-start=\"733\" data-end=\"833\">VEDR\u00d8RENDE: MINISTERIETS MEDANSVAR FOR PROPAGANDA I UNDERVISNING \u2013 OG UDEBLIVENDE LIGHEDSPRINCIP<\/strong><\/h3>\n<p class=\"\" data-start=\"835\" data-end=\"865\">K\u00e6re Line Marie Bakken Jensen,<\/p>\n<p class=\"\" data-start=\"867\" data-end=\"1055\">Tak for jeres seneste udmelding, hvori I afviser at \u00e6ndre holdning i sagen om det <strong data-start=\"949\" data-end=\"975\">statsligt finansierede<\/strong> undervisningsmateriale <em data-start=\"999\" data-end=\"1054\">\u201cAntisemitisme i Danmark \u2013 i et historisk perspektiv\u201d<\/em>.<\/p>\n<p class=\"\" data-start=\"1057\" data-end=\"1229\">Jeg skriver nu med \u00e9n sidste mulighed for, at ministeriet <strong data-start=\"1115\" data-end=\"1152\">kan rette op p\u00e5 en alvorlig svigt<\/strong> \u2013 f\u00f8r sagen eskaleres til <strong data-start=\"1179\" data-end=\"1228\">Folketingets Ombudsmand og Justitsministeriet<\/strong>.<\/p>\n<hr class=\"\" data-start=\"1231\" data-end=\"1234\" \/>\n<h3 class=\"\" data-start=\"1236\" data-end=\"1307\"><strong data-start=\"1240\" data-end=\"1307\">MINISTERIET HAR P\u00c5TAGET SIG ANSVARET \u2013 OG DET G\u00c6LDER HELE VEJEN<\/strong><\/h3>\n<p class=\"\" data-start=\"1309\" data-end=\"1477\">Ministeriet har tidligere \u2013 b\u00e5de i handlingsplanen mod antisemitisme (januar 2022) og i den f\u00e6lles pressemeddelelse af 25. juni 2024 \u2013 formuleret sit ansvar som f\u00f8lger:<\/p>\n<blockquote data-start=\"1479\" data-end=\"1631\">\n<p class=\"\" data-start=\"1481\" data-end=\"1631\">\u201cAlle elever skal kunne g\u00e5 trygge i skole. Derfor er det vigtigt, at vi forebygger antisemitisme og anden racisme&#8230;\u201d<br data-start=\"1598\" data-end=\"1601\" \/>\u2013 <em data-start=\"1605\" data-end=\"1631\">Minister Mattias Tesfaye<\/em><\/p>\n<\/blockquote>\n<blockquote data-start=\"1633\" data-end=\"1746\">\n<p class=\"\" data-start=\"1635\" data-end=\"1746\">\u201cMaterialer skal vurderes, opdateres og kvalitetssikres.\u201d<br data-start=\"1692\" data-end=\"1695\" \/>\u2013 <em data-start=\"1699\" data-end=\"1746\">Handlingsplan mod antisemitisme, pkt. 6 og 10<\/em><\/p>\n<\/blockquote>\n<p class=\"\" data-start=\"1748\" data-end=\"1921\">Men dette ansvar m\u00e5 ikke v\u00e6re selektivt. N\u00e5r det <strong data-start=\"1797\" data-end=\"1866\">g\u00e6lder islamofobi og statssanktioneret stigmatisering af muslimer<\/strong>, er tavshed og fral\u00e6ggelse af ansvar ikke acceptabelt.<\/p>\n<hr class=\"\" data-start=\"1923\" data-end=\"1926\" \/>\n<h3 class=\"\" data-start=\"1928\" data-end=\"1979\"><strong data-start=\"1932\" data-end=\"1979\">DOKUMENTERET PROBLEM \u2013 OG JURIDISK KONFLIKT<\/strong><\/h3>\n<p class=\"\" data-start=\"1981\" data-end=\"2020\">Materialet fra <strong data-start=\"1996\" data-end=\"2019\">Dansk J\u00f8disk Museum<\/strong>:<\/p>\n<ul data-start=\"2022\" data-end=\"2292\">\n<li class=\"\" data-start=\"2022\" data-end=\"2097\">\n<p class=\"\" data-start=\"2024\" data-end=\"2097\"><strong data-start=\"2024\" data-end=\"2041\">Citerer MEMRI<\/strong>, en kontroversiel kilde kendt for ideologisk klipning<\/p>\n<\/li>\n<li class=\"\" data-start=\"2098\" data-end=\"2153\">\n<p class=\"\" data-start=\"2100\" data-end=\"2153\"><strong data-start=\"2100\" data-end=\"2129\">Er anvendt i undervisning<\/strong> i skoler og gymnasier<\/p>\n<\/li>\n<li class=\"\" data-start=\"2154\" data-end=\"2220\">\n<p class=\"\" data-start=\"2156\" data-end=\"2220\"><strong data-start=\"2156\" data-end=\"2176\">Er politianmeldt<\/strong> for hadspredning (jf. Straffeloven \u00a7266b)<\/p>\n<\/li>\n<li class=\"\" data-start=\"2221\" data-end=\"2292\">\n<p class=\"\" data-start=\"2223\" data-end=\"2292\"><strong data-start=\"2223\" data-end=\"2247\">Modtager statsst\u00f8tte<\/strong>, hvilket g\u00f8r sagen til et statsligt ansvar<\/p>\n<\/li>\n<\/ul>\n<p class=\"\" data-start=\"2294\" data-end=\"2500\">Hvis undervisningsmateriale med antimuslimske elementer <strong data-start=\"2350\" data-end=\"2382\">ikke vurderes med samme omhu<\/strong>, er det <strong data-start=\"2391\" data-end=\"2422\">i strid med Grundlovens \u00a770<\/strong>, <strong data-start=\"2424\" data-end=\"2445\">lighedsprincippet<\/strong> og <strong data-start=\"2449\" data-end=\"2499\">Folkeskolelovens krav om alsidighed og respekt<\/strong>.<\/p>\n<hr class=\"\" data-start=\"2502\" data-end=\"2505\" \/>\n<h3 class=\"\" data-start=\"2507\" data-end=\"2582\"><strong data-start=\"2511\" data-end=\"2582\">UDVIDET ANMODNING: INDSIGT I UNDERVISNING P\u00c5 RELIGI\u00d8SE PRIVATSKOLER<\/strong><\/h3>\n<p class=\"\" data-start=\"2584\" data-end=\"2639\">Samtidig anmoder jeg om <strong data-start=\"2608\" data-end=\"2627\">fuld aktindsigt<\/strong> i f\u00f8lgende:<\/p>\n<ul data-start=\"2641\" data-end=\"2900\">\n<li class=\"\" data-start=\"2641\" data-end=\"2732\">\n<p class=\"\" data-start=\"2643\" data-end=\"2732\">Undervisningsmateriale anvendt p\u00e5 <strong data-start=\"2677\" data-end=\"2701\">j\u00f8diske privatskoler<\/strong>, herunder <strong data-start=\"2712\" data-end=\"2730\">Carolineskolen<\/strong><\/p>\n<\/li>\n<li class=\"\" data-start=\"2733\" data-end=\"2814\">\n<p class=\"\" data-start=\"2735\" data-end=\"2814\">Statens rolle i <strong data-start=\"2751\" data-end=\"2776\">godkendelse og tilsyn<\/strong> af indholdet p\u00e5 disse institutioner<\/p>\n<\/li>\n<li class=\"\" data-start=\"2815\" data-end=\"2900\">\n<p class=\"\" data-start=\"2817\" data-end=\"2900\">Dokumentation for, at samme principper om <strong data-start=\"2859\" data-end=\"2893\">ikke-diskrimination og balance<\/strong> f\u00f8lges<\/p>\n<\/li>\n<\/ul>\n<p class=\"\" data-start=\"2902\" data-end=\"3016\">Dette er vigtigt for at sikre, at <strong data-start=\"2936\" data-end=\"2988\">alle religi\u00f8se undervisningsmilj\u00f8er vurderes ens<\/strong> \u2013 og at ingen s\u00e6rbehandles.<\/p>\n<hr class=\"\" data-start=\"3018\" data-end=\"3021\" \/>\n<h3 class=\"\" data-start=\"3023\" data-end=\"3076\"><strong data-start=\"3027\" data-end=\"3076\">KONKRETE SP\u00d8RGSM\u00c5L \u2013 SVAR KR\u00c6VES INDEN 7 DAGE<\/strong><\/h3>\n<ol data-start=\"3078\" data-end=\"3765\">\n<li class=\"\" data-start=\"3078\" data-end=\"3235\">\n<p class=\"\" data-start=\"3081\" data-end=\"3235\">Har ministeriet \u2013 direkte eller indirekte \u2013 deltaget i udvikling, vurdering eller finansiering af <em data-start=\"3179\" data-end=\"3235\">\u201cAntisemitisme i Danmark \u2013 i et historisk perspektiv\u201d?<\/em><\/p>\n<\/li>\n<li class=\"\" data-start=\"3237\" data-end=\"3335\">\n<p class=\"\" data-start=\"3240\" data-end=\"3335\">Har ministeriet haft <strong data-start=\"3261\" data-end=\"3273\">kendskab<\/strong> til brugen af MEMRI i undervisningsmateriale uden at reagere?<\/p>\n<\/li>\n<li class=\"\" data-start=\"3337\" data-end=\"3460\">\n<p class=\"\" data-start=\"3340\" data-end=\"3460\">G\u00e6lder jeres officielle v\u00e6rdigrundlag ogs\u00e5 <strong data-start=\"3383\" data-end=\"3415\">n\u00e5r islamofobi skal bek\u00e6mpes<\/strong> \u2013 eller kun i forbindelse med antisemitisme?<\/p>\n<\/li>\n<li class=\"\" data-start=\"3462\" data-end=\"3622\">\n<p class=\"\" data-start=\"3465\" data-end=\"3622\">Hvilke konkrete tilsyn er f\u00f8rt med <strong data-start=\"3500\" data-end=\"3526\">religi\u00f8se privatskoler<\/strong>, herunder Carolineskolen, i forhold til materiale om Pal\u00e6stina, islam og mellem\u00f8stlige forhold?<\/p>\n<\/li>\n<li class=\"\" data-start=\"3624\" data-end=\"3765\">\n<p class=\"\" data-start=\"3627\" data-end=\"3765\">Hvad er jeres plan for at sikre <strong data-start=\"3659\" data-end=\"3691\">faglig, ikke-propagandistisk<\/strong> undervisning i alle danske undervisningsinstitutioner \u2013 uanset m\u00e5lgruppe?<\/p>\n<\/li>\n<\/ol>\n<hr class=\"\" data-start=\"3767\" data-end=\"3770\" \/>\n<h3 class=\"\" data-start=\"3772\" data-end=\"3823\"><strong data-start=\"3776\" data-end=\"3823\">HVAD NU? EN SIDSTE MULIGHED FOR LOVLYDIGHED<\/strong><\/h3>\n<p class=\"\" data-start=\"3825\" data-end=\"3933\">Dette brev sendes som en <strong data-start=\"3850\" data-end=\"3873\">officiel opfordring<\/strong> til at handle inden sagen overg\u00e5r til de rette myndigheder.<\/p>\n<p class=\"\" data-start=\"3935\" data-end=\"4050\">Jeg beder om svar <strong data-start=\"3953\" data-end=\"3980\">inden for 7 arbejdsdage<\/strong>, jf. <strong data-start=\"3986\" data-end=\"4012\">Offentlighedsloven \u00a736<\/strong> og <strong data-start=\"4016\" data-end=\"4049\">Forvaltningslovens \u00a7\u00a722 og 24<\/strong>.<\/p>\n<p class=\"\" data-start=\"4052\" data-end=\"4156\">Med venlig hilsen,<br data-start=\"4070\" data-end=\"4073\" \/><strong data-start=\"4073\" data-end=\"4088\">Zahid Latif<\/strong><br data-start=\"4088\" data-end=\"4091\" \/>ZLCopenhagen<\/p>\n<p>[\/spb_toggle] [spb_toggle element_name=&#8221;24. APRIL 2025 \u2013 Svar fra B\u00f8rne- og Undervisningsministeriet: Svar p\u00e5 aktindsigtsafvisning \u2013 statsst\u00f8ttet propaganda og islamofobi i undervisningsmateriale&#8221; title=&#8221;24. APRIL 2025 \u2013 Svar fra B\u00f8rne- og Undervisningsministeriet: Svar p\u00e5 aktindsigtsafvisning \u2013 statsst\u00f8ttet propaganda og islamofobi i undervisningsmateriale&#8221; open=&#8221;false&#8221; width=&#8221;1\/1&#8243; el_position=&#8221;first last&#8221;]<\/p>\n<p>&nbsp;<\/p>\n<p>Sagsnr. 25\/12424<\/p>\n<p>&nbsp;<\/p>\n<p>K\u00e6re Zahid Latif<\/p>\n<p>&nbsp;<\/p>\n<p>B\u00f8rne- og Undervisningsministeriet finder ikke, at det anf\u00f8rte i din henvendelse af 23. april 2025 giver anledning til en \u00e6ndret vurdering.<\/p>\n<p>&nbsp;<\/p>\n<p>Ministeriet henholder sig s\u00e5ledes til ministeriets afg\u00f8relse af 23. april 2025 vedr\u00f8rende din aktindsigtsanmodning af 20. april 2025 og den i afg\u00f8relsen anf\u00f8rte begrundelse.<\/p>\n<p>&nbsp;<\/p>\n<p>&nbsp;<\/p>\n<table width=\"0\">\n<tbody>\n<tr>\n<td>Med venlig hilsen&nbsp;<\/p>\n<p>Line Marie Bakken Jensen<\/p>\n<p>Specialkonsulent<\/td>\n<\/tr>\n<tr>\n<td><\/td>\n<\/tr>\n<tr>\n<td>Departementet&nbsp;<\/p>\n<p>Juridisk Kontor<\/p>\n<p>Frederiksholms Kanal 25<\/p>\n<p>1220 K\u00f8benhavn K<\/p>\n<p>Telefon:\u00a0+45 33 92 50 00<\/p>\n<p>&nbsp;<\/p>\n<p>Direkte telefon:\u00a02052 9339<\/p>\n<p>Mail:\u00a0<a href=\"mailto:UserProfile.Email\">Line.Marie.Bakken.Jensen@uvm.dk<\/a><\/td>\n<\/tr>\n<\/tbody>\n<\/table>\n<p>&nbsp;<\/p>\n<p>[\/spb_toggle] [spb_toggle element_name=&#8221;23. APRIL 2025 \u2013 ZAHID LATIF \u2013 TIL LINE MARIE BAKKEN JENSEN, B\u00d8RNE- OG UNDERVISNINGSMINISTERIET&#8221; title=&#8221;23. APRIL 2025 \u2013 ZAHID LATIF \u2013 TIL LINE MARIE BAKKEN JENSEN, B\u00d8RNE- OG UNDERVISNINGSMINISTERIET&#8221; open=&#8221;false&#8221; width=&#8221;1\/1&#8243; el_position=&#8221;first last&#8221;]<\/p>\n<h3 class=\"\" data-start=\"347\" data-end=\"417\"><\/h3>\n<div dir=\"ltr\">\n<p class=\"gmail-\"><strong>23. april 2025<\/strong><br \/>\n<strong>Til:<\/strong><br \/>\nLine Marie Bakken Jensen<br \/>\nSpecialkonsulent<br \/>\nB\u00f8rne- og Undervisningsministeriet<br \/>\nJuridisk Kontor<br \/>\nFrederiksholms Kanal 25<br \/>\n1220 K\u00f8benhavn K<br \/>\nMail: <a class=\"gmail-\" rel=\"noopener\">Line.Marie.Bakken.Jensen@uvm.dk<\/a><\/p>\n<p class=\"gmail-\"><strong>Fra:<\/strong><br \/>\nZahid Latif<br \/>\nZLCopenhagen<br \/>\n<a class=\"gmail-\" rel=\"noopener\">latif.zahid@gmail.com<\/a><br \/>\n<a class=\"gmail-\" href=\"https:\/\/www.zlcopenhagen.com\" rel=\"noopener\">www.zlcopenhagen.com<\/a><\/p>\n<p class=\"gmail-\"><strong>Vedr\u00f8rende:<\/strong> Svar p\u00e5 aktindsigtsafvisning \u2013 statsst\u00f8ttet propaganda og islamofobi i undervisningsmateriale<\/p>\n<hr class=\"gmail-\" \/>\n<p class=\"gmail-\"><strong>K\u00e6re Line Marie Bakken Jensen,<\/strong><\/p>\n<p class=\"gmail-\">Tak for din besked af 22. april 2025.<\/p>\n<p class=\"gmail-\">Jeg anerkender, at ministeriet ikke har identificeret dokumenter i jeres systemer og henviser til, at I ikke godkender undervisningsmaterialer. Men dette fritager ikke B\u00f8rne- og Undervisningsministeriet for et ansvar, n\u00e5r der er tale om <strong>statsst\u00f8ttet muslimhad<\/strong>, <strong>islamofobi i undervisning<\/strong>, og brug af materiale med referencer til <strong>MEMRI<\/strong> \u2013 en internationalt kritiseret akt\u00f8r kendt for ideologisk forvr\u00e6ngning og anti-muslimske narrativer.<\/p>\n<p class=\"gmail-\">Min anmodning g\u00e6lder undervisningsmaterialet:<br \/>\n<em>\u201cAntisemitisme i Danmark \u2013 i et historisk perspektiv\u201d<\/em>, udgivet i 2022 af <strong>Dansk J\u00f8disk Museum<\/strong>, og benyttet i offentlige undervisningsforl\u00f8b, finansieret af staten.<\/p>\n<p class=\"gmail-\">Jeg gentager min anmodning om f\u00f8lgende aktindsigt og vurdering:<\/p>\n<ol>\n<li class=\"gmail-\">\n<p class=\"gmail-\">Fuld aktindsigt i al skriftlig og elektronisk kommunikation mellem Det J\u00f8diske Museum i Danmark og MEMRI samt Det J\u00f8diske Samfund i Danmark.<\/p>\n<\/li>\n<li class=\"gmail-\">\n<p class=\"gmail-\">Dokumentation for hvordan og hvorfor MEMRI er udvalgt som kilde til statsligt undervisningsmateriale.<\/p>\n<\/li>\n<li class=\"gmail-\">\n<p class=\"gmail-\">Information om hvor PDF\u2019en er distribueret til, og i hvor mange offentlige skoler eller undervisningsforl\u00f8b den er anvendt.<\/p>\n<\/li>\n<li class=\"gmail-\">\n<p class=\"gmail-\">Bekr\u00e6ftelse p\u00e5, om materialet indeholder andre religi\u00f8se eller ideologiske perspektiver (som fx problematiske passager fra Talmud), og om der er sikret faglig balance.<\/p>\n<\/li>\n<li class=\"gmail-\">\n<p class=\"gmail-\">En vurdering fra Justitsministeriet og evt. Rigsadvokaten om, hvorvidt brugen af dette materiale kan betragtes som diskrimination og spredning af radikaliserende, fordomsfulde narrativer.<\/p>\n<\/li>\n<li class=\"gmail-\">\n<p class=\"gmail-\">At undervisningsmaterialet suspenderes fra offentlig undervisning, indtil en uvildig revision har fundet sted.<\/p>\n<\/li>\n<\/ol>\n<hr class=\"gmail-\" \/>\n<p class=\"gmail-\"><strong>JURIDISK FEJL I MINISTERIETS AFVISNING<\/strong><\/p>\n<p class=\"gmail-\">I dit svar bem\u00e6rkes det, at:<\/p>\n<blockquote>\n<p class=\"gmail-\"><em>\u201cB\u00f8rne- og Undervisningsministeriet ikke kan eller skal godkende undervisningsmateriale.\u201d<\/em><\/p>\n<\/blockquote>\n<p class=\"gmail-\">Denne formulering er <strong>vildledende og forvaltningsretligt uholdbar<\/strong>.<\/p>\n<p class=\"gmail-\">Det er korrekt, at ministeriet ikke foretager forh\u00e5ndsgodkendelse af hvert enkelt undervisningsmateriale, men det fritager <strong>ikke<\/strong> ministeriet for ansvar. Tv\u00e6rtimod \u2013 n\u00e5r materiale:<\/p>\n<ul>\n<li class=\"gmail-\">\n<p class=\"gmail-\">Er statsfinansieret<\/p>\n<\/li>\n<li class=\"gmail-\">\n<p class=\"gmail-\">Anvendes i offentlige skoler<\/p>\n<\/li>\n<li class=\"gmail-\">\n<p class=\"gmail-\">Indeholder ideologisk ubalance eller diskriminerende narrativer<\/p>\n<\/li>\n<li class=\"gmail-\">\n<p class=\"gmail-\">Citerer fra kontroversielle kilder som MEMRI uden kritisk kontekst<\/p>\n<\/li>\n<\/ul>\n<p class=\"gmail-\">\u2013 s\u00e5 har B\u00f8rne- og Undervisningsministeriet <strong>et juridisk og forvaltningsm\u00e6ssigt ansvar<\/strong>, jf.:<\/p>\n<p class=\"gmail-\"><strong>1. Folkeskoleloven \u00a718 og \u00a733<\/strong><br \/>\nUndervisningen skal v\u00e6re fagligt funderet, alsidig og upartisk. N\u00e5r materialer i praksis anvendes i undervisningen, uden at overholde disse principper, er det ministeriets ansvar at gribe ind \u2013 ikke at ignorere.<\/p>\n<p class=\"gmail-\"><strong>2. Grundlovens \u00a770<\/strong><br \/>\nDer m\u00e5 ikke ske forskelsbehandling p\u00e5 baggrund af tro. Et ensidigt, religi\u00f8st orienteret undervisningsmateriale, som stigmatiserer muslimer eller islamisk teologi, kr\u00e6nker dette grundprincip.<\/p>\n<p class=\"gmail-\"><strong>3. Straffelovens \u00a7266b<\/strong><br \/>\nStatsfinansieret undervisningsmateriale, som formidler islamofobi, radikalisering eller d\u00e6monisering af bestemte grupper, kan v\u00e6re i strid med forbuddet mod hadtale.<\/p>\n<p class=\"gmail-\"><strong>4. Ministeransvarsloven \u00a75<\/strong><br \/>\nEn minister eller et ministerium m\u00e5 ikke udvise grov fors\u00f8mmelighed i ud\u00f8velsen af sit embede. Passivitet over for udbredelse af materiale med dokumenteret ideologisk sk\u00e6vhed er netop det.<\/p>\n<p class=\"gmail-\">Det er derfor <strong>retligt uacceptabelt at frasige sig ethvert ansvar<\/strong> med henvisning til en ikke-godkendelsespraksis. N\u00e5r materialet er statsst\u00f8ttet og anvendt i den offentlige undervisning, har ministeriet pligt til at vurdere dets lovlighed, saglighed og konsekvenser \u2013 s\u00e6rligt n\u00e5r indholdet er politianmeldt og offentliggjort.<\/p>\n<hr class=\"gmail-\" \/>\n<p class=\"gmail-\"><strong>POLITIANMELDELSE ER INDGIVET<\/strong><\/p>\n<p class=\"gmail-\">Dansk J\u00f8disk Museum og de navngivne ansvarlige er <strong>politianmeldt for spredning af had og propaganda<\/strong> i statsfinansieret undervisningsmateriale, jf. Straffelovens \u00a7266b.<\/p>\n<p class=\"gmail-\">Materiale:<\/p>\n<p class=\"gmail-\">Titel: <em>Antisemitisme i Danmark \u2013 i et historisk perspektiv<\/em><br \/>\nUdgivet: 2022<br \/>\nAf: Dansk J\u00f8disk Museum<br \/>\nFinansiering: Statsst\u00f8tte<br \/>\nAnvendelse: Folkeskoler og gymnasier<\/p>\n<p class=\"gmail-\">Ansvarlige:<\/p>\n<ul>\n<li class=\"gmail-\">\n<p class=\"gmail-\">Janus M\u00f8ller Jensen, direkt\u00f8r<\/p>\n<\/li>\n<li class=\"gmail-\">\n<p class=\"gmail-\">Sara Fredfeldt Stadager, museumsinspekt\u00f8r og hovedforfatter<\/p>\n<\/li>\n<li class=\"gmail-\">\n<p class=\"gmail-\">Magnus Panduro Juhl, medforfatter<\/p>\n<\/li>\n<li class=\"gmail-\">\n<p class=\"gmail-\">Clara Damgaard Andersen, medudvikler<\/p>\n<\/li>\n<li class=\"gmail-\">\n<p class=\"gmail-\">Anna Luna Daugaard, medudvikler<\/p>\n<\/li>\n<\/ul>\n<hr class=\"gmail-\" \/>\n<p class=\"gmail-\"><strong>OFFENTLIGG\u00d8RELSE<\/strong><\/p>\n<p class=\"gmail-\">Sagen, materialet og de ansvarlige er dokumenteret og gjort tilg\u00e6ngelig for offentligheden her:<\/p>\n<p class=\"gmail-\"><a class=\"gmail-\" href=\"https:\/\/zlcopenhagen.com\/da\/sara-stadager-janus-moeller-muslimhad-politi-pdf\/\" rel=\"noopener\">https:\/\/zlcopenhagen.com\/da\/sara-stadager-janus-moeller-muslimhad-politi-pdf\/<\/a><\/p>\n<hr class=\"gmail-\" \/>\n<p class=\"gmail-\"><strong>VIDERE SKRIDT<\/strong><\/p>\n<p class=\"gmail-\">Jeg forventer fuldt skriftligt svar inden for 7 arbejdsdage, jf. Offentlighedslovens \u00a736. Ved fortsat tavshed eller afvisning vil sagen:<\/p>\n<ul>\n<li class=\"gmail-\">\n<p class=\"gmail-\">Blive indbragt for Folketingets Ombudsmand<\/p>\n<\/li>\n<li class=\"gmail-\">\n<p class=\"gmail-\">Blive forelagt Justitsministeriet og Rigsadvokaten<\/p>\n<\/li>\n<li class=\"gmail-\">\n<p class=\"gmail-\">Indg\u00e5 i fortsat offentlig dokumentation og retsjournalistisk afd\u00e6kning<\/p>\n<\/li>\n<\/ul>\n<p class=\"gmail-\">Med venlig hilsen,<br \/>\nZahid Latif<br \/>\nZLCopenhagen<\/p>\n<\/div>\n<p>[\/spb_toggle] [spb_toggle element_name=&#8221;22. APRIL 2025 \u2013 LINE MARIE BAKKEN JENSEN \u2013 B\u00d8RNE- OG UNDERVISNINGSMINISTERIET&#8221; title=&#8221;22. APRIL 2025 \u2013 LINE MARIE BAKKEN JENSEN \u2013 B\u00d8RNE- OG UNDERVISNINGSMINISTERIET&#8221; open=&#8221;false&#8221; width=&#8221;1\/1&#8243; el_position=&#8221;first last&#8221;]<\/p>\n<p class=\"\" data-start=\"145\" data-end=\"284\"><em>Svar fra B\u00f8rne- og Undervisningsministeriet<\/em><br data-start=\"192\" data-end=\"195\" \/><em>Vedr. Dansk J\u00f8disk Museum \u2013 Offentligt finansieret PDF med hadspredning og propaganda<\/em><\/p>\n<p class=\"\" data-start=\"286\" data-end=\"541\"><em>Afsender:<\/em><br data-start=\"299\" data-end=\"302\" \/><em>Line Marie Bakken Jensen<\/em><br data-start=\"326\" data-end=\"329\" \/><em>Specialkonsulent<\/em><br data-start=\"345\" data-end=\"348\" \/><em>B\u00f8rne- og Undervisningsministeriet<\/em><br data-start=\"382\" data-end=\"385\" \/><em>Juridisk Kontor<\/em><br data-start=\"400\" data-end=\"403\" \/><em>Frederiksholms Kanal 25, 1220 K\u00f8benhavn K<\/em><br data-start=\"444\" data-end=\"447\" \/><em>Telefon: +45 33 92 50 00 | Direkte: 2052 9339<\/em><br data-start=\"498\" data-end=\"501\" \/><em>Mail: <a rel=\"noopener\" data-start=\"510\" data-end=\"541\">Line.Marie.Bakken.Jensen@uvm.dk<\/a><\/em><\/p>\n<p class=\"\" data-start=\"543\" data-end=\"619\"><em>Dato: 22. april 2025<\/em><br data-start=\"567\" data-end=\"570\" \/><em>Sagsnr.: 25\/12424<\/em><br data-start=\"591\" data-end=\"594\" \/><em>Modtager: Zahid Latif<\/em><\/p>\n<hr class=\"\" data-start=\"621\" data-end=\"624\" \/>\n<p class=\"\" data-start=\"626\" data-end=\"647\"><strong data-start=\"626\" data-end=\"647\">K\u00e6re Zahid Latif,<\/strong><\/p>\n<p class=\"\" data-start=\"649\" data-end=\"807\">Kulturministeriet har den 22. april 2025 sendt din anmodning om aktindsigt af 20. april 2025 til B\u00f8rne- og Undervisningsministeriet til videre foranstaltning.<\/p>\n<p class=\"\" data-start=\"809\" data-end=\"849\">Du beder om aktindsigt p\u00e5 f\u00f8lgende m\u00e5de:<\/p>\n<blockquote data-start=\"851\" data-end=\"2127\">\n<p class=\"\" data-start=\"853\" data-end=\"991\">\u00bbUndertegnede anmoder hermed om aktindsigt i og vurdering af materialet:<br data-start=\"925\" data-end=\"928\" \/><em data-start=\"930\" data-end=\"985\">\u201cAntisemitisme i Danmark \u2013 i et historisk perspektiv\u201d<\/em> (\u2026)<\/p>\n<\/blockquote>\n<p class=\"\" data-start=\"998\" data-end=\"1024\">JEG ANMODER OM F\u00d8LGENDE:<\/p>\n<ol data-start=\"1030\" data-end=\"2127\">\n<li class=\"\" data-start=\"1030\" data-end=\"1180\">\n<p class=\"\" data-start=\"1033\" data-end=\"1180\">Fuld aktindsigt i al skriftlig og elektronisk kommunikation mellem Det J\u00f8diske Museum i Danmark og MEMRI, herunder Det J\u00f8diske Samfund i Danmark.<\/p>\n<\/li>\n<li class=\"\" data-start=\"1183\" data-end=\"1363\">\n<p class=\"\" data-start=\"1186\" data-end=\"1363\">Oplysning om hvordan og hvorfor MEMRI er udvalgt som kilde til undervisning i statsligt materiale \u2013 herunder hvilket ansvar der ligger hos kultur- og undervisningsministeriet.<\/p>\n<\/li>\n<li class=\"\" data-start=\"1366\" data-end=\"1531\">\n<p class=\"\" data-start=\"1369\" data-end=\"1531\">Dokumentation for hvordan og hvor PDF\u2019en er distribueret til offentlige institutioner, samt i hvor mange undervisningsforl\u00f8b eller skoler den er blevet anvendt.<\/p>\n<\/li>\n<li class=\"\" data-start=\"1534\" data-end=\"1783\">\n<p class=\"\" data-start=\"1537\" data-end=\"1783\">Bekr\u00e6ftelse p\u00e5 hvorvidt andre religi\u00f8se eller ideologiske skrifter (som fx j\u00f8dedommens egne problematiske passager i Talmud m.m.) er pr\u00e6senteret i ligev\u00e6gt, som en del af det historiske overblik \u2013 hvilket ikke fremg\u00e5r af det aktuelle materiale.<\/p>\n<\/li>\n<li class=\"\" data-start=\"1786\" data-end=\"1987\">\n<p class=\"\" data-start=\"1789\" data-end=\"1987\">En vurdering fra Justitsministeriet og evt. Rigsadvokaten om, hvorvidt dette kan betragtes som diskrimination, spredning af fordomsfulde narrativer og radikalisering gennem statsst\u00f8ttet materiale.<\/p>\n<\/li>\n<li class=\"\" data-start=\"1990\" data-end=\"2127\">\n<p class=\"\" data-start=\"1993\" data-end=\"2127\">At materialet \u00f8jeblikkeligt suspenderes fra offentlig undervisning, indtil der foreligger en grundig revision med uvildige eksperter.\u00ab<\/p>\n<\/li>\n<\/ol>\n<hr class=\"\" data-start=\"2129\" data-end=\"2132\" \/>\n<p class=\"\" data-start=\"2134\" data-end=\"2209\"><strong data-start=\"2134\" data-end=\"2209\">B\u00f8rne- og Undervisningsministeriet kan i den anledning oplyse f\u00f8lgende:<\/strong><\/p>\n<p class=\"\" data-start=\"2211\" data-end=\"2412\">Der er ved s\u00f8gninger i B\u00f8rne- og Undervisningsministeriets departements elektroniske sags- og dokumenth\u00e5ndteringssystem <strong data-start=\"2331\" data-end=\"2363\">ikke identificeret materiale<\/strong>, der er omfattet af din anmodning om aktindsigt.<\/p>\n<p class=\"\" data-start=\"2414\" data-end=\"2542\">Det bem\u00e6rkes for en ordens skyld, at <strong data-start=\"2451\" data-end=\"2541\">B\u00f8rne- og Undervisningsministeriet ikke kan eller skal godkende undervisningsmateriale<\/strong>.<\/p>\n<hr class=\"\" data-start=\"2544\" data-end=\"2547\" \/>\n<p class=\"\" data-start=\"2549\" data-end=\"2654\"><strong data-start=\"2549\" data-end=\"2571\">Med venlig hilsen,<\/strong><br data-start=\"2571\" data-end=\"2574\" \/>Line Marie Bakken Jensen<br data-start=\"2598\" data-end=\"2601\" \/>Specialkonsulent<br data-start=\"2617\" data-end=\"2620\" \/>B\u00f8rne- og Undervisningsministeriet<\/p>\n<p>[\/spb_toggle] [spb_toggle element_name=&#8221;POLITIANMELDELSE OG ANMODNING OM AKTINDSIGT I FORBINDELSE MED UNDERVISNINGSMATERIALE UDGIVET AF DET J\u00d8DISKE MUSEUM I DANMARK&#8221; title=&#8221;POLITIANMELDELSE OG ANMODNING OM AKTINDSIGT I FORBINDELSE MED UNDERVISNINGSMATERIALE UDGIVET AF DET J\u00d8DISKE MUSEUM I DANMARK&#8221; open=&#8221;false&#8221; width=&#8221;1\/1&#8243; el_position=&#8221;first last&#8221;]<\/p>\n<h3 class=\"\" data-start=\"424\" data-end=\"436\"><strong data-start=\"428\" data-end=\"436\">TIL:<\/strong><\/h3>\n<ul data-start=\"438\" data-end=\"515\">\n<li class=\"\" data-start=\"438\" data-end=\"460\">\n<p class=\"\" data-start=\"440\" data-end=\"460\">Justitsministeriet<\/p>\n<\/li>\n<li class=\"\" data-start=\"461\" data-end=\"482\">\n<p class=\"\" data-start=\"463\" data-end=\"482\">Kulturministeriet<\/p>\n<\/li>\n<li class=\"\" data-start=\"483\" data-end=\"515\">\n<p class=\"\" data-start=\"485\" data-end=\"515\">Det J\u00f8diske Museum i Danmark<\/p>\n<\/li>\n<\/ul>\n<p class=\"\" data-start=\"517\" data-end=\"528\"><strong data-start=\"517\" data-end=\"526\">Kopi:<\/strong><\/p>\n<ul data-start=\"529\" data-end=\"622\">\n<li class=\"\" data-start=\"529\" data-end=\"557\">\n<p class=\"\" data-start=\"531\" data-end=\"557\">Undervisningsministeriet<\/p>\n<\/li>\n<li class=\"\" data-start=\"558\" data-end=\"585\">\n<p class=\"\" data-start=\"560\" data-end=\"585\">Folketingets Retsudvalg<\/p>\n<\/li>\n<li class=\"\" data-start=\"586\" data-end=\"622\">\n<p class=\"\" data-start=\"588\" data-end=\"622\">Institut for Menneskerettigheder<\/p>\n<\/li>\n<\/ul>\n<hr class=\"\" data-start=\"624\" data-end=\"627\" \/>\n<h3 class=\"\" data-start=\"629\" data-end=\"643\"><strong data-start=\"633\" data-end=\"641\">FRA:<\/strong><\/h3>\n<p class=\"\" data-start=\"644\" data-end=\"718\">Zahid Latif<br data-start=\"655\" data-end=\"658\" \/>ZLCopenhagen \u2013 <a class=\"\" href=\"https:\/\/www.zlcopenhagen.com\" target=\"_new\" rel=\"noopener\" data-start=\"673\" data-end=\"693\">www.zlcopenhagen.com<\/a><br data-start=\"693\" data-end=\"696\" \/>Dato: 20. april 2025<\/p>\n<hr class=\"\" data-start=\"720\" data-end=\"723\" \/>\n<h2 class=\"\" data-start=\"725\" data-end=\"868\"><strong data-start=\"728\" data-end=\"868\">VEDR\u00d8RENDE: POLITIANMELDELSE OG ANMODNING OM AKTINDSIGT I FORBINDELSE MED UNDERVISNINGSMATERIALE UDGIVET AF DET J\u00d8DISKE MUSEUM I DANMARK<\/strong><\/h2>\n<p class=\"\" data-start=\"870\" data-end=\"941\">Undertegnede anmoder hermed om aktindsigt i og vurdering af materialet:<\/p>\n<blockquote>\n<p class=\"\" data-start=\"943\" data-end=\"1162\"><strong data-start=\"943\" data-end=\"1000\">\u201cAntisemitisme i Danmark \u2013 i et historisk perspektiv\u201d<\/strong><br data-start=\"1000\" data-end=\"1003\" \/>\u2013 et 19-siders undervisningsmateriale udgivet af <strong data-start=\"1052\" data-end=\"1084\">Det J\u00f8diske Museum i Danmark<\/strong> i 2022, som anvendes i folkeskoler og gymnasier, finansieret via statsst\u00f8tte.<\/p>\n<\/blockquote>\n<hr class=\"\" data-start=\"1164\" data-end=\"1167\" \/>\n<h2 class=\"\" data-start=\"1169\" data-end=\"1212\"><strong data-start=\"1175\" data-end=\"1210\">PROBLEMATIK OG POLITIANMELDELSE<\/strong><\/h2>\n<p class=\"\" data-start=\"1214\" data-end=\"1432\">Materialet henviser til <strong data-start=\"1238\" data-end=\"1286\">MEMRI (Middle East Media Research Institute)<\/strong>, en internationalt kritiseret akt\u00f8r med dokumenterede forbindelser til den israelske efterretningstjeneste og milit\u00e6re efterretningskredse (IDF).<\/p>\n<p class=\"\" data-start=\"1434\" data-end=\"1510\">Der citeres direkte fra MEMRI og f\u00f8lgende tekst fremg\u00e5r af PDF\u2019en (side 17):<\/p>\n<blockquote data-start=\"1512\" data-end=\"1663\">\n<p class=\"\" data-start=\"1514\" data-end=\"1663\"><em data-start=\"1514\" data-end=\"1663\">\u201cPr\u00e6diken var oprindeligt p\u00e5 arabisk, men blev oversat af det amerikansk-baserede institut Memri, som har kontaktet Det J\u00f8diske Samfund i Danmark.\u201d<\/em><\/p>\n<\/blockquote>\n<p class=\"\" data-start=\"1665\" data-end=\"1883\">MEMRI er kendt for forvr\u00e6ngede overs\u00e6ttelser og ekstrem ideologisk vinkling af islamiske kilder \u2013 og betragtes af adskillige forskningsinstitutioner som <strong data-start=\"1818\" data-end=\"1882\">et propagandav\u00e6rkt\u00f8j for zionistisk og islamofobisk narrativ<\/strong>.<\/p>\n<p class=\"\" data-start=\"1885\" data-end=\"2143\">At <strong data-start=\"1888\" data-end=\"1945\">et statsligt finansieret museum aktivt benytter MEMRI<\/strong> som kilde i undervisningsmateriale rettet mod unge elever, <strong data-start=\"2005\" data-end=\"2040\">uden kritisk kontekstualisering<\/strong>, er b\u00e5de uansvarligt og potentielt <strong data-start=\"2076\" data-end=\"2091\">lovstridigt<\/strong> i henhold til Straffelovens \u00a7266b om hadefuld tale.<\/p>\n<hr class=\"\" data-start=\"2145\" data-end=\"2148\" \/>\n<h2 class=\"\" data-start=\"2150\" data-end=\"2180\"><strong data-start=\"2156\" data-end=\"2180\">NAVNE OG ANSVARLIGE:<\/strong><\/h2>\n<p class=\"\" data-start=\"2182\" data-end=\"2202\"><strong data-start=\"2182\" data-end=\"2202\">Hovedansvarlige:<\/strong><\/p>\n<ul data-start=\"2203\" data-end=\"2342\">\n<li class=\"\" data-start=\"2203\" data-end=\"2261\">\n<p class=\"\" data-start=\"2205\" data-end=\"2261\"><strong data-start=\"2205\" data-end=\"2228\">Janus M\u00f8ller Jensen<\/strong>, museumsdirekt\u00f8r (<a rel=\"noopener\" data-start=\"2247\" data-end=\"2260\">jmj@jewmus.dk<\/a>)<\/p>\n<\/li>\n<li class=\"\" data-start=\"2262\" data-end=\"2342\">\n<p class=\"\" data-start=\"2264\" data-end=\"2342\"><strong data-start=\"2264\" data-end=\"2291\">Sara Fredfeldt Stadager<\/strong>, museumsinspekt\u00f8r og tekstforfatter (<a rel=\"noopener\" data-start=\"2329\" data-end=\"2341\">sf@jewmus.dk<\/a>)<\/p>\n<\/li>\n<\/ul>\n<p class=\"\" data-start=\"2344\" data-end=\"2368\"><strong data-start=\"2344\" data-end=\"2368\">\u00d8vrige bidragsydere:<\/strong><\/p>\n<ul data-start=\"2369\" data-end=\"2443\">\n<li class=\"\" data-start=\"2369\" data-end=\"2392\">\n<p class=\"\" data-start=\"2371\" data-end=\"2392\">Magnus Panduro Juhl<\/p>\n<\/li>\n<li class=\"\" data-start=\"2393\" data-end=\"2420\">\n<p class=\"\" data-start=\"2395\" data-end=\"2420\">Clara Damgaard Andersen<\/p>\n<\/li>\n<li class=\"\" data-start=\"2421\" data-end=\"2443\">\n<p class=\"\" data-start=\"2423\" data-end=\"2443\">Anna Luna Daugaard<\/p>\n<\/li>\n<\/ul>\n<p class=\"\" data-start=\"2445\" data-end=\"2482\"><strong data-start=\"2445\" data-end=\"2480\">Politisk ansvar p\u00e5 tidspunktet:<\/strong><\/p>\n<ul data-start=\"2483\" data-end=\"2532\">\n<li class=\"\" data-start=\"2483\" data-end=\"2532\">\n<p class=\"\" data-start=\"2485\" data-end=\"2532\"><strong data-start=\"2485\" data-end=\"2525\">Kulturminister Ane Halsboe-J\u00f8rgensen<\/strong> (2022)<\/p>\n<\/li>\n<\/ul>\n<hr class=\"\" data-start=\"2534\" data-end=\"2537\" \/>\n<h2 class=\"\" data-start=\"2539\" data-end=\"2573\"><strong data-start=\"2545\" data-end=\"2573\">JEG ANMODER OM F\u00d8LGENDE:<\/strong><\/h2>\n<ol data-start=\"2575\" data-end=\"3696\">\n<li class=\"\" data-start=\"2575\" data-end=\"2735\">\n<p class=\"\" data-start=\"2578\" data-end=\"2735\"><strong data-start=\"2578\" data-end=\"2597\">Fuld aktindsigt<\/strong> i al skriftlig og elektronisk kommunikation mellem <strong data-start=\"2649\" data-end=\"2681\">Det J\u00f8diske Museum i Danmark<\/strong> og <strong data-start=\"2685\" data-end=\"2694\">MEMRI<\/strong>, herunder Det J\u00f8diske Samfund i Danmark.<\/p>\n<\/li>\n<li class=\"\" data-start=\"2737\" data-end=\"2919\">\n<p class=\"\" data-start=\"2740\" data-end=\"2919\">Oplysning om <strong data-start=\"2753\" data-end=\"2792\">hvordan og hvorfor MEMRI er udvalgt<\/strong> som kilde til undervisning i statsligt materiale \u2013 herunder hvilket ansvar der ligger hos kultur- og undervisningsministeriet.<\/p>\n<\/li>\n<li class=\"\" data-start=\"2921\" data-end=\"3088\">\n<p class=\"\" data-start=\"2924\" data-end=\"3088\">Dokumentation for <strong data-start=\"2942\" data-end=\"2984\">hvordan og hvor PDF\u2019en er distribueret<\/strong> til offentlige institutioner, samt i hvor mange undervisningsforl\u00f8b eller skoler den er blevet anvendt.<\/p>\n<\/li>\n<li class=\"\" data-start=\"3090\" data-end=\"3349\">\n<p class=\"\" data-start=\"3093\" data-end=\"3349\">Bekr\u00e6ftelse p\u00e5 hvorvidt <strong data-start=\"3117\" data-end=\"3163\">andre religi\u00f8se eller ideologiske skrifter<\/strong> (som fx j\u00f8dedommens egne problematiske passager i Talmud m.m.) er pr\u00e6senteret <strong data-start=\"3242\" data-end=\"3256\">i ligev\u00e6gt<\/strong>, som en del af det historiske overblik \u2013 hvilket <strong data-start=\"3306\" data-end=\"3322\">ikke fremg\u00e5r<\/strong> af det aktuelle materiale.<\/p>\n<\/li>\n<li class=\"\" data-start=\"3351\" data-end=\"3554\">\n<p class=\"\" data-start=\"3354\" data-end=\"3554\">En vurdering fra Justitsministeriet og evt. Rigsadvokaten om, hvorvidt dette kan betragtes som <strong data-start=\"3449\" data-end=\"3554\">diskrimination, spredning af fordomsfulde narrativer og radikalisering gennem statsst\u00f8ttet materiale.<\/strong><\/p>\n<\/li>\n<li class=\"\" data-start=\"3556\" data-end=\"3696\">\n<p class=\"\" data-start=\"3559\" data-end=\"3696\">At materialet <strong data-start=\"3573\" data-end=\"3629\">\u00f8jeblikkeligt suspenderes fra offentlig undervisning<\/strong>, indtil der foreligger en grundig revision med uvildige eksperter.<\/p>\n<\/li>\n<\/ol>\n<hr class=\"\" data-start=\"3698\" data-end=\"3701\" \/>\n<h2 class=\"\" data-start=\"3703\" data-end=\"3737\"><strong data-start=\"3708\" data-end=\"3737\">FRIST OG OFFENTLIGG\u00d8RELSE<\/strong><\/h2>\n<p class=\"\" data-start=\"3739\" data-end=\"3832\">If\u00f8lge offentlighedsloven \u00a7 36 anmoder jeg om svar <strong data-start=\"3790\" data-end=\"3814\">senest 7 arbejdsdage<\/strong> fra modtagelse.<\/p>\n<p class=\"\" data-start=\"3834\" data-end=\"3974\">Hele denne henvendelse \u2013 med dokumentation og navne \u2013 er gjort offentligt og bliver en del af en dokumentarisk artikelserie p\u00e5 f\u00f8lgende URL:<\/p>\n<p class=\"\" data-start=\"3976\" data-end=\"4139\"><a class=\"\" href=\"https:\/\/zlcopenhagen.com\/da\/sara-stadager-janus-moeller-muslimhad-politi-pdf\/\" target=\"_new\" rel=\"noopener\" data-start=\"3979\" data-end=\"4139\"><code>https:\/\/zlcopenhagen.com\/da\/sara-stadager-janus-moeller-muslimhad-politi-pdf\/<\/code><\/a><\/p>\n<hr class=\"\" data-start=\"4141\" data-end=\"4144\" \/>\n<p class=\"\" data-start=\"4146\" data-end=\"4251\">Med venlig hilsen,<br data-start=\"4164\" data-end=\"4167\" \/><strong data-start=\"4167\" data-end=\"4182\">Zahid Latif<\/strong><br data-start=\"4182\" data-end=\"4185\" \/>ZLCopenhagen<br data-start=\"4197\" data-end=\"4200\" \/><a class=\"\" href=\"https:\/\/www.zlcopenhagen.com\" target=\"_new\" rel=\"noopener\" data-start=\"4200\" data-end=\"4251\">www.zlcopenhagen.com<\/a><\/p>\n<p>[\/spb_toggle] [spb_toggle element_name=&#8221;POLITIANMELDELSE&#8221; title=&#8221;POLITIANMELDELSE&#8221; open=&#8221;false&#8221; width=&#8221;1\/1&#8243; el_position=&#8221;first last&#8221;]<\/p>\n<div>\n<h2>POLITIANMELDELSE<\/h2>\n<p><strong>Vedr. Dansk J\u00f8disk Museum \u2013 Offentligt finansieret PDF med hadspredning og propaganda<\/strong><\/p>\n<p><strong>Til:<\/strong>\u00a0Politiet<br \/>\n<strong>Fra:<\/strong>\u00a0Zahid Latif, borger og kritisk stemme i den offentlige debat<\/p>\n<hr \/>\n<h3>ANMELDTE<\/h3>\n<ul>\n<li><strong>Janus M\u00f8ller Jensen<\/strong>, museumsdirekt\u00f8r<\/li>\n<li><strong>Sara F. Stadager<\/strong>, museumsinspekt\u00f8r og medforfatter<\/li>\n<li><strong>Magnus Panduro Juhl<\/strong>, medforfatter<\/li>\n<li><strong>Clara Damgaard Andersen &amp; Anna Luna Daugaard<\/strong>, medudviklere<br \/>\n<strong>Institution:<\/strong>\u00a0Dansk J\u00f8disk Museum<br \/>\n<strong>Materiale:<\/strong>\u00a0<em>Antisemitisme i Danmark \u2013 i et historisk perspektiv<\/em>\u00a0(offentlig PDF, m\u00e5lrettet undervisningsbrug)<\/li>\n<\/ul>\n<hr \/>\n<h3>GRUNDLAG FOR ANMELDELSEN<\/h3>\n<p>Jeg anmelder ovenst\u00e5ende personer og institution for at\u00a0<strong>sprede muslimfjendtlig propaganda<\/strong>, med f\u00f8lgende elementer:<\/p>\n<ol>\n<li><strong>LINK TIL MEMRI<\/strong><br \/>\nDet n\u00e6vnes i PDF\u2019en, at MEMRI har kontaktet Det J\u00f8diske Samfund. MEMRI er veldokumenteret som en h\u00f8jreradikal og zionistisk efterretningstilknyttet platform, kendt for systematisk at overs\u00e6tte og manipulere islamiske udtalelser uden kontekst, med det form\u00e5l at skabe frygt for muslimer.<\/li>\n<li><strong>STATSLIGT ST\u00d8TTET<\/strong><br \/>\nMaterialet er udarbejdet til undervisningssektoren og finansieret med offentlige midler. Det udgiver sig for at formidle \u201cantisemitisme\u201d, men g\u00f8r det\u00a0<strong>ensidigt og historiel\u00f8st<\/strong>, og undlader at forklare de oprindelige religi\u00f8se, politiske og geopolitiske kontekster.<\/li>\n<li><strong>MANIPULATION AF BEGREBER<\/strong><br \/>\nAntisemitisme fremstilles som et f\u00e6nomen, der kun rammer \u00e9n gruppe. Det ignoreres, at begrebet \u201csemit\u201d omfatter flere folkeslag \u2013 herunder\u00a0<strong>arabere og muslimer<\/strong>. Ved at udelukke den del, skabes et narrativ, hvor j\u00f8diske ofre fremh\u00e6ves og muslimske stemmer systematisk udelades eller d\u00e6moniseres.<\/li>\n<li><strong>FRAV\u00c6R AF BALANCE OG OPRINDELIGE KILDER<\/strong><br \/>\nMaterialet gengiver hadhadith og islamiske referencer uden at gengive tilsvarende j\u00f8diske eller kristne kilder, s\u00e5som passager fra Talmud eller Bibelen. Dermed fremst\u00e5r \u00e9n religion som s\u00e6rligt farlig \u2013 hvilket i sig selv kan virke radikaliserende.<\/li>\n<\/ol>\n<hr \/>\n<h3>MINE KRAV<\/h3>\n<ul>\n<li>Politiet skal \u00e5bne en sag under\u00a0<strong>straffelovens \u00a7266b<\/strong>\u00a0(racismeparagraffen) for offentlig hadspredning.<\/li>\n<li>MEMRI-referencen skal\u00a0<strong>fjernes \u00f8jeblikkeligt<\/strong>\u00a0fra undervisningsmaterialet.<\/li>\n<li>Undervisningsministeriet skal redeg\u00f8re for, hvordan materialet er godkendt.<\/li>\n<li>De ansvarlige skal holdes juridisk og institutionelt ansvarlige for deres handlinger.<\/li>\n<\/ul>\n<hr \/>\n<h3>LINK TIL ARTIKEL OG DOKUMENTATION<\/h3>\n<p>L\u00e6s dokumentation, navne og den fulde analyse her:<br \/>\n<img decoding=\"async\" class=\"an1 lazyload\" draggable=\"false\" data-src=\"https:\/\/fonts.gstatic.com\/s\/e\/notoemoji\/16.0\/1f517\/32.png\" alt=\"\ud83d\udd17\" data-emoji=\"\ud83d\udd17\" aria-label=\"\ud83d\udd17\" src=\"data:image\/svg+xml;base64,PHN2ZyB3aWR0aD0iMSIgaGVpZ2h0PSIxIiB4bWxucz0iaHR0cDovL3d3dy53My5vcmcvMjAwMC9zdmciPjwvc3ZnPg==\" \/>\u00a0<a rel=\"noopener\">https:\/\/zlcopenhagen.com\/da\/<wbr \/>sara-stadager-janus-moeller-<wbr \/>muslimhad-politi-pdf<\/a><\/p>\n<hr \/>\n<p>&nbsp;<\/p>\n<\/div>\n<div>\n<div class=\"gmail_signature\" dir=\"ltr\" data-smartmail=\"gmail_signature\">\n<div dir=\"ltr\">\n<div dir=\"ltr\">\n<div dir=\"ltr\">\n<div dir=\"ltr\">\n<div dir=\"ltr\">\n<div dir=\"ltr\">\n<div dir=\"ltr\"><b>Best regards<\/b><\/div>\n<div dir=\"ltr\"><b>Med venlig hilsen<\/b><\/div>\n<div dir=\"ltr\"><b>\u00a0<\/b><\/div>\n<div dir=\"ltr\"><b><span style=\"font-size: large;\">Zahid Latif\u00a0<\/span><\/b><\/div>\n<\/div>\n<\/div>\n<\/div>\n<\/div>\n<\/div>\n<\/div>\n<\/div>\n<\/div>\n<p>[\/spb_toggle] [spb_toggle element_name=&#8221;MEMRI &amp; IDF&#8221; title=&#8221;MEMRI &amp; IDF&#8221; open=&#8221;false&#8221; width=&#8221;1\/1&#8243; el_position=&#8221;first last&#8221;]<\/p>\n<p class=\"\" data-start=\"0\" data-end=\"382\">MEMRI (The Middle East Media Research Institute) <strong data-start=\"49\" data-end=\"90\">blev grundlagt i 1998 af Yigal Carmon<\/strong>, en tidligere <strong data-start=\"105\" data-end=\"180\">overordnet officer i den israelske milit\u00e6re efterretningstjeneste (IDF)<\/strong> og <strong data-start=\"184\" data-end=\"252\">tidligere r\u00e5dgiver for Israels premierministre i anti-terrorisme<\/strong>. Medstifter var <strong data-start=\"269\" data-end=\"287\">Meyrav Wurmser<\/strong>, som senere blev r\u00e5dgiver for Bush-administrationen og kendt for neokonservative forbindelser.<\/p>\n<p class=\"\" data-start=\"384\" data-end=\"634\"><strong data-start=\"387\" data-end=\"443\">Organisationens hovedkontor ligger i Washington D.C.<\/strong>, men <strong data-start=\"449\" data-end=\"532\">MEMRI\u2019s ledelse og stiftelse har direkte r\u00f8dder i det israelske sikkerhedsmilj\u00f8<\/strong> \u2013 is\u00e6r i de dele af statsapparatet, der arbejder med psykologisk krigsf\u00f8relse og informationskontrol.<\/p>\n<h3 class=\"\" data-start=\"636\" data-end=\"657\">HVEM ST\u00c5R BAG?<\/h3>\n<ul data-start=\"659\" data-end=\"926\">\n<li class=\"\" data-start=\"659\" data-end=\"728\">\n<p class=\"\" data-start=\"661\" data-end=\"728\"><strong data-start=\"661\" data-end=\"677\">Yigal Carmon<\/strong> \u2013 tidligere oberst i IDF\u2019s efterretningstjeneste<\/p>\n<\/li>\n<li class=\"\" data-start=\"729\" data-end=\"799\">\n<p class=\"\" data-start=\"731\" data-end=\"799\"><strong data-start=\"731\" data-end=\"749\">Meyrav Wurmser<\/strong> \u2013 amerikansk\/israelsk neokonservativ akademiker<\/p>\n<\/li>\n<li class=\"\" data-start=\"800\" data-end=\"926\">\n<p class=\"\" data-start=\"802\" data-end=\"926\"><strong data-start=\"802\" data-end=\"837\">MEMRI\u2019s bestyrelse og r\u00e5dgivere<\/strong> har historisk haft st\u00e6rke b\u00e5nd til b\u00e5de israelske og amerikanske pro-zionistiske milj\u00f8er<\/p>\n<\/li>\n<\/ul>\n<h3 class=\"\" data-start=\"928\" data-end=\"952\">HVAD ER FORM\u00c5LET?<\/h3>\n<p class=\"\" data-start=\"954\" data-end=\"1314\">Officielt siger MEMRI, at de overs\u00e6tter medier fra Mellem\u00f8sten for at &#8220;fremme forst\u00e5else&#8221;.<br data-start=\"1044\" data-end=\"1047\" \/>Men kritikere \u2013 herunder akademikere, menneskeretsorganisationer og journalister \u2013 <strong data-start=\"1130\" data-end=\"1230\">anklager MEMRI for systematisk at v\u00e6lge de mest ekstreme og voldelige udsagn fra arabiske kilder<\/strong>, fjerne kontekst og <strong data-start=\"1251\" data-end=\"1313\">skabe et billede af muslimer som irrationelle og voldelige<\/strong>.<\/p>\n<p>[\/spb_toggle] [spb_text_block animation=&#8221;none&#8221; animation_delay=&#8221;0&#8243; simplified_controls=&#8221;yes&#8221; custom_css_percentage=&#8221;no&#8221; padding_vertical=&#8221;0&#8243; padding_horizontal=&#8221;0&#8243; margin_vertical=&#8221;0&#8243; custom_css=&#8221;margin-top: 0px;margin-bottom: 0px;&#8221; border_size=&#8221;0&#8243; border_styling_global=&#8221;default&#8221; width=&#8221;1\/1&#8243; el_position=&#8221;first last&#8221;]<\/p>\n<h3 data-start=\"185\" data-end=\"261\">DISSE PERSONER B\u00c6RER ANSVARET FOR DET STATSST\u00d8TTEDE MUSLIMHAD<\/h3>\n<p class=\"\" data-start=\"263\" data-end=\"515\">Det handler ikke om misforst\u00e5elser. Det handler om konkrete navne, institutionelt ansvar og handlinger. Undervisningsmaterialet, der spreder MEMRI-linket og et islamofobisk narrativ, er produceret, godkendt og udsendt af f\u00f8lgende statsst\u00f8ttede akt\u00f8rer:<\/p>\n<p class=\"\" data-start=\"517\" data-end=\"704\"><strong data-start=\"517\" data-end=\"528\">Udgiver<\/strong><br data-start=\"528\" data-end=\"531\" \/>Dansk J\u00f8disk Museum<br data-start=\"550\" data-end=\"553\" \/>Offentlig institution med ansvar for formidling af j\u00f8disk historie og kultur. Modtager statsst\u00f8tte og fungerer som officiel akt\u00f8r i dansk undervisning.<\/p>\n<p class=\"\" data-start=\"706\" data-end=\"927\"><strong data-start=\"706\" data-end=\"728\">\u00d8verste ansvarlige<\/strong><br data-start=\"728\" data-end=\"731\" \/>Janus M\u00f8ller Jensen<br data-start=\"750\" data-end=\"753\" \/>Museumsdirekt\u00f8r, Ph.d. i historie<br data-start=\"786\" data-end=\"789\" \/>E-mail: <a rel=\"noopener\" data-start=\"797\" data-end=\"810\">jmj@jewmus.dk<\/a><br data-start=\"810\" data-end=\"813\" \/>Tlf.: 29 81 05 10<br data-start=\"830\" data-end=\"833\" \/>Politianmeldt for ansvar i spredning af hadpropaganda gennem statsligt undervisningsmateriale.<\/p>\n<p class=\"\" data-start=\"929\" data-end=\"1091\"><strong data-start=\"929\" data-end=\"966\">Forfattere og udviklere af PDF\u2019en<\/strong><br data-start=\"966\" data-end=\"969\" \/>Titlen: \u201cAntisemitisme i Danmark \u2013 i et historisk perspektiv\u201d<br data-start=\"1030\" data-end=\"1033\" \/>Udarbejdet og underskrevet af f\u00f8lgende navngivne personer:<\/p>\n<p class=\"\" data-start=\"1095\" data-end=\"1186\"><strong>Sara Fredfeldt Stadager (Museumsinspekt\u00f8r)<\/strong><br data-start=\"1137\" data-end=\"1140\" \/><strong>E-mail: <a rel=\"noopener\" data-start=\"1150\" data-end=\"1162\">sf@jewmus.dk<\/a><\/strong><br data-start=\"1162\" data-end=\"1165\" \/><strong>Tlf.: 91 23 07 22<\/strong><\/p>\n<p class=\"\" data-start=\"1189\" data-end=\"1210\"><strong>Magnus Panduro Juhl<\/strong><\/p>\n<p class=\"\" data-start=\"1213\" data-end=\"1238\"><strong>Clara Damgaard Andersen<\/strong><\/p>\n<p class=\"\" data-start=\"1241\" data-end=\"1259\"><strong>Anna Luna Daugaard<\/strong><\/p>\n<p class=\"\" data-start=\"1261\" data-end=\"1359\">Alle bidrog til formuleringen og legitimeringen af kontroversielle kilder og islamofobisk retorik.<\/p>\n<p class=\"\" data-start=\"1361\" data-end=\"1544\"><strong data-start=\"1361\" data-end=\"1414\">Politisk ansvarlig (2022, da PDF\u2019en blev udgivet)<\/strong><br data-start=\"1414\" data-end=\"1417\" \/>Ane Halsboe-J\u00f8rgensen<br data-start=\"1438\" data-end=\"1441\" \/>Kulturminister (S) \u2013 ansvarlig for statens museer og undervisnings materiale under hendes embedsperiode.<\/p>\n<p class=\"\" data-start=\"1546\" data-end=\"1761\">Disse personer og institutioner er nu n\u00e6vnt i en politianmeldelse. Ikke blot for uansvarlig kildebrug \u2013 men for at medvirke til udbredelse af systematiseret hadpropaganda mod muslimer, betalt af danske skattekroner.<\/p>\n<p data-start=\"1763\" data-end=\"1916\">Link <a href=\"https:\/\/www.cair.com\/cair_in_the_news\/expert-memri-is-propaganda-machine\/\" target=\"_blank\" rel=\"noopener\">CAIR<\/a><\/p>\n<p>[\/spb_text_block] [spb_blank_spacer height=&#8221;30px&#8221; width=&#8221;1\/1&#8243; el_position=&#8221;first last&#8221;]<\/p>\n","protected":false},"excerpt":{"rendered":"<p>[spb_text_block animation=&#8221;none&#8221; animation_delay=&#8221;0&#8243; simplified_controls=&#8221;yes&#8221; custom_css_percentage=&#8221;no&#8221; padding_vertical=&#8221;0&#8243; padding_horizontal=&#8221;0&#8243; margin_vertical=&#8221;0&#8243; custom_css=&#8221;margin-top: 0px;margin-bottom: 0px;&#8221; border_size=&#8221;0&#8243; border_styling_global=&#8221;default&#8221; width=&#8221;1\/1&#8243; el_position=&#8221;first last&#8221;] Kladde, stadig under opbygning, skriv ring gerne hvis du har nogle tilf\u00f8jelser tak 50156010 Sara F. Stadager og Janus M\u00f8ller Jensen er nu politianmeldt for deres rolle i PDF\u2019en \u201cAntisemitisme i Danmark\u201d, der henviser direkte til MEMRI \u2013 en platform internationalt kritiseret for islamofobi [&hellip;]<\/p>\n","protected":false},"author":2,"featured_media":45982,"comment_status":"closed","ping_status":"closed","sticky":false,"template":"","format":"standard","meta":{"footnotes":""},"categories":[1884,1640,1808,1883,133,1800,1353],"tags":[],"class_list":["post-46019","post","type-post","status-publish","format-standard","has-post-thumbnail","hentry","category-embedsvaerk-under-luppen","category-geopolitics-da","category-hasbara","category-magtnetvaerk","category-nyheder","category-propaganda-informationskrig","category-uafhaengige-nyheder"],"yoast_head":"<!-- This site is optimized with the Yoast SEO Premium plugin v26.6 (Yoast SEO v27.5) - https:\/\/yoast.com\/product\/yoast-seo-premium-wordpress\/ -->\n<title>MEMRI &amp; Dansk J\u00f8disk Museum: Politianmeldt PDF-skandale<\/title>\n<meta name=\"description\" content=\"Sara F. Stadager &amp; Janus M\u00f8ller anmeldt: Islamofobi i statsligt skolemateriale med MEMRI-link og muslimhad forkl\u00e6dt som oplysning.\" \/>\n<meta name=\"robots\" content=\"index, follow, max-snippet:-1, max-image-preview:large, max-video-preview:-1\" \/>\n<link rel=\"canonical\" href=\"https:\/\/zlcopenhagen.com\/da\/statsstoettet-muslimhad-janus-moeller-sara-stadager\/\" \/>\n<meta property=\"og:locale\" content=\"da_DK\" \/>\n<meta property=\"og:type\" content=\"article\" \/>\n<meta property=\"og:title\" content=\"ZLCOPENHAGEN: Danish-Punjabi Ethical Menswear\" \/>\n<meta property=\"og:description\" content=\"ZLCOPENHAGEN merges Danish minimalism with Punjabi pride. Ethical menswear with muscle, message, and meaning. Designed with zidd.\" \/>\n<meta property=\"og:url\" content=\"https:\/\/zlcopenhagen.com\/da\/statsstoettet-muslimhad-janus-moeller-sara-stadager\/\" \/>\n<meta property=\"og:site_name\" content=\"zlcopenhagen.com\" \/>\n<meta property=\"article:published_time\" content=\"2025-04-20T04:50:28+00:00\" \/>\n<meta property=\"article:modified_time\" content=\"2025-05-15T07:57:20+00:00\" \/>\n<meta property=\"og:image\" content=\"https:\/\/zlcopenhagen.com\/wp-content\/uploads\/2025\/04\/antisemitisme-satire-censur-undervisning.webp\" \/>\n\t<meta property=\"og:image:width\" content=\"1536\" \/>\n\t<meta property=\"og:image:height\" content=\"1024\" \/>\n\t<meta property=\"og:image:type\" content=\"image\/webp\" \/>\n<meta name=\"author\" content=\"ZLC Team\" \/>\n<meta name=\"twitter:card\" content=\"summary_large_image\" \/>\n<meta name=\"twitter:label1\" content=\"Skrevet af\" \/>\n\t<meta name=\"twitter:data1\" content=\"ZLC Team\" \/>\n\t<meta name=\"twitter:label2\" content=\"Estimeret l\u00e6setid\" \/>\n\t<meta name=\"twitter:data2\" content=\"22 minutter\" \/>\n<!-- \/ Yoast SEO Premium plugin. -->","yoast_head_json":{"title":"MEMRI & Dansk J\u00f8disk Museum: Politianmeldt PDF-skandale","description":"Sara F. Stadager & Janus M\u00f8ller anmeldt: Islamofobi i statsligt skolemateriale med MEMRI-link og muslimhad forkl\u00e6dt som oplysning.","robots":{"index":"index","follow":"follow","max-snippet":"max-snippet:-1","max-image-preview":"max-image-preview:large","max-video-preview":"max-video-preview:-1"},"canonical":"https:\/\/zlcopenhagen.com\/da\/statsstoettet-muslimhad-janus-moeller-sara-stadager\/","og_locale":"da_DK","og_type":"article","og_title":"ZLCOPENHAGEN: Danish-Punjabi Ethical Menswear","og_description":"ZLCOPENHAGEN merges Danish minimalism with Punjabi pride. Ethical menswear with muscle, message, and meaning. Designed with zidd.","og_url":"https:\/\/zlcopenhagen.com\/da\/statsstoettet-muslimhad-janus-moeller-sara-stadager\/","og_site_name":"zlcopenhagen.com","article_published_time":"2025-04-20T04:50:28+00:00","article_modified_time":"2025-05-15T07:57:20+00:00","og_image":[{"width":1536,"height":1024,"url":"https:\/\/zlcopenhagen.com\/wp-content\/uploads\/2025\/04\/antisemitisme-satire-censur-undervisning.webp","type":"image\/webp"}],"author":"ZLC Team","twitter_card":"summary_large_image","twitter_misc":{"Skrevet af":"ZLC Team","Estimeret l\u00e6setid":"22 minutter"},"schema":{"@context":"https:\/\/schema.org","@graph":[{"@type":["Article","BlogPosting"],"@id":"https:\/\/zlcopenhagen.com\/da\/statsstoettet-muslimhad-janus-moeller-sara-stadager\/#article","isPartOf":{"@id":"https:\/\/zlcopenhagen.com\/da\/statsstoettet-muslimhad-janus-moeller-sara-stadager\/"},"author":{"name":"ZLC Team","@id":"https:\/\/zlcopenhagen.com\/#\/schema\/person\/c7ce5649957ac4c1258910e89f0f5fb3"},"headline":"POLITIANMELDELSE MOD DANSK J\u00d8DISK MUSEUM","datePublished":"2025-04-20T04:50:28+00:00","dateModified":"2025-05-15T07:57:20+00:00","mainEntityOfPage":{"@id":"https:\/\/zlcopenhagen.com\/da\/statsstoettet-muslimhad-janus-moeller-sara-stadager\/"},"wordCount":6068,"publisher":{"@id":"https:\/\/zlcopenhagen.com\/#organization"},"image":{"@id":"https:\/\/zlcopenhagen.com\/da\/statsstoettet-muslimhad-janus-moeller-sara-stadager\/#primaryimage"},"thumbnailUrl":"https:\/\/zlcopenhagen.com\/wp-content\/uploads\/2025\/04\/antisemitisme-satire-censur-undervisning.webp","articleSection":["EMBEDSV\u00c6RK UNDER LUPPEN","Geopolitics","HASBARA","MAGTNETV\u00c6RK","Nyheder","PROPAGANDA &amp; INFORMATIONSKRIG","UAFH\u00c6NGIGE NYHEDER"],"inLanguage":"da-DK","copyrightYear":"2025","copyrightHolder":{"@id":"https:\/\/zlcopenhagen.com\/#organization"}},{"@type":"WebPage","@id":"https:\/\/zlcopenhagen.com\/da\/statsstoettet-muslimhad-janus-moeller-sara-stadager\/","url":"https:\/\/zlcopenhagen.com\/da\/statsstoettet-muslimhad-janus-moeller-sara-stadager\/","name":"MEMRI & Dansk J\u00f8disk Museum: Politianmeldt PDF-skandale","isPartOf":{"@id":"https:\/\/zlcopenhagen.com\/#website"},"primaryImageOfPage":{"@id":"https:\/\/zlcopenhagen.com\/da\/statsstoettet-muslimhad-janus-moeller-sara-stadager\/#primaryimage"},"image":{"@id":"https:\/\/zlcopenhagen.com\/da\/statsstoettet-muslimhad-janus-moeller-sara-stadager\/#primaryimage"},"thumbnailUrl":"https:\/\/zlcopenhagen.com\/wp-content\/uploads\/2025\/04\/antisemitisme-satire-censur-undervisning.webp","datePublished":"2025-04-20T04:50:28+00:00","dateModified":"2025-05-15T07:57:20+00:00","description":"Sara F. Stadager & Janus M\u00f8ller anmeldt: Islamofobi i statsligt skolemateriale med MEMRI-link og muslimhad forkl\u00e6dt som oplysning.","breadcrumb":{"@id":"https:\/\/zlcopenhagen.com\/da\/statsstoettet-muslimhad-janus-moeller-sara-stadager\/#breadcrumb"},"inLanguage":"da-DK","potentialAction":[{"@type":"ReadAction","target":["https:\/\/zlcopenhagen.com\/da\/statsstoettet-muslimhad-janus-moeller-sara-stadager\/"]}]},{"@type":"ImageObject","inLanguage":"da-DK","@id":"https:\/\/zlcopenhagen.com\/da\/statsstoettet-muslimhad-janus-moeller-sara-stadager\/#primaryimage","url":"https:\/\/zlcopenhagen.com\/wp-content\/uploads\/2025\/04\/antisemitisme-satire-censur-undervisning.webp","contentUrl":"https:\/\/zlcopenhagen.com\/wp-content\/uploads\/2025\/04\/antisemitisme-satire-censur-undervisning.webp","width":1536,"height":1024,"caption":"N\u00e5r Gud ser ned p\u00e5 Danmark, og censur bliver til undervisning \u2013 og had m\u00e5 citeres, s\u00e5 l\u00e6nge det er de rigtige, der g\u00f8r det."},{"@type":"BreadcrumbList","@id":"https:\/\/zlcopenhagen.com\/da\/statsstoettet-muslimhad-janus-moeller-sara-stadager\/#breadcrumb","itemListElement":[{"@type":"ListItem","position":1,"name":"Home","item":"https:\/\/zlcopenhagen.com\/da\/"},{"@type":"ListItem","position":2,"name":"POLITIANMELDELSE MOD DANSK J\u00d8DISK MUSEUM"}]},{"@type":"WebSite","@id":"https:\/\/zlcopenhagen.com\/#website","url":"https:\/\/zlcopenhagen.com\/","name":"zlcopenhagen.com","description":"","publisher":{"@id":"https:\/\/zlcopenhagen.com\/#organization"},"potentialAction":[{"@type":"SearchAction","target":{"@type":"EntryPoint","urlTemplate":"https:\/\/zlcopenhagen.com\/?s={search_term_string}"},"query-input":{"@type":"PropertyValueSpecification","valueRequired":true,"valueName":"search_term_string"}}],"inLanguage":"da-DK"},{"@type":["Organization","Place"],"@id":"https:\/\/zlcopenhagen.com\/#organization","name":"ZLCOPENHAGEN","alternateName":"ZLCOPENHAGEN","url":"https:\/\/zlcopenhagen.com\/","logo":{"@id":"https:\/\/zlcopenhagen.com\/da\/statsstoettet-muslimhad-janus-moeller-sara-stadager\/#local-main-organization-logo"},"image":{"@id":"https:\/\/zlcopenhagen.com\/da\/statsstoettet-muslimhad-janus-moeller-sara-stadager\/#local-main-organization-logo"},"sameAs":["https:\/\/www.youtube.com\/channel\/UCy7JINwB6DMr2fA9yHpDQJg"],"telephone":[],"openingHoursSpecification":[{"@type":"OpeningHoursSpecification","dayOfWeek":["Monday","Tuesday","Wednesday","Thursday","Friday","Saturday","Sunday"],"opens":"09:00","closes":"17:00"}]},{"@type":"Person","@id":"https:\/\/zlcopenhagen.com\/#\/schema\/person\/c7ce5649957ac4c1258910e89f0f5fb3","name":"ZLC Team","image":{"@type":"ImageObject","inLanguage":"da-DK","@id":"https:\/\/secure.gravatar.com\/avatar\/bb92a8e9bdde1cf2114b74dce44557ee57d3909986eab1422fc34e9cce350044?s=96&d=mm&r=g","url":"https:\/\/secure.gravatar.com\/avatar\/bb92a8e9bdde1cf2114b74dce44557ee57d3909986eab1422fc34e9cce350044?s=96&d=mm&r=g","contentUrl":"https:\/\/secure.gravatar.com\/avatar\/bb92a8e9bdde1cf2114b74dce44557ee57d3909986eab1422fc34e9cce350044?s=96&d=mm&r=g","caption":"ZLC Team"}},{"@type":"ImageObject","inLanguage":"da-DK","@id":"https:\/\/zlcopenhagen.com\/da\/statsstoettet-muslimhad-janus-moeller-sara-stadager\/#local-main-organization-logo","url":"https:\/\/zlcopenhagen.com\/wp-content\/uploads\/2016\/05\/blog-logo.jpg","contentUrl":"https:\/\/zlcopenhagen.com\/wp-content\/uploads\/2016\/05\/blog-logo.jpg","width":68,"height":68,"caption":"ZLCOPENHAGEN"}]}},"_links":{"self":[{"href":"https:\/\/zlcopenhagen.com\/da\/wp-json\/wp\/v2\/posts\/46019","targetHints":{"allow":["GET"]}}],"collection":[{"href":"https:\/\/zlcopenhagen.com\/da\/wp-json\/wp\/v2\/posts"}],"about":[{"href":"https:\/\/zlcopenhagen.com\/da\/wp-json\/wp\/v2\/types\/post"}],"author":[{"embeddable":true,"href":"https:\/\/zlcopenhagen.com\/da\/wp-json\/wp\/v2\/users\/2"}],"replies":[{"embeddable":true,"href":"https:\/\/zlcopenhagen.com\/da\/wp-json\/wp\/v2\/comments?post=46019"}],"version-history":[{"count":42,"href":"https:\/\/zlcopenhagen.com\/da\/wp-json\/wp\/v2\/posts\/46019\/revisions"}],"predecessor-version":[{"id":46904,"href":"https:\/\/zlcopenhagen.com\/da\/wp-json\/wp\/v2\/posts\/46019\/revisions\/46904"}],"wp:featuredmedia":[{"embeddable":true,"href":"https:\/\/zlcopenhagen.com\/da\/wp-json\/wp\/v2\/media\/45982"}],"wp:attachment":[{"href":"https:\/\/zlcopenhagen.com\/da\/wp-json\/wp\/v2\/media?parent=46019"}],"wp:term":[{"taxonomy":"category","embeddable":true,"href":"https:\/\/zlcopenhagen.com\/da\/wp-json\/wp\/v2\/categories?post=46019"},{"taxonomy":"post_tag","embeddable":true,"href":"https:\/\/zlcopenhagen.com\/da\/wp-json\/wp\/v2\/tags?post=46019"}],"curies":[{"name":"wp","href":"https:\/\/api.w.org\/{rel}","templated":true}]}}