{"id":45664,"date":"2026-03-04T19:34:42","date_gmt":"2026-03-04T18:34:42","guid":{"rendered":"https:\/\/zlcopenhagen.com\/?p=45664"},"modified":"2026-03-05T16:12:10","modified_gmt":"2026-03-05T15:12:10","slug":"finn-rudaizky-palaestinas-plads","status":"publish","type":"post","link":"https:\/\/zlcopenhagen.com\/da\/finn-rudaizky-palaestinas-plads\/","title":{"rendered":"FINN RUDAIZKY: S\u00c5DAN GASSEDE EN J\u00d8DE PAL\u00c6STINAS PLADS TIL D\u00d8DEN"},"content":{"rendered":"<p>[spb_text_block animation=&#8221;none&#8221; animation_delay=&#8221;0&#8243; simplified_controls=&#8221;yes&#8221; custom_css_percentage=&#8221;no&#8221; padding_vertical=&#8221;0&#8243; padding_horizontal=&#8221;0&#8243; margin_vertical=&#8221;0&#8243; custom_css=&#8221;margin-top: 0px;margin-bottom: 0px;&#8221; border_size=&#8221;0&#8243; border_styling_global=&#8221;default&#8221; width=&#8221;1\/1&#8243; el_position=&#8221;first last&#8221;]<\/p>\n<p data-start=\"32\" data-end=\"557\">under udvikling&#8230; kladdeform 24 11 2025<\/p>\n<p data-start=\"32\" data-end=\"557\"><strong data-start=\"53\" data-end=\"556\">Derfor hader jeg visse magtfulde j\u00f8der, zionistiske og pro-israelske akt\u00f8rer som Finn efter denne research, fordi en akt\u00f8r som Finn stod bag denne uretf\u00e6rdighed. Og n\u00e5r vi siger fra, beskylder de os for antisemitisme, s\u00e5 uanset hvordan vi vender og drejer, bliver \u201cantisemitisme\u201d og Frederik Vads erkendelse brugt som stempel p\u00e5 os muslimer som u\u00f8nskede i dette samfund. Stikord: Dreyfus-aff\u00e6ren som historisk stempling \u2013 og den moderne kamp for en pal\u00e6stinensisk stat, hvor bes\u00e6ttelsen m\u00e5 oph\u00f8re for fred.<\/strong>)<\/p>\n<p data-start=\"559\" data-end=\"717\">Jeg ved godt de vil kalde mig antisemit. Men jeg vil hellere blive kaldt en antisemit end en folkedrabsben\u00e6gter. Det er for at komme p\u00e5 forskud med de konkrete zionistiske debatt\u00f8rer og organisationer jeg dokumenterer her \u2014 blandt andre <strong data-start=\"1113\" data-end=\"1130\">Finn Rudaizky<\/strong>, <strong data-start=\"1132\" data-end=\"1180\">Max Meyer (formand for Dansk Zionistforbund)<\/strong> og milj\u00f8et omkring <strong data-start=\"1200\" data-end=\"1216\">MIFF Danmark<\/strong> \u2014 som systematisk fors\u00f8ger at g\u00f8re Pal\u00e6stina-solidaritet til noget suspekt.\u201d <span class=\"\" data-state=\"closed\"><span class=\"ms-1 inline-flex max-w-full items-center relative top-[-0.094rem] animate-[show_150ms_ease-in]\" data-testid=\"webpage-citation-pill\"><a class=\"flex h-4.5 overflow-hidden rounded-xl px-2 text-[9px] font-medium transition-colors duration-150 ease-in-out text-token-text-secondary! bg-[#F4F4F4]! dark:bg-[#303030]!\" href=\"https:\/\/tryghed.dk\/om-os\/moed-os\/repraesentanter\/region-hovedstaden\/max-meyer?utm_source=chatgpt.com\" target=\"_blank\" rel=\"noopener\"><span class=\"relative start-0 bottom-0 flex h-full w-full items-center\"><span class=\"flex h-4 w-full items-center justify-between absolute\"><span class=\"max-w-[15ch] grow truncate overflow-hidden text-center\">Med Israel for fred &#8211; MIFF Danmark<\/span><span class=\"-me-1 flex h-full items-center rounded-full px-1 text-[#8F8F8F]\">+3<\/span><\/span><span class=\"flex h-4 w-full items-center justify-between\"><span class=\"max-w-[15ch] grow truncate overflow-hidden text-center\">tryghed.dk<\/span><span class=\"-me-1 flex h-full items-center rounded-full px-1 text-[#8F8F8F]\">+3<\/span><\/span><span class=\"flex h-4 w-full items-center justify-between absolute\"><span class=\"max-w-[15ch] grow truncate overflow-hidden text-center\">Wikipedia<\/span><span class=\"-me-1 flex h-full items-center rounded-full px-1 text-[#8F8F8F]\">+3<\/span><\/span><\/span><\/a><\/span><\/span><\/p>\n<p data-start=\"251\" data-end=\"507\">Det er deres intimideringsfors\u00f8g, og den hopper jeg ikke p\u00e5. N\u00e5r jeg siger \u201cdem\u201d, mener jeg helt konkret de pro-israelske og zionistiske akt\u00f8rer, der igen og igen bruger \u201cantisemitisme\u201d-stemplet til at g\u00f8re muslimske og pro-pal\u00e6stinensiske stemmer tavse.<\/p>\n<p data-start=\"515\" data-end=\"975\">I den her sag er det f\u00f8rst og fremmest <strong data-start=\"554\" data-end=\"571\">Finn Rudaizky<\/strong> selv \u2013 tidligere DF-profil og offentlig debatt\u00f8r \u2013 som har gjort Pal\u00e6stinas Plads til sin kamp og bruger Hamas-\/terror-rammen til at mist\u00e6nkeligg\u00f8re st\u00f8tterne. Du kan h\u00f8re ham i <strong data-start=\"750\" data-end=\"790\">Radio4 Morgen den 18. september 2024<\/strong>, hvor han g\u00e5r efter partierne bag Pal\u00e6stinas Plads og kalder dem \u201cegoistiske\u201d. Det er ikke neutral debat; det er stempling forkl\u00e6dt som politik. <span class=\"\" data-state=\"closed\"><span class=\"ms-1 inline-flex max-w-full items-center relative top-[-0.094rem] animate-[show_150ms_ease-in]\" data-testid=\"webpage-citation-pill\"><a class=\"flex h-4.5 overflow-hidden rounded-xl px-2 text-[9px] font-medium transition-colors duration-150 ease-in-out text-token-text-secondary! bg-[#F4F4F4]! dark:bg-[#303030]!\" href=\"https:\/\/radio4.dk\/podcasts\/radio4-morgen\/onsdag-d-18-september-kl-6-7?utm_source=chatgpt.com\" target=\"_blank\" rel=\"noopener\"><span class=\"relative start-0 bottom-0 flex h-full w-full items-center\"><span class=\"flex h-4 w-full items-center justify-between\"><span class=\"max-w-[15ch] grow truncate overflow-hidden text-center\">radio4.dk<\/span><span class=\"-me-1 flex h-full items-center rounded-full px-1 text-[#8F8F8F]\">+1<\/span><\/span><\/span><\/a><\/span><\/span><\/p>\n<p data-start=\"983\" data-end=\"1373\">Men Finn st\u00e5r ikke i et tomrum. Den retoriske linje forst\u00e6rkes af <strong data-start=\"1049\" data-end=\"1097\">zionistiske lobby- og debatmilj\u00f8er i Danmark<\/strong>, herunder organisationer som <strong data-start=\"1127\" data-end=\"1151\">Dansk Zionistforbund<\/strong> (med <strong data-start=\"1157\" data-end=\"1170\">Max Meyer<\/strong> som formand) og <strong data-start=\"1187\" data-end=\"1225\">MIFF Danmark (Med Israel for fred)<\/strong>, der offentligt presser fort\u00e6llingen om, at Pal\u00e6stina-solidaritet skal kobles til ekstremisme eller terror. <span class=\"\" data-state=\"closed\"><span class=\"ms-1 inline-flex max-w-full items-center relative top-[-0.094rem] animate-[show_150ms_ease-in]\" data-testid=\"webpage-citation-pill\"><a class=\"flex h-4.5 overflow-hidden rounded-xl px-2 text-[9px] font-medium transition-colors duration-150 ease-in-out text-token-text-secondary! bg-[#F4F4F4]! dark:bg-[#303030]!\" href=\"https:\/\/da.wikipedia.org\/wiki\/Dansk_Zionistforbund?utm_source=chatgpt.com\" target=\"_blank\" rel=\"noopener\"><span class=\"relative start-0 bottom-0 flex h-full w-full items-center\"><span class=\"flex h-4 w-full items-center justify-between\"><span class=\"max-w-[15ch] grow truncate overflow-hidden text-center\">Wikipedia<\/span><span class=\"-me-1 flex h-full items-center rounded-full px-1 text-[#8F8F8F]\">+2<\/span><\/span><span class=\"flex h-4 w-full items-center justify-between absolute\"><span class=\"max-w-[15ch] grow truncate overflow-hidden text-center\">tryghed.dk<\/span><span class=\"-me-1 flex h-full items-center rounded-full px-1 text-[#8F8F8F]\">+2<\/span><\/span><\/span><\/a><\/span><\/span><\/p>\n<p data-start=\"1381\" data-end=\"1590\">Det er derfor jeg skriver det her p\u00e5 forskud: fordi netop <strong data-start=\"1439\" data-end=\"1485\">de her navngivne akt\u00f8rer og organisationer<\/strong> bruger stempler som v\u00e5ben. Ikke mod Hamas \u2013 men mod muslimer og pal\u00e6stinensere, der kr\u00e6ver retf\u00e6rdighed.<\/p>\n<p data-start=\"963\" data-end=\"1396\">De vil have mig til at tie med stempler. Jeg n\u00e6gter. Pal\u00e6stinas Plads blev bremset gennem en politisk metode: radioretning, Ankestyrelsesklage og en neutraliserende undertekst skrevet i et system, der n\u00e6gter at fort\u00e6lle hvem der formulerede den. Finn Rudaizky var ikke neutral \u2013 han var motor i modstanden. Nu l\u00e6gger jeg dokumentationen frem, s\u00e5 du selv kan h\u00f8re og l\u00e6se, hvordan sagen blev gjort langsom, giftig og l\u00e5st i K\u00f8benhavn.<\/p>\n<p data-start=\"1398\" data-end=\"1840\">Jeg har kappet forbindelsen til Meta og Instagram. Ikke fordi jeg mangler noget at sige \u2013 men fordi de platforme gang p\u00e5 gang har vist, at de kan lukke munden p\u00e5 politisk ubelejlige stemmer med \u00e9t klik. Jeg har m\u00e6rket det p\u00e5 egen krop, og jeg har ikke t\u00e6nkt mig at tigge mig tilbage. Derfor ligger den her sag nu her, p\u00e5 min egen platform, hvor dokumentation ikke kan fjernes af en algoritme eller en moderationslinje, jeg ikke f\u00e5r indsigt i.<\/p>\n<p data-start=\"1842\" data-end=\"2221\">Og dokumentation er der brug for. For Pal\u00e6stinas Plads i K\u00f8benhavn blev ikke bare \u201cdebatteret\u201d \u2013 den blev bremset gennem en metode: radioretning, Ankestyrelsesklage og en neutraliserende undertekst skrevet i et system, der n\u00e6gter at fort\u00e6lle, hvem der formulerede den. Finn Rudaizky var ikke neutral. Han var motor i modstanden. Nu ruller jeg forl\u00f8bet ud, s\u00e5 alle kan se hvordan.<\/p>\n<p data-start=\"2223\" data-end=\"2792\">Den 21. november 2025 sidder Finn Rudaizky i Radio4 og g\u00f8r st\u00f8tterne af Pal\u00e6stinas Plads til noget mist\u00e6nkeligt. Men det her handler ikke om \u00e9t radioklip. Det handler om en metode. I K\u00f8benhavn blev et navn i byens rum lagt i benl\u00e5s: f\u00f8rst politisk pres, siden en Ankestyrelsesklage \u2013 og til sidst en \u201cforklarende\u201d undertekst, der reducerer Pal\u00e6stina til geografi. Da jeg bad om aktindsigt i hvem der skrev den tekst, m\u00f8dte jeg et system, der gemte sig bag \u00a723 og \u201cfast praksis\u201d. Nu ruller jeg hele forl\u00f8bet ud, brev for brev, s\u00e5 du selv kan se, hvem der trak i tr\u00e5dene.<\/p>\n<p data-start=\"2794\" data-end=\"3201\">Finn Rudaizky er ikke en neutral akt\u00f8r i Pal\u00e6stinas Plads-forl\u00f8bet. Han er <strong data-start=\"2869\" data-end=\"2880\">en j\u00f8de<\/strong> og har tidligere v\u00e6ret formand for Det J\u00f8diske Samfund, hvilket ogs\u00e5 er s\u00e5dan han bliver pr\u00e6senteret offentligt i dag.<br data-start=\"2999\" data-end=\"3002\" \/>Samtidig har han gennem \u00e5rene v\u00e6ret en markant islam- og muslim-kritisk stemme i K\u00f8benhavn. Allerede i Borgerrepr\u00e6sentationen sagde han direkte, at \u201cislam skal fylde mindre i K\u00f8benhavn og ikke mere<\/p>\n<p>[\/spb_text_block] [spb_text_block animation=&#8221;none&#8221; animation_delay=&#8221;0&#8243; simplified_controls=&#8221;yes&#8221; custom_css_percentage=&#8221;no&#8221; padding_vertical=&#8221;0&#8243; padding_horizontal=&#8221;0&#8243; margin_vertical=&#8221;0&#8243; custom_css=&#8221;margin-top: 0px;margin-bottom: 0px;&#8221; border_size=&#8221;0&#8243; border_styling_global=&#8221;default&#8221; width=&#8221;1\/1&#8243; el_position=&#8221;first last&#8221;]<\/p>\n<div style=\"border: 2px solid #000; padding: 14px; margin: 16px 0;\">\n<p><strong>KORT DOKUMENTATION:<\/strong><\/p>\n<p>\u2705 <strong>Radio4 \u2013 18\/9-2024:<\/strong> Finn kalder partierne bag Pal\u00e6stinas Plads \u201cegoistiske\u201d.<br \/>\n<a href=\"https:\/\/radio4.dk\/podcasts\/radio4-morgen\/onsdag-d-18-september-kl-6-7\" target=\"_blank\" rel=\"noopener\"><br \/>\nLyt her<br \/>\n<\/a><\/p>\n<p>\u2705 <strong>MIFF \u2013 30\/9-2024:<\/strong> Finn + L\u00fctken klager Pal\u00e6stinas Plads til Ankestyrelsen (\u201cudenrigspolitisk karakter\u201d).<br \/>\n<a href=\"https:\/\/miff.dk\/terrorkrigen-mod-israel\/2024\/09\/30striden-om-palaestinas-plads-indbragt-for-ankestyrelsen.htm\" target=\"_blank\" rel=\"noopener\"><br \/>\nL\u00e6s her<br \/>\n<\/a><\/p>\n<p>\u2705 <strong>Radio4 \u2013 21\/11-2025:<\/strong> Finn forts\u00e6tter offensiven i Radio4 Morgen.<br \/>\n<a href=\"https:\/\/radio4.dk\/podcasts\/radio4-morgen\/fredag-d-21-november-kl-8-9\" target=\"_blank\" rel=\"noopener\"><br \/>\nLyt her<br \/>\n<\/a><\/p>\n<p>\u2705 <strong>Officiel profil:<\/strong> Finn er fortsat lokalpolitiker (l\u00f8sg\u00e6nger) i K\u00f8benhavn.<br \/>\n<a href=\"https:\/\/www.kk.dk\/politik\/borgerrepraesentationen\/medlemsoversigt\/finn-rudaizky\" target=\"_blank\" rel=\"noopener\"><br \/>\nSe kommunens side<br \/>\n<\/a><\/p>\n<\/div>\n<p>[\/spb_text_block] [spb_blank_spacer height=&#8221;30px&#8221; width=&#8221;1\/1&#8243; el_position=&#8221;first last&#8221;] [spb_blank_spacer height=&#8221;30px&#8221; width=&#8221;1\/1&#8243; el_position=&#8221;first last&#8221;] [spb_raw_html width=&#8221;1\/1&#8243; el_position=&#8221;first last&#8221;]JTNDc3R5bGUlM0UlMEElMjAlMjAucmFkaW80LWVtYmVkJTdCJTBBJTIwJTIwJTIwJTIwd2lkdGglM0ElMjAxMDAlMjUlM0IlMEElMjAlMjAlMjAlMjBtYXgtd2lkdGglM0ElMjA3MDBweCUzQiUyMCUyMCUyMCUyMCUyMCUyMCUyRiUyQSUyMHNhbW1lJTIwc29tJTIwb3JpZ2luYWwlMjAlMkElMkYlMEElMjAlMjAlMjAlMjBtYXJnaW4lM0ElMjAxLjVyZW0lMjBhdXRvJTNCJTIwJTIwJTIwJTJGJTJBJTIwY2VudHJlciUyMCUyQiUyMGx1ZnQlMjAlMkElMkYlMEElMjAlMjAlN0QlMEElMjAlMjAucmFkaW80LWVtYmVkJTIwaWZyYW1lJTdCJTBBJTIwJTIwJTIwJTIwd2lkdGglM0ElMjAxMDAlMjUlM0IlMEElMjAlMjAlMjAlMjBoZWlnaHQlM0ElMjAxMzBweCUzQiUyMCUyMCUyMCUyMCUyMCUyMCUyMCUyMCUyMCUyRiUyQSUyMFJhZGlvNCVFMiU4MCU5OXMlMjBwbGF5ZXItaCVDMyVCOGpkZSUyMCUyQSUyRiUwQSUyMCUyMCUyMCUyMGJvcmRlciUzQSUyMDAlM0IlMEElMjAlMjAlMjAlMjBkaXNwbGF5JTNBJTIwYmxvY2slM0IlMEElMjAlMjAlN0QlMEElMEElMjAlMjAlMkYlMkElMjBsaWxsZSUyMG1vYmlsLXR3ZWFrJTIwJTJBJTJGJTBBJTIwJTIwJTQwbWVkaWElMjAlMjhtYXgtd2lkdGglM0ElMjA0ODBweCUyOSU3QiUwQSUyMCUyMCUyMCUyMC5yYWRpbzQtZW1iZWQlMjBpZnJhbWUlN0IlMEElMjAlMjAlMjAlMjAlMjAlMjBoZWlnaHQlM0ElMjAxNjBweCUzQiUyMCUyMCUyMCUyMCUyMCUyMCUyMCUyRiUyQSUyMGxpZHQlMjBtZXJlJTIwcGxhZHMlMjBwJUMzJUE1JTIwc21hbGwlMjBzY3JlZW5zJTIwJTJBJTJGJTBBJTIwJTIwJTIwJTIwJTdEJTBBJTIwJTIwJTdEJTBBJTNDJTJGc3R5bGUlM0UlMEElMEElM0NkaXYlMjBjbGFzcyUzRCUyMnJhZGlvNC1lbWJlZCUyMiUzRSUwQSUyMCUyMCUzQ2lmcmFtZSUwQSUyMCUyMCUyMCUyMHNyYyUzRCUyMmh0dHBzJTNBJTJGJTJGcmFkaW80LmRrJTJGZW1iZWQlMkY4NTliODA2My04YWIzLTQ2NTgtOGZjMy1iMWVmMDA1N2ZkZjklMjIlMEElMjAlMjAlMjAlMjB0aXRsZSUzRCUyMlJhZGlvNCUyMGVtYmVkJTIyJTBBJTIwJTIwJTIwJTIwbG9hZGluZyUzRCUyMmxhenklMjIlMEElMjAlMjAlMjAlMjBhbGxvdyUzRCUyMmF1dG9wbGF5JTIyJTBBJTIwJTIwJTNFJTNDJTJGaWZyYW1lJTNFJTBBJTNDJTJGZGl2JTNFJTBBJTBB[\/spb_raw_html] [spb_blank_spacer height=&#8221;30px&#8221; width=&#8221;1\/1&#8243; el_position=&#8221;first last&#8221;] [spb_blank_spacer height=&#8221;30px&#8221; width=&#8221;1\/1&#8243; el_position=&#8221;first last&#8221;] [spb_raw_html width=&#8221;1\/1&#8243; el_position=&#8221;first last&#8221;]JTNDZGl2JTIwY2xhc3MlM0QlMjJyYWRpbzQtZW1iZWQlMjIlM0UlMEElMjAlMjAlM0NpZnJhbWUlMEElMjAlMjAlMjAlMjBzcmMlM0QlMjJodHRwcyUzQSUyRiUyRnJhZGlvNC5kayUyRmVtYmVkJTJGNjA4ZGE3ZmQtNTZmZS00YjVjLWJjYTQtYjM5YzAwOGM1ZTVmJTIyJTBBJTIwJTIwJTIwJTIwdGl0bGUlM0QlMjJSYWRpbzQlMjBlbWJlZCUyMiUwQSUyMCUyMCUyMCUyMGxvYWRpbmclM0QlMjJsYXp5JTIyJTBBJTIwJTIwJTIwJTIwYWxsb3clM0QlMjJhdXRvcGxheSUyMiUwQSUyMCUyMCUzRSUzQyUyRmlmcmFtZSUzRSUwQSUzQyUyRmRpdiUzRSUwQQ==[\/spb_raw_html] [spb_blank_spacer height=&#8221;30px&#8221; width=&#8221;1\/1&#8243; el_position=&#8221;first last&#8221;] [spb_image image=&#8221;45665&#8243; image_size=&#8221;full&#8221; frame=&#8221;noframe&#8221; caption_pos=&#8221;hover&#8221; remove_rounded=&#8221;yes&#8221; fullwidth=&#8221;no&#8221; overflow_mode=&#8221;none&#8221; link_target=&#8221;_self&#8221; lightbox=&#8221;no&#8221; intro_animation=&#8221;none&#8221; animation_delay=&#8221;200&#8243; width=&#8221;1\/1&#8243; el_position=&#8221;first last&#8221;][\/spb_image] [spb_text_block animation=&#8221;none&#8221; animation_delay=&#8221;0&#8243; simplified_controls=&#8221;yes&#8221; custom_css_percentage=&#8221;no&#8221; padding_vertical=&#8221;0&#8243; padding_horizontal=&#8221;0&#8243; margin_vertical=&#8221;0&#8243; custom_css=&#8221;margin-top: 0px;margin-bottom: 0px;&#8221; border_size=&#8221;0&#8243; border_styling_global=&#8221;default&#8221; width=&#8221;1\/1&#8243; el_position=&#8221;first last&#8221;]<\/p>\n<h2>DERFOR BAD JEG OM AKTINDSIGT<\/h2>\n<p>Jeg bad om aktindsigt allerede i april 2025 \u2013 l\u00e6nge f\u00f8r jeg vidste, at Finn Rudaizky havde fors\u00f8gt at sabotere Pal\u00e6stinas Plads. Jeg gjorde det, fordi noget i hele skilteteksten og forl\u00f8bet lugtede af styring: et offentligt skilt med en \u201cneutral\u201d tekst, men uden synlige spor af hvem der formulerede den, hvem der godkendte den, og hvorfor den endte pr\u00e6cis s\u00e5dan. Jeg ville have processen frem i lyset, f\u00f8r den forsvandt i tavshed.<\/p>\n<p>Da jeg senere opdagede, at <strong>Finn Rudaizky<\/strong> ikke bare var en tilf\u00e6ldig kritiker, men en aktiv modstander, bekr\u00e6ftede det kun min mistanke yderligere. F\u00f8rst kom hans mediestempling i <strong>Radio4 Morgen den 18. september 2024<\/strong>, hvor han angreb navngivningen og mist\u00e6nkeliggjorde st\u00f8tterne. Kort efter blev det gjort juridisk, da han sammen med <strong>Jens-Kristian L\u00fctken<\/strong> indbragte sagen for Ankestyrelsen den <strong>30. september 2024<\/strong> for at f\u00e5 navnet stoppet. Det viser, at Pal\u00e6stinas Plads ikke blev bremset tilf\u00e6ldigt \u2013 den blev bremset med vilje.<\/p>\n<p>Samtidig har organisationer i samme pro-israelske\/zionistiske milj\u00f8 \u2013 herunder <strong>MIFF Danmark (Med Israel for fred)<\/strong> og <strong>Dansk Zionistforbund<\/strong> med <strong>Max Meyer<\/strong> som formand \u2013 k\u00f8rt en offentlig linje mod Pal\u00e6stinas Plads og gjort Pal\u00e6stina-solidaritet suspekt. N\u00e5r den kombination af mediestempling, organiseret pres og klager rammer, er det ikke bare uenighed. Det er en metode.<\/p>\n<p>Det er ogs\u00e5 derfor, jeg nu er i gang med at sende et nyt brev til K\u00f8benhavns Kommune. For det er ikke nok at f\u00e5 et anonymt \u201cnej\u201d med \u00a723. Jeg vil have svar p\u00e5 det konkrete sp\u00f8rgsm\u00e5l: <strong>Hvad gjorde Finn egentlig i sagen? Hvem talte han med? Hvorn\u00e5r blev klagen koordineret? Og hvordan p\u00e5virkede det skilteteksten og hele forl\u00f8bet?<\/strong><\/p>\n<h2>OFFENTLIGHED VS. LUKKETHED<\/h2>\n<p>ZLCOPENHAGEN har derfor bedt K\u00f8benhavns Kommune om aktindsigt i tre helt konkrete ting i sagen om skilteteksten:<\/p>\n<ul class=\"zlc-list\">\n<li><strong>Hvem der godkendte den endelige formulering<\/strong> p\u00e5 skiltet \u2013 navn, titel og enhed.<\/li>\n<li><strong>Tidligere udkast og interne mails<\/strong> \u2013 inklusive \u00e6ndringsspor og interne kommentarer.<\/li>\n<li><strong>Politisk involvering eller ekstern p\u00e5virkning<\/strong> \u2013 fx kontakt fra politikere, udvalg eller organisationer, der pressede p\u00e5 for en bestemt ordlyd.<\/li>\n<\/ul>\n<p>Kommunens svar var et delvist afslag. St\u00f8rstedelen af materialet blev undtaget med henvisning til<br \/>\n<strong>offentlighedslovens \u00a723 om interne dokumenter<\/strong>.<\/p>\n<p>Resultatet er et demokratisk sort hul: vi f\u00e5r en tekst p\u00e5 et offentligt skilt, men <strong>ingen navne<\/strong>,<br \/>\n<strong>ingen spor<\/strong> og <strong>ingen forklaring<\/strong> p\u00e5, hvorfor netop denne formulering skulle v\u00e6re \u201cneutral\u201d. Og jeg vil v\u00e6re \u00e6rlig: jeg sidder tilbage med en f\u00f8lelse af, at jeg som muslim bliver gjort mist\u00e6nkelig p\u00e5 forh\u00e5nd \u2013 ikke bare af debatt\u00f8rer, men af et helt system, der lukker sig, n\u00e5r jeg sp\u00f8rger hvem der tr\u00e6ffer beslutningerne. N\u00e5r aktindsigt bliver m\u00f8dt med tavshed og \u00a723, mens stemplerne flyver frit i medierne, f\u00f8les det som hetz med statsapparatet i ryggen. Det g\u00f8r mig endnu mere utryg. Derfor n\u00e6gter jeg at slippe sagen.<\/p>\n<p>&nbsp;<\/p>\n<style>.zlc-list{<br \/>    margin: 0.8em 0 1.2em 1.2em;<br \/>    padding: 0;<br \/>    list-style: disc;<br \/>  }<br \/>  .zlc-list li{<br \/>    margin: 0.35em 0;<br \/>    line-height: 1.5;<br \/>  }<br \/><\/style>\n<p>[\/spb_text_block] [spb_text_block animation=&#8221;none&#8221; animation_delay=&#8221;0&#8243; simplified_controls=&#8221;yes&#8221; custom_css_percentage=&#8221;no&#8221; padding_vertical=&#8221;0&#8243; padding_horizontal=&#8221;0&#8243; margin_vertical=&#8221;0&#8243; custom_css=&#8221;margin-top: 0px;margin-bottom: 0px;&#8221; border_size=&#8221;0&#8243; border_styling_global=&#8221;default&#8221; width=&#8221;1\/1&#8243; el_position=&#8221;first last&#8221;]<\/p>\n<h2>N\u00c5R EMBEDSV\u00c6RKET FJERNER IDENTITETER<\/h2>\n<p>Et skilt er aldrig bare et skilt. Det er <strong>fort\u00e6llingsmagt<\/strong>.<br \/>\nN\u00e5r nogen v\u00e6lger ordene, v\u00e6lger de ogs\u00e5, hvilke historier der ikke m\u00e5 fort\u00e6lles.<\/p>\n<p>Og her i Danmark bliver den globale kamp for <strong>selvbestemmelse<\/strong> omskrevet til en<br \/>\n<strong>teknisk fodnote<\/strong>. Det er ikke \u201cneutralitet\u201d. Det er en aktiv udvanding af betydning.<\/p>\n<blockquote><p><em>Det er ikke administration. Det er censur \u2013 forkl\u00e6dt som rutine.<\/em><\/p><\/blockquote>\n<h2>EMBEDSMAGTENS SKILTESPIL<\/h2>\n<p>N\u00e5r selv et byskilt bliver politisk spr\u00e6ngstof, er det tid til at sp\u00f8rge:<br \/>\n<strong>Hvem skrev teksten under \u201cPal\u00e6stinas Plads\u201d \u2013 og hvem tr\u00e6kker i tr\u00e5dene bag kulisserne?<\/strong><\/p>\n<p>En aktindsigt fra K\u00f8benhavns Kommune afsl\u00f8rer en vagt formuleret undertekst p\u00e5 skiltet:<br \/>\n<em>\u201cNavngivet efter et omr\u00e5de ved Middelhavets \u00f8stlige bred.\u201d<\/em><br \/>\nEn linje, der udelader b\u00e5de folket, konflikten \u2013 og hele symbolv\u00e6rdien.<\/p>\n<p>Embedsv\u00e6rket kalder det \u201cfast praksis\u201d. Men er det virkelig teknisk rutine \u2013 eller et bevidst fors\u00f8g<br \/>\np\u00e5 at affortrylle en fort\u00e6lling, der rummer st\u00e6rke politiske budskaber?<\/p>\n<blockquote><p><em>\u201cForvaltningen udarbejdede den forklarende undertekst og bestilte vejskiltet ud fra samme faste praksis,\u201d<\/em><br \/>\nudtaler Lena Kongsbach, vicedirekt\u00f8r i Teknik- og Milj\u00f8forvaltningen.<\/p><\/blockquote>\n<p>Men fast praksis er ikke n\u00f8dvendigvis demokratisk praksis.<\/p>\n<hr \/>\n<h3>TABEL: KONFLIKT MELLEM LOV OG PRAKSIS<\/h3>\n<div class=\"tableContainer horzScrollShadows\">\n<table class=\"min-w-full\">\n<thead>\n<tr>\n<th>Juridisk princip<\/th>\n<th>Embedsv\u00e6rkets forklaring<\/th>\n<th>Demokratisk modsigelse<\/th>\n<\/tr>\n<\/thead>\n<tbody>\n<tr>\n<td><strong>Offentlighedslov \u00a77-9<\/strong><\/td>\n<td>Kun \u00e9n formulering er udleveret, resten tilbageholdt<\/td>\n<td>Manglende transparens i beslutningsk\u00e6den<\/td>\n<\/tr>\n<tr>\n<td><strong>Borgerens ret til viden (\u00a736)<\/strong><\/td>\n<td>Intet klart svar p\u00e5, hvem godkendte teksten<\/td>\n<td>G\u00f8r det umuligt at ud\u00f8ve reelt tilsyn<\/td>\n<\/tr>\n<tr>\n<td><strong>Politisk ansvarlighed<\/strong><\/td>\n<td>Forvaltningen handler \u201cteknisk\u201d<\/td>\n<td>Men skiltets betydning er alt andet end neutral<\/td>\n<\/tr>\n<tr>\n<td><strong>Temakravet i \u00a79, stk. 1<\/strong><\/td>\n<td>Bruges ofte til at afsl\u00e5 adgang<\/td>\n<td>Skaber et demokratisk sort hul<\/td>\n<\/tr>\n<\/tbody>\n<\/table>\n<\/div>\n<hr \/>\n<h3>FAQ: OFTE STILLEDE SP\u00d8RGSM\u00c5L<\/h3>\n<p><strong>Hvem har skrevet teksten p\u00e5 skiltet?<\/strong><br \/>\nDer gives intet navn, kun at det er \u201cforvaltningen\u201d.<\/p>\n<p><strong>Er det politisk bestemt?<\/strong><br \/>\nIf\u00f8lge kommunen: nej. Men beslutningen har politisk og udenrigspolitisk v\u00e6gt, og flere dokumenter er ikke udleveret.<\/p>\n<p><strong>Kan man f\u00e5 mere indsigt?<\/strong><br \/>\nJa \u2013 men kun hvis man klager til Ankestyrelsen og pr\u00e6ciserer sin anmodning. Og d\u00e9t har Zahid Latif nu gjort.<\/p>\n<hr \/>\n<h3>DR. RALPH WILDE&#8217;S PERSPEKTIV<\/h3>\n<blockquote><p><em><br \/>\n&#8220;The UK violated international law by implementing the Balfour pledge within the Mandate system \u2013 and thus undermined the legal right of self-determination of the Palestinian people.&#8221;<br \/>\n<\/em><br \/>\n\u2013 Dr. Ralph Wilde (juridisk analyse\/ICJ-perspektiv)<\/p><\/blockquote>\n<p>Det er pr\u00e6cis den samme logik vi ser her: retten til selvbestemmelse bliver i praksis reduceret til \u201cgeografi\u201d.<br \/>\nEt navn i byrummet f\u00e5r en undertekst, der t\u00f8mmer det for identitet.<\/p>\n<hr \/>\n<h2>KONKLUSION \u2013 ZLC SOM STEMME, IKKE BARE BRAND<\/h2>\n<blockquote><p><em>\u201cIf\u00f8lge ZL COPENHAGEN er aktindsigt ikke bare en borgerret \u2013 det er en del af virksomhedens sociale ansvar.\u201d<\/em><\/p><\/blockquote>\n<p>Vi kr\u00e6ver svar \u2013 ikke kun for Pal\u00e6stinas skyld, men for borgernes ret til indsigt i egen by.<\/p>\n<p>Videoen med Ralph Wilde er indlejret som dokumentation.<br \/>\nOg sagen kan blive indbragt for <strong>Folketingets Ombudsmand<\/strong>.<\/p>\n<p>[\/spb_text_block] [spb_text_block animation=&#8221;none&#8221; animation_delay=&#8221;0&#8243; simplified_controls=&#8221;yes&#8221; custom_css_percentage=&#8221;no&#8221; padding_vertical=&#8221;0&#8243; padding_horizontal=&#8221;0&#8243; margin_vertical=&#8221;0&#8243; custom_css=&#8221;margin-top: 0px;margin-bottom: 0px;&#8221; border_size=&#8221;0&#8243; border_styling_global=&#8221;default&#8221; width=&#8221;1\/1&#8243; el_position=&#8221;first last&#8221;]<\/p>\n<h2 data-start=\"107\" data-end=\"138\">HVAD NU? \u2013 VI VENTER P\u00c5 SVAR<\/h2>\n<p data-start=\"140\" data-end=\"230\"><strong data-start=\"140\" data-end=\"230\">Fire breve er sendt. \u00c9t svar er modtaget. Men de vigtigste sp\u00f8rgsm\u00e5l st\u00e5r stadig \u00e5bne.<\/strong><\/p>\n<p data-start=\"232\" data-end=\"329\"><strong data-start=\"232\" data-end=\"329\">Hvem formulerede teksten p\u00e5 skiltet ved Pal\u00e6stinas Plads?<br data-start=\"291\" data-end=\"294\" \/>Hvem trak i tr\u00e5dene \u2013 og hvorfor?<\/strong><\/p>\n<p data-start=\"331\" data-end=\"604\">Min anmodning om aktindsigt er ikke bare et sp\u00f8rgsm\u00e5l om jura, men om gennemsigtighed, ytringsfrihed og borgernes ret til at forst\u00e5 den kommunale beslutningsproces.<br data-start=\"495\" data-end=\"498\" \/>N\u00e5r embedsv\u00e6rket v\u00e6lger ordene, v\u00e6lger de samtidig, hvilke historier vi fort\u00e6ller \u2013 og hvilke vi udelader.<\/p>\n<p data-start=\"606\" data-end=\"700\"><strong data-start=\"606\" data-end=\"700\">Jeg opdaterer bloggen, s\u00e5 snart der kommer svar.<br data-start=\"656\" data-end=\"659\" \/>Indtil da: del, f\u00f8lg og stil sp\u00f8rgsm\u00e5l.<\/strong><\/p>\n<blockquote data-start=\"702\" data-end=\"772\">\n<p data-start=\"704\" data-end=\"772\"><em>For sandhed kr\u00e6ver opm\u00e6rksomhed \u2013 og opm\u00e6rksomhed skaber forandring.<\/em><\/p>\n<\/blockquote>\n<h2 data-start=\"229\" data-end=\"258\">HVAD VI IKKE M\u00c5 GLEMME<\/h2>\n<p data-start=\"260\" data-end=\"410\">N\u00e5r et skilt omskrives som <em data-start=\"287\" data-end=\"310\">\u201cteknisk forvaltning\u201d<\/em>, mens ICJ kalder det en <em data-start=\"335\" data-end=\"348\">forbrydelse<\/em>, s\u00e5 er der noget galt.<br data-start=\"371\" data-end=\"374\" \/>Ikke kun i teksten \u2013 men i systemet.<\/p>\n<p data-start=\"412\" data-end=\"496\"><strong data-start=\"412\" data-end=\"496\">Fire breve er sendt. \u00c9t svar er modtaget. Tavsheden taler \u2013 men vi taler h\u00f8jere.<\/strong><\/p>\n<p>[\/spb_text_block] [spb_toggle element_name=&#8221;L\u00c6S HER: 29\/4\/2025 MIT SVAR TIL K\u00d8BENHAVNS KOMMUNE&#8221; title=&#8221;L\u00c6S HER: 29\/4\/2025 MIT SVAR TIL K\u00d8BENHAVNS KOMMUNE&#8221; open=&#8221;false&#8221; width=&#8221;1\/1&#8243; el_position=&#8221;first last&#8221;]<\/p>\n<p><strong>Til: Maria S. Petterson, Proceskoordinator<br \/>\nCc: TMF Stab Aktindsigter<br \/>\nFra: Zahid Latif<br \/>\nDato: 29. april 2025<br \/>\nEmne: Fastholdelse af krav om aktindsigt og kritik af sagsbehandlingen<\/strong><\/p>\n<p>K\u00e6re Maria S. Petterson,<\/p>\n<p>Tak for kvitteringen.<\/p>\n<p>Jeg tager til efterretning, at Teknik- og Milj\u00f8forvaltningen ikke \u00f8nsker at foretage sig yderligere \u2013 men det \u00e6ndrer ikke p\u00e5, at jeres afg\u00f8relse fortsat er mangelfuld og retsligt tvivlsom. Jeg fastholder derfor mit krav om aktindsigt med f\u00f8lgende bem\u00e6rkninger:<\/p>\n<hr \/>\n<p><strong>1. JEG HAR IKKE MODTAGET EN SAGLIG BEGRUNDELSE<\/strong><br \/>\nHenvisningen til offentlighedslovens \u00a723 bruges overordnet \u2013 uden konkret hjemmel, uden dokumentangivelser og uden vurdering af \u00a728 og \u00a729, som sikrer adgang til fakta og faglige vurderinger.<\/p>\n<p><strong>2. MANGEL P\u00c5 MEROFFENTLIGHEDSVURDERING (\u00a714)<\/strong><br \/>\nAfg\u00f8relsen fremst\u00e5r administrativ og formel, uden dokumenteret interesseafvejning. Sagen har tydelig offentlig relevans, hvilket forpligter jer til en reel vurdering.<\/p>\n<p><strong>3. INGEN NAVNE \u2013 INGEN ANSVAR<\/strong><br \/>\nTrods gentagne foresp\u00f8rgsler gives der intet navn p\u00e5 de embedsfolk, som har godkendt formuleringen under skiltet. Det strider mod forvaltningslovens \u00a724 og undergraver offentlighedslovens form\u00e5l.<\/p>\n<p><strong>4. EMBEDSV\u00c6RK UDEN TRANSPARENS<\/strong><br \/>\nN\u00e5r borgerens krav p\u00e5 indsigt m\u00f8des med systematisk tavshed, skader det tilliden til forvaltningen \u2013 og underminerer fundamentet for demokratisk kontrol.<\/p>\n<p><strong>ANSVARET KAN IKKE DELEGERES V\u00c6K<\/strong><br \/>\nJeg vil understrege, at det er\u00a0<em>Lena Kongsbach<\/em>, vicedirekt\u00f8r i Teknik- og Milj\u00f8forvaltningen, der har underskrevet afg\u00f8relsen og dermed\u00a0<em>b\u00e6rer det formelle og juridiske ansvar<\/em>\u00a0for afg\u00f8relsens indhold og lovlighed.<\/p>\n<p>I et demokratisk retssamfund kan embedsansvar ikke udvandes til \u201csystemet\u201d eller \u201cforvaltningen\u201d. N\u00e5r \u00e9n person underskriver og godkender en afg\u00f8relse, er det ogs\u00e5 denne person, der m\u00e5 st\u00e5 p\u00e5 m\u00e5l for konsekvenserne \u2013 b\u00e5de retligt og moralsk.<\/p>\n<p><strong>DET HANDLER IKKE OM MIG \u2013 DET HANDLER OM PRINCIPPET<\/strong><br \/>\nSom borger har jeg ret til indsigt i,\u00a0<em>hvem der har formuleret og godkendt<\/em>\u00a0en offentlig tekst, der er opsat i vores f\u00e6lles byrum. Det handler ikke kun om skiltetekst \u2013 det handler om gennemsigtighed, ytringsfrihed og forvaltningskultur.<\/p>\n<p>&nbsp;<\/p>\n<p>N\u00e5r denne indsigt n\u00e6gtes, og n\u00e5r begrundelser gives uden konkret hjemmel, er det ikke l\u00e6ngere sagsbehandling. Det er magtud\u00f8velse uden tilsyn \u2013 og det vil jeg ikke acceptere.<\/p>\n<hr \/>\n<p>Jeg klager hermed over sagsbehandlingen og fastholder:<\/p>\n<ul>\n<li>At offentlighedsloven er overtr\u00e5dt p\u00e5 flere punkter<\/li>\n<li>At jeres h\u00e5ndtering rejser sp\u00f8rgsm\u00e5l om embedsm\u00e6ssigt ansvar<\/li>\n<li>At sagen nu offentligg\u00f8res i sin helhed via:<br \/>\n<img decoding=\"async\" class=\"an1 lazyload\" draggable=\"false\" data-src=\"https:\/\/fonts.gstatic.com\/s\/e\/notoemoji\/16.0\/1f517\/72.png\" alt=\"\ud83d\udd17\" data-emoji=\"\ud83d\udd17\" aria-label=\"\ud83d\udd17\" src=\"data:image\/svg+xml;base64,PHN2ZyB3aWR0aD0iMSIgaGVpZ2h0PSIxIiB4bWxucz0iaHR0cDovL3d3dy53My5vcmcvMjAwMC9zdmciPjwvc3ZnPg==\" \/>\u00a0<a href=\"https:\/\/zlcopenhagen.com\/da\/palaestinas-plads-pinocchio-embedsvaerk\/\" target=\"_blank\" rel=\"noopener\" data-saferedirecturl=\"https:\/\/www.google.com\/url?q=https:\/\/zlcopenhagen.com\/da\/palaestinas-plads-pinocchio-embedsvaerk\/&amp;source=gmail&amp;ust=1746009941016000&amp;usg=AOvVaw2BYJDk1-HLUvvH6qfRnAAK\">https:\/\/zlcopenhagen.com\/da\/<wbr \/>palaestinas-plads-pinocchio-<wbr \/>embedsvaerk\/<\/a><\/li>\n<\/ul>\n<hr \/>\n<p>S\u00e5fremt der ikke sker ny vurdering inden 5 arbejdsdage, indbringes sagen for:<\/p>\n<ul>\n<li>Ankestyrelsen<\/li>\n<li>Folketingets Ombudsmand<\/li>\n<li>Offentligheden via presse og CSR-platforme<\/li>\n<\/ul>\n<p>Med venlig hilsen,<br \/>\n<strong>Zahid Latif<\/strong><br \/>\nZLCOPENHAGEN<\/p>\n<p>[\/spb_toggle] [spb_toggle element_name=&#8221;L\u00c6S HER: 28\/4\/2025 SVAR FRA K\u00d8BENHAVNS KOMMUNE&#8221; title=&#8221;L\u00c6S HER: 28\/4\/2025 SVAR FRA K\u00d8BENHAVNS KOMMUNE&#8221; open=&#8221;false&#8221; width=&#8221;1\/1&#8243; el_position=&#8221;first last&#8221;]<\/p>\n<hr class=\"\" data-start=\"666\" data-end=\"669\" \/>\n<p style=\"font-weight: 400;\">K\u00e6re Zahid Latif<\/p>\n<p style=\"font-weight: 400;\">Teknik- og Milj\u00f8forvaltningen kvitterer hermed for din henvendelse af 28. april 2025.<\/p>\n<p style=\"font-weight: 400;\">Din henvendelse giver ikke forvaltningen anledning til at foretage sig yderligere. S\u00e5fremt du \u00f8nsker at klage, henviser forvaltningen til klagevejledning i afg\u00f8relse om aktindsigt af 28. april 2025.<\/p>\n<p>&nbsp;<\/p>\n<p>Med venlig hilsen<\/p>\n<p><strong>Maria S. Petterson<\/strong><br \/>\nProceskoordinator<br \/>\nJura<\/p>\n<p>[\/spb_toggle] [spb_toggle element_name=&#8221;L\u00c6S HER: 28\/4\/2025 MIT SVAR TIL K\u00d8BENHAVNS KOMMUNE \u2013 KRITIK AF AFG\u00d8RELSE OM AKTINDSIGT&#8221; title=&#8221;L\u00c6S HER: 28\/4\/2025 MIT SVAR TIL K\u00d8BENHAVNS KOMMUNE \u2013 KRITIK AF AFG\u00d8RELSE OM AKTINDSIGT&#8221; open=&#8221;false&#8221; width=&#8221;1\/1&#8243; el_position=&#8221;first last&#8221;]<\/p>\n<p data-start=\"468\" data-end=\"664\"><strong data-start=\"468\" data-end=\"476\">Til:<\/strong> Lena Kongsbach, Vicedirekt\u00f8r<br data-start=\"505\" data-end=\"508\" \/><strong data-start=\"508\" data-end=\"516\">Fra:<\/strong> Zahid Latif, ZLCOPENHAGEN<br data-start=\"542\" data-end=\"545\" \/><strong data-start=\"545\" data-end=\"554\">Dato:<\/strong> 28. april 2025<br data-start=\"569\" data-end=\"572\" \/><strong data-start=\"572\" data-end=\"581\">Emne:<\/strong> Indsigelse og varsling af offentligg\u00f8relse \u2013 Aktindsigt i Pal\u00e6stinas Plads-sagen<\/p>\n<hr class=\"\" data-start=\"666\" data-end=\"669\" \/>\n<p data-start=\"671\" data-end=\"695\"><strong data-start=\"671\" data-end=\"695\">K\u00e6re Lena Kongsbach,<\/strong><\/p>\n<p data-start=\"697\" data-end=\"852\">Jeg skriver med anledning af jeres afg\u00f8relse dateret 28. april 2025 vedr\u00f8rende min anmodning om aktindsigt i processen bag skiltningen p\u00e5 Pal\u00e6stinas Plads.<\/p>\n<p data-start=\"854\" data-end=\"979\">Efter n\u00f8je genneml\u00e6sning konstateres alvorlige brud p\u00e5 offentlighedslovens form\u00e5l og bestemmelser, herunder \u00a7\u00a7 14, 28 og 29.<\/p>\n<hr class=\"\" data-start=\"981\" data-end=\"984\" \/>\n<h3 data-start=\"986\" data-end=\"1025\">1. CITAT: MANGLENDE MEROFFENTLIGHED<\/h3>\n<p data-start=\"1027\" data-end=\"1056\">I jeres afg\u00f8relse skriver du:<\/p>\n<blockquote data-start=\"1058\" data-end=\"1225\">\n<p data-start=\"1060\" data-end=\"1225\"><em data-start=\"1060\" data-end=\"1225\">&#8220;Forvaltningen har vurderet meroffentlighed, men vurderer, at hensynet til den interne beslutningsproces vejer tungere end hensynet til offentlighedens interesse.&#8221;<\/em><\/p>\n<\/blockquote>\n<p data-start=\"1227\" data-end=\"1264\">Dette er i direkte strid med \u00a714, da:<\/p>\n<ul data-start=\"1266\" data-end=\"1447\">\n<li data-start=\"1266\" data-end=\"1316\">\n<p data-start=\"1268\" data-end=\"1316\">Bilag 1 dokumenterer massiv offentlig interesse.<\/p>\n<\/li>\n<li data-start=\"1317\" data-end=\"1384\">\n<p data-start=\"1319\" data-end=\"1384\">Skiltningen vedr\u00f8rer politisk og udenrigspolitisk f\u00f8lsomme emner.<\/p>\n<\/li>\n<li data-start=\"1385\" data-end=\"1447\">\n<p data-start=\"1387\" data-end=\"1447\">En generel henvisning til &#8220;intern proces&#8221; er utilstr\u00e6kkelig.<\/p>\n<\/li>\n<\/ul>\n<p data-start=\"1449\" data-end=\"1552\"><strong data-start=\"1452\" data-end=\"1461\">Krav:<\/strong> En konkret, dokumenteret vurdering skal freml\u00e6gges \u2013 ikke blot en administrativ afvisning.<\/p>\n<hr class=\"\" data-start=\"1554\" data-end=\"1557\" \/>\n<h3 data-start=\"1559\" data-end=\"1592\">2. CITAT: FORKERT BRUG AF \u00a723<\/h3>\n<p data-start=\"1594\" data-end=\"1605\">Du anf\u00f8rer:<\/p>\n<blockquote data-start=\"1607\" data-end=\"1708\">\n<p data-start=\"1609\" data-end=\"1708\"><em data-start=\"1609\" data-end=\"1708\">&#8220;De dokumenter, der ikke udleveres, anses for interne og undtages efter offentlighedslovens \u00a723.&#8221;<\/em><\/p>\n<\/blockquote>\n<p data-start=\"1710\" data-end=\"1746\">Dette er retligt mangelfuldt, fordi:<\/p>\n<ul data-start=\"1748\" data-end=\"1965\">\n<li data-start=\"1748\" data-end=\"1855\">\n<p data-start=\"1750\" data-end=\"1855\">Faktuelle oplysninger (\u00a728) og faglige vurderinger (\u00a729) m\u00e5 ikke undtages med blanket-henvisning til \u00a723.<\/p>\n<\/li>\n<li data-start=\"1856\" data-end=\"1965\">\n<p data-start=\"1858\" data-end=\"1965\">Jeres afg\u00f8relse identificerer ikke, hvilke oplysninger der eventuelt er faktuelle og derfor skal udleveres.<\/p>\n<\/li>\n<\/ul>\n<p data-start=\"1967\" data-end=\"2056\"><strong data-start=\"1970\" data-end=\"1979\">Krav:<\/strong> En reel gennemgang og delvis udlevering, som offentlighedsloven foreskriver.<\/p>\n<hr class=\"\" data-start=\"2058\" data-end=\"2061\" \/>\n<h3 data-start=\"2063\" data-end=\"2086\">3. OFFENTLIGG\u00d8RELSE<\/h3>\n<p data-start=\"2088\" data-end=\"2231\">Jeg g\u00f8r opm\u00e6rksom p\u00e5, at hele sagen \u2013 inklusive Deres afg\u00f8relse, citater og sagsforl\u00f8b \u2013 vil blive offentliggjort i en dokumenteret artikel p\u00e5:<\/p>\n<p data-start=\"2233\" data-end=\"2376\">\ud83d\udd17 <a class=\"\" href=\"https:\/\/zlcopenhagen.com\/da\/palaestinas-plads-pinocchio-embedsvaerk\/\" target=\"_new\" rel=\"noopener\" data-start=\"2236\" data-end=\"2376\">https:\/\/zlcopenhagen.com\/da\/palaestinas-plads-pinocchio-embedsvaerk\/<\/a><\/p>\n<p data-start=\"2378\" data-end=\"2432\">Dette sker som led i en bredere oplysningskampagne om:<\/p>\n<ul data-start=\"2434\" data-end=\"2514\">\n<li data-start=\"2434\" data-end=\"2459\">\n<p data-start=\"2436\" data-end=\"2459\">Offentlighedsprincipper<\/p>\n<\/li>\n<li data-start=\"2460\" data-end=\"2489\">\n<p data-start=\"2462\" data-end=\"2489\">Demokratisk gennemsigtighed<\/p>\n<\/li>\n<li data-start=\"2490\" data-end=\"2514\">\n<p data-start=\"2492\" data-end=\"2514\">Embedsansvar i Danmark<\/p>\n<\/li>\n<\/ul>\n<p data-start=\"2516\" data-end=\"2579\"><strong data-start=\"2516\" data-end=\"2579\">Navne, citater og embedsv\u00e6rkets h\u00e5ndtering vil blive n\u00e6vnt.<\/strong><\/p>\n<hr class=\"\" data-start=\"2581\" data-end=\"2584\" \/>\n<h3 data-start=\"2586\" data-end=\"2610\">4. PERSONLIGT ANSVAR<\/h3>\n<p data-start=\"2612\" data-end=\"2673\">Som vicedirekt\u00f8r i en offentlig forvaltning har Du pligt til:<\/p>\n<ul data-start=\"2675\" data-end=\"2785\">\n<li data-start=\"2675\" data-end=\"2712\">\n<p data-start=\"2677\" data-end=\"2712\">At sikre lovmedholdelig forvaltning<\/p>\n<\/li>\n<li data-start=\"2713\" data-end=\"2785\">\n<p data-start=\"2715\" data-end=\"2785\">At v\u00e6rne om borgernes rettigheder \u2013 ikke kun institutionens interesser<\/p>\n<\/li>\n<\/ul>\n<p data-start=\"2787\" data-end=\"2925\">N\u00e5r Du p\u00e5ber\u00e5ber Dem tavshed frem for at sikre offentlighed, b\u00e6rer Du personligt et ansvar for at undergrave demokratiets grundprincipper.<\/p>\n<p data-start=\"2927\" data-end=\"3053\">Jeg appellerer til, at Du genovervejer Din rolle \u2013 ikke blot som embedsmand, men som borger under en demokratisk forfatning.<\/p>\n<hr class=\"\" data-start=\"3055\" data-end=\"3058\" \/>\n<h3 data-start=\"3060\" data-end=\"3091\">5. NY ANMODNING OG KLAGEVEJ<\/h3>\n<p data-start=\"3093\" data-end=\"3136\">Jeg fastholder anmodningen om aktindsigt i:<\/p>\n<ul data-start=\"3138\" data-end=\"3308\">\n<li data-start=\"3138\" data-end=\"3156\">\n<p data-start=\"3140\" data-end=\"3156\">Udkast til tekst<\/p>\n<\/li>\n<li data-start=\"3157\" data-end=\"3198\">\n<p data-start=\"3159\" data-end=\"3198\">Interne notater, vurderinger og e-mails<\/p>\n<\/li>\n<li data-start=\"3199\" data-end=\"3237\">\n<p data-start=\"3201\" data-end=\"3237\">Kommunikationen med eksterne akt\u00f8rer<\/p>\n<\/li>\n<li data-start=\"3238\" data-end=\"3273\">\n<p data-start=\"3240\" data-end=\"3273\">Referater fra forvaltning og n\u00e6vn<\/p>\n<\/li>\n<li data-start=\"3274\" data-end=\"3308\">\n<p data-start=\"3276\" data-end=\"3308\">Reaktioner fra borgere og medier<\/p>\n<\/li>\n<\/ul>\n<p data-start=\"3310\" data-end=\"3368\">Hvis der ikke sker korrekt efterlevelse inden 5. maj 2025:<\/p>\n<ul data-start=\"3370\" data-end=\"3552\">\n<li data-start=\"3370\" data-end=\"3415\">\n<p data-start=\"3372\" data-end=\"3415\">Indgives klage til Ankestyrelsen, Tilsynet.<\/p>\n<\/li>\n<li data-start=\"3416\" data-end=\"3469\">\n<p data-start=\"3418\" data-end=\"3469\">Der rettes henvendelse til Folketingets Ombudsmand.<\/p>\n<\/li>\n<li data-start=\"3470\" data-end=\"3552\">\n<p data-start=\"3472\" data-end=\"3552\">Der foretages udvidet offentligg\u00f8relse p\u00e5 nationale platforme og sociale medier.<\/p>\n<\/li>\n<\/ul>\n<hr class=\"\" data-start=\"3554\" data-end=\"3557\" \/>\n<p data-start=\"3559\" data-end=\"3617\"><strong data-start=\"3559\" data-end=\"3580\">Med venlig hilsen<\/strong><br data-start=\"3580\" data-end=\"3583\" \/><strong data-start=\"3583\" data-end=\"3598\">Zahid Latif<\/strong><br data-start=\"3598\" data-end=\"3601\" \/><strong data-start=\"3601\" data-end=\"3617\">ZLCOPENHAGEN<\/strong><\/p>\n<p>[\/spb_toggle] [spb_toggle element_name=&#8221;L\u00c6S HER: 28\/4\/2025 SVAR FRA K\u00d8BENHAVNS KOMMUNE \u2013 AFG\u00d8RELSE OM AKTINDSIGT&#8221; title=&#8221;L\u00c6S HER: 28\/4\/2025 SVAR FRA K\u00d8BENHAVNS KOMMUNE \u2013 AFG\u00d8RELSE OM AKTINDSIGT&#8221; open=&#8221;false&#8221; width=&#8221;1\/1&#8243; el_position=&#8221;first last&#8221;]<\/p>\n<p data-start=\"311\" data-end=\"522\"><strong data-start=\"311\" data-end=\"319\">Til:<\/strong> Zahid Latif<br data-start=\"331\" data-end=\"334\" \/><strong data-start=\"334\" data-end=\"342\">Fra:<\/strong> Teknik- og Milj\u00f8forvaltningen, K\u00f8benhavns Kommune<br data-start=\"392\" data-end=\"395\" \/><strong data-start=\"395\" data-end=\"404\">Dato:<\/strong> 28. april 2025<br data-start=\"419\" data-end=\"422\" \/><strong data-start=\"422\" data-end=\"434\">Sagsnr.:<\/strong> 2025-8114<br data-start=\"444\" data-end=\"447\" \/><strong data-start=\"447\" data-end=\"459\">Dok.nr.:<\/strong> 195084<br data-start=\"466\" data-end=\"469\" \/><strong data-start=\"469\" data-end=\"482\">Afdeling:<\/strong> Bygge-, Parkerings- og Milj\u00f8myndigheden<\/p>\n<hr class=\"\" data-start=\"524\" data-end=\"527\" \/>\n<p data-start=\"529\" data-end=\"608\"><strong data-start=\"529\" data-end=\"544\">Vedr\u00f8rende:<\/strong> Din pr\u00e6ciserede anmodning om aktindsigt dateret 14. april 2025.<\/p>\n<hr class=\"\" data-start=\"610\" data-end=\"613\" \/>\n<h2 data-start=\"615\" data-end=\"632\">DIN ANMODNING:<\/h2>\n<p data-start=\"634\" data-end=\"671\">Du anmodede om aktindsigt i f\u00f8lgende:<\/p>\n<ul data-start=\"673\" data-end=\"970\">\n<li data-start=\"673\" data-end=\"727\">\n<p data-start=\"675\" data-end=\"727\">Tidligere eller alternative udkast til skilteteksten<\/p>\n<\/li>\n<li data-start=\"728\" data-end=\"798\">\n<p data-start=\"730\" data-end=\"798\">Interne vurderinger, notater og mails vedr\u00f8rende tekstens udformning<\/p>\n<\/li>\n<li data-start=\"799\" data-end=\"865\">\n<p data-start=\"801\" data-end=\"865\">Referater og beslutningsgrundlag fra forvaltning og Vejnavnen\u00e6vn<\/p>\n<\/li>\n<li data-start=\"866\" data-end=\"921\">\n<p data-start=\"868\" data-end=\"921\">Korrespondance med myndigheder eller eksterne akt\u00f8rer<\/p>\n<\/li>\n<li data-start=\"922\" data-end=\"970\">\n<p data-start=\"924\" data-end=\"970\">Oversigt over reaktioner fra borgere og presse<\/p>\n<\/li>\n<\/ul>\n<p data-start=\"972\" data-end=\"995\">Du gjorde g\u00e6ldende, at:<\/p>\n<ul data-start=\"997\" data-end=\"1227\">\n<li data-start=\"997\" data-end=\"1045\">\n<p data-start=\"999\" data-end=\"1045\">\u00a723 er anvendt forkert uden konkret vurdering.<\/p>\n<\/li>\n<li data-start=\"1046\" data-end=\"1120\">\n<p data-start=\"1048\" data-end=\"1120\">Faktuelle oplysninger (\u00a728) og faglige vurderinger (\u00a729) skal udleveres.<\/p>\n<\/li>\n<li data-start=\"1121\" data-end=\"1168\">\n<p data-start=\"1123\" data-end=\"1168\">Meroffentlighed (\u00a714) ikke er reelt vurderet.<\/p>\n<\/li>\n<li data-start=\"1169\" data-end=\"1227\">\n<p data-start=\"1171\" data-end=\"1227\">Beslutningstagere ikke er identificeret i strid med \u00a736.<\/p>\n<\/li>\n<\/ul>\n<hr class=\"\" data-start=\"1229\" data-end=\"1232\" \/>\n<h2 data-start=\"1234\" data-end=\"1252\">KOMMUNENS SVAR:<\/h2>\n<p data-start=\"1254\" data-end=\"1495\"><strong data-start=\"1254\" data-end=\"1297\">Ad Punkt 1 \u2013 Forkert anvendelse af \u00a723:<\/strong><br data-start=\"1297\" data-end=\"1300\" \/>Forvaltningen fastholder, at dokumenterne undtages efter offentlighedslovens \u00a723. De vurderer, at dokumenterne ikke indeholder faktuelle oplysninger eller faglige vurderinger, som skal udleveres.<\/p>\n<p data-start=\"1497\" data-end=\"1682\"><strong data-start=\"1497\" data-end=\"1530\">Ad Punkt 2 \u2013 Meroffentlighed:<\/strong><br data-start=\"1530\" data-end=\"1533\" \/>Forvaltningen oplyser, at meroffentlighed blev overvejet i den oprindelige afg\u00f8relse, men at der ikke blev fundet grundlag for yderligere udlevering.<\/p>\n<p data-start=\"1684\" data-end=\"1921\"><strong data-start=\"1684\" data-end=\"1737\">Ad Punkt 3 \u2013 Identificering af beslutningstagere:<\/strong><br data-start=\"1737\" data-end=\"1740\" \/>Forvaltningen henviser til tidligere udleverede notater om den administrative proces. Der foreligger ingen yderligere dokumentation om, hvem der udarbejdede eller godkendte teksten.<\/p>\n<p data-start=\"1923\" data-end=\"1978\"><strong data-start=\"1923\" data-end=\"1976\">Ad Punkt 4 \u2013 Udlevering af yderligere dokumenter:<\/strong><\/p>\n<ul data-start=\"1979\" data-end=\"2231\">\n<li data-start=\"1979\" data-end=\"2053\">\n<p data-start=\"1981\" data-end=\"2053\">Der findes ingen referater eller beslutningsgrundlag fra Vejnavnen\u00e6vnet.<\/p>\n<\/li>\n<li data-start=\"2054\" data-end=\"2129\">\n<p data-start=\"2056\" data-end=\"2129\">Der er ingen korrespondance med andre myndigheder eller eksterne akt\u00f8rer.<\/p>\n<\/li>\n<li data-start=\"2130\" data-end=\"2231\">\n<p data-start=\"2132\" data-end=\"2231\">Du meddeles fuld aktindsigt i en oversigt over indkomne reaktioner fra borgere (vedlagt som bilag).<\/p>\n<\/li>\n<\/ul>\n<hr class=\"\" data-start=\"2233\" data-end=\"2236\" \/>\n<h2 data-start=\"2238\" data-end=\"2257\">KLAGEVEJLEDNING:<\/h2>\n<p data-start=\"2259\" data-end=\"2418\">Du kan klage over afg\u00f8relsen til <strong data-start=\"2292\" data-end=\"2319\">Ankestyrelsen, Tilsynet<\/strong>.<br data-start=\"2320\" data-end=\"2323\" \/>Klagen skal f\u00f8rst sendes til Teknik- og Milj\u00f8forvaltningen p\u00e5 <strong data-start=\"2385\" data-end=\"2398\"><a class=\"\" href=\"mailto:tmf@kk.dk\" rel=\"noopener\" data-start=\"2387\" data-end=\"2396\">tmf@kk.dk<\/a><\/strong> eller med post til:<\/p>\n<blockquote data-start=\"2420\" data-end=\"2489\">\n<p data-start=\"2422\" data-end=\"2489\">Teknik- og Milj\u00f8forvaltningen<br data-start=\"2451\" data-end=\"2454\" \/>Njalsgade 13<br data-start=\"2468\" data-end=\"2471\" \/>2300 K\u00f8benhavn S<\/p>\n<\/blockquote>\n<p data-start=\"2491\" data-end=\"2623\">Hvis forvaltningen fastholder afg\u00f8relsen, videresendes klagen automatisk til Ankestyrelsen senest syv arbejdsdage efter modtagelsen.<\/p>\n<hr class=\"\" data-start=\"2625\" data-end=\"2628\" \/>\n<p data-start=\"2630\" data-end=\"2652\"><strong data-start=\"2630\" data-end=\"2652\">Med venlig hilsen,<\/strong><\/p>\n<p data-start=\"2654\" data-end=\"2740\"><strong data-start=\"2654\" data-end=\"2672\">Lena Kongsbach<\/strong><br data-start=\"2672\" data-end=\"2675\" \/>Vicedirekt\u00f8r<br data-start=\"2687\" data-end=\"2690\" \/>Teknik- og Milj\u00f8forvaltningen<br data-start=\"2719\" data-end=\"2722\" \/>K\u00f8benhavns Kommune<\/p>\n<p>[\/spb_toggle] [spb_toggle element_name=&#8221;L\u00c6S HER: 14\/4\/2025 MIN INDSIGELSE VEDR. AKTINDSIGT&#8221; title=&#8221;L\u00c6S HER: 14\/4\/2025 MIN INDSIGELSE VEDR. AKTINDSIGT&#8221; open=&#8221;false&#8221; width=&#8221;1\/1&#8243; el_position=&#8221;first last&#8221;]<\/p>\n<p data-start=\"94\" data-end=\"278\"><strong data-start=\"94\" data-end=\"102\">Til:<\/strong> Lena Kongsbach, Vicedirekt\u00f8r<br data-start=\"131\" data-end=\"134\" \/><strong data-start=\"134\" data-end=\"142\">Fra:<\/strong> Zahid Latif<br data-start=\"154\" data-end=\"157\" \/><strong data-start=\"157\" data-end=\"166\">Dato:<\/strong> 14. april 2025<br data-start=\"181\" data-end=\"184\" \/><strong data-start=\"184\" data-end=\"193\">Emne:<\/strong> Indsigelse vedr. aktindsigt \u2013 beslutningsgrundlag for skiltning ved Pal\u00e6stinas Plads<\/p>\n<hr class=\"\" data-start=\"280\" data-end=\"283\" \/>\n<p data-start=\"285\" data-end=\"309\"><strong data-start=\"285\" data-end=\"309\">K\u00e6re Lena Kongsbach,<\/strong><\/p>\n<p data-start=\"311\" data-end=\"439\">Jeg skriver vedr\u00f8rende jeres svar af 10. april 2025 om aktindsigt i den forklarende tekst under vejskiltet ved Pal\u00e6stinas Plads.<\/p>\n<p data-start=\"441\" data-end=\"622\">Svarene er utilstr\u00e6kkelige og henviser overordnet til offentlighedslovens \u00a723 om interne dokumenter. Jeg g\u00f8r hermed indsigelse og pr\u00e6ciserer min anmodning med f\u00f8lgende begrundelser:<\/p>\n<hr class=\"\" data-start=\"624\" data-end=\"627\" \/>\n<p data-start=\"629\" data-end=\"661\"><strong data-start=\"629\" data-end=\"661\">1. Forkert anvendelse af \u00a723<\/strong><\/p>\n<p data-start=\"663\" data-end=\"774\">If\u00f8lge offentlighedsloven kan interne dokumenter undtages aktindsigt, men kun i det omfang, de ikke indeholder:<\/p>\n<ul data-start=\"776\" data-end=\"841\">\n<li data-start=\"776\" data-end=\"810\">\n<p data-start=\"778\" data-end=\"810\">Faktuelle oplysninger, jf. \u00a728<\/p>\n<\/li>\n<li data-start=\"811\" data-end=\"841\">\n<p data-start=\"813\" data-end=\"841\">Faglige vurderinger, jf. \u00a729<\/p>\n<\/li>\n<\/ul>\n<p data-start=\"843\" data-end=\"1102\">Jeres svar undtager samtlige relevante dokumenter, uden at identificere hvilke dele, der konkret er undtaget, og uden at tage h\u00f8jde for pligten til at udlevere oplysninger af faktuel eller vurderende karakter. Dette mangler hjemmel i lovens form\u00e5l og praksis.<\/p>\n<hr class=\"\" data-start=\"1104\" data-end=\"1107\" \/>\n<p data-start=\"1109\" data-end=\"1154\"><strong data-start=\"1109\" data-end=\"1154\">2. Manglende vurdering af meroffentlighed<\/strong><\/p>\n<p data-start=\"1156\" data-end=\"1389\">Offentlighedslovens \u00a714 forpligter jer til at vurdere, om der kan gives indsigt ud over det lovpligtige. Jeres svar fremst\u00e5r som en generel afvisning uden konkret begrundelse \u2013 til trods for, at sagen har \u00e5benlys offentlig interesse.<\/p>\n<hr class=\"\" data-start=\"1391\" data-end=\"1394\" \/>\n<p data-start=\"1396\" data-end=\"1448\"><strong data-start=\"1396\" data-end=\"1448\">3. Manglende identificering af beslutningstagere<\/strong><\/p>\n<p data-start=\"1450\" data-end=\"1567\">Borgerens ret til viden foruds\u00e6tter kendskab til, hvem der har truffet beslutninger. I har ikke oplyst, hvem der har:<\/p>\n<ul data-start=\"1569\" data-end=\"1654\">\n<li data-start=\"1569\" data-end=\"1598\">\n<p data-start=\"1571\" data-end=\"1598\">Udarbejdet tekstforslaget<\/p>\n<\/li>\n<li data-start=\"1599\" data-end=\"1625\">\n<p data-start=\"1601\" data-end=\"1625\">Godkendt formuleringen<\/p>\n<\/li>\n<li data-start=\"1626\" data-end=\"1654\">\n<p data-start=\"1628\" data-end=\"1654\">Truffet endelig beslutning<\/p>\n<\/li>\n<\/ul>\n<p data-start=\"1656\" data-end=\"1788\">Dette kan v\u00e6re i strid med forvaltningslovens \u00a724 om notatpligt og offentlighedslovens \u00a736 om adgang til identificerbare dokumenter.<\/p>\n<hr class=\"\" data-start=\"1790\" data-end=\"1793\" \/>\n<p data-start=\"1795\" data-end=\"1842\"><strong data-start=\"1795\" data-end=\"1842\">4. Ny og pr\u00e6ciseret anmodning om aktindsigt<\/strong><\/p>\n<p data-start=\"1844\" data-end=\"1898\">Jeg anmoder hermed om aktindsigt i f\u00f8lgende materiale:<\/p>\n<ul data-start=\"1900\" data-end=\"2302\">\n<li data-start=\"1900\" data-end=\"1961\">\n<p data-start=\"1902\" data-end=\"1961\">Tidligere eller alternative udkast til teksten p\u00e5 skiltet<\/p>\n<\/li>\n<li data-start=\"1962\" data-end=\"2034\">\n<p data-start=\"1964\" data-end=\"2034\">Interne vurderinger, notater og mails vedr\u00f8rende tekstens udformning<\/p>\n<\/li>\n<li data-start=\"2035\" data-end=\"2107\">\n<p data-start=\"2037\" data-end=\"2107\">Referater og beslutningsgrundlag fra forvaltningen og Vejnavnen\u00e6vnet<\/p>\n<\/li>\n<li data-start=\"2108\" data-end=\"2215\">\n<p data-start=\"2110\" data-end=\"2215\">Korrespondance med andre myndigheder eller eksterne parter (herunder evt. ambassader eller konsulenter)<\/p>\n<\/li>\n<li data-start=\"2216\" data-end=\"2302\">\n<p data-start=\"2218\" data-end=\"2302\">Oversigt over indkomne reaktioner, klager eller vurderinger fra borgere eller presse<\/p>\n<\/li>\n<\/ul>\n<p data-start=\"2304\" data-end=\"2394\">Disse dokumenter er \u2013 helt eller delvist \u2013 omfattet af udleveringspligt efter \u00a7\u00a7 28 og 29.<\/p>\n<hr class=\"\" data-start=\"2396\" data-end=\"2399\" \/>\n<p data-start=\"2401\" data-end=\"2430\"><strong data-start=\"2401\" data-end=\"2430\">5. Klagevej og konsekvens<\/strong><\/p>\n<p data-start=\"2432\" data-end=\"2508\">S\u00e5fremt aktindsigten ikke im\u00f8dekommes i overensstemmelse med loven, vil jeg:<\/p>\n<ul data-start=\"2510\" data-end=\"2703\">\n<li data-start=\"2510\" data-end=\"2557\">\n<p data-start=\"2512\" data-end=\"2557\">Indbringe sagen for Ankestyrelsen, Tilsynet<\/p>\n<\/li>\n<li data-start=\"2558\" data-end=\"2617\">\n<p data-start=\"2560\" data-end=\"2617\">Overveje at indbringe sagen for Folketingets Ombudsmand<\/p>\n<\/li>\n<li data-start=\"2618\" data-end=\"2703\">\n<p data-start=\"2620\" data-end=\"2703\">Offentligg\u00f8re sagsforl\u00f8bet og dokumentationen via presse og ZLCOPENHAGENs platforme<\/p>\n<\/li>\n<\/ul>\n<hr class=\"\" data-start=\"2705\" data-end=\"2708\" \/>\n<p data-start=\"2710\" data-end=\"2724\"><strong data-start=\"2710\" data-end=\"2724\">Afslutning<\/strong><\/p>\n<p data-start=\"2726\" data-end=\"2948\">N\u00e5r reglerne om aktindsigt anvendes til at m\u00f8rkl\u00e6gge frem for at oplyse, undermineres tilliden til embedsv\u00e6rket. Denne sag handler ikke kun om et skilt, men om gennemsigtighed, ansvar og borgernes demokratiske rettigheder.<\/p>\n<p data-start=\"2950\" data-end=\"3004\">Jeg ser frem til jeres svar senest den 21. april 2025.<\/p>\n<p data-start=\"3006\" data-end=\"3078\">Med venlig hilsen,<br data-start=\"3024\" data-end=\"3027\" \/><strong data-start=\"3027\" data-end=\"3042\">Zahid Latif<\/strong><br data-start=\"3042\" data-end=\"3045\" \/>ZLCOPENHAGEN<\/p>\n<p>[\/spb_toggle] [spb_toggle element_name=&#8221;L\u00c6S HER: 10\/4\/2025 SVAR OM AKTINDSIGT&#8221; title=&#8221;L\u00c6S HER: 10\/4\/2025 SVAR OM AKTINDSIGT&#8221; open=&#8221;false&#8221; width=&#8221;1\/1&#8243; el_position=&#8221;first last&#8221;]<\/p>\n<h3 data-start=\"174\" data-end=\"211\">SVAR P\u00c5 ANMODNING OM AKTINDSIGT<\/h3>\n<p data-start=\"212\" data-end=\"383\"><strong data-start=\"212\" data-end=\"224\">Afsender<\/strong>: Teknik- og Milj\u00f8forvaltningen, K\u00f8benhavns Kommune<br data-start=\"275\" data-end=\"278\" \/><strong data-start=\"278\" data-end=\"290\">Modtager<\/strong>: Zahid Latif<br data-start=\"303\" data-end=\"306\" \/><strong data-start=\"306\" data-end=\"314\">Dato<\/strong>: 10. april 2025<br data-start=\"330\" data-end=\"333\" \/><strong data-start=\"333\" data-end=\"344\">Sagsnr.<\/strong>: 2025-8114<br data-start=\"355\" data-end=\"358\" \/><strong data-start=\"358\" data-end=\"373\">Dokumentnr.<\/strong>: 193821<\/p>\n<hr class=\"\" data-start=\"385\" data-end=\"388\" \/>\n<p data-start=\"390\" data-end=\"411\"><strong data-start=\"390\" data-end=\"411\">K\u00e6re Zahid Latif,<\/strong><\/p>\n<p data-start=\"413\" data-end=\"471\">Du har den 3. april 2025 anmodet om aktindsigt i f\u00f8lgende:<\/p>\n<ol data-start=\"473\" data-end=\"999\">\n<li data-start=\"473\" data-end=\"780\">\n<p data-start=\"476\" data-end=\"780\">Hvem har udarbejdet og godkendt den nuv\u00e6rende tekst under navneskiltet &#8220;Pal\u00e6stinas Plads&#8221;, herunder:<br data-start=\"576\" data-end=\"579\" \/>\u2003\u2013 Interne notater, referater og beslutningsgrundlag<br data-start=\"631\" data-end=\"634\" \/>\u2003\u2013 Korrespondance mellem forvaltning, Vejnavnen\u00e6vn og eventuelle politiske udvalg<br data-start=\"715\" data-end=\"718\" \/>\u2003\u2013 Eventuelle eksterne h\u00f8ringer, r\u00e5dgivere eller bidragydere<\/p>\n<\/li>\n<li data-start=\"782\" data-end=\"860\">\n<p data-start=\"785\" data-end=\"860\">Om der findes alternative eller tidligere forslag til skilteformuleringen<\/p>\n<\/li>\n<li data-start=\"862\" data-end=\"999\">\n<p data-start=\"865\" data-end=\"999\">Om kommunen har modtaget interne eller eksterne klager, henvendelser eller bem\u00e6rkninger om skiltets indhold f\u00f8r og efter ops\u00e6tningen<\/p>\n<\/li>\n<\/ol>\n<hr class=\"\" data-start=\"1001\" data-end=\"1004\" \/>\n<p data-start=\"1006\" data-end=\"1182\">Teknik- og Milj\u00f8forvaltningen har behandlet din anmodning efter reglerne i offentlighedsloven (lovbekendtg\u00f8relse nr. 145 af 24. februar 2020) og har truffet f\u00f8lgende afg\u00f8relse:<\/p>\n<h3 data-start=\"1184\" data-end=\"1199\">Afg\u00f8relse<\/h3>\n<p data-start=\"1200\" data-end=\"1251\">Du meddeles <strong data-start=\"1212\" data-end=\"1233\">delvis aktindsigt<\/strong> i f\u00f8lgende sager:<\/p>\n<ul data-start=\"1253\" data-end=\"1434\">\n<li data-start=\"1253\" data-end=\"1335\">\n<p data-start=\"1255\" data-end=\"1335\"><strong data-start=\"1255\" data-end=\"1279\">Sagsnr. 2025-0109113<\/strong>: Dokument nr. 4 udleveres. Dokument nr. 1\u20133 undtages.<\/p>\n<\/li>\n<li data-start=\"1336\" data-end=\"1434\">\n<p data-start=\"1338\" data-end=\"1434\"><strong data-start=\"1338\" data-end=\"1362\">Sagsnr. 2025-0089341<\/strong>: Dokument nr. 4 og 5 udleveres. Dokument nr. 1\u20133 samt nr. 6\u20138 undtages.<\/p>\n<\/li>\n<\/ul>\n<p data-start=\"1436\" data-end=\"1473\">Aktlister for begge sager er vedlagt.<\/p>\n<h3 data-start=\"1475\" data-end=\"1492\">Begrundelse<\/h3>\n<p data-start=\"1493\" data-end=\"1649\">De dokumenter, der ikke udleveres, betragtes som <strong data-start=\"1542\" data-end=\"1571\">interne arbejdsdokumenter<\/strong> og undtages derfor aktindsigt i henhold til offentlighedslovens \u00a7 23, stk. 1.<\/p>\n<p data-start=\"1651\" data-end=\"1821\">Disse dokumenter er ikke afgivet til udenforst\u00e5ende og falder ikke ind under \u00a7 26 om dokumenter i endelig form eller \u00a7\u00a7 28-29 om faktuelt grundlag og faglige vurderinger.<\/p>\n<h3 data-start=\"1823\" data-end=\"1844\">Meroffentlighed<\/h3>\n<p data-start=\"1845\" data-end=\"2051\">Forvaltningen har vurderet, om der kunne gives aktindsigt efter princippet om meroffentlighed (\u00a7 14). Efter en interesseafvejning har forvaltningen dog besluttet <strong data-start=\"2007\" data-end=\"2027\">ikke at udlevere<\/strong> de undtagne dokumenter.<\/p>\n<h3 data-start=\"2053\" data-end=\"2074\">Klagevejledning<\/h3>\n<p data-start=\"2075\" data-end=\"2273\">Du kan klage over afg\u00f8relsen til <strong data-start=\"2108\" data-end=\"2135\">Ankestyrelsen, Tilsynet<\/strong>. Klagen skal f\u00f8rst sendes til Teknik- og Milj\u00f8forvaltningen p\u00e5 mail: <strong data-start=\"2205\" data-end=\"2218\"><a class=\"\" href=\"mailto:tmf@kk.dk\" rel=\"noopener\" data-start=\"2207\" data-end=\"2216\">tmf@kk.dk<\/a><\/strong> eller med post til <strong data-start=\"2238\" data-end=\"2272\">Njalsgade 13, 2300 K\u00f8benhavn S<\/strong>.<\/p>\n<p data-start=\"2275\" data-end=\"2428\">Hvis afg\u00f8relsen fastholdes, videresender forvaltningen klagen og sagens dokumenter til Ankestyrelsen senest 7 arbejdsdage efter modtagelsen af din klage.<\/p>\n<hr class=\"\" data-start=\"2430\" data-end=\"2433\" \/>\n<p data-start=\"2435\" data-end=\"2541\"><strong data-start=\"2435\" data-end=\"2452\">Venlig hilsen<\/strong><br data-start=\"2452\" data-end=\"2455\" \/><strong data-start=\"2455\" data-end=\"2473\">Lena Kongsbach<\/strong><br data-start=\"2473\" data-end=\"2476\" \/>Vicedirekt\u00f8r<br data-start=\"2488\" data-end=\"2491\" \/>Teknik- og Milj\u00f8forvaltningen<br data-start=\"2520\" data-end=\"2523\" \/>K\u00f8benhavns Kommune<\/p>\n<p>[\/spb_toggle] [spb_toggle element_name=&#8221;L\u00c6S HER: 9\/4\/2025 BREV MIT SVAR ANMODNING OM AKTINDSIGT \u2013 VERSION 2&#8243; title=&#8221;L\u00c6S HER: 9\/4\/2025 BREV MIT SVAR ANMODNING OM AKTINDSIGT \u2013 VERSION 2&#8243; open=&#8221;false&#8221; width=&#8221;1\/1&#8243; el_position=&#8221;first last&#8221;]<\/p>\n<h3 data-start=\"291\" data-end=\"324\"><strong data-start=\"295\" data-end=\"322\">ANMODNING OM AKTINDSIGT<\/strong><\/h3>\n<p data-start=\"325\" data-end=\"553\"><strong data-start=\"325\" data-end=\"333\">Til:<\/strong> Teknik- og Milj\u00f8forvaltningen<br data-start=\"363\" data-end=\"366\" \/><strong data-start=\"366\" data-end=\"375\">Att.:<\/strong> Jakob Hjuler Tamsmark, Omr\u00e5dechef<br data-start=\"409\" data-end=\"412\" \/><strong data-start=\"412\" data-end=\"422\">Email:<\/strong> <a class=\"cursor-pointer\" rel=\"noopener\" data-start=\"423\" data-end=\"432\">pkr@kk.dk<\/a><br data-start=\"432\" data-end=\"435\" \/><strong data-start=\"435\" data-end=\"444\">Dato:<\/strong> 9. april 2025<br data-start=\"458\" data-end=\"461\" \/><strong data-start=\"461\" data-end=\"470\">Emne:<\/strong> Aktindsigt \u2013 Skiltning p\u00e5 Pal\u00e6stinas Plads og bagvedliggende beslutningsgrundlag<\/p>\n<hr class=\"\" data-start=\"555\" data-end=\"558\" \/>\n<p data-start=\"560\" data-end=\"591\"><strong data-start=\"560\" data-end=\"591\">K\u00e6re Jakob Hjuler Tamsmark,<\/strong><\/p>\n<p data-start=\"593\" data-end=\"783\">Tak for jeres svar om h\u00e6rv\u00e6rket p\u00e5 skiltet ved Pal\u00e6stinas Plads. Det er positivt, at kommunen handler hurtigt, n\u00e5r f\u00f8rst skiltet er sat op \u2013 og at b\u00e5de graffiti-team og politi er involveret.<\/p>\n<p data-start=\"785\" data-end=\"1085\">Men mens maling fjernes fra overfladen, synes noget andet at blive skjult: nemlig den proces og de akt\u00f8rer, der formulerede teksten. Derfor fremsender jeg denne opdaterede og pr\u00e6ciserede anmodning om aktindsigt \u2013 ikke kun i den praktiske h\u00e5ndtering, men i selve beslutningsk\u00e6den bag skiltets ordvalg.<\/p>\n<p data-start=\"1087\" data-end=\"1211\">For n\u00e5r man tr\u00e6kker i tr\u00e5dene som i et dukketeater, m\u00e5 man ogs\u00e5 st\u00e5 frem og forklare, hvem der har iscenesat forestillingen.<\/p>\n<hr class=\"\" data-start=\"1213\" data-end=\"1216\" \/>\n<h4 data-start=\"1218\" data-end=\"1299\"><strong>Nummer 2. Jeg anmoder hermed om en detaljeret aktindsigt efter offentlighedslovens \u00a7\u00a7 7\u20139 i f\u00f8lgende:<\/strong><\/h4>\n<h4 data-start=\"1301\" data-end=\"1348\">1. <strong data-start=\"1309\" data-end=\"1348\">Beslutningsgrundlag &amp; kommunikation<\/strong><\/h4>\n<ul data-start=\"1349\" data-end=\"1666\">\n<li data-start=\"1349\" data-end=\"1443\">\n<p data-start=\"1351\" data-end=\"1443\">Interne notater, e-mails og m\u00f8dereferater relateret til skiltets formulering og udformning<\/p>\n<\/li>\n<li data-start=\"1444\" data-end=\"1544\">\n<p data-start=\"1446\" data-end=\"1544\">Kommunikation mellem Teknik- og Milj\u00f8forvaltningen, Vejnavnen\u00e6vnet og relevante politiske udvalg<\/p>\n<\/li>\n<li data-start=\"1545\" data-end=\"1666\">\n<p data-start=\"1547\" data-end=\"1666\">Korrespondance med statslige myndigheder (herunder Statsministeriet, Justitsministeriet m.fl.), hvis s\u00e5danne foreligger<\/p>\n<\/li>\n<\/ul>\n<h4 data-start=\"1668\" data-end=\"1709\">2. <strong data-start=\"1676\" data-end=\"1709\">Eksterne akt\u00f8rer &amp; p\u00e5virkning<\/strong><\/h4>\n<ul data-start=\"1710\" data-end=\"1856\">\n<li data-start=\"1710\" data-end=\"1856\">\n<p data-start=\"1712\" data-end=\"1856\">Eventuelle h\u00f8ringer, udtalelser eller input fra NGO\u2019er, ambassader, konsulenter eller enkeltpersoner, der har haft indflydelse p\u00e5 skiltets tekst<\/p>\n<\/li>\n<\/ul>\n<h4 data-start=\"1858\" data-end=\"1903\">3. <strong data-start=\"1866\" data-end=\"1903\">Tidligere versioner eller forslag<\/strong><\/h4>\n<ul data-start=\"1904\" data-end=\"2048\">\n<li data-start=\"1904\" data-end=\"1959\">\n<p data-start=\"1906\" data-end=\"1959\">Tidligere udkast til teksten og \u00e6ndringer undervejs<\/p>\n<\/li>\n<li data-start=\"1960\" data-end=\"2048\">\n<p data-start=\"1962\" data-end=\"2048\">Dokumentation for, hvem der har foresl\u00e5et, godkendt eller afvist forskellige versioner<\/p>\n<\/li>\n<\/ul>\n<h4 data-start=\"2050\" data-end=\"2089\">4. <strong data-start=\"2058\" data-end=\"2089\">Reaktioner &amp; sagsbehandling<\/strong><\/h4>\n<ul data-start=\"2090\" data-end=\"2372\">\n<li data-start=\"2090\" data-end=\"2174\">\n<p data-start=\"2092\" data-end=\"2174\">Klager, tilkendegivelser eller feedback fra borgere, medier eller organisationer<\/p>\n<\/li>\n<li data-start=\"2175\" data-end=\"2273\">\n<p data-start=\"2177\" data-end=\"2273\">Korrespondance og interne vurderinger i forbindelse med h\u00e6rv\u00e6rket p\u00e5 skiltet den 4. april 2025<\/p>\n<\/li>\n<li data-start=\"2274\" data-end=\"2372\">\n<p data-start=\"2276\" data-end=\"2372\">Kommunens vurdering af h\u00e6ndelsen og beslutninger om fremtidige tiltag for beskyttelse af pladsen<\/p>\n<\/li>\n<\/ul>\n<hr class=\"\" data-start=\"2374\" data-end=\"2377\" \/>\n<h3 data-start=\"2379\" data-end=\"2407\"><strong data-start=\"2383\" data-end=\"2407\">Baggrund og relevans<\/strong><\/h3>\n<p data-start=\"2408\" data-end=\"2579\">Denne anmodning skal ses i lyset af den symbolske og politiske betydning, som navngivningen og teksten p\u00e5 Pal\u00e6stinas Plads har \u2013 i b\u00e5de national og international kontekst.<\/p>\n<p data-start=\"2581\" data-end=\"2893\">Sagen handler ikke blot om et byskilt, men om hvordan fort\u00e6llinger formuleres, hvem der f\u00e5r lov at definere dem, og hvilken rolle kommunen spiller i forhold til udenrigspolitisk f\u00f8lsomme emner. Det sker i en tid, hvor ytringsfrihed, censur og embedsv\u00e6rkets involvering i offentlig kommunikation debatteres bredt.<\/p>\n<p data-start=\"2895\" data-end=\"3029\">Derfor er sp\u00f8rgsm\u00e5let relevant:<br data-start=\"2926\" data-end=\"2929\" \/><strong data-start=\"2929\" data-end=\"3029\">Hvem tr\u00e6kker i tr\u00e5dene \u2013 og hvem beslutter, hvad der m\u00e5 fort\u00e6lles offentligt i K\u00f8benhavns byrum?<\/strong><\/p>\n<hr class=\"\" data-start=\"3031\" data-end=\"3034\" \/>\n<p data-start=\"3167\" data-end=\"3301\">Jeg ser frem til svar inden for den lovbestemte frist jf. offentlighedslovens \u00a736. Ved behov for afklaring, kontakt mig gerne direkte.<\/p>\n<p data-start=\"3167\" data-end=\"3301\">med Venlig Hilsen<\/p>\n<p data-start=\"3167\" data-end=\"3301\">Zahid Latif, S\u00f8n af en g\u00e6stearbejder<\/p>\n<p>[\/spb_toggle] [spb_toggle element_name=&#8221;L\u00c6S HER: 8\/4\/2025 SVAR FRA ANNE HARBO S\u00d8RENSEN &amp; JAKOB H Tamsmark&#8221; title=&#8221;L\u00c6S HER: 8\/4\/2025 SVAR FRA ANNE HARBO S\u00d8RENSEN &amp; JAKOB H Tamsmark&#8221; open=&#8221;false&#8221; width=&#8221;1\/1&#8243; el_position=&#8221;first last&#8221;]<\/p>\n<p data-start=\"123\" data-end=\"291\"><strong data-start=\"123\" data-end=\"176\">SVAR P\u00c5 HENVENDELSE OM H\u00c6RV\u00c6RK \u2013 PAL\u00c6STINAS PLADS<\/strong><br data-start=\"176\" data-end=\"179\" \/><strong data-start=\"179\" data-end=\"187\">Fra:<\/strong> Teknik- og Milj\u00f8forvaltningen<br data-start=\"217\" data-end=\"220\" \/><strong data-start=\"220\" data-end=\"229\">Dato:<\/strong> 8. april 2025<br data-start=\"243\" data-end=\"246\" \/><strong data-start=\"246\" data-end=\"255\">eDoc:<\/strong> 2025-0109587<br data-start=\"268\" data-end=\"271\" \/><strong data-start=\"271\" data-end=\"279\">Til:<\/strong> Zahid Latif<\/p>\n<hr class=\"\" data-start=\"293\" data-end=\"296\" \/>\n<p data-start=\"298\" data-end=\"319\"><strong data-start=\"298\" data-end=\"319\">K\u00e6re Zahid Latif,<\/strong><\/p>\n<p data-start=\"321\" data-end=\"511\">P\u00e5 vegne af omr\u00e5dechef Jakob Hjuler Tamsmark, Parker, Kirkeg\u00e5rde og Renhold, fremsender vi hermed svar p\u00e5 din henvendelse af 3. april 2025 vedr\u00f8rende h\u00e6rv\u00e6rk p\u00e5 skiltet ved Pal\u00e6stinas Plads.<\/p>\n<p data-start=\"513\" data-end=\"577\">Forvaltningen har den 4. april 2025 fjernet graffiti p\u00e5 skiltet.<\/p>\n<p data-start=\"579\" data-end=\"786\">Vi er opm\u00e6rksomme p\u00e5 den aktuelle udfordring og har derfor tilf\u00f8jet lokationen til graffititeamets ugeplan. Det betyder, at omr\u00e5det tilses regelm\u00e6ssigt, og eventuel ny graffiti fjernes flere gange ugentligt.<\/p>\n<p data-start=\"788\" data-end=\"934\">Derudover har forvaltningen indk\u00f8bt ekstra skilte, som kan tages i brug hurtigt, hvis det eksisterende skilt ikke kan renses eller bliver stj\u00e5let.<\/p>\n<p data-start=\"936\" data-end=\"1060\">Vi er desuden i l\u00f8bende dialog med K\u00f8benhavns Politi, som er opm\u00e6rksomme p\u00e5 h\u00e6rv\u00e6rksrisikoen og vil f\u00f8re tilsyn med omr\u00e5det.<\/p>\n<p data-start=\"1062\" data-end=\"1210\">Vi g\u00f8r opm\u00e6rksom p\u00e5, at du vil modtage et s\u00e6rskilt svar p\u00e5 din anmodning om aktindsigt i beslutningsgrundlaget bag den forklarende tekst p\u00e5 skiltet.<\/p>\n<p data-start=\"1212\" data-end=\"1318\">Du er naturligvis velkommen til at kontakte os direkte p\u00e5 <strong data-start=\"1270\" data-end=\"1283\"><a rel=\"noopener\" data-start=\"1272\" data-end=\"1281\">pkr@kk.dk<\/a><\/strong>, hvis du har yderligere sp\u00f8rgsm\u00e5l.<\/p>\n<hr class=\"\" data-start=\"1320\" data-end=\"1323\" \/>\n<p data-start=\"1325\" data-end=\"1485\"><strong data-start=\"1325\" data-end=\"1346\">Med venlig hilsen<\/strong><br data-start=\"1346\" data-end=\"1349\" \/><strong data-start=\"1349\" data-end=\"1374\">Jakob Hjuler Tamsmark<\/strong><br data-start=\"1374\" data-end=\"1377\" \/>Omr\u00e5dechef, Driftst\u00f8tte<br data-start=\"1400\" data-end=\"1403\" \/>K\u00f8benhavns Kommune<br data-start=\"1421\" data-end=\"1424\" \/>Teknik- og Milj\u00f8forvaltningen<br data-start=\"1453\" data-end=\"1456\" \/>Parker, Kirkeg\u00e5rde og Renhold<\/p>\n<p>[\/spb_toggle] [spb_toggle element_name=&#8221;L\u00c6S HER: BREV 3\/4\/2025 MIT F\u00d8RST BREV AGTINDSIGT ANDMODNING VERSION 1&#8243; title=&#8221;L\u00c6S HER: BREV 3\/4\/2025 MIT F\u00d8RST BREV AGTINDSIGT ANDMODNING VERSION 1&#8243; open=&#8221;false&#8221; width=&#8221;1\/1&#8243; el_position=&#8221;first last&#8221;]<\/p>\n<p style=\"font-weight: 400;\"><strong>Fra:<\/strong>\u00a0Zahid Latif\u00a0<a href=\"mailto:latif.zahid@gmail.com\">latif.zahid@gmail.com<\/a><br \/>\n<strong>Sendt:<\/strong>\u00a03. april 2025 11:59<br \/>\n<strong>Til:<\/strong>\u00a0TMF (<a href=\"mailto:tmf@tmf.kk.dk\">tmf@tmf.kk.dk<\/a>)\u00a0<a href=\"mailto:tmf@kk.dk\">tmf@kk.dk<\/a>; TMFKP MKB\u00a0<a href=\"mailto:mkb@kk.dk\">mkb@kk.dk<\/a><br \/>\n<strong>Emne:<\/strong>\u00a0[EKSTERN] Vedr\u00f8rende: Aktindsigt og henvendelse om skiltning ved Pal\u00e6stinas Plads samt h\u00e6rv\u00e6rkJeg anmoder hermed om aktindsigt efter offentlighedsloven i f\u00f8lgende:<\/p>\n<p style=\"font-weight: 400;\"><strong>AKTINDSIGTS- OG KLAGEBREV<\/strong><\/p>\n<p style=\"font-weight: 400;\">Til: Teknik- og Milj\u00f8forvaltningen<br \/>\nK\u00f8benhavns Kommune<br \/>\n<a href=\"mailto:tmf@kk.dk\">tmf@kk.dk<\/a><\/p>\n<p style=\"font-weight: 400;\">Dato: 4. april 2025<\/p>\n<p style=\"font-weight: 400;\"><strong>Vedr\u00f8rende: Aktindsigt og henvendelse om skiltning ved Pal\u00e6stinas Plads samt h\u00e6rv\u00e6rk<\/strong>Jeg anmoder hermed om aktindsigt efter offentlighedsloven i f\u00f8lgende:<\/p>\n<ol style=\"font-weight: 400;\">\n<li>Hvem har udarbejdet og godkendt den nuv\u00e6rende tekst under navneskiltet\u00a0<em>Pal\u00e6stinas Plads<\/em>, herunder:\n<ul>\n<li>Interne notater, referater og beslutningsgrundlag<\/li>\n<li>Korrespondance mellem forvaltning, Vejnavnen\u00e6vnet og eventuelle politiske udvalg<\/li>\n<li>Eventuelle eksterne h\u00f8ringer, r\u00e5dgivere eller bidragydere<\/li>\n<\/ul>\n<\/li>\n<li>Findes der alternative eller tidligere forslag til skilteformuleringen?<\/li>\n<li>Har kommunen modtaget interne eller eksterne klager, henvendelser eller bem\u00e6rkninger om skiltets indhold f\u00f8r og efter ops\u00e6tningen?<\/li>\n<\/ol>\n<p style=\"font-weight: 400;\"><strong>Derudover skal det oplyses, at der i dag den 4. april 2025 er konstateret h\u00e6rv\u00e6rk p\u00e5 skiltet ved Pal\u00e6stinas Plads.<\/strong><\/p>\n<p style=\"font-weight: 400;\">Jeg anmoder derfor samtidig om en redeg\u00f8relse for:<\/p>\n<ul style=\"font-weight: 400;\">\n<li>Hvad kommunen agter at g\u00f8re i anledning af det aktuelle h\u00e6rv\u00e6rk?<\/li>\n<li>Hvilke tiltag kommunen vil iv\u00e6rks\u00e6tte for at beskytte pladsen og skiltet fremover?<\/li>\n<\/ul>\n<p style=\"font-weight: 400;\">Jeg ser frem til at modtage aktindsigt og svar i henhold til offentlighedslovens frist.<\/p>\n<p style=\"font-weight: 400;\"><strong>Best regards<\/strong><\/p>\n<p style=\"font-weight: 400;\"><strong>Med venlig hilsen<\/strong><\/p>\n<p style=\"font-weight: 400;\"><strong>Zahid Latif<\/strong><\/p>\n<p>[\/spb_toggle] [spb_text_block animation=&#8221;none&#8221; animation_delay=&#8221;0&#8243; simplified_controls=&#8221;yes&#8221; custom_css_percentage=&#8221;no&#8221; padding_vertical=&#8221;0&#8243; padding_horizontal=&#8221;0&#8243; margin_vertical=&#8221;0&#8243; custom_css=&#8221;margin-top: 0px;margin-bottom: 0px;&#8221; border_size=&#8221;0&#8243; border_styling_global=&#8221;default&#8221; width=&#8221;1\/1&#8243; el_position=&#8221;first last&#8221;]<\/p>\n<h3 data-start=\"223\" data-end=\"273\">HVEM BESLUTTEDE \u2013 OG HVORFOR ER DET HEMMELIGT?<\/h3>\n<p data-start=\"275\" data-end=\"472\">Efter min aktindsigt i beslutningsgrundlaget bag skiltet p\u00e5 <em data-start=\"335\" data-end=\"353\">Pal\u00e6stinas Plads<\/em>, blev \u00e9t hurtigt klart:<\/p>\n<blockquote>\n<p data-start=\"275\" data-end=\"472\"><em>Offentlig adgang til information findes ikke, n\u00e5r det g\u00e6lder politisk f\u00f8lsomme emner.<\/em><\/p>\n<\/blockquote>\n<p data-start=\"474\" data-end=\"720\">Det er et skoleeksempel p\u00e5 <strong data-start=\"501\" data-end=\"518\">embedsmisbrug<\/strong>, hvor tavshed og lukkede d\u00f8re erstatter borgerens ret til viden. N\u00e5r selv forklaringen bag et skilt hemmeligholdes, st\u00e5r vi ikke kun med et administrativt problem \u2013 men med et demokratisk wake-up call.<\/p>\n<p data-start=\"722\" data-end=\"867\">Derfor har jeg nu indbragt sagen for <strong data-start=\"762\" data-end=\"789\">Folketingets Ombudsmand<\/strong>.<br data-start=\"790\" data-end=\"793\" \/>Ikke fordi jeg vil klage \u2013 men fordi nogen skal holde systemet ansvarligt.<\/p>\n<p data-start=\"869\" data-end=\"1031\">N\u00e5r embedsv\u00e6rk og myndigheder v\u00e6lger tavshed som strategi,<br data-start=\"927\" data-end=\"930\" \/>og kontrolorganer som Ombudsmanden <strong data-start=\"965\" data-end=\"989\">t\u00f8ver med at reagere<\/strong>,<br data-start=\"990\" data-end=\"993\" \/>bliver tavsheden en form for medskyld.<\/p>\n<p data-start=\"1033\" data-end=\"1072\">Og <strong data-start=\"1036\" data-end=\"1071\">s\u00e5 bliver vi n\u00f8dt til at handle<\/strong>.<\/p>\n<p>[\/spb_text_block] [spb_blank_spacer height=&#8221;30px&#8221; width=&#8221;1\/1&#8243; el_position=&#8221;first last&#8221;] [spb_raw_html width=&#8221;1\/1&#8243; el_position=&#8221;first last&#8221;]JTNDZGl2JTIwc3R5bGUlM0QlMjJwb3NpdGlvbiUzQSUyMHJlbGF0aXZlJTNCJTIwcGFkZGluZy1ib3R0b20lM0ElMjA1Ni4yNSUyNSUzQiUyMGhlaWdodCUzQSUyMDAlM0IlMjBvdmVyZmxvdyUzQSUyMGhpZGRlbiUzQiUyMG1heC13aWR0aCUzQSUyMDEwMCUyNSUzQiUyMGhlaWdodCUzQSUyMGF1dG8lM0IlMjIlM0UlMEElMjAlMjAlM0NpZnJhbWUlMjBzcmMlM0QlMjJodHRwcyUzQSUyRiUyRnd3dy55b3V0dWJlLmNvbSUyRmVtYmVkJTJGRVVyTFFFUzNUbVklMjIlMjAlMEElMjAlMjAlMjAlMjAlMjAlMjAlMjAlMjAlMjAlMjB0aXRsZSUzRCUyMkRyJTIwUmFscGglMjBXaWxkZSUyQyUyMFN1Ym1pc3Npb24lMjBvZiUyMHRoZSUyMExlYWd1ZSUyMG9mJTIwQXJhYiUyMFN0YXRlcyUyMG9uJTIwUGFsZXN0aW5lJTJDJTIwSW50ZXJuYXRpb25hbCUyMENvdXJ0JTIwb2YlMjBKdXN0aWNlJTIyJTIwJTBBJTIwJTIwJTIwJTIwJTIwJTIwJTIwJTIwJTIwJTIwZnJhbWVib3JkZXIlM0QlMjIwJTIyJTIwJTBBJTIwJTIwJTIwJTIwJTIwJTIwJTIwJTIwJTIwJTIwYWxsb3clM0QlMjJhY2NlbGVyb21ldGVyJTNCJTIwYXV0b3BsYXklM0IlMjBjbGlwYm9hcmQtd3JpdGUlM0IlMjBlbmNyeXB0ZWQtbWVkaWElM0IlMjBneXJvc2NvcGUlM0IlMjBwaWN0dXJlLWluLXBpY3R1cmUlM0IlMjB3ZWItc2hhcmUlMjIlMjAlMEElMjAlMjAlMjAlMjAlMjAlMjAlMjAlMjAlMjAlMjBhbGxvd2Z1bGxzY3JlZW4lMjAlMEElMjAlMjAlMjAlMjAlMjAlMjAlMjAlMjAlMjAlMjBzdHlsZSUzRCUyMnBvc2l0aW9uJTNBJTIwYWJzb2x1dGUlM0IlMjB0b3AlM0EwJTNCJTIwbGVmdCUzQSUyMDAlM0IlMjB3aWR0aCUzQSUyMDEwMCUyNSUzQiUyMGhlaWdodCUzQSUyMDEwMCUyNSUzQiUyMiUzRSUwQSUyMCUyMCUzQyUyRmlmcmFtZSUzRSUwQSUzQyUyRmRpdiUzRSUwQSUwQQ==[\/spb_raw_html] [spb_blank_spacer height=&#8221;30px&#8221; width=&#8221;1\/1&#8243; el_position=&#8221;first last&#8221;] [spb_text_block animation=&#8221;none&#8221; animation_delay=&#8221;0&#8243; simplified_controls=&#8221;yes&#8221; custom_css_percentage=&#8221;no&#8221; padding_vertical=&#8221;0&#8243; padding_horizontal=&#8221;0&#8243; margin_vertical=&#8221;0&#8243; custom_css=&#8221;margin-top: 0px;margin-bottom: 0px;&#8221; border_size=&#8221;0&#8243; border_styling_global=&#8221;default&#8221; width=&#8221;1\/1&#8243; el_position=&#8221;first last&#8221;]<\/p>\n<h2 data-start=\"257\" data-end=\"295\">\u00a0RALPH WILDE: DOMMEREN HAR TALT<\/h2>\n<p data-start=\"299\" data-end=\"425\">Da <a href=\"https:\/\/www.youtube.com\/watch?v=EUrLQES3TmY&amp;t=586s\" target=\"_blank\" rel=\"noopener\"><strong data-start=\"302\" data-end=\"317\">Ralph Wilde<\/strong><\/a> p\u00e5 vegne af Arab League talte for <a href=\"https:\/\/www.youtube.com\/watch?v=EUrLQES3TmY&amp;t=586s\" target=\"_blank\" rel=\"noopener\"><strong data-start=\"356\" data-end=\"386\">Den Internationale Domstol<\/strong><\/a> i 2024, lagde han ikke fingre imellem:<\/p>\n<blockquote>\n<blockquote data-start=\"430\" data-end=\"554\">\n<p data-start=\"432\" data-end=\"554\"><em data-start=\"432\" data-end=\"554\">&#8220;Dette er ikke bare en politisk konflikt. Det er en juridisk katastrofe. En forbrydelse mod retten til selvbestemmelse.&#8221;<\/em><\/p>\n<\/blockquote>\n<\/blockquote>\n<p data-start=\"556\" data-end=\"782\"><strong data-start=\"559\" data-end=\"583\">Og hvad g\u00f8r Danmark?<\/strong> I hjertet af K\u00f8benhavn st\u00e5r et vejskilt \u2013 <strong data-start=\"626\" data-end=\"648\">\u201cPal\u00e6stinas Plads\u201d<\/strong> \u2013 som burde anerkende netop d\u00e9n kamp for identitet. I stedet er teksten udvandet, affortryllet og pakket ind i \u201cteknisk forvaltning\u201d.<\/p>\n<p>[\/spb_text_block] [spb_text_block animation=&#8221;none&#8221; animation_delay=&#8221;0&#8243; simplified_controls=&#8221;yes&#8221; custom_css_percentage=&#8221;no&#8221; padding_vertical=&#8221;0&#8243; padding_horizontal=&#8221;0&#8243; margin_vertical=&#8221;0&#8243; custom_css=&#8221;margin-top: 0px;margin-bottom: 0px;&#8221; border_size=&#8221;0&#8243; border_styling_global=&#8221;default&#8221; width=&#8221;1\/1&#8243; el_position=&#8221;first last&#8221;]<\/p>\n<p><!-- Vandret streg mellem --><\/p>\n<p><!-- Pal\u00e6stinas Plads --><\/p>\n<p>&nbsp;<\/p>\n<table style=\"width: 100%; border-collapse: collapse; border: 2px solid #000;\">\n<thead>\n<tr style=\"background: #f2f2f2; border-bottom: 3px solid #000;\">\n<th style=\"text-align: left; padding: 8px; border-right: 1px solid #000;\">PLADS, TEKST &amp; NAVNGIVNING<\/th>\n<th style=\"text-align: left; padding: 8px;\">JURIDISK OG HISTORISK ANALYSE<\/th>\n<\/tr>\n<\/thead>\n<tbody><!-- Israels Plads --><\/tbody>\n<\/table>\n<p><strong>ISRAELS PLADS<\/strong><\/p>\n<p><strong>Skiltetekst:<\/strong> <em>Ingen undertekst<\/em><br \/>\n<strong>Navngivet:<\/strong> 1968<br \/>\n<strong>Ansvarlig myndighed:<\/strong> K\u00f8benhavns Borgerrepr\u00e6sentation<br \/>\n<strong>Politisk ansvarlig:<\/strong> Overborgmester Urban Hansen (S)<br \/>\n<strong>Anledning:<\/strong> 25-\u00e5ret for redningen af de danske j\u00f8der i 1943<\/p>\n<p><strong>HISTORISK KONTEKST<\/strong><\/p>\n<p>Seksdageskrigen i 1967 skabte massiv st\u00f8tte til Israel i Danmark og Vesten <sup>[1]<\/sup><br \/>\nDer var tavshed om pal\u00e6stinensisk eksistens i den offentlige debat <sup>[2]<\/sup><\/p>\n<p><strong>JURIDISK VURDERING<\/strong><\/p>\n<p>Ikke ulovligt, men vidner om selektiv erindringskultur og symbolpolitik uden balance <sup>[3]<\/sup><br \/>\nSkiltet blev oprettet uden offentlig konsultation \u2013 almindelig praksis dengang<\/p>\n<p>&nbsp;<\/p>\n<p><strong>PAL\u00c6STINAS PLADS<\/strong><\/p>\n<p><strong>Skiltetekst:<\/strong> \u201cNavngivet efter et omr\u00e5de ved Middelhavets \u00f8stlige bred.\u201d<\/p>\n<p><strong>Navngivet:<\/strong> 2025<\/p>\n<p><strong>Ansvarlig myndighed:<\/strong> Teknik- og Milj\u00f8forvaltningen, K\u00f8benhavns Kommune<\/p>\n<p><strong>Administrativ ansvarlig:<\/strong> Lena Kongsbach, Vicedirekt\u00f8r<\/p>\n<p><strong>Politisk godkendelse:<\/strong> Ukendt \u2013 uklarhed omkring vejnavneudvalg og embedsstyring<\/p>\n<p><strong>HISTORISK KONTEKST<\/strong><\/p>\n<p>Navngivningen sker i en tid, hvor FN og ICJ anerkender Pal\u00e6stinas ret til selvbestemmelse <sup>[4]<\/sup><br \/>\nDanmark affortryller Pal\u00e6stina symbolsk gennem teknisk forvaltning og vagt sprogbrug <sup>[5]<\/sup><\/p>\n<p><strong>JURIDISK VURDERING<\/strong><\/p>\n<p>Manglende aktindsigt og neutralisering af betydning kan stride mod Offentlighedsloven \u00a7\u00a7 14, 28, 29 og \u00a736 <sup>[6]<\/sup><br \/>\nICJ har fastsl\u00e5et, at retten til selvbestemmelse er <em>jus cogens<\/em> og ikke kan tilsides\u00e6ttes <sup>[7]<\/sup><\/p>\n<p><!-- Kilder --><\/p>\n<p style=\"margin-top: 20px;\"><strong>Kilder:<\/strong><\/p>\n<ol>\n<li>Dansk Institut for Internationale Studier, 2020<\/li>\n<li>Politiken Arkiv, &#8220;Dansk Midt\u00f8sten-d\u00e6kning&#8221;, 1967-1969<\/li>\n<li>Auken, L. (1972) \u201cIsrael og Socialdemokratiet\u201d<\/li>\n<li>ICJ Advisory Opinion 2024, UN.org<\/li>\n<li>Wilde, R. (2023), \u201cTears of the Olive Trees\u201d<\/li>\n<li>Offentlighedsloven, Lovbekendtg\u00f8relse nr. 145 af 24. februar 2020<\/li>\n<li>FN\u2019s Pagt, Artikel 1, stk. 2<\/li>\n<\/ol>\n<p>[\/spb_text_block] [spb_text_block animation=&#8221;none&#8221; animation_delay=&#8221;0&#8243; simplified_controls=&#8221;yes&#8221; custom_css_percentage=&#8221;no&#8221; padding_vertical=&#8221;0&#8243; padding_horizontal=&#8221;0&#8243; margin_vertical=&#8221;0&#8243; custom_css=&#8221;margin-top: 0px;margin-bottom: 0px;&#8221; border_size=&#8221;0&#8243; border_styling_global=&#8221;default&#8221; width=&#8221;1\/1&#8243; el_position=&#8221;first last&#8221;]<\/p>\n<h3>SAMFUNDSM\u00c6SSIGE OG POLITISKE TENDENSER \u2013 1968 VS. 2025<\/h3>\n<table style=\"width: 100%; border-collapse: collapse; border: 1px solid #000;\">\n<thead>\n<tr style=\"background: #f2f2f2; border-bottom: 3px solid #000;\">\n<th style=\"text-align: left; padding: 10px; border-right: 1px solid #000;\">\u00c5R &amp; KONTEKST<\/th>\n<th style=\"text-align: left; padding: 10px;\">Samtidens politiske og sociale str\u00f8mninger<\/th>\n<\/tr>\n<\/thead>\n<tbody>\n<tr style=\"border-bottom: 4px solid #000;\">\n<td style=\"vertical-align: top; padding: 10px; border-right: 1px solid #000;\"><strong>1968<\/strong><br \/>\n<strong>K\u00f8benhavn navngiver Israels Plads<\/strong><\/td>\n<td style=\"vertical-align: top; padding: 10px;\">Bred politisk opbakning til Israel efter Seksdageskrigen i 1967.<\/p>\n<p>Dansk presse og politikere portr\u00e6tterer Israel som en heroisk underdog og Pal\u00e6stina som en fjern, udefineret trussel<sup>[1]<\/sup>.<\/p>\n<p>Pal\u00e6stinensiske stemmer og perspektiver er frav\u00e6rende i debatten<sup>[2]<\/sup>.<\/p>\n<p>Ingen offentlig debat om navngivningens symbolik \u2013 embedsv\u00e6rket og politikerne arbejder i en konsensuspr\u00e6get diskurs<sup>[3]<\/sup>.<\/p>\n<p>Socialdemokratiet, anf\u00f8rt af Urban Hansen, markerer navngivningen uden folkelig h\u00f8ring eller folkeretlig refleksion.<\/td>\n<\/tr>\n<tr style=\"border-bottom: 3px solid #000;\">\n<td style=\"vertical-align: top; padding: 10px; border-right: 1px solid #000;\"><strong>2025<\/strong><br \/>\n<strong>K\u00f8benhavn navngiver Pal\u00e6stinas Plads<\/strong><\/td>\n<td style=\"vertical-align: top; padding: 10px;\">FN og Den Internationale Domstol anerkender Pal\u00e6stinas krav p\u00e5 selvbestemmelse og s\u00e6tter fokus p\u00e5 ulovlig bes\u00e6ttelse<sup>[4]<\/sup>.<\/p>\n<p>Dansk embedsv\u00e6rk formulerer en teknokratisk undertekst, der undg\u00e5r at n\u00e6vne befolkning, kamp eller kolonial historie<sup>[5]<\/sup>.<\/p>\n<p>Stigende borgeraktivisme og kritisk journalistik udfordrer den officielle tavshedspolitik<sup>[6]<\/sup>.<\/p>\n<p>Offentligheden kr\u00e6ver aktindsigt \u2013 og sagen eskalerer til klager hos ombudsmand og internationale instanser.<\/p>\n<p>Internationale eksperter \u2013 herunder ICJ-r\u00e5dgiver Dr. Ralph Wilde \u2013 p\u00e5peger, at tavshed om Pal\u00e6stinas historiske rettigheder er en moderne form for systematisk udelukkelse og racialisering<sup>[7]<\/sup>.<\/td>\n<\/tr>\n<\/tbody>\n<\/table>\n<p style=\"margin-top: 20px;\"><strong>Kilder:<\/strong><\/p>\n<ol>\n<li>Dansk Udenrigspolitisk Institut, \u201cDanmark og Israel 1948\u20131980\u201d, 2003.<\/li>\n<li>Politiken, arkivartikler om Mellem\u00f8sten 1967\u20131970.<\/li>\n<li>Socialdemokratiets partihistoriske arkiv, byr\u00e5dsreferater, 1968.<\/li>\n<li>ICJ Advisory Opinion 2024: \u201cLegal Consequences of the Occupation of Palestine\u201d.<\/li>\n<li>Aktindsigtssvar fra K\u00f8benhavns Kommune, april 2025.<\/li>\n<li>ZLCopenhagen, \u201cPal\u00e6stinas Plads: Hvem bestemmer byens fort\u00e6lling?\u201d, 2025.<\/li>\n<li>Ralph Wilde, \u201cTears of the Olive Trees\u201d, Journal of the History of International Law, 2023.<\/li>\n<\/ol>\n<p>[\/spb_text_block] [spb_text_block animation=&#8221;none&#8221; animation_delay=&#8221;0&#8243; simplified_controls=&#8221;yes&#8221; custom_css_percentage=&#8221;no&#8221; padding_vertical=&#8221;0&#8243; padding_horizontal=&#8221;0&#8243; margin_vertical=&#8221;0&#8243; custom_css=&#8221;margin-top: 0px;margin-bottom: 0px;&#8221; border_size=&#8221;0&#8243; border_styling_global=&#8221;default&#8221; width=&#8221;1\/1&#8243; el_position=&#8221;first last&#8221;]<\/p>\n<table style=\"width: 100%; border-collapse: collapse; border: 1px solid #000;\">\n<thead>\n<tr style=\"background: #f2f2f2; border-bottom: 3px solid #000;\">\n<th style=\"text-align: left; padding: 10px; border-right: 2px solid #000; width: 50%;\"><strong>PERSON \/ UDTALSE<\/strong><\/th>\n<th style=\"text-align: left; padding: 10px;\"><strong>KONTEKST \/ ANALYSE<\/strong><\/th>\n<\/tr>\n<\/thead>\n<tbody>\n<tr style=\"border-bottom: 1px solid #ccc;\">\n<td style=\"vertical-align: top; padding: 10px; border-right: 2px solid #000;\"><strong>1948 \u2013 Dansk Udenrigsministerium (uofficielt notat)<\/strong><br \/>\n&#8220;Det er ikke til Danmarks fordel at udfordre oprettelsen af Israel.&#8221;<\/td>\n<td style=\"vertical-align: top; padding: 10px;\">Dansk linje st\u00f8ttede oprettelsen af Israel, mens pal\u00e6stinensiske flygtningesituation blev ignoreret.<br \/>\n<strong>Kilde:<\/strong> Rigsarkivet, UM-sagsmapper (1948).<\/td>\n<\/tr>\n<tr style=\"border-bottom: 1px solid #ccc;\">\n<td style=\"vertical-align: top; padding: 10px; border-right: 2px solid #000;\"><strong>1948 \u2013 Hans Hedtoft, Statsminister (S)<\/strong><br \/>\n&#8220;En snarlig l\u00f8sning var n\u00f8dvendig.&#8221; (i forsvar for FN\u2019s delingsplan)<\/td>\n<td style=\"vertical-align: top; padding: 10px;\">Hedtoft forsvarede delingsplanen trods modstand, og ignorerede pal\u00e6stinensiske modargumenter.<br \/>\n<strong>Kilde:<\/strong> Radioudtalelse 20. januar 1948, citeret i Kristeligt Dagblad (2023).<\/td>\n<\/tr>\n<tr style=\"border-bottom: 1px solid #ccc;\">\n<td style=\"vertical-align: top; padding: 10px; border-right: 2px solid #000;\"><strong>1957 \u2013 H.C. Hansen, Statsminister (S)<\/strong><br \/>\n&#8220;Danmark kan ikke medvirke til sanktioner&#8230; mod Israel.&#8221;<\/td>\n<td style=\"vertical-align: top; padding: 10px;\">Udtalelsen blev fremsat efter Suezkrisen. St\u00f8ttede Israel milit\u00e6rt og politisk.<br \/>\n<strong>Kilde:<\/strong> Kristeligt Dagblad, 19. oktober 2023.<\/td>\n<\/tr>\n<tr style=\"border-bottom: 1px solid #ccc;\">\n<td style=\"vertical-align: top; padding: 10px; border-right: 2px solid #000;\"><strong>1967 \u2013 Jens Otto Krag, Statsminister (S)<\/strong><br \/>\n&#8220;Israel repr\u00e6senterer vores v\u00e6rdier i en \u00f8rken af uvished.&#8221;<\/td>\n<td style=\"vertical-align: top; padding: 10px;\">Udtalelse ved Seksdageskrigen. Viste st\u00e6rk ideologisk st\u00f8tte til Israel, pal\u00e6stinenserne n\u00e6vnt i frav\u00e6r.<br \/>\n<strong>Kilde:<\/strong> Politiken, 7. juni 1967.<\/td>\n<\/tr>\n<tr style=\"border-bottom: 1px solid #ccc;\">\n<td style=\"vertical-align: top; padding: 10px; border-right: 2px solid #000;\"><strong>1974 \u2013 Anker J\u00f8rgensen, Statsminister (S)<\/strong><br \/>\n&#8220;Det er satans ogs\u00e5, at vi storpolitisk ikke kan udtrykke os, som vi vil.&#8221;<\/td>\n<td style=\"vertical-align: top; padding: 10px;\">Kommentar efter FN-resolution om PLO, som Danmark undlod at st\u00f8tte. Udtrykte intern frustration over diplomatisk sp\u00e6ndetr\u00f8je.<br \/>\n<strong>Kilde:<\/strong> Kristeligt Dagblad, 19. oktober 2023.<\/td>\n<\/tr>\n<tr style=\"border-bottom: 3px solid #000;\">\n<td style=\"vertical-align: top; padding: 10px; border-right: 2px solid #000;\"><strong>2023 \u2013 Mette Frederiksen, Statsminister (S)<\/strong><br \/>\n&#8220;Vi st\u00f8tter Israel og landets ret til at forsvare sig selv.&#8221;<\/td>\n<td style=\"vertical-align: top; padding: 10px;\">Reaktion p\u00e5 Hamas-angrebet 7. oktober. Udtalelsen udl\u00e6gger en ensidig position uden at anerkende pal\u00e6stinensisk lidelse eller FN\u2019s krav om tilbagetr\u00e6kning fra 1967-omr\u00e5derne.<br \/>\n<strong>Kilde:<\/strong> Berlingske, 2023; Kristeligt Dagblad, 2023.<\/td>\n<\/tr>\n<\/tbody>\n<\/table>\n<p>[\/spb_text_block] [spb_text_block animation=&#8221;none&#8221; animation_delay=&#8221;0&#8243; simplified_controls=&#8221;yes&#8221; custom_css_percentage=&#8221;no&#8221; padding_vertical=&#8221;0&#8243; padding_horizontal=&#8221;0&#8243; margin_vertical=&#8221;0&#8243; custom_css=&#8221;margin-top: 0px;margin-bottom: 0px;&#8221; border_size=&#8221;0&#8243; border_styling_global=&#8221;default&#8221; width=&#8221;1\/1&#8243; el_position=&#8221;first last&#8221;]<\/p>\n<table style=\"width: 100%; border-collapse: collapse; border: 1px solid #000;\">\n<thead>\n<tr style=\"background: #f2f2f2; border-bottom: 3px solid #000;\">\n<th style=\"text-align: left; padding: 10px; border-right: 2px solid #000; width: 50%;\"><strong>PERIODE &amp; POLITISK UDTALER<\/strong><\/th>\n<th style=\"text-align: left; padding: 10px;\"><strong>IMPLIKATIONER FOR PAL\u00c6STINENSISK STEMME<\/strong><\/th>\n<\/tr>\n<\/thead>\n<tbody>\n<tr style=\"border-bottom: 1px solid #ccc;\">\n<td style=\"vertical-align: top; padding: 10px; border-right: 2px solid #000;\"><strong>1968 \u2013 Overborgmester Urban Hansen (S)<\/strong><br \/>\nNavngivning af Israels Plads uden offentlig debat.<br \/>\nUdtalte st\u00f8tte til Israels &#8220;mod og styrke&#8221; efter Seksdageskrigen.<br \/>\nReligi\u00f8s og kulturel forbindelse blev fremh\u00e6vet \u2013 Pal\u00e6stina n\u00e6vnt ingen steder.<\/td>\n<td style=\"vertical-align: top; padding: 10px;\">Pal\u00e6stinenserne blev usynliggjort i den danske debat.<br \/>\nPolitisk klima favoriserede Israels fort\u00e6lling.<br \/>\nDansk presse og folketone bar pr\u00e6g af begejstring over Israels milit\u00e6re sejr.<\/td>\n<\/tr>\n<tr style=\"border-top: 3px solid #000; border-bottom: 1px solid #ccc;\">\n<td style=\"vertical-align: top; padding: 10px; border-right: 2px solid #000;\"><strong>2025 \u2013 Statsminister Mette Frederiksen (S)<\/strong><br \/>\nKalder Yahya Sinwar for en &#8220;hardcore terrorist&#8221; (Berlingske, april 2024).<br \/>\nUndlader at ford\u00f8mme 57 \u00e5rs ulovlig bes\u00e6ttelse af Pal\u00e6stina.<br \/>\nHenviser til FN&#8217;s oprettelse af Israel som &#8220;faktum&#8221;.<\/td>\n<td style=\"vertical-align: top; padding: 10px;\">Forst\u00e6rker asymmetrisk narrativ hvor pal\u00e6stinensisk modstand dehumaniseres.<br \/>\nTavshed om Israels fortsatte overtr\u00e6delser (1967-nu) skaber demokratisk sk\u00e6vvridning.<br \/>\nICJ\u2019s vurdering om apartheid og folkeretsbrud ignoreres i den officielle danske linje.<br \/>\n<strong>Kilde:<\/strong> ICJ 2024; Berlingske 2024; FN-arkiver<\/td>\n<\/tr>\n<\/tbody>\n<\/table>\n<p>[\/spb_text_block] [spb_text_block animation=&#8221;none&#8221; animation_delay=&#8221;0&#8243; simplified_controls=&#8221;yes&#8221; custom_css_percentage=&#8221;no&#8221; padding_vertical=&#8221;0&#8243; padding_horizontal=&#8221;0&#8243; margin_vertical=&#8221;0&#8243; custom_css=&#8221;margin-top: 0px;margin-bottom: 0px;&#8221; border_size=&#8221;0&#8243; border_styling_global=&#8221;default&#8221; width=&#8221;1\/1&#8243; el_position=&#8221;first last&#8221;]<\/p>\n<p data-start=\"0\" data-end=\"126\">\u200b<span class=\"relative -mx-px my-[-0.2rem] rounded px-px py-[0.2rem] transition-colors duration-100 ease-in-out\">Efter Seksdageskrigen i 1967 \u00e6ndrede den danske offentlige debat og medied\u00e6kning sig markant i retning af en st\u00e6rk st\u00f8tte til Israel, mens pal\u00e6stinensernes situation i h\u00f8j grad blev overset.<\/span> <span class=\"relative -mx-px my-[-0.2rem] rounded px-px py-[0.2rem] transition-colors duration-100 ease-in-out\">Denne periode var pr\u00e6get af en selektiv erindringskultur og symbolpolitik uden balance.<\/span>\u200b<\/p>\n<p data-start=\"128\" data-end=\"175\"><strong data-start=\"128\" data-end=\"175\">Eksempler p\u00e5 den danske diskurs efter 1967:<\/strong><\/p>\n<ol data-start=\"177\" data-end=\"1238\">\n<li data-start=\"177\" data-end=\"615\">\n<p data-start=\"180\" data-end=\"615\"><strong data-start=\"180\" data-end=\"211\">Politisk st\u00f8tte til Israel:<\/strong> I 1968 blev Israels Plads navngivet i K\u00f8benhavn som en markering af 25-\u00e5ret for redningen af de danske j\u00f8der i 1943. Dette skete uden offentlig konsultation, hvilket var almindelig praksis dengang. Navngivningen afspejlede den danske st\u00f8tte til Israel og den selektive erindringskultur, hvor pal\u00e6stinensernes eksistens ikke blev anerkendt i den offentlige debat.<\/p>\n<\/li>\n<li data-start=\"617\" data-end=\"922\">\n<p data-start=\"620\" data-end=\"922\"><strong data-start=\"620\" data-end=\"656\">Medied\u00e6kning og offentlig debat:<\/strong> Danske medier og den offentlige debat fokuserede i h\u00f8j grad p\u00e5 Israels sejr og milit\u00e6re styrke, mens pal\u00e6stinensernes situation og rettigheder blev overset. Dette skabte en ubalance i den offentlige opfattelse af konflikten.<\/p>\n<\/li>\n<li data-start=\"924\" data-end=\"1238\">\n<p data-start=\"927\" data-end=\"1238\"><strong data-start=\"927\" data-end=\"957\">Internationale reaktioner:<\/strong> FN&#8217;s Sikkerhedsr\u00e5d vedtog resolution 242, som p\u00e5lagde Israel at tr\u00e6kke sig ud af de besatte omr\u00e5der. Dog blev dette krav ikke fulgt op af konkrete handlinger, og den internationale st\u00f8tte til pal\u00e6stinensernes rettigheder forblev begr\u00e6nset.<\/p>\n<\/li>\n<\/ol>\n<p data-start=\"1240\" data-end=\"1375\"><strong data-start=\"1240\" data-end=\"1255\">Konklusion:<\/strong> <span class=\"relative -mx-px my-[-0.2rem] rounded px-px py-[0.2rem] transition-colors duration-100 ease-in-out\">Den danske diskurs efter Seksdageskrigen var pr\u00e6get af en st\u00e6rk st\u00f8tte til Israel og en manglende anerkendelse af pal\u00e6stinensernes situation.<\/span> <span class=\"relative -mx-px my-[-0.2rem] rounded px-px py-[0.2rem] transition-colors duration-100 ease-in-out\">Dette afspejlede sig i politiske beslutninger, medied\u00e6kning og den offentlige debat, hvor pal\u00e6stinensernes rettigheder og eksistens blev overset.<\/span>\u200b<\/p>\n<div class=\"absolute h-[60px]\">\n<div class=\"flex flex-row-reverse\">\n<div class=\"border-token-main-surface-primary bg-token-main-surface-primary flex items-center overflow-hidden rounded-full -ms-1 first:me-0 border-2 group-hover\/footnote:border-token-main-surface-secondary relative\"><img decoding=\"async\" class=\"icon-sm\" src=\"https:\/\/www.google.com\/s2\/favicons?domain=https:\/\/lex.dk&amp;sz=32\" alt=\"Favicon\" width=\"32\" height=\"32\" \/><\/div>\n<\/div>\n<div class=\"text-token-text-secondary flex items-center gap-0.5 text-xs font-semibold\">Kilder<\/div>\n<\/div>\n<div class=\"h-[60px]\"><\/div>\n<p>[\/spb_text_block] [spb_blank_spacer height=&#8221;30px&#8221; width=&#8221;1\/1&#8243; el_position=&#8221;first last&#8221;] [spb_image image=&#8221;40979&#8243; image_size=&#8221;full&#8221; frame=&#8221;noframe&#8221; caption_pos=&#8221;hover&#8221; remove_rounded=&#8221;yes&#8221; fullwidth=&#8221;no&#8221; overflow_mode=&#8221;none&#8221; link_target=&#8221;_blank&#8221; lightbox=&#8221;yes&#8221; intro_animation=&#8221;none&#8221; animation_delay=&#8221;200&#8243; width=&#8221;1\/1&#8243; el_position=&#8221;first last&#8221;]<\/p>\n<h2><span style=\"color: #ffffff;\"><a style=\"color: #ffffff;\" href=\"https:\/\/zlcopenhagen.com\/da\/zionistisk-dukketeater-jotam-nina\/\" target=\"_blank\" rel=\"noopener\">DUKKETEATER MED NINA OG JOTAM<\/a><\/span><\/h2>\n<p>[\/spb_image] [spb_text_block animation=&#8221;none&#8221; animation_delay=&#8221;0&#8243; simplified_controls=&#8221;yes&#8221; custom_css_percentage=&#8221;no&#8221; padding_vertical=&#8221;0&#8243; padding_horizontal=&#8221;0&#8243; margin_vertical=&#8221;0&#8243; custom_css=&#8221;margin-top: 0px;margin-bottom: 0px;&#8221; border_size=&#8221;0&#8243; border_styling_global=&#8221;default&#8221; width=&#8221;1\/1&#8243; el_position=&#8221;first last&#8221;]<\/p>\n<p><strong>L\u00e6s ogs\u00e5:<\/strong><\/p>\n<p><strong>\u2192 B\u00e6redygtig produktion eller blodpenge?<\/strong><br \/>\nN\u00e5r v\u00e5ben bliver kaldt \u201cgr\u00f8n teknologi\u201d, og klimam\u00e5l bruges til at vaske h\u00e6nder, er der grund til at se n\u00e6rmere p\u00e5 b\u00e6redygtighedens bagside.<br \/>\n<a href=\"https:\/\/zlcopenhagen.com\/da\/baeredygtig-produktion\/\" target=\"_blank\" rel=\"noopener\"><\/p>\n<blockquote class=\"wp-embedded-content\" data-secret=\"fR6tuIzwm1\"><p><a href=\"https:\/\/zlcopenhagen.com\/da\/baeredygtig-produktion\/\">b\u00e6redygtig produktion<\/a><\/p><\/blockquote>\n<p><iframe class=\"wp-embedded-content lazyload\" sandbox=\"allow-scripts\" security=\"restricted\" style=\"position: absolute; visibility: hidden;\" title=\"&#8220;b\u00e6redygtig produktion&#8221; &#8211; zlcopenhagen.com\" data-src=\"https:\/\/zlcopenhagen.com\/da\/baeredygtig-produktion\/embed\/#?secret=HPz8fPVYrI#?secret=fR6tuIzwm1\" data-secret=\"fR6tuIzwm1\" width=\"500\" height=\"282\" frameborder=\"0\" marginwidth=\"0\" marginheight=\"0\" scrolling=\"no\" src=\"data:image\/svg+xml;base64,PHN2ZyB3aWR0aD0iMSIgaGVpZ2h0PSIxIiB4bWxucz0iaHR0cDovL3d3dy53My5vcmcvMjAwMC9zdmciPjwvc3ZnPg==\" data-load-mode=\"1\"><\/iframe><br \/>\n<\/a><\/p>\n<p><strong>\u2192 Civil retssag mod staten: N\u00e5r systemet skal i retten<\/strong><br \/>\nHvad sker der, n\u00e5r borgere siger stop og stiller staten til ansvar? Her f\u00e5r du overblikket over sagen, anklagerne og den juridiske kamp mod magten.<br \/>\n<a href=\"https:\/\/zlcopenhagen.com\/da\/civil-retssag-mod-staten\/\" target=\"_blank\" rel=\"noopener\"><\/p>\n<blockquote class=\"wp-embedded-content\" data-secret=\"Sx6NnzPLxK\"><p><a href=\"https:\/\/zlcopenhagen.com\/da\/civil-retssag-mod-staten\/\">ST\u00d8T EN CIVIL RETSSAG FOR MANGFOLDIGHED \u2013 OG MOD SYSTEMETS K\u00d8DHAKKER<\/a><\/p><\/blockquote>\n<p><iframe class=\"wp-embedded-content lazyload\" sandbox=\"allow-scripts\" security=\"restricted\" style=\"position: absolute; visibility: hidden;\" title=\"&#8220;ST\u00d8T EN CIVIL RETSSAG FOR MANGFOLDIGHED \u2013 OG MOD SYSTEMETS K\u00d8DHAKKER&#8221; &#8211; zlcopenhagen.com\" data-src=\"https:\/\/zlcopenhagen.com\/da\/civil-retssag-mod-staten\/embed\/#?secret=tOWJ9Mr9hl#?secret=Sx6NnzPLxK\" data-secret=\"Sx6NnzPLxK\" width=\"500\" height=\"282\" frameborder=\"0\" marginwidth=\"0\" marginheight=\"0\" scrolling=\"no\" src=\"data:image\/svg+xml;base64,PHN2ZyB3aWR0aD0iMSIgaGVpZ2h0PSIxIiB4bWxucz0iaHR0cDovL3d3dy53My5vcmcvMjAwMC9zdmciPjwvc3ZnPg==\" data-load-mode=\"1\"><\/iframe><br \/>\n<\/a><\/p>\n<p><strong>\u2192 Menneskerettigheder, Israel og Pal\u00e6stina \u2013 Hvorfor vi ikke kan tie<\/strong><br \/>\nDet handler ikke om partipolitik. Det handler om liv. Hvorfor vi tager ordet, n\u00e5r medierne tier \u2013 og hvad vi kr\u00e6ver, at Danmark g\u00f8r.<br \/>\n<a href=\"https:\/\/zlcopenhagen.com\/da\/menneskerettigheder-israel-palaestina-modstand\/\" target=\"_blank\" rel=\"noopener\"><\/p>\n<blockquote class=\"wp-embedded-content\" data-secret=\"9SLPGSTGUU\"><p><a href=\"https:\/\/zlcopenhagen.com\/da\/menneskerettigheder-israel-palaestina-modstand\/\">MENNESKERETTIGHEDER I ISRAEL OG PAL\u00c6STINA<\/a><\/p><\/blockquote>\n<p><iframe class=\"wp-embedded-content lazyload\" sandbox=\"allow-scripts\" security=\"restricted\" style=\"position: absolute; visibility: hidden;\" title=\"&#8220;MENNESKERETTIGHEDER I ISRAEL OG PAL\u00c6STINA&#8221; &#8211; zlcopenhagen.com\" data-src=\"https:\/\/zlcopenhagen.com\/da\/menneskerettigheder-israel-palaestina-modstand\/embed\/#?secret=gFGnLPnenO#?secret=9SLPGSTGUU\" data-secret=\"9SLPGSTGUU\" width=\"500\" height=\"282\" frameborder=\"0\" marginwidth=\"0\" marginheight=\"0\" scrolling=\"no\" src=\"data:image\/svg+xml;base64,PHN2ZyB3aWR0aD0iMSIgaGVpZ2h0PSIxIiB4bWxucz0iaHR0cDovL3d3dy53My5vcmcvMjAwMC9zdmciPjwvc3ZnPg==\" data-load-mode=\"1\"><\/iframe><br \/>\n<\/a><\/p>\n<p>L\u00e6s ogs\u00e5 Frederik Vads artikel om Sikandar Siddique og den m\u00e5de han bliver stemplet som \u201cfarlig\u201d i debatten.<br \/>\nNetop derfor har jeg valgt at tage fl\u00f8jlshandskerne af og rette samme kompromisl\u00f8se blik mod Finn Rudaizky og hans metoder i Pal\u00e6stinas Plads-sagen.<br \/>\nL\u00e6s artiklen<br \/>\n<strong><br \/>\n<a href=\"https:\/\/www.berlingske.dk\/indland\/frederik-vad-kalder-sikandar-siddique-en-farlig-mand-efter-opsigtsvaekkende-valgplakat?gaa_at=eafs&amp;gaa_n=AWEtsqe_4SmLssLc_zgDd_gUPMPBxWQDIWfC7kiiu0v7sa2nE-ZBj5SJpps0Ov7NIKQ%3D&amp;gaa_ts=6920c57f&amp;gaa_sig=1abARJ8BRzXd64HAbalI8L-rZuGqHm3y_3EKSVznDvmZWIlvcQ2quKGGKQ8DGxPX5WiMa4fRix_DGSjaWm3QQw%3D%3D\" target=\"_blank\" rel=\"noopener\"><br \/>\nher<br \/>\n<\/a><br \/>\n<\/strong><\/p>\n<p>[\/spb_text_block]<\/p>\n","protected":false},"excerpt":{"rendered":"<p>[spb_text_block animation=&#8221;none&#8221; animation_delay=&#8221;0&#8243; simplified_controls=&#8221;yes&#8221; custom_css_percentage=&#8221;no&#8221; padding_vertical=&#8221;0&#8243; padding_horizontal=&#8221;0&#8243; margin_vertical=&#8221;0&#8243; custom_css=&#8221;margin-top: 0px;margin-bottom: 0px;&#8221; border_size=&#8221;0&#8243; border_styling_global=&#8221;default&#8221; width=&#8221;1\/1&#8243; el_position=&#8221;first last&#8221;] under udvikling&#8230; kladdeform 24 11 2025 Derfor hader jeg visse magtfulde j\u00f8der, zionistiske og pro-israelske akt\u00f8rer som Finn efter denne research, fordi en akt\u00f8r som Finn stod bag denne uretf\u00e6rdighed. Og n\u00e5r vi siger fra, beskylder de os for antisemitisme, s\u00e5 uanset hvordan vi [&hellip;]<\/p>\n","protected":false},"author":2,"featured_media":45665,"comment_status":"closed","ping_status":"closed","sticky":false,"template":"","format":"standard","meta":{"footnotes":""},"categories":[1884,1883],"tags":[1919,1927,1922,1924,1921,1920,1901,1898,1923,1926,1925,1866],"class_list":["post-45664","post","type-post","status-publish","format-standard","has-post-thumbnail","hentry","category-embedsvaerk-under-luppen","category-magtnetvaerk","tag-aktindsigt-koebenhavn","tag-demokratiets-graenser","tag-dukketeater","tag-israelsk-lobby","tag-kommunal-embedsfoerelse","tag-lena-kongsbach","tag-offentlighedslov","tag-palaestinas-plads","tag-politisk-pres","tag-statsministeriet","tag-symbolsk-skiltning","tag-ytringsfrihed"],"yoast_head":"<!-- This site is optimized with the Yoast SEO Premium plugin v26.6 (Yoast SEO v27.5) - https:\/\/yoast.com\/product\/yoast-seo-premium-wordpress\/ -->\n<title>FINN RUDAIZKY: S\u00e5dan gassede han Pal\u00e6stinas Plads til d\u00f8den<\/title>\n<meta name=\"description\" content=\"Aktindsigt afsl\u00f8rer vagt embedsarbejde bag skiltet p\u00e5 Pal\u00e6stinas Plads. Hvem skrev teksten \u2013 hvorfor slettes historien med politisk tavshed?\" \/>\n<meta name=\"robots\" content=\"index, follow, max-snippet:-1, max-image-preview:large, max-video-preview:-1\" \/>\n<link rel=\"canonical\" href=\"https:\/\/zlcopenhagen.com\/da\/finn-rudaizky-palaestinas-plads\/\" \/>\n<meta property=\"og:locale\" content=\"da_DK\" \/>\n<meta property=\"og:type\" content=\"article\" \/>\n<meta property=\"og:title\" content=\"PAL\u00c6STINAS PLADS: HVOR PINOCCHIOS N\u00c6SE PEGER P\u00c5 EMBEDSMAGTEN\" \/>\n<meta property=\"og:description\" content=\"Et uskyldigt skilt blev til en politisk krudtt\u00f8nde. Aktindsigt afsl\u00f8rer tr\u00e5de, der minder mere om dukketeater end demokrati \u2013 styret af embedsm\u00e6nd og skjulte dagsordener.\" \/>\n<meta property=\"og:url\" content=\"https:\/\/zlcopenhagen.com\/da\/finn-rudaizky-palaestinas-plads\/\" \/>\n<meta property=\"og:site_name\" content=\"zlcopenhagen.com\" \/>\n<meta property=\"article:published_time\" content=\"2026-03-04T18:34:42+00:00\" \/>\n<meta property=\"article:modified_time\" content=\"2026-03-05T15:12:10+00:00\" \/>\n<meta property=\"og:image\" content=\"https:\/\/zlcopenhagen.com\/wp-content\/uploads\/2024\/12\/fatwa-frygt-oeksehug-broderismen-florence-nina.webp\" \/>\n\t<meta property=\"og:image:width\" content=\"1792\" \/>\n\t<meta property=\"og:image:height\" content=\"1024\" \/>\n\t<meta property=\"og:image:type\" content=\"image\/webp\" \/>\n<meta name=\"author\" content=\"ZLC Team\" \/>\n<meta name=\"twitter:card\" content=\"summary_large_image\" \/>\n<meta name=\"twitter:title\" content=\"ZLCOPENHAGEN: Danish-Punjabi Ethical Menswear\" \/>\n<meta name=\"twitter:description\" content=\"ZLCOPENHAGEN merges Danish minimalism with Punjabi pride. Ethical menswear with muscle, message, and meaning. Designed with zidd.\" \/>\n<meta name=\"twitter:label1\" content=\"Skrevet af\" \/>\n\t<meta name=\"twitter:data1\" content=\"ZLC Team\" \/>\n\t<meta name=\"twitter:label2\" content=\"Estimeret l\u00e6setid\" \/>\n\t<meta name=\"twitter:data2\" content=\"28 minutter\" \/>\n<!-- \/ Yoast SEO Premium plugin. -->","yoast_head_json":{"title":"FINN RUDAIZKY: S\u00e5dan gassede han Pal\u00e6stinas Plads til d\u00f8den","description":"Aktindsigt afsl\u00f8rer vagt embedsarbejde bag skiltet p\u00e5 Pal\u00e6stinas Plads. Hvem skrev teksten \u2013 hvorfor slettes historien med politisk tavshed?","robots":{"index":"index","follow":"follow","max-snippet":"max-snippet:-1","max-image-preview":"max-image-preview:large","max-video-preview":"max-video-preview:-1"},"canonical":"https:\/\/zlcopenhagen.com\/da\/finn-rudaizky-palaestinas-plads\/","og_locale":"da_DK","og_type":"article","og_title":"PAL\u00c6STINAS PLADS: HVOR PINOCCHIOS N\u00c6SE PEGER P\u00c5 EMBEDSMAGTEN","og_description":"Et uskyldigt skilt blev til en politisk krudtt\u00f8nde. Aktindsigt afsl\u00f8rer tr\u00e5de, der minder mere om dukketeater end demokrati \u2013 styret af embedsm\u00e6nd og skjulte dagsordener.","og_url":"https:\/\/zlcopenhagen.com\/da\/finn-rudaizky-palaestinas-plads\/","og_site_name":"zlcopenhagen.com","article_published_time":"2026-03-04T18:34:42+00:00","article_modified_time":"2026-03-05T15:12:10+00:00","og_image":[{"width":1792,"height":1024,"url":"https:\/\/zlcopenhagen.com\/wp-content\/uploads\/2024\/12\/fatwa-frygt-oeksehug-broderismen-florence-nina.webp","type":"image\/webp"}],"author":"ZLC Team","twitter_card":"summary_large_image","twitter_title":"ZLCOPENHAGEN: Danish-Punjabi Ethical Menswear","twitter_description":"ZLCOPENHAGEN merges Danish minimalism with Punjabi pride. Ethical menswear with muscle, message, and meaning. Designed with zidd.","twitter_misc":{"Skrevet af":"ZLC Team","Estimeret l\u00e6setid":"28 minutter"},"schema":{"@context":"https:\/\/schema.org","@graph":[{"@type":["Article","BlogPosting"],"@id":"https:\/\/zlcopenhagen.com\/da\/finn-rudaizky-palaestinas-plads\/#article","isPartOf":{"@id":"https:\/\/zlcopenhagen.com\/da\/finn-rudaizky-palaestinas-plads\/"},"author":{"name":"ZLC Team","@id":"https:\/\/zlcopenhagen.com\/#\/schema\/person\/c7ce5649957ac4c1258910e89f0f5fb3"},"headline":"FINN RUDAIZKY: S\u00c5DAN GASSEDE EN J\u00d8DE PAL\u00c6STINAS PLADS TIL D\u00d8DEN","datePublished":"2026-03-04T18:34:42+00:00","dateModified":"2026-03-05T15:12:10+00:00","mainEntityOfPage":{"@id":"https:\/\/zlcopenhagen.com\/da\/finn-rudaizky-palaestinas-plads\/"},"wordCount":7342,"publisher":{"@id":"https:\/\/zlcopenhagen.com\/#organization"},"image":{"@id":"https:\/\/zlcopenhagen.com\/da\/finn-rudaizky-palaestinas-plads\/#primaryimage"},"thumbnailUrl":"https:\/\/zlcopenhagen.com\/wp-content\/uploads\/2025\/04\/civilstyrelsen-oeksehugger-palaestinas-plads-embedsvaerk-magtmisbrug-bon-appetit.png","keywords":["aktindsigt K\u00f8benhavn","demokratiets gr\u00e6nser","dukketeater","israelsk lobby","kommunal embedsf\u00f8relse","Lena Kongsbach","offentlighedslov","pal\u00e6stinas plads","politisk pres","Statsministeriet","symbolsk skiltning","ytringsfrihed"],"articleSection":["EMBEDSV\u00c6RK UNDER LUPPEN","MAGTNETV\u00c6RK"],"inLanguage":"da-DK","copyrightYear":"2026","copyrightHolder":{"@id":"https:\/\/zlcopenhagen.com\/#organization"}},{"@type":"WebPage","@id":"https:\/\/zlcopenhagen.com\/da\/finn-rudaizky-palaestinas-plads\/","url":"https:\/\/zlcopenhagen.com\/da\/finn-rudaizky-palaestinas-plads\/","name":"FINN RUDAIZKY: S\u00e5dan gassede han Pal\u00e6stinas Plads til d\u00f8den","isPartOf":{"@id":"https:\/\/zlcopenhagen.com\/#website"},"primaryImageOfPage":{"@id":"https:\/\/zlcopenhagen.com\/da\/finn-rudaizky-palaestinas-plads\/#primaryimage"},"image":{"@id":"https:\/\/zlcopenhagen.com\/da\/finn-rudaizky-palaestinas-plads\/#primaryimage"},"thumbnailUrl":"https:\/\/zlcopenhagen.com\/wp-content\/uploads\/2025\/04\/civilstyrelsen-oeksehugger-palaestinas-plads-embedsvaerk-magtmisbrug-bon-appetit.png","datePublished":"2026-03-04T18:34:42+00:00","dateModified":"2026-03-05T15:12:10+00:00","description":"Aktindsigt afsl\u00f8rer vagt embedsarbejde bag skiltet p\u00e5 Pal\u00e6stinas Plads. Hvem skrev teksten \u2013 hvorfor slettes historien med politisk tavshed?","breadcrumb":{"@id":"https:\/\/zlcopenhagen.com\/da\/finn-rudaizky-palaestinas-plads\/#breadcrumb"},"inLanguage":"da-DK","potentialAction":[{"@type":"ReadAction","target":["https:\/\/zlcopenhagen.com\/da\/finn-rudaizky-palaestinas-plads\/"]}]},{"@type":"ImageObject","inLanguage":"da-DK","@id":"https:\/\/zlcopenhagen.com\/da\/finn-rudaizky-palaestinas-plads\/#primaryimage","url":"https:\/\/zlcopenhagen.com\/wp-content\/uploads\/2025\/04\/civilstyrelsen-oeksehugger-palaestinas-plads-embedsvaerk-magtmisbrug-bon-appetit.png","contentUrl":"https:\/\/zlcopenhagen.com\/wp-content\/uploads\/2025\/04\/civilstyrelsen-oeksehugger-palaestinas-plads-embedsvaerk-magtmisbrug-bon-appetit.png","width":1024,"height":1536,"caption":"N\u00e5r skilte taler for meget, hugger systemet dem i stykker. Pal\u00e6stinas Plads bliver systemets n\u00e6ste m\u00e5ltid \u2013 Bon App\u00e9tit, Civilstyrelsen."},{"@type":"BreadcrumbList","@id":"https:\/\/zlcopenhagen.com\/da\/finn-rudaizky-palaestinas-plads\/#breadcrumb","itemListElement":[{"@type":"ListItem","position":1,"name":"Home","item":"https:\/\/zlcopenhagen.com\/da\/"},{"@type":"ListItem","position":2,"name":"FINN RUDAIZKY: S\u00c5DAN GASSEDE EN J\u00d8DE PAL\u00c6STINAS PLADS TIL D\u00d8DEN"}]},{"@type":"WebSite","@id":"https:\/\/zlcopenhagen.com\/#website","url":"https:\/\/zlcopenhagen.com\/","name":"zlcopenhagen.com","description":"","publisher":{"@id":"https:\/\/zlcopenhagen.com\/#organization"},"potentialAction":[{"@type":"SearchAction","target":{"@type":"EntryPoint","urlTemplate":"https:\/\/zlcopenhagen.com\/?s={search_term_string}"},"query-input":{"@type":"PropertyValueSpecification","valueRequired":true,"valueName":"search_term_string"}}],"inLanguage":"da-DK"},{"@type":["Organization","Place"],"@id":"https:\/\/zlcopenhagen.com\/#organization","name":"ZLCOPENHAGEN","alternateName":"ZLCOPENHAGEN","url":"https:\/\/zlcopenhagen.com\/","logo":{"@id":"https:\/\/zlcopenhagen.com\/da\/finn-rudaizky-palaestinas-plads\/#local-main-organization-logo"},"image":{"@id":"https:\/\/zlcopenhagen.com\/da\/finn-rudaizky-palaestinas-plads\/#local-main-organization-logo"},"sameAs":["https:\/\/www.youtube.com\/channel\/UCy7JINwB6DMr2fA9yHpDQJg"],"telephone":[],"openingHoursSpecification":[{"@type":"OpeningHoursSpecification","dayOfWeek":["Monday","Tuesday","Wednesday","Thursday","Friday","Saturday","Sunday"],"opens":"09:00","closes":"17:00"}]},{"@type":"Person","@id":"https:\/\/zlcopenhagen.com\/#\/schema\/person\/c7ce5649957ac4c1258910e89f0f5fb3","name":"ZLC Team","image":{"@type":"ImageObject","inLanguage":"da-DK","@id":"https:\/\/secure.gravatar.com\/avatar\/bb92a8e9bdde1cf2114b74dce44557ee57d3909986eab1422fc34e9cce350044?s=96&d=mm&r=g","url":"https:\/\/secure.gravatar.com\/avatar\/bb92a8e9bdde1cf2114b74dce44557ee57d3909986eab1422fc34e9cce350044?s=96&d=mm&r=g","contentUrl":"https:\/\/secure.gravatar.com\/avatar\/bb92a8e9bdde1cf2114b74dce44557ee57d3909986eab1422fc34e9cce350044?s=96&d=mm&r=g","caption":"ZLC Team"}},{"@type":"ImageObject","inLanguage":"da-DK","@id":"https:\/\/zlcopenhagen.com\/da\/finn-rudaizky-palaestinas-plads\/#local-main-organization-logo","url":"https:\/\/zlcopenhagen.com\/wp-content\/uploads\/2016\/05\/blog-logo.jpg","contentUrl":"https:\/\/zlcopenhagen.com\/wp-content\/uploads\/2016\/05\/blog-logo.jpg","width":68,"height":68,"caption":"ZLCOPENHAGEN"}]}},"_links":{"self":[{"href":"https:\/\/zlcopenhagen.com\/da\/wp-json\/wp\/v2\/posts\/45664","targetHints":{"allow":["GET"]}}],"collection":[{"href":"https:\/\/zlcopenhagen.com\/da\/wp-json\/wp\/v2\/posts"}],"about":[{"href":"https:\/\/zlcopenhagen.com\/da\/wp-json\/wp\/v2\/types\/post"}],"author":[{"embeddable":true,"href":"https:\/\/zlcopenhagen.com\/da\/wp-json\/wp\/v2\/users\/2"}],"replies":[{"embeddable":true,"href":"https:\/\/zlcopenhagen.com\/da\/wp-json\/wp\/v2\/comments?post=45664"}],"version-history":[{"count":103,"href":"https:\/\/zlcopenhagen.com\/da\/wp-json\/wp\/v2\/posts\/45664\/revisions"}],"predecessor-version":[{"id":60000,"href":"https:\/\/zlcopenhagen.com\/da\/wp-json\/wp\/v2\/posts\/45664\/revisions\/60000"}],"wp:featuredmedia":[{"embeddable":true,"href":"https:\/\/zlcopenhagen.com\/da\/wp-json\/wp\/v2\/media\/45665"}],"wp:attachment":[{"href":"https:\/\/zlcopenhagen.com\/da\/wp-json\/wp\/v2\/media?parent=45664"}],"wp:term":[{"taxonomy":"category","embeddable":true,"href":"https:\/\/zlcopenhagen.com\/da\/wp-json\/wp\/v2\/categories?post=45664"},{"taxonomy":"post_tag","embeddable":true,"href":"https:\/\/zlcopenhagen.com\/da\/wp-json\/wp\/v2\/tags?post=45664"}],"curies":[{"name":"wp","href":"https:\/\/api.w.org\/{rel}","templated":true}]}}