{"id":45331,"date":"2025-04-14T15:11:38","date_gmt":"2025-04-14T14:11:38","guid":{"rendered":"https:\/\/zlcopenhagen.com\/?p=45331"},"modified":"2025-04-15T14:05:21","modified_gmt":"2025-04-15T13:05:21","slug":"gaza-villemoes-brinch","status":"publish","type":"post","link":"https:\/\/zlcopenhagen.com\/da\/gaza-villemoes-brinch\/","title":{"rendered":"S\u00d8REN K. VILLEMOES: GLEM 1967\u20131987 \u2013 DET RAGER IKKE GAZA-DEBATTEN!"},"content":{"rendered":"<p>[spb_blank_spacer height=&#8221;30px&#8221; width=&#8221;1\/1&#8243; el_position=&#8221;first last&#8221;] [spb_raw_html width=&#8221;1\/1&#8243; el_position=&#8221;first last&#8221;]JTNDZGl2JTIwc3R5bGUlM0QlMjJwb3NpdGlvbiUzQSUyMHJlbGF0aXZlJTNCJTIwd2lkdGglM0ElMjAxMDAlMjUlM0IlMjBoZWlnaHQlM0ElMjAwJTNCJTIwcGFkZGluZy1ib3R0b20lM0ElMjAyNSUyNSUzQiUyMiUzRSUwQSUyMCUyMCUyMCUyMCUzQ2lmcmFtZSUyMHNyYyUzRCUyMmh0dHBzJTNBJTJGJTJGcmFkaW80LmRrJTJGZW1iZWQlMkZjMGM1NWU4OC02Nzk4LTRlMDgtYWNiOS1iMmFlMDBmZjhlODQlMjIlMjAlMEElMjAlMjAlMjAlMjAlMjAlMjAlMjAlMjAlMjAlMjAlMjAlMjBzdHlsZSUzRCUyMnBvc2l0aW9uJTNBJTIwYWJzb2x1dGUlM0IlMjB0b3AlM0ElMjAwJTNCJTIwbGVmdCUzQSUyMDAlM0IlMjB3aWR0aCUzQSUyMDEwMCUyNSUzQiUyMGhlaWdodCUzQSUyMDEwMCUyNSUzQiUyMiUyMCUwQSUyMCUyMCUyMCUyMCUyMCUyMCUyMCUyMCUyMCUyMCUyMCUyMGZyYW1lYm9yZGVyJTNEJTIyMCUyMiUyMCUwQSUyMCUyMCUyMCUyMCUyMCUyMCUyMCUyMCUyMCUyMCUyMCUyMGFsbG93ZnVsbHNjcmVlbiUzRSUwQSUyMCUyMCUyMCUyMCUzQyUyRmlmcmFtZSUzRSUwQSUzQyUyRmRpdiUzRQ==[\/spb_raw_html] [spb_blank_spacer height=&#8221;30px&#8221; width=&#8221;1\/1&#8243; el_position=&#8221;first last&#8221;] [spb_image image=&#8221;45337&#8243; image_size=&#8221;full&#8221; frame=&#8221;noframe&#8221; caption_pos=&#8221;hover&#8221; remove_rounded=&#8221;yes&#8221; fullwidth=&#8221;no&#8221; overflow_mode=&#8221;none&#8221; link_target=&#8221;_self&#8221; lightbox=&#8221;no&#8221; intro_animation=&#8221;none&#8221; animation_delay=&#8221;200&#8243; width=&#8221;1\/1&#8243; el_position=&#8221;first last&#8221;][\/spb_image] [spb_blank_spacer height=&#8221;30px&#8221; width=&#8221;1\/1&#8243; el_position=&#8221;first last&#8221;] [spb_text_block animation=&#8221;none&#8221; animation_delay=&#8221;0&#8243; simplified_controls=&#8221;yes&#8221; custom_css_percentage=&#8221;no&#8221; padding_vertical=&#8221;0&#8243; padding_horizontal=&#8221;0&#8243; margin_vertical=&#8221;0&#8243; custom_css=&#8221;margin-top: 0px;margin-bottom: 0px;&#8221; border_size=&#8221;0&#8243; border_styling_global=&#8221;default&#8221; width=&#8221;1\/1&#8243; el_position=&#8221;first last&#8221;]<\/p>\n<div class=\"flex-shrink-0 flex flex-col relative items-end\">\n<div class=\"pt-0\">\n<h3>stadig under udvikling<\/h3>\n<h1 data-start=\"114\" data-end=\"196\">S\u00d8REN K. VILLEMOES VS NIELS BRINCH<\/h1>\n<h3 data-start=\"114\" data-end=\"196\">KAMPEN OM NARRATIVET<\/h3>\n<p class=\"\" data-start=\"198\" data-end=\"448\">Gaza-konflikten er ikke kun blodig p\u00e5 jorden \u2013 den er ogs\u00e5 blevet en <strong data-start=\"406\" data-end=\"443\">symbolsk slagmark i danske medier<\/strong>.<br data-start=\"444\" data-end=\"447\" \/>Midt i det hele st\u00e5r <strong data-start=\"468\" data-end=\"490\">S\u00f8ren K. Villemoes<\/strong> (Weekendavisen) og <strong data-start=\"510\" data-end=\"526\">Niels Brinch<\/strong> (forfatter og tidligere chefredakt\u00f8r) i en direkte ordkrig om <strong data-start=\"589\" data-end=\"658\">hvad vi egentlig b\u00f8r tale om \u2013 og hvad der bevidst bliver undg\u00e5et<\/strong>.<\/p>\n<hr class=\"\" data-start=\"450\" data-end=\"453\" \/>\n<h3 class=\"\" data-start=\"666\" data-end=\"707\">NIELS BRINCH: \u201cDET ER EN DISTRAKTION\u201d<\/h3>\n<p class=\"\" data-start=\"709\" data-end=\"858\">Brinch anklager Villemoes og andre for at bruge en velkendt taktik:<br data-start=\"776\" data-end=\"779\" \/>N\u00e5r Israels handlinger kritiseres, <strong data-start=\"814\" data-end=\"857\">skifter debatten straks fokus til Hamas<\/strong>.<\/p>\n<p class=\"\" data-start=\"860\" data-end=\"983\">Resultatet?<br data-start=\"871\" data-end=\"874\" \/>Det, Brinch kalder et \u201cfolkedrab\u201d, glider ud af mediebilledet \u2013 mens Hamas bliver hovedperson i fort\u00e6llingen.<\/p>\n<blockquote data-start=\"985\" data-end=\"1077\">\n<p class=\"\" data-start=\"987\" data-end=\"1077\"><strong data-start=\"987\" data-end=\"1077\">\u201cDet er bekvemt at pege p\u00e5 Hamas \u2013 fordi det tager luften ud af kritikken mod Israel.\u201d<\/strong><\/p>\n<\/blockquote>\n<hr class=\"\" data-start=\"853\" data-end=\"856\" \/>\n<h3 class=\"\" data-start=\"1084\" data-end=\"1131\">S\u00d8REN K. VILLEMOES: \u201cSIG DOG HVAD DU MENER\u201d<\/h3>\n<p class=\"\" data-start=\"1133\" data-end=\"1317\">Villemoes skyder tilbage \u2013 h\u00e5rdt og direkte:<br data-start=\"1177\" data-end=\"1180\" \/>Problemet er ikke, at man taler om Hamas.<br data-start=\"1221\" data-end=\"1224\" \/>Problemet er, <strong data-start=\"1238\" data-end=\"1276\">at mange undlader at sige det h\u00f8jt<\/strong>, hvis de faktisk st\u00f8tter Hamas\u2019 fjender.<\/p>\n<blockquote data-start=\"1319\" data-end=\"1382\">\n<p class=\"\" data-start=\"1321\" data-end=\"1382\"><em>\u201cDet er fejt og u\u00e6rligt, n\u00e5r man ikke t\u00f8r tage stilling.\u201d<\/em><\/p>\n<\/blockquote>\n<hr class=\"\" data-start=\"1200\" data-end=\"1203\" \/>\n<h3 class=\"\" data-start=\"1205\" data-end=\"1224\">KERNEKONFLIKTEN<\/h3>\n<blockquote>\n<p class=\"\" data-start=\"1260\" data-end=\"1322\">Brinch siger: <em data-start=\"1274\" data-end=\"1322\">I taler kun om Hamas for at d\u00e6kke over Israel.<\/em><\/p>\n<p class=\"\" data-start=\"1325\" data-end=\"1407\">Villemoes siger: <em data-start=\"1342\" data-end=\"1407\">I vil ikke tale om Hamas, fordi det \u00f8del\u00e6gger jeres fort\u00e6lling.<\/em><\/p>\n<\/blockquote>\n<p class=\"\" data-start=\"1568\" data-end=\"1764\">De siger noget forskelligt \u2013 men de taler om det samme:<br data-start=\"1627\" data-end=\"1630\" \/>Hvem definerer, hvad vi m\u00e5 tale om i Danmark?<br data-start=\"1679\" data-end=\"1682\" \/>Og hvem har retten til at forme virkeligheden, n\u00e5r Gaza n\u00e6vnes i dansk presse?<\/p>\n<p data-start=\"1409\" data-end=\"1551\">\n<\/div>\n<\/div>\n<p>[\/spb_text_block] [spb_text_block animation=&#8221;none&#8221; animation_delay=&#8221;0&#8243; simplified_controls=&#8221;yes&#8221; custom_css_percentage=&#8221;no&#8221; padding_vertical=&#8221;0&#8243; padding_horizontal=&#8221;0&#8243; margin_vertical=&#8221;0&#8243; custom_css=&#8221;margin-top: 0px;margin-bottom: 0px;&#8221; border_size=&#8221;0&#8243; border_styling_global=&#8221;default&#8221; width=&#8221;1\/1&#8243; el_position=&#8221;first last&#8221;]<\/p>\n<table style=\"width: 100%; border-collapse: collapse; border: 2px solid #000;\">\n<thead>\n<tr style=\"background-color: #f2f2f2; border-bottom: 3px solid #000;\">\n<th style=\"text-align: left; padding: 10px; border-right: 2px solid #000; width: 35%;\">DISKURS \/ STIKORD<\/th>\n<th style=\"text-align: left; padding: 10px;\">CITAT &amp; ANALYSE<\/th>\n<\/tr>\n<\/thead>\n<tbody>\n<tr style=\"border-bottom: 2px solid #000;\">\n<td style=\"padding: 10px; border-right: 2px solid #000;\"><strong>KASPER HARBOE \u2013 BIN\u00c6R DISKURS<\/strong><\/td>\n<td style=\"padding: 10px;\">\u201cTusindvis af pal\u00e6stinensere gik p\u00e5 gaden for at protestere mod Hamas&#8230; Men liges\u00e5 h\u00f8jt stemmerne r\u00e5bte i Gaza, lige s\u00e5 stille har der v\u00e6ret herhjemme.\u201d<br \/>\nHarboe skaber en bin\u00e6r ramme: enten er du mod Hamas \u2013 eller ogs\u00e5 er du mist\u00e6nkelig. Denne framing fortr\u00e6nger kontekst som blokade, sult og bes\u00e6ttelse.<\/td>\n<\/tr>\n<tr style=\"border-bottom: 2px solid #000;\">\n<td style=\"padding: 10px; border-right: 2px solid #000;\"><strong>PETER MARSTAL \u2013 REDUKTION AF KOMPLEKSITET<\/strong><\/td>\n<td style=\"padding: 10px;\">Marstal omtaler en protest i Gaza som en \u201cHamas-demonstration\u201d. Ingen overvejelse gives for protestens egentlige form\u00e5l \u2013 konklusionen bliver ensidig og forsimplet.<\/td>\n<\/tr>\n<tr style=\"border-bottom: 2px solid #000;\">\n<td style=\"padding: 10px; border-right: 2px solid #000;\"><strong>ISAM B \u2013 FRAMINGENS F\u00c6LDE<\/strong><\/td>\n<td style=\"padding: 10px;\">Isam B bliver spurgt, om han er for eller imod Hamas. Et klassisk eksempel p\u00e5 framing, hvor kompleksitet reduceres til loyalitet. Hvis du ikke tager afstand, tolkes det som st\u00f8tte.<\/td>\n<\/tr>\n<tr style=\"border-bottom: 2px solid #000;\">\n<td style=\"padding: 10px; border-right: 2px solid #000;\"><strong>S\u00d8REN K. VILLEMOES \u2013 PERSONLIGGJORT DEBAT<\/strong><\/td>\n<td style=\"padding: 10px;\">Villemoes angriber modpartens tavshed og kr\u00e6ver, at de tager stilling til Hamas. Men ved at g\u00f8re det til et sp\u00f8rgsm\u00e5l om holdning fremfor analyse, forsvinder fokus fra strukturel magt og politik.<\/td>\n<\/tr>\n<tr style=\"border-top: 3px solid #000;\">\n<td style=\"padding: 10px; border-right: 2px solid #000;\"><strong>NIELS BRINCH \u2013 OPM\u00c6RKSOMHED OM NARRATIVER<\/strong><\/td>\n<td style=\"padding: 10px;\">\u201cN\u00e5r vi taler om Hamas, er det en distraktion. Det fjerner fokus fra folkedrab.\u201d<br \/>\nBrinch afsl\u00f8rer, hvordan debatten kan bruges til at aflede kritik. Han foresl\u00e5r, at vi taler om offerets tilstand, ikke gerningsmandens motiver.<\/td>\n<\/tr>\n<\/tbody>\n<\/table>\n<p>[\/spb_text_block] [spb_blank_spacer height=&#8221;30px&#8221; width=&#8221;1\/1&#8243; el_position=&#8221;first last&#8221;] [spb_text_block animation=&#8221;none&#8221; animation_delay=&#8221;0&#8243; simplified_controls=&#8221;yes&#8221; custom_css_percentage=&#8221;no&#8221; padding_vertical=&#8221;0&#8243; padding_horizontal=&#8221;0&#8243; margin_vertical=&#8221;0&#8243; custom_css=&#8221;margin-top: 0px;margin-bottom: 0px;&#8221; border_size=&#8221;0&#8243; border_styling_global=&#8221;default&#8221; width=&#8221;1\/1&#8243; el_position=&#8221;first last&#8221;]<\/p>\n<div class=\"flex-shrink-0 flex flex-col relative items-end\">\n<div class=\"pt-0\">\n<h1 class=\"\" data-start=\"227\" data-end=\"259\">RADIO4 SOM MEGAFON FOR FRAMING<\/h1>\n<h3 data-start=\"151\" data-end=\"211\">DANSK JOURNALISTIK OG DE USYNLIGE LINJER I GAZA-DEBATTEN<\/h3>\n<p class=\"\" data-start=\"213\" data-end=\"483\">I Radio4\u2019s debat den 1. april formulerede <strong data-start=\"255\" data-end=\"272\">Kasper Harboe<\/strong> det s\u00e5dan:<br data-start=\"283\" data-end=\"286\" \/><em data-start=\"286\" data-end=\"483\">&#8220;Tusindvis af pal\u00e6stinensere gik p\u00e5 gaden for at protestere mod Hamas\u2026 Men liges\u00e5 h\u00f8jt stemmerne r\u00e5bte i Gaza, lige s\u00e5 stille har der v\u00e6ret p\u00e5 de propal\u00e6stinensiske debatt\u00f8rers linjer herhjemme.&#8221;<\/em><\/p>\n<p class=\"\" data-start=\"485\" data-end=\"752\">S\u00e6tningen lyder som analyse, men er i virkeligheden et effektivt stykke framing. Ved at koble protester i Gaza direkte til Hamas, og samtidig udskamme danske debatt\u00f8rer som tavse, skabes et billede: <strong data-start=\"684\" data-end=\"752\">Enten tager du afstand fra Hamas \u2013 eller ogs\u00e5 er du mist\u00e6nkelig.<\/strong><\/p>\n<p class=\"\" data-start=\"754\" data-end=\"935\">Men hvor er omtalen af blokade, sult, traumer og desperation? Publikum pr\u00e6senteres for en konflikt, hvor <strong data-start=\"859\" data-end=\"879\">kun Hamas n\u00e6vnes<\/strong> \u2013 og hvor Israels rolle i blokaden aldrig bliver n\u00e6vnt.<\/p>\n<hr class=\"\" data-start=\"780\" data-end=\"783\" \/>\n<h3 data-start=\"942\" data-end=\"989\">EN\u00c9SIDIG FORT\u00c6LLING \u2013 FLERE STEMMER FJERNET<\/h3>\n<p class=\"\" data-start=\"991\" data-end=\"1165\"><strong data-start=\"991\" data-end=\"1008\">Peter Marstal<\/strong>, musiker og debatt\u00f8r, f\u00f8lger samme retoriske strategi. I endnu en Radio4-udsendelse beskriver han en demonstration i Gaza som en: <em data-start=\"1141\" data-end=\"1165\">&#8220;Hamas-demonstration.&#8221;<\/em><\/p>\n<p class=\"\" data-start=\"1167\" data-end=\"1223\">Ingen nuance. Ingen sp\u00f8rgsm\u00e5l om den bredere kontekst:<\/p>\n<p class=\"\" data-start=\"1226\" data-end=\"1260\"><strong>Var det en protest mod blokaden?<\/strong><\/p>\n<p class=\"\" data-start=\"1263\" data-end=\"1307\"><strong>Var det en reaktion p\u00e5 \u00e5rtiers bes\u00e6ttelse?<\/strong><\/p>\n<p class=\"\" data-start=\"1310\" data-end=\"1337\"><strong>Eller blot et r\u00e5b om hj\u00e6lp?<\/strong><\/p>\n<p class=\"\" data-start=\"1339\" data-end=\"1500\">N\u00e5r Gaza demonstrerer, reduceres pal\u00e6stinensere til <strong data-start=\"1391\" data-end=\"1434\">enten Hamas-st\u00f8tter eller tavse skygger<\/strong>. Alle andre motiver \u2013 overlevelse, sorg, vrede \u2013 bliver usynlige.<\/p>\n<hr class=\"\" data-start=\"1176\" data-end=\"1179\" \/>\n<h3 class=\"\" data-start=\"1507\" data-end=\"1540\">ISAM B OG DEN RETORISKE F\u00c6LDE<\/h3>\n<p class=\"\" data-start=\"1542\" data-end=\"1635\">Kunstneren <strong data-start=\"1553\" data-end=\"1563\">Isam B<\/strong> bliver i samme debat subtilt presset:<\/p>\n<blockquote>\n<p class=\"\" data-start=\"1542\" data-end=\"1635\"><em data-start=\"1604\" data-end=\"1635\">&#8220;Er du for eller imod Hamas?&#8221;<\/em><\/p>\n<\/blockquote>\n<p class=\"\" data-start=\"1637\" data-end=\"1759\">Sp\u00f8rgsm\u00e5let lyder neutralt \u2013 men det er en f\u00e6lde. For hvordan svarer man, n\u00e5r selve sp\u00f8rgsm\u00e5let bygger p\u00e5 en falsk pr\u00e6mis?<\/p>\n<p class=\"\" data-start=\"1761\" data-end=\"1975\">Demonstrationen kunne handle om alt:<br data-start=\"1797\" data-end=\"1800\" \/>\u2013 Israel, blokaden, krigens brutalitet, verdenssamfundets tavshed.<br data-start=\"1866\" data-end=\"1869\" \/>Men hvis man ikke straks tager afstand fra Hamas, bliver man \u2013 i journalistikkens logik \u2013 <strong data-start=\"1959\" data-end=\"1974\">mist\u00e6nkelig<\/strong>.<\/p>\n<hr class=\"\" data-start=\"1498\" data-end=\"1501\" \/>\n<h3 class=\"\" data-start=\"1982\" data-end=\"2024\">JOURNALISTIK ELLER VIRKELIGHEDSDESIGN?<\/h3>\n<p class=\"\" data-start=\"2026\" data-end=\"2220\"><strong data-start=\"2026\" data-end=\"2048\">S\u00f8ren K. Villemoes<\/strong>, <strong data-start=\"2050\" data-end=\"2067\">Kasper Harboe<\/strong> og <strong data-start=\"2071\" data-end=\"2088\">Peter Marstal<\/strong> fremst\u00e5r som neutrale stemmer. Men deres journalistiske valg \u2013 <strong data-start=\"2152\" data-end=\"2191\">hvad de n\u00e6vner, og hvad de udelader<\/strong> \u2013 er alt andet end neutrale.<\/p>\n<p class=\"\" data-start=\"2222\" data-end=\"2369\">N\u00e5r Hamas n\u00e6vnes igen og igen \u2013 og ord som &#8220;bes\u00e6ttelse&#8221;, &#8220;blokade&#8221;, &#8220;b\u00f8rneofre&#8221; og &#8220;FN-kritik&#8221; systematisk undlades \u2013 bliver det ikke journalistik.<\/p>\n<p class=\"\" data-start=\"2371\" data-end=\"2483\">Det bliver framing. Det bliver et aktivt valg om at <strong data-start=\"2423\" data-end=\"2465\">forme den virkelighed, danskerne m\u00f8der<\/strong>, n\u00e5r Gaza n\u00e6vnes.<\/p>\n<\/div>\n<\/div>\n<p>[\/spb_text_block] [spb_blank_spacer height=&#8221;30px&#8221; width=&#8221;1\/1&#8243; el_position=&#8221;first last&#8221;] [spb_raw_html width=&#8221;1\/1&#8243; el_position=&#8221;first last&#8221;]JTNDYmxvY2txdW90ZSUyMGNsYXNzJTNEJTIydHdpdHRlci10d2VldCUyMiUyMGRhdGEtdGhlbWUlM0QlMjJkYXJrJTIyJTNFJTNDcCUyMGxhbmclM0QlMjJkYSUyMiUyMGRpciUzRCUyMmx0ciUyMiUzRVN0YWRpZyUyMHRvdGFsJTIwc3RpbGhlZCUyMGZyYSUyMGRlJTIwZGFuc2tlJTIwcHJvcGFsJUMzJUE2c3RpbmVuc2lza2UlMjBrcmVkc2UuJTIwUGFsJUMzJUE2c3RpbmVuc2VybmVzJTIwa2FtcCUyMG1vZCUyMEhhbWFzJTIwaW50ZXJlc3NlcmVyJTIwZGVtJTIwdGlsc3luZWxhZGVuZGUlMjBpa2tlLiUyMCUzQ2ElMjBocmVmJTNEJTIyaHR0cHMlM0ElMkYlMkZ0LmNvJTJGdXg1ZldOSnNlVSUyMiUzRWh0dHBzJTNBJTJGJTJGdC5jbyUyRnV4NWZXTkpzZVUlM0MlMkZhJTNFJTNDJTJGcCUzRSUyNm1kYXNoJTNCJTIwUyVDMyVCOHJlbiUyMEsuJTIwVmlsbGVtb2VzJTIwJTI4JTQwU3JlbktWaWxsZW1vZXMlMjklMjAlM0NhJTIwaHJlZiUzRCUyMmh0dHBzJTNBJTJGJTJGdHdpdHRlci5jb20lMkZTcmVuS1ZpbGxlbW9lcyUyRnN0YXR1cyUyRjE5MDYyNjQyNzcwMDgyMzY5MDUlM0ZyZWZfc3JjJTNEdHdzcmMlMjU1RXRmdyUyMiUzRU1hcmNoJTIwMzAlMkMlMjAyMDI1JTNDJTJGYSUzRSUzQyUyRmJsb2NrcXVvdGUlM0UlMjAlM0NzY3JpcHQlMjBhc3luYyUyMHNyYyUzRCUyMmh0dHBzJTNBJTJGJTJGcGxhdGZvcm0udHdpdHRlci5jb20lMkZ3aWRnZXRzLmpzJTIyJTIwY2hhcnNldCUzRCUyMnV0Zi04JTIyJTNFJTNDJTJGc2NyaXB0JTNF[\/spb_raw_html] [spb_blank_spacer height=&#8221;30px&#8221; width=&#8221;1\/1&#8243; el_position=&#8221;first last&#8221;] [spb_raw_html width=&#8221;1\/1&#8243; el_position=&#8221;first last&#8221;]JTNDYmxvY2txdW90ZSUyMGNsYXNzJTNEJTIydHdpdHRlci10d2VldCUyMiUyMGRhdGEtdGhlbWUlM0QlMjJkYXJrJTIyJTIwc3R5bGUlM0QlMjJ3aWR0aCUzQTEwMCUyNSUyMCUyMWltcG9ydGFudCUzQiUyMG1heC13aWR0aCUzQTEwMCUyNSUyMCUyMWltcG9ydGFudCUzQiUyMGJveC1zaXppbmclM0ElMjBib3JkZXItYm94JTNCJTIyJTNFJTBBJTIwJTIwJTIwJTIwJTNDcCUyMGxhbmclM0QlMjJkYSUyMiUyMGRpciUzRCUyMmx0ciUyMiUzRSUwQSUyMCUyMCUyMCUyMCUyMCUyMCUyMCUyMERlbiUyMGVuZXN0ZSUyMGRpc3RyYWt0aW9uJTIwZXIlMjBkZXQlMjBiaXphcnJlJTIwdmFsZyUyMG9tJTIwaWtrZSUyMGtsYXJ0JTIwb2clMjB0eWRlbGlndCUyMGF0JTIwZGVrbGFyZXJlJTIwZW5zJTIwc3ltcGF0aWVyJTIwaSUyMGtvbmZsaWt0ZW4uJTIwJTNDYnIlM0UlM0NiciUzRSUwQSUyMCUyMCUyMCUyMCUyMCUyMCUyMCUyMEh2b3Jmb3IlMjBpa2tlJTIwYmFyZSUyMHYlQzMlQTZyZSUyMCVDMyVBNnJsaWclMjBvZyUyMGtsYXIlMjBvbWtyaW5nJTJDJTIwaHZvcnZpZHQlMjBtYW4lMjBzdCVDMyVCOHR0ZXIlMjBwYWwlQzMlQTZzdGluZW5zZXJuZXMlMjBtb2RzdGFuZHNrYW1wJTIwbW9kJTIwSGFtYXMlMjBlbGxlciUyMGVqJTNGJTIwJTNDYnIlM0UlM0NiciUzRSUwQSUyMCUyMCUyMCUyMCUyMCUyMCUyMCUyMEh2b3Jmb3IlMjBza2FsJTIwZGV0JTIwdiVDMyVBNnJlJTIwcyVDMyVBNSUyMHN2JUMzJUE2cnQlM0YlMjAlMEElMjAlMjAlMjAlMjAlMjAlMjAlMjAlMjAlM0NhJTIwaHJlZiUzRCUyMmh0dHBzJTNBJTJGJTJGdC5jbyUyRnVVYVc3VUdjY2glMjIlM0VodHRwcyUzQSUyRiUyRnQuY28lMkZ1VWFXN1VHY2NoJTNDJTJGYSUzRSUwQSUyMCUyMCUyMCUyMCUzQyUyRnAlM0UlMEElMjAlMjAlMjAlMjAlMjZtZGFzaCUzQiUyMFMlQzMlQjhyZW4lMjBLLiUyMFZpbGxlbW9lcyUyMCUyOCU0MFNyZW5LVmlsbGVtb2VzJTI5JTIwJTBBJTIwJTIwJTIwJTIwJTNDYSUyMGhyZWYlM0QlMjJodHRwcyUzQSUyRiUyRnR3aXR0ZXIuY29tJTJGU3JlbktWaWxsZW1vZXMlMkZzdGF0dXMlMkYxOTA3NTQzNzQ3Mzc5NzMyNTA0JTNGcmVmX3NyYyUzRHR3c3JjJTI1NUV0ZnclMjIlM0VBcHJpbCUyMDIlMkMlMjAyMDI1JTNDJTJGYSUzRSUwQSUzQyUyRmJsb2NrcXVvdGUlM0UlMEElM0NzY3JpcHQlMjBhc3luYyUyMHNyYyUzRCUyMmh0dHBzJTNBJTJGJTJGcGxhdGZvcm0udHdpdHRlci5jb20lMkZ3aWRnZXRzLmpzJTIyJTIwY2hhcnNldCUzRCUyMnV0Zi04JTIyJTNFJTNDJTJGc2NyaXB0JTNFJTBB[\/spb_raw_html] [spb_blank_spacer height=&#8221;30px&#8221; width=&#8221;1\/1&#8243; el_position=&#8221;first last&#8221;] [spb_blank_spacer height=&#8221;30px&#8221; width=&#8221;1\/1&#8243; el_position=&#8221;first last&#8221;] [spb_text_block animation=&#8221;none&#8221; animation_delay=&#8221;0&#8243; simplified_controls=&#8221;yes&#8221; custom_css_percentage=&#8221;no&#8221; padding_vertical=&#8221;0&#8243; padding_horizontal=&#8221;0&#8243; margin_vertical=&#8221;0&#8243; custom_css=&#8221;margin-top: 0px;margin-bottom: 0px;&#8221; border_size=&#8221;0&#8243; border_styling_global=&#8221;default&#8221; width=&#8221;1\/1&#8243; el_position=&#8221;first last&#8221;][\/spb_text_block] [spb_text_block animation=&#8221;none&#8221; animation_delay=&#8221;0&#8243; simplified_controls=&#8221;yes&#8221; custom_css_percentage=&#8221;no&#8221; padding_vertical=&#8221;0&#8243; padding_horizontal=&#8221;0&#8243; margin_vertical=&#8221;0&#8243; custom_css=&#8221;margin-top: 0px;margin-bottom: 0px;&#8221; border_size=&#8221;0&#8243; border_styling_global=&#8221;default&#8221; width=&#8221;1\/1&#8243; el_position=&#8221;first last&#8221;][\/spb_text_block] [spb_text_block animation=&#8221;none&#8221; animation_delay=&#8221;0&#8243; simplified_controls=&#8221;yes&#8221; custom_css_percentage=&#8221;no&#8221; padding_vertical=&#8221;0&#8243; padding_horizontal=&#8221;0&#8243; margin_vertical=&#8221;0&#8243; custom_css=&#8221;margin-top: 0px;margin-bottom: 0px;&#8221; border_size=&#8221;0&#8243; border_styling_global=&#8221;default&#8221; width=&#8221;1\/1&#8243; el_position=&#8221;first last&#8221;]<\/p>\n<h2 data-start=\"120\" data-end=\"179\">DMJX, RADIO4 OG DEN SPR\u00c6NGFARLIGE SPROGKRIG<\/h2>\n<p class=\"\" data-start=\"234\" data-end=\"349\">Sprog er ikke bare ord \u2013 det er magt.<br data-start=\"271\" data-end=\"274\" \/>Og i konflikten mellem Israel og Pal\u00e6stina bliver sproget selv til en part.<\/p>\n<p class=\"\" data-start=\"351\" data-end=\"483\">Det blev tydeligt, da <strong data-start=\"373\" data-end=\"390\">Kasper Harboe<\/strong> fra Radio4 i en debat med <strong data-start=\"417\" data-end=\"438\">Sikandar Siddique<\/strong> blev konfronteret med et centralt sp\u00f8rgsm\u00e5l:<\/p>\n<blockquote data-start=\"485\" data-end=\"575\">\n<p class=\"\" data-start=\"487\" data-end=\"575\">Hvorfor kaldes israelere konsekvent \u201cgidsler\u201d, mens pal\u00e6stinensere omtales som \u201cfanger\u201d?<\/p>\n<\/blockquote>\n<p class=\"\" data-start=\"577\" data-end=\"632\">En lille sproglig forskel. En k\u00e6mpe forskel i virkning.<\/p>\n<hr class=\"\" data-start=\"634\" data-end=\"637\" \/>\n<h2 class=\"\" data-start=\"639\" data-end=\"686\">HASBARA \u2013 N\u00c5R KOMMUNIKATION BLIVER KAMPV\u00c5BEN<\/h2>\n<p class=\"\" data-start=\"688\" data-end=\"830\">I centrum af debatten st\u00e5r begrebet <strong data-start=\"724\" data-end=\"735\">Hasbara<\/strong> \u2013 Israels statslige kommunikationsstrategi, som har til form\u00e5l at forme internationale medier.<\/p>\n<p class=\"\" data-start=\"832\" data-end=\"919\">P\u00e5 hebraisk betyder det blot \u201cforklaring\u201d.<br data-start=\"874\" data-end=\"877\" \/>Men i praksis er det <em data-start=\"898\" data-end=\"918\">strategisk framing<\/em>:<\/p>\n<blockquote>\n<p class=\"\" data-start=\"921\" data-end=\"987\"><em>Israel fremstilles som offer<\/em><br data-start=\"953\" data-end=\"956\" \/><em>Pal\u00e6stinenserne som trussel<\/em><\/p>\n<\/blockquote>\n<p class=\"\" data-start=\"989\" data-end=\"1104\">Gennem gentagelser af ord som \u201cterror\u201d, \u201cgidsler\u201d og \u201cselvforsvar\u201d flyttes sympatien \u2013 uden at l\u00e6seren opdager det.<\/p>\n<hr class=\"\" data-start=\"1106\" data-end=\"1109\" \/>\n<h2 class=\"\" data-start=\"1111\" data-end=\"1135\">RADIO4 MIDT I STORMEN<\/h2>\n<p class=\"\" data-start=\"1137\" data-end=\"1225\"><strong data-start=\"1137\" data-end=\"1147\">Radio4<\/strong> \u2013 is\u00e6r Kasper Harboe \u2013 blev kritiseret for at mangle sproglig selvrefleksion.<\/p>\n<p class=\"\" data-start=\"1227\" data-end=\"1372\">I stedet for at analysere journalistikkens rolle i konflikten, <strong data-start=\"1290\" data-end=\"1339\">forsvarede Harboe den eksisterende fort\u00e6lling<\/strong> som om den var objektiv sandhed.<\/p>\n<p class=\"\" data-start=\"1374\" data-end=\"1471\">Men i et medielandskab, hvor selve ordvalget <strong data-start=\"1419\" data-end=\"1439\">former sympatien<\/strong>, er det alt andet end neutralt.<\/p>\n<hr class=\"\" data-start=\"1473\" data-end=\"1476\" \/>\n<h2 class=\"\" data-start=\"1478\" data-end=\"1500\">EN LEKTION FOR DMJX<\/h2>\n<p class=\"\" data-start=\"1502\" data-end=\"1631\">Debatten rejser ogs\u00e5 sp\u00f8rgsm\u00e5let:<br data-start=\"1535\" data-end=\"1538\" \/><strong data-start=\"1538\" data-end=\"1585\">Hvordan underviser man i journalistisk etik<\/strong>, hvis medierne selv deltager i aktiv framing?<\/p>\n<p class=\"\" data-start=\"1633\" data-end=\"1775\"><strong data-start=\"1633\" data-end=\"1681\">Danmarks Medie- og Journalisth\u00f8jskole (DMJX)<\/strong> b\u00f8r v\u00e6re epicenteret for denne samtale.<br data-start=\"1721\" data-end=\"1724\" \/>Men hidtil har det v\u00e6ret bem\u00e6rkelsesv\u00e6rdigt stille.<\/p>\n<hr class=\"\" data-start=\"1777\" data-end=\"1780\" \/>\n<h2 class=\"\" data-start=\"1782\" data-end=\"1798\">SPROGETS MAGT<\/h2>\n<p class=\"\" data-start=\"1800\" data-end=\"1841\">Sprog er ikke passivt.<br data-start=\"1822\" data-end=\"1825\" \/>Det er politisk.<\/p>\n<p class=\"\" data-start=\"1843\" data-end=\"1996\">Og lige nu?<br data-start=\"1854\" data-end=\"1857\" \/><strong data-start=\"1857\" data-end=\"1896\">Det danske mediesprog vipper sk\u00e6vt.<\/strong><br data-start=\"1896\" data-end=\"1899\" \/>Det <strong data-start=\"1903\" data-end=\"1932\">gentager magtens narrativ<\/strong> \u2013 og skaber en virkelighed, hvor Israel f\u00e5r sympatiens monopol.<\/p>\n<p>[\/spb_text_block] [spb_blank_spacer height=&#8221;30px&#8221; width=&#8221;1\/1&#8243; el_position=&#8221;first last&#8221;] [spb_text_block animation=&#8221;none&#8221; animation_delay=&#8221;0&#8243; simplified_controls=&#8221;yes&#8221; custom_css_percentage=&#8221;no&#8221; padding_vertical=&#8221;0&#8243; padding_horizontal=&#8221;0&#8243; margin_vertical=&#8221;0&#8243; custom_css=&#8221;margin-top: 0px;margin-bottom: 0px;&#8221; border_size=&#8221;0&#8243; border_styling_global=&#8221;default&#8221; width=&#8221;1\/1&#8243; el_position=&#8221;first last&#8221;]<\/p>\n<table style=\"width: 100%; border-collapse: collapse; border: 2px solid #000;\">\n<thead>\n<tr style=\"background-color: #f2f2f2; border-bottom: 3px solid #000;\">\n<th style=\"text-align: left; padding: 10px; border-right: 2px solid #000; width: 35%;\">POLITIKER \/ \u00c5RSTAL<\/th>\n<th style=\"text-align: left; padding: 10px;\">CITAT &amp; ANALYSE<\/th>\n<\/tr>\n<\/thead>\n<tbody>\n<tr style=\"border-bottom: 2px solid #000;\">\n<td style=\"padding: 10px; border-right: 2px solid #000;\"><strong>HANS HEDTOFT \u2013 1948<\/strong><\/td>\n<td style=\"padding: 10px;\">\u201cDe to befolkningsgrupper, araberne og j\u00f8derne, har ikke kunnet leve sammen. [&#8230;] En snarlig l\u00f8sning var n\u00f8dvendig.\u201d<br \/>\n<em>(Radiotale, 20. januar 1948)<\/em><br \/>\nHedtoft legitimerer delingen af Pal\u00e6stina uden omtanke for arabernes ret til selvbestemmelse.<\/td>\n<\/tr>\n<tr style=\"border-bottom: 2px solid #000;\">\n<td style=\"padding: 10px; border-right: 2px solid #000;\"><strong>H.C. HANSEN \u2013 1957<\/strong><\/td>\n<td style=\"padding: 10px;\">\u201cDanmark kan ikke medvirke til sanktioner mod Israel.\u201d<br \/>\n<em>(Udtalelse, 20. februar 1957)<\/em><br \/>\nUdtryk for ubetinget st\u00f8tte til Israel trods aggressiv milit\u00e6r handling under Suezkrisen.<\/td>\n<\/tr>\n<tr style=\"border-bottom: 2px solid #000;\">\n<td style=\"padding: 10px; border-right: 2px solid #000;\"><strong>ANKER J\u00d8RGENSEN \u2013 1973<\/strong><\/td>\n<td style=\"padding: 10px;\">\u201cKrigen var for\u00e5rsaget af de arabiske lande [&#8230;] mange ansvarlige i de arabiske lande [&#8230;] \u00f8nsker at skubbe Israel ud i Middelhavet.\u201d<br \/>\n<em>(Udtalelse, oktober 1973)<\/em><br \/>\nEntydig placering af ansvar uden anerkendelse af Israels rolle eller pal\u00e6stinensisk kontekst.<\/td>\n<\/tr>\n<tr style=\"border-bottom: 2px solid #000;\">\n<td style=\"padding: 10px; border-right: 2px solid #000;\"><strong>ANKER J\u00d8RGENSEN \u2013 1974<\/strong><\/td>\n<td style=\"padding: 10px;\">\u201cDet er satans ogs\u00e5, at vi storpolitisk ikke kan udtrykke os, som vi vil.\u201d<br \/>\n<em>(FN-resolution, 19. november 1974)<\/em><br \/>\nFrustration over ikke at kunne st\u00f8tte Israel eksplicit i FN-resolution om PLO.<\/td>\n<\/tr>\n<tr style=\"border-bottom: 2px solid #000;\">\n<td style=\"padding: 10px; border-right: 2px solid #000;\"><strong>POUL SCHL\u00dcTER \u2013 1982<\/strong><\/td>\n<td style=\"padding: 10px;\">\u201cIsrael har ret til at forsvare sig mod terror.\u201d<br \/>\n<em>(Udtalelse, Libanon-invasion 1982)<\/em><br \/>\nFraming af konflikten udelukkende gennem \u201cterror\u201d-linse uden omtale af civile pal\u00e6stinensiske ofre.<\/td>\n<\/tr>\n<tr style=\"border-bottom: 2px solid #000;\">\n<td style=\"padding: 10px; border-right: 2px solid #000;\"><strong>ULRICH STENSGAARD \u2013 1985<\/strong><\/td>\n<td style=\"padding: 10px;\">\u201cDanmark b\u00f8r ikke blande sig i Mellem\u00f8stens anliggender.\u201d<br \/>\n<em>(Svar p\u00e5 kritik af v\u00e5beneksport)<\/em><br \/>\nPassiv politisk holdning og fravalg af v\u00e6rdibaseret stillingtagen.<\/td>\n<\/tr>\n<tr style=\"border-bottom: 2px solid #000;\">\n<td style=\"padding: 10px; border-right: 2px solid #000;\"><strong>PER H\u00c6KKERUP \u2013 1987<\/strong><\/td>\n<td style=\"padding: 10px;\">\u201cPLO er en terrororganisation uden legitime krav.\u201d<br \/>\n<em>(Udtalelse, folketingsdebat 1987)<\/em><br \/>\nAfvisning af PLO\u2019s rolle som repr\u00e6sentant for pal\u00e6stinenserne i en tid f\u00f8r Hamas.<\/td>\n<\/tr>\n<\/tbody>\n<\/table>\n<p>[\/spb_text_block] [spb_text_block animation=&#8221;none&#8221; animation_delay=&#8221;0&#8243; simplified_controls=&#8221;yes&#8221; custom_css_percentage=&#8221;no&#8221; padding_vertical=&#8221;0&#8243; padding_horizontal=&#8221;0&#8243; margin_vertical=&#8221;0&#8243; custom_css=&#8221;margin-top: 0px;margin-bottom: 0px;&#8221; border_size=&#8221;0&#8243; border_styling_global=&#8221;default&#8221; width=&#8221;1\/1&#8243; el_position=&#8221;first last&#8221;]<\/p>\n<div class=\"flex-shrink-0 flex flex-col relative items-end\">\n<div class=\"pt-0\">\n<h3 class=\"\" data-start=\"237\" data-end=\"274\">SPROG, STRATEGI OG MAGTKAMP<\/h3>\n<p class=\"\" data-start=\"275\" data-end=\"323\"><strong data-start=\"275\" data-end=\"323\">N\u00c5R JOURNALISTER SKABER FORT\u00c6LLINGER OM GAZA<\/strong><\/p>\n<p class=\"\" data-start=\"325\" data-end=\"689\">Sprog er ikke kun information \u2013 det er magt. I enhver konflikt bliver ord som <em data-start=\"403\" data-end=\"413\">\u201cterror\u201d<\/em>, <em data-start=\"415\" data-end=\"424\">\u201copr\u00f8r\u201d<\/em>, <em data-start=\"426\" data-end=\"437\">\u201cgidsler\u201d<\/em> og <em data-start=\"441\" data-end=\"460\">\u201cdemonstrationer\u201d<\/em> ikke bare beskrivende, men styrende. N\u00e5r de bruges selektivt, former de vores forst\u00e5else og flytter sympatien. I d\u00e6kningen af Gaza reduceres komplekse historiske og humanit\u00e6re forhold ofte til enkle og polariserede forklaringer.<\/p>\n<hr class=\"\" data-start=\"691\" data-end=\"694\" \/>\n<h3 class=\"\" data-start=\"696\" data-end=\"752\">S\u00d8REN K. VILLEMOES, RADIO4 OG NARRATIVET OM GAZA<\/h3>\n<p class=\"\" data-start=\"754\" data-end=\"1140\">Journalister som S\u00f8ren K. Villemoes (Weekendavisen), Kasper Harboe og Peter Marstal (Radio4) spiller en aktiv rolle i den danske fortolkning af Gaza-konflikten. Gennem sproglige valg, gentagelser og fravalg af n\u00f8gleelementer \u2013 som <em data-start=\"985\" data-end=\"1014\">blokade, sult og bes\u00e6ttelse<\/em> \u2013 reduceres konflikten til \u00e9n kerne: <em data-start=\"1052\" data-end=\"1059\">Hamas<\/em>. Dermed flyttes fokus v\u00e6k fra den bredere kontekst og civilbefolkningens vilk\u00e5r.<\/p>\n<hr class=\"\" data-start=\"1142\" data-end=\"1145\" \/>\n<h3 class=\"\" data-start=\"1147\" data-end=\"1206\">ER DET OBJEKTIV JOURNALISTIK \u2013 ELLER AKTIV FRAMING?<\/h3>\n<p class=\"\" data-start=\"1208\" data-end=\"1388\">N\u00e5r bestemte ord og vinkler gentages, mens centrale fakta udelades, m\u00e5 vi sp\u00f8rge:<br data-start=\"1289\" data-end=\"1292\" \/>Er det journalistisk objektivitet \u2013 eller en form for <em data-start=\"1346\" data-end=\"1362\">medieaktivisme<\/em> forkl\u00e6dt som neutralitet?<\/p>\n<p class=\"\" data-start=\"1390\" data-end=\"1622\">Begreber som <strong data-start=\"1403\" data-end=\"1414\">Hasbara<\/strong> \u2013 en israelsk informationsstrategi, der s\u00f8ger at p\u00e5virke internationale medier \u2013 spiller en stigende rolle. Hvad sker der, n\u00e5r journalistikken ikke blot d\u00e6kker virkeligheden, men er med til at <em data-start=\"1608\" data-end=\"1617\">designe<\/em> den?<\/p>\n<h2 data-start=\"122\" data-end=\"150\">L\u00c6S MERE &amp; FORDYB DIG<\/h2>\n<p class=\"\" data-start=\"152\" data-end=\"544\"><a class=\"\" href=\"https:\/\/zlcopenhagen.com\/da\/kasper-harboe-peter-marstal-radio4-afsloering\/\" target=\"_new\" rel=\"noopener\" data-start=\"155\" data-end=\"290\">Kasper Harboe &amp; Peter Marstal \u2013 Radio4\u2019s framing afsl\u00f8ret<\/a><br data-start=\"290\" data-end=\"293\" \/><a class=\"\" href=\"https:\/\/zlcopenhagen.com\/da\/the-information-war-hamas-charter\/\" target=\"_new\" rel=\"noopener\" data-start=\"296\" data-end=\"417\">The Information War \u2013 Hamas Charter og propagandakrigen<\/a><br data-start=\"417\" data-end=\"420\" \/><a class=\"\" href=\"https:\/\/radio4.dk\/podcasts\/radio4-debat\/demonstrationer-mod-hamas\" target=\"_new\" rel=\"noopener\" data-start=\"423\" data-end=\"544\">Lyt til Radio4-debatten om demonstrationer mod Hamas<\/a><\/p>\n<\/div>\n<\/div>\n<p>[\/spb_text_block] [spb_blank_spacer height=&#8221;30px&#8221; width=&#8221;1\/1&#8243; el_position=&#8221;first last&#8221;] [spb_image image=&#8221;30838&#8243; image_size=&#8221;full&#8221; frame=&#8221;noframe&#8221; caption_pos=&#8221;hover&#8221; remove_rounded=&#8221;yes&#8221; fullwidth=&#8221;no&#8221; overflow_mode=&#8221;none&#8221; link_target=&#8221;_self&#8221; lightbox=&#8221;no&#8221; intro_animation=&#8221;none&#8221; animation_delay=&#8221;200&#8243; width=&#8221;1\/1&#8243; el_position=&#8221;first last&#8221;][\/spb_image] [spb_blank_spacer height=&#8221;30px&#8221; width=&#8221;1\/1&#8243; el_position=&#8221;first last&#8221;] [spb_blank_spacer height=&#8221;30px&#8221; width=&#8221;1\/1&#8243; el_position=&#8221;first last&#8221;] [spb_raw_html width=&#8221;1\/1&#8243; el_position=&#8221;first last&#8221;]JTNDYmxvY2txdW90ZSUyMGNsYXNzJTNEJTIydHdpdHRlci10d2VldCUyMiUyMGRhdGEtdGhlbWUlM0QlMjJkYXJrJTIyJTIwc3R5bGUlM0QlMjJtYXgtd2lkdGglM0ElMjAxMDAlMjUlM0IlMjB3aWR0aCUzQSUyMDEwMCUyNSUzQiUyMiUzRSUwQSUyMCUyMCUyMCUyMCUzQ3AlMjBsYW5nJTNEJTIyZGElMjIlMjBkaXIlM0QlMjJsdHIlMjIlM0UlMEElMjAlMjAlMjAlMjAlMjAlMjAlMjAlMjBTJUMzJUI4cmVuJTJDJTIwYmxvayVDMyVBOXIlMjBkdSUyMGJhcmUlMjAlRTIlODAlOTQlMjBkdSUyMHZpbGxlJTIwaWtrZSUyMHYlQzMlQTZyZSUyMGRlbiUyMGYlQzMlQjhyc3RlLiUyMEthc3BlciUyMEhhcmJvZSUyMGdqb3JkZSUyMGRldCUyQyUyMGRhJTIwaGFuJTIwZm9ydmVrc2xlZGUlMjBnaWRzbGVyJTIwbWVkJTIwZmFuZ2VyLiUyMERldCUyMGVyJTIwZm9yc3QlQzMlQTVlbGlndCUyQyUyMGh2aXMlMjBkZXQlMjBlciUyMHN2JUMzJUE2cnQlMjBhdCUyMGhvbGRlJTIwaG92ZWRldCUyMGtvbGR0JTJDJTIwbiVDMyVBNXIlMjBtYW4lMjBmcnlndGVyJTIwYXQlMjBlbmRlJTIwc29tJTIwc2luJTIwZmFyJTNBJTIwRW4lMjBkZXIlMjBzYWdkZSUyMHNhbmRoZWRlbiUyQyUyMHNlbHYlMjBuJUMzJUE1ciUyMGRldCUyMGtvc3RlZGUuJTBBJTIwJTIwJTIwJTIwJTNDJTJGcCUzRSUwQSUyMCUyMCUyMCUyMCUyNm1kYXNoJTNCJTIwWmFoaWQlMjBMYXRpZiUyMCVGMCU5RiU4NyVCNSVGMCU5RiU4NyVCOCVGMCU5RiU4NyVCNSVGMCU5RiU4NyVCMCVGMCU5RiU4NyVBOCVGMCU5RiU4NyVCMyVGMCU5RiU4NyVCNyVGMCU5RiU4NyVCQSVGMCU5RiU4NyVCRiVGMCU5RiU4NyVBNiVGMCU5RiU4NyVBRSVGMCU5RiU4NyVCMyVGMCU5RiU4QyU4OCUyMCUyOCU0MHphaGlkbGF0aWZ6YWhpZCUyOSUwQSUyMCUyMCUyMCUyMCUzQ2ElMjBocmVmJTNEJTIyaHR0cHMlM0ElMkYlMkZ0d2l0dGVyLmNvbSUyRnphaGlkbGF0aWZ6YWhpZCUyRnN0YXR1cyUyRjE5MDc4MDg2NTcwMTk5MjQ2OTQlM0ZyZWZfc3JjJTNEdHdzcmMlMjU1RXRmdyUyMiUzRUFwcmlsJTIwMyUyQyUyMDIwMjUlM0MlMkZhJTNFJTBBJTNDJTJGYmxvY2txdW90ZSUzRSUwQSUzQ3NjcmlwdCUyMGFzeW5jJTIwc3JjJTNEJTIyaHR0cHMlM0ElMkYlMkZwbGF0Zm9ybS50d2l0dGVyLmNvbSUyRndpZGdldHMuanMlMjIlMjBjaGFyc2V0JTNEJTIydXRmLTglMjIlM0UlM0MlMkZzY3JpcHQlM0U=[\/spb_raw_html] [spb_blank_spacer height=&#8221;30px&#8221; width=&#8221;1\/1&#8243; el_position=&#8221;first last&#8221;] [spb_text_block animation=&#8221;none&#8221; animation_delay=&#8221;0&#8243; simplified_controls=&#8221;yes&#8221; custom_css_percentage=&#8221;no&#8221; padding_vertical=&#8221;0&#8243; padding_horizontal=&#8221;0&#8243; margin_vertical=&#8221;0&#8243; custom_css=&#8221;margin-top: 0px;margin-bottom: 0px;&#8221; border_size=&#8221;0&#8243; border_styling_global=&#8221;default&#8221; width=&#8221;1\/1&#8243; el_position=&#8221;first last&#8221;]<\/p>\n<h2>HVEM ER KASPER HARBOE?<\/h2>\n<p>Kasper Harboe fra Radio4?<br data-start=\"199\" data-end=\"202\" \/>Jo, ham der troede, man bare kunne kalde pal\u00e6stinensere \u201cfanger\u201d og israelere \u201cgidsler\u201d \u2014 uden at nogen ville opdage det.<br data-start=\"325\" data-end=\"328\" \/>Se hvad der egentlig skete L\u00e6s <a href=\"https:\/\/zlcopenhagen.com\/da\/kasper-harboe-peter-marstal-radio4-afsloering\/\" target=\"_blank\" rel=\"noopener\">Her\u00a0<\/a><\/p>\n<p>[\/spb_text_block] [spb_blank_spacer height=&#8221;30px&#8221; width=&#8221;1\/1&#8243; el_position=&#8221;first last&#8221;] [spb_raw_html width=&#8221;1\/1&#8243; el_position=&#8221;first last&#8221;]JTNDZGl2JTIwc3R5bGUlM0QlMjJtYXgtd2lkdGglM0ElMjAxMDAlMjUlM0IlMjBvdmVyZmxvdy14JTNBJTIwYXV0byUzQiUyMiUzRSUwQSUyMCUyMCUzQ2Jsb2NrcXVvdGUlMjBjbGFzcyUzRCUyMnR3aXR0ZXItdHdlZXQlMjIlMjBkYXRhLXRoZW1lJTNEJTIyZGFyayUyMiUzRSUwQSUyMCUyMCUyMCUyMCUzQ3AlMjBsYW5nJTNEJTIyZGElMjIlMjBkaXIlM0QlMjJsdHIlMjIlM0VHaWRzbGVyJTIwZWxsZXIlMjBmYW5nZXIlM0YlM0NiciUzRSUzQ2JyJTNFJTBBJTIwJTIwJTIwJTIwJTIwJTIwTWVkaWVybmUlMjBnJUMzJUI4ciUyMGZvcnNrZWwlMkMlMjBuJUMzJUE1ciUyMGlzcmFlbGVyZSUyMG9tdGFsZXMlMjBzb20lMjBnaWRzbGVyJTJDJTIwbWVucyUyMHBhbCVDMyVBNnN0aW5lbnNlcmUlMjBrYWxkZXMlMjBmYW5nZXIuJTIwRGV0JTIwbWVuZXIlMjBmb3JtYW5kJTIwZm9yJTIwRnJpZSUyMEdyJUMzJUI4bm5lJTJDJTIwU2lrYW5kYXIlMjBTaWRkaXF1ZS4lM0NiciUzRSUzQ2JyJTNFJTBBJTIwJTIwJTIwJTIwJTIwJTIwSCVDMyVCOHIlMjBoZWxlJTIwZGViYXR0ZW4lMjBoZXIlM0ElM0NhJTIwaHJlZiUzRCUyMmh0dHBzJTNBJTJGJTJGdC5jbyUyRkJIWHpsandxQ3MlMjIlM0VodHRwcyUzQSUyRiUyRnQuY28lMkZCSFh6bGp3cUNzJTNDJTJGYSUzRSUyMCUwQSUyMCUyMCUyMCUyMCUyMCUyMCUzQ2ElMjBocmVmJTNEJTIyaHR0cHMlM0ElMkYlMkZ0LmNvJTJGVE1hUUdkWVpCMCUyMiUzRXBpYy50d2l0dGVyLmNvbSUyRlRNYVFHZFlaQjAlM0MlMkZhJTNFJTBBJTIwJTIwJTIwJTIwJTNDJTJGcCUzRSUyNm1kYXNoJTNCJTIwUkFESU8lMjBJSUlJJTIwJTI4JTQwcmFkaW80ZGslMjklMjAlMEElMjAlMjAlMjAlMjAlM0NhJTIwaHJlZiUzRCUyMmh0dHBzJTNBJTJGJTJGdHdpdHRlci5jb20lMkZyYWRpbzRkayUyRnN0YXR1cyUyRjE4ODIzMDc0OTI5NjY3MDc0OTglM0ZyZWZfc3JjJTNEdHdzcmMlMjU1RXRmdyUyMiUzRUphbnVhcnklMjAyMyUyQyUyMDIwMjUlM0MlMkZhJTNFJTBBJTIwJTIwJTNDJTJGYmxvY2txdW90ZSUzRSUwQSUyMCUyMCUzQ3NjcmlwdCUyMGFzeW5jJTIwc3JjJTNEJTIyaHR0cHMlM0ElMkYlMkZwbGF0Zm9ybS50d2l0dGVyLmNvbSUyRndpZGdldHMuanMlMjIlMjBjaGFyc2V0JTNEJTIydXRmLTglMjIlM0UlM0MlMkZzY3JpcHQlM0UlMEElM0MlMkZkaXYlM0U=[\/spb_raw_html] [spb_blank_spacer height=&#8221;30px&#8221; width=&#8221;1\/1&#8243; el_position=&#8221;first last&#8221;] [spb_blank_spacer height=&#8221;30px&#8221; width=&#8221;1\/1&#8243; el_position=&#8221;first last&#8221;] [spb_raw_html width=&#8221;1\/1&#8243; el_position=&#8221;first last&#8221;]JTNDYmxvY2txdW90ZSUyMGNsYXNzJTNEJTIydHdpdHRlci10d2VldCUyMiUyMGRhdGEtdGhlbWUlM0QlMjJkYXJrJTIyJTNFJTNDcCUyMGxhbmclM0QlMjJlbiUyMiUyMGRpciUzRCUyMmx0ciUyMiUzRVRoZSUyMG1lZGlhJTIwYW5kJTIwd2VzdGVybiUyMHBvbGl0aWNpYW5zJTIwcHJldGVuZGVkJTIwdGhhdCUyMHRoZSUyMHRha2luZyUyMG9mJTIwaG9zdGFnZXMlMjBieSUyMEhhbWFzJTJDJTIwJTI4d2hvJTIwd2UlMjBub3clMjBrbm93JTIwd2UlMjYlMjMzOSUzQnJlJTIwdHJlYXRlZCUyMHZlcnklMjB3ZWxsJTJDJTI5JTIwd2FzJTIwYSUyMG1vZGVybiUyMGh1bWFuJTIwdHJhdmVzdHkuJTIwJTNDYnIlM0UlM0NiciUzRU1lYW53aGlsZSUyMElzcmFlbCUyMCVGMCU5RiU4NyVBRSVGMCU5RiU4NyVCMSUyMGhhcyUyMGJlZW4lMjB0YWxraW5nJTIwUGFsZXN0aW5pYW5zJTIwYnklMjB0aGUlMjBUSE9VU0FORFMlMjBmb3IlMjBkZWNhZGVzLiUyMEluJTIwc29tZSUyMHNob3RzJTIweW91JTIwY2FuJTIwc2VlJTIwdGhlbSUyMGluJTIwY2FnZXMlMjBsaWtlJUUyJTgwJUE2JTIwJTNDYSUyMGhyZWYlM0QlMjJodHRwcyUzQSUyRiUyRnQuY28lMkY2OGZwMlIybjJZJTIyJTNFcGljLnR3aXR0ZXIuY29tJTJGNjhmcDJSMm4yWSUzQyUyRmElM0UlM0MlMkZwJTNFJTI2bWRhc2glM0IlMjBOb2N0aXMlMjBEcmF2ZW4lMjAlMjglNDBEcmF2ZW5Ob2N0aXMlMjklMjAlM0NhJTIwaHJlZiUzRCUyMmh0dHBzJTNBJTJGJTJGdHdpdHRlci5jb20lMkZEcmF2ZW5Ob2N0aXMlMkZzdGF0dXMlMkYxODg0NDMwNzA3NjU4ODE3Nzk0JTNGcmVmX3NyYyUzRHR3c3JjJTI1NUV0ZnclMjIlM0VKYW51YXJ5JTIwMjklMkMlMjAyMDI1JTNDJTJGYSUzRSUzQyUyRmJsb2NrcXVvdGUlM0UlMjAlM0NzY3JpcHQlMjBhc3luYyUyMHNyYyUzRCUyMmh0dHBzJTNBJTJGJTJGcGxhdGZvcm0udHdpdHRlci5jb20lMkZ3aWRnZXRzLmpzJTIyJTIwY2hhcnNldCUzRCUyMnV0Zi04JTIyJTNFJTNDJTJGc2NyaXB0JTNF[\/spb_raw_html] [spb_blank_spacer height=&#8221;30px&#8221; width=&#8221;1\/1&#8243; el_position=&#8221;first last&#8221;] [spb_blog blog_type=&#8221;standard&#8221; gutters=&#8221;yes&#8221; columns=&#8221;2&#8243; fullwidth=&#8221;no&#8221; item_count=&#8221;20&#8243; category=&#8221;All&#8221; offset=&#8221;0&#8243; order_by=&#8221;date&#8221; order=&#8221;DESC&#8221; show_title=&#8221;yes&#8221; show_excerpt=&#8221;no&#8221; show_details=&#8221;no&#8221; excerpt_length=&#8221;20&#8243; content_output=&#8221;excerpt&#8221; show_read_more=&#8221;yes&#8221; social_integration=&#8221;no&#8221; blog_filter=&#8221;yes&#8221; pagination=&#8221;infinite-scroll&#8221; alt_styling=&#8221;no&#8221; width=&#8221;1\/1&#8243; el_position=&#8221;first last&#8221;] [spb_blank_spacer height=&#8221;30px&#8221; width=&#8221;1\/1&#8243; el_position=&#8221;first last&#8221;]<\/p>\n","protected":false},"excerpt":{"rendered":"<p>[spb_blank_spacer height=&#8221;30px&#8221; width=&#8221;1\/1&#8243; el_position=&#8221;first last&#8221;] [spb_raw_html width=&#8221;1\/1&#8243; el_position=&#8221;first last&#8221;]JTNDZGl2JTIwc3R5bGUlM0QlMjJwb3NpdGlvbiUzQSUyMHJlbGF0aXZlJTNCJTIwd2lkdGglM0ElMjAxMDAlMjUlM0IlMjBoZWlnaHQlM0ElMjAwJTNCJTIwcGFkZGluZy1ib3R0b20lM0ElMjAyNSUyNSUzQiUyMiUzRSUwQSUyMCUyMCUyMCUyMCUzQ2lmcmFtZSUyMHNyYyUzRCUyMmh0dHBzJTNBJTJGJTJGcmFkaW80LmRrJTJGZW1iZWQlMkZjMGM1NWU4OC02Nzk4LTRlMDgtYWNiOS1iMmFlMDBmZjhlODQlMjIlMjAlMEElMjAlMjAlMjAlMjAlMjAlMjAlMjAlMjAlMjAlMjAlMjAlMjBzdHlsZSUzRCUyMnBvc2l0aW9uJTNBJTIwYWJzb2x1dGUlM0IlMjB0b3AlM0ElMjAwJTNCJTIwbGVmdCUzQSUyMDAlM0IlMjB3aWR0aCUzQSUyMDEwMCUyNSUzQiUyMGhlaWdodCUzQSUyMDEwMCUyNSUzQiUyMiUyMCUwQSUyMCUyMCUyMCUyMCUyMCUyMCUyMCUyMCUyMCUyMCUyMCUyMGZyYW1lYm9yZGVyJTNEJTIyMCUyMiUyMCUwQSUyMCUyMCUyMCUyMCUyMCUyMCUyMCUyMCUyMCUyMCUyMCUyMGFsbG93ZnVsbHNjcmVlbiUzRSUwQSUyMCUyMCUyMCUyMCUzQyUyRmlmcmFtZSUzRSUwQSUzQyUyRmRpdiUzRQ==[\/spb_raw_html] [spb_blank_spacer height=&#8221;30px&#8221; width=&#8221;1\/1&#8243; el_position=&#8221;first last&#8221;] [spb_image image=&#8221;45337&#8243; image_size=&#8221;full&#8221; frame=&#8221;noframe&#8221; caption_pos=&#8221;hover&#8221; remove_rounded=&#8221;yes&#8221; fullwidth=&#8221;no&#8221; overflow_mode=&#8221;none&#8221; link_target=&#8221;_self&#8221; lightbox=&#8221;no&#8221; intro_animation=&#8221;none&#8221; animation_delay=&#8221;200&#8243; width=&#8221;1\/1&#8243; el_position=&#8221;first last&#8221;][\/spb_image] [spb_blank_spacer height=&#8221;30px&#8221; width=&#8221;1\/1&#8243; el_position=&#8221;first last&#8221;] [spb_text_block animation=&#8221;none&#8221; animation_delay=&#8221;0&#8243; simplified_controls=&#8221;yes&#8221; custom_css_percentage=&#8221;no&#8221; padding_vertical=&#8221;0&#8243; padding_horizontal=&#8221;0&#8243; margin_vertical=&#8221;0&#8243; custom_css=&#8221;margin-top: 0px;margin-bottom: 0px;&#8221; border_size=&#8221;0&#8243; border_styling_global=&#8221;default&#8221; width=&#8221;1\/1&#8243; el_position=&#8221;first last&#8221;] stadig under udvikling S\u00d8REN K. VILLEMOES VS NIELS BRINCH KAMPEN [&hellip;]<\/p>\n","protected":false},"author":2,"featured_media":0,"comment_status":"closed","ping_status":"closed","sticky":false,"template":"","format":"standard","meta":{"footnotes":""},"categories":[1638,1640,1808,302,1353],"tags":[],"class_list":["post-45331","post","type-post","status-publish","format-standard","hentry","category-cultur-clash-da","category-geopolitics-da","category-hasbara","category-report-da","category-uafhaengige-nyheder"],"yoast_head":"<!-- This site is optimized with the Yoast SEO Premium plugin v26.6 (Yoast SEO v27.5) - https:\/\/yoast.com\/product\/yoast-seo-premium-wordpress\/ -->\n<title>Debat eksploderer: S\u00f8ren Villemoes og Brinch i Gaza-konflikt<\/title>\n<meta name=\"description\" content=\"Fire profiler t\u00f8rner sammen i medieopg\u00f8r om Gaza, Hamas og framing. Er medierne neutrale \u2013 eller designes virkeligheden?\" \/>\n<meta name=\"robots\" content=\"index, follow, max-snippet:-1, max-image-preview:large, max-video-preview:-1\" \/>\n<link rel=\"canonical\" href=\"https:\/\/zlcopenhagen.com\/da\/gaza-villemoes-brinch\/\" \/>\n<meta property=\"og:locale\" content=\"da_DK\" \/>\n<meta property=\"og:type\" content=\"article\" \/>\n<meta property=\"og:title\" content=\"ZLCOPENHAGEN: Danish-Punjabi Ethical Menswear\" \/>\n<meta property=\"og:description\" content=\"ZLCOPENHAGEN merges Danish minimalism with Punjabi pride. Ethical menswear with muscle, message, and meaning. Designed with zidd.\" \/>\n<meta property=\"og:url\" content=\"https:\/\/zlcopenhagen.com\/da\/gaza-villemoes-brinch\/\" \/>\n<meta property=\"og:site_name\" content=\"zlcopenhagen.com\" \/>\n<meta property=\"article:published_time\" content=\"2025-04-14T14:11:38+00:00\" \/>\n<meta property=\"article:modified_time\" content=\"2025-04-15T13:05:21+00:00\" \/>\n<meta property=\"og:image\" content=\"https:\/\/zlcopenhagen.com\/wp-content\/uploads\/2014\/11\/zlc-.jpg\" \/>\n\t<meta property=\"og:image:width\" content=\"1908\" \/>\n\t<meta property=\"og:image:height\" content=\"1062\" \/>\n\t<meta property=\"og:image:type\" content=\"image\/jpeg\" \/>\n<meta name=\"author\" content=\"ZLC Team\" \/>\n<meta name=\"twitter:card\" content=\"summary_large_image\" \/>\n<meta name=\"twitter:label1\" content=\"Skrevet af\" \/>\n\t<meta name=\"twitter:data1\" content=\"ZLC Team\" \/>\n\t<meta name=\"twitter:label2\" content=\"Estimeret l\u00e6setid\" \/>\n\t<meta name=\"twitter:data2\" content=\"8 minutter\" \/>\n<!-- \/ Yoast SEO Premium plugin. -->","yoast_head_json":{"title":"Debat eksploderer: S\u00f8ren Villemoes og Brinch i Gaza-konflikt","description":"Fire profiler t\u00f8rner sammen i medieopg\u00f8r om Gaza, Hamas og framing. Er medierne neutrale \u2013 eller designes virkeligheden?","robots":{"index":"index","follow":"follow","max-snippet":"max-snippet:-1","max-image-preview":"max-image-preview:large","max-video-preview":"max-video-preview:-1"},"canonical":"https:\/\/zlcopenhagen.com\/da\/gaza-villemoes-brinch\/","og_locale":"da_DK","og_type":"article","og_title":"ZLCOPENHAGEN: Danish-Punjabi Ethical Menswear","og_description":"ZLCOPENHAGEN merges Danish minimalism with Punjabi pride. Ethical menswear with muscle, message, and meaning. Designed with zidd.","og_url":"https:\/\/zlcopenhagen.com\/da\/gaza-villemoes-brinch\/","og_site_name":"zlcopenhagen.com","article_published_time":"2025-04-14T14:11:38+00:00","article_modified_time":"2025-04-15T13:05:21+00:00","og_image":[{"width":1908,"height":1062,"url":"https:\/\/zlcopenhagen.com\/wp-content\/uploads\/2014\/11\/zlc-.jpg","type":"image\/jpeg"}],"author":"ZLC Team","twitter_card":"summary_large_image","twitter_misc":{"Skrevet af":"ZLC Team","Estimeret l\u00e6setid":"8 minutter"},"schema":{"@context":"https:\/\/schema.org","@graph":[{"@type":["Article","BlogPosting"],"@id":"https:\/\/zlcopenhagen.com\/da\/gaza-villemoes-brinch\/#article","isPartOf":{"@id":"https:\/\/zlcopenhagen.com\/da\/gaza-villemoes-brinch\/"},"author":{"name":"ZLC Team","@id":"https:\/\/zlcopenhagen.com\/#\/schema\/person\/c7ce5649957ac4c1258910e89f0f5fb3"},"headline":"S\u00d8REN K. VILLEMOES: GLEM 1967\u20131987 \u2013 DET RAGER IKKE GAZA-DEBATTEN!","datePublished":"2025-04-14T14:11:38+00:00","dateModified":"2025-04-15T13:05:21+00:00","mainEntityOfPage":{"@id":"https:\/\/zlcopenhagen.com\/da\/gaza-villemoes-brinch\/"},"wordCount":2880,"publisher":{"@id":"https:\/\/zlcopenhagen.com\/#organization"},"articleSection":["Cultur Clash","Geopolitics","HASBARA","Report","UAFH\u00c6NGIGE NYHEDER"],"inLanguage":"da-DK","copyrightYear":"2025","copyrightHolder":{"@id":"https:\/\/zlcopenhagen.com\/#organization"}},{"@type":"WebPage","@id":"https:\/\/zlcopenhagen.com\/da\/gaza-villemoes-brinch\/","url":"https:\/\/zlcopenhagen.com\/da\/gaza-villemoes-brinch\/","name":"Debat eksploderer: S\u00f8ren Villemoes og Brinch i Gaza-konflikt","isPartOf":{"@id":"https:\/\/zlcopenhagen.com\/#website"},"datePublished":"2025-04-14T14:11:38+00:00","dateModified":"2025-04-15T13:05:21+00:00","description":"Fire profiler t\u00f8rner sammen i medieopg\u00f8r om Gaza, Hamas og framing. Er medierne neutrale \u2013 eller designes virkeligheden?","breadcrumb":{"@id":"https:\/\/zlcopenhagen.com\/da\/gaza-villemoes-brinch\/#breadcrumb"},"inLanguage":"da-DK","potentialAction":[{"@type":"ReadAction","target":["https:\/\/zlcopenhagen.com\/da\/gaza-villemoes-brinch\/"]}]},{"@type":"BreadcrumbList","@id":"https:\/\/zlcopenhagen.com\/da\/gaza-villemoes-brinch\/#breadcrumb","itemListElement":[{"@type":"ListItem","position":1,"name":"Home","item":"https:\/\/zlcopenhagen.com\/da\/"},{"@type":"ListItem","position":2,"name":"S\u00d8REN K. VILLEMOES: GLEM 1967\u20131987 \u2013 DET RAGER IKKE GAZA-DEBATTEN!"}]},{"@type":"WebSite","@id":"https:\/\/zlcopenhagen.com\/#website","url":"https:\/\/zlcopenhagen.com\/","name":"zlcopenhagen.com","description":"","publisher":{"@id":"https:\/\/zlcopenhagen.com\/#organization"},"potentialAction":[{"@type":"SearchAction","target":{"@type":"EntryPoint","urlTemplate":"https:\/\/zlcopenhagen.com\/?s={search_term_string}"},"query-input":{"@type":"PropertyValueSpecification","valueRequired":true,"valueName":"search_term_string"}}],"inLanguage":"da-DK"},{"@type":["Organization","Place"],"@id":"https:\/\/zlcopenhagen.com\/#organization","name":"ZLCOPENHAGEN","alternateName":"ZLCOPENHAGEN","url":"https:\/\/zlcopenhagen.com\/","logo":{"@id":"https:\/\/zlcopenhagen.com\/da\/gaza-villemoes-brinch\/#local-main-organization-logo"},"image":{"@id":"https:\/\/zlcopenhagen.com\/da\/gaza-villemoes-brinch\/#local-main-organization-logo"},"sameAs":["https:\/\/www.youtube.com\/channel\/UCy7JINwB6DMr2fA9yHpDQJg"],"telephone":[],"openingHoursSpecification":[{"@type":"OpeningHoursSpecification","dayOfWeek":["Monday","Tuesday","Wednesday","Thursday","Friday","Saturday","Sunday"],"opens":"09:00","closes":"17:00"}]},{"@type":"Person","@id":"https:\/\/zlcopenhagen.com\/#\/schema\/person\/c7ce5649957ac4c1258910e89f0f5fb3","name":"ZLC Team","image":{"@type":"ImageObject","inLanguage":"da-DK","@id":"https:\/\/secure.gravatar.com\/avatar\/bb92a8e9bdde1cf2114b74dce44557ee57d3909986eab1422fc34e9cce350044?s=96&d=mm&r=g","url":"https:\/\/secure.gravatar.com\/avatar\/bb92a8e9bdde1cf2114b74dce44557ee57d3909986eab1422fc34e9cce350044?s=96&d=mm&r=g","contentUrl":"https:\/\/secure.gravatar.com\/avatar\/bb92a8e9bdde1cf2114b74dce44557ee57d3909986eab1422fc34e9cce350044?s=96&d=mm&r=g","caption":"ZLC Team"}},{"@type":"ImageObject","inLanguage":"da-DK","@id":"https:\/\/zlcopenhagen.com\/da\/gaza-villemoes-brinch\/#local-main-organization-logo","url":"https:\/\/zlcopenhagen.com\/wp-content\/uploads\/2016\/05\/blog-logo.jpg","contentUrl":"https:\/\/zlcopenhagen.com\/wp-content\/uploads\/2016\/05\/blog-logo.jpg","width":68,"height":68,"caption":"ZLCOPENHAGEN"}]}},"_links":{"self":[{"href":"https:\/\/zlcopenhagen.com\/da\/wp-json\/wp\/v2\/posts\/45331","targetHints":{"allow":["GET"]}}],"collection":[{"href":"https:\/\/zlcopenhagen.com\/da\/wp-json\/wp\/v2\/posts"}],"about":[{"href":"https:\/\/zlcopenhagen.com\/da\/wp-json\/wp\/v2\/types\/post"}],"author":[{"embeddable":true,"href":"https:\/\/zlcopenhagen.com\/da\/wp-json\/wp\/v2\/users\/2"}],"replies":[{"embeddable":true,"href":"https:\/\/zlcopenhagen.com\/da\/wp-json\/wp\/v2\/comments?post=45331"}],"version-history":[{"count":40,"href":"https:\/\/zlcopenhagen.com\/da\/wp-json\/wp\/v2\/posts\/45331\/revisions"}],"predecessor-version":[{"id":45890,"href":"https:\/\/zlcopenhagen.com\/da\/wp-json\/wp\/v2\/posts\/45331\/revisions\/45890"}],"wp:attachment":[{"href":"https:\/\/zlcopenhagen.com\/da\/wp-json\/wp\/v2\/media?parent=45331"}],"wp:term":[{"taxonomy":"category","embeddable":true,"href":"https:\/\/zlcopenhagen.com\/da\/wp-json\/wp\/v2\/categories?post=45331"},{"taxonomy":"post_tag","embeddable":true,"href":"https:\/\/zlcopenhagen.com\/da\/wp-json\/wp\/v2\/tags?post=45331"}],"curies":[{"name":"wp","href":"https:\/\/api.w.org\/{rel}","templated":true}]}}