{"id":41532,"date":"2025-03-07T14:46:10","date_gmt":"2025-03-07T13:46:10","guid":{"rendered":"https:\/\/zlcopenhagen.com\/?p=41532"},"modified":"2026-01-22T08:00:56","modified_gmt":"2026-01-22T07:00:56","slug":"analyse-af-musses-analyse-s3-e12","status":"publish","type":"post","link":"https:\/\/zlcopenhagen.com\/da\/analyse-af-musses-analyse-s3-e12\/","title":{"rendered":"MUSSES ANALYSE: HANS SYN P\u00c5 MUSLIMER OG ISLAM I DEN DANSKE DEBAT"},"content":{"rendered":"<p>[spb_raw_html width=&#8221;1\/1&#8243; el_position=&#8221;first last&#8221;]JTNDaWZyYW1lJTIwc3R5bGUlM0QlMjJib3JkZXItcmFkaXVzJTNBMTJweCUyMiUyMHNyYyUzRCUyMmh0dHBzJTNBJTJGJTJGb3Blbi5zcG90aWZ5LmNvbSUyRmVtYmVkJTJGZXBpc29kZSUyRjVtM0R1VHljMEVOVGN6amtLYUxPcmQlM0Z1dG1fc291cmNlJTNEZ2VuZXJhdG9yJTI2dGhlbWUlM0QwJTIyJTIwd2lkdGglM0QlMjIxMDAlMjUlMjIlMjBoZWlnaHQlM0QlMjIzNTIlMjIlMjBmcmFtZUJvcmRlciUzRCUyMjAlMjIlMjBhbGxvd2Z1bGxzY3JlZW4lM0QlMjIlMjIlMjBhbGxvdyUzRCUyMmF1dG9wbGF5JTNCJTIwY2xpcGJvYXJkLXdyaXRlJTNCJTIwZW5jcnlwdGVkLW1lZGlhJTNCJTIwZnVsbHNjcmVlbiUzQiUyMHBpY3R1cmUtaW4tcGljdHVyZSUyMiUyMGxvYWRpbmclM0QlMjJsYXp5JTIyJTNFJTNDJTJGaWZyYW1lJTNF[\/spb_raw_html] [spb_blank_spacer height=&#8221;30px&#8221; width=&#8221;1\/1&#8243; el_position=&#8221;first last&#8221;] [spb_text_block animation=&#8221;none&#8221; animation_delay=&#8221;0&#8243; simplified_controls=&#8221;yes&#8221; custom_css_percentage=&#8221;no&#8221; padding_vertical=&#8221;0&#8243; padding_horizontal=&#8221;0&#8243; margin_vertical=&#8221;0&#8243; custom_css=&#8221;margin-top: 0px;margin-bottom: 0px;&#8221; border_size=&#8221;0&#8243; border_styling_global=&#8221;default&#8221; width=&#8221;1\/1&#8243; el_position=&#8221;first last&#8221;]<\/p>\n<h2 data-start=\"0\" data-end=\"57\">ANALYSE AF MUSSES SYN P\u00c5 MUSLIMER OG HANS RETORIK<\/h2>\n<p>I denne <em data-start=\"350\" data-end=\"365\">Musse analyse<\/em> ser vi n\u00e6rmere p\u00e5, hvordan <strong data-start=\"393\" data-end=\"417\">Foreningen Frafalden<\/strong> og Musse selv bidrager til <strong data-start=\"445\" data-end=\"473\">islamkritikken i Danmark<\/strong>. Gennem sin m\u00e5de at tale om muslimer p\u00e5, bliver Musse en central stemme i den bredere <strong data-start=\"560\" data-end=\"588\">religionsdebat i Danmark<\/strong>.<\/p>\n<p data-start=\"59\" data-end=\"353\">Musse pr\u00e6senterer sig som en \u00e5benmundet eksmuslim, der ser det som sin mission at oplyse om &#8220;islamiseringen af Danmark.&#8221; Hans retorik er st\u00e6rkt pr\u00e6get af en konfrontatorisk tilgang, hvor han konsekvent fremstiller muslimer som enten passive ofre eller aktive medskyldige i en negativ udvikling.<\/p>\n<hr data-start=\"355\" data-end=\"358\" \/>\n<h2 data-start=\"360\" data-end=\"408\">1. MUSSES OFFER-NARRATIV I DEN DANSKE RELIGIONSDEBAT<\/h2>\n<p data-start=\"216\" data-end=\"665\"><strong data-start=\"216\" data-end=\"339\">Musse kritiserer ofte muslimer for at have en &#8220;offermentalitet&#8221; \u2013 men ironisk nok dyrker han selv et lignende narrativ.<\/strong><br data-start=\"339\" data-end=\"342\" \/>Han fremstiller sig som en stemme, der bliver udelukket fra debatter, undg\u00e5et af muslimer og svinet til bag ryggen.<br data-start=\"457\" data-end=\"460\" \/>Flere gange fremh\u00e6ver han, at muslimer ikke t\u00f8r tage dialogen med ham \u2013 men i stedet for at overveje, <em data-start=\"562\" data-end=\"571\">hvorfor<\/em> de m\u00e5ske ikke \u00f8nsker at deltage, bruger han det som bevis p\u00e5, at de er bange for sandheden.<\/p>\n<p data-start=\"667\" data-end=\"963\">Problemet er, at denne fremstilling forenkler virkeligheden.<br data-start=\"727\" data-end=\"730\" \/>Han maler sig selv som den eneste, der t\u00f8r tale \u00e5bent, mens alle andre flygter.<br data-start=\"809\" data-end=\"812\" \/>Men mange v\u00e6lger m\u00e5ske bare at afst\u00e5, fordi de ikke \u00f8nsker at engagere sig i en debat, hvor de p\u00e5 forh\u00e5nd bliver fremstillet som fjender af friheden.<\/p>\n<hr data-start=\"1195\" data-end=\"1198\" \/>\n<h2 data-start=\"241\" data-end=\"306\">2. DEN KOLLEKTIVE GENERALISERING AF MUSLIMER I ISLAMKRITIKKEN<\/h2>\n<p data-start=\"308\" data-end=\"573\">Musse taler ofte om <em data-start=\"328\" data-end=\"338\">muslimer<\/em> som \u00e9n samlet blok og drager brede konklusioner p\u00e5 baggrund af enkelte eksempler.<br data-start=\"420\" data-end=\"423\" \/>Han p\u00e5st\u00e5r blandt andet, at muslimer ikke st\u00f8tter frihedsrettigheder, at de afviser ligestilling, og at deres v\u00e6rdier st\u00e5r i kontrast til de danske.<\/p>\n<p data-start=\"575\" data-end=\"927\">Problemet med denne fremstilling er, at der ikke findes \u00e9t samlet muslimsk f\u00e6llesskab, der t\u00e6nker ens.<br data-start=\"677\" data-end=\"680\" \/>Mange muslimer lever i vestlige demokratier og v\u00e6rds\u00e6tter netop de friheder, Musse p\u00e5st\u00e5r, de underminerer.<br data-start=\"787\" data-end=\"790\" \/>Denne type generalisering er et velkendt greb i <strong data-start=\"838\" data-end=\"866\">islamkritikken i Danmark<\/strong>, men den reducerer en mangfoldig gruppe til \u00e9n fort\u00e6lling.<\/p>\n<hr data-start=\"1740\" data-end=\"1743\" \/>\n<h2 data-start=\"411\" data-end=\"466\">3. HVORDAN MUSSE NEDG\u00d8R MUSLIMER GENNEM SIN RETORIK<\/h2>\n<p data-start=\"468\" data-end=\"735\">Musse bruger en r\u00e6kke gentagende sproglige greb, der f\u00e5r muslimer til at fremst\u00e5 som en trussel eller som moralsk underlegne.<br data-start=\"593\" data-end=\"596\" \/>Hans retorik er et tydeligt eksempel p\u00e5, hvordan <strong data-start=\"645\" data-end=\"676\">religionsdebatten i Danmark<\/strong> ofte bliver reduceret til et sp\u00f8rgsm\u00e5l om \u201cos\u201d og \u201cdem\u201d.<\/p>\n<p data-start=\"737\" data-end=\"968\"><strong data-start=\"737\" data-end=\"760\">Hykleri-argumentet:<\/strong><br data-start=\"760\" data-end=\"763\" \/>Han h\u00e6vder, at muslimer klager over deres forhold i Danmark, men samtidig st\u00f8tter regimer, der undertrykker minoriteter. Det er en str\u00e5mandsargumentation, hvor eksempler fra f\u00e5 bruges til at d\u00f8mme mange.<\/p>\n<p data-start=\"970\" data-end=\"1211\"><strong data-start=\"970\" data-end=\"999\">Passiv accept-argumentet:<\/strong><br data-start=\"999\" data-end=\"1002\" \/>Han siger, at muslimer m\u00e5ske ikke selv er voldelige, men at de tier, n\u00e5r der sker ekstremisme. Men der findes mange muslimske stemmer, som offentligt tager afstand fra ekstremisme \u2013 de bliver bare ignoreret.<\/p>\n<p data-start=\"1213\" data-end=\"1437\"><strong data-start=\"1213\" data-end=\"1244\">Kollektivistisk mentalitet:<\/strong><br data-start=\"1244\" data-end=\"1247\" \/>Han antyder, at muslimer ikke kan t\u00e6nke selvst\u00e6ndigt, men kun handler som en gruppe. Det er et klassisk greb til at fratage mennesker individualitet \u2013 og det g\u00f8r debatten mindre trov\u00e6rdig.<\/p>\n<hr data-start=\"2634\" data-end=\"2637\" \/>\n<h2 data-start=\"339\" data-end=\"397\">4. FALDGRUBEN I MUSSES LOGIK OG HANS SYN P\u00c5 MUSLIMER<\/h2>\n<p data-start=\"399\" data-end=\"691\">Musse kritiserer muslimer for at v\u00e6re &#8220;underlagt kollektivisme&#8221; og for ikke at kunne bryde fri af gruppet\u00e6nkning.<br data-start=\"512\" data-end=\"515\" \/>Samtidig anerkender han dog, at mange eksmuslimer lever under et betydeligt socialt pres og nogle gange m\u00e5 udadtil opretholde en muslimsk identitet for at undg\u00e5 konsekvenser.<\/p>\n<p data-start=\"693\" data-end=\"921\">Her opst\u00e5r en tydelig mods\u00e6tning i hans logik:<br data-start=\"739\" data-end=\"742\" \/>Hvis det er s\u00e5 sv\u00e6rt at forlade islam, hvorfor antager han s\u00e5, at alle muslimer i Danmark, der ikke \u00e5bent kritiserer religionen, automatisk st\u00f8tter de mest konservative v\u00e6rdier?<\/p>\n<p data-start=\"923\" data-end=\"1108\">Denne sp\u00e6nding mellem individ og kollektiv er central i Musses retorik \u2014 og siger meget om, hvordan <strong data-start=\"1023\" data-end=\"1054\">religionsdebatten i Danmark<\/strong> ofte ender med at forenkle komplekse virkeligheder.<\/p>\n<h2 data-start=\"327\" data-end=\"375\">5. MUSSES SYN P\u00c5 SIG SELV I ISLAMKRITIKKEN<\/h2>\n<p data-start=\"377\" data-end=\"589\">Musse fremstiller sig som en, der taler sandheden \u2013 en stemme, der t\u00f8r sige det, andre ikke vil sige.<br data-start=\"478\" data-end=\"481\" \/>Han ser sig selv som den, der er brudt fri af islam og derfor st\u00e5r uden for de strukturer, han kritiserer.<\/p>\n<p data-start=\"591\" data-end=\"847\">Men netop den selvforst\u00e5else g\u00f8r ham blind for sin egen bias.<br data-start=\"652\" data-end=\"655\" \/>Han s\u00f8ger ikke at forst\u00e5 muslimer p\u00e5 deres egne pr\u00e6misser, men vurderer dem ud fra et foruddefineret billede af, at de er fanget, ufrie og ude af stand til at bidrage positivt til samfundet.<\/p>\n<p data-start=\"849\" data-end=\"1031\">Denne form for selvopfattelse er typisk for den mere konfrontatoriske <strong data-start=\"919\" data-end=\"944\">islamkritik i Danmark<\/strong>, hvor kritikeren placerer sig selv som sandhedens stemme og modparten som problemet.<\/p>\n<p>[\/spb_text_block] [spb_text_block animation=&#8221;none&#8221; animation_delay=&#8221;0&#8243; simplified_controls=&#8221;yes&#8221; custom_css_percentage=&#8221;no&#8221; padding_vertical=&#8221;0&#8243; padding_horizontal=&#8221;0&#8243; margin_vertical=&#8221;0&#8243; custom_css=&#8221;margin-top: 0px;margin-bottom: 0px;&#8221; border_size=&#8221;0&#8243; border_styling_global=&#8221;default&#8221; width=&#8221;1\/1&#8243; el_position=&#8221;first last&#8221;]<\/p>\n<h3 data-start=\"85\" data-end=\"139\">1. MUSSES OPFATTELSE AF MUSLIMER SOM KOLLEKTIV<\/h3>\n<blockquote>\n<p data-start=\"142\" data-end=\"388\"><em>&#8220;Der er stort set ikke rigtig nogen af de her muslimske stemmer, som vil debattere med mig.&#8221;<\/em><\/p>\n<\/blockquote>\n<p data-start=\"142\" data-end=\"388\">Musse fremstiller det som om, at alle muslimer undg\u00e5r debatten, men han ignorerer, at nogle m\u00e5ske ikke ser hans m\u00e5de at debattere p\u00e5 som konstruktiv.<\/p>\n<blockquote>\n<p data-start=\"392\" data-end=\"804\"><em>&#8220;P\u00e5 sociale medier er der sikkert ogs\u00e5 rigtig mange af jer, der har set det. S\u00e5 kommer der altid en eller to typer, som banker p\u00e5 brystet som en gorilla og spiller stor og vil debattere, og n\u00e5r jeg s\u00e5 inviterer dem til en livestream eller en podcast, s\u00e5 tr\u00e6kker de sig igen.&#8221;<\/em><\/p>\n<\/blockquote>\n<p data-start=\"392\" data-end=\"804\">Han sammenligner muslimer, der siger, de vil debattere, men senere tr\u00e6kker sig, med gorillaer. Det er en bevidst nedladende retorik.<\/p>\n<h3 data-start=\"811\" data-end=\"845\">2. MUSSES OFFER-FORT\u00c6LLING<\/h3>\n<blockquote data-start=\"846\" data-end=\"1056\">\n<p data-start=\"848\" data-end=\"1056\"><em data-start=\"848\" data-end=\"940\">&#8220;Jeg vil vove at p\u00e5st\u00e5, at jeg er en af Danmarks mest \u00e5benmundede offentlige eksmuslimer.&#8221;<\/em><\/p>\n<\/blockquote>\n<p data-start=\"848\" data-end=\"1056\">Han fremstiller sig selv som en vigtig stemme i debatten, men hans argumenter bygger prim\u00e6rt p\u00e5 generaliseringer.<\/p>\n<blockquote data-start=\"1058\" data-end=\"1287\">\n<p data-start=\"1060\" data-end=\"1287\"><em data-start=\"1060\" data-end=\"1151\">&#8220;Muslimer ved udm\u00e6rket godt selv, hvordan et islamisk styret land behandler minoriteter.&#8221;<\/em><\/p>\n<\/blockquote>\n<p data-start=\"1060\" data-end=\"1287\">Her bruger han en klassisk retorisk strategi: Han s\u00e6tter alle muslimer i b\u00e5s og foruds\u00e6tter, at de bevidst accepterer undertrykkelse.<\/p>\n<h3 data-start=\"1294\" data-end=\"1333\">3. GENERALISERINGER OM MUSLIMER<\/h3>\n<blockquote data-start=\"1334\" data-end=\"1499\">\n<p data-start=\"1336\" data-end=\"1499\"><em data-start=\"1336\" data-end=\"1408\">&#8220;Man ser jo frafaldne som de v\u00e6rste af de v\u00e6rste i muslimske milj\u00f8er.&#8221;<\/em><\/p>\n<\/blockquote>\n<p data-start=\"1336\" data-end=\"1499\">Han p\u00e5st\u00e5r, at ALLE muslimer ser eksmuslimer som fjender, hvilket er en grov forenkling.<\/p>\n<blockquote data-start=\"1501\" data-end=\"1709\">\n<p data-start=\"1503\" data-end=\"1709\"><em data-start=\"1503\" data-end=\"1571\">&#8220;Muslimer har ikke m\u00e6rket tillid i samfundet. Det er jo bullshit.&#8221;<\/em><\/p>\n<\/blockquote>\n<p data-start=\"1503\" data-end=\"1709\">Han afviser, at muslimer kan opleve diskrimination eller marginalisering, fordi han mener, at de i forvejen har det for godt i Danmark.<\/p>\n<h3 data-start=\"1716\" data-end=\"1761\">4. NEDG\u00d8RELSE AF MUSLIMSKE DEBATT\u00d8RER<\/h3>\n<blockquote data-start=\"1762\" data-end=\"1980\">\n<p data-start=\"1764\" data-end=\"1980\"><em data-start=\"1764\" data-end=\"1838\">&#8220;N\u00e5r islamister debatterer, jamen s\u00e5 vender de ofte tingene p\u00e5 hovedet.&#8221;<\/em><\/p>\n<\/blockquote>\n<p data-start=\"1764\" data-end=\"1980\">Han bruger ordet &#8220;islamister&#8221; bredt, hvilket g\u00f8r det uklart, hvem han egentlig taler om \u2013 almindelige muslimer eller faktiske ekstremister?<\/p>\n<blockquote data-start=\"1982\" data-end=\"2161\">\n<p data-start=\"1984\" data-end=\"2161\"><em data-start=\"1984\" data-end=\"2072\">&#8220;Der er bare s\u00e5dan en analfabetisme i de muslimske milj\u00f8er i forhold til debatkultur.&#8221;<\/em><\/p>\n<\/blockquote>\n<p data-start=\"1984\" data-end=\"2161\">Her h\u00e6vder han direkte, at muslimer generelt ikke forst\u00e5r, hvad en ordentlig debat er.<\/p>\n<blockquote data-start=\"2163\" data-end=\"2400\">\n<p data-start=\"2165\" data-end=\"2400\"><em data-start=\"2165\" data-end=\"2304\">&#8220;De kan ikke forst\u00e5, at n\u00e5r de v\u00e6lger at smide bedst\u00e6pper frem inde i BonBon-Land og begynder at bede, s\u00e5 kan nogen finde det upassende.&#8221;<\/em><\/p>\n<\/blockquote>\n<p data-start=\"2165\" data-end=\"2400\">Han karikerer muslimers religi\u00f8se praksis som en bevidst provokation mod resten af samfundet.<\/p>\n<h3 data-start=\"2407\" data-end=\"2437\">5. MUSSES EGEN MISSION<\/h3>\n<blockquote data-start=\"2438\" data-end=\"2597\">\n<p data-start=\"2440\" data-end=\"2597\"><em data-start=\"2440\" data-end=\"2514\">&#8220;Jeg har en stemme, og jeg vil r\u00e5be op, n\u00e5r jeg ser islamiseringen ske.&#8221;<\/em><\/p>\n<\/blockquote>\n<p data-start=\"2440\" data-end=\"2597\">Han positionerer sig som en sandhedsfort\u00e6ller, der advarer mod en snigende fare.<\/p>\n<blockquote data-start=\"2599\" data-end=\"2865\">\n<p data-start=\"2601\" data-end=\"2865\"><em data-start=\"2601\" data-end=\"2708\">&#8220;Jeg st\u00e5r til r\u00e5dighed for en debat med Omar. Jeg har endda givet ham frie t\u00f8jler til at s\u00e6tte rammerne.&#8221;<\/em><\/p>\n<\/blockquote>\n<p data-start=\"2601\" data-end=\"2865\">Han fors\u00f8ger at fremst\u00e5 som den rationelle part, der s\u00f8ger dialog, men hans \u00f8vrige retorik viser, at han allerede har afgjort, hvad han mener om muslimer.<\/p>\n<h2 data-start=\"2872\" data-end=\"2890\">DELKONKLUSION<\/h2>\n<p data-start=\"2891\" data-end=\"3329\" data-is-last-node=\"\" data-is-only-node=\"\">Musse fremstiller sig selv som en modig sandhedsfort\u00e6ller, men hans m\u00e5de at argumentere p\u00e5 er fuld af generaliseringer og negative fremstillinger af muslimer. Han kombinerer en konfrontatorisk stil med en underliggende opfattelse af, at muslimer enten er naive, u\u00e6rlige eller decideret farlige. Dette g\u00f8r hans analyse mindre trov\u00e6rdig, fordi den i h\u00f8j grad er pr\u00e6get af forudindtagede holdninger og en st\u00e6rk modstand mod islam som helhed.<\/p>\n<h2 data-start=\"3384\" data-end=\"3431\">HVORDAN MUSSE BRUGER SPROGET<\/h2>\n<p data-start=\"3432\" data-end=\"3999\">Musse bruger sproget til at:<\/p>\n<ul>\n<li data-start=\"3432\" data-end=\"3999\"><strong data-start=\"3465\" data-end=\"3504\">Male muslimer som en homogen gruppe<\/strong> \u2013 Han taler sj\u00e6ldent om individuelle muslimer, men i stedet om &#8220;dem&#8221; som en samlet blok.<\/li>\n<li data-start=\"3432\" data-end=\"3999\"><strong data-start=\"3598\" data-end=\"3633\">Fremstille sig selv som offeret<\/strong> \u2013 Han bruger vendinger som &#8220;de vil ikke debattere med mig&#8221; og &#8220;jeg bliver svinet til&#8221;.<\/li>\n<li data-start=\"3432\" data-end=\"3999\"><strong data-start=\"3725\" data-end=\"3740\">Skabe frygt<\/strong> \u2013 Udtryk som &#8220;Islamiseringen af Danmark&#8221;, &#8220;de underminerer danske v\u00e6rdier&#8221; og &#8220;de vil ikke have frihed&#8221; skal g\u00f8re muslimer til en trussel.<\/li>\n<li data-start=\"3432\" data-end=\"3999\"><strong data-start=\"3884\" data-end=\"3915\">Bringe nedg\u00f8rende metaforer<\/strong> \u2013 &#8220;Tuderi&#8221;, &#8220;gorillaer&#8221;, &#8220;bedst\u00e6pper i BonBon-Land&#8221; g\u00f8r muslimer til karikaturer.<\/li>\n<\/ul>\n<p data-start=\"4001\" data-end=\"4169\" data-is-last-node=\"\" data-is-only-node=\"\">Hans retorik er skarp og polariserende, og han bruger sproget som et v\u00e5ben for at fremme sit synspunkt, hvor han fremstiller muslimer som en samlet trussel mod Danmark.<\/p>\n<p>[\/spb_text_block] [spb_text_block animation=&#8221;none&#8221; animation_delay=&#8221;0&#8243; simplified_controls=&#8221;yes&#8221; custom_css_percentage=&#8221;no&#8221; padding_vertical=&#8221;0&#8243; padding_horizontal=&#8221;0&#8243; margin_vertical=&#8221;0&#8243; custom_css=&#8221;margin-top: 0px;margin-bottom: 0px;&#8221; border_size=&#8221;0&#8243; border_styling_global=&#8221;default&#8221; width=&#8221;1\/1&#8243; el_position=&#8221;first last&#8221;]<\/p>\n<h2 data-start=\"276\" data-end=\"304\">HVAD VIL MUSSE EGENTLIG?<\/h2>\n<p data-start=\"306\" data-end=\"459\">Musse taler om islamisering, frihed og ytringsfrihed \u2013 men hvad betyder det i praksis? Bag retorikken gemmer sig sp\u00f8rgsm\u00e5l, han sj\u00e6ldent selv besvarer.<\/p>\n<p data-start=\"461\" data-end=\"675\">Er han interesseret i dialog \u2013 eller monolog?<br data-start=\"506\" data-end=\"509\" \/>Han kritiserer muslimer for ikke at tage debatten, men taler ofte selv nedladende om dem. Hvordan kan en \u00e5ben samtale begynde, n\u00e5r modparten p\u00e5 forh\u00e5nd d\u00e6moniseres?<\/p>\n<p data-start=\"677\" data-end=\"877\">Ser han kun problemer hos muslimer \u2013 aldrig i sig selv?<br data-start=\"732\" data-end=\"735\" \/>Han maler dem som en samlet gruppe uden evne til selvst\u00e6ndig tanke. Men t\u00e5ler han selv kritik, eller er hans egen tilgang lige s\u00e5 dogmatisk?<\/p>\n<p data-start=\"879\" data-end=\"1076\">Hvorn\u00e5r anerkender han de muslimer, der faktisk k\u00e6mper for frihed og demokrati?<br data-start=\"958\" data-end=\"961\" \/>Han h\u00e6vder, at muslimer tier om ekstremisme, men ignorerer de mange stemmer, der aktivt forsvarer danske v\u00e6rdier.<\/p>\n<p data-start=\"1078\" data-end=\"1268\">Er han selv med til at skabe splittelse?<br data-start=\"1118\" data-end=\"1121\" \/>Han advarer mod parallelsamfund, men dyrker samtidig fort\u00e6llingen om den forfulgte eksmuslim. M\u00e5ske er han selv en del af den samme offerretorik.<\/p>\n<p data-start=\"1270\" data-end=\"1370\">S\u00e5 Musse \u2013 er du klar til dialog, eller bliver det endnu en monolog om, hvordan ingen forst\u00e5r dig?<\/p>\n<p data-start=\"1372\" data-end=\"1702\">\ud83d\udc49 L\u00e6s ogs\u00e5, hvordan <strong data-start=\"1393\" data-end=\"1424\">religionsdebatten i Danmark<\/strong> udfolder sig i vores analyse af<br data-start=\"1456\" data-end=\"1459\" \/><a class=\"decorated-link\" href=\"https:\/\/zlcopenhagen.com\/da\/islam-namaz-integration-christian-marcussen\/\" target=\"_new\" rel=\"noopener\" data-start=\"1459\" data-end=\"1584\">Islam, Namaz og integration \u2013 Christian Marcussen<\/a><br data-start=\"1584\" data-end=\"1587\" \/>og<br data-start=\"1589\" data-end=\"1592\" \/><a class=\"decorated-link\" href=\"https:\/\/zlcopenhagen.com\/da\/sjurdur-skaale-er-hamas-spejlbillede\/\" target=\"_blank\" rel=\"noopener\" data-start=\"1592\" data-end=\"1699\">Sjurdur Skaale \u2013 er Hamas spejlbillede<\/a>.<\/p>\n<p>[\/spb_text_block] [spb_blank_spacer height=&#8221;30px&#8221; width=&#8221;1\/1&#8243; el_position=&#8221;first last&#8221;] [spb_text_block animation=&#8221;none&#8221; animation_delay=&#8221;0&#8243; simplified_controls=&#8221;yes&#8221; custom_css_percentage=&#8221;no&#8221; padding_vertical=&#8221;0&#8243; padding_horizontal=&#8221;0&#8243; margin_vertical=&#8221;0&#8243; custom_css=&#8221;margin-top: 0px;margin-bottom: 0px;&#8221; border_size=&#8221;0&#8243; border_styling_global=&#8221;default&#8221; width=&#8221;1\/1&#8243; el_position=&#8221;first last&#8221;]<\/p>\n<div class=\"x1cy8zhl x2bj2ny x78zum5 x1q0g3np\">\n<div class=\"x1iyjqo2\">\n<div class=\"x78zum5 xdt5ytf xz62fqu x16ldp7u\">\n<div class=\"xu06os2 x1ok221b\">\n<div class=\"x1gslohp\">\n<p class=\"html-h2 x11i5rnm xat24cr x1mh8g0r xexx8yu x4uap5 x18d9i69 xkhd6sd x1vvkbs x1heor9g x1qlqyl8 x1pd3egz x1a2a7pz x1gslohp\" tabindex=\"-1\"><span class=\"x193iq5w xeuugli x13faqbe x1vvkbs x1xmvt09 x6prxxf xvq8zen xo1l8bm xi81zsa\"><span class=\"xt0psk2\"><a class=\"x1i10hfl xjbqb8w x1ejq31n xd10rxx x1sy0etr x17r0tee x972fbf xcfux6l x1qhh985 xm0m39n x9f619 x1ypdohk xt0psk2 xe8uvvx xdj266r x11i5rnm xat24cr x1mh8g0r xexx8yu x4uap5 x18d9i69 xkhd6sd x16tdsg8 x1hl2dhg xggy1nq x1a2a7pz xkrqix3 x1sur9pj xzsf02u x1s688f\" tabindex=\"0\" role=\"link\" href=\"https:\/\/www.facebook.com\/MusseFan?__cft__[0]=AZVA60wN6hTW2ukJt_2l4I8p5RGNDpuxB5UT4U-7bL82gCAVEdNijfuMz7IoacpZjhaYRnMVI8a_Ek6XeEYgIcEM0vFXwPTktJuFmhLz6jlZN9YHa-0WT0GNUHf4YIphnBFWLVstia0OaAi-gTAPrDJC4Y_vM_SPR5StTESf54TWzvgbp_qx-Mj665THLZDx5EU&amp;__tn__=-UC*F\" aria-describedby=\"\u00abrksf\u00bb\">Mustafa Musse Sayegh skriver 11 december 2018<\/a><\/span><\/span><\/p>\n<\/div>\n<\/div>\n<\/div>\n<\/div>\n<div class=\"xqcrz7y x78zum5 x1qx5ct2 x1y1aw1k x1sxyh0 xwib8y2 xurb0ha xw4jnvo\">\n<div>\n<div class=\"x1i10hfl x1qjc9v5 xjqpnuy xa49m3k xqeqjp1 x2hbi6w x9f619 x1ypdohk xdl72j9 x2lah0s xe8uvvx x2lwn1j xeuugli x16tdsg8 x1hl2dhg xggy1nq x1ja2u2z x1t137rt x1o1ewxj x3x9cwd x1e5q0jg x13rtm0m x1q0g3np x87ps6o x1lku1pv x1a2a7pz xjyslct xjbqb8w x13fuv20 xu3j5b3 x1q0q8m5 x26u7qi x972fbf xcfux6l x1qhh985 xm0m39n x3nfvp2 xdj266r x11i5rnm xat24cr x1mh8g0r xexx8yu x4uap5 x18d9i69 xkhd6sd x1n2onr6 x3ajldb x194ut8o x1vzenxt xd7ygy7 xt298gk x1xhcax0 x1s928wv x10pfhc2 x1j6awrg x1v53gu8 x1tfg27r xitxdhh\" tabindex=\"0\" role=\"button\" aria-expanded=\"false\" aria-haspopup=\"menu\" aria-label=\"Actions for this post\">\n<div class=\"x1ey2m1c xds687c x17qophe xg01cxk x47corl x10l6tqk x13vifvy x1ebt8du x19991ni x1dhq9h xzolkzo x12go9s9 x1rnf11y xprq8jg\" role=\"none\" data-visualcompletion=\"ignore\"><\/div>\n<\/div>\n<\/div>\n<\/div>\n<\/div>\n<blockquote>\n<div class=\"xyinxu5 x4uap5 x1g2khh7 xkhd6sd\"><em><span class=\"x193iq5w xeuugli x13faqbe x1vvkbs x1xmvt09 x1lliihq x1s928wv xhkezso x1gmr53x x1cpjm7i x1fgarty x1943h6x xudqn12 x3x7a5m x6prxxf xvq8zen xo1l8bm xzsf02u\" dir=\"auto\">&#8220;Farfar og den mindste af b\u00f8rneb\u00f8rnene. !<br class=\"html-br\" \/>Da mine for\u00e6ldre kom til landet, som flygtninge, med mig som sp\u00e6d, har deres verden, v\u00e6ret vendt p\u00e5 hovedet, uden tvivl.<br class=\"html-br\" \/><br class=\"html-br\" \/>Men trods alt det, har de form\u00e5et at tale sproget og arbejde, samt sm\u00f8re vores madpakker og sende os i skole, hvor de ogs\u00e5 engagererde sig.<br class=\"html-br\" \/><br class=\"html-br\" \/>Vi legede med danske nabo b\u00f8rn, og s\u00e5 &#8220;fjernsyn for dig&#8221;, hver dag kl 18<br class=\"html-br\" \/><br class=\"html-br\" \/>Mine s\u00f8skende og jeg, talte dansk derhjemme med hinanden, og til vores for\u00e6ldre, som svarer p\u00e5 arabisk, indtil de begyndte at l\u00e6re det danske sprog.<br class=\"html-br\" \/><br class=\"html-br\" \/>Vi s\u00e5 julekalender, hver december, og vi fik enda julegaver engang kan jeg huske.<br class=\"html-br\" \/><br class=\"html-br\" \/>Selv p\u00e5ske\u00e6g, n\u00e5r der var p\u00e5ske.<br class=\"html-br\" \/><br class=\"html-br\" \/>Alt dette, imens mine for\u00e6ldre fulgte med, og stadig f\u00f8lger med i arabisk TV fra hjemlandet.<br class=\"html-br\" \/><br class=\"html-br\" \/>Alt dette, samme tid, med at mine for\u00e6ldre sendte videooptagelser til familien i Libanon, og ringede hver uge, med sekunders forsinkelser mellem dialogen p\u00e5 grund af den, dengang d\u00e5rlige forbindelse.<br class=\"html-br\" \/><br class=\"html-br\" \/>Alt dette, samme tid, med at koranen k\u00f8rte fra en kassette b\u00e5ndoptager, i k\u00f8kkenet.<br class=\"html-br\" \/><br class=\"html-br\" \/>Alt dette sammetid med, at mine for\u00e6ldre havde og stadig har et savn og tilh\u00f8rsforhold til deres hjemland.<br class=\"html-br\" \/><br class=\"html-br\" \/>Tak.<br class=\"html-br\" \/><br class=\"html-br\" \/>Tak fordi i lod os v\u00e6re, danske.<br class=\"html-br\" \/>Tak fordi i lod os v\u00e6re glade.<br class=\"html-br\" \/>Tak fordi i lod os v\u00e6re en del af et f\u00e6llesskab, som ja ind i mellem, har enkelte personer, som ekskludere os p\u00e5 grund af vores baggrund, men tak fordi i ikke fyldte os med had for samfundet p\u00e5 grund af de f\u00e5 tumper.<br class=\"html-br\" \/><br class=\"html-br\" \/>Som ung teenager, og \u00e5rene efter har jeg v\u00e6ret vred p\u00e5 samfundet, og havde det ikke v\u00e6ret for mine for\u00e6ldres fundament, havde jeg stadig v\u00e6ret forbl\u00e6ndet af vrede.<br class=\"html-br\" \/><br class=\"html-br\" \/>Mine b\u00f8rn er heldige, hvis jeg blot kan give dem halvt s\u00e5 meget med.<\/span><\/em><\/div>\n<p data-start=\"60\" data-end=\"408\"><em><strong data-start=\"60\" data-end=\"228\">Mustafa, det er en vigtig fort\u00e6lling om din opv\u00e6kst, og der er ingen tvivl om, at dine for\u00e6ldre har k\u00e6mpet h\u00e5rdt for at give dig og dine s\u00f8skende en god tilv\u00e6relse.<\/strong><\/em><br data-start=\"228\" data-end=\"231\" \/><em>Men kan du forst\u00e5, hvor sv\u00e6rt det m\u00e5 have v\u00e6ret for dem som f\u00f8rste generation i et nyt land? At navigere i et samfund, de ikke kendte, med et sprog, de skulle l\u00e6re fra bunden?<\/em><\/p>\n<p data-start=\"410\" data-end=\"654\"><em>Hvorfor skal deres uvidenhed om et nyt samfund eller de fejl, de m\u00e5ske har beg\u00e5et, give udslag i at d\u00f8mme dem? Og endnu vigtigere \u2013 hvorfor skal deres oplevelser bruges som en generalisering til at give skylden videre til alle andre muslimer?<\/em><\/p>\n<p data-start=\"656\" data-end=\"913\"><em>Integration er ikke kun et sp\u00f8rgsm\u00e5l om, hvad v\u00e6rtslandet giver \u2013 det handler ogs\u00e5 om, hvordan man selv v\u00e6lger at navigere i det. Kan du se, at vreden, du engang f\u00f8lte, ikke n\u00f8dvendigvis kom fra samfundet, men fra en identitetskonflikt, som mange oplever?<\/em><\/p>\n<p data-start=\"915\" data-end=\"1065\"><em>Hvis vi virkelig \u00f8nsker at forst\u00e5 hinanden, m\u00e5 vi ogs\u00e5 v\u00e6re villige til at stille de sv\u00e6re sp\u00f8rgsm\u00e5l \u2013 ikke kun til samfundet, men ogs\u00e5 til os selv&#8230;&#8221;<\/em><\/p>\n<\/blockquote>\n<p>[\/spb_text_block] [spb_blank_spacer height=&#8221;30px&#8221; width=&#8221;1\/1&#8243; el_position=&#8221;first last&#8221;] [spb_raw_html width=&#8221;1\/1&#8243; el_position=&#8221;first last&#8221;]JTNDaWZyYW1lJTIwc3JjJTNEJTIyaHR0cHMlM0ElMkYlMkZ3d3cuZmFjZWJvb2suY29tJTJGcGx1Z2lucyUyRnBvc3QucGhwJTNGaHJlZiUzRGh0dHBzJTI1M0ElMjUyRiUyNTJGd3d3LmZhY2Vib29rLmNvbSUyNTJGa2FyZW4ud2VzdC4xNDAlMjUyRnBvc3RzJTI1MkZwZmJpZDAyQW16aThwYjQ5TVFrdkFMR0J6eUFYNXlTTFhtR3RFZnNZWjVKUnhyMlJxeFE5UHNpcWc3VmJlWTQ0dUh5ZXhCYmwlMjZzaG93X3RleHQlM0R0cnVlJTI2d2lkdGglM0Q1MDAlMjIlMjB3aWR0aCUzRCUyMjUwMCUyMiUyMGhlaWdodCUzRCUyMjcyOCUyMiUyMHN0eWxlJTNEJTIyYm9yZGVyJTNBbm9uZSUzQm92ZXJmbG93JTNBaGlkZGVuJTIyJTIwc2Nyb2xsaW5nJTNEJTIybm8lMjIlMjBmcmFtZWJvcmRlciUzRCUyMjAlMjIlMjBhbGxvd2Z1bGxzY3JlZW4lM0QlMjJ0cnVlJTIyJTIwYWxsb3clM0QlMjJhdXRvcGxheSUzQiUyMGNsaXBib2FyZC13cml0ZSUzQiUyMGVuY3J5cHRlZC1tZWRpYSUzQiUyMHBpY3R1cmUtaW4tcGljdHVyZSUzQiUyMHdlYi1zaGFyZSUyMiUzRSUzQyUyRmlmcmFtZSUzRQ==[\/spb_raw_html] [spb_blank_spacer height=&#8221;30px&#8221; width=&#8221;1\/1&#8243; el_position=&#8221;first last&#8221;] [spb_raw_html width=&#8221;1\/1&#8243; el_position=&#8221;first last&#8221;]JTNDaWZyYW1lJTIwc3JjJTNEJTIyaHR0cHMlM0ElMkYlMkZ3d3cuZmFjZWJvb2suY29tJTJGcGx1Z2lucyUyRnBvc3QucGhwJTNGaHJlZiUzRGh0dHBzJTI1M0ElMjUyRiUyNTJGd3d3LmZhY2Vib29rLmNvbSUyNTJGZXZhZ3JlZ2Vyc2VuJTI1MkZwb3N0cyUyNTJGcGZiaWQwbll6TEt5NkVTTXBrdDNYRTZvRG1ydWlkM0I0QkRGTHh4dlFrR1FrZDE3b1FGVjZYYnVFTDZiZ2U5UUZ3VEY3a2wlMjZzaG93X3RleHQlM0R0cnVlJTI2d2lkdGglM0Q1MDAlMjIlMjB3aWR0aCUzRCUyMjUwMCUyMiUyMGhlaWdodCUzRCUyMjU0NSUyMiUyMHN0eWxlJTNEJTIyYm9yZGVyJTNBbm9uZSUzQm92ZXJmbG93JTNBaGlkZGVuJTIyJTIwc2Nyb2xsaW5nJTNEJTIybm8lMjIlMjBmcmFtZWJvcmRlciUzRCUyMjAlMjIlMjBhbGxvd2Z1bGxzY3JlZW4lM0QlMjJ0cnVlJTIyJTIwYWxsb3clM0QlMjJhdXRvcGxheSUzQiUyMGNsaXBib2FyZC13cml0ZSUzQiUyMGVuY3J5cHRlZC1tZWRpYSUzQiUyMHBpY3R1cmUtaW4tcGljdHVyZSUzQiUyMHdlYi1zaGFyZSUyMiUzRSUzQyUyRmlmcmFtZSUzRQ==[\/spb_raw_html] [spb_blank_spacer height=&#8221;30px&#8221; width=&#8221;1\/1&#8243; el_position=&#8221;first last&#8221;] [spb_raw_html width=&#8221;1\/1&#8243; el_position=&#8221;first last&#8221;]JTNDaWZyYW1lJTIwc3JjJTNEJTIyaHR0cHMlM0ElMkYlMkZ3d3cuZmFjZWJvb2suY29tJTJGcGx1Z2lucyUyRnBvc3QucGhwJTNGaHJlZiUzRGh0dHBzJTI1M0ElMjUyRiUyNTJGd3d3LmZhY2Vib29rLmNvbSUyNTJGTXVzc2VGYW4lMjUyRnBvc3RzJTI1MkZwZmJpZDA1UnFoc2hnTnI2UHg3UnRLMUdSWlVMeXVpaUVkSmZjbTRWVlZHMVVuSG91ZUt4RVFuZVFVYnRCdFR5djdKRWdabCUyNnNob3dfdGV4dCUzRHRydWUlMjZ3aWR0aCUzRDUwMCUyMiUyMHdpZHRoJTNEJTIyNTAwJTIyJTIwaGVpZ2h0JTNEJTIyNjU0JTIyJTIwc3R5bGUlM0QlMjJib3JkZXIlM0Fub25lJTNCb3ZlcmZsb3clM0FoaWRkZW4lMjIlMjBzY3JvbGxpbmclM0QlMjJubyUyMiUyMGZyYW1lYm9yZGVyJTNEJTIyMCUyMiUyMGFsbG93ZnVsbHNjcmVlbiUzRCUyMnRydWUlMjIlMjBhbGxvdyUzRCUyMmF1dG9wbGF5JTNCJTIwY2xpcGJvYXJkLXdyaXRlJTNCJTIwZW5jcnlwdGVkLW1lZGlhJTNCJTIwcGljdHVyZS1pbi1waWN0dXJlJTNCJTIwd2ViLXNoYXJlJTIyJTNFJTNDJTJGaWZyYW1lJTNF[\/spb_raw_html] [spb_blank_spacer height=&#8221;30px&#8221; width=&#8221;1\/1&#8243; el_position=&#8221;first last&#8221;] [spb_raw_html width=&#8221;1\/1&#8243; el_position=&#8221;first last&#8221;]JTNDaWZyYW1lJTIwc3JjJTNEJTIyaHR0cHMlM0ElMkYlMkZ3d3cuZmFjZWJvb2suY29tJTJGcGx1Z2lucyUyRnBvc3QucGhwJTNGaHJlZiUzRGh0dHBzJTI1M0ElMjUyRiUyNTJGd3d3LmZhY2Vib29rLmNvbSUyNTJGZXZhZ3JlZ2Vyc2VuJTI1MkZwb3N0cyUyNTJGcGZiaWQwZzRtNFpuMmVDdXczc29pa2Vua2JMc3NkeWVGUVFNV0NyajdiRlhVcU5CUG12ZHpZRUhMVXdwaDE0QXU3eXBQTWwlMjZzaG93X3RleHQlM0R0cnVlJTI2d2lkdGglM0Q1MDAlMjIlMjB3aWR0aCUzRCUyMjUwMCUyMiUyMGhlaWdodCUzRCUyMjQxNyUyMiUyMHN0eWxlJTNEJTIyYm9yZGVyJTNBbm9uZSUzQm92ZXJmbG93JTNBaGlkZGVuJTIyJTIwc2Nyb2xsaW5nJTNEJTIybm8lMjIlMjBmcmFtZWJvcmRlciUzRCUyMjAlMjIlMjBhbGxvd2Z1bGxzY3JlZW4lM0QlMjJ0cnVlJTIyJTIwYWxsb3clM0QlMjJhdXRvcGxheSUzQiUyMGNsaXBib2FyZC13cml0ZSUzQiUyMGVuY3J5cHRlZC1tZWRpYSUzQiUyMHBpY3R1cmUtaW4tcGljdHVyZSUzQiUyMHdlYi1zaGFyZSUyMiUzRSUzQyUyRmlmcmFtZSUzRQ==[\/spb_raw_html] [spb_blog blog_type=&#8221;mini&#8221; gutters=&#8221;yes&#8221; columns=&#8221;4&#8243; fullwidth=&#8221;no&#8221; item_count=&#8221;10&#8243; category=&#8221;islamofobia-da&#8221; offset=&#8221;0&#8243; order_by=&#8221;date&#8221; order=&#8221;DESC&#8221; show_title=&#8221;yes&#8221; show_excerpt=&#8221;yes&#8221; show_details=&#8221;yes&#8221; excerpt_length=&#8221;20&#8243; content_output=&#8221;excerpt&#8221; show_read_more=&#8221;yes&#8221; social_integration=&#8221;no&#8221; blog_filter=&#8221;yes&#8221; pagination=&#8221;infinite-scroll&#8221; alt_styling=&#8221;no&#8221; width=&#8221;1\/1&#8243; el_position=&#8221;first last&#8221;]<\/p>\n","protected":false},"excerpt":{"rendered":"<p>[spb_raw_html width=&#8221;1\/1&#8243; el_position=&#8221;first last&#8221;]JTNDaWZyYW1lJTIwc3R5bGUlM0QlMjJib3JkZXItcmFkaXVzJTNBMTJweCUyMiUyMHNyYyUzRCUyMmh0dHBzJTNBJTJGJTJGb3Blbi5zcG90aWZ5LmNvbSUyRmVtYmVkJTJGZXBpc29kZSUyRjVtM0R1VHljMEVOVGN6amtLYUxPcmQlM0Z1dG1fc291cmNlJTNEZ2VuZXJhdG9yJTI2dGhlbWUlM0QwJTIyJTIwd2lkdGglM0QlMjIxMDAlMjUlMjIlMjBoZWlnaHQlM0QlMjIzNTIlMjIlMjBmcmFtZUJvcmRlciUzRCUyMjAlMjIlMjBhbGxvd2Z1bGxzY3JlZW4lM0QlMjIlMjIlMjBhbGxvdyUzRCUyMmF1dG9wbGF5JTNCJTIwY2xpcGJvYXJkLXdyaXRlJTNCJTIwZW5jcnlwdGVkLW1lZGlhJTNCJTIwZnVsbHNjcmVlbiUzQiUyMHBpY3R1cmUtaW4tcGljdHVyZSUyMiUyMGxvYWRpbmclM0QlMjJsYXp5JTIyJTNFJTNDJTJGaWZyYW1lJTNF[\/spb_raw_html] [spb_blank_spacer height=&#8221;30px&#8221; width=&#8221;1\/1&#8243; el_position=&#8221;first last&#8221;] [spb_text_block animation=&#8221;none&#8221; animation_delay=&#8221;0&#8243; simplified_controls=&#8221;yes&#8221; custom_css_percentage=&#8221;no&#8221; padding_vertical=&#8221;0&#8243; padding_horizontal=&#8221;0&#8243; margin_vertical=&#8221;0&#8243; custom_css=&#8221;margin-top: 0px;margin-bottom: 0px;&#8221; border_size=&#8221;0&#8243; border_styling_global=&#8221;default&#8221; width=&#8221;1\/1&#8243; el_position=&#8221;first last&#8221;] ANALYSE AF MUSSES SYN P\u00c5 MUSLIMER OG HANS RETORIK I denne Musse analyse ser vi n\u00e6rmere p\u00e5, hvordan Foreningen Frafalden og Musse selv bidrager til islamkritikken i Danmark. Gennem sin m\u00e5de at tale om muslimer [&hellip;]<\/p>\n","protected":false},"author":2,"featured_media":0,"comment_status":"closed","ping_status":"closed","sticky":false,"template":"","format":"standard","meta":{"footnotes":""},"categories":[133,1353],"tags":[],"class_list":["post-41532","post","type-post","status-publish","format-standard","hentry","category-nyheder","category-uafhaengige-nyheder"],"yoast_head":"<!-- This site is optimized with the Yoast SEO Premium plugin v26.6 (Yoast SEO v27.5) - https:\/\/yoast.com\/product\/yoast-seo-premium-wordpress\/ -->\n<title>Analyse af Musses analyse: Retorikken, synet p\u00e5 muslimer<\/title>\n<meta name=\"description\" content=\"Vi unders\u00f8ger, hvordan Musses analyse af islam p\u00e5virker debatten i Danmark \u2013 og hvad hans retorik afsl\u00f8rer om synet p\u00e5 muslimer.\" \/>\n<meta name=\"robots\" content=\"index, follow, max-snippet:-1, max-image-preview:large, max-video-preview:-1\" \/>\n<link rel=\"canonical\" href=\"https:\/\/zlcopenhagen.com\/da\/analyse-af-musses-analyse-s3-e12\/\" \/>\n<meta property=\"og:locale\" content=\"da_DK\" \/>\n<meta property=\"og:type\" content=\"article\" \/>\n<meta property=\"og:title\" content=\"ZLCOPENHAGEN: Danish-Punjabi Ethical Menswear\" \/>\n<meta property=\"og:description\" content=\"ZLCOPENHAGEN merges Danish minimalism with Punjabi pride. Ethical menswear with muscle, message, and meaning. Designed with zidd.\" \/>\n<meta property=\"og:url\" content=\"https:\/\/zlcopenhagen.com\/da\/analyse-af-musses-analyse-s3-e12\/\" \/>\n<meta property=\"og:site_name\" content=\"zlcopenhagen.com\" \/>\n<meta property=\"article:published_time\" content=\"2025-03-07T13:46:10+00:00\" \/>\n<meta property=\"article:modified_time\" content=\"2026-01-22T07:00:56+00:00\" \/>\n<meta property=\"og:image\" content=\"https:\/\/zlcopenhagen.com\/wp-content\/uploads\/2014\/11\/zlc-.jpg\" \/>\n\t<meta property=\"og:image:width\" content=\"1908\" \/>\n\t<meta property=\"og:image:height\" content=\"1062\" \/>\n\t<meta property=\"og:image:type\" content=\"image\/jpeg\" \/>\n<meta name=\"author\" content=\"ZLC Team\" \/>\n<meta name=\"twitter:card\" content=\"summary_large_image\" \/>\n<meta name=\"twitter:label1\" content=\"Skrevet af\" \/>\n\t<meta name=\"twitter:data1\" content=\"ZLC Team\" \/>\n\t<meta name=\"twitter:label2\" content=\"Estimeret l\u00e6setid\" \/>\n\t<meta name=\"twitter:data2\" content=\"7 minutter\" \/>\n<!-- \/ Yoast SEO Premium plugin. -->","yoast_head_json":{"title":"Analyse af Musses analyse: Retorikken, synet p\u00e5 muslimer","description":"Vi unders\u00f8ger, hvordan Musses analyse af islam p\u00e5virker debatten i Danmark \u2013 og hvad hans retorik afsl\u00f8rer om synet p\u00e5 muslimer.","robots":{"index":"index","follow":"follow","max-snippet":"max-snippet:-1","max-image-preview":"max-image-preview:large","max-video-preview":"max-video-preview:-1"},"canonical":"https:\/\/zlcopenhagen.com\/da\/analyse-af-musses-analyse-s3-e12\/","og_locale":"da_DK","og_type":"article","og_title":"ZLCOPENHAGEN: Danish-Punjabi Ethical Menswear","og_description":"ZLCOPENHAGEN merges Danish minimalism with Punjabi pride. Ethical menswear with muscle, message, and meaning. Designed with zidd.","og_url":"https:\/\/zlcopenhagen.com\/da\/analyse-af-musses-analyse-s3-e12\/","og_site_name":"zlcopenhagen.com","article_published_time":"2025-03-07T13:46:10+00:00","article_modified_time":"2026-01-22T07:00:56+00:00","og_image":[{"width":1908,"height":1062,"url":"https:\/\/zlcopenhagen.com\/wp-content\/uploads\/2014\/11\/zlc-.jpg","type":"image\/jpeg"}],"author":"ZLC Team","twitter_card":"summary_large_image","twitter_misc":{"Skrevet af":"ZLC Team","Estimeret l\u00e6setid":"7 minutter"},"schema":{"@context":"https:\/\/schema.org","@graph":[{"@type":["Article","BlogPosting"],"@id":"https:\/\/zlcopenhagen.com\/da\/analyse-af-musses-analyse-s3-e12\/#article","isPartOf":{"@id":"https:\/\/zlcopenhagen.com\/da\/analyse-af-musses-analyse-s3-e12\/"},"author":{"name":"ZLC Team","@id":"https:\/\/zlcopenhagen.com\/#\/schema\/person\/c7ce5649957ac4c1258910e89f0f5fb3"},"headline":"MUSSES ANALYSE: HANS SYN P\u00c5 MUSLIMER OG ISLAM I DEN DANSKE DEBAT","datePublished":"2025-03-07T13:46:10+00:00","dateModified":"2026-01-22T07:00:56+00:00","mainEntityOfPage":{"@id":"https:\/\/zlcopenhagen.com\/da\/analyse-af-musses-analyse-s3-e12\/"},"wordCount":2816,"publisher":{"@id":"https:\/\/zlcopenhagen.com\/#organization"},"articleSection":["Nyheder","UAFH\u00c6NGIGE NYHEDER"],"inLanguage":"da-DK","copyrightYear":"2025","copyrightHolder":{"@id":"https:\/\/zlcopenhagen.com\/#organization"}},{"@type":"WebPage","@id":"https:\/\/zlcopenhagen.com\/da\/analyse-af-musses-analyse-s3-e12\/","url":"https:\/\/zlcopenhagen.com\/da\/analyse-af-musses-analyse-s3-e12\/","name":"Analyse af Musses analyse: Retorikken, synet p\u00e5 muslimer","isPartOf":{"@id":"https:\/\/zlcopenhagen.com\/#website"},"datePublished":"2025-03-07T13:46:10+00:00","dateModified":"2026-01-22T07:00:56+00:00","description":"Vi unders\u00f8ger, hvordan Musses analyse af islam p\u00e5virker debatten i Danmark \u2013 og hvad hans retorik afsl\u00f8rer om synet p\u00e5 muslimer.","breadcrumb":{"@id":"https:\/\/zlcopenhagen.com\/da\/analyse-af-musses-analyse-s3-e12\/#breadcrumb"},"inLanguage":"da-DK","potentialAction":[{"@type":"ReadAction","target":["https:\/\/zlcopenhagen.com\/da\/analyse-af-musses-analyse-s3-e12\/"]}]},{"@type":"BreadcrumbList","@id":"https:\/\/zlcopenhagen.com\/da\/analyse-af-musses-analyse-s3-e12\/#breadcrumb","itemListElement":[{"@type":"ListItem","position":1,"name":"Home","item":"https:\/\/zlcopenhagen.com\/da\/"},{"@type":"ListItem","position":2,"name":"MUSSES ANALYSE: HANS SYN P\u00c5 MUSLIMER OG ISLAM I DEN DANSKE DEBAT"}]},{"@type":"WebSite","@id":"https:\/\/zlcopenhagen.com\/#website","url":"https:\/\/zlcopenhagen.com\/","name":"zlcopenhagen.com","description":"","publisher":{"@id":"https:\/\/zlcopenhagen.com\/#organization"},"potentialAction":[{"@type":"SearchAction","target":{"@type":"EntryPoint","urlTemplate":"https:\/\/zlcopenhagen.com\/?s={search_term_string}"},"query-input":{"@type":"PropertyValueSpecification","valueRequired":true,"valueName":"search_term_string"}}],"inLanguage":"da-DK"},{"@type":["Organization","Place"],"@id":"https:\/\/zlcopenhagen.com\/#organization","name":"ZLCOPENHAGEN","alternateName":"ZLCOPENHAGEN","url":"https:\/\/zlcopenhagen.com\/","logo":{"@id":"https:\/\/zlcopenhagen.com\/da\/analyse-af-musses-analyse-s3-e12\/#local-main-organization-logo"},"image":{"@id":"https:\/\/zlcopenhagen.com\/da\/analyse-af-musses-analyse-s3-e12\/#local-main-organization-logo"},"sameAs":["https:\/\/www.youtube.com\/channel\/UCy7JINwB6DMr2fA9yHpDQJg"],"telephone":[],"openingHoursSpecification":[{"@type":"OpeningHoursSpecification","dayOfWeek":["Monday","Tuesday","Wednesday","Thursday","Friday","Saturday","Sunday"],"opens":"09:00","closes":"17:00"}]},{"@type":"Person","@id":"https:\/\/zlcopenhagen.com\/#\/schema\/person\/c7ce5649957ac4c1258910e89f0f5fb3","name":"ZLC Team","image":{"@type":"ImageObject","inLanguage":"da-DK","@id":"https:\/\/secure.gravatar.com\/avatar\/bb92a8e9bdde1cf2114b74dce44557ee57d3909986eab1422fc34e9cce350044?s=96&d=mm&r=g","url":"https:\/\/secure.gravatar.com\/avatar\/bb92a8e9bdde1cf2114b74dce44557ee57d3909986eab1422fc34e9cce350044?s=96&d=mm&r=g","contentUrl":"https:\/\/secure.gravatar.com\/avatar\/bb92a8e9bdde1cf2114b74dce44557ee57d3909986eab1422fc34e9cce350044?s=96&d=mm&r=g","caption":"ZLC Team"}},{"@type":"ImageObject","inLanguage":"da-DK","@id":"https:\/\/zlcopenhagen.com\/da\/analyse-af-musses-analyse-s3-e12\/#local-main-organization-logo","url":"https:\/\/zlcopenhagen.com\/wp-content\/uploads\/2016\/05\/blog-logo.jpg","contentUrl":"https:\/\/zlcopenhagen.com\/wp-content\/uploads\/2016\/05\/blog-logo.jpg","width":68,"height":68,"caption":"ZLCOPENHAGEN"}]}},"_links":{"self":[{"href":"https:\/\/zlcopenhagen.com\/da\/wp-json\/wp\/v2\/posts\/41532","targetHints":{"allow":["GET"]}}],"collection":[{"href":"https:\/\/zlcopenhagen.com\/da\/wp-json\/wp\/v2\/posts"}],"about":[{"href":"https:\/\/zlcopenhagen.com\/da\/wp-json\/wp\/v2\/types\/post"}],"author":[{"embeddable":true,"href":"https:\/\/zlcopenhagen.com\/da\/wp-json\/wp\/v2\/users\/2"}],"replies":[{"embeddable":true,"href":"https:\/\/zlcopenhagen.com\/da\/wp-json\/wp\/v2\/comments?post=41532"}],"version-history":[{"count":17,"href":"https:\/\/zlcopenhagen.com\/da\/wp-json\/wp\/v2\/posts\/41532\/revisions"}],"predecessor-version":[{"id":41534,"href":"https:\/\/zlcopenhagen.com\/da\/wp-json\/wp\/v2\/posts\/41532\/revisions\/41534"}],"wp:attachment":[{"href":"https:\/\/zlcopenhagen.com\/da\/wp-json\/wp\/v2\/media?parent=41532"}],"wp:term":[{"taxonomy":"category","embeddable":true,"href":"https:\/\/zlcopenhagen.com\/da\/wp-json\/wp\/v2\/categories?post=41532"},{"taxonomy":"post_tag","embeddable":true,"href":"https:\/\/zlcopenhagen.com\/da\/wp-json\/wp\/v2\/tags?post=41532"}],"curies":[{"name":"wp","href":"https:\/\/api.w.org\/{rel}","templated":true}]}}