{"id":41490,"date":"2026-03-22T01:12:13","date_gmt":"2026-03-22T00:12:13","guid":{"rendered":"https:\/\/zlcopenhagen.com\/?p=41490"},"modified":"2026-03-22T02:47:35","modified_gmt":"2026-03-22T01:47:35","slug":"claes-theilgaard-bt-manipulation","status":"publish","type":"post","link":"https:\/\/zlcopenhagen.com\/da\/claes-theilgaard-bt-manipulation\/","title":{"rendered":"CLAES THEILGAARD \u2013 DEN FEMTE KOLONNES MEDIEKRIG"},"content":{"rendered":"<p>[spb_raw_html width=&#8221;1\/1&#8243; el_position=&#8221;first last&#8221;]JTNDaWZyYW1lJTIwc3JjJTNEJTIyaHR0cHMlM0ElMkYlMkZ3d3cuZmFjZWJvb2suY29tJTJGcGx1Z2lucyUyRnBvc3QucGhwJTNGaHJlZiUzRGh0dHBzJTI1M0ElMjUyRiUyNTJGd3d3LmZhY2Vib29rLmNvbSUyNTJGc2lrYW5kYXIuc2lkZGlxdWUucG9saXRpa2VyJTI1MkZwb3N0cyUyNTJGcGZiaWQwRWFOcnRyYWpNY1hWbk5GbXk3U25tSHlTckVqOTE2cmVKQ0JHUXJ0bUdjWWlvbmludTJxZDg4WHM2UDVQYlRLbWwlMjZzaG93X3RleHQlM0R0cnVlJTI2d2lkdGglM0Q1MDAlMjIlMjB3aWR0aCUzRCUyMjUwMCUyMiUyMGhlaWdodCUzRCUyMjcwOSUyMiUyMHN0eWxlJTNEJTIyYm9yZGVyJTNBbm9uZSUzQm92ZXJmbG93JTNBaGlkZGVuJTIyJTIwc2Nyb2xsaW5nJTNEJTIybm8lMjIlMjBmcmFtZWJvcmRlciUzRCUyMjAlMjIlMjBhbGxvd2Z1bGxzY3JlZW4lM0QlMjJ0cnVlJTIyJTIwYWxsb3clM0QlMjJhdXRvcGxheSUzQiUyMGNsaXBib2FyZC13cml0ZSUzQiUyMGVuY3J5cHRlZC1tZWRpYSUzQiUyMHBpY3R1cmUtaW4tcGljdHVyZSUzQiUyMHdlYi1zaGFyZSUyMiUzRSUzQyUyRmlmcmFtZSUzRQ==[\/spb_raw_html] [spb_raw_html width=&#8221;1\/1&#8243; el_position=&#8221;first last&#8221;]JTNDYmxvY2txdW90ZSUyMGNsYXNzJTNEJTIydGlrdG9rLWVtYmVkJTIyJTIwY2l0ZSUzRCUyMmh0dHBzJTNBJTJGJTJGd3d3LnRpa3Rvay5jb20lMkYlNDBzaWthbmRhc2lkZGlxdWUlMkZ2aWRlbyUyRjc2MTkyNDc0Mzk4NDQ3ODk1MjYlMjIlMjBkYXRhLXZpZGVvLWlkJTNEJTIyNzYxOTI0NzQzOTg0NDc4OTUyNiUyMiUyMHN0eWxlJTNEJTIybWF4LXdpZHRoJTNBJTIwNjA1cHglM0JtaW4td2lkdGglM0ElMjAzMjVweCUzQiUyMiUyMCUzRSUyMCUzQ3NlY3Rpb24lM0UlMjAlM0NhJTIwdGFyZ2V0JTNEJTIyX2JsYW5rJTIyJTIwdGl0bGUlM0QlMjIlNDBzaWthbmRhc2lkZGlxdWUlMjIlMjBocmVmJTNEJTIyaHR0cHMlM0ElMkYlMkZ3d3cudGlrdG9rLmNvbSUyRiU0MHNpa2FuZGFzaWRkaXF1ZSUzRnJlZmVyJTNEZW1iZWQlMjIlM0UlNDBzaWthbmRhc2lkZGlxdWUlM0MlMkZhJTNFJTIwJTNDYSUyMHRpdGxlJTNEJTIyZnJpZWdyJUMzJUI4bm5lJTIyJTIwdGFyZ2V0JTNEJTIyX2JsYW5rJTIyJTIwaHJlZiUzRCUyMmh0dHBzJTNBJTJGJTJGd3d3LnRpa3Rvay5jb20lMkZ0YWclMkZmcmllZ3IlMjVDMyUyNUI4bm5lJTNGcmVmZXIlM0RlbWJlZCUyMiUzRSUyM2ZyaWVnciVDMyVCOG5uZSUzQyUyRmElM0UlMjAlM0NhJTIwdGl0bGUlM0QlMjJzbHV0bWVkYXRkdWtrZW5ha2tlbiUyMiUyMHRhcmdldCUzRCUyMl9ibGFuayUyMiUyMGhyZWYlM0QlMjJodHRwcyUzQSUyRiUyRnd3dy50aWt0b2suY29tJTJGdGFnJTJGc2x1dG1lZGF0ZHVra2VuYWtrZW4lM0ZyZWZlciUzRGVtYmVkJTIyJTNFJTIzc2x1dG1lZGF0ZHVra2VuYWtrZW4lM0MlMkZhJTNFJTIwJTNDYSUyMHRpdGxlJTNEJTIyZnlwJTIyJTIwdGFyZ2V0JTNEJTIyX2JsYW5rJTIyJTIwaHJlZiUzRCUyMmh0dHBzJTNBJTJGJTJGd3d3LnRpa3Rvay5jb20lMkZ0YWclMkZmeXAlM0ZyZWZlciUzRGVtYmVkJTIyJTNFJTIzZnlwJTNDJTJGYSUzRSUyMCUzQ2ElMjB0aXRsZSUzRCUyMnNpa2FuZGFyc2lkZGlxdWUlMjIlMjB0YXJnZXQlM0QlMjJfYmxhbmslMjIlMjBocmVmJTNEJTIyaHR0cHMlM0ElMkYlMkZ3d3cudGlrdG9rLmNvbSUyRnRhZyUyRnNpa2FuZGFyc2lkZGlxdWUlM0ZyZWZlciUzRGVtYmVkJTIyJTNFJTIzc2lrYW5kYXJzaWRkaXF1ZSUzQyUyRmElM0UlMjAlM0NhJTIwdGFyZ2V0JTNEJTIyX2JsYW5rJTIyJTIwdGl0bGUlM0QlMjIlRTIlOTklQUMlMjBvcmlnaW5hbCUyMGx5ZCUyMC0lMjBTaWthbmRhciUyMFNpZGRpcXVlJTIyJTIwaHJlZiUzRCUyMmh0dHBzJTNBJTJGJTJGd3d3LnRpa3Rvay5jb20lMkZtdXNpYyUyRm9yaWdpbmFsLWx5ZC03NjE5MjQ3NDY0MjU1NzAzODMwJTNGcmVmZXIlM0RlbWJlZCUyMiUzRSVFMiU5OSVBQyUyMG9yaWdpbmFsJTIwbHlkJTIwLSUyMFNpa2FuZGFyJTIwU2lkZGlxdWUlM0MlMkZhJTNFJTIwJTNDJTJGc2VjdGlvbiUzRSUyMCUzQyUyRmJsb2NrcXVvdGUlM0UlMjAlM0NzY3JpcHQlMjBhc3luYyUyMHNyYyUzRCUyMmh0dHBzJTNBJTJGJTJGd3d3LnRpa3Rvay5jb20lMkZlbWJlZC5qcyUyMiUzRSUzQyUyRnNjcmlwdCUzRQ==[\/spb_raw_html] [spb_raw_html width=&#8221;1\/1&#8243; el_position=&#8221;first last&#8221;]JTNDYmxvY2txdW90ZSUyMGNsYXNzJTNEJTIydHdpdHRlci10d2VldCUyMiUyMGRhdGEtdGhlbWUlM0QlMjJkYXJrJTIyJTNFJTNDcCUyMGxhbmclM0QlMjJkYSUyMiUyMGRpciUzRCUyMmx0ciUyMiUzRURlciUyMGVyJTIwYmxldmV0JTIwYmVnJUMzJUE1ZXQlMjBlbiUyMGZvcmJyeWRlbHNlJTIwb2clMjBkZXQlMjBoYXIlMjBkdSUyMGJpZHJhZ2V0JTIwdGlsLiUyMEplZyUyMGZvcnN0JUMzJUE1ciUyMGdvZHQlMjBwcmluY2lwcGV0JTIwb20lMjBhdCUyMGJlc2t5dHRlJTIwc2luZSUyMGtpbGRlciUyQyUyMG1lbiUyMGR1JTIwc2t1bGxlJTIwaGF2ZSUyMGhvbGR0JTIwZGlnJTIwZnJhJTIwYXQlMjBicnVnZSUyMHVsb3ZsaWdlJTIwb3BseXNuaW5nZXIuJTNDJTJGcCUzRSUyNm1kYXNoJTNCJTIwTmllbHMlMjBCcmluY2glMjAlMjglNDBuaWVsc2JyaW5jaCUyOSUyMCUzQ2ElMjBocmVmJTNEJTIyaHR0cHMlM0ElMkYlMkZ0d2l0dGVyLmNvbSUyRm5pZWxzYnJpbmNoJTJGc3RhdHVzJTJGMjAzNDM3NTM4MzA4NTEwNTMxMSUzRnJlZl9zcmMlM0R0d3NyYyUyNTVFdGZ3JTIyJTNFTWFyY2glMjAxOCUyQyUyMDIwMjYlM0MlMkZhJTNFJTNDJTJGYmxvY2txdW90ZSUzRSUyMCUzQ3NjcmlwdCUyMGFzeW5jJTIwc3JjJTNEJTIyaHR0cHMlM0ElMkYlMkZwbGF0Zm9ybS50d2l0dGVyLmNvbSUyRndpZGdldHMuanMlMjIlMjBjaGFyc2V0JTNEJTIydXRmLTglMjIlM0UlM0MlMkZzY3JpcHQlM0UlMEE=[\/spb_raw_html] [spb_raw_html width=&#8221;1\/1&#8243; el_position=&#8221;first last&#8221;]JTNDYmxvY2txdW90ZSUyMGNsYXNzJTNEJTIydHdpdHRlci10d2VldCUyMiUyMGRhdGEtdGhlbWUlM0QlMjJkYXJrJTIyJTNFJTNDcCUyMGxhbmclM0QlMjJkYSUyMiUyMGRpciUzRCUyMmx0ciUyMiUzRU0lQzMlQTVza2UlMjB2YXIlMjBkZXIlMjBub2dlbiUyMGFmJTIwZGVtJTIwc29tJTIwZ2Vua2VuZHRlJTIwZGlnJTNGJTNDJTJGcCUzRSUyNm1kYXNoJTNCJTIwTmllbHMlMjBCcmluY2glMjAlMjglNDBuaWVsc2JyaW5jaCUyOSUyMCUzQ2ElMjBocmVmJTNEJTIyaHR0cHMlM0ElMkYlMkZ0d2l0dGVyLmNvbSUyRm5pZWxzYnJpbmNoJTJGc3RhdHVzJTJGMjAyODMzMzI2ODUyNTg2MzE3MSUzRnJlZl9zcmMlM0R0d3NyYyUyNTVFdGZ3JTIyJTNFTWFyY2glMjAyJTJDJTIwMjAyNiUzQyUyRmElM0UlM0MlMkZibG9ja3F1b3RlJTNFJTIwJTNDc2NyaXB0JTIwYXN5bmMlMjBzcmMlM0QlMjJodHRwcyUzQSUyRiUyRnBsYXRmb3JtLnR3aXR0ZXIuY29tJTJGd2lkZ2V0cy5qcyUyMiUyMGNoYXJzZXQlM0QlMjJ1dGYtOCUyMiUzRSUzQyUyRnNjcmlwdCUzRSUwQQ==[\/spb_raw_html] [spb_text_block animation=&#8221;none&#8221; animation_delay=&#8221;0&#8243; simplified_controls=&#8221;yes&#8221; custom_css_percentage=&#8221;no&#8221; padding_vertical=&#8221;0&#8243; padding_horizontal=&#8221;0&#8243; margin_vertical=&#8221;0&#8243; custom_css=&#8221;margin-top: 0px;margin-bottom: 0px;&#8221; border_size=&#8221;0&#8243; border_styling_global=&#8221;default&#8221; width=&#8221;1\/1&#8243; el_position=&#8221;first last&#8221;]<\/p>\n<p><em>Han skriver den 1\/3\/2026; Det er trist, at man i visse milj\u00f8er opf\u00f8rer sig s\u00e5dan overfor journalister\u00a0<\/em><\/p>\n<h2>CLAES THEILGAARDS PLATTE METODER<\/h2>\n<h3><strong>Hvem er Claes Kirkeby Theilgaard?<\/strong><\/h3>\n<p>B.T.\u2019s samfundsredakt\u00f8r er ikke bare en stemme i debatten \u2013 han er et f\u00e6nomen, der udfordrer gr\u00e6nserne for presseetik og politisk objektivitet.<br \/>\nHans navn dukker op igen og igen i historier om <strong>manipulation<\/strong>, <strong>Femte Kolonne<\/strong> og forbindelser til <a href=\"https:\/\/redox.dk\/nyheder\/ikke-bare-borgerlige-her-er-b-t-redaktoerernes-forbindelser-til-den-ekstreme-hoejrefloej\/\" target=\"_blank\" rel=\"noopener\"><strong>Generation Identit\u00e6r Danmark<\/strong><\/a>.<\/p>\n<hr \/>\n<h3>CLAES THEILGAARD \u2013 DEN FEMTE KOLONNES MEDIEKRIG<\/h3>\n<p>N\u00e5r vi taler om infiltration, propaganda og skjulte dagsordener, t\u00e6nker mange p\u00e5 totalit\u00e6re regimer og efterretningstjenester.<br \/>\nMen i dag foreg\u00e5r kampen midt i det danske medielandskab.<\/p>\n<p>BT har arbejdet sig op som en central figur i en <strong>undergravende mediestrategi<\/strong>, hvor m\u00e5let ikke er at oplyse \u2013 men at at p\u00e5virke. BTs journalistik b\u00e6rer pr\u00e6g af ideologisk vinkling, selektiv kildebrug og politisk drejning. Er vi ude i en <strong>moderne femte kolonne<\/strong>, der indefra fors\u00f8ger at forme debatten og presse bestemte fort\u00e6llinger igennem.<\/p>\n<p>L\u00e6s ogs\u00e5 Sagen om <strong><a href=\"https:\/\/zlcopenhagen.com\/da\/krydsforhoer-omar-marzouk-jotam-confino\/\" target=\"_blank\" rel=\"noopener\">Jotam Confinos krydsforh\u00f8r i retten<\/a><\/strong> hvor han kalder Mohammed Khanni som en terrorsympatis\u00f8r,<\/p>\n<hr \/>\n<h3>ETISK FORFALD I JOURNALISTIKKEN<\/h3>\n<h4>Klage over B.T., Claes Theilgaard og chefredakt\u00f8r Simon Richard Nielsen<\/h4>\n<p>B.T. har som medie et ansvar for trov\u00e6rdighed, objektivitet og presseetik.<br \/>\nMen under <strong>Claes Theilgaard<\/strong> og chefredakt\u00f8r <strong>Simon Richard Nielsen<\/strong> ser vi et nyt m\u00f8nster: manipulation, personangreb og politiske vendettaer forkl\u00e6dt som journalistik.<\/p>\n<p>Artikler bliver skrevet med et ensidigt narrativ, hvor fakta og kilder bruges selektivt for at fremme en bestemt dagsorden.<br \/>\nDet rejser et alvorligt sp\u00f8rgsm\u00e5l: <em>Hvorfor tillader B.T. denne bevidste misinformation?<\/em><\/p>\n<p>N\u00e5r en redakt\u00f8r misbruger sin platform til <strong>politisk p\u00e5virkning<\/strong>, og ledelsen undlader at reagere, peger det mod et dybere <strong>etisk forfald<\/strong> i dansk journalistik.<\/p>\n<hr \/>\n<h2>KONKLUSION<\/h2>\n<p>Dette handler ikke kun om \u00e9n mand. Det handler om <strong>magt, medier og manipulation forkl\u00e6dt som sandhed<\/strong>. BT repr\u00e6senterer et symptom p\u00e5 en st\u00f8rre krise i mediebranchen \u2013 hvor gr\u00e6nsen mellem journalist og aktivist langsomt udviskes.<\/p>\n<p>[\/spb_text_block] [spb_blank_spacer height=&#8221;30px&#8221; width=&#8221;1\/1&#8243; el_position=&#8221;first last&#8221;] [spb_toggle element_name=&#8221;DATO 3\/4\/2025: L\u00c6S MERE HER: MIN MAIL TIL BT, RED. ANSV. SIMON RICHARD NIELSEN&#8221; title=&#8221;DATO 3\/4\/2025: L\u00c6S MERE HER: MIN MAIL TIL BT, RED. ANSV. SIMON RICHARD NIELSEN&#8221; open=&#8221;false&#8221; width=&#8221;1\/1&#8243; el_position=&#8221;first last&#8221;]<\/p>\n<p data-start=\"183\" data-end=\"354\"><strong data-start=\"183\" data-end=\"236\">Til: Simon Richard Nielsen, chefredakt\u00f8r for B.T.<\/strong><br data-start=\"236\" data-end=\"239\" \/><strong data-start=\"239\" data-end=\"274\">CC: Ledelsen i Berlingske Media<\/strong><br data-start=\"274\" data-end=\"277\" \/><strong data-start=\"277\" data-end=\"352\">Emne: REDAKTIONELT ANSVAR \u2013 CLAES THEILGAARD OG B.T.\u2019S FORVREDNE AGENDA<\/strong><\/p>\n<p data-start=\"356\" data-end=\"389\"><strong data-start=\"356\" data-end=\"387\">K\u00e6re Simon Richard Nielsen,<\/strong><\/p>\n<p data-start=\"391\" data-end=\"658\">Jeg henvender mig til Dem som ansvarshavende chefredakt\u00f8r for B.T. for at rejse alvorlige bekymringer om den journalistiske linje, som B.T. i stigende grad f\u00f8lger \u2013 en linje pr\u00e6get af manipulation, h\u00f8jreekstrem p\u00e5virkning og systematiske angreb p\u00e5 kritiske stemmer.<\/p>\n<p data-start=\"660\" data-end=\"1073\"><strong data-start=\"660\" data-end=\"714\">CLAES THEILGAARD OG DEN EKSTREMISTISKE INDFLYDELSE<\/strong><br data-start=\"714\" data-end=\"717\" \/>Som samfundsredakt\u00f8r har Claes Theilgaard f\u00e5et en platform til at fremme en agenda, der g\u00e5r langt ud over traditionel borgerlig journalistik. Hans forbindelser til nyfascistiske netv\u00e6rk, herunder Generation Identit\u00e6r, samt hans t\u00e6tte samarbejde med akt\u00f8rer som Jotam Confino og Dam Moalem, rejser alvorlige sp\u00f8rgsm\u00e5l om B.T.\u2019s redaktionelle uafh\u00e6ngighed.<\/p>\n<p data-start=\"1075\" data-end=\"1437\">Det er veldokumenteret, at Theilgaard har en fortid i at arrangere demonstrationer med deltagelse af nynazister, at han har deltaget i debatm\u00f8der arrangeret af h\u00f8jreekstreme organisationer, og at han aktivt bruger sin journalistiske position til at miskreditere og forf\u00f8lge personer med holdninger, der ikke stemmer overens med hans egen ideologiske dagsorden.<\/p>\n<h3 data-start=\"1439\" data-end=\"1488\"><strong data-start=\"1443\" data-end=\"1488\">JEG FORLANGER KLARHED OM B.T.\u2019S POSITION:<\/strong><\/h3>\n<ol data-start=\"1489\" data-end=\"1904\">\n<li data-start=\"1489\" data-end=\"1597\">Hvordan kan B.T. forsvare at have en redakt\u00f8r med dokumenterede forbindelser til h\u00f8jreekstreme milj\u00f8er?<\/li>\n<li data-start=\"1598\" data-end=\"1736\">Vil I tage afstand fra de systematiske angreb p\u00e5 bestemte grupper og enkeltpersoner, som Theilgaard har orkestreret fra sin stilling?<\/li>\n<li data-start=\"1737\" data-end=\"1904\">Vil der blive foretaget en intern unders\u00f8gelse af, hvordan B.T. i stigende grad er blevet en platform for ekstremistiske synspunkter camoufleret som journalistik?<\/li>\n<\/ol>\n<p data-start=\"1906\" data-end=\"2275\"><strong data-start=\"1906\" data-end=\"1958\">B.T. SOM ET POLITISK REDSKAB \u2013 HVOR G\u00c5R GR\u00c6NSEN?<\/strong><br data-start=\"1958\" data-end=\"1961\" \/>Det er ikke l\u00e6ngere et sp\u00f8rgsm\u00e5l om journalistisk integritet \u2013 det er et sp\u00f8rgsm\u00e5l om, hvorvidt B.T. aktivt bist\u00e5r med at fremme en radikal h\u00f8jredrejning i dansk presse. Jeres artikler sk\u00e6vvrider debatten, udv\u00e6lger fjendebilleder og bidrager til en samfundsudvikling, hvor had og mist\u00e6nkeligg\u00f8relse normaliseres.<\/p>\n<p data-start=\"2277\" data-end=\"2489\">Jeg har offentliggjort en grundig gennemgang af denne problemstilling, inklusive dokumentation for Theilgaards forbindelser og arbejdsmetoder, p\u00e5 f\u00f8lgende side:<br data-start=\"2437\" data-end=\"2440\" \/>https:\/\/zlcopenhagen.com\/da\/claes-theilgaard-bt-manipulation\/<\/p>\n<p data-start=\"2491\" data-end=\"2715\">Jeg forventer et klart svar fra dig og B.T.\u2019s ledelse om, hvordan I vil h\u00e5ndtere denne sag. Hvis ikke der bliver taget ansvar, vil sagen blive rejst over for relevante presseetiske klageinstanser og i den offentlige debat.<\/p>\n<p data-start=\"2717\" data-end=\"2817\"><strong data-start=\"2717\" data-end=\"2739\">Med venlig hilsen,<\/strong><\/p>\n<p data-start=\"2717\" data-end=\"2817\">Zahid Latif 3\/4\/2025<\/p>\n<p>[\/spb_toggle] [spb_blank_spacer height=&#8221;30px&#8221; width=&#8221;1\/1&#8243; el_position=&#8221;first last&#8221;] [spb_toggle element_name=&#8221;DATO 3\/4\/2025: L\u00c6S MERE HER: MIN MAIL TIL PRESSEN\u00c6VNET&#8221; title=&#8221;DATO 3\/4\/2025: L\u00c6S MERE HER: MIN MAIL TIL PRESSEN\u00c6VNET&#8221; open=&#8221;false&#8221; width=&#8221;1\/1&#8243; el_position=&#8221;first last&#8221;]<\/p>\n<p data-start=\"904\" data-end=\"1096\"><strong data-start=\"904\" data-end=\"925\">Til: Pressen\u00e6vnet<\/strong><br data-start=\"925\" data-end=\"928\" \/><strong data-start=\"928\" data-end=\"995\">CC: Berlingske Media, B.T.\u2019s chefredakt\u00f8r Simon Richard Nielsen<\/strong><br data-start=\"995\" data-end=\"998\" \/><strong data-start=\"998\" data-end=\"1094\">Emne: KLAGE OVER B.T. \u2013 MANIPULATION, H\u00d8JREEKSTREM JOURNALISTIK OG CHIKANE AF ENKELTPERSONER<\/strong><\/p>\n<p data-start=\"1098\" data-end=\"1120\"><strong data-start=\"1098\" data-end=\"1118\">K\u00e6re Pressen\u00e6vn,<\/strong><\/p>\n<p data-start=\"1122\" data-end=\"1409\">Jeg \u00f8nsker hermed at indgive en officiel klage over B.T. og s\u00e6rligt journalist <strong data-start=\"1201\" data-end=\"1221\">Claes Theilgaard<\/strong>, der gennem en r\u00e6kke artikler og journalistiske metoder har misbrugt sin platform til <strong data-start=\"1308\" data-end=\"1406\">politisk manipulation, personlig hetz og h\u00f8jreekstremistisk p\u00e5virkning af den offentlige debat<\/strong>.<\/p>\n<h3 data-start=\"1411\" data-end=\"1469\"><strong data-start=\"1415\" data-end=\"1467\">B.T. HAR ET PROBLEM MED JOURNALISTISK INTEGRITET<\/strong><\/h3>\n<p data-start=\"1471\" data-end=\"1516\">Min bekymring udspringer af flere faktorer:<\/p>\n<ol data-start=\"1518\" data-end=\"2864\">\n<li data-start=\"1518\" data-end=\"1849\">\n<p data-start=\"1521\" data-end=\"1566\"><strong data-start=\"1521\" data-end=\"1564\">Ensrettet og manipulerende journalistik<\/strong><\/p>\n<ul data-start=\"1570\" data-end=\"1849\">\n<li data-start=\"1570\" data-end=\"1722\">B.T. og Claes Theilgaard har <strong data-start=\"1601\" data-end=\"1642\">konsekvent fremmet en politisk agenda<\/strong>, der retter sig mod bestemte grupper og individer uden journalistisk balance.<\/li>\n<li data-start=\"1726\" data-end=\"1849\">Artikler har ofte v\u00e6ret baseret p\u00e5 <strong data-start=\"1763\" data-end=\"1782\">forvredne fakta<\/strong>, <strong data-start=\"1784\" data-end=\"1803\">ensidige kilder<\/strong> eller <strong data-start=\"1810\" data-end=\"1846\">direkte manipulation af kontekst<\/strong>.<\/li>\n<\/ul>\n<\/li>\n<li data-start=\"1851\" data-end=\"2092\">\n<p data-start=\"1854\" data-end=\"1886\"><strong data-start=\"1854\" data-end=\"1884\">H\u00f8jreekstreme forbindelser<\/strong><\/p>\n<ul data-start=\"1890\" data-end=\"2092\">\n<li data-start=\"1890\" data-end=\"1999\">Theilgaard har veldokumenterede forbindelser til <strong data-start=\"1941\" data-end=\"1965\">Generation Identit\u00e6r<\/strong> og andre h\u00f8jreradikale grupper.<\/li>\n<li data-start=\"2003\" data-end=\"2092\">Hans journalistik er brugt <strong data-start=\"2032\" data-end=\"2068\">til at legitimere deres ideologi<\/strong> i det offentlige rum.<\/li>\n<\/ul>\n<\/li>\n<li data-start=\"2094\" data-end=\"2539\">\n<p data-start=\"2097\" data-end=\"2128\"><strong data-start=\"2097\" data-end=\"2126\">Personforf\u00f8lgelse og hetz<\/strong><\/p>\n<ul data-start=\"2132\" data-end=\"2539\">\n<li data-start=\"2132\" data-end=\"2305\">Theilgaard har gentagne gange <strong data-start=\"2164\" data-end=\"2209\">udvalgt enkeltpersoner til mediekampagner<\/strong>, hvor han mist\u00e6nkeligg\u00f8r, spreder halve sandheder og fors\u00f8ger at miskreditere dem offentligt.<\/li>\n<li data-start=\"2309\" data-end=\"2539\">Jeg har <strong data-start=\"2319\" data-end=\"2363\">selv v\u00e6ret m\u00e5l for en af disse kampagner<\/strong>, hvilket jeg har dokumenteret her:<br data-start=\"2398\" data-end=\"2401\" \/>\u27a1\ufe0f <strong data-start=\"2407\" data-end=\"2537\"><a href=\"https:\/\/zlcopenhagen.com\/da\/claes-theilgaard-bt-manipulation\/\" target=\"_new\" rel=\"noopener\" data-start=\"2409\" data-end=\"2535\">https:\/\/zlcopenhagen.com\/da\/claes-theilgaard-bt-manipulation\/<\/a><\/strong><\/li>\n<\/ul>\n<\/li>\n<li data-start=\"2541\" data-end=\"2864\">\n<p data-start=\"2544\" data-end=\"2578\"><strong data-start=\"2544\" data-end=\"2576\">Manglende journalistisk etik<\/strong><\/p>\n<ul data-start=\"2582\" data-end=\"2864\">\n<li data-start=\"2582\" data-end=\"2745\">Jeg har tidligere <strong data-start=\"2602\" data-end=\"2670\">rettet henvendelse til B.T.\u2019s chefredakt\u00f8r Simon Richard Nielsen<\/strong>, men har ikke f\u00e5et et retvisende svar p\u00e5, hvordan de vil h\u00e5ndtere dette.<\/li>\n<li data-start=\"2749\" data-end=\"2864\">B.T. har <strong data-start=\"2760\" data-end=\"2861\">ikke anerkendt deres bias eller \u00f8nsket at tage afstand fra Theilgaards problematiske journalistik<\/strong>.<\/li>\n<\/ul>\n<\/li>\n<\/ol>\n<h3 data-start=\"2866\" data-end=\"2916\"><strong data-start=\"2870\" data-end=\"2914\">HVORFOR ER DETTE ET PRESSEETISK PROBLEM?<\/strong><\/h3>\n<ul data-start=\"2918\" data-end=\"3428\">\n<li data-start=\"2918\" data-end=\"3100\"><strong data-start=\"2920\" data-end=\"2943\">Brud p\u00e5 presseetik:<\/strong> Journalistik skal v\u00e6re <strong data-start=\"2967\" data-end=\"3007\">objektiv, kildekritisk og balanceret<\/strong> \u2013 B.T. og Theilgaard bryder med dette ved at fremme en ensidig, politisk farvet dagsorden.<\/li>\n<li data-start=\"3101\" data-end=\"3269\"><strong data-start=\"3103\" data-end=\"3130\">Chikane og magtmisbrug:<\/strong> Journalister m\u00e5 ikke misbruge deres platforme til <strong data-start=\"3181\" data-end=\"3266\">at m\u00e5lrette sig mod enkeltpersoner eller f\u00f8re kampagner mod politiske modstandere<\/strong>.<\/li>\n<li data-start=\"3270\" data-end=\"3428\"><strong data-start=\"3272\" data-end=\"3298\">Forvr\u00e6ngning af fakta:<\/strong> Artiklernes sk\u00e6vvridning af informationer og valg af kilder g\u00f8r, at offentligheden <strong data-start=\"3382\" data-end=\"3425\">pr\u00e6senteres for et manipuleret narrativ<\/strong>.<\/li>\n<\/ul>\n<h3 data-start=\"3430\" data-end=\"3466\"><strong data-start=\"3434\" data-end=\"3464\">MINE KRAV TIL PRESSEN\u00c6VNET<\/strong><\/h3>\n<p data-start=\"3468\" data-end=\"3499\">Jeg beder Pressen\u00e6vnet om at:<\/p>\n<ol data-start=\"3500\" data-end=\"3975\">\n<li data-start=\"3500\" data-end=\"3609\"><strong data-start=\"3503\" data-end=\"3553\">Gennemg\u00e5 Claes Theilgaards journalistik i B.T.<\/strong> og vurdere, om den overholder de presseetiske regler.<\/li>\n<li data-start=\"3610\" data-end=\"3706\"><strong data-start=\"3613\" data-end=\"3704\">Vurdere om B.T. har ansvar for at korrigere eller tage afstand fra Theilgaards d\u00e6kning.<\/strong><\/li>\n<li data-start=\"3707\" data-end=\"3834\"><strong data-start=\"3710\" data-end=\"3753\">P\u00e5l\u00e6gge B.T. at bringe en berigtigelse,<\/strong> hvis det vurderes, at Theilgaard har bragt forvredne eller usande oplysninger.<\/li>\n<li data-start=\"3835\" data-end=\"3975\"><strong data-start=\"3838\" data-end=\"3914\">Tage stilling til om B.T. systematisk bryder med presseetiske principper<\/strong> ved at give plads til politisk manipulerende journalistik.<\/li>\n<\/ol>\n<p data-start=\"3977\" data-end=\"4112\">Jeg anmoder om en skriftlig bekr\u00e6ftelse p\u00e5, at Pressen\u00e6vnet har modtaget denne klage, samt en vurdering af den videre sagsbehandling.<\/p>\n<p data-start=\"4114\" data-end=\"4174\">Med venlig hilsen,<\/p>\n<p data-start=\"4114\" data-end=\"4174\">Zahid Latif<\/p>\n<p>[\/spb_toggle] [spb_blank_spacer height=&#8221;30px&#8221; width=&#8221;1\/1&#8243; el_position=&#8221;first last&#8221;] [spb_raw_html width=&#8221;1\/1&#8243; el_position=&#8221;first last&#8221;]JTNDZGl2JTIwc3R5bGUlM0QlMjJtYXgtd2lkdGglM0ElMjAxMDAlMjUlM0IlMjBvdmVyZmxvdyUzQSUyMGhpZGRlbiUzQiUyMiUzRSUwQSUyMCUyMCUyMCUyMCUzQ2lmcmFtZSUyMHNyYyUzRCUyMmh0dHBzJTNBJTJGJTJGd3d3LmZhY2Vib29rLmNvbSUyRnBsdWdpbnMlMkZwb3N0LnBocCUzRmhyZWYlM0RodHRwcyUyNTNBJTI1MkYlMjUyRnd3dy5mYWNlYm9vay5jb20lMjUyRnBlcm1hbGluay5waHAlMjUzRnN0b3J5X2ZiaWQlMjUzRHBmYmlkMHhnS1NTV0RhQXRSWVY0NjhtUEpHZEhRc3NZU3RiWEtXNGF6ZDJ3ZENiMWlOam15OUo0VWtub1VzZ1Zod1NTd2NsJTI1MjZpZCUyNTNEMTAwMDEwODM3NzU3MjY0JTI2c2hvd190ZXh0JTNEdHJ1ZSUyNndpZHRoJTNENTAwJTIyJTIwJTBBJTIwJTIwJTIwJTIwd2lkdGglM0QlMjIxMDAlMjUlMjIlMjBoZWlnaHQlM0QlMjI2NzAlMjIlMjBzdHlsZSUzRCUyMmJvcmRlciUzQW5vbmUlM0JvdmVyZmxvdyUzQWhpZGRlbiUzQiUyMG1heC13aWR0aCUzQSUyMDUwMHB4JTNCJTIwZGlzcGxheSUzQSUyMGJsb2NrJTNCJTIwbWFyZ2luJTNBJTIwYXV0byUzQiUyMiUyMCUwQSUyMCUyMCUyMCUyMHNjcm9sbGluZyUzRCUyMm5vJTIyJTIwZnJhbWVib3JkZXIlM0QlMjIwJTIyJTIwYWxsb3dmdWxsc2NyZWVuJTNEJTIydHJ1ZSUyMiUyMCUwQSUyMCUyMCUyMCUyMGFsbG93JTNEJTIyYXV0b3BsYXklM0IlMjBjbGlwYm9hcmQtd3JpdGUlM0IlMjBlbmNyeXB0ZWQtbWVkaWElM0IlMjBwaWN0dXJlLWluLXBpY3R1cmUlM0IlMjB3ZWItc2hhcmUlMjIlM0UlM0MlMkZpZnJhbWUlM0UlMEElM0MlMkZkaXYlM0UlMEE=[\/spb_raw_html] [spb_blank_spacer height=&#8221;30px&#8221; width=&#8221;1\/1&#8243; el_position=&#8221;first last&#8221;] [spb_blank_spacer height=&#8221;30px&#8221; width=&#8221;1\/1&#8243; el_position=&#8221;first last&#8221;] [spb_text_block animation=&#8221;none&#8221; animation_delay=&#8221;0&#8243; simplified_controls=&#8221;yes&#8221; custom_css_percentage=&#8221;no&#8221; padding_vertical=&#8221;0&#8243; padding_horizontal=&#8221;0&#8243; margin_vertical=&#8221;0&#8243; custom_css=&#8221;margin-top: 0px;margin-bottom: 0px;&#8221; border_size=&#8221;0&#8243; border_styling_global=&#8221;default&#8221; width=&#8221;1\/1&#8243; el_position=&#8221;first last&#8221;]<\/p>\n<h2>DEN AGGRESSIVE INDLEDNING<\/h2>\n<p>[\/spb_text_block] [spb_image image=&#8221;41495&#8243; image_size=&#8221;full&#8221; frame=&#8221;noframe&#8221; caption_pos=&#8221;hover&#8221; remove_rounded=&#8221;yes&#8221; fullwidth=&#8221;no&#8221; overflow_mode=&#8221;none&#8221; link_target=&#8221;_self&#8221; lightbox=&#8221;no&#8221; intro_animation=&#8221;none&#8221; animation_delay=&#8221;200&#8243; width=&#8221;1\/1&#8243; el_position=&#8221;first last&#8221;][\/spb_image] [spb_blank_spacer height=&#8221;30px&#8221; width=&#8221;1\/1&#8243; el_position=&#8221;first last&#8221;] [spb_text_block animation=&#8221;none&#8221; animation_delay=&#8221;0&#8243; simplified_controls=&#8221;yes&#8221; custom_css_percentage=&#8221;no&#8221; padding_vertical=&#8221;0&#8243; padding_horizontal=&#8221;0&#8243; margin_vertical=&#8221;0&#8243; custom_css=&#8221;margin-top: 0px;margin-bottom: 0px;&#8221; border_size=&#8221;0&#8243; border_styling_global=&#8221;default&#8221; width=&#8221;1\/1&#8243; el_position=&#8221;first last&#8221;]<\/p>\n<h3>CLAES THEILGAARDS METODER<\/h3>\n<p>Denne analyse af <strong>Claes Kirkeby Theilgaard<\/strong> afsl\u00f8rer et systematisk m\u00f8nster af <strong>BT manipulation<\/strong> og bevidst framing \u2013 en form for <strong>journalistisk manipulation<\/strong>, hvor pres og tidsbegr\u00e6nsning bruges strategisk.<\/p>\n<p><strong>Claes Theilgaard skriver:<\/strong><\/p>\n<blockquote><p>\u201cHej,<br \/>\nHvad var \u00e5rsagen til, at du deltog i Nasrallahs begravelse?<br \/>\nHvorfor mener du, at det er v\u00e6rd at hylde og mindes Nasrallah?<br \/>\nMed tanke p\u00e5, at Hezbollah af blandt andet USA (hele organisationen) og EU (den militante fl\u00f8j) er karakteriseret som en terrororganisation: Hvordan kan du forsvare at deltage i en terrorleders begravelse?<br \/>\nDeadline for svar er i dag klokken 16:30.<br \/>\nClaes.\u201d<\/p><\/blockquote>\n<hr \/>\n<h4>Ledende sp\u00f8rgsm\u00e5l og indlejret anklage<\/h4>\n<p>Claes Theilgaard starter ikke med et neutralt sp\u00f8rgsm\u00e5l, men formulerer det p\u00e5 en m\u00e5de, der allerede foruds\u00e6tter skyld:<\/p>\n<blockquote><p>\u201cHvorfor mener du, at det er v\u00e6rd at hylde og mindes Nasrallah?\u201d<\/p><\/blockquote>\n<p>Dette tvinger modparten i en forsvarsposition \u2014 ogs\u00e5 selv hvis vedkommende slet ikke har \u201chyldet\u201d Nasrallah.<\/p>\n<h4>Brug af st\u00e6rke associationer<\/h4>\n<p>Ved at n\u00e6vne USA\u2019s og EU\u2019s terrorstempling af Hezbollah skaber han en kontekst, hvor svaret p\u00e5 forh\u00e5nd skal forsvares.<br \/>\nOrdvalget <em>\u201cforsvare at deltage i en terrorleders begravelse\u201d<\/em> indeb\u00e6rer, at motivet m\u00e5 v\u00e6re politisk \u2013 og dermed mist\u00e6nkeligt.<\/p>\n<h4>Un\u00f8dvendig stram deadline<\/h4>\n<p>En deadline samme dag kl. 16:30 er en klassisk <strong>presseteknik<\/strong>.<br \/>\nDen skaber stress og presser modparten til hurtige svar, som let kan misforst\u00e5s eller forvrides.<\/p>\n<hr \/>\n<h2>AFVISNING AF DEBAT OG ENSIDIG KONTROL<\/h2>\n<p><strong>Modparten svarer:<\/strong><\/p>\n<blockquote><p>\u201cSiden du stadig skylder mig en debat om Pal\u00e6stina, s\u00e5 lad dette v\u00e6re emnet og inviter mig ind i jeres podcast, hvor du og jeg diskuterer Nasrallah, Pal\u00e6stina og Israel.\u201d<\/p><\/blockquote>\n<p><strong>Claes svarer:<\/strong><\/p>\n<blockquote><p>\u201cJeg skylder dig ikke noget. Og jeg inviterer dig ikke til en podcast. Jeg stiller dig nogle sp\u00f8rgsm\u00e5l, som jeg gerne vil have dine svar p\u00e5.\u201d<\/p><\/blockquote>\n<h4>Afvisning af ligev\u00e6rdig debat<\/h4>\n<p>Modparten foresl\u00e5r en \u00e5ben og offentlig debat, men Claes afviser direkte.<br \/>\nDet viser, at han ikke s\u00f8ger dialog, men <strong>kontrol over narrativet<\/strong>.<\/p>\n<h4>Indirekte trussel om framing<\/h4>\n<blockquote><p>\u201cDu kan v\u00e6lge at svare, eller ogs\u00e5 m\u00e5 jeg notere i artiklen, at du ikke vil det.\u201d<\/p><\/blockquote>\n<p>Det er en subtil trussel: Tavshed vil blive brugt imod modparten.<br \/>\nDette er en <strong>klassisk framing-teknik<\/strong>, hvor journalistens ordvalg bliver v\u00e5bnet.<\/p>\n<hr \/>\n<h2>PRES FOR AT TAGE STILLING \u2013 MANIPULATIV FRAMING<\/h2>\n<p><strong>Modparten skriver:<\/strong><\/p>\n<blockquote><p>\u201cJeg vil gerne svare, men vil have mulighed for at uddybe og komme med nuancer.\u201d<\/p><\/blockquote>\n<p><strong>Claes svarer:<\/strong><\/p>\n<blockquote><p>\u201cHvis du ikke vil svare p\u00e5 mine sp\u00f8rgsm\u00e5l, s\u00e5 noterer jeg det.\u201d<\/p><\/blockquote>\n<h4>Ignorering af tilbud om debat<\/h4>\n<p>Selv n\u00e5r modparten \u00e5bner for dialog, ignorerer Claes invitationen.<br \/>\nM\u00e5let synes at v\u00e6re <strong>kontrol over konteksten<\/strong>, ikke oplysning.<\/p>\n<h4>Brug af tavshed som v\u00e5ben<\/h4>\n<p>Ved gentagne gange at \u201cnotere\u201d manglende svar, kan han skabe indtryk af tavshed som skyld.<br \/>\nDet er en <strong>strategisk misrepr\u00e6sentation<\/strong>, som giver journalisten narrativt overtag.<\/p>\n<hr \/>\n<h2>BRUG AF \u201cEKSPERT\u201d FOR AT SKABE PRES<\/h2>\n<p><strong>Claes skriver:<\/strong><\/p>\n<blockquote><p>\u201cHej, jeg har talt med terrorforsker Magnus Ranstorp, der udtaler f\u00f8lgende \u2026 Deadline er klokken 15:45 i dag.\u201d<\/p><\/blockquote>\n<h4>Brug af ekspert til at styrke vinklen<\/h4>\n<p>Ved at citere en ekspert, der st\u00f8tter journalistens pr\u00e6mis, skaber Claes autoritet omkring sin egen fortolkning.<br \/>\nEksperten bruges som <strong>retorisk forst\u00e6rker<\/strong> \u2013 ikke som neutral stemme.<\/p>\n<h4>Gentagelse af korte deadlines<\/h4>\n<p>Deadline f\u00e5 timer efter beskeden presser modparten.<br \/>\nDenne metode bruges til at tvinge frem hurtige svar \u2013 eller tavshed, der kan udnyttes.<\/p>\n<hr \/>\n<h2>KONSEKVENSER AF MANIPULATIV JOURNALISTIK<\/h2>\n<p><strong>Modparten skriver:<\/strong><\/p>\n<blockquote><p>\u201cEr du frisk p\u00e5 at tage en offentlig debat om hans udtalelse, eller vil du fortsat gemme dig bag dit mediehus?\u201d<\/p><\/blockquote>\n<h4>N\u00e5r Claes bliver konfronteret<\/h4>\n<p>Han afviser igen \u00e5ben debat.<br \/>\nDet afsl\u00f8rer et m\u00f8nster, hvor <strong>kommunikation kun foreg\u00e5r p\u00e5 hans pr\u00e6misser<\/strong>.<\/p>\n<hr \/>\n<h2>KONKLUSION<\/h2>\n<p><strong>Claes Theilgaard bruger ensidigt pres, manipulative sp\u00f8rgsm\u00e5l og undviger offentlig debat.<\/strong><\/p>\n<ul>\n<li>Ledende sp\u00f8rgsm\u00e5l, der skaber skyld uden bevis.<\/li>\n<li>Stramme deadlines, der presser hurtige svar frem.<\/li>\n<li>Brug af eksperter for at give legitimitet til en forudbestemt vinkel.<\/li>\n<li>Afvisning af \u00e5ben debat for at sikre ensidig kontrol.<\/li>\n<li>Framing af tavshed som skyld.<\/li>\n<\/ul>\n<p>Denne gennemgang dokumenterer, at <strong>Claes Theilgaards journalistik<\/strong> ikke lever op til krav om objektivitet eller presseetik.<br \/>\nDet fremst\u00e5r snarere som en <strong>politisk drevet kampagne<\/strong>, hvor manipulation erstatter dialog. En slags Femte Kollonne hos BT.<\/p>\n<hr \/>\n<p><strong>Jeg har fors\u00f8gt at f\u00e5 en kommentar fra Claes Theilgaard, men han har ikke \u00f8nsket at svare.<\/strong><\/p>\n<p><!-- Enkel styling til roligere layout --><\/p>\n<style>blockquote {<br \/>  border-left: 4px solid #ccc;<br \/>  margin: 1.5em 0;<br \/>  padding: 0.8em 1em;<br \/>  background: #f9f9f9;<br \/>  font-style: italic;<br \/>}<br \/>ul { margin-left: 1.2em; line-height: 1.6; }<br \/>hr { border: 0; border-top: 1px solid #ddd; margin: 2em 0; }<br \/>h4 { margin-top: 1.5em; }<br \/><\/style>\n<p>[\/spb_text_block] [spb_raw_html width=&#8221;1\/1&#8243; el_position=&#8221;first last&#8221;]JTNDYmxvY2txdW90ZSUyMGNsYXNzJTNEJTIydHdpdHRlci10d2VldCUyMiUyMGRhdGEtdGhlbWUlM0QlMjJkYXJrJTIyJTNFJTNDcCUyMGxhbmclM0QlMjJkYSUyMiUyMGRpciUzRCUyMmx0ciUyMiUzRVN2JUMzJUE2cnQlMjBpa2tlJTIwYXQlMjB2JUMzJUE2cmUlMjBzdG9sdCUyQyUyMG4lQzMlQTVyJTIwcyVDMyVCOG5uaWtlJTIwa2xhdHJlciUyMG9wJTIwaSUyMGhpZXJhcmtpZXQuJTIwTWVuJTIwbW9uJTIwaWtrZSUyMG9wZHJhZ2Vsc2VuJTIwZ2lrJTIwbGlkdCUyMGdhbHQlMkMlMjBuJUMzJUE1ciUyMGZvcmJpbmRlbHNlciUyMHRpbCUyMG55ZmFzY2lzdGlza2UlMjBvZyUyMG5hemlzdGlza2UlMjBncnVwcGVyJTIwYmxpdmVyJTIwZW4lMjBkZWwlMjBhZiUyMHBha2tlbiUzRiUyME5vZ2V0JTIwYXQlMjB0JUMzJUE2bmtlJTIwb3ZlciUyQyUyMCUzQ2ElMjBocmVmJTNEJTIyaHR0cHMlM0ElMkYlMkZ0d2l0dGVyLmNvbSUyRlRob3JzdGVpblQlM0ZyZWZfc3JjJTNEdHdzcmMlMjU1RXRmdyUyMiUzRSU0MFRob3JzdGVpblQlM0MlMkZhJTNFJTIwJTNDYSUyMGhyZWYlM0QlMjJodHRwcyUzQSUyRiUyRnQuY28lMkZ1Skh5ZjNubWdKJTIyJTNFaHR0cHMlM0ElMkYlMkZ0LmNvJTJGdUpIeWYzbm1nSiUzQyUyRmElM0UlMjAlM0NhJTIwaHJlZiUzRCUyMmh0dHBzJTNBJTJGJTJGdC5jbyUyRlUyaE9ObEswOVAlMjIlM0VwaWMudHdpdHRlci5jb20lMkZVMmhPTmxLMDlQJTNDJTJGYSUzRSUzQyUyRnAlM0UlMjZtZGFzaCUzQiUyMFphaGlkJTIwTGF0aWYlMjAlRjAlOUYlODclQjUlRjAlOUYlODclQjglRjAlOUYlODclQjUlRjAlOUYlODclQjAlRjAlOUYlODclQTglRjAlOUYlODclQjMlRjAlOUYlODclQjclRjAlOUYlODclQkElRjAlOUYlODclQkYlRjAlOUYlODclQTYlRjAlOUYlODclQUUlRjAlOUYlODclQjMlRjAlOUYlOEMlODglMjAlMjglNDB6YWhpZGxhdGlmemFoaWQlMjklMjAlM0NhJTIwaHJlZiUzRCUyMmh0dHBzJTNBJTJGJTJGdHdpdHRlci5jb20lMkZ6YWhpZGxhdGlmemFoaWQlMkZzdGF0dXMlMkYxODY3OTQ3MzM2NzYyMzUyMTIzJTNGcmVmX3NyYyUzRHR3c3JjJTI1NUV0ZnclMjIlM0VEZWNlbWJlciUyMDE0JTJDJTIwMjAyNCUzQyUyRmElM0UlM0MlMkZibG9ja3F1b3RlJTNFJTIwJTNDc2NyaXB0JTIwYXN5bmMlMjBzcmMlM0QlMjJodHRwcyUzQSUyRiUyRnBsYXRmb3JtLnR3aXR0ZXIuY29tJTJGd2lkZ2V0cy5qcyUyMiUyMGNoYXJzZXQlM0QlMjJ1dGYtOCUyMiUzRSUzQyUyRnNjcmlwdCUzRQ==[\/spb_raw_html] [spb_text_block animation=&#8221;none&#8221; animation_delay=&#8221;0&#8243; simplified_controls=&#8221;yes&#8221; custom_css_percentage=&#8221;no&#8221; padding_vertical=&#8221;0&#8243; padding_horizontal=&#8221;0&#8243; margin_vertical=&#8221;0&#8243; custom_css=&#8221;margin-top: 0px;margin-bottom: 0px;&#8221; border_size=&#8221;0&#8243; border_styling_global=&#8221;default&#8221; width=&#8221;1\/1&#8243; el_position=&#8221;first last&#8221;]<\/p>\n<section class=\"article\">\n<h2>CLAES THEILGAARD OG DEN ZIONISTISKE MAFIA<\/h2>\n<h3>EN UNDERGRAVENDE AGENDA I DANMARK<\/h3>\n<p>Den danske medieverden har l\u00e6nge v\u00e6ret pr\u00e6get af skjulte dagsordener og strategisk manipulation, men f\u00e5 personer illustrerer dette mere tydeligt end Claes Theilgaard. Som samfundsredakt\u00f8r p\u00e5 B.T. er han ikke blot en borgerlig stemme, men en central figur i en koordineret propagandaindsats, der har til form\u00e5l at kontrollere narrativerne omkring Israel, Pal\u00e6stina og h\u00f8jreekstreme netv\u00e6rk i Danmark.<\/p>\n<p>Nye beviser viser, at Theilgaard opererer i en gr\u00e5zone mellem journalistik, politisk aktivisme og ren desinformation. Hans forbindelser til zionistiske magtcentre, hans metoder til at miskreditere kritikere og hans skiftende allierede i den ekstreme h\u00f8jrefl\u00f8j afsl\u00f8rer en farlig infiltration af danske medier.<\/p>\n<h2>ZIONISTISK MAFIA \u2013 HVAD ER DER P\u00c5 SPIL?<\/h2>\n<p>Begrebet &#8220;zionistisk mafia&#8221; d\u00e6kker over et netv\u00e6rk af juridiske, mediale og politiske akt\u00f8rer, der systematisk arbejder for at undertrykke kritik af Israel og marginalisere pal\u00e6stinensiske stemmer. Theilgaard er en villig deltager i denne strategi, hvor juridiske sager, mediekampagner og \u00f8konomisk st\u00f8tte bruges til at forme den offentlige debat i en bestemt retning.<\/p>\n<p>Nye l\u00e6kager fra Redox og andre uafh\u00e6ngige unders\u00f8gelser viser, at Theilgaard har haft t\u00e6tte forbindelser til akt\u00f8rer som Dam Moalem, der leder den zionistiske \u201cIsrael Desk\u201d i Danmark, samt Jotam Confino, der aktivt har f\u00f8rt juridiske sager mod kritikere af Israel.<\/p>\n<h3>THEILGAARDS KONKRETE METODER \u2013 HVORDAN HAN MANIPULERER?<\/h3>\n<ol>\n<li>\n<h4><strong>MISINFORMATION &amp; SK\u00c6VVRIDNING<\/strong><\/h4>\n<ul>\n<li>Theilgaard fremstiller Pal\u00e6stina-demonstrationer som terrorsympatiserende uden beviser.<\/li>\n<li>Han driver ensidige kampagner mod NGO\u2019er som Mellemfolkeligt Samvirke og Enhedslisten for at sv\u00e6kke deres st\u00f8tte til Pal\u00e6stina.<\/li>\n<\/ul>\n<\/li>\n<li>\n<h4><strong>JURIDISK PRES OG INTIMIDERING<\/strong><\/h4>\n<ul>\n<li>Theilgaard samarbejder med h\u00f8jreekstreme kr\u00e6fter, der true, forf\u00f8lge og juridisk angribe kritikere.<\/li>\n<li>Han har benyttet strategisk chikane af meningsmodstandere gennem tvivlsomme anklager i medierne.<\/li>\n<\/ul>\n<\/li>\n<li>\n<h4><strong>H\u00d8JREEKSTREME B\u00c5ND<\/strong><\/h4>\n<ul>\n<li>Theilgaard har deltaget i m\u00f8der og konferencer med organisationer som Generation Identit\u00e6r.<\/li>\n<li>Han har haft relationer til nynazistiske grupper, herunder kredse omkring Stram Kurs og Nye Borgerlige.<\/li>\n<\/ul>\n<\/li>\n<\/ol>\n<p>&nbsp;<\/p>\n<\/section>\n<p><!-- Stil til flot, roligt layout --><\/p>\n<p>[\/spb_text_block] [spb_text_block animation=&#8221;none&#8221; animation_delay=&#8221;0&#8243; simplified_controls=&#8221;yes&#8221; custom_css_percentage=&#8221;no&#8221; padding_vertical=&#8221;0&#8243; padding_horizontal=&#8221;0&#8243; margin_vertical=&#8221;0&#8243; custom_css=&#8221;margin-top: 0px;margin-bottom: 0px;&#8221; border_size=&#8221;0&#8243; border_styling_global=&#8221;default&#8221; width=&#8221;1\/1&#8243; el_position=&#8221;first last&#8221;]<\/p>\n<section class=\"article\">\n<h2>BERLINGSKE MEDIA<\/h2>\n<h3>ET REDSKAB FOR PROPAGANDA<\/h3>\n<p>Det er ikke tilf\u00e6ldigt, at B.T. og Berlingske Media har udviklet sig til en platform for Theilgaards manipulation. Disse medier har igen og igen givet taletid til zionistiske akt\u00f8rer og ekstreme h\u00f8jrefl\u00f8jsstemmer, der arbejder for at d\u00e6monisere modstandere af Israels politik.<\/p>\n<p>Eksempelvis var Theilgaards d\u00e6kning af Israels angreb p\u00e5 Gaza en systematisk kampagne for at mist\u00e6nkeligg\u00f8re demonstranter og fremstille dem som radikale islamister \u2013 uden faktuel dokumentation.<\/p>\n<h3>HVORFOR ER DETTE EN TRUSSEL MOD DANMARK?<\/h3>\n<p>Denne form for infiltration af medierne stiller alvorlige sp\u00f8rgsm\u00e5l:<\/p>\n<ul>\n<li>Hvordan kan B.T. og Berlingske Media p\u00e5st\u00e5 at v\u00e6re neutrale, n\u00e5r de aktivt underst\u00f8tter en bestemt politisk agenda?<\/li>\n<li>Hvem finansierer disse kampagner, og hvilke eksterne interesser er p\u00e5 spil?<\/li>\n<li>Hvad betyder det for ytringsfriheden, n\u00e5r zionistiske netv\u00e6rk bruger juridiske midler til at tvinge kritikere til tavshed?<\/li>\n<\/ul>\n<p>Theilgaards journalistiske metoder b\u00f8r ikke betragtes som neutrale eller objektive, men derimod som del af en st\u00f8rre magtstrategi, der truer den frie debat i Danmark.<\/p>\n<h2>KONKLUSION: EN MEDIEKRIG UDEN SKRUPLER<\/h2>\n<p>Claes Theilgaard er ikke en journalist. Han er en strategisk operat\u00f8r i en st\u00f8rre kamp om meningsdannelse og politisk kontrol i Danmark. Hans netv\u00e6rk af magtfulde st\u00f8tter, hans metoder og hans agenda udg\u00f8r en direkte trussel mod en fri presse og den kritiske debat.<\/p>\n<p>Dette er ikke en tilf\u00e6ldighed, men en koordineret indsats for at \u00e6ndre den danske debat og skr\u00e6mme modstandere af Israels politik til tavshed.<\/p>\n<p><strong>Hvem vinder p\u00e5 det \u2013 og hvem betaler prisen?<\/strong><\/p>\n<h2 class=\"entry-title\">B.T. SAMMARBEHDER MED ISRAELSK LOBBY GRUPPE<\/h2>\n<h3>DREJEBOGEN UDVIKLET AF NGO MONITOR<\/h3>\n<p>En artikel af <a href=\"https:\/\/pov.international\/steffen-groth-b-t-og-israelsk-lobbygruppe-i-parallelt-angreb-paa-dansk-stoette-til-palaestinensisk-ngo\/\" target=\"_blank\" rel=\"noopener\">Steffen Groth<\/a>.<\/p>\n<\/section>\n<p><!-- Stil til flot, roligt layout --><\/p>\n<p>[\/spb_text_block] [spb_image image=&#8221;38832&#8243; image_size=&#8221;full&#8221; frame=&#8221;noframe&#8221; caption_pos=&#8221;hover&#8221; remove_rounded=&#8221;yes&#8221; fullwidth=&#8221;no&#8221; overflow_mode=&#8221;none&#8221; link_target=&#8221;_self&#8221; lightbox=&#8221;no&#8221; intro_animation=&#8221;none&#8221; animation_delay=&#8221;200&#8243; width=&#8221;1\/1&#8243; el_position=&#8221;first last&#8221;][\/spb_image] [spb_text_block animation=&#8221;none&#8221; animation_delay=&#8221;0&#8243; simplified_controls=&#8221;yes&#8221; custom_css_percentage=&#8221;no&#8221; padding_vertical=&#8221;0&#8243; padding_horizontal=&#8221;0&#8243; margin_vertical=&#8221;0&#8243; custom_css=&#8221;margin-top: 0px;margin-bottom: 0px;&#8221; border_size=&#8221;0&#8243; border_styling_global=&#8221;default&#8221; width=&#8221;1\/1&#8243; el_position=&#8221;first last&#8221;]<\/p>\n<h2 data-start=\"135\" data-end=\"163\">MERE OM RELATEREDE EMNER<\/h2>\n<h3>EN FARLIG ALLIANCE MED H\u00d8JREEKSTREME FORBINDELSER<\/h3>\n<p data-start=\"165\" data-end=\"441\">Dyk ned i vores dybdeg\u00e5ende analyser og afsl\u00f8ringer af de skjulte netv\u00e6rk, ideologiske dagsordener og magtstrukturer, der pr\u00e6ger dansk politik og medier. Udforsk, hvordan h\u00f8jreekstreme bev\u00e6gelser, nyfascisme og propaganda p\u00e5virker den offentlige debat, og hvem der st\u00e5r bag.<\/p>\n<p data-start=\"443\" data-end=\"807\"><strong data-start=\"446\" data-end=\"626\"><a href=\"https:\/\/zlcopenhagen.com\/da\/claes-theilgaard-forbindelser-nyfascisme-hojreekstreme-netvaerk\/\" target=\"_new\" rel=\"noopener\" data-start=\"448\" data-end=\"624\">Claes Theilgaard og hans forbindelser til nyfascistiske og h\u00f8jreekstreme netv\u00e6rk<\/a><\/strong><br data-start=\"626\" data-end=\"629\" \/>Afsl\u00f8ring af, hvordan B.T.&#8217;s samfundsredakt\u00f8r har dybe forbindelser til ekstreme h\u00f8jreorienterede grupper og anvender medieplatforme til at sprede en skjult politisk dagsorden.<\/p>\n<p data-start=\"809\" data-end=\"1024\"><strong data-start=\"812\" data-end=\"921\"><a href=\"https:\/\/zlcopenhagen.com\/da\/sjurdur-skaale-er-hamas-spejlbillede\/\" target=\"_new\" rel=\"noopener\" data-start=\"814\" data-end=\"919\">Sj\u00far\u00f0ur Skaale: Hamas&#8217; spejlbillede?<\/a><\/strong><br data-start=\"921\" data-end=\"924\" \/>Hvordan en f\u00e6r\u00f8sk politiker anklages for at spejle den propaganda og retorik, han selv kritiserer.<\/p>\n<p data-start=\"1026\" data-end=\"1240\"><strong data-start=\"1029\" data-end=\"1119\"><a href=\"https:\/\/zlcopenhagen.com\/da\/dior-by-day-hamas-by-night\/\" target=\"_new\" rel=\"noopener\" data-start=\"1031\" data-end=\"1117\">Dior by Day, Hamas by Night<\/a><\/strong><br data-start=\"1119\" data-end=\"1122\" \/>En unders\u00f8gelse af, hvordan elitepersoner balancerer mellem luksusliv og kontroversielle ideologiske tilh\u00f8rsforhold.<\/p>\n<p data-start=\"1242\" data-end=\"1399\"><strong data-start=\"1245\" data-end=\"1292\"><a href=\"https:\/\/zlcopenhagen.com\/da\/om-os\/\" target=\"_new\" rel=\"noopener\" data-start=\"1247\" data-end=\"1290\">Om os<\/a><\/strong><br data-start=\"1292\" data-end=\"1295\" \/>L\u00e6r mere om vores mission, metode og hvorfor vi afsl\u00f8rer de magtstrukturer, medierne undg\u00e5r at ber\u00f8re.<\/p>\n<p>[\/spb_text_block] [spb_raw_html width=&#8221;1\/1&#8243; el_position=&#8221;first last&#8221;]JTNDc3R5bGUlM0UlMEElMjAlMjAudHdpdHRlci1yb3clMjAlN0IlMEElMjAlMjAlMjAlMjBkaXNwbGF5JTNBJTIwZmxleCUzQiUwQSUyMCUyMCUyMCUyMGZsZXgtd3JhcCUzQSUyMHdyYXAlM0IlMjAlMkYlMkElMjBBbGxvd3MlMjB3cmFwcGluZyUyMG9uJTIwc21hbGxlciUyMHNjcmVlbnMlMjAlMkElMkYlMEElMjAlMjAlMjAlMjBnYXAlM0ElMjAxNnB4JTNCJTIwJTJGJTJBJTIwU3BhY2UlMjBiZXR3ZWVuJTIwdGhlJTIwdHdlZXRzJTIwJTJBJTJGJTBBJTIwJTIwJTIwJTIwanVzdGlmeS1jb250ZW50JTNBJTIwY2VudGVyJTNCJTIwJTJGJTJBJTIwQ2VudGVyLWFsaWduJTIwdHdlZXRzJTIwaG9yaXpvbnRhbGx5JTIwJTJBJTJGJTBBJTIwJTIwJTdEJTBBJTBBJTIwJTIwLnR3aXR0ZXItY29udGFpbmVyJTIwJTdCJTBBJTIwJTIwJTIwJTIwZmxleCUzQSUyMDElMjAxJTIwY2FsYyUyODUwJTI1JTIwLSUyMDE2cHglMjklM0IlMjAlMkYlMkElMjBFYWNoJTIwdHdlZXQlMjB0YWtlcyUyMDUwJTI1JTIwb2YlMjB0aGUlMjByb3clMjBtaW51cyUyMHRoZSUyMGdhcCUyMCUyQSUyRiUwQSUyMCUyMCUyMCUyMG1heC13aWR0aCUzQSUyMGNhbGMlMjg1MCUyNSUyMC0lMjAxNnB4JTI5JTNCJTIwJTJGJTJBJTIwRW5zdXJlcyUyMHR3ZWV0cyUyMGRvbiUyN3QlMjBleGNlZWQlMjBoYWxmJTIwdGhlJTIwY29udGFpbmVyJTIwd2lkdGglMjAlMkElMkYlMEElMjAlMjAlMjAlMjBwb3NpdGlvbiUzQSUyMHJlbGF0aXZlJTNCJTBBJTIwJTIwJTIwJTIwcGFkZGluZy1ib3R0b20lM0ElMjA4NyUyNSUzQiUyMCUyRiUyQSUyMEluY3JlYXNlJTIwaGVpZ2h0JTIwdG8lMjBlbnN1cmUlMjBmdWxsJTIwY29udGVudCUyMGlzJTIwdmlzaWJsZSUyMCUyQSUyRiUwQSUyMCUyMCUyMCUyMGhlaWdodCUzQSUyMDAlM0IlMEElMjAlMjAlMjAlMjBvdmVyZmxvdyUzQSUyMGhpZGRlbiUzQiUwQSUyMCUyMCU3RCUwQSUwQSUyMCUyMC50d2l0dGVyLWNvbnRhaW5lciUyMGlmcmFtZSUyMCU3QiUwQSUyMCUyMCUyMCUyMHBvc2l0aW9uJTNBJTIwYWJzb2x1dGUlM0IlMEElMjAlMjAlMjAlMjB0b3AlM0ElMjAwJTNCJTBBJTIwJTIwJTIwJTIwbGVmdCUzQSUyMDAlM0IlMEElMjAlMjAlMjAlMjB3aWR0aCUzQSUyMDEwMCUyNSUzQiUwQSUyMCUyMCUyMCUyMGhlaWdodCUzQSUyMDEwMCUyNSUzQiUwQSUyMCUyMCU3RCUwQSUwQSUyMCUyMCU0MG1lZGlhJTIwJTI4bWF4LXdpZHRoJTNBJTIwNzY4cHglMjklMjAlN0IlMEElMjAlMjAlMjAlMjAudHdpdHRlci1jb250YWluZXIlMjAlN0IlMEElMjAlMjAlMjAlMjAlMjAlMjBmbGV4JTNBJTIwMSUyMDElMjAxMDAlMjUlM0IlMjAlMkYlMkElMjBGdWxsJTIwd2lkdGglMjBvbiUyMHNtYWxsZXIlMjBzY3JlZW5zJTIwJTJBJTJGJTBBJTIwJTIwJTIwJTIwJTIwJTIwbWF4LXdpZHRoJTNBJTIwMTAwJTI1JTNCJTBBJTIwJTIwJTIwJTIwJTIwJTIwcGFkZGluZy1ib3R0b20lM0ElMjA5MCUyNSUzQiUyMCUyRiUyQSUyMEV4dHJhJTIwaGVpZ2h0JTIwZm9yJTIwc21hbGxlciUyMHNjcmVlbnMlMjAlMkElMkYlMEElMjAlMjAlMjAlMjAlN0QlMEElMjAlMjAlN0QlMEElM0MlMkZzdHlsZSUzRSUwQSUwQSUzQ2RpdiUyMGNsYXNzJTNEJTIydHdpdHRlci1yb3clMjIlM0UlMEElMjAlMjAlM0NkaXYlMjBjbGFzcyUzRCUyMnR3aXR0ZXItY29udGFpbmVyJTIyJTNFJTBBJTIwJTIwJTIwJTIwJTNDYmxvY2txdW90ZSUyMGNsYXNzJTNEJTIydHdpdHRlci10d2VldCUyMiUyMGRhdGEtdGhlbWUlM0QlMjJkYXJrJTIyJTNFJTBBJTIwJTIwJTIwJTIwJTIwJTIwJTNDcCUyMGxhbmclM0QlMjJkYSUyMiUyMGRpciUzRCUyMmx0ciUyMiUzRSUwQSUyMCUyMCUyMCUyMCUyMCUyMCUyMCUyMERlbiUyMGRlc3BlcmF0ZSUyMHppb25pc3Rpc2tlJTIwc29jaWFsZGVtb2tyYXRpc2tlJTIwaCVDMyVCOGpyZWZsJUMzJUI4aiUyMGhhciUyMGluZ2VuJTIwbmVkcmUlMjBnciVDMyVBNm5zZSUyMGZvciUyMHBvbGl0aXNrJTIwa3JldGluaXNtZSUyMCUwQSUyMCUyMCUyMCUyMCUyMCUyMCUyMCUyMCUzQ2ElMjBocmVmJTNEJTIyaHR0cHMlM0ElMkYlMkZ0d2l0dGVyLmNvbSUyRmhhc2h0YWclMkZka3BvbCUzRnNyYyUzRGhhc2glMjZhbXAlM0JyZWZfc3JjJTNEdHdzcmMlMjU1RXRmdyUyMiUzRSUyM2RrcG9sJTNDJTJGYSUzRSUyMCUwQSUyMCUyMCUyMCUyMCUyMCUyMCUyMCUyMCUzQ2ElMjBocmVmJTNEJTIyaHR0cHMlM0ElMkYlMkZ0d2l0dGVyLmNvbSUyRmhhc2h0YWclMkZyYWNpc21lJTNGc3JjJTNEaGFzaCUyNmFtcCUzQnJlZl9zcmMlM0R0d3NyYyUyNTVFdGZ3JTIyJTNFJTIzcmFjaXNtZSUzQyUyRmElM0UlMjAlMEElMjAlMjAlMjAlMjAlMjAlMjAlMjAlMjAlM0NhJTIwaHJlZiUzRCUyMmh0dHBzJTNBJTJGJTJGdHdpdHRlci5jb20lMkZoYXNodGFnJTJGZmFzY2lzbWUlM0ZzcmMlM0RoYXNoJTI2YW1wJTNCcmVmX3NyYyUzRHR3c3JjJTI1NUV0ZnclMjIlM0UlMjNmYXNjaXNtZSUzQyUyRmElM0UlMjAlMEElMjAlMjAlMjAlMjAlMjAlMjAlMjAlMjAlM0NhJTIwaHJlZiUzRCUyMmh0dHBzJTNBJTJGJTJGdC5jbyUyRlQzY2lGSlA4TVolMjIlM0VodHRwcyUzQSUyRiUyRnQuY28lMkZUM2NpRkpQOE1aJTNDJTJGYSUzRSUwQSUyMCUyMCUyMCUyMCUyMCUyMCUzQyUyRnAlM0UlMjZtZGFzaCUzQiUyMEphbiUyMEhvYnklMjAlMjglNDBKYW5Ib2J5JTI5JTIwJTBBJTIwJTIwJTIwJTIwJTIwJTIwJTNDYSUyMGhyZWYlM0QlMjJodHRwcyUzQSUyRiUyRnR3aXR0ZXIuY29tJTJGSmFuSG9ieSUyRnN0YXR1cyUyRjE4NTY3ODkxNjIxOTc5MjYzNjUlM0ZyZWZfc3JjJTNEdHdzcmMlMjU1RXRmdyUyMiUzRU5vdmVtYmVyJTIwMTMlMkMlMjAyMDI0JTNDJTJGYSUzRSUwQSUyMCUyMCUyMCUyMCUzQyUyRmJsb2NrcXVvdGUlM0UlMEElMjAlMjAlMjAlMjAlM0NzY3JpcHQlMjBhc3luYyUyMHNyYyUzRCUyMmh0dHBzJTNBJTJGJTJGcGxhdGZvcm0udHdpdHRlci5jb20lMkZ3aWRnZXRzLmpzJTIyJTIwY2hhcnNldCUzRCUyMnV0Zi04JTIyJTNFJTNDJTJGc2NyaXB0JTNFJTBBJTIwJTIwJTNDJTJGZGl2JTNFJTBBJTBBJTIwJTIwJTNDZGl2JTIwY2xhc3MlM0QlMjJ0d2l0dGVyLWNvbnRhaW5lciUyMiUzRSUwQSUyMCUyMCUyMCUyMCUzQ2Jsb2NrcXVvdGUlMjBjbGFzcyUzRCUyMnR3aXR0ZXItdHdlZXQlMjIlMjBkYXRhLXRoZW1lJTNEJTIyZGFyayUyMiUzRSUwQSUyMCUyMCUyMCUyMCUyMCUyMCUzQ3AlMjBsYW5nJTNEJTIyZGElMjIlMjBkaXIlM0QlMjJsdHIlMjIlM0UlMEElMjAlMjAlMjAlMjAlMjAlMjAlMjAlMjBUJUMzJUE2bmslMjBhdCUyMGR1JTIwaGFyJTIwa2ltZXQlMjBtaWclMjBuZWQlMjBoZWxlJTIwdWdlbiUyQyUyMG9nJTIwaSUyMCVDMyVCOHZyaWd0JTIwc2VuZHQlMjBkaXNzZSUyMGJlc2tlZGVyJTJDJTIwZm9yZGklMjBkdSUyMHZhciUyMGJla3ltcmV0JTIwb3ZlciUyMG1pbiUyMHRvbmUuJTIwJTBBJTIwJTIwJTIwJTIwJTIwJTIwJTIwJTIwT2clMjBzJUMzJUE1JTIwc2tyaXZlciUyMGR1JTIwcyVDMyVBNSUyMGdydXNvbW1lJTIwa29tbWVudGFyZXIlMjBvbSUyMHN0YXRzbWluaXN0ZXJlbnMlMjBvdmVyZmFsZC4lMjAlM0NiciUzRSUzQ2JyJTNFJTBBJTIwJTIwJTIwJTIwJTIwJTIwJTIwJTIwSmVnJTIwdiVDMyVBNm1tZXMuJTIwJTBBJTIwJTIwJTIwJTIwJTIwJTIwJTIwJTIwJTNDYSUyMGhyZWYlM0QlMjJodHRwcyUzQSUyRiUyRnQuY28lMkY3N0htUWJoV0ZzJTIyJTNFcGljLnR3aXR0ZXIuY29tJTJGNzdIbVFiaFdGcyUzQyUyRmElM0UlMEElMjAlMjAlMjAlMjAlMjAlMjAlM0MlMkZwJTNFJTI2bWRhc2glM0IlMjBGcmVkZXJpayUyMFZhZCUyMCUyOCU0MEZyZWRlX1ZhZCUyOSUyMCUwQSUyMCUyMCUyMCUyMCUyMCUyMCUzQ2ElMjBocmVmJTNEJTIyaHR0cHMlM0ElMkYlMkZ0d2l0dGVyLmNvbSUyRkZyZWRlX1ZhZCUyRnN0YXR1cyUyRjE3OTkxNzQzOTY3MjE5NTExNTQlM0ZyZWZfc3JjJTNEdHdzcmMlMjU1RXRmdyUyMiUzRUp1bmUlMjA3JTJDJTIwMjAyNCUzQyUyRmElM0UlMEElMjAlMjAlMjAlMjAlM0MlMkZibG9ja3F1b3RlJTNFJTBBJTIwJTIwJTIwJTIwJTNDc2NyaXB0JTIwYXN5bmMlMjBzcmMlM0QlMjJodHRwcyUzQSUyRiUyRnBsYXRmb3JtLnR3aXR0ZXIuY29tJTJGd2lkZ2V0cy5qcyUyMiUyMGNoYXJzZXQlM0QlMjJ1dGYtOCUyMiUzRSUzQyUyRnNjcmlwdCUzRSUwQSUyMCUyMCUzQyUyRmRpdiUzRSUwQSUzQyUyRmRpdiUzRQ==[\/spb_raw_html] [spb_blank_spacer height=&#8221;30px&#8221; width=&#8221;1\/1&#8243; el_position=&#8221;first last&#8221;] [spb_blank_spacer height=&#8221;30px&#8221; width=&#8221;1\/1&#8243; el_position=&#8221;first last&#8221;] [spb_toggle title=&#8221;L\u00c6S HER: GENERATION IDENTIT\u00c6RS LYK\u00d8NSKNING&#8221; open=&#8221;false&#8221; width=&#8221;1\/1&#8243; el_position=&#8221;first last&#8221;]<\/p>\n<article class=\"w-full text-token-text-primary focus-visible:outline-2 focus-visible:outline-offset-[-4px]\" dir=\"auto\" data-testid=\"conversation-turn-291\" data-scroll-anchor=\"true\">\n<div class=\"m-auto text-base py-[18px] px-6\">\n<div class=\"mx-auto flex flex-1 text-base gap-4 md:gap-5 lg:gap-6 md:max-w-3xl\">\n<div class=\"group\/conversation-turn relative flex w-full min-w-0 flex-col agent-turn @xs\/thread:px-0 @sm\/thread:px-1.5 @md\/thread:px-4\">\n<div class=\"flex-col gap-1 md:gap-3\">\n<div class=\"flex max-w-full flex-col flex-grow\">\n<div class=\"min-h-8 text-message relative flex w-full flex-col items-end gap-2 whitespace-normal break-words text-start [.text-message+&amp;]:mt-5\" dir=\"auto\" data-message-author-role=\"assistant\" data-message-id=\"7c37523f-69a3-413b-a01d-d651b5baab05\" data-message-model-slug=\"gpt-4o\">\n<div class=\"flex w-full flex-col gap-1 empty:hidden first:pt-[3px]\">\n<div class=\"markdown prose w-full break-words dark:prose-invert light\">\n<h3 data-start=\"280\" data-end=\"366\">FREDERIK VAD OG DEN H\u00d8JREEKSTREME FLIRT<\/h3>\n<h4 data-start=\"280\" data-end=\"366\">HVORFOR ST\u00d8TTER GENERATION IDENTIT\u00c6R?<\/h4>\n<p data-start=\"430\" data-end=\"785\">I april 2024 modtog Socialdemokratiets udl\u00e6ndingeordf\u00f8rer, Frederik Vad, en konvolut fra den nyfascistiske gruppe Generation Identit\u00e6r. Indholdet? Et brev, hvor de lyk\u00f8nskede ham for hans s\u00e5kaldte &#8220;tredje erkendelse&#8221;, samt en pjece med &#8220;30 tiltag til remigration&#8221; \u2013 en eufemisme for systematisk hjemsendelse af ikke-vestlige indvandrere.<\/p>\n<p data-start=\"787\" data-end=\"995\">For dem, der ikke kender Generation Identit\u00e6r, er dette en h\u00f8jreekstrem bev\u00e6gelse, der arbejder for et etnisk homogent Europa. Deres besked til Vad var tydelig: &#8220;Vi ser frem til et godt samarbejde.&#8221;<\/p>\n<p data-start=\"997\" data-end=\"1219\">Sp\u00f8rgsm\u00e5let er: Hvordan kan en socialdemokratisk politiker ende i en situation, hvor han bliver rost af en af Europas mest kendte identit\u00e6re bev\u00e6gelser? Og hvorfor har han aldrig taget klart afstand fra denne st\u00f8tte?<\/p>\n<h3 data-start=\"1226\" data-end=\"1279\">HVORFOR KLAPPER GENERATION IDENTIT\u00c6R AF VAD?<\/h3>\n<p data-start=\"1281\" data-end=\"1460\">Frederik Vad har i Folketinget argumenteret for, at arbejde, uddannelse og en pletfri straffeattest ikke er nok, hvis migranter samtidig &#8220;undergraver det danske samfund indefra.&#8221;<\/p>\n<p data-start=\"1462\" data-end=\"1718\">Dette narrativ er direkte i tr\u00e5d med Generation Identit\u00e6rs ideologi. Det er netop denne retorik, der g\u00f8r dem i stand til at skubbe deres dagsorden ind i den politiske mainstream: At integration er en l\u00f8gn, og at den eneste l\u00f8sning er remigration.<\/p>\n<p data-start=\"1720\" data-end=\"1959\">Derfor kvitterede de prompte, da Vad introducerede sin &#8220;tredje erkendelse&#8221;. Men de mener, han stadig mangler den &#8220;fjerde erkendelse&#8221; \u2013 erkendelsen af, at integration aldrig vil lykkes og at remigration er den eneste vej frem.<\/p>\n<p data-start=\"1961\" data-end=\"2133\">N\u00e5r en organisation, der \u00e5bent arbejder for at marginalisere etniske og religi\u00f8se mindretal, ser en socialdemokrat som en nyttig allieret, b\u00f8r det v\u00e6kke alarmklokker.<\/p>\n<h3 data-start=\"1961\" data-end=\"2133\">VAD&#8217;S SELEKTIVE EMPATI<\/h3>\n<h4 data-start=\"2140\" data-end=\"2200\">HVEM FORTJENER AT V\u00c6RE HER?<\/h4>\n<p data-start=\"2202\" data-end=\"2331\">Efter den eskalerende Israel-Pal\u00e6stina-konflikt i 2023 udtrykte Vad stor bekymring for j\u00f8ders sikkerhed i Danmark og sagde:<\/p>\n<blockquote>\n<p data-start=\"2333\" data-end=\"2489\"><em data-start=\"2333\" data-end=\"2487\">Der er mellem 5000 og 8000 j\u00f8der i det her land. Danske borgere, som har boet her i flere generationer, og de er skr\u00e6mt fra vid og sans, mange af dem.<\/em><\/p>\n<\/blockquote>\n<p data-start=\"2491\" data-end=\"2588\">Dette er en legitim bekymring. Men hvorfor g\u00e6lder denne sympati ikke for andre minoriteter?<\/p>\n<p data-start=\"2590\" data-end=\"2792\">Hvis Frederik Vad mener, at j\u00f8der fortjener s\u00e6rlig beskyttelse og anerkendelse, fordi de har boet her i generationer, hvad siger det s\u00e5 om hans syn p\u00e5 andre etniske grupper, der har v\u00e6ret her i \u00e5rtier?<\/p>\n<p data-start=\"2794\" data-end=\"3033\">Kan hans selektive tilgang ikke tolkes som en form for asymmetrisk racisme? Hvor \u00e9n gruppe bliver set som legitimt tilh\u00f8rende, mens andre aldrig kan opn\u00e5 denne status \u2013 uanset hvor l\u00e6nge de har v\u00e6ret en del af det danske samfund?<\/p>\n<h3 data-start=\"3040\" data-end=\"3098\">HVORDAN FREMMER VAD GENERATION IDENTIT\u00c6RS AGENDA?<\/h3>\n<p data-start=\"3100\" data-end=\"3301\">N\u00e5r Frederik Vad taler om &#8220;herskerattituder&#8221; i bestemte indvandrermilj\u00f8er og advarer mod, at &#8220;Danmark kan g\u00e5 samme vej som Sverige,&#8221; gentager han n\u00e6sten ordret retorikken fra h\u00f8jreekstreme bev\u00e6gelser.<\/p>\n<p data-start=\"3303\" data-end=\"3532\">Generation Identit\u00e6r har i \u00e5revis brugt pr\u00e6cis denne type sprog til at legitimere deres kampagner mod indvandrere og minoriteter. N\u00e5r Vad nu bringer det ind i den socialdemokratiske diskurs, f\u00e5r gruppen en uventet sejr:<\/p>\n<ul data-start=\"3534\" data-end=\"3739\">\n<li data-start=\"3534\" data-end=\"3604\"><strong>Deres ekstreme budskaber f\u00e5r fodf\u00e6ste i det politiske centrum.<\/strong><\/li>\n<li data-start=\"3605\" data-end=\"3672\"><strong>De kan bruge Vad\u2019s udtalelser til at fremst\u00e5 mere legitime.<\/strong><\/li>\n<li data-start=\"3673\" data-end=\"3739\"><strong>De kan p\u00e5 sigt presse Socialdemokratiet l\u00e6ngere mod h\u00f8jre.<\/strong><\/li>\n<\/ul>\n<p data-start=\"3741\" data-end=\"4020\">Den klassiske strategi for h\u00f8jreekstreme grupper er at f\u00e5 etablerede politikere til at adoptere deres retorik, uden at politikerne selv opdager det. Dette skaber en glidning i den offentlige debat, hvor tidligere ekstreme id\u00e9er bliver en del af den almindelige diskurs.<\/p>\n<p data-start=\"4022\" data-end=\"4188\">Hvis Vad ikke straks tager kraftig afstand fra denne st\u00f8tte, risikerer han at blive en brik i Generation Identit\u00e6rs strategi \u2013 uanset hans egne intentioner.<\/p>\n<h3 data-start=\"4195\" data-end=\"4234\">KONSEKVENSER FOR DANSK POLITIK<\/h3>\n<p data-start=\"4236\" data-end=\"4470\">Frederik Vad er nu placeret i en farlig gr\u00e5zone. Hans &#8220;tredje erkendelse&#8221; er blevet en brik i h\u00f8jreekstrem propaganda. Samtidig har han ikke taget eksplicit afstand fra den ros, han har modtaget fra Generation Identit\u00e6r.<\/p>\n<p data-start=\"4472\" data-end=\"4531\">Dette efterlader Socialdemokratiet i en prek\u00e6r situation:<\/p>\n<ul data-start=\"4533\" data-end=\"4733\">\n<li data-start=\"4533\" data-end=\"4635\">Vil partiet tillade, at en af deres fremtr\u00e6dende profiler bruges af en h\u00f8jreradikal bev\u00e6gelse?<\/li>\n<li data-start=\"4636\" data-end=\"4733\">Eller vil de tage klar afstand og s\u00e6tte en gr\u00e6nse for, hvor langt h\u00f8jredrejningen kan g\u00e5?<\/li>\n<\/ul>\n<p data-start=\"4735\" data-end=\"4968\">Danmark har tidligere set, hvordan h\u00f8jreekstreme kr\u00e6fter langsomt infiltrerer den politiske debat. Det starter ofte med &#8220;uskyldige&#8221; erkl\u00e6ringer, der vinder anerkendelse blandt grupper, som politikere burde tage afstand fra.<\/p>\n<p data-start=\"4970\" data-end=\"5168\">Socialdemokratiet st\u00e5r nu over for et valg:<br data-start=\"5013\" data-end=\"5016\" \/>Vil de rette op p\u00e5 Vad\u2019s fejltagelser \u2013 eller vil de lade sig tr\u00e6kke endnu l\u00e6ngere mod en retorik, der kan ende med at sv\u00e6kke demokratiet indefra?<\/p>\n<h3 data-start=\"5175\" data-end=\"5241\">L\u00c6S MERE OM GENERATION IDENTIT\u00c6RS TAKTIK OG FORBINDELSER:<\/h3>\n<p data-start=\"5243\" data-end=\"5345\">Generation Identit\u00e6r: Propaganda og magtstrategier<br data-start=\"5300\" data-end=\"5303\" \/>Redox: H\u00f8jreekstremisme i Danmark<\/p>\n<h3 data-start=\"5243\" data-end=\"5345\">AFSLUTTENDE BEM\u00c6RKNING<\/h3>\n<p data-start=\"5389\" data-end=\"5539\">Denne sag b\u00f8r v\u00e6re et wake-up call for Socialdemokratiet og dansk politik generelt. N\u00e5r man f\u00e5r ros af ekstremister, er det ikke tilf\u00e6ldigt.<\/p>\n<p data-start=\"5541\" data-end=\"5668\" data-is-last-node=\"\" data-is-only-node=\"\">Hvis Vad ikke handler nu, vil han i historieb\u00f8gerne st\u00e5 som endnu en brik i h\u00f8jreekstremismens normalisering i Danmark.<\/p>\n<\/div>\n<\/div>\n<\/div>\n<\/div>\n<\/div>\n<\/div>\n<\/div>\n<\/div>\n<\/article>\n<p>[\/spb_toggle] [spb_blank_spacer height=&#8221;30px&#8221; width=&#8221;1\/1&#8243; el_position=&#8221;first last&#8221;] [spb_image image=&#8221;38465&#8243; image_size=&#8221;full&#8221; frame=&#8221;noframe&#8221; caption_pos=&#8221;hover&#8221; remove_rounded=&#8221;yes&#8221; fullwidth=&#8221;no&#8221; overflow_mode=&#8221;none&#8221; link_target=&#8221;_self&#8221; lightbox=&#8221;no&#8221; intro_animation=&#8221;none&#8221; animation_delay=&#8221;200&#8243; width=&#8221;1\/1&#8243; el_position=&#8221;first last&#8221;][\/spb_image] [spb_blank_spacer height=&#8221;30px&#8221; width=&#8221;1\/1&#8243; el_position=&#8221;first last&#8221;] [spb_raw_html width=&#8221;1\/1&#8243; el_position=&#8221;first last&#8221;]JTNDZGl2JTIwc3R5bGUlM0QlMjJwb3NpdGlvbiUzQXJlbGF0aXZlJTNCd2lkdGglM0ExMDAlMjUlM0JtYXgtd2lkdGglM0E1MDBweCUzQm1hcmdpbiUzQWF1dG8lM0JwYWRkaW5nLXRvcCUzQTE3Ny43OCUyNSUzQm92ZXJmbG93JTNBaGlkZGVuJTNCYm9yZGVyLXJhZGl1cyUzQThweCUzQiUyMiUzRSUwQSUyMCUyMCUzQ2lmcmFtZSUyMCUwQSUyMCUyMCUyMCUyMHNyYyUzRCUyMmh0dHBzJTNBJTJGJTJGd3d3LmZhY2Vib29rLmNvbSUyRnBsdWdpbnMlMkZ2aWRlby5waHAlM0ZocmVmJTNEaHR0cHMlMjUzQSUyNTJGJTI1MkZ3d3cuZmFjZWJvb2suY29tJTI1MkZyZWVsJTI1MkYxMzY3MDk3ODIxNjY2Njk1JTI1MkYlMjZzaG93X3RleHQlM0RmYWxzZSUyNnQlM0QwJTIyJTIwJTBBJTIwJTIwJTIwJTIwc3R5bGUlM0QlMjJwb3NpdGlvbiUzQWFic29sdXRlJTNCdG9wJTNBMCUzQmxlZnQlM0EwJTNCd2lkdGglM0ExMDAlMjUlM0JoZWlnaHQlM0ExMDAlMjUlM0Jib3JkZXIlM0Fub25lJTNCb3ZlcmZsb3clM0FoaWRkZW4lMjIlMjAlMEElMjAlMjAlMjAlMjBzY3JvbGxpbmclM0QlMjJubyUyMiUyMCUwQSUyMCUyMCUyMCUyMGZyYW1lYm9yZGVyJTNEJTIyMCUyMiUyMCUwQSUyMCUyMCUyMCUyMGFsbG93ZnVsbHNjcmVlbiUzRCUyMnRydWUlMjIlMjAlMEElMjAlMjAlMjAlMjBhbGxvdyUzRCUyMmF1dG9wbGF5JTNCJTIwY2xpcGJvYXJkLXdyaXRlJTNCJTIwZW5jcnlwdGVkLW1lZGlhJTNCJTIwcGljdHVyZS1pbi1waWN0dXJlJTNCJTIwd2ViLXNoYXJlJTIyJTNFJTBBJTIwJTIwJTNDJTJGaWZyYW1lJTNFJTBBJTNDJTJGZGl2JTNFJTBB[\/spb_raw_html] [spb_raw_html width=&#8221;1\/1&#8243; el_position=&#8221;first last&#8221;]JTNDYmxvY2txdW90ZSUyMGNsYXNzJTNEJTIydHdpdHRlci10d2VldCUyMiUyMGRhdGEtdGhlbWUlM0QlMjJkYXJrJTIyJTNFJTNDcCUyMGxhbmclM0QlMjJxbWUlMjIlMjBkaXIlM0QlMjJsdHIlMjIlM0UlMjAlM0NhJTIwaHJlZiUzRCUyMmh0dHBzJTNBJTJGJTJGdC5jbyUyRmp1dVh2U21yZmclMjIlM0VwaWMudHdpdHRlci5jb20lMkZqdXVYdlNtcmZnJTNDJTJGYSUzRSUzQyUyRnAlM0UlMjZtZGFzaCUzQiUyMEp1bGlhbl84NiUyMCUyOCU0ME1vam9XODYlMjklMjAlM0NhJTIwaHJlZiUzRCUyMmh0dHBzJTNBJTJGJTJGdHdpdHRlci5jb20lMkZNb2pvVzg2JTJGc3RhdHVzJTJGMjAyODg2NTY3NDIzNjI4OTA3MCUzRnJlZl9zcmMlM0R0d3NyYyUyNTVFdGZ3JTIyJTNFTWFyY2glMjAzJTJDJTIwMjAyNiUzQyUyRmElM0UlM0MlMkZibG9ja3F1b3RlJTNFJTIwJTNDc2NyaXB0JTIwYXN5bmMlMjBzcmMlM0QlMjJodHRwcyUzQSUyRiUyRnBsYXRmb3JtLnR3aXR0ZXIuY29tJTJGd2lkZ2V0cy5qcyUyMiUyMGNoYXJzZXQlM0QlMjJ1dGYtOCUyMiUzRSUzQyUyRnNjcmlwdCUzRSUwQQ==[\/spb_raw_html]<\/p>\n","protected":false},"excerpt":{"rendered":"<p>[spb_raw_html width=&#8221;1\/1&#8243; el_position=&#8221;first last&#8221;]JTNDaWZyYW1lJTIwc3JjJTNEJTIyaHR0cHMlM0ElMkYlMkZ3d3cuZmFjZWJvb2suY29tJTJGcGx1Z2lucyUyRnBvc3QucGhwJTNGaHJlZiUzRGh0dHBzJTI1M0ElMjUyRiUyNTJGd3d3LmZhY2Vib29rLmNvbSUyNTJGc2lrYW5kYXIuc2lkZGlxdWUucG9saXRpa2VyJTI1MkZwb3N0cyUyNTJGcGZiaWQwRWFOcnRyYWpNY1hWbk5GbXk3U25tSHlTckVqOTE2cmVKQ0JHUXJ0bUdjWWlvbmludTJxZDg4WHM2UDVQYlRLbWwlMjZzaG93X3RleHQlM0R0cnVlJTI2d2lkdGglM0Q1MDAlMjIlMjB3aWR0aCUzRCUyMjUwMCUyMiUyMGhlaWdodCUzRCUyMjcwOSUyMiUyMHN0eWxlJTNEJTIyYm9yZGVyJTNBbm9uZSUzQm92ZXJmbG93JTNBaGlkZGVuJTIyJTIwc2Nyb2xsaW5nJTNEJTIybm8lMjIlMjBmcmFtZWJvcmRlciUzRCUyMjAlMjIlMjBhbGxvd2Z1bGxzY3JlZW4lM0QlMjJ0cnVlJTIyJTIwYWxsb3clM0QlMjJhdXRvcGxheSUzQiUyMGNsaXBib2FyZC13cml0ZSUzQiUyMGVuY3J5cHRlZC1tZWRpYSUzQiUyMHBpY3R1cmUtaW4tcGljdHVyZSUzQiUyMHdlYi1zaGFyZSUyMiUzRSUzQyUyRmlmcmFtZSUzRQ==[\/spb_raw_html] [spb_raw_html width=&#8221;1\/1&#8243; el_position=&#8221;first last&#8221;]JTNDYmxvY2txdW90ZSUyMGNsYXNzJTNEJTIydGlrdG9rLWVtYmVkJTIyJTIwY2l0ZSUzRCUyMmh0dHBzJTNBJTJGJTJGd3d3LnRpa3Rvay5jb20lMkYlNDBzaWthbmRhc2lkZGlxdWUlMkZ2aWRlbyUyRjc2MTkyNDc0Mzk4NDQ3ODk1MjYlMjIlMjBkYXRhLXZpZGVvLWlkJTNEJTIyNzYxOTI0NzQzOTg0NDc4OTUyNiUyMiUyMHN0eWxlJTNEJTIybWF4LXdpZHRoJTNBJTIwNjA1cHglM0JtaW4td2lkdGglM0ElMjAzMjVweCUzQiUyMiUyMCUzRSUyMCUzQ3NlY3Rpb24lM0UlMjAlM0NhJTIwdGFyZ2V0JTNEJTIyX2JsYW5rJTIyJTIwdGl0bGUlM0QlMjIlNDBzaWthbmRhc2lkZGlxdWUlMjIlMjBocmVmJTNEJTIyaHR0cHMlM0ElMkYlMkZ3d3cudGlrdG9rLmNvbSUyRiU0MHNpa2FuZGFzaWRkaXF1ZSUzRnJlZmVyJTNEZW1iZWQlMjIlM0UlNDBzaWthbmRhc2lkZGlxdWUlM0MlMkZhJTNFJTIwJTNDYSUyMHRpdGxlJTNEJTIyZnJpZWdyJUMzJUI4bm5lJTIyJTIwdGFyZ2V0JTNEJTIyX2JsYW5rJTIyJTIwaHJlZiUzRCUyMmh0dHBzJTNBJTJGJTJGd3d3LnRpa3Rvay5jb20lMkZ0YWclMkZmcmllZ3IlMjVDMyUyNUI4bm5lJTNGcmVmZXIlM0RlbWJlZCUyMiUzRSUyM2ZyaWVnciVDMyVCOG5uZSUzQyUyRmElM0UlMjAlM0NhJTIwdGl0bGUlM0QlMjJzbHV0bWVkYXRkdWtrZW5ha2tlbiUyMiUyMHRhcmdldCUzRCUyMl9ibGFuayUyMiUyMGhyZWYlM0QlMjJodHRwcyUzQSUyRiUyRnd3dy50aWt0b2suY29tJTJGdGFnJTJGc2x1dG1lZGF0ZHVra2VuYWtrZW4lM0ZyZWZlciUzRGVtYmVkJTIyJTNFJTIzc2x1dG1lZGF0ZHVra2VuYWtrZW4lM0MlMkZhJTNFJTIwJTNDYSUyMHRpdGxlJTNEJTIyZnlwJTIyJTIwdGFyZ2V0JTNEJTIyX2JsYW5rJTIyJTIwaHJlZiUzRCUyMmh0dHBzJTNBJTJGJTJGd3d3LnRpa3Rvay5jb20lMkZ0YWclMkZmeXAlM0ZyZWZlciUzRGVtYmVkJTIyJTNFJTIzZnlwJTNDJTJGYSUzRSUyMCUzQ2ElMjB0aXRsZSUzRCUyMnNpa2FuZGFyc2lkZGlxdWUlMjIlMjB0YXJnZXQlM0QlMjJfYmxhbmslMjIlMjBocmVmJTNEJTIyaHR0cHMlM0ElMkYlMkZ3d3cudGlrdG9rLmNvbSUyRnRhZyUyRnNpa2FuZGFyc2lkZGlxdWUlM0ZyZWZlciUzRGVtYmVkJTIyJTNFJTIzc2lrYW5kYXJzaWRkaXF1ZSUzQyUyRmElM0UlMjAlM0NhJTIwdGFyZ2V0JTNEJTIyX2JsYW5rJTIyJTIwdGl0bGUlM0QlMjIlRTIlOTklQUMlMjBvcmlnaW5hbCUyMGx5ZCUyMC0lMjBTaWthbmRhciUyMFNpZGRpcXVlJTIyJTIwaHJlZiUzRCUyMmh0dHBzJTNBJTJGJTJGd3d3LnRpa3Rvay5jb20lMkZtdXNpYyUyRm9yaWdpbmFsLWx5ZC03NjE5MjQ3NDY0MjU1NzAzODMwJTNGcmVmZXIlM0RlbWJlZCUyMiUzRSVFMiU5OSVBQyUyMG9yaWdpbmFsJTIwbHlkJTIwLSUyMFNpa2FuZGFyJTIwU2lkZGlxdWUlM0MlMkZhJTNFJTIwJTNDJTJGc2VjdGlvbiUzRSUyMCUzQyUyRmJsb2NrcXVvdGUlM0UlMjAlM0NzY3JpcHQlMjBhc3luYyUyMHNyYyUzRCUyMmh0dHBzJTNBJTJGJTJGd3d3LnRpa3Rvay5jb20lMkZlbWJlZC5qcyUyMiUzRSUzQyUyRnNjcmlwdCUzRQ==[\/spb_raw_html] [spb_raw_html width=&#8221;1\/1&#8243; el_position=&#8221;first last&#8221;]JTNDYmxvY2txdW90ZSUyMGNsYXNzJTNEJTIydHdpdHRlci10d2VldCUyMiUyMGRhdGEtdGhlbWUlM0QlMjJkYXJrJTIyJTNFJTNDcCUyMGxhbmclM0QlMjJkYSUyMiUyMGRpciUzRCUyMmx0ciUyMiUzRURlciUyMGVyJTIwYmxldmV0JTIwYmVnJUMzJUE1ZXQlMjBlbiUyMGZvcmJyeWRlbHNlJTIwb2clMjBkZXQlMjBoYXIlMjBkdSUyMGJpZHJhZ2V0JTIwdGlsLiUyMEplZyUyMGZvcnN0JUMzJUE1ciUyMGdvZHQlMjBwcmluY2lwcGV0JTIwb20lMjBhdCUyMGJlc2t5dHRlJTIwc2luZSUyMGtpbGRlciUyQyUyMG1lbiUyMGR1JTIwc2t1bGxlJTIwaGF2ZSUyMGhvbGR0JTIwZGlnJTIwZnJhJTIwYXQlMjBicnVnZSUyMHVsb3ZsaWdlJTIwb3BseXNuaW5nZXIuJTNDJTJGcCUzRSUyNm1kYXNoJTNCJTIwTmllbHMlMjBCcmluY2glMjAlMjglNDBuaWVsc2JyaW5jaCUyOSUyMCUzQ2ElMjBocmVmJTNEJTIyaHR0cHMlM0ElMkYlMkZ0d2l0dGVyLmNvbSUyRm5pZWxzYnJpbmNoJTJGc3RhdHVzJTJGMjAzNDM3NTM4MzA4NTEwNTMxMSUzRnJlZl9zcmMlM0R0d3NyYyUyNTVFdGZ3JTIyJTNFTWFyY2glMjAxOCUyQyUyMDIwMjYlM0MlMkZhJTNFJTNDJTJGYmxvY2txdW90ZSUzRSUyMCUzQ3NjcmlwdCUyMGFzeW5jJTIwc3JjJTNEJTIyaHR0cHMlM0ElMkYlMkZwbGF0Zm9ybS50d2l0dGVyLmNvbSUyRndpZGdldHMuanMlMjIlMjBjaGFyc2V0JTNEJTIydXRmLTglMjIlM0UlM0MlMkZzY3JpcHQlM0UlMEE=[\/spb_raw_html] [spb_raw_html width=&#8221;1\/1&#8243; el_position=&#8221;first last&#8221;]JTNDYmxvY2txdW90ZSUyMGNsYXNzJTNEJTIydHdpdHRlci10d2VldCUyMiUyMGRhdGEtdGhlbWUlM0QlMjJkYXJrJTIyJTNFJTNDcCUyMGxhbmclM0QlMjJkYSUyMiUyMGRpciUzRCUyMmx0ciUyMiUzRU0lQzMlQTVza2UlMjB2YXIlMjBkZXIlMjBub2dlbiUyMGFmJTIwZGVtJTIwc29tJTIwZ2Vua2VuZHRlJTIwZGlnJTNGJTNDJTJGcCUzRSUyNm1kYXNoJTNCJTIwTmllbHMlMjBCcmluY2glMjAlMjglNDBuaWVsc2JyaW5jaCUyOSUyMCUzQ2ElMjBocmVmJTNEJTIyaHR0cHMlM0ElMkYlMkZ0d2l0dGVyLmNvbSUyRm5pZWxzYnJpbmNoJTJGc3RhdHVzJTJGMjAyODMzMzI2ODUyNTg2MzE3MSUzRnJlZl9zcmMlM0R0d3NyYyUyNTVFdGZ3JTIyJTNFTWFyY2glMjAyJTJDJTIwMjAyNiUzQyUyRmElM0UlM0MlMkZibG9ja3F1b3RlJTNFJTIwJTNDc2NyaXB0JTIwYXN5bmMlMjBzcmMlM0QlMjJodHRwcyUzQSUyRiUyRnBsYXRmb3JtLnR3aXR0ZXIuY29tJTJGd2lkZ2V0cy5qcyUyMiUyMGNoYXJzZXQlM0QlMjJ1dGYtOCUyMiUzRSUzQyUyRnNjcmlwdCUzRSUwQQ==[\/spb_raw_html] [spb_text_block animation=&#8221;none&#8221; animation_delay=&#8221;0&#8243; simplified_controls=&#8221;yes&#8221; custom_css_percentage=&#8221;no&#8221; padding_vertical=&#8221;0&#8243; padding_horizontal=&#8221;0&#8243; margin_vertical=&#8221;0&#8243; custom_css=&#8221;margin-top: 0px;margin-bottom: 0px;&#8221; border_size=&#8221;0&#8243; border_styling_global=&#8221;default&#8221; width=&#8221;1\/1&#8243; el_position=&#8221;first last&#8221;] Han skriver den 1\/3\/2026; Det er trist, at man i visse milj\u00f8er opf\u00f8rer sig s\u00e5dan overfor journalister\u00a0 CLAES THEILGAARDS PLATTE METODER Hvem er Claes Kirkeby Theilgaard? B.T.\u2019s samfundsredakt\u00f8r [&hellip;]<\/p>\n","protected":false},"author":2,"featured_media":41495,"comment_status":"closed","ping_status":"closed","sticky":false,"template":"","format":"standard","meta":{"footnotes":""},"categories":[1800,2625],"tags":[],"class_list":["post-41490","post","type-post","status-publish","format-standard","has-post-thumbnail","hentry","category-propaganda-informationskrig","category-viden"],"yoast_head":"<!-- This site is optimized with the Yoast SEO Premium plugin v26.6 (Yoast SEO v27.5) - https:\/\/yoast.com\/product\/yoast-seo-premium-wordpress\/ -->\n<title>CLAES THEILGAARD afsl\u00f8ret: Manipulation, Femte Kolonne og Generation Identit\u00e6r<\/title>\n<meta name=\"description\" content=\"Hvem er Claes Theilgaard? Vi afd\u00e6kker BT-redakt\u00f8rens rolle i h\u00f8jrefl\u00f8jsnetv\u00e6rk, forbindelser til Generation Identit\u00e6r \u2013 og hvordan hans d\u00e6kning p\u00e5virker dansk politik.\" \/>\n<meta name=\"robots\" content=\"index, follow, max-snippet:-1, max-image-preview:large, max-video-preview:-1\" \/>\n<link rel=\"canonical\" href=\"https:\/\/zlcopenhagen.com\/da\/claes-theilgaard-bt-manipulation\/\" \/>\n<meta property=\"og:locale\" content=\"da_DK\" \/>\n<meta property=\"og:type\" content=\"article\" \/>\n<meta property=\"og:title\" content=\"ZLCOPENHAGEN: Danish-Punjabi Ethical Menswear\" \/>\n<meta property=\"og:description\" content=\"ZLCOPENHAGEN merges Danish minimalism with Punjabi pride. Ethical menswear with muscle, message, and meaning. Designed with zidd.\" \/>\n<meta property=\"og:url\" content=\"https:\/\/zlcopenhagen.com\/da\/claes-theilgaard-bt-manipulation\/\" \/>\n<meta property=\"og:site_name\" content=\"zlcopenhagen.com\" \/>\n<meta property=\"article:published_time\" content=\"2026-03-22T00:12:13+00:00\" \/>\n<meta property=\"article:modified_time\" content=\"2026-03-22T01:47:35+00:00\" \/>\n<meta property=\"og:image\" content=\"https:\/\/zlcopenhagen.com\/wp-content\/uploads\/2025\/03\/BTs-FORVIRREDE-SOLDAT-\u2013-CLAES-THEILGAARD-I-KOeBENHAVN.webp\" \/>\n\t<meta property=\"og:image:width\" content=\"1792\" \/>\n\t<meta property=\"og:image:height\" content=\"1024\" \/>\n\t<meta property=\"og:image:type\" content=\"image\/webp\" \/>\n<meta name=\"author\" content=\"ZLC Team\" \/>\n<meta name=\"twitter:card\" content=\"summary_large_image\" \/>\n<meta name=\"twitter:label1\" content=\"Skrevet af\" \/>\n\t<meta name=\"twitter:data1\" content=\"ZLC Team\" \/>\n\t<meta name=\"twitter:label2\" content=\"Estimeret l\u00e6setid\" \/>\n\t<meta name=\"twitter:data2\" content=\"15 minutter\" \/>\n<!-- \/ Yoast SEO Premium plugin. -->","yoast_head_json":{"title":"CLAES THEILGAARD afsl\u00f8ret: Manipulation, Femte Kolonne og Generation Identit\u00e6r","description":"Hvem er Claes Theilgaard? Vi afd\u00e6kker BT-redakt\u00f8rens rolle i h\u00f8jrefl\u00f8jsnetv\u00e6rk, forbindelser til Generation Identit\u00e6r \u2013 og hvordan hans d\u00e6kning p\u00e5virker dansk politik.","robots":{"index":"index","follow":"follow","max-snippet":"max-snippet:-1","max-image-preview":"max-image-preview:large","max-video-preview":"max-video-preview:-1"},"canonical":"https:\/\/zlcopenhagen.com\/da\/claes-theilgaard-bt-manipulation\/","og_locale":"da_DK","og_type":"article","og_title":"ZLCOPENHAGEN: Danish-Punjabi Ethical Menswear","og_description":"ZLCOPENHAGEN merges Danish minimalism with Punjabi pride. Ethical menswear with muscle, message, and meaning. Designed with zidd.","og_url":"https:\/\/zlcopenhagen.com\/da\/claes-theilgaard-bt-manipulation\/","og_site_name":"zlcopenhagen.com","article_published_time":"2026-03-22T00:12:13+00:00","article_modified_time":"2026-03-22T01:47:35+00:00","og_image":[{"width":1792,"height":1024,"url":"https:\/\/zlcopenhagen.com\/wp-content\/uploads\/2025\/03\/BTs-FORVIRREDE-SOLDAT-\u2013-CLAES-THEILGAARD-I-KOeBENHAVN.webp","type":"image\/webp"}],"author":"ZLC Team","twitter_card":"summary_large_image","twitter_misc":{"Skrevet af":"ZLC Team","Estimeret l\u00e6setid":"15 minutter"},"schema":{"@context":"https:\/\/schema.org","@graph":[{"@type":["Article","BlogPosting"],"@id":"https:\/\/zlcopenhagen.com\/da\/claes-theilgaard-bt-manipulation\/#article","isPartOf":{"@id":"https:\/\/zlcopenhagen.com\/da\/claes-theilgaard-bt-manipulation\/"},"author":{"name":"ZLC Team","@id":"https:\/\/zlcopenhagen.com\/#\/schema\/person\/c7ce5649957ac4c1258910e89f0f5fb3"},"headline":"CLAES THEILGAARD \u2013 DEN FEMTE KOLONNES MEDIEKRIG","datePublished":"2026-03-22T00:12:13+00:00","dateModified":"2026-03-22T01:47:35+00:00","mainEntityOfPage":{"@id":"https:\/\/zlcopenhagen.com\/da\/claes-theilgaard-bt-manipulation\/"},"wordCount":5226,"publisher":{"@id":"https:\/\/zlcopenhagen.com\/#organization"},"image":{"@id":"https:\/\/zlcopenhagen.com\/da\/claes-theilgaard-bt-manipulation\/#primaryimage"},"thumbnailUrl":"https:\/\/zlcopenhagen.com\/wp-content\/uploads\/2025\/03\/BTs-FORVIRREDE-SOLDAT-\u2013-CLAES-THEILGAARD-I-KOeBENHAVN.webp","articleSection":["PROPAGANDA &amp; INFORMATIONSKRIG","VIDEN"],"inLanguage":"da-DK","copyrightYear":"2026","copyrightHolder":{"@id":"https:\/\/zlcopenhagen.com\/#organization"}},{"@type":"WebPage","@id":"https:\/\/zlcopenhagen.com\/da\/claes-theilgaard-bt-manipulation\/","url":"https:\/\/zlcopenhagen.com\/da\/claes-theilgaard-bt-manipulation\/","name":"CLAES THEILGAARD afsl\u00f8ret: Manipulation, Femte Kolonne og Generation Identit\u00e6r","isPartOf":{"@id":"https:\/\/zlcopenhagen.com\/#website"},"primaryImageOfPage":{"@id":"https:\/\/zlcopenhagen.com\/da\/claes-theilgaard-bt-manipulation\/#primaryimage"},"image":{"@id":"https:\/\/zlcopenhagen.com\/da\/claes-theilgaard-bt-manipulation\/#primaryimage"},"thumbnailUrl":"https:\/\/zlcopenhagen.com\/wp-content\/uploads\/2025\/03\/BTs-FORVIRREDE-SOLDAT-\u2013-CLAES-THEILGAARD-I-KOeBENHAVN.webp","datePublished":"2026-03-22T00:12:13+00:00","dateModified":"2026-03-22T01:47:35+00:00","description":"Hvem er Claes Theilgaard? Vi afd\u00e6kker BT-redakt\u00f8rens rolle i h\u00f8jrefl\u00f8jsnetv\u00e6rk, forbindelser til Generation Identit\u00e6r \u2013 og hvordan hans d\u00e6kning p\u00e5virker dansk politik.","breadcrumb":{"@id":"https:\/\/zlcopenhagen.com\/da\/claes-theilgaard-bt-manipulation\/#breadcrumb"},"inLanguage":"da-DK","potentialAction":[{"@type":"ReadAction","target":["https:\/\/zlcopenhagen.com\/da\/claes-theilgaard-bt-manipulation\/"]}]},{"@type":"ImageObject","inLanguage":"da-DK","@id":"https:\/\/zlcopenhagen.com\/da\/claes-theilgaard-bt-manipulation\/#primaryimage","url":"https:\/\/zlcopenhagen.com\/wp-content\/uploads\/2025\/03\/BTs-FORVIRREDE-SOLDAT-\u2013-CLAES-THEILGAARD-I-KOeBENHAVN.webp","contentUrl":"https:\/\/zlcopenhagen.com\/wp-content\/uploads\/2025\/03\/BTs-FORVIRREDE-SOLDAT-\u2013-CLAES-THEILGAARD-I-KOeBENHAVN.webp","width":1792,"height":1024,"caption":"Claes Theilgaard \u2013 den klodsede journalist fra B.T. med en mikrofon, der leder efter sin n\u00e6ste manipulation i K\u00f8benhavns gader."},{"@type":"BreadcrumbList","@id":"https:\/\/zlcopenhagen.com\/da\/claes-theilgaard-bt-manipulation\/#breadcrumb","itemListElement":[{"@type":"ListItem","position":1,"name":"Home","item":"https:\/\/zlcopenhagen.com\/da\/"},{"@type":"ListItem","position":2,"name":"CLAES THEILGAARD \u2013 DEN FEMTE KOLONNES MEDIEKRIG"}]},{"@type":"WebSite","@id":"https:\/\/zlcopenhagen.com\/#website","url":"https:\/\/zlcopenhagen.com\/","name":"zlcopenhagen.com","description":"","publisher":{"@id":"https:\/\/zlcopenhagen.com\/#organization"},"potentialAction":[{"@type":"SearchAction","target":{"@type":"EntryPoint","urlTemplate":"https:\/\/zlcopenhagen.com\/?s={search_term_string}"},"query-input":{"@type":"PropertyValueSpecification","valueRequired":true,"valueName":"search_term_string"}}],"inLanguage":"da-DK"},{"@type":["Organization","Place"],"@id":"https:\/\/zlcopenhagen.com\/#organization","name":"ZLCOPENHAGEN","alternateName":"ZLCOPENHAGEN","url":"https:\/\/zlcopenhagen.com\/","logo":{"@id":"https:\/\/zlcopenhagen.com\/da\/claes-theilgaard-bt-manipulation\/#local-main-organization-logo"},"image":{"@id":"https:\/\/zlcopenhagen.com\/da\/claes-theilgaard-bt-manipulation\/#local-main-organization-logo"},"sameAs":["https:\/\/www.youtube.com\/channel\/UCy7JINwB6DMr2fA9yHpDQJg"],"telephone":[],"openingHoursSpecification":[{"@type":"OpeningHoursSpecification","dayOfWeek":["Monday","Tuesday","Wednesday","Thursday","Friday","Saturday","Sunday"],"opens":"09:00","closes":"17:00"}]},{"@type":"Person","@id":"https:\/\/zlcopenhagen.com\/#\/schema\/person\/c7ce5649957ac4c1258910e89f0f5fb3","name":"ZLC Team","image":{"@type":"ImageObject","inLanguage":"da-DK","@id":"https:\/\/secure.gravatar.com\/avatar\/bb92a8e9bdde1cf2114b74dce44557ee57d3909986eab1422fc34e9cce350044?s=96&d=mm&r=g","url":"https:\/\/secure.gravatar.com\/avatar\/bb92a8e9bdde1cf2114b74dce44557ee57d3909986eab1422fc34e9cce350044?s=96&d=mm&r=g","contentUrl":"https:\/\/secure.gravatar.com\/avatar\/bb92a8e9bdde1cf2114b74dce44557ee57d3909986eab1422fc34e9cce350044?s=96&d=mm&r=g","caption":"ZLC Team"}},{"@type":"ImageObject","inLanguage":"da-DK","@id":"https:\/\/zlcopenhagen.com\/da\/claes-theilgaard-bt-manipulation\/#local-main-organization-logo","url":"https:\/\/zlcopenhagen.com\/wp-content\/uploads\/2016\/05\/blog-logo.jpg","contentUrl":"https:\/\/zlcopenhagen.com\/wp-content\/uploads\/2016\/05\/blog-logo.jpg","width":68,"height":68,"caption":"ZLCOPENHAGEN"}]}},"_links":{"self":[{"href":"https:\/\/zlcopenhagen.com\/da\/wp-json\/wp\/v2\/posts\/41490","targetHints":{"allow":["GET"]}}],"collection":[{"href":"https:\/\/zlcopenhagen.com\/da\/wp-json\/wp\/v2\/posts"}],"about":[{"href":"https:\/\/zlcopenhagen.com\/da\/wp-json\/wp\/v2\/types\/post"}],"author":[{"embeddable":true,"href":"https:\/\/zlcopenhagen.com\/da\/wp-json\/wp\/v2\/users\/2"}],"replies":[{"embeddable":true,"href":"https:\/\/zlcopenhagen.com\/da\/wp-json\/wp\/v2\/comments?post=41490"}],"version-history":[{"count":30,"href":"https:\/\/zlcopenhagen.com\/da\/wp-json\/wp\/v2\/posts\/41490\/revisions"}],"predecessor-version":[{"id":61116,"href":"https:\/\/zlcopenhagen.com\/da\/wp-json\/wp\/v2\/posts\/41490\/revisions\/61116"}],"wp:featuredmedia":[{"embeddable":true,"href":"https:\/\/zlcopenhagen.com\/da\/wp-json\/wp\/v2\/media\/41495"}],"wp:attachment":[{"href":"https:\/\/zlcopenhagen.com\/da\/wp-json\/wp\/v2\/media?parent=41490"}],"wp:term":[{"taxonomy":"category","embeddable":true,"href":"https:\/\/zlcopenhagen.com\/da\/wp-json\/wp\/v2\/categories?post=41490"},{"taxonomy":"post_tag","embeddable":true,"href":"https:\/\/zlcopenhagen.com\/da\/wp-json\/wp\/v2\/tags?post=41490"}],"curies":[{"name":"wp","href":"https:\/\/api.w.org\/{rel}","templated":true}]}}