{"id":37974,"date":"2026-03-05T09:41:06","date_gmt":"2026-03-05T08:41:06","guid":{"rendered":"https:\/\/zlcopenhagen.com\/?p=37974"},"modified":"2026-03-13T08:07:16","modified_gmt":"2026-03-13T07:07:16","slug":"alexander-kuester-islamofobi","status":"publish","type":"post","link":"https:\/\/zlcopenhagen.com\/da\/alexander-kuester-islamofobi\/","title":{"rendered":"ALEXANDER K\u00dcSTER: ISLAMOFOBI OG YTRINGSFRIHED"},"content":{"rendered":"<p>[spb_text_block animation=&#8221;none&#8221; animation_delay=&#8221;0&#8243; simplified_controls=&#8221;yes&#8221; custom_css_percentage=&#8221;no&#8221; padding_vertical=&#8221;0&#8243; padding_horizontal=&#8221;0&#8243; margin_vertical=&#8221;0&#8243; custom_css=&#8221;margin-top: 0px;margin-bottom: 0px;&#8221; border_size=&#8221;0&#8243; border_styling_global=&#8221;default&#8221; width=&#8221;1\/1&#8243; el_position=&#8221;first last&#8221;][\/spb_text_block] [spb_blank_spacer height=&#8221;30px&#8221; width=&#8221;1\/1&#8243; el_position=&#8221;first last&#8221;] [spb_blank_spacer height=&#8221;30px&#8221; width=&#8221;1\/1&#8243; el_position=&#8221;first last&#8221;] [spb_raw_html width=&#8221;1\/1&#8243; el_position=&#8221;first last&#8221;]JTNDYmxvY2txdW90ZSUyMGNsYXNzJTNEJTIydHdpdHRlci10d2VldCUyMiUyMGRhdGEtdGhlbWUlM0QlMjJkYXJrJTIyJTNFJTNDcCUyMGxhbmclM0QlMjJkYSUyMiUyMGRpciUzRCUyMmx0ciUyMiUzRUR1JTIwZmF0dGVyJTIwZGElMjByZXQlMjBsaWR0JTIwYWYlMjBkZXQlMjBiZWdyZWIlMjB2aSUyMGthbGRlciUyMGVuJTIwcmV0c3N0YXQuJTNDYnIlM0UlM0NiciUzRURldCUyMGpvdXJuYWxpc3RlbiUyMHBvc3R1bGVyZXIlMjBoYXIlMjBoYW4lMjBzJUMzJUI4cm1lJTIwYXQlMjBoYXZlJTIwcnlnZCVDMyVBNmtuaW5nJTIwZm9yLiUyMCUzQ2JyJTNFRGV0JTIwZXIlMjBpa2tlJTIwb212ZW5kdC4lM0NiciUzRSUzQ2JyJTNFJTI2cXVvdCUzQkthbiUyMGR1JTIwYmV2aXNlJTJDJTIwYXQlMjBkdSUyMGlra2UlMjBoYXIlMjBzdGolQzMlQTVsZXQlMjBpJTIwQnJ1Z3NlbiUzRiUyNnF1b3QlM0IlM0MlMkZwJTNFJTI2bWRhc2glM0IlMjBMYXJzJTIwU2tvdSUyME5pZWxzZW4lMjAlMjglNDBMYXJzc2tvdSUyOSUyMCUzQ2ElMjBocmVmJTNEJTIyaHR0cHMlM0ElMkYlMkZ0d2l0dGVyLmNvbSUyRkxhcnNza291JTJGc3RhdHVzJTJGMjAyODgyNzk0Mjc4OTIyMjcwNyUzRnJlZl9zcmMlM0R0d3NyYyUyNTVFdGZ3JTIyJTNFTWFyY2glMjAzJTJDJTIwMjAyNiUzQyUyRmElM0UlM0MlMkZibG9ja3F1b3RlJTNFJTIwJTNDc2NyaXB0JTIwYXN5bmMlMjBzcmMlM0QlMjJodHRwcyUzQSUyRiUyRnBsYXRmb3JtLnR3aXR0ZXIuY29tJTJGd2lkZ2V0cy5qcyUyMiUyMGNoYXJzZXQlM0QlMjJ1dGYtOCUyMiUzRSUzQyUyRnNjcmlwdCUzRQ==[\/spb_raw_html] [spb_blank_spacer height=&#8221;30px&#8221; width=&#8221;1\/1&#8243; el_position=&#8221;first last&#8221;] [spb_text_block animation=&#8221;none&#8221; animation_delay=&#8221;0&#8243; simplified_controls=&#8221;yes&#8221; custom_css_percentage=&#8221;no&#8221; padding_vertical=&#8221;0&#8243; padding_horizontal=&#8221;0&#8243; margin_vertical=&#8221;0&#8243; custom_css=&#8221;margin-top: 0px;margin-bottom: 0px;&#8221; border_size=&#8221;0&#8243; border_styling_global=&#8221;default&#8221; width=&#8221;1\/1&#8243; el_position=&#8221;first last&#8221;]<\/p>\n<h2>ALEXANDER K\u00dcSTER OG DEN DOBBELTE STANDARD I YTRINGSFRIHEDEN<\/h2>\n<p>Alexander K\u00fcster, lokalformand for <strong><a href=\"https:\/\/zlcopenhagen.com\/da\/hvorfor-en-stemme-til-socialdemokratiet-er-en-stemme-til-folkedrab\/\" target=\"_blank\" rel=\"noopener\">Socialdemokratiet<\/a><\/strong> i Aarhus Midtby, har markeret sig som en tydelig stemme i den danske debat om muslimer, v\u00e6rdier og ytringsfrihed. Denne artikel analyserer K\u00fcsters brug af retoriske greb med fokus p\u00e5, hvordan forestillinger om frihed, trussel og identitet flettes sammen i et sprog, der b\u00e5de former den offentlige debat og p\u00e5virker opfattelsen af samfundets mest udsatte grupper.<\/p>\n<p>Analysen tager udgangspunkt i en forst\u00e5else af ytringsfrihed ikke blot som et demokratisk ideal, men som et sprogligt og politisk redskab. Et redskab, der kan anvendes inkluderende, men ogs\u00e5 ekskluderende. Ved at unders\u00f8ge K\u00fcsters formuleringer og deres retoriske struktur afd\u00e6kkes, hvordan bestemte narrativer kan indsn\u00e6vre det demokratiske samtalerum og erstatte nuanceret uenighed med moralske gr\u00e6nsemarkeringer.<\/p>\n<p>For at s\u00e6tte K\u00fcsters retorik i kontekst inddrages besl\u00e6gtede analyser af politisk sprogbrug. S\u00e6rligt relevant er<strong> <a href=\"https:\/\/zlcopenhagen.com\/da\/sjurdur-skaale-retorisk-analyse-hadtale-hitler-israel-palaestina\/\" target=\"_blank\" rel=\"noopener\">analysen af Sj\u00far\u00f0ur Skaales retoriske rammes\u00e6tning<\/a><\/strong>, hvor \u201cos og dem\u201d-logik unders\u00f8ges i en parlamentarisk sammenh\u00e6ng. Ligeledes samler artiklen <strong><a href=\"https:\/\/zlcopenhagen.com\/da\/hvorfor-en-stemme-til-socialdemokratiet-er-en-stemme-til-folkedrab\/\" target=\"_blank\" rel=\"noopener\">\u201dHvorfor en stemme til Socialdemokratiet er en stemme til folkedrab\u201d<\/a><\/strong> en r\u00e6kke udtalelser, der illustrerer, hvordan s\u00e5danne retoriske m\u00f8nstre gentages og forst\u00e6rkes p\u00e5 tv\u00e6rs af personer og platforme.<\/p>\n<p>Med dette afs\u00e6t unders\u00f8ger artiklen, hvordan K\u00fcsters retorik fungerer i praksis, og hvilke konsekvenser den har for forst\u00e5elsen af ytringsfrihed, politisk legitimitet og minoriteters plads i den offentlige debat.<\/p>\n<p>Ytringsfrihed fremst\u00e5r ofte som et entydigt og universelt princip i den politiske debat, men dens anvendelse er langt fra konsekvent. I diskussioner om muslimer og integration forsvares ytringsfriheden kompromisl\u00f8st, n\u00e5r den bruges til at kritisere bestemte grupper, mens den problematiseres eller relativiseres, n\u00e5r kritik rettes mod statslige akt\u00f8rer, internationale alliancer eller etableret magt.<\/p>\n<p>K\u00fcsters retorik illustrerer denne dobbelte standard. N\u00e5r muslimer fremstilles som en samlet trussel mod LGBTQ+-rettigheder og \u201cvestlige v\u00e6rdier\u201d, skabes et narrativ, hvor bestemte befolkningsgrupper placeres uden for det moralske f\u00e6llesskab. Det er ikke blot en kritik af konkrete handlinger eller politiske holdninger, men en retorisk konstruktion af identitet som potentiel fare.<\/p>\n<p>Denne form for framing fungerer som en effektiv politisk mark\u00f8r. Ved at definere, hvem der h\u00f8rer til inden for rammerne af \u201cdet samfund, vi beskytter\u201d, og hvem der st\u00e5r udenfor, flyttes debatten fra politiske l\u00f8sninger til moralsk positionering. Resultatet er en diskussion, hvor komplekse sp\u00f8rgsm\u00e5l reduceres til sp\u00f8rgsm\u00e5l om loyalitet, v\u00e6rdighed og trussel \u2013 og hvor kritisk modspil let kan afvises som uansvarligt eller illoyalt.<\/p>\n<p>[\/spb_text_block] [spb_text_block animation=&#8221;none&#8221; animation_delay=&#8221;0&#8243; simplified_controls=&#8221;yes&#8221; custom_css_percentage=&#8221;no&#8221; padding_vertical=&#8221;0&#8243; padding_horizontal=&#8221;0&#8243; margin_vertical=&#8221;0&#8243; custom_css=&#8221;margin-top: 0px;margin-bottom: 0px;&#8221; border_size=&#8221;0&#8243; border_styling_global=&#8221;default&#8221; width=&#8221;1\/1&#8243; el_position=&#8221;first last&#8221;]<\/p>\n<h2>ALEXANDER K\u00dcSTER OG \u201cFRIHEDENS LYGTEP\u00c6L\u201d<\/h2>\n<p>[\/spb_text_block] [spb_image image=&#8221;56479&#8243; image_size=&#8221;full&#8221; frame=&#8221;noframe&#8221; caption_pos=&#8221;hover&#8221; remove_rounded=&#8221;yes&#8221; fullwidth=&#8221;no&#8221; overflow_mode=&#8221;none&#8221; link_target=&#8221;_self&#8221; lightbox=&#8221;no&#8221; intro_animation=&#8221;none&#8221; animation_delay=&#8221;200&#8243; width=&#8221;1\/1&#8243; el_position=&#8221;first last&#8221;][\/spb_image] [spb_text_block animation=&#8221;none&#8221; animation_delay=&#8221;0&#8243; simplified_controls=&#8221;yes&#8221; custom_css_percentage=&#8221;no&#8221; padding_vertical=&#8221;0&#8243; padding_horizontal=&#8221;0&#8243; margin_vertical=&#8221;0&#8243; custom_css=&#8221;margin-top: 0px;margin-bottom: 0px;&#8221; border_size=&#8221;0&#8243; border_styling_global=&#8221;default&#8221; width=&#8221;1\/1&#8243; el_position=&#8221;first last&#8221;]<\/p>\n<h2>FRYGTERETORIK MOD MUSLIMER<\/h2>\n<p>Den politiske brug af ytringsfrihed fungerer ikke altid som et neutralt v\u00e6rn om \u00e5ben debat. I visse tilf\u00e6lde anvendes den som et redskab til at definere, hvem der h\u00f8rer til, og hvem der udg\u00f8r en trussel. I udtalelser fra Alexander K\u00fcster, lokalformand for Socialdemokratiet i Aarhus Midtby, ses et m\u00f8nster, hvor muslimer gentagne gange indplaceres som et kollektivt problemfelt i relation til frihed, ligestilling og vestlige v\u00e6rdier. Retorikken opererer ikke gennem direkte forbud eller krav om censur, men gennem scenarier, forestillingsbilleder og moralske kontraster, der gradvist etablerer et \u201cos\u201d og et \u201cdem\u201d.<\/p>\n<h3>ALEXANDER K\u00dcSTER OG DEN SELEKTIVE YTRINGSFRIHED<\/h3>\n<p>Alexander K\u00fcster anvender et sprog, hvor ytringsfrihed fremst\u00e5r som en v\u00e6rdi, der prim\u00e6rt aktiveres i opposition til muslimer. I denne framing fremstilles bestemte grupper som potentielle trusler mod LGBTQ+-rettigheder, demokrati og personlig frihed, mens Danmark og Vesten positioneres som skr\u00f8belige bastioner, der konstant m\u00e5 forsvares. Analytisk set er dette ikke en diskussion om konkrete politiske forslag, men om identitet og loyalitet. Ytringsfrihed bliver her ikke et universelt princip, men et differentieret redskab, der beskytter nogle stemmer, mens andre reduceres til risikofaktorer.<\/p>\n<h3>N\u00c5R FRYGT BLIVER ET RETORISK GREB<\/h3>\n<p>I K\u00fcsters formuleringer anvendes ekstreme voldsscenarier og hypotetiske fremtidsbilleder til at skabe affekt snarere end indsigt. Ved at opstille forestillinger om ydmygelse, d\u00f8d og tab af rettigheder flyttes debatten fra dokumenterbare forhold til f\u00f8lelsesm\u00e6ssig alarmberedskab. Denne type retorik fungerer som en narrativ genvej, hvor komplekse sociale sp\u00f8rgsm\u00e5l forenkles til et valg mellem frihed og undergang.<\/p>\n<h3>ANALYTISK VURDERING<\/h3>\n<p>Set i forl\u00e6ngelse af den retoriske analyse af Sj\u00far\u00f0ur Skaales tale fremst\u00e5r K\u00fcsters udtalelser ikke som isolerede ytringer, men som en videref\u00f8relse af samme grundstruktur: konstruktion af fjendebilleder, moralsk overlegenhed og selektiv anvendelse af ytringsfrihed. Dommen i denne analyse er ikke, at kritik eller debat skal begr\u00e6nses, men at ytringsfrihed mister sin demokratiske funktion, n\u00e5r den konsekvent anvendes til at legitimere mistillid og frygt rettet mod bestemte grupper. I den forstand bliver frihedens sprog ikke frig\u00f8rende, men normerende.<br \/>\nnde.<\/p>\n<p>[\/spb_text_block] [spb_blank_spacer height=&#8221;30px&#8221; width=&#8221;1\/1&#8243; el_position=&#8221;first last&#8221;] [spb_text_block animation=&#8221;none&#8221; animation_delay=&#8221;0&#8243; simplified_controls=&#8221;yes&#8221; custom_css_percentage=&#8221;no&#8221; padding_vertical=&#8221;0&#8243; padding_horizontal=&#8221;0&#8243; margin_vertical=&#8221;0&#8243; custom_css=&#8221;margin-top: 0px;margin-bottom: 0px;&#8221; border_size=&#8221;0&#8243; border_styling_global=&#8221;default&#8221; width=&#8221;1\/2&#8243; el_position=&#8221;first&#8221;]<\/p>\n<h2>V\u00c6LGER DU BEHEADING, H\u00c6NGNING ELLER LANGSOM YDMYGELSE FRA IDF?<\/h2>\n<p>[\/spb_text_block] [spb_raw_html width=&#8221;1\/2&#8243; el_position=&#8221;last&#8221;]JTNDZGl2JTIwc3R5bGUlM0QlMjJwb3NpdGlvbiUzQXJlbGF0aXZlJTNCd2lkdGglM0ExMDAlMjUlM0JwYWRkaW5nLXRvcCUzQTE3Ny43OCUyNSUzQm92ZXJmbG93JTNBaGlkZGVuJTNCYmFja2dyb3VuZCUzQSUyMzAwMCUzQiUyMiUzRSUwQSUyMCUyMCUzQ2lmcmFtZSUyMHNyYyUzRCUyMmh0dHBzJTNBJTJGJTJGd3d3LnlvdXR1YmUuY29tJTJGZW1iZWQlMkZUekVVR2pGc1VnZyUyMiUyMHRpdGxlJTNEJTIySURGJTIwdG8lMjByZXZpZXclMjB2aWRlbyUyMHNob3dpbmclMjBJc3JhZWxpJTIwc29sZGllcnMlMjBwdXNoaW5nJTIwUGFsZXN0aW5pYW4lMjBib2RpZXMlMjBmcm9tJTIwcm9vZnRvcCUyMiUyMGZyYW1lYm9yZGVyJTNEJTIyMCUyMiUyMGFsbG93JTNEJTIyYWNjZWxlcm9tZXRlciUzQiUyMGF1dG9wbGF5JTNCJTIwY2xpcGJvYXJkLXdyaXRlJTNCJTIwZW5jcnlwdGVkLW1lZGlhJTNCJTIwZ3lyb3Njb3BlJTNCJTIwcGljdHVyZS1pbi1waWN0dXJlJTNCJTIwd2ViLXNoYXJlJTIyJTIwcmVmZXJyZXJwb2xpY3klM0QlMjJzdHJpY3Qtb3JpZ2luLXdoZW4tY3Jvc3Mtb3JpZ2luJTIyJTIwYWxsb3dmdWxsc2NyZWVuJTIwc3R5bGUlM0QlMjJwb3NpdGlvbiUzQWFic29sdXRlJTNCdG9wJTNBMCUzQmxlZnQlM0EwJTNCd2lkdGglM0ExMDAlMjUlM0JoZWlnaHQlM0ExMDAlMjUlM0IlMjIlM0UlM0MlMkZpZnJhbWUlM0UlMEElM0MlMkZkaXYlM0UlMEE=[\/spb_raw_html] [spb_blank_spacer height=&#8221;30px&#8221; width=&#8221;1\/1&#8243; el_position=&#8221;first last&#8221;] [spb_text_block animation=&#8221;none&#8221; animation_delay=&#8221;0&#8243; simplified_controls=&#8221;yes&#8221; custom_css_percentage=&#8221;no&#8221; padding_vertical=&#8221;0&#8243; padding_horizontal=&#8221;0&#8243; margin_vertical=&#8221;0&#8243; custom_css=&#8221;margin-top: 0px;margin-bottom: 0px;&#8221; border_size=&#8221;0&#8243; border_styling_global=&#8221;default&#8221; width=&#8221;1\/1&#8243; el_position=&#8221;first last&#8221;]<\/p>\n<h3>SELEKTIV MORAL OG RETORISK TAVSHED<\/h3>\n<p>I sin kritik af Iran fremh\u00e6ver Alexander K\u00fcster gentagne gange brutale henrettelser \u2013 h\u00e6ngninger fra kraner \u2013 som et tydeligt bevis p\u00e5 et samfund, der st\u00e5r i uforenelig mods\u00e6tning til frihed og menneskerettigheder. Disse billeder fungerer som moralske mark\u00f8rer: de udl\u00f8ser entydig ford\u00f8mmelse og bruges som argument for, hvorfor visse stater ikke kan betragtes som legitime eller civiliserede.<\/p>\n<p>I den sammenh\u00e6ng bliver det analytisk interessant, hvad der sker, n\u00e5r voldelige handlinger udf\u00f8res af akt\u00f8rer, der normalt indplaceres p\u00e5 den \u201crigtige\u201d side af den vestlige v\u00e6rdiskala. N\u00e5r dokumenterede overgreb beg\u00e5et af israelske soldater cirkulerer offentligt \u2013 herunder handlinger, der indeb\u00e6rer ekstrem dehumanisering \u2013 ledsages de ikke af samme retoriske afstandtagen.<\/p>\n<p>Forskellen ligger ikke i voldens karakter, men i den ramme, hvori den fortolkes. Hvor Irans praksisser entydigt aktiverer et sprog om barbari og uforenelighed med frihed, forbliver tilsvarende handlinger i en israelsk kontekst tavse eller uproblematiserede. Tavsheden bliver i sig selv en del af den retoriske struktur.<\/p>\n<p>Analytisk peger dette p\u00e5 en selektiv anvendelse af moralske standarder, hvor handlingers etiske betydning ikke vurderes isoleret, men filtreres gennem politiske og civilisatoriske fort\u00e6llinger. Sp\u00f8rgsm\u00e5let bliver derfor ikke, hvad der sker, men hvem der g\u00f8r det \u2013 og hvilke narrativer der allerede er i spil.<\/p>\n<p>[\/spb_text_block] [spb_blank_spacer height=&#8221;30px&#8221; width=&#8221;1\/1&#8243; el_position=&#8221;first last&#8221;] [spb_image image=&#8221;37986&#8243; image_size=&#8221;full&#8221; frame=&#8221;noframe&#8221; caption_pos=&#8221;hover&#8221; remove_rounded=&#8221;yes&#8221; fullwidth=&#8221;no&#8221; overflow_mode=&#8221;none&#8221; link_target=&#8221;_self&#8221; lightbox=&#8221;no&#8221; intro_animation=&#8221;none&#8221; animation_delay=&#8221;200&#8243; width=&#8221;1\/1&#8243; el_position=&#8221;first last&#8221;][\/spb_image] [spb_blank_spacer height=&#8221;30px&#8221; width=&#8221;1\/1&#8243; el_position=&#8221;first last&#8221;] [spb_text_block animation=&#8221;none&#8221; animation_delay=&#8221;0&#8243; simplified_controls=&#8221;yes&#8221; custom_css_percentage=&#8221;no&#8221; padding_vertical=&#8221;0&#8243; padding_horizontal=&#8221;0&#8243; margin_vertical=&#8221;0&#8243; custom_css=&#8221;margin-top: 0px;margin-bottom: 0px;&#8221; border_size=&#8221;0&#8243; border_styling_global=&#8221;default&#8221; width=&#8221;1\/1&#8243; el_position=&#8221;first last&#8221;]<\/p>\n<h3>FRA ARGUMENT TIL PERSON: DELEGITIMERING SOM STRATEGI<\/h3>\n<p>For at forst\u00e5 Alexander K\u00fcsters efterf\u00f8lgende reaktion er det n\u00f8dvendigt kort at redeg\u00f8re for den analyse, han henviser til. Forud for denne artikel blev der offentliggjort en retorisk analyse af Sj\u00far\u00f0ur Skaales tale, hvor fokus var p\u00e5 sproglige mekanismer som \u201cos og dem\u201d-konstruktioner, offerretorik og moralsk legitimering af statslig vold. Analysen var metodisk funderet og byggede p\u00e5 konkrete citater og retoriske greb \u2013 ikke p\u00e5 personlige vurderinger af taleren.<\/p>\n<p>Det er denne analyse, K\u00fcster omtaler, n\u00e5r han i sin kommunikation med Nina Palesa Bonde og offentligt p\u00e5 sociale medier flytter fokus fra analysens indhold til afsenderens person og formodede intentioner. I stedet for at forholde sig til de identificerede retoriske m\u00f8nstre omformuleres kritikken til anklager om \u201ckaraktermord\u201d, ekstremisme og moralsk forkastelighed.<\/p>\n<p>Denne forskydning er velkendt i studier af politisk kommunikation. N\u00e5r kritik ikke im\u00f8deg\u00e5s substantielt, men i stedet g\u00f8res illegitim gennem mist\u00e6nkeligg\u00f8relse af motiv og loyalitet, \u00e6ndres debattens niveau. Analysen bliver ikke forkertgjort \u2013 den g\u00f8res utilladelig.<\/p>\n<p>Det centrale er derfor ikke, om anklagerne er korrekte, men hvilken funktion de udfylder. Ved at flytte samtalen fra det sagte til den, der siger det, opl\u00f8ses muligheden for saglig uenighed. Kritikken neutraliseres uden at blive tilbagevist.<\/p>\n<p>Set i lyset af analysen af Sj\u00far\u00f0ur Skaales retorik rejser denne reaktion et bredere sp\u00f8rgsm\u00e5l om m\u00f8nstre i politisk kommunikation. N\u00e5r kritik af retorisk framing eller statslig vold besvares med personangreb og moralsk mist\u00e6nkeligg\u00f8relse, gentages netop den \u201cos og dem\u201d-logik, som analysen s\u00f8ger at afd\u00e6kke.<\/p>\n<p><strong>Baggrund:<\/strong> <a href=\"https:\/\/zlcopenhagen.com\/da\/sjurdur-skaale-retorisk-analyse-hadtale-hitler-israel-palaestina\/\" target=\"_blank\" rel=\"noopener\">Sj\u00far\u00f0ur Skaale \u2013 retorisk analyse af \u201cdem og os\u201d-logik<\/a><\/p>\n<p>[\/spb_text_block] [spb_blank_spacer height=&#8221;30px&#8221; width=&#8221;1\/1&#8243; el_position=&#8221;first last&#8221;] [spb_raw_html width=&#8221;1\/1&#8243; el_position=&#8221;first last&#8221;]JTNDYmxvY2txdW90ZSUyMGNsYXNzJTNEJTIydHdpdHRlci10d2VldCUyMiUyMGRhdGEtdGhlbWUlM0QlMjJkYXJrJTIyJTNFJTNDcCUyMGxhbmclM0QlMjJkYSUyMiUyMGRpciUzRCUyMmx0ciUyMiUzRURldCUyMGVyJTIwam8lMjBrdWdsZXNrJUMzJUI4cnQlRTIlODAlQTYlMjAlRTIlODAlOUNIaXRsZXIlMjBicnVndGUlMjBvZ3MlQzMlQTUlMjBoYWR0YWxlJTIwb2clMjBwcm9wYWdhbmRhJTIwdGlsJTIwYXQlMjBkZW1vbmlzZXJlJTIwJTVCc2ljLiU1RCUyMGolQzMlQjhkZXIlRTIlODAlOUQuJTIwT2dzJUMzJUE1JTIwc2ltcGVsdGhlbiUyQyUyMG4lQzMlQTVyJTIwU2thYWxlJTIwbmV0b3AlMjBicnVnZXIlMjB0YWxlbiUyMHRpbCUyMGF0JTIwZm9yc3ZhcmUlMjBqJUMzJUI4ZGVyJTIwb2clMjB0YWxlJTIwaW1vZCUyMGFudGlzZW1pdGlzbWUuJTIwU2thbCUyMG1hbiUyMGdyaW5lJTIwZWxsZXIlMjBnciVDMyVBNmRlJTNGJTNDJTJGcCUzRSUyNm1kYXNoJTNCJTIwTWFydGluJTIwRS5PLiUyMEdydW56JTIwJTI4JTQwZV9ncnVueiUyOSUyMCUzQ2ElMjBocmVmJTNEJTIyaHR0cHMlM0ElMkYlMkZ0d2l0dGVyLmNvbSUyRmVfZ3J1bnolMkZzdGF0dXMlMkYxODQ5NjA0Njc3OTc0NzY1OTYxJTNGcmVmX3NyYyUzRHR3c3JjJTI1NUV0ZnclMjIlM0VPY3RvYmVyJTIwMjUlMkMlMjAyMDI0JTNDJTJGYSUzRSUzQyUyRmJsb2NrcXVvdGUlM0UlMjAlM0NzY3JpcHQlMjBhc3luYyUyMHNyYyUzRCUyMmh0dHBzJTNBJTJGJTJGcGxhdGZvcm0udHdpdHRlci5jb20lMkZ3aWRnZXRzLmpzJTIyJTIwY2hhcnNldCUzRCUyMnV0Zi04JTIyJTNFJTNDJTJGc2NyaXB0JTNF[\/spb_raw_html] [spb_raw_html width=&#8221;1\/1&#8243; el_position=&#8221;first last&#8221;]JTNDYmxvY2txdW90ZSUyMGNsYXNzJTNEJTIydHdpdHRlci10d2VldCUyMiUyMGRhdGEtdGhlbWUlM0QlMjJkYXJrJTIyJTNFJTNDcCUyMGxhbmclM0QlMjJkYSUyMiUyMGRpciUzRCUyMmx0ciUyMiUzRUklMjB0aWxsJUMzJUE2ZyUyMHRpbCUyMG1pdCUyMHNwJUMzJUI4cmdzbSVDMyVBNWwlMjBvbSUyMERhbm1hcmtzJTIwcGxpZ3QlMjB0aWwlMjBhdCUyMGYlQzMlQjhsZ2UlMjBJQ0MlRTIlODAlOTlzJTIwYXJyZXN0b3JkcmUlMjBoYXIlMjBqZWclMjBzcHVyZ3QlMkMlMjBvbSUyMGp1c3RpdHNtaW5pc3RlcmVuJTIwdmlsJTIwJUUyJTgwJTlDYWZ2aXNlJTIwb2clMjBmb3JkJUMzJUI4bW1lJUUyJTgwJTlEJTIwbmVkZW5zdCVDMyVBNWVuZGUlMjB1ZHRhbGVsc2UlMjBmcmElMjBBbGV4YW5kZXIlMjBLJUMzJUJDc3RlciUyQyUyMFNvY2lhbGRlbW9rcmF0aWV0JTIwbG9rYWxmb3JtYW5kJTIwaSUyMCVDMyU4NXJodXMuJTIwSmVnJTIwZm9yc3QlQzMlQTVyJTIwc2xldCUyMGlra2UlMkMlMjBodm9yZGFuJTIwcyVDMyVBNWRhbiUyMGVuJTIwZWtzdHJlbWlzdCUyMGthbiVFMiU4MCVBNiUyMCUzQ2ElMjBocmVmJTNEJTIyaHR0cHMlM0ElMkYlMkZ0LmNvJTJGQ0NtMjlZUFFWWSUyMiUzRXBpYy50d2l0dGVyLmNvbSUyRkNDbTI5WVBRVlklM0MlMkZhJTNFJTNDJTJGcCUzRSUyNm1kYXNoJTNCJTIwWmVuaWElMjBTdGFtcGUlMjAlMjglNDB6ZW5pYXN0YW1wZSUyOSUyMCUzQ2ElMjBocmVmJTNEJTIyaHR0cHMlM0ElMkYlMkZ0d2l0dGVyLmNvbSUyRnplbmlhc3RhbXBlJTJGc3RhdHVzJTJGMTg1OTY1NDIzNTM4Mzc5MTk0MiUzRnJlZl9zcmMlM0R0d3NyYyUyNTVFdGZ3JTIyJTNFTm92ZW1iZXIlMjAyMSUyQyUyMDIwMjQlM0MlMkZhJTNFJTNDJTJGYmxvY2txdW90ZSUzRSUyMCUzQ3NjcmlwdCUyMGFzeW5jJTIwc3JjJTNEJTIyaHR0cHMlM0ElMkYlMkZwbGF0Zm9ybS50d2l0dGVyLmNvbSUyRndpZGdldHMuanMlMjIlMjBjaGFyc2V0JTNEJTIydXRmLTglMjIlM0UlM0MlMkZzY3JpcHQlM0U=[\/spb_raw_html] [spb_blank_spacer height=&#8221;30px&#8221; width=&#8221;1\/1&#8243; el_position=&#8221;first last&#8221;] [spb_text_block animation=&#8221;none&#8221; animation_delay=&#8221;0&#8243; simplified_controls=&#8221;yes&#8221; custom_css_percentage=&#8221;no&#8221; padding_vertical=&#8221;0&#8243; padding_horizontal=&#8221;0&#8243; margin_vertical=&#8221;0&#8243; custom_css=&#8221;margin-top: 0px;margin-bottom: 0px;&#8221; border_size=&#8221;0&#8243; border_styling_global=&#8221;default&#8221; width=&#8221;1\/1&#8243; el_position=&#8221;first last&#8221;]<\/p>\n<h3>FRA RETORIK TIL POLITISK KONSEKVENS<\/h3>\n<p>Reaktionerne p\u00e5 Alexander K\u00fcsters udtalelser stopper ikke ved sociale medier eller personlige konfrontationer. De indg\u00e5r i en bredere politisk diskussion om ansvar, gr\u00e6nser og konsekvenser. Da K\u00fcster offentligt udtrykker h\u00e5b om, at Danmark og resten af Vesten vil ford\u00f8mme Den Internationale Straffedomstols arrestordrer og st\u00e5 bag Israels milit\u00e6re handlinger, flyttes sp\u00f8rgsm\u00e5let fra retorisk framing til konkret politisk stillingtagen.<\/p>\n<p>Det er i denne sammenh\u00e6ng bem\u00e6rkelsesv\u00e6rdigt, at kritikken ikke kun kommer fra aktivister eller civilsamfund, men ogs\u00e5 fra folkevalgte politikere. I en offentlig kommentar betegnes K\u00fcsters position som ekstremistisk, og der stilles \u00e5bent sp\u00f8rgsm\u00e5l ved, hvordan s\u00e5danne holdninger kan forenes med et ledende hverv i et regeringsb\u00e6rende parti.<\/p>\n<p>Dermed bliver sagen ikke l\u00e6ngere et sp\u00f8rgsm\u00e5l om enkeltst\u00e5ende udtalelser, men om strukturer: hvordan bestemte retoriske rammer normaliseres, hvordan statslig vold legitimeres, og hvordan politisk loyalitet kan forskyde gr\u00e6nserne for, hvad der opfattes som acceptabelt i den offentlige debat.<\/p>\n<p>Set i dette lys peger analysen videre end individet Alexander K\u00fcster og hen imod et bredere m\u00f8nster i Socialdemokratiets udenrigs- og v\u00e6rdipolitiske positionering. N\u00e5r st\u00f8tte til milit\u00e6r magt, afvisning af internationale retsinstanser og delegitimering af kritik flettes sammen, opst\u00e5r et sp\u00f8rgsm\u00e5l om politisk medansvar.<\/p>\n<p><strong>Videre l\u00e6sning:<\/strong> <a href=\"https:\/\/zlcopenhagen.com\/da\/hvorfor-en-stemme-til-socialdemokratiet-er-en-stemme-til-folkedrab\/\" target=\"_blank\" rel=\"noopener\">Hvorfor en stemme til Socialdemokratiet er en stemme til folkedrab<\/a><\/p>\n<p>[\/spb_text_block] [spb_blank_spacer height=&#8221;30px&#8221; width=&#8221;1\/1&#8243; el_position=&#8221;first last&#8221;] [spb_raw_html width=&#8221;1\/1&#8243; el_position=&#8221;first last&#8221;]JTNDZGl2JTIwc3R5bGUlM0QlMjJwb3NpdGlvbiUzQXJlbGF0aXZlJTNCcGFkZGluZy1ib3R0b20lM0E1Ni4yNSUyNSUzQmhlaWdodCUzQTAlM0JvdmVyZmxvdyUzQWhpZGRlbiUzQm1heC13aWR0aCUzQTEwMCUyNSUzQiUyMiUzRSUwQSUyMCUyMCUzQ2lmcmFtZSUyMCUwQSUyMCUyMCUyMCUyMHNyYyUzRCUyMmh0dHBzJTNBJTJGJTJGd3d3LnlvdXR1YmUuY29tJTJGZW1iZWQlMkZMS3NRRnQzb1R5RSUyMiUyMCUwQSUyMCUyMCUyMCUyMHRpdGxlJTNEJTIyRm9ybWVyJTIwSURGJTIwbGF3eWVyJTIwYXJyZXN0ZWQlMjBvdmVyJTIwbGVha2VkJTIwdmlkZW8lMjBhbGxlZ2VkbHklMjBzaG93aW5nJTIwUGFsZXN0aW5pYW4lMjBwcmlzb25lciUyMGFidXNlJTIyJTBBJTIwJTIwJTIwJTIwc3R5bGUlM0QlMjJwb3NpdGlvbiUzQWFic29sdXRlJTNCdG9wJTNBMCUzQmxlZnQlM0EwJTNCd2lkdGglM0ExMDAlMjUlM0JoZWlnaHQlM0ExMDAlMjUlM0Jib3JkZXIlM0EwJTNCJTIyJTIwJTBBJTIwJTIwJTIwJTIwYWxsb3clM0QlMjJhY2NlbGVyb21ldGVyJTNCJTIwYXV0b3BsYXklM0IlMjBjbGlwYm9hcmQtd3JpdGUlM0IlMjBlbmNyeXB0ZWQtbWVkaWElM0IlMjBneXJvc2NvcGUlM0IlMjBwaWN0dXJlLWluLXBpY3R1cmUlM0IlMjB3ZWItc2hhcmUlMjIlMjAlMEElMjAlMjAlMjAlMjByZWZlcnJlcnBvbGljeSUzRCUyMnN0cmljdC1vcmlnaW4td2hlbi1jcm9zcy1vcmlnaW4lMjIlMjAlMEElMjAlMjAlMjAlMjBhbGxvd2Z1bGxzY3JlZW4lM0UlMEElMjAlMjAlM0MlMkZpZnJhbWUlM0UlMEElM0MlMkZkaXYlM0UlMEE=[\/spb_raw_html] [spb_blank_spacer height=&#8221;30px&#8221; width=&#8221;1\/1&#8243; el_position=&#8221;first last&#8221;] [spb_raw_html width=&#8221;1\/1&#8243; el_position=&#8221;first last&#8221;]JTNDYmxvY2txdW90ZSUyMGNsYXNzJTNEJTIydGlrdG9rLWVtYmVkJTIyJTIwY2l0ZSUzRCUyMmh0dHBzJTNBJTJGJTJGd3d3LnRpa3Rvay5jb20lMkYlNDBrYXlsZWlnaDA1MjclMkZ2aWRlbyUyRjc2MTY1NDc2MTk3OTEyMTE3OTglMjIlMjBkYXRhLXZpZGVvLWlkJTNEJTIyNzYxNjU0NzYxOTc5MTIxMTc5OCUyMiUyMHN0eWxlJTNEJTIybWF4LXdpZHRoJTNBJTIwNjA1cHglM0JtaW4td2lkdGglM0ElMjAzMjVweCUzQiUyMiUyMCUzRSUyMCUzQ3NlY3Rpb24lM0UlMjAlM0NhJTIwdGFyZ2V0JTNEJTIyX2JsYW5rJTIyJTIwdGl0bGUlM0QlMjIlNDBrYXlsZWlnaDA1MjclMjIlMjBocmVmJTNEJTIyaHR0cHMlM0ElMkYlMkZ3d3cudGlrdG9rLmNvbSUyRiU0MGtheWxlaWdoMDUyNyUzRnJlZmVyJTNEZW1iZWQlMjIlM0UlNDBrYXlsZWlnaDA1MjclM0MlMkZhJTNFJTIwJTNDcCUzRSUzQyUyRnAlM0UlMjAlM0NhJTIwdGFyZ2V0JTNEJTIyX2JsYW5rJTIyJTIwdGl0bGUlM0QlMjIlRTIlOTklQUMlMjBvcmlnaW5hbCUyMHNvdW5kJTIwLSUyMEtheWxlaWdoJTIyJTIwaHJlZiUzRCUyMmh0dHBzJTNBJTJGJTJGd3d3LnRpa3Rvay5jb20lMkZtdXNpYyUyRm9yaWdpbmFsLXNvdW5kLTc2MTY1NDc3MDYwMjYwNjg3NTklM0ZyZWZlciUzRGVtYmVkJTIyJTNFJUUyJTk5JUFDJTIwb3JpZ2luYWwlMjBzb3VuZCUyMC0lMjBLYXlsZWlnaCUzQyUyRmElM0UlMjAlM0MlMkZzZWN0aW9uJTNFJTIwJTNDJTJGYmxvY2txdW90ZSUzRSUyMCUzQ3NjcmlwdCUyMGFzeW5jJTIwc3JjJTNEJTIyaHR0cHMlM0ElMkYlMkZ3d3cudGlrdG9rLmNvbSUyRmVtYmVkLmpzJTIyJTNFJTNDJTJGc2NyaXB0JTNF[\/spb_raw_html]<\/p>\n","protected":false},"excerpt":{"rendered":"<p>[spb_text_block animation=&#8221;none&#8221; animation_delay=&#8221;0&#8243; simplified_controls=&#8221;yes&#8221; custom_css_percentage=&#8221;no&#8221; padding_vertical=&#8221;0&#8243; padding_horizontal=&#8221;0&#8243; margin_vertical=&#8221;0&#8243; custom_css=&#8221;margin-top: 0px;margin-bottom: 0px;&#8221; border_size=&#8221;0&#8243; border_styling_global=&#8221;default&#8221; width=&#8221;1\/1&#8243; el_position=&#8221;first last&#8221;][\/spb_text_block] [spb_blank_spacer height=&#8221;30px&#8221; width=&#8221;1\/1&#8243; el_position=&#8221;first last&#8221;] [spb_blank_spacer height=&#8221;30px&#8221; width=&#8221;1\/1&#8243; el_position=&#8221;first last&#8221;] [spb_raw_html width=&#8221;1\/1&#8243; el_position=&#8221;first last&#8221;]JTNDYmxvY2txdW90ZSUyMGNsYXNzJTNEJTIydHdpdHRlci10d2VldCUyMiUyMGRhdGEtdGhlbWUlM0QlMjJkYXJrJTIyJTNFJTNDcCUyMGxhbmclM0QlMjJkYSUyMiUyMGRpciUzRCUyMmx0ciUyMiUzRUR1JTIwZmF0dGVyJTIwZGElMjByZXQlMjBsaWR0JTIwYWYlMjBkZXQlMjBiZWdyZWIlMjB2aSUyMGthbGRlciUyMGVuJTIwcmV0c3N0YXQuJTNDYnIlM0UlM0NiciUzRURldCUyMGpvdXJuYWxpc3RlbiUyMHBvc3R1bGVyZXIlMjBoYXIlMjBoYW4lMjBzJUMzJUI4cm1lJTIwYXQlMjBoYXZlJTIwcnlnZCVDMyVBNmtuaW5nJTIwZm9yLiUyMCUzQ2JyJTNFRGV0JTIwZXIlMjBpa2tlJTIwb212ZW5kdC4lM0NiciUzRSUzQ2JyJTNFJTI2cXVvdCUzQkthbiUyMGR1JTIwYmV2aXNlJTJDJTIwYXQlMjBkdSUyMGlra2UlMjBoYXIlMjBzdGolQzMlQTVsZXQlMjBpJTIwQnJ1Z3NlbiUzRiUyNnF1b3QlM0IlM0MlMkZwJTNFJTI2bWRhc2glM0IlMjBMYXJzJTIwU2tvdSUyME5pZWxzZW4lMjAlMjglNDBMYXJzc2tvdSUyOSUyMCUzQ2ElMjBocmVmJTNEJTIyaHR0cHMlM0ElMkYlMkZ0d2l0dGVyLmNvbSUyRkxhcnNza291JTJGc3RhdHVzJTJGMjAyODgyNzk0Mjc4OTIyMjcwNyUzRnJlZl9zcmMlM0R0d3NyYyUyNTVFdGZ3JTIyJTNFTWFyY2glMjAzJTJDJTIwMjAyNiUzQyUyRmElM0UlM0MlMkZibG9ja3F1b3RlJTNFJTIwJTNDc2NyaXB0JTIwYXN5bmMlMjBzcmMlM0QlMjJodHRwcyUzQSUyRiUyRnBsYXRmb3JtLnR3aXR0ZXIuY29tJTJGd2lkZ2V0cy5qcyUyMiUyMGNoYXJzZXQlM0QlMjJ1dGYtOCUyMiUzRSUzQyUyRnNjcmlwdCUzRQ==[\/spb_raw_html] [spb_blank_spacer height=&#8221;30px&#8221; width=&#8221;1\/1&#8243; el_position=&#8221;first last&#8221;] [spb_text_block animation=&#8221;none&#8221; animation_delay=&#8221;0&#8243; simplified_controls=&#8221;yes&#8221; custom_css_percentage=&#8221;no&#8221; padding_vertical=&#8221;0&#8243; padding_horizontal=&#8221;0&#8243; margin_vertical=&#8221;0&#8243; custom_css=&#8221;margin-top: 0px;margin-bottom: 0px;&#8221; border_size=&#8221;0&#8243; border_styling_global=&#8221;default&#8221; width=&#8221;1\/1&#8243; el_position=&#8221;first last&#8221;] ALEXANDER K\u00dcSTER OG DEN DOBBELTE STANDARD I YTRINGSFRIHEDEN Alexander [&hellip;]<\/p>\n","protected":false},"author":2,"featured_media":18633,"comment_status":"closed","ping_status":"closed","sticky":false,"template":"","format":"standard","meta":{"footnotes":""},"categories":[1640,1576],"tags":[],"class_list":["post-37974","post","type-post","status-publish","format-standard","has-post-thumbnail","hentry","category-geopolitics-da","category-islamofobi"],"yoast_head":"<!-- This site is optimized with the Yoast SEO Premium plugin v26.6 (Yoast SEO v27.5) - https:\/\/yoast.com\/product\/yoast-seo-premium-wordpress\/ -->\n<title>Alexander K\u00fcster (Kuster) | Islamofobi &amp; ytringsfrihed i Danmark<\/title>\n<meta name=\"description\" content=\"Analyse af Alexander K\u00fcster (Kuster) i Aarhus: frygtretorik mod muslimer, islamofobi og gr\u00e6nserne for ytringsfrihed \u2013 med citater og kontekst\" \/>\n<meta name=\"robots\" content=\"noindex, follow\" \/>\n<meta property=\"og:locale\" content=\"da_DK\" \/>\n<meta property=\"og:type\" content=\"article\" \/>\n<meta property=\"og:title\" content=\"ZLCOPENHAGEN: Danish-Punjabi Ethical Menswear\" \/>\n<meta property=\"og:description\" content=\"ZLCOPENHAGEN merges Danish minimalism with Punjabi pride. Ethical menswear with muscle, message, and meaning. Designed with zidd.\" \/>\n<meta property=\"og:url\" content=\"https:\/\/zlcopenhagen.com\/da\/alexander-kuester-islamofobi\/\" \/>\n<meta property=\"og:site_name\" content=\"zlcopenhagen.com\" \/>\n<meta property=\"article:published_time\" content=\"2026-03-05T08:41:06+00:00\" \/>\n<meta property=\"article:modified_time\" content=\"2026-03-13T07:07:16+00:00\" \/>\n<meta property=\"og:image\" content=\"https:\/\/zlcopenhagen.com\/wp-content\/uploads\/2016\/05\/image1-1.jpg\" \/>\n\t<meta property=\"og:image:width\" content=\"2000\" \/>\n\t<meta property=\"og:image:height\" content=\"724\" \/>\n\t<meta property=\"og:image:type\" content=\"image\/jpeg\" \/>\n<meta name=\"author\" content=\"ZLC Team\" \/>\n<meta name=\"twitter:card\" content=\"summary_large_image\" \/>\n<meta name=\"twitter:label1\" content=\"Skrevet af\" \/>\n\t<meta name=\"twitter:data1\" content=\"ZLC Team\" \/>\n\t<meta name=\"twitter:label2\" content=\"Estimeret l\u00e6setid\" \/>\n\t<meta name=\"twitter:data2\" content=\"8 minutter\" \/>\n<!-- \/ Yoast SEO Premium plugin. -->","yoast_head_json":{"title":"Alexander K\u00fcster (Kuster) | Islamofobi & ytringsfrihed i Danmark","description":"Analyse af Alexander K\u00fcster (Kuster) i Aarhus: frygtretorik mod muslimer, islamofobi og gr\u00e6nserne for ytringsfrihed \u2013 med citater og kontekst","robots":{"index":"noindex","follow":"follow"},"og_locale":"da_DK","og_type":"article","og_title":"ZLCOPENHAGEN: Danish-Punjabi Ethical Menswear","og_description":"ZLCOPENHAGEN merges Danish minimalism with Punjabi pride. Ethical menswear with muscle, message, and meaning. Designed with zidd.","og_url":"https:\/\/zlcopenhagen.com\/da\/alexander-kuester-islamofobi\/","og_site_name":"zlcopenhagen.com","article_published_time":"2026-03-05T08:41:06+00:00","article_modified_time":"2026-03-13T07:07:16+00:00","og_image":[{"width":2000,"height":724,"url":"https:\/\/zlcopenhagen.com\/wp-content\/uploads\/2016\/05\/image1-1.jpg","type":"image\/jpeg"}],"author":"ZLC Team","twitter_card":"summary_large_image","twitter_misc":{"Skrevet af":"ZLC Team","Estimeret l\u00e6setid":"8 minutter"},"schema":{"@context":"https:\/\/schema.org","@graph":[{"@type":["Article","BlogPosting"],"@id":"https:\/\/zlcopenhagen.com\/da\/alexander-kuester-islamofobi\/#article","isPartOf":{"@id":"https:\/\/zlcopenhagen.com\/da\/alexander-kuester-islamofobi\/"},"author":{"name":"ZLC Team","@id":"https:\/\/zlcopenhagen.com\/#\/schema\/person\/c7ce5649957ac4c1258910e89f0f5fb3"},"headline":"ALEXANDER K\u00dcSTER: ISLAMOFOBI OG YTRINGSFRIHED","datePublished":"2026-03-05T08:41:06+00:00","dateModified":"2026-03-13T07:07:16+00:00","mainEntityOfPage":{"@id":"https:\/\/zlcopenhagen.com\/da\/alexander-kuester-islamofobi\/"},"wordCount":2659,"publisher":{"@id":"https:\/\/zlcopenhagen.com\/#organization"},"image":{"@id":"https:\/\/zlcopenhagen.com\/da\/alexander-kuester-islamofobi\/#primaryimage"},"thumbnailUrl":"https:\/\/zlcopenhagen.com\/wp-content\/uploads\/2016\/05\/image1-1.jpg","articleSection":["Geopolitics","ISLAMOFOBI"],"inLanguage":"da-DK","copyrightYear":"2026","copyrightHolder":{"@id":"https:\/\/zlcopenhagen.com\/#organization"}},{"@type":"WebPage","@id":"https:\/\/zlcopenhagen.com\/da\/alexander-kuester-islamofobi\/","url":"https:\/\/zlcopenhagen.com\/da\/alexander-kuester-islamofobi\/","name":"Alexander K\u00fcster (Kuster) | Islamofobi & ytringsfrihed i Danmark","isPartOf":{"@id":"https:\/\/zlcopenhagen.com\/#website"},"primaryImageOfPage":{"@id":"https:\/\/zlcopenhagen.com\/da\/alexander-kuester-islamofobi\/#primaryimage"},"image":{"@id":"https:\/\/zlcopenhagen.com\/da\/alexander-kuester-islamofobi\/#primaryimage"},"thumbnailUrl":"https:\/\/zlcopenhagen.com\/wp-content\/uploads\/2016\/05\/image1-1.jpg","datePublished":"2026-03-05T08:41:06+00:00","dateModified":"2026-03-13T07:07:16+00:00","description":"Analyse af Alexander K\u00fcster (Kuster) i Aarhus: frygtretorik mod muslimer, islamofobi og gr\u00e6nserne for ytringsfrihed \u2013 med citater og kontekst","breadcrumb":{"@id":"https:\/\/zlcopenhagen.com\/da\/alexander-kuester-islamofobi\/#breadcrumb"},"inLanguage":"da-DK","potentialAction":[{"@type":"ReadAction","target":["https:\/\/zlcopenhagen.com\/da\/alexander-kuester-islamofobi\/"]}]},{"@type":"ImageObject","inLanguage":"da-DK","@id":"https:\/\/zlcopenhagen.com\/da\/alexander-kuester-islamofobi\/#primaryimage","url":"https:\/\/zlcopenhagen.com\/wp-content\/uploads\/2016\/05\/image1-1.jpg","contentUrl":"https:\/\/zlcopenhagen.com\/wp-content\/uploads\/2016\/05\/image1-1.jpg","width":2000,"height":724,"caption":"Alexander Kuster"},{"@type":"BreadcrumbList","@id":"https:\/\/zlcopenhagen.com\/da\/alexander-kuester-islamofobi\/#breadcrumb","itemListElement":[{"@type":"ListItem","position":1,"name":"Home","item":"https:\/\/zlcopenhagen.com\/da\/"},{"@type":"ListItem","position":2,"name":"ALEXANDER K\u00dcSTER: ISLAMOFOBI OG YTRINGSFRIHED"}]},{"@type":"WebSite","@id":"https:\/\/zlcopenhagen.com\/#website","url":"https:\/\/zlcopenhagen.com\/","name":"zlcopenhagen.com","description":"","publisher":{"@id":"https:\/\/zlcopenhagen.com\/#organization"},"potentialAction":[{"@type":"SearchAction","target":{"@type":"EntryPoint","urlTemplate":"https:\/\/zlcopenhagen.com\/?s={search_term_string}"},"query-input":{"@type":"PropertyValueSpecification","valueRequired":true,"valueName":"search_term_string"}}],"inLanguage":"da-DK"},{"@type":["Organization","Place"],"@id":"https:\/\/zlcopenhagen.com\/#organization","name":"ZLCOPENHAGEN","alternateName":"ZLCOPENHAGEN","url":"https:\/\/zlcopenhagen.com\/","logo":{"@id":"https:\/\/zlcopenhagen.com\/da\/alexander-kuester-islamofobi\/#local-main-organization-logo"},"image":{"@id":"https:\/\/zlcopenhagen.com\/da\/alexander-kuester-islamofobi\/#local-main-organization-logo"},"sameAs":["https:\/\/www.youtube.com\/channel\/UCy7JINwB6DMr2fA9yHpDQJg"],"telephone":[],"openingHoursSpecification":[{"@type":"OpeningHoursSpecification","dayOfWeek":["Monday","Tuesday","Wednesday","Thursday","Friday","Saturday","Sunday"],"opens":"09:00","closes":"17:00"}]},{"@type":"Person","@id":"https:\/\/zlcopenhagen.com\/#\/schema\/person\/c7ce5649957ac4c1258910e89f0f5fb3","name":"ZLC Team","image":{"@type":"ImageObject","inLanguage":"da-DK","@id":"https:\/\/secure.gravatar.com\/avatar\/bb92a8e9bdde1cf2114b74dce44557ee57d3909986eab1422fc34e9cce350044?s=96&d=mm&r=g","url":"https:\/\/secure.gravatar.com\/avatar\/bb92a8e9bdde1cf2114b74dce44557ee57d3909986eab1422fc34e9cce350044?s=96&d=mm&r=g","contentUrl":"https:\/\/secure.gravatar.com\/avatar\/bb92a8e9bdde1cf2114b74dce44557ee57d3909986eab1422fc34e9cce350044?s=96&d=mm&r=g","caption":"ZLC Team"}},{"@type":"ImageObject","inLanguage":"da-DK","@id":"https:\/\/zlcopenhagen.com\/da\/alexander-kuester-islamofobi\/#local-main-organization-logo","url":"https:\/\/zlcopenhagen.com\/wp-content\/uploads\/2016\/05\/blog-logo.jpg","contentUrl":"https:\/\/zlcopenhagen.com\/wp-content\/uploads\/2016\/05\/blog-logo.jpg","width":68,"height":68,"caption":"ZLCOPENHAGEN"}]}},"_links":{"self":[{"href":"https:\/\/zlcopenhagen.com\/da\/wp-json\/wp\/v2\/posts\/37974","targetHints":{"allow":["GET"]}}],"collection":[{"href":"https:\/\/zlcopenhagen.com\/da\/wp-json\/wp\/v2\/posts"}],"about":[{"href":"https:\/\/zlcopenhagen.com\/da\/wp-json\/wp\/v2\/types\/post"}],"author":[{"embeddable":true,"href":"https:\/\/zlcopenhagen.com\/da\/wp-json\/wp\/v2\/users\/2"}],"replies":[{"embeddable":true,"href":"https:\/\/zlcopenhagen.com\/da\/wp-json\/wp\/v2\/comments?post=37974"}],"version-history":[{"count":33,"href":"https:\/\/zlcopenhagen.com\/da\/wp-json\/wp\/v2\/posts\/37974\/revisions"}],"predecessor-version":[{"id":60273,"href":"https:\/\/zlcopenhagen.com\/da\/wp-json\/wp\/v2\/posts\/37974\/revisions\/60273"}],"wp:featuredmedia":[{"embeddable":true,"href":"https:\/\/zlcopenhagen.com\/da\/wp-json\/wp\/v2\/media\/18633"}],"wp:attachment":[{"href":"https:\/\/zlcopenhagen.com\/da\/wp-json\/wp\/v2\/media?parent=37974"}],"wp:term":[{"taxonomy":"category","embeddable":true,"href":"https:\/\/zlcopenhagen.com\/da\/wp-json\/wp\/v2\/categories?post=37974"},{"taxonomy":"post_tag","embeddable":true,"href":"https:\/\/zlcopenhagen.com\/da\/wp-json\/wp\/v2\/tags?post=37974"}],"curies":[{"name":"wp","href":"https:\/\/api.w.org\/{rel}","templated":true}]}}