{"id":33284,"date":"2025-06-22T06:39:55","date_gmt":"2025-06-22T05:39:55","guid":{"rendered":"https:\/\/zlcopenhagen.com\/paracord-power\/"},"modified":"2026-01-22T08:17:39","modified_gmt":"2026-01-22T07:17:39","slug":"antisemitisme-i-danmark-historie-islamofobi","status":"publish","type":"post","link":"https:\/\/zlcopenhagen.com\/da\/antisemitisme-i-danmark-historie-islamofobi\/","title":{"rendered":"ANTISEMITISME I DANMARK \u2013 DEN GAMLE HADTALE I NYT T\u00d8J"},"content":{"rendered":"<p>[spb_image image=&#8221;50477&#8243; image_size=&#8221;full&#8221; frame=&#8221;noframe&#8221; caption_pos=&#8221;hover&#8221; remove_rounded=&#8221;yes&#8221; fullwidth=&#8221;no&#8221; overflow_mode=&#8221;none&#8221; link_target=&#8221;_self&#8221; lightbox=&#8221;no&#8221; intro_animation=&#8221;none&#8221; animation_delay=&#8221;200&#8243; width=&#8221;1\/1&#8243; el_position=&#8221;first last&#8221;][\/spb_image] [spb_blank_spacer height=&#8221;30px&#8221; width=&#8221;1\/1&#8243; el_position=&#8221;first last&#8221;] [spb_text_block animation=&#8221;none&#8221; animation_delay=&#8221;0&#8243; simplified_controls=&#8221;yes&#8221; custom_css_percentage=&#8221;no&#8221; padding_vertical=&#8221;0&#8243; padding_horizontal=&#8221;0&#8243; margin_vertical=&#8221;0&#8243; custom_css=&#8221;margin-top: 0px;margin-bottom: 0px;&#8221; border_size=&#8221;0&#8243; border_styling_global=&#8221;default&#8221; width=&#8221;1\/1&#8243; el_position=&#8221;first last&#8221;]<\/p>\n<h2 data-start=\"429\" data-end=\"488\">ANTISEMITISME I DANMARK \u2013 DEN GAMLE HADTALE I NYT T\u00d8J<\/h2>\n<p data-start=\"490\" data-end=\"683\">Jeg er ikke historiker. Jeg er designer og ingeni\u00f8rstuderende.<br data-start=\"552\" data-end=\"555\" \/>Men jeg er tr\u00e6t af at h\u00f8re politikere misbruge historien \u2013 is\u00e6r n\u00e5r de bruger j\u00f8der som moralsk skjold for at sl\u00e5 p\u00e5 muslimer.<\/p>\n<p data-start=\"685\" data-end=\"956\">Jeg h\u00f8rte Morten Dahlin, minister for Venstre, sige at han ville \u201csl\u00e5 ring\u201d om fiskekutteren <em data-start=\"778\" data-end=\"789\">Elisabeth<\/em> \u2013 symbolet p\u00e5 redningen af danske j\u00f8der \u2013 og at han gerne ville tage sin haglb\u00f8sse med.<br data-start=\"877\" data-end=\"880\" \/>Men det, han forsvarer, er ikke historien. Det er <strong data-start=\"930\" data-end=\"953\">partiets fort\u00e6lling<\/strong>.<\/p>\n<p data-start=\"958\" data-end=\"1138\">N\u00e5r Dahlin og Venstre taler om at beskytte j\u00f8derne, taler de ikke om medmenneskelighed.<br data-start=\"1045\" data-end=\"1048\" \/>De taler om <strong data-start=\"1060\" data-end=\"1079\">politisk renhed<\/strong> \u2013 og om at bruge historien som v\u00e5ben i en ny kulturkamp.<\/p>\n<hr data-start=\"1140\" data-end=\"1143\" \/>\n<h2 data-start=\"1145\" data-end=\"1189\">FRA J\u00d8DEFORSKR\u00c6KKELSE TIL MUSLIMFRYGT<\/h2>\n<p data-start=\"1191\" data-end=\"1383\">Antisemitisme i Danmark er ikke forsvundet.<br data-start=\"1234\" data-end=\"1237\" \/>Den har bare f\u00e5et nyt ansigt og nyt navn.<br data-start=\"1278\" data-end=\"1281\" \/>I 1930\u2019erne blev j\u00f8der kaldt \u201cfremmede elementer\u201d, der truede Danmark.<br data-start=\"1351\" data-end=\"1354\" \/>I dag siger man \u201cmuslimer\u201d.<\/p>\n<p data-start=\"1385\" data-end=\"1658\">Den samme mekanisme \u2013 bare et nyt m\u00e5l.<br data-start=\"1423\" data-end=\"1426\" \/>F\u00f8r var det j\u00f8derne, der blev beskyldt for ikke at h\u00f8re til.<br data-start=\"1486\" data-end=\"1489\" \/>Nu er det muslimerne.<br data-start=\"1510\" data-end=\"1513\" \/>Og det ironiske er, at mange af dem, der taler h\u00f8jest om antisemitisme i dag, bruger j\u00f8derne som undskyldning for at angribe andre minoriteter.<\/p>\n<p data-start=\"1660\" data-end=\"1774\">\u201cVi m\u00e5 beskytte j\u00f8derne,\u201d siger de.<br data-start=\"1695\" data-end=\"1698\" \/>Men hvad de <strong data-start=\"1710\" data-end=\"1719\">mener<\/strong>, er:<br data-start=\"1724\" data-end=\"1727\" \/>\u201cVi m\u00e5 beskytte vores ret til at hade nogen.\u201d<\/p>\n<hr data-start=\"1776\" data-end=\"1779\" \/>\n<h2 data-start=\"1781\" data-end=\"1831\">VENSTRES DOBBELTMORAL \u2013 FRA FOGH TIL DAHLIN<\/h2>\n<p data-start=\"1833\" data-end=\"2080\">Venstre elsker historien \u2013 n\u00e5r de kan kontrollere den.<br data-start=\"1887\" data-end=\"1890\" \/>Anders Fogh Rasmussen gik i krig med Tony Blair i 2003 \u201cfor frihedens skyld\u201d.<br data-start=\"1967\" data-end=\"1970\" \/>Resultatet blev <strong data-start=\"1986\" data-end=\"2013\">millioner af flygtninge<\/strong>, <strong data-start=\"2015\" data-end=\"2035\">\u00f8delagte samfund<\/strong> og en ny b\u00f8lge af <strong data-start=\"2054\" data-end=\"2077\">islamofobi i Europa<\/strong>.<\/p>\n<p data-start=\"2082\" data-end=\"2152\">De kaldte det \u201cdemokrati\u201d.<br data-start=\"2108\" data-end=\"2111\" \/>Men det var <strong data-start=\"2123\" data-end=\"2149\">imperialisme med slips<\/strong>.<\/p>\n<p data-start=\"2154\" data-end=\"2392\">I dag st\u00e5r Morten Dahlin p\u00e5 samme moralh\u00f8je tinde og taler om \u201cv\u00e6rdier\u201d, mens han samtidig forst\u00e6rker den samme frygt.<br data-start=\"2272\" data-end=\"2275\" \/>Han st\u00e5r i slipstr\u00f8mmen af Fogh og Blair \u2013<br data-start=\"2317\" data-end=\"2320\" \/>de to m\u00e6nd, der plantede fr\u00f8et til nutidens <strong data-start=\"2364\" data-end=\"2389\">kulturelle splittelse<\/strong>.<\/p>\n<p data-start=\"2394\" data-end=\"2464\">Venstres v\u00e6rdikamp startede i Bagdad \u2013 og endte i dansk debatkultur.<\/p>\n<hr data-start=\"2466\" data-end=\"2469\" \/>\n<h2 data-start=\"2471\" data-end=\"2524\">\u201cOMVENDT ANTISEMITISME\u201d \u2013 HISTORIEN SOM SKJOLD<\/h2>\n<p data-start=\"2526\" data-end=\"2732\">Efter 2. verdenskrig blev antisemitisme et tabu.<br data-start=\"2574\" data-end=\"2577\" \/>Ingen turde indr\u00f8mme, hvor dybt hadet sad i Danmark \u2013 ogs\u00e5 i de p\u00e6ne partier.<br data-start=\"2654\" data-end=\"2657\" \/>Men i dag har man opfundet en ny form for det: <strong data-start=\"2704\" data-end=\"2729\">omvendt antisemitisme<\/strong>.<\/p>\n<p data-start=\"2734\" data-end=\"2959\">Det er, n\u00e5r politikere bruger j\u00f8dernes lidelse som moralsk kapital til at d\u00e6monisere muslimer.<br data-start=\"2828\" data-end=\"2831\" \/>\u201cSe, vi beskytter j\u00f8derne \u2013 vi kan umuligt v\u00e6re racister.\u201d<br data-start=\"2889\" data-end=\"2892\" \/>Men det er det \u00e6ldste trick i bogen:<br data-start=\"2928\" data-end=\"2931\" \/><strong data-start=\"2931\" data-end=\"2956\">brug ofrene som v\u00e5ben<\/strong>.<\/p>\n<p data-start=\"2961\" data-end=\"3148\">N\u00e5r Morten Dahlin taler om historien, taler han ikke for j\u00f8derne.<br data-start=\"3026\" data-end=\"3029\" \/>Han taler <strong data-start=\"3039\" data-end=\"3057\">p\u00e5 deres vegne<\/strong> \u2013 for at vinde magt i nutiden.<br data-start=\"3088\" data-end=\"3091\" \/>Det er ikke solidaritet.<br data-start=\"3115\" data-end=\"3118\" \/>Det er symbolsk udplyndring.<\/p>\n<hr data-start=\"3150\" data-end=\"3153\" \/>\n<h2 data-start=\"3155\" data-end=\"3186\">POLITIK MED PISTOL OG PR<\/h2>\n<p data-start=\"3188\" data-end=\"3410\">N\u00e5r en minister siger, at han vil tage en haglb\u00f8sse med for at beskytte et historisk symbol, s\u00e5 handler det ikke om beskyttelse.<br data-start=\"3316\" data-end=\"3319\" \/>Det handler om <strong data-start=\"3334\" data-end=\"3352\">iscenes\u00e6ttelse<\/strong>.<br data-start=\"3353\" data-end=\"3356\" \/>Om at skabe billeder af dansk mod, hvor ingen truer.<\/p>\n<p data-start=\"3412\" data-end=\"3746\">Kutteren <em data-start=\"3421\" data-end=\"3432\">Elisabeth<\/em> blev dengang sejlet af almindelige danskere, der <strong data-start=\"3482\" data-end=\"3502\">risikerede livet<\/strong> for at hj\u00e6lpe j\u00f8der \u2013 uden PR, uden kamera, uden valgplakat.<br data-start=\"3563\" data-end=\"3566\" \/>Det var ikke Venstre, der reddede nogen.<br data-start=\"3606\" data-end=\"3609\" \/>Det var <strong data-start=\"3617\" data-end=\"3627\">folket<\/strong>.<br data-start=\"3628\" data-end=\"3631\" \/>Og folket havde ikke brug for politikere i jakkes\u00e6t med slogans \u2013 de handlede, fordi det var det rigtige at g\u00f8re.<\/p>\n<hr data-start=\"3748\" data-end=\"3751\" \/>\n<h2 data-start=\"3753\" data-end=\"3810\">FRA ANTISEMITISME TIL ISLAMOFOBI \u2013 DEN SAMME FRYGT<\/h2>\n<p data-start=\"3812\" data-end=\"4047\">N\u00e5r man piller historien fra hinanden, ser man det tydeligt:<br data-start=\"3872\" data-end=\"3875\" \/>Antisemitisme og islamofobi er to grene af samme rod.<br data-start=\"3928\" data-end=\"3931\" \/>Begge bygger p\u00e5 frygt.<br data-start=\"3953\" data-end=\"3956\" \/>Begge handler om magt.<br data-start=\"3978\" data-end=\"3981\" \/>Og begge bruges til at forme, hvem der m\u00e5 v\u00e6re \u201crigtig dansker\u201d.<\/p>\n<p data-start=\"4049\" data-end=\"4263\">I 1930\u2019erne frygtede man \u201cden j\u00f8diske indflydelse\u201d.<br data-start=\"4100\" data-end=\"4103\" \/>I 2020\u2019erne frygter man \u201cden muslimske kultur\u201d.<br data-start=\"4150\" data-end=\"4153\" \/>Men det er den samme psykologi \u2013 bare med nye ord.<br data-start=\"4203\" data-end=\"4206\" \/>Et Danmark, der definerer sig gennem, hvem det afviser.<\/p>\n<hr data-start=\"4265\" data-end=\"4268\" \/>\n<h2 data-start=\"4270\" data-end=\"4310\">DEN SKJULTE ARV FRA FOGH OG BLAIR<\/h2>\n<p data-start=\"4312\" data-end=\"4669\">Anders Fogh Rasmussen og Tony Blair kaldte det \u201ckampen for civilisationen\u201d.<br data-start=\"4387\" data-end=\"4390\" \/>Men de startede noget, der stadig br\u00e6nder i dag \u2013 b\u00e5de i Mellem\u00f8sten og i sindet p\u00e5 danskere, der er vokset op med frygt som politik.<br data-start=\"4523\" data-end=\"4526\" \/>N\u00e5r Dahlin nu gentager fort\u00e6llingen \u2013 bare med danske symboler og lokal patriotisme \u2013 s\u00e5 forts\u00e6tter han den samme krig.<br data-start=\"4645\" data-end=\"4648\" \/>Bare p\u00e5 hjemmebane.<\/p>\n<p data-start=\"4671\" data-end=\"4800\">Frihed blev til kontrol.<br data-start=\"4695\" data-end=\"4698\" \/>Solidaritet blev til slogan.<br data-start=\"4726\" data-end=\"4729\" \/>Og Venstre blev til <strong data-start=\"4749\" data-end=\"4797\">den p\u00e6ne version af det, de engang bek\u00e6mpede<\/strong>.<\/p>\n<hr data-start=\"4802\" data-end=\"4805\" \/>\n<h2 data-start=\"4807\" data-end=\"4865\">FAQ: ANTISEMITISME I DANMARK \u2013 SP\u00d8RGSM\u00c5L OG SVAR<\/h2>\n<p data-start=\"4867\" data-end=\"5006\"><strong data-start=\"4867\" data-end=\"4898\">Hvad betyder antisemitisme?<\/strong><br data-start=\"4898\" data-end=\"4901\" \/>Antisemitisme betyder fordomme, had eller diskrimination mod j\u00f8der \u2013 kulturelt, religi\u00f8st eller etnisk.<\/p>\n<p data-start=\"5008\" data-end=\"5173\"><strong data-start=\"5008\" data-end=\"5049\">Findes antisemitisme i Danmark i dag?<\/strong><br data-start=\"5049\" data-end=\"5052\" \/>Ja. Den findes b\u00e5de som \u00e5ben hadtale og som skjult politisk retorik, hvor j\u00f8der bruges som symbol i nutidens v\u00e6rdikamp.<\/p>\n<p data-start=\"5175\" data-end=\"5365\"><strong data-start=\"5175\" data-end=\"5203\">Er Venstre antisemitisk?<\/strong><br data-start=\"5203\" data-end=\"5206\" \/>Historisk har Venstre v\u00e6ret tavst under antisemitismens tid i Europa. I dag bruger partiet historien om j\u00f8derne politisk \u2013 som moralsk afs\u00e6t for islamkritik.<\/p>\n<p data-start=\"5367\" data-end=\"5595\"><strong data-start=\"5367\" data-end=\"5428\">Hvad har Anders Fogh Rasmussen med antisemitisme at g\u00f8re?<\/strong><br data-start=\"5428\" data-end=\"5431\" \/>Hans v\u00e6rdipolitik i 2003 byggede p\u00e5 den samme frygtretorik, der nu bruges mod muslimer. Irak-krigen skabte det kaos, som Venstre i dag udnytter i hjemlig politik.<\/p>\n<p data-start=\"5597\" data-end=\"5801\"><strong data-start=\"5597\" data-end=\"5651\">Hvordan h\u00e6nger antisemitisme og islamofobi sammen?<\/strong><br data-start=\"5651\" data-end=\"5654\" \/>Begge bygger p\u00e5 frygt for \u201cde fremmede\u201d og \u00f8nsket om at bevare kontrol. De er to udtryk for samme mekanisme \u2013 den, der splitter, f\u00f8r den forst\u00e5r.<\/p>\n<p data-start=\"5803\" data-end=\"5961\"><strong data-start=\"5803\" data-end=\"5839\">Hvad er \u201comvendt antisemitisme\u201d?<\/strong><br data-start=\"5839\" data-end=\"5842\" \/>Det er, n\u00e5r politikere bruger j\u00f8dernes historie til at fremme had mod muslimer \u2013 og skjuler diskrimination bag moral.<\/p>\n<p>[\/spb_text_block] [spb_text_block animation=&#8221;none&#8221; animation_delay=&#8221;0&#8243; simplified_controls=&#8221;yes&#8221; custom_css_percentage=&#8221;no&#8221; padding_vertical=&#8221;0&#8243; padding_horizontal=&#8221;0&#8243; margin_vertical=&#8221;0&#8243; custom_css=&#8221;margin-top: 0px;margin-bottom: 0px;&#8221; border_size=&#8221;0&#8243; border_styling_global=&#8221;default&#8221; width=&#8221;1\/1&#8243; el_position=&#8221;first last&#8221;]<\/p>\n<h2 data-start=\"388\" data-end=\"446\">DANMARK HAR SET DET F\u00d8R \u2013 UNIFORMSFORBUDET FRA 1933<\/h2>\n<p data-start=\"448\" data-end=\"567\">Vi har v\u00e6ret her f\u00f8r.<br data-start=\"469\" data-end=\"472\" \/>N\u00e5r politikere taler om at forsvare Danmark, og symbolerne bliver st\u00e6rkere end virkeligheden.<\/p>\n<p data-start=\"569\" data-end=\"987\">I <strong data-start=\"571\" data-end=\"579\">1933<\/strong> indf\u00f8rte Danmark <em data-start=\"597\" data-end=\"616\">Uniformsforbuddet<\/em> \u2013 en lov, der gjorde det ulovligt at b\u00e6re t\u00f8j, armbind eller symboler, som viste politisk tilh\u00f8rsforhold.<br data-start=\"722\" data-end=\"725\" \/>Loven blev skabt, fordi demokratiet begyndte at ligne et teaterstykke:<br data-start=\"795\" data-end=\"798\" \/>unge m\u00e6nd i <strong data-start=\"810\" data-end=\"832\">Konservativ Ungdom<\/strong> marcherede i gr\u00f8nne skjorter med skr\u00e5rem, kommunister i arbejderskjorter, nationalsocialister i brune uniformer.<br data-start=\"945\" data-end=\"948\" \/>Gaderne blev en kulisse for ideologi.<\/p>\n<p data-start=\"989\" data-end=\"1262\">Folketinget sagde stop.<br data-start=\"1012\" data-end=\"1015\" \/>Med st\u00f8tte fra Socialdemokratiet, Det Radikale Venstre \u2013 og <strong data-start=\"1075\" data-end=\"1086\">Venstre<\/strong> \u2013 forb\u00f8d man uniformer for at d\u00e6mme op for vold, propaganda og symbolpolitik.<br data-start=\"1164\" data-end=\"1167\" \/>Ironisk nok er det <strong data-start=\"1186\" data-end=\"1197\">Venstre<\/strong>, der i dag st\u00e5r i spidsen for den nye <em data-start=\"1236\" data-end=\"1259\">moralske uniformering<\/em>.<\/p>\n<hr data-start=\"1264\" data-end=\"1267\" \/>\n<h2 data-start=\"1269\" data-end=\"1327\">SYMBOLERNES TILBAGEKOMST \u2013 N\u00c5R ORD BLIVER UNIFORMER<\/h2>\n<p data-start=\"1329\" data-end=\"1532\">I dag g\u00e5r ingen i march p\u00e5 Vesterbrogade.<br data-start=\"1370\" data-end=\"1373\" \/>Men symbolerne er vendt tilbage \u2013 bare med bedre PR.<br data-start=\"1425\" data-end=\"1428\" \/>Flag, tro, \u201cdanske v\u00e6rdier\u201d, \u201cfamilien\u201d, \u201ctrygheden\u201d \u2013 alt sammen bliver brugt som nutidens uniformer.<\/p>\n<p data-start=\"1534\" data-end=\"1854\">N\u00e5r Morten Dahlin lover at st\u00e5 \u201cvagt om fiskekutteren <em data-start=\"1588\" data-end=\"1599\">Elisabeth<\/em>\u201d med \u201c15 friske gutter og en haglb\u00f8sse\u201d,<br data-start=\"1640\" data-end=\"1643\" \/>er det ikke bare et billede p\u00e5 mod \u2013 det er et billede p\u00e5 <strong data-start=\"1701\" data-end=\"1728\">politisk iscenes\u00e6ttelse<\/strong>.<br data-start=\"1729\" data-end=\"1732\" \/>Et nationalt kostume trukket over en partipolitisk kampagne.<br data-start=\"1792\" data-end=\"1795\" \/>Pr\u00e6cis det, man i 1933 kaldte <em data-start=\"1825\" data-end=\"1851\">forr\u00e5else af demokratiet<\/em>.<\/p>\n<p data-start=\"1856\" data-end=\"2184\">Venstre var dengang med til at <strong data-start=\"1887\" data-end=\"1908\">forbyde uniformer<\/strong>.<br data-start=\"1909\" data-end=\"1912\" \/>I dag bruger partiet <strong data-start=\"1933\" data-end=\"1954\">ord som uniformer<\/strong> \u2013 og f\u00e5r folk til at tro, de forsvarer friheden, mens de langsomt indf\u00f8rer en ny moralistisk disciplin.<br data-start=\"2058\" data-end=\"2061\" \/>Det er den samme mekanisme som dengang:<br data-start=\"2100\" data-end=\"2103\" \/>den, der skriger h\u00f8jest om ro og orden, er ofte den, der ryster mest p\u00e5 h\u00e5nden.<\/p>\n<hr data-start=\"2186\" data-end=\"2189\" \/>\n<h2 data-start=\"2191\" data-end=\"2248\">N\u00c5R HISTORIEN GENTAGER SIG \u2013 BLOT MED ANDRE FARVER<\/h2>\n<p data-start=\"2250\" data-end=\"2386\">Uniformsforbuddet var ikke bare et stykke t\u00f8jlov.<br data-start=\"2299\" data-end=\"2302\" \/>Det var et fors\u00f8g p\u00e5 at redde demokratiet fra sig selv.<br data-start=\"2357\" data-end=\"2360\" \/>Og m\u00e5ske er vi d\u00e9r igen.<\/p>\n<p data-start=\"2388\" data-end=\"2610\">For n\u00e5r politikere stiller sig op med symboler, som deler mere end de samler \u2013<br data-start=\"2466\" data-end=\"2469\" \/>n\u00e5r flag, tro og \u201cv\u00e6rdier\u201d bliver brugt til at skabe frygt \u2013<br data-start=\"2529\" data-end=\"2532\" \/>s\u00e5 bliver demokratiet igen et sp\u00f8rgsm\u00e5l om <strong data-start=\"2575\" data-end=\"2607\">bekl\u00e6dning frem for handling<\/strong>.<\/p>\n<p data-start=\"2612\" data-end=\"2842\">I 1933 var det gr\u00f8nne skjorter og armbind.<br data-start=\"2654\" data-end=\"2657\" \/>I 2025 er det slips, talepunkter og partilogoer.<br data-start=\"2705\" data-end=\"2708\" \/>Forskellen er bare, at dengang <strong data-start=\"2739\" data-end=\"2780\">skulle man s\u00f8ge om uniformstilladelse<\/strong>.<br data-start=\"2781\" data-end=\"2784\" \/>I dag bliver man <strong data-start=\"2801\" data-end=\"2840\">bel\u00f8nnet for den p\u00e5 sociale medier.<\/strong><\/p>\n<p>[\/spb_text_block] [spb_text_block animation=&#8221;none&#8221; animation_delay=&#8221;0&#8243; simplified_controls=&#8221;yes&#8221; custom_css_percentage=&#8221;no&#8221; padding_vertical=&#8221;0&#8243; padding_horizontal=&#8221;0&#8243; margin_vertical=&#8221;0&#8243; custom_css=&#8221;margin-top: 0px;margin-bottom: 0px;&#8221; border_size=&#8221;0&#8243; border_styling_global=&#8221;default&#8221; width=&#8221;1\/1&#8243; el_position=&#8221;first last&#8221;]<\/p>\n<h2 data-start=\"160\" data-end=\"197\">FORBEREDT P\u00c5 VEJ MOD DANMARK<\/h2>\n<h4 data-start=\"160\" data-end=\"197\">Startsteder og vej til Danmark<\/h4>\n<p data-start=\"199\" data-end=\"341\"><strong data-start=\"199\" data-end=\"234\">1. Kabul, Afghanistan \u2192 Danmark<\/strong><br data-start=\"234\" data-end=\"237\" \/><a class=\"cursor-pointer\" target=\"_new\" rel=\"noopener\" data-start=\"237\" data-end=\"341\">Se rute fra Kabul til K\u00f8benhavn<\/a><\/p>\n<p data-start=\"343\" data-end=\"475\"><strong data-start=\"343\" data-end=\"372\">2. Bagdad, Irak \u2192 Danmark<\/strong><br data-start=\"372\" data-end=\"375\" \/><a class=\"cursor-pointer\" target=\"_new\" rel=\"noopener\" data-start=\"375\" data-end=\"475\">Se rute fra Bagdad til K\u00f8benhavn<\/a><\/p>\n<p data-start=\"477\" data-end=\"611\"><strong data-start=\"477\" data-end=\"507\">3. Teheran, Iran \u2192 Danmark<\/strong><br data-start=\"507\" data-end=\"510\" \/><a class=\"cursor-pointer\" target=\"_new\" rel=\"noopener\" data-start=\"510\" data-end=\"611\">Se rute fra Teheran til K\u00f8benhavn<\/a><\/p>\n<p data-start=\"613\" data-end=\"761\"><strong data-start=\"613\" data-end=\"658\">4. Gaza\/Gaza\u2011striben, Pal\u00e6stina \u2192 Danmark<\/strong><br data-start=\"658\" data-end=\"661\" \/><a class=\"cursor-pointer\" target=\"_new\" rel=\"noopener\" data-start=\"661\" data-end=\"761\">Se rute fra Gaza til K\u00f8benhavn<\/a><\/p>\n<p data-start=\"763\" data-end=\"900\"><strong data-start=\"763\" data-end=\"795\">5. Beirut, Libanon \u2192 Danmark<\/strong><br data-start=\"795\" data-end=\"798\" \/><a class=\"cursor-pointer\" target=\"_new\" rel=\"noopener\" data-start=\"798\" data-end=\"900\">Se rute fra Beirut til K\u00f8benhavn<\/a><\/p>\n<h2 data-start=\"118\" data-end=\"168\"><strong data-start=\"124\" data-end=\"168\">FORBEREDT P\u00c5 AT FLYGTE \u2013 S\u00d8G MOD DANMARK<\/strong><\/h2>\n<p data-start=\"170\" data-end=\"492\">Danmark har i \u00e5rtier deltaget i krige i jeres hjemlande: Irak, Afghanistan, Libyen \u2013 og nu st\u00f8tter Danmark \u00e5bent krigen i Gaza gennem v\u00e5ben og diplomati. Mette Frederiksen siger, at \u201cvi skal opruste\u201d, og n\u00e6vner kystmissiler, kampdroner og F-35 kampfly. Danmark sender penge og udstyr, mens jeres hjem forsvinder i r\u00f8g.<\/p>\n<p data-start=\"494\" data-end=\"675\">Nu pr\u00f8ver hun at fjerne \u201cskiltet mod Danmark\u201d og lukke d\u00f8ren. Men sandheden er klar: Har Danmark v\u00e6ret med til at \u00f8del\u00e6gge jeres land \u2013 har I ret til at s\u00f8ge mod Danmark.<\/p>\n<blockquote>\n<p data-start=\"677\" data-end=\"868\">\u201cVi skal kunne udvise dem, der med al tydelighed har vist, at de ikke vil Danmark,\u201d siger hun. Men I VIL Danmark \u2013 I s\u00f8ger tryghed, retf\u00e6rdighed, og I kommer med krav, ikke tiggerh\u00e5nd.<\/p>\n<\/blockquote>\n<p data-start=\"870\" data-end=\"1001\"><strong data-start=\"873\" data-end=\"927\">Print PDF-vejviseren mod Danmark \u2013 den kommer her.<\/strong><br data-start=\"927\" data-end=\"930\" \/>Med kort, info og kontaktpunkter \u2013 s\u00e5 I kan rejse sikkert og st\u00e6rkt.<\/p>\n<p data-start=\"1003\" data-end=\"1147\">Vi kalder siden: <strong data-start=\"1020\" data-end=\"1077\">\u201cFORBEREDT\u201d \u2013 FOR DEM, DER ER RAMT AF DANMARKS KRIGE.<\/strong><br data-start=\"1077\" data-end=\"1080\" \/>Vi hj\u00e6lper jer med at finde vej, kr\u00e6ve jeres ret \u2013 og starte p\u00e5 ny.<\/p>\n<p>[\/spb_text_block] [spb_blank_spacer height=&#8221;30px&#8221; width=&#8221;1\/1&#8243; el_position=&#8221;first last&#8221;] [spb_products title=&#8221;PARACORD BRACELETS&#8221; asset_type=&#8221;best-sellers&#8221; category=&#8221;parachute-cord&#8221; display_type=&#8221;gallery-bordered&#8221; display_layout=&#8221;standard&#8221; multi_masonry=&#8221;no&#8221; carousel=&#8221;yes&#8221; fullwidth=&#8221;no&#8221; columns=&#8221;3&#8243; item_count=&#8221;20&#8243; order_by=&#8221;rand&#8221; order=&#8221;DESC&#8221; button_enabled=&#8221;no&#8221; width=&#8221;1\/1&#8243; el_position=&#8221;first last&#8221;] [spb_blank_spacer height=&#8221;30px&#8221; width=&#8221;1\/1&#8243; el_position=&#8221;first last&#8221;] [spb_raw_html width=&#8221;1\/1&#8243; el_position=&#8221;first last&#8221;]JTNDYmxvY2txdW90ZSUyMGNsYXNzJTNEJTIydHdpdHRlci10d2VldCUyMiUyMGRhdGEtdGhlbWUlM0QlMjJkYXJrJTIyJTNFJTNDcCUyMGxhbmclM0QlMjJkYSUyMiUyMGRpciUzRCUyMmx0ciUyMiUzRVNrcmlkJTIwbnUlMjBtZWQlMjBkZW4lMjBvbWdhbmclMjBwaXMlMjBwcm9wYWdhbmRhLiUyMERldCUyMGVyJTIwZW4lMjBrb29yZGluZXJldCUyMGluZHNhdHMlMjBmcmElMjBqJUMzJUI4ZGlza2UlMjBpbnN0aXR1dGlvbmVyJTIwcCVDMyVBNSUyMG9yZHJlJTIwZnJhJTIwSXNyYWVsLiUyMERlJTIwZiVDMyVCOGxnZXIlMjBwciVDMyVBNmNpcyUyMHNhbW1lJTIwbWFudWFsLiUyMEh2YWQlMjBlciUyMGRlJTIwYmFuZ2UlMjBmb3IlM0YlMjBEZSUyMGVyJTIwc2lrcmVyJTIwaGVyJTIwZW5kJTIwbm9nZXQlMjBzdGVkJTIwaSUyMHZlcmRlbiUyQyUyMG9nJTIwZGUlMjBtJUMzJUE1JTIwZyVDMyVCOHIlMjBvcCUyMG1lZCUyMHNpZyUyMHNlbHYlMjBvbSUyMGRlJTIwZXIlMjBqJUMzJUI4ZGVyJTIwZWxsZXIlMjBpc3JhZWxlcmUlM0MlMkZwJTNFJTI2bWRhc2glM0IlMjBPbW5pS25vd2xlZGdlJTIwJTI4JTQwS25vd2xlZGdlTzQxNjM3JTI5JTIwJTNDYSUyMGhyZWYlM0QlMjJodHRwcyUzQSUyRiUyRnR3aXR0ZXIuY29tJTJGS25vd2xlZGdlTzQxNjM3JTJGc3RhdHVzJTJGMTk3OTE2NDMyNTIxNTQyODc3MSUzRnJlZl9zcmMlM0R0d3NyYyUyNTVFdGZ3JTIyJTNFT2N0b2JlciUyMDE3JTJDJTIwMjAyNSUzQyUyRmElM0UlM0MlMkZibG9ja3F1b3RlJTNFJTIwJTNDc2NyaXB0JTIwYXN5bmMlMjBzcmMlM0QlMjJodHRwcyUzQSUyRiUyRnBsYXRmb3JtLnR3aXR0ZXIuY29tJTJGd2lkZ2V0cy5qcyUyMiUyMGNoYXJzZXQlM0QlMjJ1dGYtOCUyMiUzRSUzQyUyRnNjcmlwdCUzRQ==[\/spb_raw_html] [spb_blank_spacer height=&#8221;30px&#8221; width=&#8221;1\/1&#8243; el_position=&#8221;first last&#8221;]<\/p>\n","protected":false},"excerpt":{"rendered":"<p>[spb_image image=&#8221;50477&#8243; image_size=&#8221;full&#8221; frame=&#8221;noframe&#8221; caption_pos=&#8221;hover&#8221; remove_rounded=&#8221;yes&#8221; fullwidth=&#8221;no&#8221; overflow_mode=&#8221;none&#8221; link_target=&#8221;_self&#8221; lightbox=&#8221;no&#8221; intro_animation=&#8221;none&#8221; animation_delay=&#8221;200&#8243; width=&#8221;1\/1&#8243; el_position=&#8221;first last&#8221;][\/spb_image] [spb_blank_spacer height=&#8221;30px&#8221; width=&#8221;1\/1&#8243; el_position=&#8221;first last&#8221;] [spb_text_block animation=&#8221;none&#8221; animation_delay=&#8221;0&#8243; simplified_controls=&#8221;yes&#8221; custom_css_percentage=&#8221;no&#8221; padding_vertical=&#8221;0&#8243; padding_horizontal=&#8221;0&#8243; margin_vertical=&#8221;0&#8243; custom_css=&#8221;margin-top: 0px;margin-bottom: 0px;&#8221; border_size=&#8221;0&#8243; border_styling_global=&#8221;default&#8221; width=&#8221;1\/1&#8243; el_position=&#8221;first last&#8221;] ANTISEMITISME I DANMARK \u2013 DEN GAMLE HADTALE I NYT T\u00d8J Jeg er ikke historiker. Jeg er designer og ingeni\u00f8rstuderende.Men jeg er tr\u00e6t af at [&hellip;]<\/p>\n","protected":false},"author":2,"featured_media":50477,"comment_status":"closed","ping_status":"closed","sticky":false,"template":"","format":"standard","meta":{"footnotes":""},"categories":[2262],"tags":[2267,2263,2264,2266,2268,2265],"class_list":["post-33284","post","type-post","status-publish","format-standard","has-post-thumbnail","hentry","category-palaestina","tag-anders-fogh-rasmussen","tag-antisemitisme-betydning","tag-antisemitisme-i-dag","tag-islamofobi","tag-tony-blair","tag-venstre-antisemitisme"],"yoast_head":"<!-- This site is optimized with the Yoast SEO Premium plugin v26.6 (Yoast SEO v27.5) - https:\/\/yoast.com\/product\/yoast-seo-premium-wordpress\/ -->\n<title>Antisemitisme i Danmark \u2013 Fra j\u00f8defrygt til islamofobi<\/title>\n<meta name=\"description\" content=\"Fra antisemitisme i 1930\u2019erne til Islamofobi i 2025. Venstre &amp; Morten Dahlin genbruger historien, bare med nye fjender &amp; gamle undskyldninger\" \/>\n<meta name=\"robots\" content=\"index, follow, max-snippet:-1, max-image-preview:large, max-video-preview:-1\" \/>\n<link rel=\"canonical\" href=\"https:\/\/zlcopenhagen.com\/da\/antisemitisme-i-danmark-historie-islamofobi\/\" \/>\n<meta property=\"og:locale\" content=\"da_DK\" \/>\n<meta property=\"og:type\" content=\"article\" \/>\n<meta property=\"og:title\" content=\"ZLCOPENHAGEN: Danish-Punjabi Ethical Menswear\" \/>\n<meta property=\"og:description\" content=\"ZLCOPENHAGEN merges Danish minimalism with Punjabi pride. Ethical menswear with muscle, message, and meaning. Designed with zidd.\" \/>\n<meta property=\"og:url\" content=\"https:\/\/zlcopenhagen.com\/da\/antisemitisme-i-danmark-historie-islamofobi\/\" \/>\n<meta property=\"og:site_name\" content=\"zlcopenhagen.com\" \/>\n<meta property=\"article:published_time\" content=\"2025-06-22T05:39:55+00:00\" \/>\n<meta property=\"article:modified_time\" content=\"2026-01-22T07:17:39+00:00\" \/>\n<meta property=\"og:image\" content=\"https:\/\/zlcopenhagen.com\/wp-content\/uploads\/2025\/06\/venstre-vaerdikamp-satire-morten-dahlin-jagtfrakke.webp\" \/>\n\t<meta property=\"og:image:width\" content=\"1536\" \/>\n\t<meta property=\"og:image:height\" content=\"1024\" \/>\n\t<meta property=\"og:image:type\" content=\"image\/webp\" \/>\n<meta name=\"author\" content=\"ZLC Team\" \/>\n<meta name=\"twitter:card\" content=\"summary_large_image\" \/>\n<meta name=\"twitter:label1\" content=\"Skrevet af\" \/>\n\t<meta name=\"twitter:data1\" content=\"ZLC Team\" \/>\n\t<meta name=\"twitter:label2\" content=\"Estimeret l\u00e6setid\" \/>\n\t<meta name=\"twitter:data2\" content=\"7 minutter\" \/>\n<!-- \/ Yoast SEO Premium plugin. -->","yoast_head_json":{"title":"Antisemitisme i Danmark \u2013 Fra j\u00f8defrygt til islamofobi","description":"Fra antisemitisme i 1930\u2019erne til Islamofobi i 2025. Venstre & Morten Dahlin genbruger historien, bare med nye fjender & gamle undskyldninger","robots":{"index":"index","follow":"follow","max-snippet":"max-snippet:-1","max-image-preview":"max-image-preview:large","max-video-preview":"max-video-preview:-1"},"canonical":"https:\/\/zlcopenhagen.com\/da\/antisemitisme-i-danmark-historie-islamofobi\/","og_locale":"da_DK","og_type":"article","og_title":"ZLCOPENHAGEN: Danish-Punjabi Ethical Menswear","og_description":"ZLCOPENHAGEN merges Danish minimalism with Punjabi pride. Ethical menswear with muscle, message, and meaning. Designed with zidd.","og_url":"https:\/\/zlcopenhagen.com\/da\/antisemitisme-i-danmark-historie-islamofobi\/","og_site_name":"zlcopenhagen.com","article_published_time":"2025-06-22T05:39:55+00:00","article_modified_time":"2026-01-22T07:17:39+00:00","og_image":[{"width":1536,"height":1024,"url":"https:\/\/zlcopenhagen.com\/wp-content\/uploads\/2025\/06\/venstre-vaerdikamp-satire-morten-dahlin-jagtfrakke.webp","type":"image\/webp"}],"author":"ZLC Team","twitter_card":"summary_large_image","twitter_misc":{"Skrevet af":"ZLC Team","Estimeret l\u00e6setid":"7 minutter"},"schema":{"@context":"https:\/\/schema.org","@graph":[{"@type":"Article","@id":"https:\/\/zlcopenhagen.com\/da\/antisemitisme-i-danmark-historie-islamofobi\/#article","isPartOf":{"@id":"https:\/\/zlcopenhagen.com\/da\/antisemitisme-i-danmark-historie-islamofobi\/"},"author":{"name":"ZLC Team","@id":"https:\/\/zlcopenhagen.com\/#\/schema\/person\/c7ce5649957ac4c1258910e89f0f5fb3"},"headline":"ANTISEMITISME I DANMARK \u2013 DEN GAMLE HADTALE I NYT T\u00d8J","datePublished":"2025-06-22T05:39:55+00:00","dateModified":"2026-01-22T07:17:39+00:00","mainEntityOfPage":{"@id":"https:\/\/zlcopenhagen.com\/da\/antisemitisme-i-danmark-historie-islamofobi\/"},"wordCount":1901,"publisher":{"@id":"https:\/\/zlcopenhagen.com\/#organization"},"image":{"@id":"https:\/\/zlcopenhagen.com\/da\/antisemitisme-i-danmark-historie-islamofobi\/#primaryimage"},"thumbnailUrl":"https:\/\/zlcopenhagen.com\/wp-content\/uploads\/2025\/06\/venstre-vaerdikamp-satire-morten-dahlin-jagtfrakke.webp","keywords":["Anders Fogh Rasmussen","antisemitisme betydning","antisemitisme i dag","islamofobi","Tony Blair","Venstre antisemitisme"],"articleSection":["Pal\u00e6stina"],"inLanguage":"da-DK","copyrightYear":"2025","copyrightHolder":{"@id":"https:\/\/zlcopenhagen.com\/#organization"}},{"@type":"WebPage","@id":"https:\/\/zlcopenhagen.com\/da\/antisemitisme-i-danmark-historie-islamofobi\/","url":"https:\/\/zlcopenhagen.com\/da\/antisemitisme-i-danmark-historie-islamofobi\/","name":"Antisemitisme i Danmark \u2013 Fra j\u00f8defrygt til islamofobi","isPartOf":{"@id":"https:\/\/zlcopenhagen.com\/#website"},"primaryImageOfPage":{"@id":"https:\/\/zlcopenhagen.com\/da\/antisemitisme-i-danmark-historie-islamofobi\/#primaryimage"},"image":{"@id":"https:\/\/zlcopenhagen.com\/da\/antisemitisme-i-danmark-historie-islamofobi\/#primaryimage"},"thumbnailUrl":"https:\/\/zlcopenhagen.com\/wp-content\/uploads\/2025\/06\/venstre-vaerdikamp-satire-morten-dahlin-jagtfrakke.webp","datePublished":"2025-06-22T05:39:55+00:00","dateModified":"2026-01-22T07:17:39+00:00","description":"Fra antisemitisme i 1930\u2019erne til Islamofobi i 2025. Venstre & Morten Dahlin genbruger historien, bare med nye fjender & gamle undskyldninger","breadcrumb":{"@id":"https:\/\/zlcopenhagen.com\/da\/antisemitisme-i-danmark-historie-islamofobi\/#breadcrumb"},"inLanguage":"da-DK","potentialAction":[{"@type":"ReadAction","target":["https:\/\/zlcopenhagen.com\/da\/antisemitisme-i-danmark-historie-islamofobi\/"]}]},{"@type":"ImageObject","inLanguage":"da-DK","@id":"https:\/\/zlcopenhagen.com\/da\/antisemitisme-i-danmark-historie-islamofobi\/#primaryimage","url":"https:\/\/zlcopenhagen.com\/wp-content\/uploads\/2025\/06\/venstre-vaerdikamp-satire-morten-dahlin-jagtfrakke.webp","contentUrl":"https:\/\/zlcopenhagen.com\/wp-content\/uploads\/2025\/06\/venstre-vaerdikamp-satire-morten-dahlin-jagtfrakke.webp","width":1536,"height":1024,"caption":"Satirisk illustration af Morten Dahlin og Venstre \u2013 'V\u00e6rdikamp 2.0', n\u00e5r historien gentager sig i jagtfrakke \u2013 symbol p\u00e5 dansk politisk nostalgi og nationalismens tilbagekomst."},{"@type":"BreadcrumbList","@id":"https:\/\/zlcopenhagen.com\/da\/antisemitisme-i-danmark-historie-islamofobi\/#breadcrumb","itemListElement":[{"@type":"ListItem","position":1,"name":"Home","item":"https:\/\/zlcopenhagen.com\/da\/"},{"@type":"ListItem","position":2,"name":"ANTISEMITISME I DANMARK \u2013 DEN GAMLE HADTALE I NYT T\u00d8J"}]},{"@type":"WebSite","@id":"https:\/\/zlcopenhagen.com\/#website","url":"https:\/\/zlcopenhagen.com\/","name":"zlcopenhagen.com","description":"","publisher":{"@id":"https:\/\/zlcopenhagen.com\/#organization"},"potentialAction":[{"@type":"SearchAction","target":{"@type":"EntryPoint","urlTemplate":"https:\/\/zlcopenhagen.com\/?s={search_term_string}"},"query-input":{"@type":"PropertyValueSpecification","valueRequired":true,"valueName":"search_term_string"}}],"inLanguage":"da-DK"},{"@type":["Organization","Place"],"@id":"https:\/\/zlcopenhagen.com\/#organization","name":"ZLCOPENHAGEN","alternateName":"ZLCOPENHAGEN","url":"https:\/\/zlcopenhagen.com\/","logo":{"@id":"https:\/\/zlcopenhagen.com\/da\/antisemitisme-i-danmark-historie-islamofobi\/#local-main-organization-logo"},"image":{"@id":"https:\/\/zlcopenhagen.com\/da\/antisemitisme-i-danmark-historie-islamofobi\/#local-main-organization-logo"},"sameAs":["https:\/\/www.youtube.com\/channel\/UCy7JINwB6DMr2fA9yHpDQJg"],"telephone":[],"openingHoursSpecification":[{"@type":"OpeningHoursSpecification","dayOfWeek":["Monday","Tuesday","Wednesday","Thursday","Friday","Saturday","Sunday"],"opens":"09:00","closes":"17:00"}]},{"@type":"Person","@id":"https:\/\/zlcopenhagen.com\/#\/schema\/person\/c7ce5649957ac4c1258910e89f0f5fb3","name":"ZLC Team","image":{"@type":"ImageObject","inLanguage":"da-DK","@id":"https:\/\/secure.gravatar.com\/avatar\/bb92a8e9bdde1cf2114b74dce44557ee57d3909986eab1422fc34e9cce350044?s=96&d=mm&r=g","url":"https:\/\/secure.gravatar.com\/avatar\/bb92a8e9bdde1cf2114b74dce44557ee57d3909986eab1422fc34e9cce350044?s=96&d=mm&r=g","contentUrl":"https:\/\/secure.gravatar.com\/avatar\/bb92a8e9bdde1cf2114b74dce44557ee57d3909986eab1422fc34e9cce350044?s=96&d=mm&r=g","caption":"ZLC Team"}},{"@type":"ImageObject","inLanguage":"da-DK","@id":"https:\/\/zlcopenhagen.com\/da\/antisemitisme-i-danmark-historie-islamofobi\/#local-main-organization-logo","url":"https:\/\/zlcopenhagen.com\/wp-content\/uploads\/2016\/05\/blog-logo.jpg","contentUrl":"https:\/\/zlcopenhagen.com\/wp-content\/uploads\/2016\/05\/blog-logo.jpg","width":68,"height":68,"caption":"ZLCOPENHAGEN"}]}},"_links":{"self":[{"href":"https:\/\/zlcopenhagen.com\/da\/wp-json\/wp\/v2\/posts\/33284","targetHints":{"allow":["GET"]}}],"collection":[{"href":"https:\/\/zlcopenhagen.com\/da\/wp-json\/wp\/v2\/posts"}],"about":[{"href":"https:\/\/zlcopenhagen.com\/da\/wp-json\/wp\/v2\/types\/post"}],"author":[{"embeddable":true,"href":"https:\/\/zlcopenhagen.com\/da\/wp-json\/wp\/v2\/users\/2"}],"replies":[{"embeddable":true,"href":"https:\/\/zlcopenhagen.com\/da\/wp-json\/wp\/v2\/comments?post=33284"}],"version-history":[{"count":16,"href":"https:\/\/zlcopenhagen.com\/da\/wp-json\/wp\/v2\/posts\/33284\/revisions"}],"predecessor-version":[{"id":51098,"href":"https:\/\/zlcopenhagen.com\/da\/wp-json\/wp\/v2\/posts\/33284\/revisions\/51098"}],"wp:featuredmedia":[{"embeddable":true,"href":"https:\/\/zlcopenhagen.com\/da\/wp-json\/wp\/v2\/media\/50477"}],"wp:attachment":[{"href":"https:\/\/zlcopenhagen.com\/da\/wp-json\/wp\/v2\/media?parent=33284"}],"wp:term":[{"taxonomy":"category","embeddable":true,"href":"https:\/\/zlcopenhagen.com\/da\/wp-json\/wp\/v2\/categories?post=33284"},{"taxonomy":"post_tag","embeddable":true,"href":"https:\/\/zlcopenhagen.com\/da\/wp-json\/wp\/v2\/tags?post=33284"}],"curies":[{"name":"wp","href":"https:\/\/api.w.org\/{rel}","templated":true}]}}